{"id":210907,"date":"2014-02-27T12:38:18","date_gmt":"2014-02-27T09:38:18","guid":{"rendered":"https:\/\/analyse.optim.biz\/?p=210907"},"modified":"2014-02-27T12:38:18","modified_gmt":"2014-02-27T09:38:18","slug":"crin-antonescu-eu-si-tariceanu-in-turul-doi-la-prezidentiale-ar-fi-o-dovada-de-forta-a-pnl-cum-nici-partidul-lui-putin-nu-a-dovedit-in-rusia","status":"publish","type":"post","link":"https:\/\/analyse.optim.biz\/?p=210907","title":{"rendered":"Crin Antonescu: Eu \u015fi T\u0103riceanu \u00een turul doi la preziden\u0163iale ar fi o dovad\u0103 de for\u0163\u0103 a PNL cum nici partidul lui Putin nu a dovedit \u00een Rusia"},"content":{"rendered":"<div class=\"entry data-app-meta data-app-meta-article\" data-embed-base-url-canonical=\"https:\/\/www.digi24.ro\/embed\/stiri\/actualitate\/politica\/crin-antonescu-eu-si-tariceanu-in-turul-doi-la-prezidentiale-ar-fi-o-dovada-de-forta-a-pnl-cum-nici-partidul-lui-putin-nu-a-dovedit-in-rusia-206840\">\n<p data-index=\"1\">\u201eDac\u0103 e vorba de mine \u00een situa\u0163ia de candidat \u015fi de domnul T\u0103riceanu, candidat al USD, ar fi foarte frumos ca noi doi s\u0103 fim \u00een final\u0103. Ar fi o dovad\u0103 de for\u0163\u0103 a PNL cum nici partidul domnului Putin nu a dovedit \u00een Rusia\u201d, a spus Crin Antonescu.<\/p>\n<p data-index=\"2\">Potrivit acestuia, ca \u015fi contracandidat, Victor Ponta ar fi mai puternic \u015fi cu mai multe resurse dec\u00e2t C\u0103lin Popescu T\u0103riceanu.<\/p>\n<p data-index=\"3\">\u201e\u00cemi pare c\u0103 Victor Ponta e un om politic mai puternic \u015fi cu mai multe resurse dec\u00e2t T\u0103riceanu\u201d, a spus liderul PNL.<span>\u00a0<\/span><\/p>\n<p data-index=\"4\">Premierul <strong><a href=\"https:\/\/www.digi24.ro\/Stiri\/Digi24\/Actualitate\/Politica\/Victor+Ponta+Il+vad+pe+Tariceanu+ca+pe+un+candidat+puternic+la+P\" target=\"_blank\" data-skip-linkfix=\"1\" rel=\"noopener\">Victor Ponta<\/a><\/strong>a spus c\u0103 \u00eel vede pe C\u0103lin Popescu T\u0103riceanu ca pe un candidat puternic pentru Pre\u0219edin\u021bie.<\/p>\n<p data-index=\"5\">Fostul premier liberal <strong><a href=\"https:\/\/www.digi24.ro\/Stiri\/Digi24\/Actualitate\/Politica\/C+P+Tariceanu+Anunt+joi+infiintarea+Partidului+Reformator+Libera\" target=\"_blank\" data-skip-linkfix=\"1\" rel=\"noopener\">C\u0103lin Popescu T\u0103riceanu<\/a><\/strong> a declarat, miercuri sear\u0103, c\u0103 USL trebuie s\u0103 continue, c\u0103 va anun\u0163a joi \u00eenfiin\u0163area unei noi forma\u0163iuni liberale \u015fi c\u0103 este interesat s\u0103 candideze la Pre\u015fedin\u0163ie, fiind convins c\u0103 \u00eel va \u00eenvinge la preziden\u0163iale pe Crin Antonescu.<\/p>\n<p data-index=\"6\">T\u0103riceanu \u015fi-a anun\u0163at, miercuri,<strong><a href=\"https:\/\/www.digi24.ro\/Stiri\/Digi24\/Actualitate\/Politica\/Calin+Popescu+Tariceanu+a+demisionat+din+PNL\" target=\"_blank\" data-skip-linkfix=\"1\" rel=\"noopener\">demisia<\/a><\/strong> din PNL.<\/p>\n<p data-index=\"7\">C\u0103lin Popescu T\u0103riceanu ar face un pas gre\u0219it dac\u0103 ar candida pentru Cotroceni \u00eempotriva lui Crin Antonescu \u0219i nu ar avea nicio \u0219ans\u0103, a declarat miercuri seara, la Digi24, prim-vicepre\u0219edintele PNL,<strong><a href=\"https:\/\/www.digi24.ro\/Stiri\/Digi24\/Actualitate\/Politica\/Iohannis+Tariceanu+n-ar+avea+sanse+daca+ar+candida+la+prezidenti\" target=\"_blank\" data-skip-linkfix=\"1\" rel=\"noopener\"> Klaus Iohannis<\/a><\/strong>.<\/p>\n<\/div>\n<p> Source URL: https:\/\/www.digi24.ro\/stiri\/actualitate\/politica\/crin-antonescu-eu-si-tariceanu-in-turul-doi-la-prezidentiale-ar-fi-o-dovada-de-forta-a-pnl-cum-nici-partidul-lui-putin-nu-a-dovedit-in-rusia-206840<\/p>\n","protected":false},"excerpt":{"rendered":"<p>\u201eDac\u0103 e vorba de mine \u00een situa\u0163ia de candidat \u015fi de domnul T\u0103riceanu, candidat al USD, ar fi foarte frumos ca noi doi s\u0103 fim \u00een final\u0103. Ar fi o dovad\u0103 de for\u0163\u0103 a PNL cum nici partidul domnului Putin nu a dovedit \u00een Rusia\u201d, a spus Crin Antonescu. Potrivit acestuia, ca \u015fi contracandidat, Victor [&hellip;]<\/p>\n","protected":false},"author":1,"featured_media":210908,"comment_status":"open","ping_status":"","sticky":false,"template":"","format":"standard","meta":{"footnotes":""},"categories":[2],"tags":[11],"class_list":["post-210907","post","type-post","status-publish","format-standard","has-post-thumbnail","hentry","category-politics","tag-digi24"],"_links":{"self":[{"href":"https:\/\/analyse.optim.biz\/index.php?rest_route=\/wp\/v2\/posts\/210907","targetHints":{"allow":["GET"]}}],"collection":[{"href":"https:\/\/analyse.optim.biz\/index.php?rest_route=\/wp\/v2\/posts"}],"about":[{"href":"https:\/\/analyse.optim.biz\/index.php?rest_route=\/wp\/v2\/types\/post"}],"author":[{"embeddable":true,"href":"https:\/\/analyse.optim.biz\/index.php?rest_route=\/wp\/v2\/users\/1"}],"replies":[{"embeddable":true,"href":"https:\/\/analyse.optim.biz\/index.php?rest_route=%2Fwp%2Fv2%2Fcomments&post=210907"}],"version-history":[{"count":0,"href":"https:\/\/analyse.optim.biz\/index.php?rest_route=\/wp\/v2\/posts\/210907\/revisions"}],"wp:featuredmedia":[{"embeddable":true,"href":"https:\/\/analyse.optim.biz\/index.php?rest_route=\/wp\/v2\/media\/210908"}],"wp:attachment":[{"href":"https:\/\/analyse.optim.biz\/index.php?rest_route=%2Fwp%2Fv2%2Fmedia&parent=210907"}],"wp:term":[{"taxonomy":"category","embeddable":true,"href":"https:\/\/analyse.optim.biz\/index.php?rest_route=%2Fwp%2Fv2%2Fcategories&post=210907"},{"taxonomy":"post_tag","embeddable":true,"href":"https:\/\/analyse.optim.biz\/index.php?rest_route=%2Fwp%2Fv2%2Ftags&post=210907"}],"curies":[{"name":"wp","href":"https:\/\/api.w.org\/{rel}","templated":true}]}}