{"id":2109033,"date":"2026-08-24T13:46:58","date_gmt":"2026-08-24T10:46:58","guid":{"rendered":"https:\/\/analyse.optim.biz\/?p=2109033"},"modified":"2026-08-24T13:46:58","modified_gmt":"2026-08-24T10:46:58","slug":"sofer-identificat-mort-de-beat-la-volan-dupa-ce-a-fost-observat-conducand-haotic-stiri-suceava","status":"publish","type":"post","link":"https:\/\/analyse.optim.biz\/?p=2109033","title":{"rendered":"\u0218ofer identificat mort de beat la volan dup\u0103 ce a fost observat conduc\u00e2nd haotic &#8211; Stiri Suceava"},"content":{"rendered":"<p>[analyse_image type=&#8221;featured&#8221; src=&#8221;https:\/\/www.informatiata.ro\/wp-content\/uploads\/2026\/08\/etilot-1024&#215;646.jpg&#8221;]<\/p>\n<div class=\"td-post-content tagdiv-type\">\n<div class=\"td-post-featured-image\"><a href=\"https:\/\/www.informatiata.ro\/wp-content\/uploads\/2026\/08\/etilot-scaled.jpg\" data-caption><img loading=\"lazy\" decoding=\"async\" width=\"696\" height=\"439\" class=\"entry-thumb td-modal-image\" src=\"https:\/\/www.informatiata.ro\/wp-content\/uploads\/2026\/08\/etilot-696x439.jpg\" alt title=\"etilot\"><\/a><\/div>\n<p>\u0218ofer identificat mort de beat la volan dup\u0103 ce a fost observat conduc\u00e2nd haotic. <\/p>\n<p>Este vorba despre un b\u0103rbat de 51 de ani din comuna Dorna Arini. <\/p>\n<div class=\"td-a-rec td-a-rec-id-content_inlineright  tdi_7 td_block_template_1\"><img loading=\"lazy\" decoding=\"async\" class=\"aligncenter size-full wp-image-66032\" src=\"https:\/\/www.informatiata.ro\/wp-content\/uploads\/2026\/08\/SAVCOM-MOD.gif\" alt width=\"299\" height=\"250\"><img loading=\"lazy\" decoding=\"async\" class=\"aligncenter size-full wp-image-66032\" src=\"https:\/\/www.informatiata.ro\/wp-content\/uploads\/2026\/08\/SAVCOM-MOD.gif\" alt width=\"299\" height=\"250\"><img loading=\"lazy\" decoding=\"async\" class=\"aligncenter size-full wp-image-66033\" src=\"https:\/\/www.informatiata.ro\/wp-content\/uploads\/2026\/08\/FACOS-3-3.gif\" alt width=\"300\" height=\"250\"><img loading=\"lazy\" decoding=\"async\" class=\"aligncenter size-full wp-image-66033\" src=\"https:\/\/www.informatiata.ro\/wp-content\/uploads\/2026\/08\/FACOS-3-3.gif\" alt width=\"300\" height=\"250\"><\/div>\n<p>Acesta conducea haotic ma\u0219ina, pe DN 17B, \u00een zona \u00een care se desf\u0103\u0219ura evenimentul \u201eParada Cailor\u201d, duminic\u0103. <\/p>\n<p>Un echipaj de poli\u021bie din cadrul Poli\u021biei municipiului Vatra Dornei \u2013 S.P.R. 15, aflat \u00een misiune pentru asigurarea ordinii \u0219i siguran\u021bei publice \u0219i pentru fluidizarea traficului, a observat un autoturism Skoda Fabia care circula haotic pe DN 17B, \u00een comuna Dorna Arini.<\/p>\n<p>Poli\u021bi\u0219tii au oprit autoturismul \u0219i au constatat c\u0103 la volan se afla un b\u0103rbat \u00een v\u00e2rst\u0103 de 51 de ani. <\/p>\n<p>Deoarece acesta mirosea puternic a alcool, a fost solicitat sprijinul unui echipaj din cadrul Compartimentului Rutier.<\/p>\n<p>Testarea cu aparatul etilometru a indicat o valoare de 1,55 mg\/l alcool pur \u00een aerul expirat. <\/p>\n<p>Conduc\u0103torul auto a fost transportat la Spitalul Municipal Vatra Dornei pentru recoltarea de probe biologice de s\u00e2nge, \u00een vederea stabilirii alcoolemiei.<\/p>\n<p>Poli\u021bi\u0219tii au \u00eentocmit un dosar penal pentru conducerea unui vehicul sub influen\u021ba alcoolului, fapt\u0103 prev\u0103zut\u0103 de art. 336 alin. (1) din Codul penal.<\/p>\n<p>\u00cen urma probatoriului administrat, b\u0103rbatul a fost re\u021binut pentru 24 de ore. <\/p>\n<div class=\"td-a-rec td-a-rec-id-content_bottom  td-rec-hide-on-m tdi_8 td_block_template_1\"><img loading=\"lazy\" decoding=\"async\" class=\"aligncenter size-large wp-image-66091\" src=\"https:\/\/www.informatiata.ro\/wp-content\/uploads\/2026\/08\/LEVANT-300-x-250-pixels-2025-1024x852.jpg\" alt width=\"696\" height=\"579\"><img loading=\"lazy\" decoding=\"async\" class=\"aligncenter size-large wp-image-66092\" src=\"https:\/\/www.informatiata.ro\/wp-content\/uploads\/2026\/08\/costume-Japonia-Romania-300-x-250-pixels-2025-1024x888.jpg\" alt width=\"696\" height=\"604\"><\/p>\n<p>\u00a0<\/p><\/div>\n<\/div>\n<p>[analyse_source url=&#8221;https:\/\/www.informatiata.ro\/prins-mort-de-beat-la-volan\/&#8221;]<\/p>\n","protected":false},"excerpt":{"rendered":"<p>[analyse_image type=&#8221;featured&#8221; src=&#8221;https:\/\/www.informatiata.ro\/wp-content\/uploads\/2026\/08\/etilot-1024&#215;646.jpg&#8221;] \u0218ofer identificat mort de beat la volan dup\u0103 ce a fost observat conduc\u00e2nd haotic. Este vorba despre un b\u0103rbat de 51 de ani din comuna Dorna Arini. Acesta conducea haotic ma\u0219ina, pe DN 17B, \u00een zona \u00een care se desf\u0103\u0219ura evenimentul \u201eParada Cailor\u201d, duminic\u0103. Un echipaj de poli\u021bie din cadrul Poli\u021biei municipiului [&hellip;]<\/p>\n","protected":false},"author":1,"featured_media":0,"comment_status":"open","ping_status":"","sticky":false,"template":"","format":"standard","meta":{"footnotes":""},"categories":[89],"tags":[226,167],"class_list":["post-2109033","post","type-post","status-publish","format-standard","hentry","category-romania","tag-crawlmanager","tag-informatiata-ro"],"_links":{"self":[{"href":"https:\/\/analyse.optim.biz\/index.php?rest_route=\/wp\/v2\/posts\/2109033","targetHints":{"allow":["GET"]}}],"collection":[{"href":"https:\/\/analyse.optim.biz\/index.php?rest_route=\/wp\/v2\/posts"}],"about":[{"href":"https:\/\/analyse.optim.biz\/index.php?rest_route=\/wp\/v2\/types\/post"}],"author":[{"embeddable":true,"href":"https:\/\/analyse.optim.biz\/index.php?rest_route=\/wp\/v2\/users\/1"}],"replies":[{"embeddable":true,"href":"https:\/\/analyse.optim.biz\/index.php?rest_route=%2Fwp%2Fv2%2Fcomments&post=2109033"}],"version-history":[{"count":0,"href":"https:\/\/analyse.optim.biz\/index.php?rest_route=\/wp\/v2\/posts\/2109033\/revisions"}],"wp:attachment":[{"href":"https:\/\/analyse.optim.biz\/index.php?rest_route=%2Fwp%2Fv2%2Fmedia&parent=2109033"}],"wp:term":[{"taxonomy":"category","embeddable":true,"href":"https:\/\/analyse.optim.biz\/index.php?rest_route=%2Fwp%2Fv2%2Fcategories&post=2109033"},{"taxonomy":"post_tag","embeddable":true,"href":"https:\/\/analyse.optim.biz\/index.php?rest_route=%2Fwp%2Fv2%2Ftags&post=2109033"}],"curies":[{"name":"wp","href":"https:\/\/api.w.org\/{rel}","templated":true}]}}