{"id":2109003,"date":"2026-08-24T07:38:18","date_gmt":"2026-08-24T04:38:18","guid":{"rendered":"https:\/\/analyse.optim.biz\/?p=2109003"},"modified":"2026-08-24T07:38:18","modified_gmt":"2026-08-24T04:38:18","slug":"lucrari-neobisnuite-la-schitul-rupestru-fundatura-monument-istoric-din-muntii-buzaului-vicepresedintele-cj-buzau-adrian-petre-considera-ca-nu-e-treaba-lui-si-se-spala-pe-maini","status":"publish","type":"post","link":"https:\/\/analyse.optim.biz\/?p=2109003","title":{"rendered":"Lucr\u0103ri neobi\u0219nuite la Schitul rupestru Fund\u0103tura, monument istoric din Mun\u021bii Buz\u0103ului! Vicepre\u0219edintele CJ Buz\u0103u, Adrian Petre, consider\u0103 c\u0103 nu e treaba lui \u0219i SE SPAL\u0102 PE M\u00c2INI"},"content":{"rendered":"<p>[analyse_image type=&#8221;featured&#8221; src=&#8221;https:\/\/gazetabuzoiana.ro\/wp-content\/uploads\/2026\/08\/3-4-scaled.jpeg&#8221;]<\/p>\n<div class=\"entry-content entry clearfix\">\n<p class=\"wp-block-paragraph\">\u00cen Mun\u021bii Buz\u0103ului exist\u0103 unele locuri \u00een care natura \u0219i istoria s-au amestecat \u00eentr-un mod pe care pu\u021bine alte zone din \u021bar\u0103 \u00eel mai p\u0103streaz\u0103. \u00cen zona Nucu\u2013Bozioru se afl\u0103 unul dintre cele mai importante ansambluri de schituri rupestre din Rom\u00e2nia, vestigii s\u0103pate \u00een st\u00e2nc\u0103 \u0219i legate de comunit\u0103\u021bi monahale care au tr\u0103it aici cu sute de ani \u00een urm\u0103.<\/p>\n<p class=\"wp-block-paragraph\">Printre acestea se afl\u0103 \u0219i Schitul rupestru Fund\u0103tura, unul dintre obiectivele care fac parte din Ansamblul schiturilor rupestre din Mun\u021bii Bozioru. Mai concret, nu vorbim despre o st\u00e2nc\u0103 banal\u0103, despre un punct turistic f\u0103r\u0103 statut juridic. Fund\u0103tura este monument istoric clasat, cu codul BZ-II-m-A-02432.01, iar ansamblul din care face parte are codul BZ-II-a-A-02432 \u00een Lista Monumentelor Istorice.<\/p>\n<p class=\"wp-block-paragraph\">\u00cen acest loc au ap\u0103rut \u00eens\u0103, \u00een ultima perioad\u0103, ni\u0219te lucr\u0103ri neobi\u0219nuite, iar p\u00e2n\u0103 la acest moment, \u00een urma document\u0103rii realizate de Gazeta Buzoian\u0103, nu a reie\u0219it c\u0103 exist\u0103 documente, respective avize \u0219i autoriza\u021bii care s\u0103 le \u00eenso\u021beasc\u0103.<\/p>\n<p class=\"wp-block-paragraph\">Un filmule\u021b \u0219i mai multe fotografii au ajuns la redac\u021bia Gazeta Buzoian\u0103. \u00cen imagini se v\u0103d materiale de construc\u021bii depozitate \u00een interiorul \u0219i \u00een apropierea sitului, iar peste zona rupestr\u0103 este montat\u0103 o structur\u0103 din lemn, mai exact un acoperi\u0219.<\/p>\n<p class=\"wp-block-paragraph\">Nu \u0219tim, deocamdat\u0103, cine execut\u0103 lucrarea, cine a comandat-o \u0219i care este scopul exact al acesteia. Tocmai de aceea, \u00eenainte de a trage concluzii, am \u00eencercat s\u0103 afl\u0103m de la autorit\u0103\u021bi ce se \u00eent\u00e2mpl\u0103 acolo.<\/p>\n<h1 class=\"wp-block-heading\">Dup\u0103 patru mandate \u00een func\u021bia de vicepre\u0219edinte al CJ Buz\u0103u, Adrian Petre ne spune: \u201eNu este treaba noastr\u0103\u201d<\/h1>\n<p class=\"wp-block-paragraph\">Primul demers l-am f\u0103cut c\u0103tre vicepre\u0219edintele Consiliului Jude\u021bean Buz\u0103u, Adrian Petre, cel care, \u00een aceast\u0103 perioad\u0103, \u021bine locul pre\u0219edintelui Marcel Ciolacu, aflat \u00een concediu. Fiind persoana care asigur\u0103 conducerea institu\u021biei \u00een absen\u021ba pre\u0219edintelui, am vrut s\u0103 afl\u0103m dac\u0103 administra\u021bia jude\u021bean\u0103 \u0219tie ce se \u00eent\u00e2mpl\u0103 la Fund\u0103tura \u0219i dac\u0103 exist\u0103 documente care s\u0103 justifice interven\u021bia.<\/p>\n<p class=\"wp-block-paragraph\">L-am \u00eentrebat dac\u0103 \u0219tie despre interven\u021bia de la Fund\u0103tura, dac\u0103 aceasta a fost autorizat\u0103, dac\u0103 exist\u0103 un proiect pentru lucr\u0103rile observate \u00een imagini, dac\u0103 au fost ob\u021binute avizele necesare din partea institu\u021biilor care se ocup\u0103 de protejarea patrimoniului \u0219i care este scopul structurii din lemn montate peste zona rupestr\u0103.<\/p>\n<p class=\"wp-block-paragraph\">R\u0103spunsul primit de la Adrian Petre a fost, \u00een esen\u021b\u0103, c\u0103 nu este treaba Consiliului Jude\u021bean (n.r. \u201enu este treaba noastr\u0103\u201d) \u0219i c\u0103, pentru informa\u021bii, trebuie s\u0103 ne adres\u0103m Ministerului Culturi<strong>i<\/strong>, pentru c\u0103, \u00een opinia sa, aceasta este o problem\u0103 care \u021bine de minister.<\/p>\n<p class=\"wp-block-paragraph\">R\u0103spunsul s[u este cu at\u00e2t mai surprinz\u0103tor cu c\u00e2t Adrian Petre ocup\u0103 de aproximativ patru mandate func\u021bia de vicepre\u0219edinte al Consiliului Jude\u021bean Buz\u0103u, a fost \u0219i pre\u0219edinte interimar \u0219i, \u00een aceast\u0103 calitate, are atribu\u021bii \u00een administra\u021bia jude\u021bean\u0103 care includ inclusiv domenii legate de cultur\u0103 \u0219i patrimoniu.<\/p>\n<p class=\"wp-block-paragraph\">ce nu \u0219tie Adrian Petre, dup\u0103 at\u00e2\u021bia ani la c\u00e2rma CJ, este c\u0103 atribu\u021biile Consiliului Jude\u021bean \u00een domeniul culturii \u0219i patrimoniului nu se reduc la ceea ce a l\u0103sat el s\u0103 se \u00een\u021beleag\u0103. Legea administra\u021biei publice locale \u0219i legisla\u021bia privind protejarea monumentelor istorice stabilesc atribu\u021bii concrete pentru autorit\u0103\u021bile administra\u021biei publice jude\u021bene \u00een acest domeniu.<\/p>\n<p class=\"wp-block-paragraph\">Consiliile jude\u021bene asigur\u0103, \u00een condi\u021biile legii, cadrul necesar pentru furnizarea serviciilor publice de interes jude\u021bean privind cultura, iar \u00een materia patrimoniului istoric au responsabilit\u0103\u021bi legate de protejarea \u0219i punerea \u00een valoare a monumentelor istorice aflate \u00een jude\u021b. Legea nr. 422\/2001 prevede, de asemenea, atribu\u021bii pentru autorit\u0103\u021bile administra\u021biei publice locale \u00een ceea ce prive\u0219te protejarea monumentelor istorice \u0219i colaborarea cu serviciile deconcentrate ale Ministerului Culturii.<\/p>\n<p class=\"wp-block-paragraph\">Faptul c\u0103 Ministerul Culturii are competen\u021be \u00een ceea ce prive\u0219te avizarea anumitor interven\u021bii nu \u00eenseamn\u0103 c\u0103 administra\u021bia jude\u021bean\u0103 nu are nicio leg\u0103tur\u0103 cu patrimoniul din jude\u021b. Sunt dou\u0103 lucruri diferite drespre care \u0219i domnia sa ar fi trebuit s\u0103 aib\u0103 habar.<\/p>\n<p class=\"wp-block-paragraph\">\u00cen cazul de fa\u021b\u0103, Consiliul Jude\u021bean nu este autoritatea care emite avizul pentru interven\u021bia de la Fund\u0103tura. Dar r\u0103spunsul c\u0103 situa\u021bia respectiv\u0103 \u201enu este treaba noastr\u0103\u201d trebuie pus \u00een raport cu atribu\u021biile pe care legea le stabile\u0219te administra\u021biei jude\u021bene \u00een domeniul culturii \u0219i patrimoniului.<\/p>\n<p class=\"wp-block-paragraph\">Articolul 48 lit. a) stabile\u0219te pentru consiliile jude\u021bene obliga\u021bia de a coopera cu Direc\u021bia pentru Cultur\u0103 \u0219i de a-i comunica toate informa\u021biile referitoare la monumentele istorice aflate pe teritoriul jude\u021bului. \u00cen cazul de fa\u021b\u0103, Adrian Petre avea obliga\u021bia s\u0103 verifice situa\u021bia \u0219i s\u0103 solicite informa\u021bii de la Direc\u021bia Jude\u021bean\u0103 pentru Cultur\u0103 Buz\u0103u, institu\u021bia de specialitate cu care Consiliul Jude\u021bean are, potrivit legii, obliga\u021bia de a coopera. Mai pe scurt, avea temeiul legal pentru a cere informa\u021bii \u0219i pentru a le transmite institu\u021biei competente.<\/p>\n<p class=\"wp-block-paragraph\">Mai mult, articolul 7 din aceea\u0219i lege stabile\u0219te c\u0103 autorit\u0103\u021bile administra\u021biei publice centrale \u0219i locale colaboreaz\u0103 \u0219i r\u0103spund, dup\u0103 caz, de activitatea de protejare a monumentelor istorice.<\/p>\n<p class=\"wp-block-paragraph\">Pentru a l\u0103muri exact acest aspect, <em>Gazeta Buzoian\u0103<\/em> solicita \u0219i Direc\u021biei Jude\u021bene pentru Cultur\u0103 Buz\u0103u un punct de vedere oficial privind lucrarea, existen\u021ba avizelor \u0219i responsabilit\u0103\u021bile institu\u021biilor implicate, deoarece este important s\u0103 afl\u0103m de ce o interven\u021bie asupra unui monument istoric din jude\u021bul Buz\u0103u nu a ajuns la cuno\u0219tin\u021ba administra\u021biei jude\u021bene, iar dac\u0103 exist\u0103 un proiect aprobat \u0219i toate avizele necesare, atunci aceste documente ar trebui s\u0103 poat\u0103 fi prezentate \u0219i institu\u021biilor care au atribu\u021bii de monitorizare a zonei.<\/p>\n<h1 class=\"wp-block-heading\">Ce statut are Fund\u0103tura<\/h1>\n<p class=\"wp-block-paragraph\"><em><strong>A\u0219a ar\u0103ta schitul rupestru \u00eenainte de \u00eenceperea lucr\u0103rilor:<\/strong><\/em><\/p>\n<figure class=\"wp-block-gallery has-nested-images columns-default is-cropped wp-block-gallery-1 is-layout-flex wp-block-gallery-is-layout-flex\">\n<figure class=\"wp-block-image size-large\"><img decoding=\"async\" loading=\"lazy\" width=\"1024\" height=\"485\" data-id=\"22249\" src=\"https:\/\/gazetabuzoiana.ro\/wp-content\/uploads\/2026\/08\/7-1024x485.jpeg\" alt class=\"wp-image-22249\"><\/figure>\n<figure class=\"wp-block-image size-large\"><img decoding=\"async\" loading=\"lazy\" width=\"1024\" height=\"485\" data-id=\"22246\" src=\"https:\/\/gazetabuzoiana.ro\/wp-content\/uploads\/2026\/08\/4-1-1024x485.jpeg\" alt class=\"wp-image-22246\"><\/figure>\n<\/figure>\n<p class=\"wp-block-paragraph\"><strong><em>A\u0219a arat\u0103 acum:<\/em><\/strong><\/p>\n<figure class=\"wp-block-gallery has-nested-images columns-default is-cropped wp-block-gallery-2 is-layout-flex wp-block-gallery-is-layout-flex\">\n<figure class=\"wp-block-image size-large\"><img decoding=\"async\" loading=\"lazy\" width=\"1024\" height=\"577\" data-id=\"22243\" src=\"https:\/\/gazetabuzoiana.ro\/wp-content\/uploads\/2026\/08\/1-8-1024x577.jpeg\" alt class=\"wp-image-22243\"><\/figure>\n<figure class=\"wp-block-image size-large\"><img decoding=\"async\" loading=\"lazy\" width=\"1024\" height=\"577\" data-id=\"22244\" src=\"https:\/\/gazetabuzoiana.ro\/wp-content\/uploads\/2026\/08\/2-5-1024x577.jpeg\" alt class=\"wp-image-22244\"><\/figure>\n<\/figure>\n<p class=\"wp-block-paragraph\">Schitul rupestru Fund\u0103tura este clasat ca monument istoric \u0219i face parte din ansamblul schiturilor rupestre din Mun\u021bii Bozioru.<\/p>\n<p class=\"wp-block-paragraph\">Zona Nucu\u2013Bozioru este cunoscut\u0103 pentru numeroasele vestigii rupestre, unele amenajate \u00een st\u00e2nc\u0103, altele p\u0103str\u00e2nd urmele unor chilii, biserici sau spa\u021bii de retragere monahal\u0103, iar \u00een acest context, nu trebuie privit\u0103 ca pe o simpl\u0103 forma\u021biune natural\u0103 asupra c\u0103reia se poate interveni dup\u0103 cum consider\u0103 cineva necesar.<\/p>\n<p class=\"wp-block-paragraph\">Mai mult, \u00eentregul areal se afl\u0103 \u00een \u021ainutul Buz\u0103ului, teritoriu recunoscut de UNESCO drept <em>UNESCO Global Geopark<\/em><strong>.<\/strong><\/p>\n<p class=\"wp-block-paragraph\">Individual, nu este un monument \u00eenscris pe Lista Patrimoniului Mondial UNESCO. Statutul UNESCO apar\u021bine geoparcului. \u00cen schimb, Fund\u0103tura are propriul s\u0103u statut juridic de monument istoric, iar protec\u021bia acestuia este reglementat\u0103 de legisla\u021bia rom\u00e2neasc\u0103.<\/p>\n<p class=\"wp-block-paragraph\">Legea nr. 422\/2001 privind protejarea monumentelor istorice stabile\u0219te c\u0103 interven\u021biile asupra monumentelor istorice se fac numai pe baza \u0219i cu respectarea avizului emis de Ministerul Culturii sau, dup\u0103 caz, de serviciile publice deconcentrate ale ministerului.<\/p>\n<p class=\"wp-block-paragraph\">Legea nu se refer\u0103 doar la restaur\u0103ri. Sunt avute \u00een vedere interven\u021bii de construire, consolidare, amenajare, modificare sau punere \u00een valoare, precum \u0219i amplasarea definitiv\u0103 sau temporar\u0103 a unor construc\u021bii de protec\u021bie pe sau \u00een monumentele istorice.<\/p>\n<p class=\"wp-block-paragraph\">\u00cen aceste condi\u021bii, dac\u0103 structura de lemn observat\u0103 la Fund\u0103tura ar fi fost realizat\u0103 cu inten\u021bia de a proteja monumentul de ploaie, z\u0103pad\u0103 sau alte forme de degradare, acest lucru nu \u00eenseamn\u0103 c\u0103 poate fi montat\u0103 f\u0103r\u0103 documenta\u021bie \u0219i f\u0103r\u0103 avizele prev\u0103zute de lege.<\/p>\n<p class=\"wp-block-paragraph\">Tot Legea 422\/2001 stabile\u0219te c\u0103 autoriza\u021biile pentru interven\u021biile asupra monumentelor istorice se emit cu respectarea avizelor Ministerului Culturii, iar \u00een situa\u021biile prev\u0103zute de lege lipsa avizului obligatoriu poate atrage nulitatea autoriza\u021biei.<\/p>\n<p class=\"wp-block-paragraph\">\u00cen func\u021bie de natura exact\u0103 a lucr\u0103rii \u0219i de \u00eencadrarea zonei, pot deveni aplicabile \u0219i prevederile OG nr. 43\/2000 privind protec\u021bia patrimoniului arheologic, care impun, la r\u00e2ndul lor, reguli speciale pentru lucr\u0103rile de construire sau alte interven\u021bii \u00een zonele cu patrimoniu arheologic.<\/p>\n<p class=\"wp-block-paragraph\">Pentru c\u0103 r\u0103spunsul vicepre\u0219edintelui Consiliului Jude\u021bean nu l\u0103mure\u0219te situa\u021bia,<em> Gazeta Buzoian\u0103 <\/em>va continua demersurile.<\/p>\n<p class=\"wp-block-paragraph\">Vom solicita informa\u021bii oficiale de la <strong><em>Direc\u021bia Jude\u021bean\u0103 pentru Cultur\u0103 Buz\u0103u<\/em><\/strong>, institu\u021bia care are atribu\u021bii directe \u00een ceea ce prive\u0219te monumentele istorice din jude\u021b \u0219i care se afl\u0103 chiar \u00een subordinea institu\u021biei pe care o conduce Adrian Petre.<\/p>\n<p class=\"wp-block-paragraph\">Vrem s\u0103 \u0219tim  dac\u0103 a fost solicitat sau emis vreun aviz pentru lucr\u0103rile observate \u00een imagini, dac\u0103 exist\u0103 o documenta\u021bie tehnic\u0103 aprobat\u0103 \u0219i dac\u0103 reprezentan\u021bii institu\u021biei au verificat situa\u021bia din teren.<\/p>\n<p class=\"wp-block-paragraph\">Vom solicita, de asemenea, l\u0103muriri de la Ministerul Culturii, a\u0219a cum ne-a indicat vicepre\u0219edintele CJ Buz\u0103u. Toate acestea pentru a stabili cine a aprobat lucrarea, ce se execut\u0103, \u00een baza c\u0103rui proiect \u0219i cu ce scop.<\/p>\n<p class=\"wp-block-paragraph\">Legea 50\/1991 include lucr\u0103rile de construire, reparare, protejare, restaurare \u0219i conservare a monumentelor istorice \u00een categoria lucr\u0103rilor supuse autoriz\u0103rii, iar interven\u021biile asupra monumentelor sunt supuse unui regim special.<\/p>\n<p class=\"wp-block-paragraph\">Prim\u0103ria Bozioru ne poate informa dac\u0103 exist\u0103 autoriza\u021bie de construire, cine a solicitat-o \u0219i cine figureaz\u0103 drept beneficiar.<\/p>\n<p class=\"wp-block-paragraph\">Gazeta Buzoian\u0103 va reveni cu r\u0103spunsurile Direc\u021biei Jude\u021bene pentru Cultur\u0103 Buz\u0103u \u0219i ale Ministerului Culturii.<\/p>\n<div class=\"post-bottom-meta post-bottom-tags post-tags-modern\">\n<div class=\"post-bottom-meta-title\"> Etichete<\/div>\n<p><span class=\"tagcloud\"><a href=\"https:\/\/gazetabuzoiana.ro\/tag\/adrian-petre\/\" rel=\"tag\">Adrian Petre<\/a><a href=\"https:\/\/gazetabuzoiana.ro\/tag\/bozioru\/\" rel=\"tag\">Bozioru<\/a><a href=\"https:\/\/gazetabuzoiana.ro\/tag\/consiliul-judetean-buzau\/\" rel=\"tag\">Consiliul Jude\u021bean Buz\u0103u<\/a><a href=\"https:\/\/gazetabuzoiana.ro\/tag\/directia-judeteana-pentru-cultura-buzau\/\" rel=\"tag\">Direc\u021bia Jude\u021bean\u0103 pentru Cultur\u0103 Buz\u0103u<\/a><a href=\"https:\/\/gazetabuzoiana.ro\/tag\/fundatura\/\" rel=\"tag\">Fund\u0103tura<\/a><a href=\"https:\/\/gazetabuzoiana.ro\/tag\/lucrari-monument-istoric\/\" rel=\"tag\">lucr\u0103ri monument istoric<\/a><a href=\"https:\/\/gazetabuzoiana.ro\/tag\/marcel-ciolacu\/\" rel=\"tag\">marcel ciolacu<\/a><a href=\"https:\/\/gazetabuzoiana.ro\/tag\/ministerul-culturii\/\" rel=\"tag\">Ministerul Culturii<\/a><a href=\"https:\/\/gazetabuzoiana.ro\/tag\/monument-istoric\/\" rel=\"tag\">monument istoric<\/a><a href=\"https:\/\/gazetabuzoiana.ro\/tag\/monumente-istorice\/\" rel=\"tag\">monumente istorice<\/a><a href=\"https:\/\/gazetabuzoiana.ro\/tag\/muntii-buzaului\/\" rel=\"tag\">Mun\u021bii Buz\u0103ului<\/a><a href=\"https:\/\/gazetabuzoiana.ro\/tag\/nucu\/\" rel=\"tag\">Nucu<\/a><a href=\"https:\/\/gazetabuzoiana.ro\/tag\/patrimoniu-buzau\/\" rel=\"tag\">patrimoniu Buz\u0103u<\/a><a href=\"https:\/\/gazetabuzoiana.ro\/tag\/patrimoniu-cultural\/\" rel=\"tag\">patrimoniu cultural<\/a><a href=\"https:\/\/gazetabuzoiana.ro\/tag\/patrimoniu-rupestru\/\" rel=\"tag\">patrimoniu rupestru<\/a><a href=\"https:\/\/gazetabuzoiana.ro\/tag\/schitul-rupestru-fundatura\/\" rel=\"tag\">Schitul rupestru Fund\u0103tura<\/a><a href=\"https:\/\/gazetabuzoiana.ro\/tag\/schituri-rupestre-buzau\/\" rel=\"tag\">schituri rupestre Buz\u0103u<\/a><a href=\"https:\/\/gazetabuzoiana.ro\/tag\/tinutul-buzaului-2\/\" rel=\"tag\">\u021ainutul Buz\u0103ului<\/a><a href=\"https:\/\/gazetabuzoiana.ro\/tag\/unesco-global-geopark\/\" rel=\"tag\">UNESCO Global Geopark<\/a><\/span><\/div>\n<\/div>\n<p>[analyse_source url=&#8221;https:\/\/gazetabuzoiana.ro\/2026\/08\/24\/lucrari-neobisnuite-la-schitul-rupestru-fundatura-monument-istoric-din-muntii-buzaului-vicepresedintele-cj-buzau-adrian-petre-considera-ca-nu-e-treaba-lui-si-se-spala-pe-maini\/&#8221;]<\/p>\n","protected":false},"excerpt":{"rendered":"<p>[analyse_image type=&#8221;featured&#8221; src=&#8221;https:\/\/gazetabuzoiana.ro\/wp-content\/uploads\/2026\/08\/3-4-scaled.jpeg&#8221;] \u00cen Mun\u021bii Buz\u0103ului exist\u0103 unele locuri \u00een care natura \u0219i istoria s-au amestecat \u00eentr-un mod pe care pu\u021bine alte zone din \u021bar\u0103 \u00eel mai p\u0103streaz\u0103. \u00cen zona Nucu\u2013Bozioru se afl\u0103 unul dintre cele mai importante ansambluri de schituri rupestre din Rom\u00e2nia, vestigii s\u0103pate \u00een st\u00e2nc\u0103 \u0219i legate de comunit\u0103\u021bi monahale care au [&hellip;]<\/p>\n","protected":false},"author":1,"featured_media":0,"comment_status":"open","ping_status":"","sticky":false,"template":"","format":"standard","meta":{"footnotes":""},"categories":[2],"tags":[226,38],"class_list":["post-2109003","post","type-post","status-publish","format-standard","hentry","category-politics","tag-crawlmanager","tag-gazetabuzoiana-ro"],"_links":{"self":[{"href":"https:\/\/analyse.optim.biz\/index.php?rest_route=\/wp\/v2\/posts\/2109003","targetHints":{"allow":["GET"]}}],"collection":[{"href":"https:\/\/analyse.optim.biz\/index.php?rest_route=\/wp\/v2\/posts"}],"about":[{"href":"https:\/\/analyse.optim.biz\/index.php?rest_route=\/wp\/v2\/types\/post"}],"author":[{"embeddable":true,"href":"https:\/\/analyse.optim.biz\/index.php?rest_route=\/wp\/v2\/users\/1"}],"replies":[{"embeddable":true,"href":"https:\/\/analyse.optim.biz\/index.php?rest_route=%2Fwp%2Fv2%2Fcomments&post=2109003"}],"version-history":[{"count":0,"href":"https:\/\/analyse.optim.biz\/index.php?rest_route=\/wp\/v2\/posts\/2109003\/revisions"}],"wp:attachment":[{"href":"https:\/\/analyse.optim.biz\/index.php?rest_route=%2Fwp%2Fv2%2Fmedia&parent=2109003"}],"wp:term":[{"taxonomy":"category","embeddable":true,"href":"https:\/\/analyse.optim.biz\/index.php?rest_route=%2Fwp%2Fv2%2Fcategories&post=2109003"},{"taxonomy":"post_tag","embeddable":true,"href":"https:\/\/analyse.optim.biz\/index.php?rest_route=%2Fwp%2Fv2%2Ftags&post=2109003"}],"curies":[{"name":"wp","href":"https:\/\/api.w.org\/{rel}","templated":true}]}}