{"id":2108999,"date":"2026-08-23T04:26:21","date_gmt":"2026-08-23T01:26:21","guid":{"rendered":"https:\/\/analyse.optim.biz\/?p=2108999"},"modified":"2026-08-23T04:26:21","modified_gmt":"2026-08-23T01:26:21","slug":"modernizarea-drumului-catre-vulcanii-noroiosi-ar-putea-incepe-in-septembrie","status":"publish","type":"post","link":"https:\/\/analyse.optim.biz\/?p=2108999","title":{"rendered":"Modernizarea drumului c\u0103tre Vulcanii Noroio\u0219i ar putea \u00eencepe \u00een septembrie!"},"content":{"rendered":"<p>[analyse_image type=&#8221;featured&#8221; src=&#8221;https:\/\/buzaumedia.ro\/wp-content\/uploads\/2026\/08\/drum.jpghttps:\/\/buzaumedia.ro\/wp-content\/uploads\/2026\/08\/drum.jpg&#8221;]<\/p>\n<div class=\"entry-content rbct clearfix is-highlight-shares\">\n<p>Reabilitarea drumului de 14,6 kilometri, care leag\u0103 Drumul Na\u021bional 10 de<br \/>\nVulcanii Noroio\u0219i, cel mai cunoscut obiectiv turistic din jude\u021bul Buz\u0103u, ar<br \/>\nputea \u00eencepe luna viitoare. Este anun\u021bul pre\u0219edintelui Consiliului<br \/>\nJude\u021bean Buz\u0103u, Marcel Ciolacu, care precizeaz\u0103 c\u0103 \u0219antierul pe Drumul<br \/>\nJude\u021bean 102 F ar urma s\u0103 fie deschis \u00een jurul datei de 1 septembrie.<\/p>\n<p>\u00cenainte de \u00eenceperea lucr\u0103rilor ar mai fi de dep\u0103\u0219it un singur obstacol.<br \/>\nEste vorba despre eliberarea unui aviz tehnic din partea OMV Petrom,<br \/>\ncomapanie care administreaz\u0103 dou\u0103 conducte de gaz natural amplasate pe<br \/>\nDrumul Jude\u021bean 220, de la Berca spre R\u0103te\u0219ti, \u0219i care ar trebui mutate.<\/p>\n<p>Proiectul de modernizare a drumului c\u0103tre Vulcanii Noroio\u0219i a fost lansat<br \/>\n\u00een urm\u0103 cu 3 ani, dar, de-a lungul timpului, s-a lovit de o serie de<br \/>\nblocaje birocratice. Mai mult, au ap\u0103rut \u015fi costuri suplimentare<br \/>\nneprev\u0103zute pentru realizarea investi\u021biei. O ordonan\u021b\u0103 de urgen\u021b\u0103 a obligat<br \/>\nConsiliul Jude\u021bean Buz\u0103u s\u0103 contribuie, din bugetul propriu, cu o<br \/>\ncofinan\u021bare de 20%, adic\u0103 un plus de 10 milioane de lei.<\/p>\n<p>Reabilitarea \u0219oselei de 14,6 kilometri, respectiv Drumul Jude\u021bean 102 F \u0219i<br \/>\nDrumul Jude\u021bean 220 A, pe traseul S\u0103tuc \u2013 Policiori \u2013 Vulcanii Noroio\u0219i, va<br \/>\nfi realizat\u0103 de c\u0103tre o asociere de firme \u0219i va costa aproximativ 313<br \/>\nmilioane de lei. Durata lucr\u0103rilor este de trei ani.<\/p>\n<div id=\"gallery-1\" class=\"gallery galleryid-189309 gallery-columns-3 gallery-size-thumbnail\">\n<figure class=\"gallery-item\">\n<div class=\"gallery-icon landscape\"><a href=\"https:\/\/buzaumedia.ro\/stiri-buzau\/modernizarea-drumului-catre-vulcanii-noroiosi-ar-putea-incepe-in-septembrie\/attachment\/drum-34\/\"><img loading=\"lazy\" decoding=\"async\" width=\"128\" height=\"77\" src=\"https:\/\/buzaumedia.ro\/wp-content\/uploads\/2026\/08\/drum.jpg\" class=\"attachment-thumbnail size-thumbnail\" alt><img decoding=\"async\" loading=\"lazy\" width=\"128\" height=\"77\" src=\"https:\/\/buzaumedia.ro\/wp-content\/uploads\/2026\/08\/drum.jpg\" class=\"attachment-thumbnail size-thumbnail\" alt><\/a><\/div>\n<\/figure>\n<\/div>\n<\/div>\n<p>[analyse_source url=&#8221;https:\/\/buzaumedia.ro\/stiri-buzau\/modernizarea-drumului-catre-vulcanii-noroiosi-ar-putea-incepe-in-septembrie\/&#8221;]<\/p>\n","protected":false},"excerpt":{"rendered":"<p>[analyse_image type=&#8221;featured&#8221; src=&#8221;https:\/\/buzaumedia.ro\/wp-content\/uploads\/2026\/08\/drum.jpghttps:\/\/buzaumedia.ro\/wp-content\/uploads\/2026\/08\/drum.jpg&#8221;] Reabilitarea drumului de 14,6 kilometri, care leag\u0103 Drumul Na\u021bional 10 de Vulcanii Noroio\u0219i, cel mai cunoscut obiectiv turistic din jude\u021bul Buz\u0103u, ar putea \u00eencepe luna viitoare. Este anun\u021bul pre\u0219edintelui Consiliului Jude\u021bean Buz\u0103u, Marcel Ciolacu, care precizeaz\u0103 c\u0103 \u0219antierul pe Drumul Jude\u021bean 102 F ar urma s\u0103 fie deschis \u00een jurul datei de [&hellip;]<\/p>\n","protected":false},"author":1,"featured_media":0,"comment_status":"open","ping_status":"","sticky":false,"template":"","format":"standard","meta":{"footnotes":""},"categories":[2],"tags":[66,226],"class_list":["post-2108999","post","type-post","status-publish","format-standard","hentry","category-politics","tag-buzaumedia-ro","tag-crawlmanager"],"_links":{"self":[{"href":"https:\/\/analyse.optim.biz\/index.php?rest_route=\/wp\/v2\/posts\/2108999","targetHints":{"allow":["GET"]}}],"collection":[{"href":"https:\/\/analyse.optim.biz\/index.php?rest_route=\/wp\/v2\/posts"}],"about":[{"href":"https:\/\/analyse.optim.biz\/index.php?rest_route=\/wp\/v2\/types\/post"}],"author":[{"embeddable":true,"href":"https:\/\/analyse.optim.biz\/index.php?rest_route=\/wp\/v2\/users\/1"}],"replies":[{"embeddable":true,"href":"https:\/\/analyse.optim.biz\/index.php?rest_route=%2Fwp%2Fv2%2Fcomments&post=2108999"}],"version-history":[{"count":0,"href":"https:\/\/analyse.optim.biz\/index.php?rest_route=\/wp\/v2\/posts\/2108999\/revisions"}],"wp:attachment":[{"href":"https:\/\/analyse.optim.biz\/index.php?rest_route=%2Fwp%2Fv2%2Fmedia&parent=2108999"}],"wp:term":[{"taxonomy":"category","embeddable":true,"href":"https:\/\/analyse.optim.biz\/index.php?rest_route=%2Fwp%2Fv2%2Fcategories&post=2108999"},{"taxonomy":"post_tag","embeddable":true,"href":"https:\/\/analyse.optim.biz\/index.php?rest_route=%2Fwp%2Fv2%2Ftags&post=2108999"}],"curies":[{"name":"wp","href":"https:\/\/api.w.org\/{rel}","templated":true}]}}