{"id":210896,"date":"2014-02-27T13:25:05","date_gmt":"2014-02-27T10:25:05","guid":{"rendered":"https:\/\/analyse.optim.biz\/?p=210896"},"modified":"2014-02-27T13:25:05","modified_gmt":"2014-02-27T10:25:05","slug":"victor-ponta-intrebat-daca-va-candida-la-prezidentiale-vreau-sa-raman-prim-ministru-pana-in-2016","status":"publish","type":"post","link":"https:\/\/analyse.optim.biz\/?p=210896","title":{"rendered":"Victor Ponta, \u00eentrebat dac\u0103 va candida la preziden\u0163iale: Vreau s\u0103 r\u0103m\u00e2n prim-ministru p\u00e2n\u0103 \u00een 2016"},"content":{"rendered":"<div class=\"entry data-app-meta data-app-meta-article\" data-embed-base-url-canonical=\"https:\/\/www.digi24.ro\/embed\/stiri\/actualitate\/politica\/victor-ponta-intrebat-daca-va-candida-la-prezidentiale-vreau-sa-raman-prim-ministru-pana-in-2016-206875\">\n<p data-index=\"1\">\u201e<span>Eu vreau s\u0103 r\u0103m\u00e2n prim &#8211; ministru p\u00e2n\u0103 \u00een 2016, s\u0103 \u00eemi \u00eendeplinesc obiectivele ca prim &#8211; ministru \u015fi s\u0103 colaborez cu un pre\u015fedinte diferit de Traian B\u0103sescu\u201d, a spus Victor Ponta, \u00eentrebat dac\u0103 ia \u00een calcul candidatura la preziden\u0163iale.<\/span><\/p>\n<p data-index=\"2\">Totodat\u0103, \u00eentrebat dac\u0103 \u00eel dore\u015fte pe C\u0103lin Popescu T\u0103riceanu \u00een guvern, Ponta a r\u0103spuns: \u201eT\u0103riceanu nu \u00ee\u015fi dore\u015fte s\u0103 fac\u0103 parte din guvernu. Nu c\u0103 nu mi l-a\u015f dori\u201d.<\/p>\n<\/div>\n<p> Source URL: https:\/\/www.digi24.ro\/stiri\/actualitate\/politica\/victor-ponta-intrebat-daca-va-candida-la-prezidentiale-vreau-sa-raman-prim-ministru-pana-in-2016-206875<\/p>\n","protected":false},"excerpt":{"rendered":"<p>\u201eEu vreau s\u0103 r\u0103m\u00e2n prim &#8211; ministru p\u00e2n\u0103 \u00een 2016, s\u0103 \u00eemi \u00eendeplinesc obiectivele ca prim &#8211; ministru \u015fi s\u0103 colaborez cu un pre\u015fedinte diferit de Traian B\u0103sescu\u201d, a spus Victor Ponta, \u00eentrebat dac\u0103 ia \u00een calcul candidatura la preziden\u0163iale. Totodat\u0103, \u00eentrebat dac\u0103 \u00eel dore\u015fte pe C\u0103lin Popescu T\u0103riceanu \u00een guvern, Ponta a r\u0103spuns: \u201eT\u0103riceanu [&hellip;]<\/p>\n","protected":false},"author":1,"featured_media":210897,"comment_status":"open","ping_status":"","sticky":false,"template":"","format":"standard","meta":{"footnotes":""},"categories":[2],"tags":[11],"class_list":["post-210896","post","type-post","status-publish","format-standard","has-post-thumbnail","hentry","category-politics","tag-digi24"],"_links":{"self":[{"href":"https:\/\/analyse.optim.biz\/index.php?rest_route=\/wp\/v2\/posts\/210896","targetHints":{"allow":["GET"]}}],"collection":[{"href":"https:\/\/analyse.optim.biz\/index.php?rest_route=\/wp\/v2\/posts"}],"about":[{"href":"https:\/\/analyse.optim.biz\/index.php?rest_route=\/wp\/v2\/types\/post"}],"author":[{"embeddable":true,"href":"https:\/\/analyse.optim.biz\/index.php?rest_route=\/wp\/v2\/users\/1"}],"replies":[{"embeddable":true,"href":"https:\/\/analyse.optim.biz\/index.php?rest_route=%2Fwp%2Fv2%2Fcomments&post=210896"}],"version-history":[{"count":0,"href":"https:\/\/analyse.optim.biz\/index.php?rest_route=\/wp\/v2\/posts\/210896\/revisions"}],"wp:featuredmedia":[{"embeddable":true,"href":"https:\/\/analyse.optim.biz\/index.php?rest_route=\/wp\/v2\/media\/210897"}],"wp:attachment":[{"href":"https:\/\/analyse.optim.biz\/index.php?rest_route=%2Fwp%2Fv2%2Fmedia&parent=210896"}],"wp:term":[{"taxonomy":"category","embeddable":true,"href":"https:\/\/analyse.optim.biz\/index.php?rest_route=%2Fwp%2Fv2%2Fcategories&post=210896"},{"taxonomy":"post_tag","embeddable":true,"href":"https:\/\/analyse.optim.biz\/index.php?rest_route=%2Fwp%2Fv2%2Ftags&post=210896"}],"curies":[{"name":"wp","href":"https:\/\/api.w.org\/{rel}","templated":true}]}}