{"id":210893,"date":"2014-02-27T17:06:42","date_gmt":"2014-02-27T14:06:42","guid":{"rendered":"https:\/\/analyse.optim.biz\/?p=210893"},"modified":"2014-02-27T17:06:42","modified_gmt":"2014-02-27T14:06:42","slug":"motivul-pentru-care-calin-popescu-tariceanu-a-decis-sa-infiinteze-partidul-reformator-liberal","status":"publish","type":"post","link":"https:\/\/analyse.optim.biz\/?p=210893","title":{"rendered":"Motivul pentru care C\u0103lin Popescu T\u0103riceanu a decis s\u0103 \u00eenfiin\u021beze Partidul Reformator Liberal"},"content":{"rendered":"<div class=\"entry data-app-meta data-app-meta-article\" data-embed-base-url-canonical=\"https:\/\/www.digi24.ro\/embed\/stiri\/actualitate\/politica\/motivul-pentru-care-calin-popescu-tariceanu-a-decis-sa-infiinteze-partidul-reformator-liberal-207050\">\n<p data-index=\"1\"><img decoding=\"async\" src=\"https:\/\/analyse.optim.biz\/wp-content\/uploads\/2024\/09\/nwiynwnlmmuwzwi4owyxotgxyjcwyzcyntyxyzm-thumb_.jpg\" data-skip-htmlfix=\"1\" title=\"nwiynwnlmmuwzwi4owyxotgxyjcwyzcyntyxyzm-thumb_\"><\/p>\n<p data-index=\"2\"><em><strong>Foto: Mediafax<\/strong><\/em><\/p>\n<p data-index=\"3\">\u00cen primul r\u00e2nd, trebuie s\u0103-i aducem \u00eempreun\u0103 pe to\u021bi cei care cred \u00een valorile \u0219i principiile liberale. Cont\u0103m pe sprijinul celor care au convingerea c\u0103 a venit timpul ca Rom\u00e2nia s\u0103 aib\u0103 pentru prima dat\u0103 un pre\u0219edinte liberal\u201d, spune C\u0103lin Popescu T\u0103riceanu, \u00eentr-un comunicat.<\/p>\n<p data-index=\"4\">\u201eAm luat decizia de a crea comitetul de ini\u021biativ\u0103 pentru \u00eenfiin\u021barea Partidului Reformator Liberal, care va coagula \u0219i va organiza la nivel na\u021bional pe to\u021bi care ni se<\/p>\n<p data-index=\"5\">al\u0103tur\u0103. \u00cen perioada imediat urm\u0103toare vom demara inclusiv constituirea grupurilor de ini\u021biativ\u0103 locale\u201d, mai spune fostul lider al PNL. \u00a0<\/p>\n<\/div>\n<p> Source URL: https:\/\/www.digi24.ro\/stiri\/actualitate\/politica\/motivul-pentru-care-calin-popescu-tariceanu-a-decis-sa-infiinteze-partidul-reformator-liberal-207050<\/p>\n","protected":false},"excerpt":{"rendered":"<p>Foto: Mediafax \u00cen primul r\u00e2nd, trebuie s\u0103-i aducem \u00eempreun\u0103 pe to\u021bi cei care cred \u00een valorile \u0219i principiile liberale. Cont\u0103m pe sprijinul celor care au convingerea c\u0103 a venit timpul ca Rom\u00e2nia s\u0103 aib\u0103 pentru prima dat\u0103 un pre\u0219edinte liberal\u201d, spune C\u0103lin Popescu T\u0103riceanu, \u00eentr-un comunicat. \u201eAm luat decizia de a crea comitetul de ini\u021biativ\u0103 [&hellip;]<\/p>\n","protected":false},"author":1,"featured_media":210894,"comment_status":"open","ping_status":"","sticky":false,"template":"","format":"standard","meta":{"footnotes":""},"categories":[2],"tags":[11],"class_list":["post-210893","post","type-post","status-publish","format-standard","has-post-thumbnail","hentry","category-politics","tag-digi24"],"_links":{"self":[{"href":"https:\/\/analyse.optim.biz\/index.php?rest_route=\/wp\/v2\/posts\/210893","targetHints":{"allow":["GET"]}}],"collection":[{"href":"https:\/\/analyse.optim.biz\/index.php?rest_route=\/wp\/v2\/posts"}],"about":[{"href":"https:\/\/analyse.optim.biz\/index.php?rest_route=\/wp\/v2\/types\/post"}],"author":[{"embeddable":true,"href":"https:\/\/analyse.optim.biz\/index.php?rest_route=\/wp\/v2\/users\/1"}],"replies":[{"embeddable":true,"href":"https:\/\/analyse.optim.biz\/index.php?rest_route=%2Fwp%2Fv2%2Fcomments&post=210893"}],"version-history":[{"count":0,"href":"https:\/\/analyse.optim.biz\/index.php?rest_route=\/wp\/v2\/posts\/210893\/revisions"}],"wp:featuredmedia":[{"embeddable":true,"href":"https:\/\/analyse.optim.biz\/index.php?rest_route=\/wp\/v2\/media\/210894"}],"wp:attachment":[{"href":"https:\/\/analyse.optim.biz\/index.php?rest_route=%2Fwp%2Fv2%2Fmedia&parent=210893"}],"wp:term":[{"taxonomy":"category","embeddable":true,"href":"https:\/\/analyse.optim.biz\/index.php?rest_route=%2Fwp%2Fv2%2Fcategories&post=210893"},{"taxonomy":"post_tag","embeddable":true,"href":"https:\/\/analyse.optim.biz\/index.php?rest_route=%2Fwp%2Fv2%2Ftags&post=210893"}],"curies":[{"name":"wp","href":"https:\/\/api.w.org\/{rel}","templated":true}]}}