{"id":210882,"date":"2014-02-27T18:53:53","date_gmt":"2014-02-27T15:53:53","guid":{"rendered":"https:\/\/analyse.optim.biz\/?p=210882"},"modified":"2014-02-27T18:53:53","modified_gmt":"2014-02-27T15:53:53","slug":"conditiile-udmr-pentru-a-participa-la-guvernare","status":"publish","type":"post","link":"https:\/\/analyse.optim.biz\/?p=210882","title":{"rendered":"Condi\u021biile UDMR pentru a participa la guvernare"},"content":{"rendered":"<div class=\"entry data-app-meta data-app-meta-article\" data-embed-base-url-canonical=\"https:\/\/www.digi24.ro\/embed\/stiri\/actualitate\/politica\/conditiile-udmr-pentru-a-participa-la-guvernare-207106\">\n<p data-index=\"1\">Liderul UDMR, Kelemen Hunor a spus c\u0103 Uniunea are \u00een vedere, \u00een timpul negocierilor, trei domenii importante.<\/p>\n<p data-index=\"2\">\u201e<span>Sunt trei domenii importante: drepturile minorit\u0103\u0163ilor &#8211; este un lucru foarte bine \u0219tiut, noi ce g\u00e2nduri avem, e vorba de problemele economice \u015fi sociale &#8211; trebuie s\u0103 \u021binem cont de aceast\u0103 perioad\u0103 \u0219i de problemele oamenilor, indiferent c\u0103 sunt maghiari, rom\u00e2ni, nem\u021bi sau orice alt\u0103 na\u021bionalitate, oamenii au probleme cam la fel \u0219i probleme de infrastructur\u0103\u201d, a declarat Kelemen Hunor, pre\u015fedintele UDMR.\u00a0<\/span><\/p>\n<\/div>\n<p> Source URL: https:\/\/www.digi24.ro\/stiri\/actualitate\/politica\/conditiile-udmr-pentru-a-participa-la-guvernare-207106<\/p>\n","protected":false},"excerpt":{"rendered":"<p>Liderul UDMR, Kelemen Hunor a spus c\u0103 Uniunea are \u00een vedere, \u00een timpul negocierilor, trei domenii importante. \u201eSunt trei domenii importante: drepturile minorit\u0103\u0163ilor &#8211; este un lucru foarte bine \u0219tiut, noi ce g\u00e2nduri avem, e vorba de problemele economice \u015fi sociale &#8211; trebuie s\u0103 \u021binem cont de aceast\u0103 perioad\u0103 \u0219i de problemele oamenilor, indiferent c\u0103 [&hellip;]<\/p>\n","protected":false},"author":1,"featured_media":210883,"comment_status":"open","ping_status":"","sticky":false,"template":"","format":"standard","meta":{"footnotes":""},"categories":[2],"tags":[11],"class_list":["post-210882","post","type-post","status-publish","format-standard","has-post-thumbnail","hentry","category-politics","tag-digi24"],"_links":{"self":[{"href":"https:\/\/analyse.optim.biz\/index.php?rest_route=\/wp\/v2\/posts\/210882","targetHints":{"allow":["GET"]}}],"collection":[{"href":"https:\/\/analyse.optim.biz\/index.php?rest_route=\/wp\/v2\/posts"}],"about":[{"href":"https:\/\/analyse.optim.biz\/index.php?rest_route=\/wp\/v2\/types\/post"}],"author":[{"embeddable":true,"href":"https:\/\/analyse.optim.biz\/index.php?rest_route=\/wp\/v2\/users\/1"}],"replies":[{"embeddable":true,"href":"https:\/\/analyse.optim.biz\/index.php?rest_route=%2Fwp%2Fv2%2Fcomments&post=210882"}],"version-history":[{"count":0,"href":"https:\/\/analyse.optim.biz\/index.php?rest_route=\/wp\/v2\/posts\/210882\/revisions"}],"wp:featuredmedia":[{"embeddable":true,"href":"https:\/\/analyse.optim.biz\/index.php?rest_route=\/wp\/v2\/media\/210883"}],"wp:attachment":[{"href":"https:\/\/analyse.optim.biz\/index.php?rest_route=%2Fwp%2Fv2%2Fmedia&parent=210882"}],"wp:term":[{"taxonomy":"category","embeddable":true,"href":"https:\/\/analyse.optim.biz\/index.php?rest_route=%2Fwp%2Fv2%2Fcategories&post=210882"},{"taxonomy":"post_tag","embeddable":true,"href":"https:\/\/analyse.optim.biz\/index.php?rest_route=%2Fwp%2Fv2%2Ftags&post=210882"}],"curies":[{"name":"wp","href":"https:\/\/api.w.org\/{rel}","templated":true}]}}