{"id":2108816,"date":"2026-08-24T00:00:00","date_gmt":"2026-08-23T21:00:00","guid":{"rendered":"https:\/\/analyse.optim.biz\/?p=2108816"},"modified":"2026-08-24T00:00:00","modified_gmt":"2026-08-23T21:00:00","slug":"edition-limitee-la-911-gt3-shabille-aux-couleurs-du-nurburgring","status":"publish","type":"post","link":"https:\/\/analyse.optim.biz\/?p=2108816","title":{"rendered":"\u00c9dition limit\u00e9e\u00a0: la 911 GT3 s\u2019habille aux couleurs du N\u00fcrburgring"},"content":{"rendered":"<div id=\"brxe-lipmib\" class=\"brxe-post-content\">\n<p><strong>\u00c0 l\u2019approche du centenaire du N\u00fcrburgring en 2027, Porsche d\u00e9voile une \u00e9dition sp\u00e9ciale de la 911 GT3 enti\u00e8rement pens\u00e9e autour de la l\u00e9gendaire Nordschleife.\u00a0<\/strong><\/p>\n<h2>Une Porsche en s\u00e9rie limit\u00e9e pour f\u00eater le centenaire<\/h2>\n<p>\u00ab\u00a0<em>Il y\u00a0a un peu du N\u00fcrburgring dans chaque Porsche, et particuli\u00e8rement dans cette \u00e9dition <\/em>\u00bb, Robert Ader, CEO de Porsche Allemagne,<\/p>\n<p>En 2027, le N\u00fcrburgring soufflera sa centi\u00e8me bougie et peu de circuits au monde peuvent se targuer d\u2019un tel prestige, car aucun n\u2019est aussi intimement li\u00e9 \u00e0\u00a0l\u2019histoire de Porsche que la Nordschleife. Pour c\u00e9l\u00e9brer cet anniversaire, la marque a\u00a0choisi de rendre hommage \u00e0\u00a0ce terrain d\u2019entra\u00eenement historique \u00e0\u00a0travers une s\u00e9rie sp\u00e9ciale de la <a href=\"https:\/\/www.flat6mag.com\/actualite\/porsche-presente-les-nouvelle-911-992-gt3\/\">911 GT3<\/a>, baptis\u00e9e tr\u00e8s sobrement \u00ab\u00a0<em>100 Jahre N\u00fcrburgring<\/em>\u00a0\u00bb. Le mod\u00e8le vient tout juste d\u2019\u00eatre d\u00e9voil\u00e9 lors de la Porsche Sixt <a href=\"https:\/\/www.flat6mag.com\/actualite\/la-porsche-carrera-cup-france-leve-le-voile-sur-son-calendrier-2026\/\">Carrera Cup<\/a> Deutschland sur le circuit allemand, les commandes pour le mod\u00e8le ouvriront d\u00e8s la rentr\u00e9e mais seulement 100 exemplaires sont pr\u00e9vus \u00e0\u00a0destination du march\u00e9 germanique. Pour aller plus loin, Porsche indique que les futurs acqu\u00e9reurs de cette GT3 b\u00e9n\u00e9ficieront de l\u2019exp\u00e9rience <em>Sonderwunsch Manthey<\/em>.<\/p>\n<p><img loading=\"lazy\" decoding=\"async\" class=\"alignnone wp-image-65196\" src=\"https:\/\/www.flat6mag.com\/wp-content\/uploads\/2026\/08\/porsche-911-gt3-nurb53_6000x3376-1-300x169.jpg\" alt=\"porsche 911 gt3 nurb&apos;\" width=\"1014\" height=\"571\"><\/p>\n<h2>L\u2019ext\u00e9rieur de la 911 GT3\u00a0: un hommage \u00e0\u00a0l\u2019Enfer Vert<\/h2>\n<p>Deux teintes de carrosserie sont propos\u00e9es\u00a0: le blanc, couleur neutre traditionnellement utilis\u00e9e par les \u00e9curies de course pour laisser place aux sponsors, et le GT Silver Metallic, inspir\u00e9 des 911 Cup. Sur les deux versions, des touches de vert viennent rappeler le surnom donn\u00e9 \u00e0\u00a0la Nordschleife par Sir Jackie Stewart\u00a0: l\u2019Enfer Vert. La face avant et l\u2019habillage arri\u00e8re re\u00e7oivent quant \u00e0\u00a0eux un covering vert, une technique qui \u00e9tait employ\u00e9e par les \u00e9quipes officielles pour distinguer plus facilement leurs voitures en course. Les ailes arborent le logo historique du N\u00fcrburgring, et un num\u00e9ro de course personnalisable (de 0\u00a0\u00e0 999) orne le capot, les portes et la lunette arri\u00e8re, dans une typographie inspir\u00e9e des graffitis que l\u2019on trouve sur les murets du circuit.<br \/>\nDu c\u00f4t\u00e9 des jantes, ces derni\u00e8res sont en aluminium forg\u00e9 et sont peintes en California Gold, tout comme le blason \u00ab\u00a0GT3 100 Jahre N\u00fcrburgring\u00a0\u00bb appos\u00e9 sur les montants de custode. \u00c0\u00a0l\u2019arri\u00e8re, le becquet affiche une inscription Porsche dor\u00e9e sous la casquette, tandis que les flancs verts portent l\u2019embl\u00e8me du N\u00fcrburgring.<br \/>\nEn option, un kit Manthey aux teintes assorties renforce le caract\u00e8re comp\u00e9tition de la 911 GT3. Suspensions modifi\u00e9es, \u00e9l\u00e9ments de freinage optimis\u00e9s et un g\u00e9n\u00e9reux kit a\u00e9rodynamique portent l\u2019appui \u00e0\u00a0540 kilogrammes \u00e0\u00a0285 km\/h.<\/p>\n<p><img loading=\"lazy\" decoding=\"async\" class=\"alignnone wp-image-65197\" src=\"https:\/\/www.flat6mag.com\/wp-content\/uploads\/2026\/08\/porsche-911-gt3-nurb-300x169.jpg\" alt=\"porsche 911 gt3 nurb&apos;\" width=\"1015\" height=\"572\"><\/p>\n<h2>L\u2019habitacle de la 911 GT3<\/h2>\n<p>Comme \u00e0\u00a0notre habitude, lorsqu\u2019une \u00e9dition sp\u00e9ciale est d\u00e9voil\u00e9e par Porsche, nous prenons un malin plaisir \u00e0\u00a0faire la chasse aux d\u00e9tails et aux r\u00e9f\u00e9rences visuelles r\u00e9partis sur et dans la voiture. En entrant dans l\u2019habitacle, l\u2019inscription \u00ab\u00a0Welcome to the Green Hell\u00a0\u00bb accueille le conducteur sur les seuils de portes en aluminium bross\u00e9. Et pour vous rappeler que votre 911 GT3 est bien une \u00e9dition sp\u00e9ciale Nurb\u2019, des projecteurs LED dessinent au sol le trac\u00e9 du circuit \u00e0\u00a0l\u2019ouverture des portes. C\u00f4t\u00e9 mat\u00e9riaux, la sellerie cuir\/Race-Tex noire se m\u00eale \u00e0\u00a0des surpiq\u00fbres noires et une ligne GT Silver cens\u00e9e \u00e9voquer les vibreurs du circuit. L\u2019arceau arri\u00e8re est de son c\u00f4t\u00e9 peint en vert, une teinte que l\u2019on retrouve \u00e9galement sur les si\u00e8ges baquets, o\u00f9 le perforage d\u00e9grad\u00e9 laisse appara\u00eetre un tissu vert en fond. L\u2019appuie-t\u00eate du conducteur porte le logo du N\u00fcrburgring brod\u00e9, celui du passager l\u2019inscription \u00ab\u00a0GT3\u00a0\u00bb. D\u00e9tail que nous appr\u00e9cions particuli\u00e8rement\u00a0: le bouton de s\u00e9lection des modes affiche \u00ab\u00a0Gr\u00fcne H\u00f6lle\u00a0\u00bb (Enfer Vert)\u00a0!<\/p>\n<p><img loading=\"lazy\" decoding=\"async\" class=\"alignnone wp-image-65198\" src=\"https:\/\/www.flat6mag.com\/wp-content\/uploads\/2026\/08\/porsche-911-gt3-nurb66_6000x3376-300x169.jpg\" alt=\"porsche 911 gt3 nurb&apos;\" width=\"1010\" height=\"569\"><\/p>\n<h2>Un si\u00e8cle de complicit\u00e9 entre Porsche et le N\u00fcrburgring<\/h2>\n<p>Plus largement, et depuis les d\u00e9buts de la marque, le N\u00fcrburgring occupe une place centrale dans le d\u00e9veloppement des Porsche. La 550 Spyder y\u00a0dispute l\u2019Eifelrennen d\u00e8s 1953, ann\u00e9e o\u00f9 na\u00eet \u00e9galement le moteur Type 547, futur \u00ab\u00a0moteur Fuhrmann\u00a0\u00bb \u00e0\u00a0l\u2019origine du nom Carrera. Suivront la victoire des 1\u00a0000 kilom\u00e8tres avec la 910 en 1967, le tour record de Stefan Bellof en 1983 (6:11,13 avec la 956), toujours invaincu sur la configuration originelle, et finalement l\u2019impressionnant <a href=\"https:\/\/www.flat6mag.com\/actualite\/porsche-atomise-le-record-du-tour-du-nurburgring\/\">record de Timo Bernhard<\/a> en 2018 en 5:19,546 au volant de la 919 Hybrid Evo.<\/p>\n<p>Consid\u00e9r\u00e9e comme l\u2019un des tests d\u2019endurance les plus exigeants au monde pour un v\u00e9hicule, la Nordschleife reste aujourd\u2019hui encore un passage oblig\u00e9 du programme d\u2019essais Porsche entre mars et octobre, p\u00e9riode \u00e0\u00a0laquelle nous apercevons r\u00e9guli\u00e8rement les futurs mod\u00e8les de la marque.<\/p>\n<div align=\"center\"><button style=\"background-color: transparent;border: 3px solid #000;border-radius: 0.6em;color: #000;cursor: pointer;align-self: center;line-height: 1;margin: 20px;padding: 1.2em 2.8em;text-decoration: none;text-align: center;font-weight: bold\"><a href=\"https:\/\/www.flat6mag.com\/pages\/abonnements.html\">Soyez les premiers \u00e0 tout savoir sur la Porsche et abonnez-vous \u00e0 Flat 6 Magazine\u00a0!<\/a><\/button><\/div>\n<div align=\"center\">Cr\u00e9dit Photo\u00a0: Porsche AG<\/div>\n<\/div>\n","protected":false},"excerpt":{"rendered":"<p>\u00c0 l\u2019approche du centenaire du N\u00fcrburgring en 2027, Porsche d\u00e9voile une \u00e9dition sp\u00e9ciale de la 911 GT3 enti\u00e8rement pens\u00e9e autour de la l\u00e9gendaire Nordschleife.\u00a0 Une Porsche en s\u00e9rie limit\u00e9e pour f\u00eater le centenaire \u00ab\u00a0Il y\u00a0a un peu du N\u00fcrburgring dans chaque Porsche, et particuli\u00e8rement dans cette \u00e9dition \u00bb, Robert Ader, CEO de Porsche Allemagne, En [&hellip;]<\/p>\n","protected":false},"author":1,"featured_media":0,"comment_status":"open","ping_status":"","sticky":false,"template":"","format":"standard","meta":{"footnotes":""},"categories":[1],"tags":[226,273],"class_list":["post-2108816","post","type-post","status-publish","format-standard","hentry","category-uncategorized","tag-crawlmanager","tag-flat6mag-com"],"_links":{"self":[{"href":"https:\/\/analyse.optim.biz\/index.php?rest_route=\/wp\/v2\/posts\/2108816","targetHints":{"allow":["GET"]}}],"collection":[{"href":"https:\/\/analyse.optim.biz\/index.php?rest_route=\/wp\/v2\/posts"}],"about":[{"href":"https:\/\/analyse.optim.biz\/index.php?rest_route=\/wp\/v2\/types\/post"}],"author":[{"embeddable":true,"href":"https:\/\/analyse.optim.biz\/index.php?rest_route=\/wp\/v2\/users\/1"}],"replies":[{"embeddable":true,"href":"https:\/\/analyse.optim.biz\/index.php?rest_route=%2Fwp%2Fv2%2Fcomments&post=2108816"}],"version-history":[{"count":0,"href":"https:\/\/analyse.optim.biz\/index.php?rest_route=\/wp\/v2\/posts\/2108816\/revisions"}],"wp:attachment":[{"href":"https:\/\/analyse.optim.biz\/index.php?rest_route=%2Fwp%2Fv2%2Fmedia&parent=2108816"}],"wp:term":[{"taxonomy":"category","embeddable":true,"href":"https:\/\/analyse.optim.biz\/index.php?rest_route=%2Fwp%2Fv2%2Fcategories&post=2108816"},{"taxonomy":"post_tag","embeddable":true,"href":"https:\/\/analyse.optim.biz\/index.php?rest_route=%2Fwp%2Fv2%2Ftags&post=2108816"}],"curies":[{"name":"wp","href":"https:\/\/api.w.org\/{rel}","templated":true}]}}