{"id":2108708,"date":"2026-08-24T09:55:19","date_gmt":"2026-08-24T06:55:19","guid":{"rendered":"https:\/\/analyse.optim.biz\/?p=2108708"},"modified":"2026-08-24T09:55:19","modified_gmt":"2026-08-24T06:55:19","slug":"aproape-15-milioane-de-britanici-continua-sa-foloseasca-doar-cash-in-ciuda-avansului-platilor-electronice","status":"publish","type":"post","link":"https:\/\/analyse.optim.biz\/?p=2108708","title":{"rendered":"Aproape 1,5 milioane de britanici continu\u0103 s\u0103 foloseasc\u0103 doar cash, \u00een ciuda avansului pl\u0103\u021bilor electronice"},"content":{"rendered":"<p>[analyse_image type=&#8221;featured&#8221; src=&#8221;https:\/\/r3media.ro\/wp-content\/uploads\/2026\/08\/lire-sterline-cash-scaled-e1787564671232.jpghttps:\/\/r3media.ro\/wp-content\/uploads\/2026\/08\/lire-sterline-cash-scaled-e1787564671232.jpg&#8221;]<\/p>\n<article id=\"template-id-109\" class=\"post-109 tdb_templates type-tdb_templates status-publish post\">\n<div id=\"tdi_2\" class=\"tdc-zone\">\n<div class=\"tdc_zone tdi_3  wpb_row td-pb-row\">\n<div id=\"tdi_4\" class=\"tdc-row\">\n<div class=\"vc_row tdi_5  wpb_row td-pb-row\">\n<div class=\"vc_column tdi_7  wpb_column vc_column_container tdc-column td-pb-span8\">\n<div class=\"wpb_wrapper\">\n<div class=\"td_block_wrap tdb_breadcrumbs tdi_8 td-pb-border-top td_block_template_1 tdb-breadcrumbs \" data-td-block-uid=\"tdi_8\">\n<div class=\"tdb-block-inner td-fix-index\"><span><a title=\"Vede\u021bi toate articolele \u00een FEATURED\" class=\"tdb-entry-crumb\" href=\"https:\/\/r3media.ro\/category\/featured\/\">FEATURED<\/a><\/span><span class=\"tdb-bred-no-url-last\">Aproape 1,5 milioane de britanici continu\u0103 s\u0103 foloseasc\u0103 doar cash, \u00een ciuda&#8230;<\/span><\/div>\n<\/div>\n<div class=\"td_block_wrap tdb_single_categories tdi_9 td-pb-border-top td_block_template_1 \" data-td-block-uid=\"tdi_9\">\n<div class=\"tdb-category td-fix-index\"><a class=\"tdb-entry-category\" href=\"https:\/\/r3media.ro\/category\/featured\/\">FEATURED<\/a><a class=\"tdb-entry-category\" href=\"https:\/\/r3media.ro\/category\/stiri\/\">\u0218TIRI<\/a><\/div>\n<\/div>\n<div class=\"td_block_wrap tdb_title tdi_10 tdb-single-title td-pb-border-top td_block_template_1\" data-td-block-uid=\"tdi_10\">\n<div class=\"tdb-block-inner td-fix-index\">\n<h1 class=\"tdb-title-text\">Aproape 1,5 milioane de britanici continu\u0103 s\u0103 foloseasc\u0103 doar cash, \u00een ciuda avansului pl\u0103\u021bilor electronice<\/h1>\n<\/div>\n<\/div>\n<div class=\"vc_row_inner tdi_12  vc_row vc_inner wpb_row td-pb-row\">\n<div class=\"vc_column_inner tdi_14  wpb_column vc_column_container tdc-inner-column td-pb-span12\">\n<div class=\"vc_column-inner\">\n<div class=\"wpb_wrapper\">\n<div class=\"td_block_wrap tdb_single_author tdi_15 td-pb-border-top td_block_template_1 tdb-post-meta\" data-td-block-uid=\"tdi_15\">\n<div class=\"tdb-block-inner td-fix-index\">\n<div class=\"tdb-author-name-wrap\"><a class=\"tdb-author-name\" href=\"https:\/\/r3media.ro\/author\/oana\/\">Oana Ivan<\/a><\/div>\n<\/div>\n<\/div>\n<div class=\"td_block_wrap tdb_single_date tdi_16 td-pb-border-top td_block_template_1 tdb-post-meta\" data-td-block-uid=\"tdi_16\">\n<div class=\"tdb-block-inner td-fix-index\"><time class=\"entry-date updated td-module-date\" datetime=\"2026-08-24T12:55:19+03:00\">24\/08\/2026<\/time><\/div>\n<\/div>\n<\/div>\n<\/div>\n<\/div>\n<\/div>\n<div class=\"td_block_wrap tdb_single_featured_image tdi_17 tdb-content-horiz-left td-pb-border-top td_block_template_1\" data-td-block-uid=\"tdi_17\">\n<div class=\"tdb-block-inner td-fix-index\">\n<figure><figcaption class=\"tdb-caption-text\">Sursa foto:  Unsplash<\/figcaption><\/figure>\n<\/div>\n<\/div>\n<div class=\"wpb_wrapper td_block_wrap vc_raw_html tdi_19 \">\n<div class=\"td-fix-index\"><a href=\"https:\/\/www.google.com\/preferences\/source?q=r3media.ro\" target=\"_blank\" rel=\"noopener nofollow\">Ad\u0103uga\u021bi R3media la sursele preferate din Google<\/a><\/div>\n<\/div>\n<div class=\"td_block_wrap tdb_single_content tdi_20 td-pb-border-top td_block_template_1 td-post-content tagdiv-type\" data-td-block-uid=\"tdi_20\">\n<div class=\"tdb-block-inner td-fix-index\">\n<p><strong>Peste nou\u0103 din zece (91%) adul\u021bi din Marea Britanie au folosit cel pu\u021bin o form\u0103 de servicii bancare online, mobile sau telefonice \u00een 2025. Persoanele care fac doar <a href=\"https:\/\/r3media.ro\/tag\/plati-online-vs-plati-cash\/\" target=\"_blank\" rel=\"noopener\">pl\u0103\u021bi cash<\/a> sunt din ce \u00een ce mai minoritare. Se estimeaz\u0103 c\u0103 numerarul va reprezenta doar 4% din pl\u0103\u021bi p\u00e2n\u0103 \u00een 2035, conform <a href=\"https:\/\/www.birminghammail.co.uk\/news\/midlands-news\/14-million-people-who-prefer-34483898\" target=\"_blank\" rel=\"noopener\">Birmingham Mail<\/a>.<\/strong><\/p>\n<p>\u00cen 2024, propor\u021bia adul\u021bilor care foloseau servicii bancare la distan\u021b\u0103 era de 88%, potrivi Uk Finance.<\/p>\n<p>Utilizarea <a href=\"https:\/\/r3media.ro\/tag\/disparitia-banilor-fizici-numerar\/\" target=\"_blank\" rel=\"noopener\">numerarului<\/a> a sc\u0103zut anul trecut \u0219i se a\u0219teapt\u0103 s\u0103 scad\u0103 \u00een continuare \u00een urm\u0103torul deceniu. Totu\u0219i, nu se \u00eentrevede \u201eo dispari\u021bie\u201d, potrivit raportului.<\/p>\n<h2><strong>Aproape 1,5 milioane de britanici folosesc \u00een principal cash<\/strong><\/h2>\n<p>\u00a0<\/p>\n<p>Aproximativ 1,4 milioane de adul\u021bi din Marea Britanie folosesc \u00een principal numerar pentru cheltuielile zilnice. 19 milioane folosesc numerar o dat\u0103 pe lun\u0103 sau mai rar, conform estim\u0103rilor UK Finance.<\/p>\n<p>\u201eDrept urmare, utilizarea numerarului este \u00een sc\u0103dere. Ceea ce este vital de recunoscut este c\u0103 exist\u0103 milioane de oameni care se bazeaz\u0103 pe cash \u0219i pe serviciile fa\u021b\u0103 \u00een fa\u021b\u0103. Tehnologia nu func\u021bioneaz\u0103 \u00eentotdeauna pentru toat\u0103 lumea \u0219i, pentru at\u00e2t de mul\u021bi, nu exist\u0103 o alternativ\u0103 la numerar.<\/p>\n<p>Pentru cei care se bazeaz\u0103 pe cash \u0219i pentru mul\u021bi al\u021bii, care \u00eenc\u0103 au nevoie de servicii bancare de baz\u0103, suntem \u00eenc\u00e2nta\u021bi s\u0103 implement\u0103m centre bancare \u00een toat\u0103 \u021bara. S-au deschis deja aproape 250\u201d, a declarat Gareth Oakley, director executiv la Cash Access UK.<\/p>\n<p>\u201e\u00cen timp ce pl\u0103\u021bile \u00een numerar sunt \u00een sc\u0103dere, bancomatele continu\u0103 s\u0103 joace un rol dominant \u00een accesul la numerar, deoarece 49,3 milioane de oameni au folosit unul \u00een 2025\u201d, a completat el.<\/p>\n<h2><strong>Cet\u0103\u021benii din Uniunea European\u0103 acumuleaz\u0103 din ce \u00een ce mai mult cash<\/strong><\/h2>\n<p>\u00a0<\/p>\n<p>\u00centre timp, o cercetare a BCE a constatat c\u0103 banii fizici <a href=\"https:\/\/r3media.ro\/europenii-acumuleaza-numerar-bce-bani-fizici-cetateni-avans-plati-electronice\/\" target=\"_blank\" rel=\"noopener\"><strong>r\u0103m\u00e2n esen\u021biali pentru cet\u0103\u021benii din UE<\/strong><\/a>, \u00een ciuda avansului pl\u0103\u021bilor electronice. Cantitatea de numerar \u00een circula\u021bie este \u00een cre\u0219tere, a declarat Philip Lane, economistul-\u0219ef al B\u0103ncii Centrale Europene (BCE).<\/p>\n<p>Peste 31 de miliarde de bancnote sunt \u00een circula\u021bie, comparativ cu 24 de miliarde chiar \u00eenainte de pandemie \u00een 2019. Bancnota de 50 de euro a fost cea mai popular\u0103 \u00een 2025, urmat\u0103 de cea de 100 de euro.<\/p>\n<p>\u00cen ultimii ani, mai multe \u021b\u0103ri din Uniunea European\u0103 au luat m\u0103suri de protec\u021bie a numerarului. Elve\u021bia de exemplu a votat pentru <a href=\"https:\/\/r3media.ro\/elvetia-deputati-votat-pconsfintire-numerar-constitutie\/\" target=\"_blank\" rel=\"noopener\"><strong>consfin\u021birea numerarului \u00een Constitu\u021bie<\/strong><\/a>. Totodat\u0103, numerarul e protejat \u00een <strong><a href=\"https:\/\/r3media.ro\/530-000-de-austrieci-au-cerut-ca-plata-cash-sa-fie-bagata-in-constitutie-dar-nehammer-se-opune-numerarul-este-libertate-tiparita\/\" target=\"_blank\" rel=\"noopener\">Austria<\/a><\/strong>, Suedia \u0219i\u00a0<strong><a href=\"https:\/\/r3media.ro\/norvegia-campioana-plati-electronice-adopta-masuri-plata-numerar-siguranta-cetateni\/\" target=\"_blank\" rel=\"noopener\">Norvegia<\/a><\/strong>.<\/p>\n<div class=\"crp_related     crp-masonry\">\n<h2>\u00ceN CONTEXT<\/h2>\n<ul>\n<li><a href=\"https:\/\/r3media.ro\/fara-tine-in-google-r3media-dispare-iata-ce-poti-face-in-10-secunde\/\" class=\"crp_link post-119031\"><span class=\"crp_title\">F\u0103r\u0103 tine \u00een Google, R3media dispare. Iat\u0103 ce po\u021bi face \u00een 10 secunde<\/span><\/a><\/li>\n<li><a href=\"https:\/\/r3media.ro\/europenii-acumuleaza-numerar-bce-bani-fizici-cetateni-avans-plati-electronice\/\" class=\"crp_link post-121355\"><span class=\"crp_title\">Europenii acumuleaz\u0103 din ce \u00een ce mai mult numerar. BCE constat\u0103 c\u0103 banii fizici r\u0103m\u00e2n\u2026<\/span><\/a><\/li>\n<li><a href=\"https:\/\/r3media.ro\/bnr-recomanda-romani-rezerve-de-cash-atacuri-cibernetice-numerar-relevant-criza\/\" class=\"crp_link post-120512\"><span class=\"crp_title\">BNR le recomand\u0103 rom\u00e2nilor s\u0103 p\u0103streze rezerve de cash: Numerarul se poate dovedi relevant \u00een criz\u0103<\/span><\/a><\/li>\n<li><a href=\"https:\/\/r3media.ro\/uber-introduce-plata-cash-noua-zeelanda-proiect-pilot-companie-acceptare-numerar-clienti\/\" class=\"crp_link post-120843\"><span class=\"crp_title\">Uber introduce plata cash \u00een Noua Zeeland\u0103. Un proiect-pilot a ar\u0103tat companiei c\u0103\u2026<\/span><\/a><\/li>\n<li><a href=\"https:\/\/r3media.ro\/numerarul-uniunea-europeana-impuls-platile-digitale-zona-euro\/\" class=\"crp_link post-121325\"><span class=\"crp_title\">Numerarul se men\u021bine ferm \u00een UE, \u00een ciuda impulsului pentru pl\u0103\u021bile digitale din zona euro<\/span><\/a><\/li>\n<li><a href=\"https:\/\/r3media.ro\/primul-pas-catre-interzicerea-banilor-cash-pasagerii-care-tranziteaza-aeroportul-otopeni-nu-mai-pot-plati-cu-numerar-serviciile-suplimentare\/\" class=\"crp_link post-115991\"><span class=\"crp_title\">Primul pas c\u0103tre interzicerea banilor cash: Pasagerii care tranziteaz\u0103 Aeroportul Otopeni nu\u2026<\/span><\/a><\/li>\n<li><a href=\"https:\/\/r3media.ro\/elvetia-cetatean-lasat-scoata-propriii-bani-banca-cetatenii-revolta-magazine-cafenele-restaurante-nu-accepta-numerarul\/\" class=\"crp_link post-114582\"><span class=\"crp_title\">Elve\u021bia | Un cet\u0103\u021bean nu a fost l\u0103sat s\u0103-\u0219i scoat\u0103 propriii bani din banc\u0103. Cet\u0103\u021benii se\u2026<\/span><\/a><\/li>\n<li><a href=\"https:\/\/r3media.ro\/aur-propune-cresterea-plafonului-platilor-cash-la-50-000-de-lei-pentru-sprijinirea-mediului-de-afaceri\/\" class=\"crp_link post-117127\"><span class=\"crp_title\">AUR propune cresterea plafonului pl\u0103\u021bilor cash la 50.000 de lei pentru sprijinirea mediului\u2026<\/span><\/a><\/li>\n<\/ul>\n<\/div>\n<\/div>\n<\/div>\n<div class=\"td_block_wrap tdb_single_tags tdi_21 td-pb-border-top td_block_template_1\" data-td-block-uid=\"tdi_21\">\n<div class=\"tdb-block-inner td-fix-index\">\n<ul class=\"tdb-tags\">\n<li><span>SUBIECTE FIERBIN\u021aI<\/span><\/li>\n<li><a href=\"https:\/\/r3media.ro\/tag\/disparitia-banilor-fizici-numerar\/\">disparitia banilor fizici (numerar)<\/a><\/li>\n<li><a href=\"https:\/\/r3media.ro\/tag\/marea-britanie\/\">marea britanie<\/a><\/li>\n<li><a href=\"https:\/\/r3media.ro\/tag\/plati-online-vs-plati-cash\/\">plati online vs plati cash<\/a><\/li>\n<\/ul>\n<\/div>\n<\/div>\n<div class=\"td_block_wrap td_block_9 tdi_22 td_with_ajax_pagination td-pb-border-top td_block_template_1 td-column-2 td_block_padding td_block_bot_line\" data-td-block-uid=\"tdi_22\">\n<div class=\"td-block-title-wrap\">\n<h4 class=\"block-title td-block-title\"><span class=\"td-pulldown-size\">CITE\u0218TE MAI MULT<\/span><\/h4>\n<\/div>\n<div id=\"tdi_22\" class=\"td_block_inner\">\n<div class=\"td-block-row\">\n<div class=\"td-block-span6\">\n<div class=\"td_module_8 td_module_wrap\">\n<div class=\"item-details\">\n<h3 class=\"entry-title td-module-title\"><a href=\"https:\/\/r3media.ro\/ultimul-climat\/\" rel=\"bookmark\" title=\"Ultimul climat\u00a0\u00a0\u00a0\u00a0\u00a0\">Ultimul climat\u00a0\u00a0\u00a0\u00a0\u00a0<\/a><\/h3>\n<div class=\"td-module-meta-info\"><a href=\"https:\/\/r3media.ro\/category\/opinii\/\" class=\"td-post-category\">OPINII<\/a><span class=\"td-post-author-name\"><a href=\"https:\/\/r3media.ro\/author\/tru\/\">TRU (Traian Ungureanu)<\/a><span>&#8211;<\/span><\/span><span class=\"td-post-date\"><time class=\"entry-date updated td-module-date\" datetime=\"2026-08-20T19:12:13+03:00\">20\/08\/2026<\/time><\/span><\/div>\n<\/div>\n<\/div>\n<\/div>\n<div class=\"td-block-span6\">\n<div class=\"td_module_8 td_module_wrap\">\n<div class=\"item-details\">\n<h3 class=\"entry-title td-module-title\"><a href=\"https:\/\/r3media.ro\/presedintele-serbiei-razboiul-din-ucraina\/\" rel=\"bookmark\" title=\"Pre\u0219edintele Serbiei nu crede c\u0103 r\u0103zboiul din Ucraina se termin\u0103 cur\u00e2nd: Cred c\u0103 ne afl\u0103m la \u00eenceputul unui r\u0103zboi mult, mult mai mare\">Pre\u0219edintele Serbiei nu crede c\u0103 r\u0103zboiul din Ucraina se termin\u0103 cur\u00e2nd: Cred c\u0103 ne&#8230;<\/a><\/h3>\n<div class=\"td-module-meta-info\"><a href=\"https:\/\/r3media.ro\/category\/actualitate\/\" class=\"td-post-category\">ACTUALITATE<\/a><span class=\"td-post-author-name\"><a href=\"https:\/\/r3media.ro\/author\/teodor_stan\/\">Teodor Stan<\/a><span>&#8211;<\/span><\/span><span class=\"td-post-date\"><time class=\"entry-date updated td-module-date\" datetime=\"2026-08-10T12:22:44+03:00\">10\/08\/2026<\/time><\/span><\/div>\n<\/div>\n<\/div>\n<\/div>\n<\/div>\n<div class=\"td-block-row\">\n<div class=\"td-block-span6\">\n<div class=\"td_module_8 td_module_wrap\">\n<div class=\"item-details\">\n<h3 class=\"entry-title td-module-title\"><a href=\"https:\/\/r3media.ro\/fara-apa-fara-curent-fara-viitor-cum-au-sacrificat-pro-europenii-romania-pe-altarul-ecologiei-ieftine\/\" rel=\"bookmark\" title=\"F\u0103r\u0103 ap\u0103, f\u0103r\u0103 curent, f\u0103r\u0103 viitor: cum au sacrificat pro-europenii Rom\u00e2nia pe altarul ecologiei ieftine\">F\u0103r\u0103 ap\u0103, f\u0103r\u0103 curent, f\u0103r\u0103 viitor: cum au sacrificat pro-europenii Rom\u00e2nia pe altarul ecologiei&#8230;<\/a><\/h3>\n<div class=\"td-module-meta-info\"><a href=\"https:\/\/r3media.ro\/category\/actualitate\/\" class=\"td-post-category\">ACTUALITATE<\/a><span class=\"td-post-author-name\"><a href=\"https:\/\/r3media.ro\/author\/paul_lazar\/\">Paul-Daniel Laz\u0103r<\/a><span>&#8211;<\/span><\/span><span class=\"td-post-date\"><time class=\"entry-date updated td-module-date\" datetime=\"2026-08-08T22:30:54+03:00\">08\/08\/2026<\/time><\/span><\/div>\n<\/div>\n<\/div>\n<\/div>\n<div class=\"td-block-span6\">\n<div class=\"td_module_8 td_module_wrap\">\n<div class=\"item-details\">\n<h3 class=\"entry-title td-module-title\"><a href=\"https:\/\/r3media.ro\/show-iluzie-si-realitate-de-la-the-truman-show-la-son-of-a-rich\/\" rel=\"bookmark\" title=\"Show, iluzie \u0219i realitate: de la The Truman Show la Son of a Rich\">Show, iluzie \u0219i realitate: de la The Truman Show la Son of a Rich<\/a><\/h3>\n<div class=\"td-module-meta-info\"><a href=\"https:\/\/r3media.ro\/category\/actualitate\/\" class=\"td-post-category\">ACTUALITATE<\/a><span class=\"td-post-author-name\"><a href=\"https:\/\/r3media.ro\/author\/costi_balasoiu\/\">Constantin B\u0103l\u0103\u0219oiu<\/a><span>&#8211;<\/span><\/span><span class=\"td-post-date\"><time class=\"entry-date updated td-module-date\" datetime=\"2026-08-08T15:30:25+03:00\">08\/08\/2026<\/time><\/span><\/div>\n<\/div>\n<\/div>\n<\/div>\n<\/div>\n<div class=\"td-block-row\">\n<div class=\"td-block-span6\">\n<div class=\"td_module_8 td_module_wrap\">\n<div class=\"item-details\">\n<h3 class=\"entry-title td-module-title\"><a href=\"https:\/\/r3media.ro\/fani-stapanul-inelelor-surpriza-sezonul-3-sauron\/\" rel=\"bookmark\" title=\"Fanii \u201eSt\u0103p\u00e2nul Inelelor\u201c ar putea avea o surpriz\u0103 \u00een sezonul 3 din serialul \u201eInelele Puterii\u201c. Sauron se va confrunta cu o creatur\u0103 de temut\">Fanii \u201eSt\u0103p\u00e2nul Inelelor\u201c ar putea avea o surpriz\u0103 \u00een sezonul 3 din serialul \u201eInelele&#8230;<\/a><\/h3>\n<div class=\"td-module-meta-info\"><a href=\"https:\/\/r3media.ro\/category\/actualitate\/\" class=\"td-post-category\">ACTUALITATE<\/a><span class=\"td-post-author-name\"><a href=\"https:\/\/r3media.ro\/author\/oana\/\">Oana Ivan<\/a><span>&#8211;<\/span><\/span><span class=\"td-post-date\"><time class=\"entry-date updated td-module-date\" datetime=\"2026-08-08T00:19:31+03:00\">08\/08\/2026<\/time><\/span><\/div>\n<\/div>\n<\/div>\n<\/div>\n<div class=\"td-block-span6\">\n<div class=\"td_module_8 td_module_wrap\">\n<div class=\"item-details\">\n<h3 class=\"entry-title td-module-title\"><a href=\"https:\/\/r3media.ro\/david-popovici-fair-play-sportivi-rusi-competitii\/\" rel=\"bookmark\" title=\"David Popovici, fair-play la revenirea sportivilor ru\u0219i \u00een competi\u021bii: Le urez succes, sper s\u0103 fiu mai bun dec\u00e2t ei\">David Popovici, fair-play la revenirea sportivilor ru\u0219i \u00een competi\u021bii: Le urez succes, sper s\u0103&#8230;<\/a><\/h3>\n<div class=\"td-module-meta-info\"><a href=\"https:\/\/r3media.ro\/category\/actualitate\/\" class=\"td-post-category\">ACTUALITATE<\/a><span class=\"td-post-author-name\"><a href=\"https:\/\/r3media.ro\/author\/redactia\/\">Redac\u021bia<\/a><span>&#8211;<\/span><\/span><span class=\"td-post-date\"><time class=\"entry-date updated td-module-date\" datetime=\"2026-08-07T15:07:51+03:00\">07\/08\/2026<\/time><\/span><\/div>\n<\/div>\n<\/div>\n<\/div>\n<\/div>\n<div class=\"td-block-row\">\n<div class=\"td-block-span6\">\n<div class=\"td_module_8 td_module_wrap\">\n<div class=\"item-details\">\n<h3 class=\"entry-title td-module-title\"><a href=\"https:\/\/r3media.ro\/kia-recheama-service-prima-generatie-masini-electrice-e-niro-risc-incendiu\/\" rel=\"bookmark\" title=\"Kia recheam\u0103 \u00een service prima genera\u021bie de ma\u0219ini electrice e-Niro din cauza riscului de incendiu\">Kia recheam\u0103 \u00een service prima genera\u021bie de ma\u0219ini electrice e-Niro din cauza riscului de&#8230;<\/a><\/h3>\n<div class=\"td-module-meta-info\"><a href=\"https:\/\/r3media.ro\/category\/actualitate\/\" class=\"td-post-category\">ACTUALITATE<\/a><span class=\"td-post-author-name\"><a href=\"https:\/\/r3media.ro\/author\/oana\/\">Oana Ivan<\/a><span>&#8211;<\/span><\/span><span class=\"td-post-date\"><time class=\"entry-date updated td-module-date\" datetime=\"2026-08-06T17:07:42+03:00\">06\/08\/2026<\/time><\/span><\/div>\n<\/div>\n<\/div>\n<\/div>\n<div class=\"td-block-span6\">\n<div class=\"td_module_8 td_module_wrap\">\n<div class=\"item-details\">\n<h3 class=\"entry-title td-module-title\"><a href=\"https:\/\/r3media.ro\/drona-gasita-mare-mamaia-zona-loft-video\/\" rel=\"bookmark\" title=\"VIDEO | O dron\u0103 a fost g\u0103sit\u0103 \u00een mare, \u00een Mamaia, \u00een zona Loft\">VIDEO | O dron\u0103 a fost g\u0103sit\u0103 \u00een mare, \u00een Mamaia, \u00een zona Loft<\/a><\/h3>\n<div class=\"td-module-meta-info\"><a href=\"https:\/\/r3media.ro\/category\/actualitate\/\" class=\"td-post-category\">ACTUALITATE<\/a><span class=\"td-post-author-name\"><a href=\"https:\/\/r3media.ro\/author\/oana\/\">Oana Ivan<\/a><span>&#8211;<\/span><\/span><span class=\"td-post-date\"><time class=\"entry-date updated td-module-date\" datetime=\"2026-08-05T21:48:11+03:00\">05\/08\/2026<\/time><\/span><\/div>\n<\/div>\n<\/div>\n<\/div>\n<\/div>\n<div class=\"td-block-row\">\n<div class=\"td-block-span6\">\n<div class=\"td_module_8 td_module_wrap\">\n<div class=\"item-details\">\n<h3 class=\"entry-title td-module-title\"><a href=\"https:\/\/r3media.ro\/cand-incepe-scoala-in-2026-structura-an-nou-scolar\/\" rel=\"bookmark\" title=\"C\u00e2nd \u00eencepe \u0219coala \u00een 2026: Structura noului an \u0219colar, vacan\u021bele \u0219i zilele libere\">C\u00e2nd \u00eencepe \u0219coala \u00een 2026: Structura noului an \u0219colar, vacan\u021bele \u0219i zilele libere<\/a><\/h3>\n<div class=\"td-module-meta-info\"><a href=\"https:\/\/r3media.ro\/category\/actualitate\/\" class=\"td-post-category\">ACTUALITATE<\/a><span class=\"td-post-author-name\"><a href=\"https:\/\/r3media.ro\/author\/oana\/\">Oana Ivan<\/a><span>&#8211;<\/span><\/span><span class=\"td-post-date\"><time class=\"entry-date updated td-module-date\" datetime=\"2026-08-03T22:23:20+03:00\">03\/08\/2026<\/time><\/span><\/div>\n<\/div>\n<\/div>\n<\/div>\n<div class=\"td-block-span6\">\n<div class=\"td_module_8 td_module_wrap\">\n<div class=\"item-details\">\n<h3 class=\"entry-title td-module-title\"><a href=\"https:\/\/r3media.ro\/tara-europa-norvegia-masini-electrice-inmatriculate-cota-ridicata\/\" rel=\"bookmark\" title=\"\u021aara din Europa unde aproape toate ma\u0219inile \u00eenmatriculate sune electrice. Cota a ajuns la 97,6% \u00een iulie\">\u021aara din Europa unde aproape toate ma\u0219inile \u00eenmatriculate sune electrice. Cota a ajuns la&#8230;<\/a><\/h3>\n<div class=\"td-module-meta-info\"><a href=\"https:\/\/r3media.ro\/category\/actualitate\/\" class=\"td-post-category\">ACTUALITATE<\/a><span class=\"td-post-author-name\"><a href=\"https:\/\/r3media.ro\/author\/oana\/\">Oana Ivan<\/a><span>&#8211;<\/span><\/span><span class=\"td-post-date\"><time class=\"entry-date updated td-module-date\" datetime=\"2026-08-03T17:01:21+03:00\">03\/08\/2026<\/time><\/span><\/div>\n<\/div>\n<\/div>\n<\/div>\n<\/div>\n<div class=\"td-block-row\">\n<div class=\"td-block-span6\">\n<div class=\"td_module_8 td_module_wrap\">\n<div class=\"item-details\">\n<h3 class=\"entry-title td-module-title\"><a href=\"https:\/\/r3media.ro\/puterea-mitologica-instalata-a-romaniei\/\" rel=\"bookmark\" title=\"Puterea mitologic\u0103 instalat\u0103 a Rom\u00e2niei\">Puterea mitologic\u0103 instalat\u0103 a Rom\u00e2niei<\/a><\/h3>\n<div class=\"td-module-meta-info\"><a href=\"https:\/\/r3media.ro\/category\/opinii\/\" class=\"td-post-category\">OPINII<\/a><span class=\"td-post-author-name\"><a href=\"https:\/\/r3media.ro\/author\/tru\/\">TRU (Traian Ungureanu)<\/a><span>&#8211;<\/span><\/span><span class=\"td-post-date\"><time class=\"entry-date updated td-module-date\" datetime=\"2026-08-02T22:08:04+03:00\">02\/08\/2026<\/time><\/span><\/div>\n<\/div>\n<\/div>\n<\/div>\n<div class=\"td-block-span6\">\n<div class=\"td_module_8 td_module_wrap\">\n<div class=\"item-details\">\n<h3 class=\"entry-title td-module-title\"><a href=\"https:\/\/r3media.ro\/hyundai-recheama-service-masini-electrice-inster-risc-incendiu\/\" rel=\"bookmark\" title=\"Hyundai recheam\u0103 \u00een service zeci de mii de ma\u0219ini electrice din cauza riscului de incendiu\">Hyundai recheam\u0103 \u00een service zeci de mii de ma\u0219ini electrice din cauza riscului de&#8230;<\/a><\/h3>\n<div class=\"td-module-meta-info\"><a href=\"https:\/\/r3media.ro\/category\/actualitate\/\" class=\"td-post-category\">ACTUALITATE<\/a><span class=\"td-post-author-name\"><a href=\"https:\/\/r3media.ro\/author\/oana\/\">Oana Ivan<\/a><span>&#8211;<\/span><\/span><span class=\"td-post-date\"><time class=\"entry-date updated td-module-date\" datetime=\"2026-08-02T08:34:05+03:00\">02\/08\/2026<\/time><\/span><\/div>\n<\/div>\n<\/div>\n<\/div>\n<\/div>\n<\/div>\n<div class=\"td-load-more-wrap td-load-more-infinite-wrap\" id=\"infinite-lm-tdi_22\"><a href=\"https:\/\/r3media.ro\/aproape-15-milioane-britanici-utilizare-cash-avans-plati-electronice\/\" class=\"td_ajax_load_more td_ajax_load_more_js\" aria-label=\"\u00cenc\u0103rca\u021bi mai multe\" id=\"next-page-tdi_22\" data-td_block_id=\"tdi_22\">\u00cenc\u0103rca\u021bi mai multe<\/a><\/div>\n<\/div>\n<div class=\"td_block_wrap tdb_single_comments tdi_23 tdb-comm-layout2 td-pb-border-top td_block_template_1\" data-td-block-uid=\"tdi_23\">\n<div class=\"tdb-block-inner td-fix-index\">\n<div class=\"comments\" id=\"comments\">\n<div id=\"respond\" class=\"comment-respond\">\n<h3 id=\"reply-title\" class=\"comment-reply-title\">AI CEVA DE SPUS? <small><a rel=\"nofollow\" id=\"cancel-comment-reply-link\" href=\"https:\/\/r3media.ro\/aproape-15-milioane-britanici-utilizare-cash-avans-plati-electronice\/#respond\">Renun\u021ba\u021bi la r\u0103spuns<\/a><\/small><\/h3>\n<div class=\"comment-form-input-wrap td-form-comment\">\n<div class=\"td-warning-comment\">V\u0103 rug\u0103m s\u0103 introduce\u021bi comentariul dvs.!<\/div>\n<\/div>\n<div class=\"comment-form-input-wrap td-form-author\">\n<div class=\"td-warning-author\">Introduce\u021bi aici numele dvs.<\/div>\n<\/div>\n<div class=\"comment-form-input-wrap td-form-email\">\n<div class=\"td-warning-email-error\">A\u021bi introdus o adres\u0103 de e-mail incorect\u0103!<\/div>\n<div class=\"td-warning-email\">V\u0103 rug\u0103m s\u0103 introduce\u021bi adresa dvs. de e-mail aici<\/div>\n<\/div>\n<\/div>\n<\/div>\n<\/div>\n<\/div>\n<\/div>\n<\/div>\n<div class=\"vc_column tdi_25  wpb_column vc_column_container tdc-column td-pb-span4 td-is-sticky\">\n<div class=\"wpb_wrapper\" data-sticky-enabled-on=\"W3RydWUsdHJ1ZSx0cnVlLHRydWVd\" data-sticky-offset=\"20\" data-sticky-is-width-auto=\"W2ZhbHNlLGZhbHNlLGZhbHNlLGZhbHNlXQ==\">\n<div class=\"wpb_wrapper td_block_wrap vc_widget_sidebar tdi_27 \">\n<div class=\"td_block_wrap td_block_7 td_block_widget tdi_28 td-pb-border-top td_block_template_1 td-column-1 td_block_padding\" data-td-block-uid=\"tdi_28\">\n<div class=\"td-block-title-wrap\">\n<h4 class=\"block-title td-block-title\"><span class=\"td-pulldown-size\">Articole RELA\u021aIONATE<\/span><\/h4>\n<\/div>\n<div id=\"tdi_28\" class=\"td_block_inner\">\n<div class=\"td-block-span12\">\n<div class=\"td_module_6 td_module_wrap td-animation-stack\">\n<div class=\"td-module-thumb\"><a href=\"https:\/\/r3media.ro\/intalnirea-tinerilor-ortodocsi-ito-2026-bucuresti\/\" rel=\"bookmark\" class=\"td-image-wrap \" title=\"\u00cent\u00e2lnirea Tinerilor Ortodoc\u0219i (ITO) 2026: Peste 500 de tineri ortodoc\u0219i str\u0103ini vin la Bucure\u0219ti\"><img loading=\"lazy\" decoding=\"async\" class=\"entry-thumb\" src=\"https:\/\/r3media.ro\/wp-content\/uploads\/2026\/08\/ito-2026-100x70.webp\" alt title=\"\u00cent\u00e2lnirea Tinerilor Ortodoc\u0219i (ITO) 2026: Peste 500 de tineri ortodoc\u0219i str\u0103ini vin la Bucure\u0219ti\" width=\"100\" height=\"70\"><\/a><\/div>\n<div class=\"item-details\">\n<h3 class=\"entry-title td-module-title\"><a href=\"https:\/\/r3media.ro\/intalnirea-tinerilor-ortodocsi-ito-2026-bucuresti\/\" rel=\"bookmark\" title=\"\u00cent\u00e2lnirea Tinerilor Ortodoc\u0219i (ITO) 2026: Peste 500 de tineri ortodoc\u0219i str\u0103ini vin la Bucure\u0219ti\">\u00cent\u00e2lnirea Tinerilor Ortodoc\u0219i (ITO) 2026: Peste 500 de tineri ortodoc\u0219i str\u0103ini&#8230;<\/a><\/h3>\n<div class=\"td-module-meta-info\"><span class=\"td-post-date\"><time class=\"entry-date updated td-module-date\" datetime=\"2026-08-24T14:39:44+03:00\">24\/08\/2026<\/time><\/span><\/div>\n<\/div>\n<\/div>\n<\/div>\n<div class=\"td-block-span12\">\n<div class=\"td_module_6 td_module_wrap td-animation-stack\">\n<div class=\"td-module-thumb\"><a href=\"https:\/\/r3media.ro\/asociatia-parakletos-ong-banci-franci-elvetieni\/\" rel=\"bookmark\" class=\"td-image-wrap \" title=\"Asocia\u021bia Parakletos a disp\u0103rut, oficial. ONG-ul a fost distrus de procesul contra b\u0103ncilor care oferiser\u0103 credite \u00een franci elve\u021bieni\"><img loading=\"lazy\" decoding=\"async\" class=\"entry-thumb\" src=\"https:\/\/r3media.ro\/wp-content\/uploads\/2026\/08\/asociatia-parakletos-100x70.jpg\" alt title=\"Asocia\u021bia Parakletos a disp\u0103rut, oficial. ONG-ul a fost distrus de procesul contra b\u0103ncilor care oferiser\u0103 credite \u00een franci elve\u021bieni\" width=\"100\" height=\"70\"><\/a><\/div>\n<div class=\"item-details\">\n<h3 class=\"entry-title td-module-title\"><a href=\"https:\/\/r3media.ro\/asociatia-parakletos-ong-banci-franci-elvetieni\/\" rel=\"bookmark\" title=\"Asocia\u021bia Parakletos a disp\u0103rut, oficial. ONG-ul a fost distrus de procesul contra b\u0103ncilor care oferiser\u0103 credite \u00een franci elve\u021bieni\">Asocia\u021bia Parakletos a disp\u0103rut, oficial. ONG-ul a fost distrus de procesul&#8230;<\/a><\/h3>\n<div class=\"td-module-meta-info\"><span class=\"td-post-date\"><time class=\"entry-date updated td-module-date\" datetime=\"2026-08-24T11:50:15+03:00\">24\/08\/2026<\/time><\/span><\/div>\n<\/div>\n<\/div>\n<\/div>\n<div class=\"td-block-span12\">\n<div class=\"td_module_6 td_module_wrap td-animation-stack\">\n<div class=\"td-module-thumb\"><a href=\"https:\/\/r3media.ro\/apel-umanitar-diana-ciceu-scolioza-apel-umanitar\/\" rel=\"bookmark\" class=\"td-image-wrap \" title=\"Apel umanitar: La 13 ani, Diana are o scolioz\u0103 de 108 grade. Dou\u0103 opera\u021bii o pot salva, dar cost\u0103 120.000 de euro\"><img loading=\"lazy\" decoding=\"async\" class=\"entry-thumb\" src=\"https:\/\/r3media.ro\/wp-content\/uploads\/2026\/08\/diana-ciceu-salveaza-o-inima-100x70.jpg\" alt title=\"Apel umanitar: La 13 ani, Diana are o scolioz\u0103 de 108 grade. Dou\u0103 opera\u021bii o pot salva, dar cost\u0103 120.000 de euro\" width=\"100\" height=\"70\"><\/a><\/div>\n<div class=\"item-details\">\n<h3 class=\"entry-title td-module-title\"><a href=\"https:\/\/r3media.ro\/apel-umanitar-diana-ciceu-scolioza-apel-umanitar\/\" rel=\"bookmark\" title=\"Apel umanitar: La 13 ani, Diana are o scolioz\u0103 de 108 grade. Dou\u0103 opera\u021bii o pot salva, dar cost\u0103 120.000 de euro\">Apel umanitar: La 13 ani, Diana are o scolioz\u0103 de 108&#8230;<\/a><\/h3>\n<div class=\"td-module-meta-info\"><span class=\"td-post-date\"><time class=\"entry-date updated td-module-date\" datetime=\"2026-08-24T11:07:31+03:00\">24\/08\/2026<\/time><\/span><\/div>\n<\/div>\n<\/div>\n<\/div>\n<div class=\"td-block-span12\">\n<div class=\"td_module_6 td_module_wrap td-animation-stack\">\n<div class=\"td-module-thumb\"><a href=\"https:\/\/r3media.ro\/cum-a-fost-la-marea-revolutie-din-octombrie-sorry-august\/\" rel=\"bookmark\" class=\"td-image-wrap \" title=\"Cum a fost la marea revolu\u021bie din octombrie. Sorry, august!\"><img loading=\"lazy\" decoding=\"async\" class=\"entry-thumb\" src=\"https:\/\/r3media.ro\/wp-content\/uploads\/2026\/08\/Protest-pro-Fritz-1-980x735-1-100x70.jpg\" alt title=\"Cum a fost la marea revolu\u021bie din octombrie. Sorry, august!\" width=\"100\" height=\"70\"><\/a><\/div>\n<div class=\"item-details\">\n<h3 class=\"entry-title td-module-title\"><a href=\"https:\/\/r3media.ro\/cum-a-fost-la-marea-revolutie-din-octombrie-sorry-august\/\" rel=\"bookmark\" title=\"Cum a fost la marea revolu\u021bie din octombrie. Sorry, august!\">Cum a fost la marea revolu\u021bie din octombrie. Sorry, august!<\/a><\/h3>\n<div class=\"td-module-meta-info\"><span class=\"td-post-date\"><time class=\"entry-date updated td-module-date\" datetime=\"2026-08-24T10:32:31+03:00\">24\/08\/2026<\/time><\/span><\/div>\n<\/div>\n<\/div>\n<\/div>\n<div class=\"td-block-span12\">\n<div class=\"td_module_6 td_module_wrap td-animation-stack\">\n<div class=\"td-module-thumb\"><a href=\"https:\/\/r3media.ro\/lebedele-urate-sf-ul-fratilor-strugatki-in-cinema\/\" rel=\"bookmark\" class=\"td-image-wrap \" title=\"Lebedele ur\u00e2te \u2014 SF-ul fra\u021bilor Struga\u021bki \u00een cinema\"><img loading=\"lazy\" decoding=\"async\" class=\"entry-thumb\" src=\"https:\/\/r3media.ro\/wp-content\/uploads\/2026\/08\/uglyw-swans-2006-100x70.jpg\" alt title=\"Lebedele ur\u00e2te \u2014 SF-ul fra\u021bilor Struga\u021bki \u00een cinema\" width=\"100\" height=\"70\"><\/a><\/div>\n<div class=\"item-details\">\n<h3 class=\"entry-title td-module-title\"><a href=\"https:\/\/r3media.ro\/lebedele-urate-sf-ul-fratilor-strugatki-in-cinema\/\" rel=\"bookmark\" title=\"Lebedele ur\u00e2te \u2014 SF-ul fra\u021bilor Struga\u021bki \u00een cinema\">Lebedele ur\u00e2te \u2014 SF-ul fra\u021bilor Struga\u021bki \u00een cinema<\/a><\/h3>\n<div class=\"td-module-meta-info\"><span class=\"td-post-date\"><time class=\"entry-date updated td-module-date\" datetime=\"2026-08-24T10:23:42+03:00\">24\/08\/2026<\/time><\/span><\/div>\n<\/div>\n<\/div>\n<\/div>\n<div class=\"td-block-span12\">\n<div class=\"td_module_6 td_module_wrap td-animation-stack\">\n<div class=\"td-module-thumb\"><a href=\"https:\/\/r3media.ro\/closca\/\" rel=\"bookmark\" class=\"td-image-wrap \" title=\"Clo\u0219ca\"><img loading=\"lazy\" decoding=\"async\" class=\"entry-thumb\" src=\"https:\/\/r3media.ro\/wp-content\/uploads\/2026\/08\/cei_12_apostoli-890x628-1-100x70.jpg\" alt title=\"Clo\u0219ca\" width=\"100\" height=\"70\"><\/a><\/div>\n<div class=\"item-details\">\n<h3 class=\"entry-title td-module-title\"><a href=\"https:\/\/r3media.ro\/closca\/\" rel=\"bookmark\" title=\"Clo\u0219ca\">Clo\u0219ca<\/a><\/h3>\n<div class=\"td-module-meta-info\"><span class=\"td-post-date\"><time class=\"entry-date updated td-module-date\" datetime=\"2026-08-24T09:35:33+03:00\">24\/08\/2026<\/time><\/span><\/div>\n<\/div>\n<\/div>\n<\/div>\n<div class=\"td-block-span12\">\n<div class=\"td_module_6 td_module_wrap td-animation-stack\">\n<div class=\"td-module-thumb\"><a href=\"https:\/\/r3media.ro\/clasare-dosar-neurochirurg-stefan-mindea\/\" rel=\"bookmark\" class=\"td-image-wrap \" title=\"Clasare definitiv\u0103 \u00een dosarul neurochirurgului dr. Stefan Mindea: acuza\u021biile s-au dovedit ne\u00eentemeiate\"><img loading=\"lazy\" decoding=\"async\" class=\"entry-thumb\" src=\"https:\/\/r3media.ro\/wp-content\/uploads\/2024\/02\/stefan-mindea-100x70.jpeg\" alt title=\"Clasare definitiv\u0103 \u00een dosarul neurochirurgului dr. Stefan Mindea: acuza\u021biile s-au dovedit ne\u00eentemeiate\" width=\"100\" height=\"70\"><\/a><\/div>\n<div class=\"item-details\">\n<h3 class=\"entry-title td-module-title\"><a href=\"https:\/\/r3media.ro\/clasare-dosar-neurochirurg-stefan-mindea\/\" rel=\"bookmark\" title=\"Clasare definitiv\u0103 \u00een dosarul neurochirurgului dr. Stefan Mindea: acuza\u021biile s-au dovedit ne\u00eentemeiate\">Clasare definitiv\u0103 \u00een dosarul neurochirurgului dr. Stefan Mindea: acuza\u021biile s-au dovedit&#8230;<\/a><\/h3>\n<div class=\"td-module-meta-info\"><span class=\"td-post-date\"><time class=\"entry-date updated td-module-date\" datetime=\"2026-08-24T08:04:30+03:00\">24\/08\/2026<\/time><\/span><\/div>\n<\/div>\n<\/div>\n<\/div>\n<\/div>\n<\/div>\n<aside class=\"td_block_template_1 widget widget_recent_comments\">\n<h4 class=\"block-title\"><span>INTR\u0102 \u00ceN DISCU\u021aIE!<\/span><\/h4>\n<ul id=\"recentcomments\">\n<li class=\"recentcomments\"><span class=\"comment-author-link\">Nicu<\/span> la <a href=\"https:\/\/r3media.ro\/panica-totala-supermarket-scotia-incendiu-provocat-masina-electrica\/#comment-40407\">VIDEO | \u201ePanic\u0103 total\u0103\u201d \u00eentr-un supermarket din Sco\u021bia din cauza unui incendiu provocat cel mai probabil de o ma\u0219in\u0103 electric\u0103<\/a><\/li>\n<li class=\"recentcomments\"><span class=\"comment-author-link\">Megdonia<\/span> la <a href=\"https:\/\/r3media.ro\/drona-aeriana-incarcata-explozibil-ajunsa-plaja-tuzla-ucraineana\/#comment-40406\">VIDEO | O dron\u0103 aerian\u0103 \u00eenc\u0103rcat\u0103 cu explozibil \u0219i ajuns\u0103 pe plaja Tuzla s-a dovedit a fi ucrainean\u0103<\/a><\/li>\n<li class=\"recentcomments\"><span class=\"comment-author-link\">Mihaela D\u00e2ru<\/span> la <a href=\"https:\/\/r3media.ro\/europenii-acumuleaza-numerar-bce-bani-fizici-cetateni-avans-plati-electronice\/#comment-40405\">Europenii acumuleaz\u0103 din ce \u00een ce mai mult numerar. BCE constat\u0103 c\u0103 banii fizici r\u0103m\u00e2n esen\u021biali pentru cet\u0103\u021beni, \u00een ciuda avansului pl\u0103\u021bilor electronice<\/a><\/li>\n<li class=\"recentcomments\"><span class=\"comment-author-link\">Nicu<\/span> la <a href=\"https:\/\/r3media.ro\/drona-aeriana-incarcata-explozibil-ajunsa-plaja-tuzla-ucraineana\/#comment-40404\">VIDEO | O dron\u0103 aerian\u0103 \u00eenc\u0103rcat\u0103 cu explozibil \u0219i ajuns\u0103 pe plaja Tuzla s-a dovedit a fi ucrainean\u0103<\/a><\/li>\n<li class=\"recentcomments\"><span class=\"comment-author-link\">B<\/span> la <a href=\"https:\/\/r3media.ro\/intre-furtuni-perfecte\/#comment-40403\">\u00centre furtuni perfecte<\/a><\/li>\n<li class=\"recentcomments\"><span class=\"comment-author-link\">E.T.<\/span> la <a href=\"https:\/\/r3media.ro\/intre-furtuni-perfecte\/#comment-40402\">\u00centre furtuni perfecte<\/a><\/li>\n<li class=\"recentcomments\"><span class=\"comment-author-link\">Eugen Velimirovici<\/span> la <a href=\"https:\/\/r3media.ro\/mai-multa-europa-cu-mai-putini-europeni\/#comment-40401\">Mai mult\u0103 Europ\u0103 cu mai pu\u021bini europeni!<\/a><\/li>\n<\/ul>\n<\/aside>\n<aside class=\"td_block_template_1 widget widget_search\">\n<h4 class=\"block-title\"><span>CAUT\u0102 \u0218I VEI G\u0102SI<\/span><\/h4>\n<\/aside>\n<\/div>\n<\/div>\n<\/div>\n<\/div>\n<\/div>\n<\/div>\n<\/div>\n<p><span class=\"td-page-meta\"><\/span><span class=\"td-page-meta\"><span class=\"td-page-meta\"><\/span><\/span><span class=\"td-page-meta\"><\/span><\/article>\n<\/p>\n<div class=\"td_block_wrap tdb_single_content tdi_20 td-pb-border-top td_block_template_1 td-post-content tagdiv-type\" data-td-block-uid=\"tdi_20\">\n<div class=\"tdb-block-inner td-fix-index\">\n<p><strong>Peste nou\u0103 din zece (91%) adul\u021bi din Marea Britanie au folosit cel pu\u021bin o form\u0103 de servicii bancare online, mobile sau telefonice \u00een 2025. Persoanele care fac doar <a href=\"https:\/\/r3media.ro\/tag\/plati-online-vs-plati-cash\/\" target=\"_blank\" rel=\"noopener\">pl\u0103\u021bi cash<\/a> sunt din ce \u00een ce mai minoritare. Se estimeaz\u0103 c\u0103 numerarul va reprezenta doar 4% din pl\u0103\u021bi p\u00e2n\u0103 \u00een 2035, conform <a href=\"https:\/\/www.birminghammail.co.uk\/news\/midlands-news\/14-million-people-who-prefer-34483898\" target=\"_blank\" rel=\"noopener\">Birmingham Mail<\/a>.<\/strong><\/p>\n<p>\u00cen 2024, propor\u021bia adul\u021bilor care foloseau servicii bancare la distan\u021b\u0103 era de 88%, potrivi Uk Finance.<\/p>\n<p>Utilizarea <a href=\"https:\/\/r3media.ro\/tag\/disparitia-banilor-fizici-numerar\/\" target=\"_blank\" rel=\"noopener\">numerarului<\/a> a sc\u0103zut anul trecut \u0219i se a\u0219teapt\u0103 s\u0103 scad\u0103 \u00een continuare \u00een urm\u0103torul deceniu. Totu\u0219i, nu se \u00eentrevede \u201eo dispari\u021bie\u201d, potrivit raportului.<\/p>\n<h2><strong>Aproape 1,5 milioane de britanici folosesc \u00een principal cash<\/strong><\/h2>\n<p>\u00a0<\/p>\n<p>Aproximativ 1,4 milioane de adul\u021bi din Marea Britanie folosesc \u00een principal numerar pentru cheltuielile zilnice. 19 milioane folosesc numerar o dat\u0103 pe lun\u0103 sau mai rar, conform estim\u0103rilor UK Finance.<\/p>\n<p>\u201eDrept urmare, utilizarea numerarului este \u00een sc\u0103dere. Ceea ce este vital de recunoscut este c\u0103 exist\u0103 milioane de oameni care se bazeaz\u0103 pe cash \u0219i pe serviciile fa\u021b\u0103 \u00een fa\u021b\u0103. Tehnologia nu func\u021bioneaz\u0103 \u00eentotdeauna pentru toat\u0103 lumea \u0219i, pentru at\u00e2t de mul\u021bi, nu exist\u0103 o alternativ\u0103 la numerar.<\/p>\n<p>Pentru cei care se bazeaz\u0103 pe cash \u0219i pentru mul\u021bi al\u021bii, care \u00eenc\u0103 au nevoie de servicii bancare de baz\u0103, suntem \u00eenc\u00e2nta\u021bi s\u0103 implement\u0103m centre bancare \u00een toat\u0103 \u021bara. S-au deschis deja aproape 250\u201d, a declarat Gareth Oakley, director executiv la Cash Access UK.<\/p>\n<p>\u201e\u00cen timp ce pl\u0103\u021bile \u00een numerar sunt \u00een sc\u0103dere, bancomatele continu\u0103 s\u0103 joace un rol dominant \u00een accesul la numerar, deoarece 49,3 milioane de oameni au folosit unul \u00een 2025\u201d, a completat el.<\/p>\n<h2><strong>Cet\u0103\u021benii din Uniunea European\u0103 acumuleaz\u0103 din ce \u00een ce mai mult cash<\/strong><\/h2>\n<p>\u00a0<\/p>\n<p>\u00centre timp, o cercetare a BCE a constatat c\u0103 banii fizici <a href=\"https:\/\/r3media.ro\/europenii-acumuleaza-numerar-bce-bani-fizici-cetateni-avans-plati-electronice\/\" target=\"_blank\" rel=\"noopener\"><strong>r\u0103m\u00e2n esen\u021biali pentru cet\u0103\u021benii din UE<\/strong><\/a>, \u00een ciuda avansului pl\u0103\u021bilor electronice. Cantitatea de numerar \u00een circula\u021bie este \u00een cre\u0219tere, a declarat Philip Lane, economistul-\u0219ef al B\u0103ncii Centrale Europene (BCE).<\/p>\n<p>Peste 31 de miliarde de bancnote sunt \u00een circula\u021bie, comparativ cu 24 de miliarde chiar \u00eenainte de pandemie \u00een 2019. Bancnota de 50 de euro a fost cea mai popular\u0103 \u00een 2025, urmat\u0103 de cea de 100 de euro.<\/p>\n<p>\u00cen ultimii ani, mai multe \u021b\u0103ri din Uniunea European\u0103 au luat m\u0103suri de protec\u021bie a numerarului. Elve\u021bia de exemplu a votat pentru <a href=\"https:\/\/r3media.ro\/elvetia-deputati-votat-pconsfintire-numerar-constitutie\/\" target=\"_blank\" rel=\"noopener\"><strong>consfin\u021birea numerarului \u00een Constitu\u021bie<\/strong><\/a>. Totodat\u0103, numerarul e protejat \u00een <strong><a href=\"https:\/\/r3media.ro\/530-000-de-austrieci-au-cerut-ca-plata-cash-sa-fie-bagata-in-constitutie-dar-nehammer-se-opune-numerarul-este-libertate-tiparita\/\" target=\"_blank\" rel=\"noopener\">Austria<\/a><\/strong>, Suedia \u0219i\u00a0<strong><a href=\"https:\/\/r3media.ro\/norvegia-campioana-plati-electronice-adopta-masuri-plata-numerar-siguranta-cetateni\/\" target=\"_blank\" rel=\"noopener\">Norvegia<\/a><\/strong>.<\/p>\n<div class=\"crp_related     crp-masonry\">\n<h2>\u00ceN CONTEXT<\/h2>\n<ul>\n<li><a href=\"https:\/\/r3media.ro\/fara-tine-in-google-r3media-dispare-iata-ce-poti-face-in-10-secunde\/\" class=\"crp_link post-119031\"><span class=\"crp_title\">F\u0103r\u0103 tine \u00een Google, R3media dispare. Iat\u0103 ce po\u021bi face \u00een 10 secunde<\/span><\/a><\/li>\n<li><a href=\"https:\/\/r3media.ro\/europenii-acumuleaza-numerar-bce-bani-fizici-cetateni-avans-plati-electronice\/\" class=\"crp_link post-121355\"><span class=\"crp_title\">Europenii acumuleaz\u0103 din ce \u00een ce mai mult numerar. BCE constat\u0103 c\u0103 banii fizici r\u0103m\u00e2n\u2026<\/span><\/a><\/li>\n<li><a href=\"https:\/\/r3media.ro\/bnr-recomanda-romani-rezerve-de-cash-atacuri-cibernetice-numerar-relevant-criza\/\" class=\"crp_link post-120512\"><span class=\"crp_title\">BNR le recomand\u0103 rom\u00e2nilor s\u0103 p\u0103streze rezerve de cash: Numerarul se poate dovedi relevant \u00een criz\u0103<\/span><\/a><\/li>\n<li><a href=\"https:\/\/r3media.ro\/uber-introduce-plata-cash-noua-zeelanda-proiect-pilot-companie-acceptare-numerar-clienti\/\" class=\"crp_link post-120843\"><span class=\"crp_title\">Uber introduce plata cash \u00een Noua Zeeland\u0103. Un proiect-pilot a ar\u0103tat companiei c\u0103\u2026<\/span><\/a><\/li>\n<li><a href=\"https:\/\/r3media.ro\/numerarul-uniunea-europeana-impuls-platile-digitale-zona-euro\/\" class=\"crp_link post-121325\"><span class=\"crp_title\">Numerarul se men\u021bine ferm \u00een UE, \u00een ciuda impulsului pentru pl\u0103\u021bile digitale din zona euro<\/span><\/a><\/li>\n<li><a href=\"https:\/\/r3media.ro\/primul-pas-catre-interzicerea-banilor-cash-pasagerii-care-tranziteaza-aeroportul-otopeni-nu-mai-pot-plati-cu-numerar-serviciile-suplimentare\/\" class=\"crp_link post-115991\"><span class=\"crp_title\">Primul pas c\u0103tre interzicerea banilor cash: Pasagerii care tranziteaz\u0103 Aeroportul Otopeni nu\u2026<\/span><\/a><\/li>\n<li><a href=\"https:\/\/r3media.ro\/elvetia-cetatean-lasat-scoata-propriii-bani-banca-cetatenii-revolta-magazine-cafenele-restaurante-nu-accepta-numerarul\/\" class=\"crp_link post-114582\"><span class=\"crp_title\">Elve\u021bia | Un cet\u0103\u021bean nu a fost l\u0103sat s\u0103-\u0219i scoat\u0103 propriii bani din banc\u0103. Cet\u0103\u021benii se\u2026<\/span><\/a><\/li>\n<li><a href=\"https:\/\/r3media.ro\/aur-propune-cresterea-plafonului-platilor-cash-la-50-000-de-lei-pentru-sprijinirea-mediului-de-afaceri\/\" class=\"crp_link post-117127\"><span class=\"crp_title\">AUR propune cresterea plafonului pl\u0103\u021bilor cash la 50.000 de lei pentru sprijinirea mediului\u2026<\/span><\/a><\/li>\n<\/ul>\n<\/div>\n<\/div>\n<\/div>\n<p>[analyse_source url=&#8221;https:\/\/r3media.ro\/aproape-15-milioane-britanici-utilizare-cash-avans-plati-electronice\/&#8221;]<\/p>\n","protected":false},"excerpt":{"rendered":"<p>[analyse_image type=&#8221;featured&#8221; src=&#8221;https:\/\/r3media.ro\/wp-content\/uploads\/2026\/08\/lire-sterline-cash-scaled-e1787564671232.jpghttps:\/\/r3media.ro\/wp-content\/uploads\/2026\/08\/lire-sterline-cash-scaled-e1787564671232.jpg&#8221;] FEATUREDAproape 1,5 milioane de britanici continu\u0103 s\u0103 foloseasc\u0103 doar cash, \u00een ciuda&#8230; FEATURED\u0218TIRI Aproape 1,5 milioane de britanici continu\u0103 s\u0103 foloseasc\u0103 doar cash, \u00een ciuda avansului pl\u0103\u021bilor electronice Oana Ivan 24\/08\/2026 Sursa foto: Unsplash Ad\u0103uga\u021bi R3media la sursele preferate din Google Peste nou\u0103 din zece (91%) adul\u021bi din Marea Britanie au folosit [&hellip;]<\/p>\n","protected":false},"author":1,"featured_media":0,"comment_status":"open","ping_status":"","sticky":false,"template":"","format":"standard","meta":{"footnotes":""},"categories":[89],"tags":[226,93],"class_list":["post-2108708","post","type-post","status-publish","format-standard","hentry","category-romania","tag-crawlmanager","tag-r3media-ro"],"_links":{"self":[{"href":"https:\/\/analyse.optim.biz\/index.php?rest_route=\/wp\/v2\/posts\/2108708","targetHints":{"allow":["GET"]}}],"collection":[{"href":"https:\/\/analyse.optim.biz\/index.php?rest_route=\/wp\/v2\/posts"}],"about":[{"href":"https:\/\/analyse.optim.biz\/index.php?rest_route=\/wp\/v2\/types\/post"}],"author":[{"embeddable":true,"href":"https:\/\/analyse.optim.biz\/index.php?rest_route=\/wp\/v2\/users\/1"}],"replies":[{"embeddable":true,"href":"https:\/\/analyse.optim.biz\/index.php?rest_route=%2Fwp%2Fv2%2Fcomments&post=2108708"}],"version-history":[{"count":0,"href":"https:\/\/analyse.optim.biz\/index.php?rest_route=\/wp\/v2\/posts\/2108708\/revisions"}],"wp:attachment":[{"href":"https:\/\/analyse.optim.biz\/index.php?rest_route=%2Fwp%2Fv2%2Fmedia&parent=2108708"}],"wp:term":[{"taxonomy":"category","embeddable":true,"href":"https:\/\/analyse.optim.biz\/index.php?rest_route=%2Fwp%2Fv2%2Fcategories&post=2108708"},{"taxonomy":"post_tag","embeddable":true,"href":"https:\/\/analyse.optim.biz\/index.php?rest_route=%2Fwp%2Fv2%2Ftags&post=2108708"}],"curies":[{"name":"wp","href":"https:\/\/api.w.org\/{rel}","templated":true}]}}