{"id":2108702,"date":"2026-08-24T10:55:53","date_gmt":"2026-08-24T07:55:53","guid":{"rendered":"https:\/\/analyse.optim.biz\/?p=2108702"},"modified":"2026-08-24T10:55:53","modified_gmt":"2026-08-24T07:55:53","slug":"este-extinderea-ue-menita-sa-asigure-securitatea-uniunii","status":"publish","type":"post","link":"https:\/\/analyse.optim.biz\/?p=2108702","title":{"rendered":"Este extinderea UE menit\u0103 s\u0103 asigure securitatea Uniunii?"},"content":{"rendered":"<p>[analyse_image type=&#8221;featured&#8221; src=&#8221;https:\/\/solidnews.ro\/wp-content\/uploads\/2026\/08\/ue.jpg&#8221;]<\/p>\n<div class=\"td_block_wrap tdb_single_content tdi_120 td-pb-border-top td_block_template_1 td-post-content tagdiv-type\" data-td-block-uid=\"tdi_120\">\n<div class=\"tdb-block-inner td-fix-index\">\n<p data-start=\"0\" data-end=\"268\"><em data-start=\"0\" data-end=\"268\"><strong data-start=\"1\" data-end=\"267\">Dac\u0103 extinderea c\u0103tre Ucraina, Republica Moldova \u0219i Balcanii de Vest a devenit un instrument al securit\u0103\u021bii europene chiar \u00eenainte de a fi un proces de integrare, dispune Uniunea de capacitatea institu\u021bional\u0103, economic\u0103 \u0219i strategic\u0103 necesar\u0103 pentru a o sus\u021bine?<\/strong><\/em><\/p>\n<p data-start=\"270\" data-end=\"323\"><strong data-start=\"270\" data-end=\"323\">Un proiect \u00eendelung dorit, dar niciodat\u0103 realizat<\/strong><\/p>\n<p data-start=\"325\" data-end=\"1026\">Lansarea Opera\u021biunii Militare Speciale \u00een februarie 2022 a realizat ceva ce trei decenii de dezbateri interne nu reu\u0219iser\u0103 s\u0103 fac\u0103: a transformat extinderea Uniunii Europene dintr-o procedur\u0103 tehnico-administrativ\u0103 \u00eentr-o mi\u0219care strategic\u0103. \u00cenainte de acea dat\u0103, admiterea unor noi state membre era gestionat\u0103 ca un exerci\u021biu de condi\u021bionalitate normativ\u0103, guvernat de cele treizeci \u0219i trei de capitole ale <em data-start=\"733\" data-end=\"741\">acquis<\/em>-ului \u0219i de un calendar pe care nimeni nu se gr\u0103bea s\u0103 \u00eel respecte. Dup\u0103 aceea, aderarea Kievului \u0219i a Chi\u0219in\u0103ului a devenit o chestiune de securitate continental\u0103, discutat\u0103 \u00een acelea\u0219i reuniuni \u00een care se iau decizii privind furnizarea de muni\u021bie \u0219i plafoanele pentru pre\u021bul gazelor.<\/p>\n<p data-start=\"1028\" data-end=\"2024\">Momentul de referin\u021b\u0103 care marcheaz\u0103 aceast\u0103 transformare este concret \u0219i recent. La <a class=\"decorated-link\" href=\"https:\/\/www.consilium.europa.eu\/it\/press\/press-releases\/2026\/06\/12\/statement-by-president-von-der-leyen-and-president-costa-on-the-agreement-to-open-the-first-accession-negotiation-cluster-with-ukraine-and-moldova\/\" target=\"_new\" rel=\"noopener\" data-start=\"1113\" data-end=\"1344\">15 iunie 2026<\/a>, \u00een urma unui impas de aproape doi ani provocat de un veto ungar \u2013 dep\u0103\u0219it doar dup\u0103 schimbarea guvernului de la Budapesta \u2013, Uniunea a deschis oficial primul grup de negociere \u2013 cel al <em data-start=\"1531\" data-end=\"1546\">fundamentelor<\/em> \u2013 cu Ucraina \u0219i Republica Moldova; la 14 iulie, a fost deblocat \u0219i grupul privind rela\u021biile externe. Sf\u00e2r\u0219itul a\u0219a-numitei <em data-start=\"1670\" data-end=\"1690\">abord\u0103ri \u00een pachet<\/em> \u2013 care, timp de peste patru ani, legase destinele celor dou\u0103 \u021b\u0103ri candidate \u00eentr-un singur pachet \u2013 a semnalat faptul c\u0103 Bruxellesul consider\u0103 acum cele dou\u0103 dosare suficient de mature pentru a avansa \u00een ritmuri proprii. Este o evolu\u021bie procedural\u0103 care are o greutate geopolitic\u0103 dispropor\u021bionat\u0103 \u00een raport cu natura sa birocratic\u0103.<\/p>\n<p data-start=\"2026\" data-end=\"3045\">Extinderea nu a fost niciodat\u0103 doar o politic\u0103 de vecin\u0103tate. \u00cens\u0103, \u00een cadrul post-2022, ea redefine\u0219te \u00een mod deschis profunzimea strategic\u0103 a Uniunii, deplas\u00e2nd spre est grani\u021ba \u00een interiorul c\u0103reia ordinea juridic\u0103, economic\u0103 \u0219i \u2013 indirect \u2013 de securitate european\u0103 pretinde s\u0103 se aplice. Cinci dinamici se \u00eempletesc \u00een aceast\u0103 mi\u0219care: r\u0103zboiul din Ucraina, care a transformat aderarea \u00eentr-un vehicul pentru ancorarea geopolitic\u0103, mai degrab\u0103 dec\u00e2t \u00eentr-un simplu instrument de modernizare; rivalitatea sistemic\u0103 dintre Occident \u0219i Rusia, care interpreteaz\u0103 fiecare pas \u00eenainte \u00een negocieri drept o retragere a propriei sfere de influen\u021b\u0103; competi\u021bia cu China, prezent\u0103 \u00een Balcani prin investi\u021bii \u00een infrastructur\u0103 pe care Uniunea se str\u0103duie\u0219te s\u0103 le egaleze; ambi\u021bia autonomiei strategice europene, devenit\u0103 mai urgent\u0103 pe fondul perceputei lipse de fiabilitate a garan\u021biei americane; \u0219i securitatea continental\u0103 \u00een sens strict, frontiera estic\u0103 a Uniunii coinciz\u00e2nd tot mai mult cu linia frontului conflictului.<\/p>\n<p data-start=\"3047\" data-end=\"3464\">Acest lucru ridic\u0103 o \u00eentrebare fundamental\u0103: dac\u0103 extinderea c\u0103tre Ucraina, Republica Moldova \u0219i Balcanii de Vest a devenit un instrument al securit\u0103\u021bii europene chiar \u00eenainte de a fi un proces de integrare, dispune Uniunea de capacitatea institu\u021bional\u0103, economic\u0103 \u0219i strategic\u0103 necesar\u0103 pentru a o sus\u021bine \u2013 sau \u00ee\u0219i asum\u0103 un angajament geopolitic pe care arhitectura sa intern\u0103 nu este preg\u0103tit\u0103 s\u0103 \u00eel \u00eendeplineasc\u0103?<\/p>\n<p data-start=\"3466\" data-end=\"3488\"><strong data-start=\"3466\" data-end=\"3488\">\u00cencerc\u0103ri de-a lungul istoriei<\/strong><\/p>\n<p data-start=\"3490\" data-end=\"4016\">Fiecare val de extindere a r\u0103spuns unei nevoi geopolitice diferite, iar examinarea lor \u00een ordine ajut\u0103 la explicarea motivului pentru care cel actual se desprinde de predecesoarele sale. Comunitatea ini\u021bial\u0103 a celor \u0218ase, instituit\u0103 prin Tratatul de la Roma din 1957, a fost un proiect destinat reconcilierii franco-germane \u0219i limit\u0103rii riscului unui nou r\u0103zboi intraeuropean prin integrarea industriilor c\u0103rbunelui \u0219i o\u021belului. Logica era intern\u0103 continentului occidental \u0219i strict economic\u0103 \u00een form\u0103, dar politic\u0103 \u00een esen\u021b\u0103.<\/p>\n<p data-start=\"4018\" data-end=\"4478\">Extinderea mediteraneean\u0103 din anii 1980 \u2013 Grecia \u00een 1981, Spania \u0219i Portugalia \u00een 1986 \u2013 a urmat o logic\u0103 diferit\u0103: consolidarea tinerelor democra\u021bii ie\u0219ite din dictaturi prin ancorarea lor \u00eentr-o arhitectur\u0103 care s\u0103 fac\u0103 pu\u021bin probabil\u0103 revenirea la autoritarism. A fost primul caz \u00een care aderarea a servit explicit drept instrument de stabilizare politic\u0103, nu doar de cre\u0219tere economic\u0103. Aceast\u0103 func\u021bie avea s\u0103 reapar\u0103, amplificat\u0103, \u00een contextul ucrainean.<\/p>\n<p data-start=\"4480\" data-end=\"5151\">Marea extindere spre est din 2004, urmat\u0103 de aderarea Rom\u00e2niei \u0219i Bulgariei \u00een 2007, a marcat adev\u0103rata reunificare a continentului dup\u0103 R\u0103zboiul Rece. Opt state din Europa Central\u0103 \u0219i de Est au aderat simultan, aduc\u00e2nd cu ele economii \u00een tranzi\u021bie \u0219i o memorie istoric\u0103 a domina\u021biei sovietice care avea s\u0103 le modeleze pozi\u021biile de politic\u0103 extern\u0103 timp de dou\u0103 decenii. Procesul a fost conceput ca \u00eenchiderea unui capitol \u2013 sf\u00e2r\u0219itul diviz\u0103rii de la Ialta \u2013 \u0219i nu ca deschiderea unui nou front geopolitic. Privind retrospectiv, gre\u0219eala a fost aceea de a crede c\u0103 expansiunea era o mi\u0219care \u00eentr-un singur sens, care nu avea s\u0103 provoace nicio reac\u021bie din partea Moscovei.<\/p>\n<p data-start=\"5153\" data-end=\"5868\">Aderarea Croa\u021biei \u00een 2013, prin contrast, a reprezentat o extindere rezidual\u0103 \u2013 \u00eencheierea tardiv\u0103 a destr\u0103m\u0103rii Iugoslaviei. De atunci, timp de un deceniu, procesul a fost \u00eenghe\u021bat. Candidatura Balcanilor de Vest a r\u0103mas suspendat\u0103 \u00eentr-o stare de limbo perpetuu, Macedonia de Nord fiind chiar obligat\u0103 s\u0103 \u00ee\u0219i schimbe numele pentru a dep\u0103\u0219i un veto grec, \u00een timp ce Serbia oscila \u00eentre Bruxelles, Moscova \u0219i Beijing. Candidaturile Ucrainei \u0219i Republicii Moldova, oficializate \u00een iunie 2022, cu doar c\u00e2teva s\u0103pt\u0103m\u00e2ni \u00eenainte de invazie, au reactivat brusc un mecanism care p\u0103rea epuizat, dar au f\u0103cut-o \u00een logica unei situa\u021bii de urgen\u021b\u0103 \u00een materie de securitate, nu \u00een cea a unei convergen\u021be economice planificate.<\/p>\n<p data-start=\"5870\" data-end=\"5906\"><strong data-start=\"5870\" data-end=\"5906\">Func\u021bia geopolitic\u0103 a extinderii<\/strong><\/p>\n<p data-start=\"5908\" data-end=\"6593\">Schimbarea decisiv\u0103 const\u0103 \u00een func\u021bie. Extinderea a evoluat de la un mecanism de integrare la un instrument de conten\u021bie geopolitic\u0103, iar aceast\u0103 tranzi\u021bie trebuie explicat\u0103 \u00een termeni teoretici, nu doar descriptivi. Europa constituie un complex de securitate \u00een care procesele de securitizare ale statelor sale membre sunt at\u00e2t de interconectate, \u00eenc\u00e2t niciunul nu poate fi analizat \u00een mod izolat. Extinderea complexului spre est \u00eenseamn\u0103 \u00eencorporarea \u00een perimetrul s\u0103u de securitate a unor teritorii care p\u00e2n\u0103 acum s-au aflat \u00eentr-o zon\u0103 gri contestat\u0103 cu Rusia. S\u0103 fie clar, aceasta nu este o extindere neutr\u0103; este o redefinire a grani\u021bei dintre dou\u0103 complexe de securitate rivale.<\/p>\n<p data-start=\"6595\" data-end=\"7390\">Conceptul de profunzime strategic\u0103 ne ajut\u0103 s\u0103 clarific\u0103m miza. Un spa\u021biu strategic profund absoarbe \u0219ocurile, \u00eendep\u0103rteaz\u0103 amenin\u021barea de centrul vital \u0219i ofer\u0103 spa\u021biu de manevr\u0103. Pentru Uniune, Ucraina reprezint\u0103 diferen\u021ba dintre o frontier\u0103 estic\u0103 situat\u0103 de-a lungul r\u00e2ului Bug \u0219i una situat\u0103 de-a lungul r\u00e2ului Nipru sau chiar dincolo de acesta. Pentru Rusia, \u00eens\u0103\u0219i Ucraina reprezint\u0103 profunzimea strategic\u0103 ce protejeaz\u0103 Moscova de \u00eenaintarea unui bloc ostil. Cele dou\u0103 cerin\u021be sunt incompatibile din punct de vedere geometric: ceea ce reprezint\u0103 profunzime pentru unul \u00eenseamn\u0103 retragere pentru cel\u0103lalt. \u00cen aceast\u0103 incompatibilitate se afl\u0103 <em data-start=\"7245\" data-end=\"7267\">dilema de securitate<\/em> care structureaz\u0103 \u00eentreaga problem\u0103, deoarece fiecare mi\u0219care defensiv\u0103 a unui actor apare drept ofensiv\u0103 pentru cel\u0103lalt.<\/p>\n<p data-start=\"7392\" data-end=\"8094\">Conceptul de zon\u0103-tampon \u00ee\u0219i pierde aici func\u021bia clasic\u0103, a\u0219a cum este \u00een\u021beleas\u0103 \u00een mod tradi\u021bional \u00een rela\u021biile interna\u021bionale. Din punct de vedere istoric, Ucraina, Republica Moldova \u0219i, \u00eentr-o anumit\u0103 m\u0103sur\u0103, Balcanii au servit drept zone-tampon \u00eentre Occident \u0219i puterea continental\u0103 a Rusiei. Logica extinderii const\u0103 tocmai \u00een desfiin\u021barea zonei-tampon prin integrarea acesteia \u00eentr-unul dintre cei doi poli. Un realist ofensiv \u00een linia lui Mearsheimer ar anticipa c\u0103 eliminarea zonei-tampon ar intensifica conflictul, mai degrab\u0103 dec\u00e2t s\u0103 \u00eel rezolve, deoarece priveaz\u0103 marile puteri de marja care face coexisten\u021ba tolerabil\u0103. Este o predic\u021bie pe care cazul ucrainean a confirmat-o \u00een mod tragic.<\/p>\n<p data-start=\"8096\" data-end=\"8900\">Al\u0103turi de dimensiunea militar\u0103 opereaz\u0103 instrumentul cel mai distinctiv al Uniunii: influen\u021ba normativ\u0103. Puterea normativ\u0103 european\u0103 \u2013 despre care am scris adesea \u2013 sus\u021bine c\u0103 Bruxellesul exercit\u0103 putere nu prin coerci\u021bie, ci prin capacitatea sa de a face ca propriile norme s\u0103 fie acceptate drept standarde. Extinderea este cel mai puternic vehicul al acestei puteri, deoarece le cere \u021b\u0103rilor candidate s\u0103 \u00ee\u0219i rescrie sistemele juridice \u00een conformitate cu modelul european. Securitatea european\u0103, \u00een aceast\u0103 perspectiv\u0103, este ap\u0103rat\u0103 nu doar prin descurajare, ci \u0219i prin extinderea spa\u021biului juridic comun \u2013 o form\u0103 de putere care nu are un echivalent rusesc sau chinez \u2013 iar acest lucru explic\u0103 de ce Moscova percepe extinderea drept o amenin\u021bare existen\u021bial\u0103 chiar \u0219i \u00een absen\u021ba apartenen\u021bei la NATO.<\/p>\n<p data-start=\"8902\" data-end=\"8942\"><strong data-start=\"8902\" data-end=\"8942\">O aten\u021bie special\u0103 acordat\u0103 Ucrainei<\/strong><\/p>\n<p data-start=\"8944\" data-end=\"9636\">Perspectiva tehnocra\u021bilor de la Bruxelles este clar\u0103, bine cunoscut\u0103 tuturor \u0219i reiterat\u0103 constant: niciun candidat nu are o valoare strategic\u0103 comparabil\u0103 cu cea a Ucrainei \u0219i niciunul nu presupune costuri at\u00e2t de uluitoare. \u021aara este cea mai mare situat\u0103 \u00een \u00eentregime \u00een Europa, are peste dou\u0103 mii de kilometri de litoral la Marea Neagr\u0103 \u0219i \u2013 \u00eempreun\u0103 cu Peninsula Crimeea ocupat\u0103 \u2013 controleaz\u0103 accesul nordic c\u0103tre un bazin crucial pentru proiec\u021bia puterii Rusiei c\u0103tre Mediterana. \u00cencorporarea sa \u00een Uniune ar transforma Marea Neagr\u0103 dintr-un lac disputat \u00eentr-o frontier\u0103 maritim\u0103 european\u0103, cu implica\u021bii directe pentru libertatea de naviga\u021bie \u0219i coridoarele de transport al cerealelor.<\/p>\n<p data-start=\"9638\" data-end=\"10434\">Sectorul agricol este de o importan\u021b\u0103 capital\u0103. Ucraina se num\u0103r\u0103 printre cei mai mari exportatori de cereale \u0219i semin\u021be oleaginoase din lume, iar integrarea sa ar remodela pia\u021ba agricol\u0103 european\u0103 \u0219i Politica Agricol\u0103 Comun\u0103 \u00eentr-un mod pe care nicio extindere anterioar\u0103 nu l-a presupus vreodat\u0103. La acestea se adaug\u0103 resurse minerale de o importan\u021b\u0103 strategic\u0103 \u00een cre\u0219tere \u2013 z\u0103c\u0103minte de litiu, titan, grafit \u0219i p\u0103m\u00e2nturi rare \u2013 care, \u00een contextul competi\u021biei cu China pentru materiile prime critice, confer\u0103 ader\u0103rii o dimensiune geoeconomic\u0103 explicit\u0103. Industria militar\u0103 ucrainean\u0103, forjat\u0103 de trei ani de r\u0103zboi de mare intensitate, de\u021bine expertiz\u0103 \u00een produc\u021bia de drone \u0219i \u00een r\u0103zboiul electronic pe care structurile europene de ap\u0103rare o urm\u0103resc cu orice altceva \u00een afar\u0103 de dezinteres.<\/p>\n<p data-start=\"10436\" data-end=\"10798\">\u00cen ceea ce prive\u0219te energia \u0219i logistica, Ucraina de\u021bine o re\u021bea de conducte de gaze, o capacitate de stocare subteran\u0103 printre cele mai mari de pe continent \u0219i coridoare feroviare \u0219i rutiere care leag\u0103 Marea Neagr\u0103 de Europa Central\u0103. Aceste active o transform\u0103 \u00eentr-un hub, nu \u00eentr-o periferie. Dar tocmai amploarea acestor active genereaz\u0103 costurile aferente.<\/p>\n<p data-start=\"10800\" data-end=\"11237\">A patra evaluare comun\u0103 realizat\u0103 de Banca Mondial\u0103, guvernul ucrainean, Comisia European\u0103 \u0219i Organiza\u021bia Na\u021biunilor Unite a estimat necesarul pentru reconstruc\u021bie pe o perioad\u0103 de zece ani la sute de miliarde de dolari \u2013 o cifr\u0103 destinat\u0103 s\u0103 creasc\u0103 pe m\u0103sur\u0103 ce conflictul se prelunge\u0219te. Aderarea unei \u021b\u0103ri aflate \u00een proces de reconstruc\u021bie, cu un teritoriu par\u021bial ocupat \u0219i grani\u021be instabile, este f\u0103r\u0103 precedent \u00een istoria Uniunii.<\/p>\n<p data-start=\"11239\" data-end=\"12123\">Reformele necesare ating nucleul provoc\u0103rilor critice ale Ucrainei: lupta \u00eempotriva corup\u021biei, independen\u021ba justi\u021biei, limitarea influen\u021bei oligarhice \u0219i reforma administra\u021biei publice. Comisia, \u00een <a class=\"decorated-link\" href=\"https:\/\/commission.europa.eu\/topics\/eu-solidarity-ukraine\/ukraines-path-towards-eu-accession_it\" target=\"_new\" rel=\"noopener\" data-start=\"11437\" data-end=\"11551\">rapoartele sale<\/a> din 2024 \u0219i 2025, a recunoscut progresele semnificative realizate sub presiunea r\u0103zboiului, dar a identificat corup\u021bia \u0219i guvernan\u021ba drept probleme nerezolvate. Paradoxul este clar: r\u0103zboiul a accelerat voin\u021ba politic\u0103 pentru reform\u0103, sl\u0103bind \u00een acela\u0219i timp tocmai institu\u021biile \u00eens\u0103rcinate cu implementarea acesteia. <a class=\"decorated-link\" href=\"https:\/\/www.consilium.europa.eu\/it\/press\/press-releases\/2026\/06\/15\/eu-and-ukraine-open-first-accession-negotiations-cluster\/\" target=\"_new\" rel=\"noopener\" data-start=\"11870\" data-end=\"12053\">Valoarea strategic\u0103 a Ucrainei pentru UE este la apogeu<\/a>; gradul s\u0103u de preg\u0103tire institu\u021bional\u0103 este la cel mai sc\u0103zut nivel.<\/p>\n<p data-start=\"12125\" data-end=\"12192\" data-is-last-node data-is-only-node>Credibilitatea \u00eentregului proces va depinde de aceste dou\u0103 extreme.<\/p>\n<p><em><strong>surs\u0103: <a href=\"https:\/\/strategic-culture.su\/news\/2026\/08\/21\/enlargement-of-european-union-in-new-european-order\/\">strategic-culture.su<\/a><\/strong><\/em><\/p>\n<\/div>\n<\/div>\n<div class=\"td_block_wrap tdb_single_content tdi_120 td-pb-border-top td_block_template_1 td-post-content tagdiv-type\" data-td-block-uid=\"tdi_120\">\n<div class=\"tdb-block-inner td-fix-index\">\n<p data-start=\"0\" data-end=\"268\"><em data-start=\"0\" data-end=\"268\"><strong data-start=\"1\" data-end=\"267\">Dac\u0103 extinderea c\u0103tre Ucraina, Republica Moldova \u0219i Balcanii de Vest a devenit un instrument al securit\u0103\u021bii europene chiar \u00eenainte de a fi un proces de integrare, dispune Uniunea de capacitatea institu\u021bional\u0103, economic\u0103 \u0219i strategic\u0103 necesar\u0103 pentru a o sus\u021bine?<\/strong><\/em><\/p>\n<p data-start=\"270\" data-end=\"323\"><strong data-start=\"270\" data-end=\"323\">Un proiect \u00eendelung dorit, dar niciodat\u0103 realizat<\/strong><\/p>\n<p data-start=\"325\" data-end=\"1026\">Lansarea Opera\u021biunii Militare Speciale \u00een februarie 2022 a realizat ceva ce trei decenii de dezbateri interne nu reu\u0219iser\u0103 s\u0103 fac\u0103: a transformat extinderea Uniunii Europene dintr-o procedur\u0103 tehnico-administrativ\u0103 \u00eentr-o mi\u0219care strategic\u0103. \u00cenainte de acea dat\u0103, admiterea unor noi state membre era gestionat\u0103 ca un exerci\u021biu de condi\u021bionalitate normativ\u0103, guvernat de cele treizeci \u0219i trei de capitole ale <em data-start=\"733\" data-end=\"741\">acquis<\/em>-ului \u0219i de un calendar pe care nimeni nu se gr\u0103bea s\u0103 \u00eel respecte. Dup\u0103 aceea, aderarea Kievului \u0219i a Chi\u0219in\u0103ului a devenit o chestiune de securitate continental\u0103, discutat\u0103 \u00een acelea\u0219i reuniuni \u00een care se iau decizii privind furnizarea de muni\u021bie \u0219i plafoanele pentru pre\u021bul gazelor.<\/p>\n<p data-start=\"1028\" data-end=\"2024\">Momentul de referin\u021b\u0103 care marcheaz\u0103 aceast\u0103 transformare este concret \u0219i recent. La <a class=\"decorated-link\" href=\"https:\/\/www.consilium.europa.eu\/it\/press\/press-releases\/2026\/06\/12\/statement-by-president-von-der-leyen-and-president-costa-on-the-agreement-to-open-the-first-accession-negotiation-cluster-with-ukraine-and-moldova\/\" target=\"_new\" rel=\"noopener\" data-start=\"1113\" data-end=\"1344\">15 iunie 2026<\/a>, \u00een urma unui impas de aproape doi ani provocat de un veto ungar \u2013 dep\u0103\u0219it doar dup\u0103 schimbarea guvernului de la Budapesta \u2013, Uniunea a deschis oficial primul grup de negociere \u2013 cel al <em data-start=\"1531\" data-end=\"1546\">fundamentelor<\/em> \u2013 cu Ucraina \u0219i Republica Moldova; la 14 iulie, a fost deblocat \u0219i grupul privind rela\u021biile externe. Sf\u00e2r\u0219itul a\u0219a-numitei <em data-start=\"1670\" data-end=\"1690\">abord\u0103ri \u00een pachet<\/em> \u2013 care, timp de peste patru ani, legase destinele celor dou\u0103 \u021b\u0103ri candidate \u00eentr-un singur pachet \u2013 a semnalat faptul c\u0103 Bruxellesul consider\u0103 acum cele dou\u0103 dosare suficient de mature pentru a avansa \u00een ritmuri proprii. Este o evolu\u021bie procedural\u0103 care are o greutate geopolitic\u0103 dispropor\u021bionat\u0103 \u00een raport cu natura sa birocratic\u0103.<\/p>\n<p data-start=\"2026\" data-end=\"3045\">Extinderea nu a fost niciodat\u0103 doar o politic\u0103 de vecin\u0103tate. \u00cens\u0103, \u00een cadrul post-2022, ea redefine\u0219te \u00een mod deschis profunzimea strategic\u0103 a Uniunii, deplas\u00e2nd spre est grani\u021ba \u00een interiorul c\u0103reia ordinea juridic\u0103, economic\u0103 \u0219i \u2013 indirect \u2013 de securitate european\u0103 pretinde s\u0103 se aplice. Cinci dinamici se \u00eempletesc \u00een aceast\u0103 mi\u0219care: r\u0103zboiul din Ucraina, care a transformat aderarea \u00eentr-un vehicul pentru ancorarea geopolitic\u0103, mai degrab\u0103 dec\u00e2t \u00eentr-un simplu instrument de modernizare; rivalitatea sistemic\u0103 dintre Occident \u0219i Rusia, care interpreteaz\u0103 fiecare pas \u00eenainte \u00een negocieri drept o retragere a propriei sfere de influen\u021b\u0103; competi\u021bia cu China, prezent\u0103 \u00een Balcani prin investi\u021bii \u00een infrastructur\u0103 pe care Uniunea se str\u0103duie\u0219te s\u0103 le egaleze; ambi\u021bia autonomiei strategice europene, devenit\u0103 mai urgent\u0103 pe fondul perceputei lipse de fiabilitate a garan\u021biei americane; \u0219i securitatea continental\u0103 \u00een sens strict, frontiera estic\u0103 a Uniunii coinciz\u00e2nd tot mai mult cu linia frontului conflictului.<\/p>\n<p data-start=\"3047\" data-end=\"3464\">Acest lucru ridic\u0103 o \u00eentrebare fundamental\u0103: dac\u0103 extinderea c\u0103tre Ucraina, Republica Moldova \u0219i Balcanii de Vest a devenit un instrument al securit\u0103\u021bii europene chiar \u00eenainte de a fi un proces de integrare, dispune Uniunea de capacitatea institu\u021bional\u0103, economic\u0103 \u0219i strategic\u0103 necesar\u0103 pentru a o sus\u021bine \u2013 sau \u00ee\u0219i asum\u0103 un angajament geopolitic pe care arhitectura sa intern\u0103 nu este preg\u0103tit\u0103 s\u0103 \u00eel \u00eendeplineasc\u0103?<\/p>\n<p data-start=\"3466\" data-end=\"3488\"><strong data-start=\"3466\" data-end=\"3488\">\u00cencerc\u0103ri de-a lungul istoriei<\/strong><\/p>\n<p data-start=\"3490\" data-end=\"4016\">Fiecare val de extindere a r\u0103spuns unei nevoi geopolitice diferite, iar examinarea lor \u00een ordine ajut\u0103 la explicarea motivului pentru care cel actual se desprinde de predecesoarele sale. Comunitatea ini\u021bial\u0103 a celor \u0218ase, instituit\u0103 prin Tratatul de la Roma din 1957, a fost un proiect destinat reconcilierii franco-germane \u0219i limit\u0103rii riscului unui nou r\u0103zboi intraeuropean prin integrarea industriilor c\u0103rbunelui \u0219i o\u021belului. Logica era intern\u0103 continentului occidental \u0219i strict economic\u0103 \u00een form\u0103, dar politic\u0103 \u00een esen\u021b\u0103.<\/p>\n<p data-start=\"4018\" data-end=\"4478\">Extinderea mediteraneean\u0103 din anii 1980 \u2013 Grecia \u00een 1981, Spania \u0219i Portugalia \u00een 1986 \u2013 a urmat o logic\u0103 diferit\u0103: consolidarea tinerelor democra\u021bii ie\u0219ite din dictaturi prin ancorarea lor \u00eentr-o arhitectur\u0103 care s\u0103 fac\u0103 pu\u021bin probabil\u0103 revenirea la autoritarism. A fost primul caz \u00een care aderarea a servit explicit drept instrument de stabilizare politic\u0103, nu doar de cre\u0219tere economic\u0103. Aceast\u0103 func\u021bie avea s\u0103 reapar\u0103, amplificat\u0103, \u00een contextul ucrainean.<\/p>\n<p data-start=\"4480\" data-end=\"5151\">Marea extindere spre est din 2004, urmat\u0103 de aderarea Rom\u00e2niei \u0219i Bulgariei \u00een 2007, a marcat adev\u0103rata reunificare a continentului dup\u0103 R\u0103zboiul Rece. Opt state din Europa Central\u0103 \u0219i de Est au aderat simultan, aduc\u00e2nd cu ele economii \u00een tranzi\u021bie \u0219i o memorie istoric\u0103 a domina\u021biei sovietice care avea s\u0103 le modeleze pozi\u021biile de politic\u0103 extern\u0103 timp de dou\u0103 decenii. Procesul a fost conceput ca \u00eenchiderea unui capitol \u2013 sf\u00e2r\u0219itul diviz\u0103rii de la Ialta \u2013 \u0219i nu ca deschiderea unui nou front geopolitic. Privind retrospectiv, gre\u0219eala a fost aceea de a crede c\u0103 expansiunea era o mi\u0219care \u00eentr-un singur sens, care nu avea s\u0103 provoace nicio reac\u021bie din partea Moscovei.<\/p>\n<p data-start=\"5153\" data-end=\"5868\">Aderarea Croa\u021biei \u00een 2013, prin contrast, a reprezentat o extindere rezidual\u0103 \u2013 \u00eencheierea tardiv\u0103 a destr\u0103m\u0103rii Iugoslaviei. De atunci, timp de un deceniu, procesul a fost \u00eenghe\u021bat. Candidatura Balcanilor de Vest a r\u0103mas suspendat\u0103 \u00eentr-o stare de limbo perpetuu, Macedonia de Nord fiind chiar obligat\u0103 s\u0103 \u00ee\u0219i schimbe numele pentru a dep\u0103\u0219i un veto grec, \u00een timp ce Serbia oscila \u00eentre Bruxelles, Moscova \u0219i Beijing. Candidaturile Ucrainei \u0219i Republicii Moldova, oficializate \u00een iunie 2022, cu doar c\u00e2teva s\u0103pt\u0103m\u00e2ni \u00eenainte de invazie, au reactivat brusc un mecanism care p\u0103rea epuizat, dar au f\u0103cut-o \u00een logica unei situa\u021bii de urgen\u021b\u0103 \u00een materie de securitate, nu \u00een cea a unei convergen\u021be economice planificate.<\/p>\n<p data-start=\"5870\" data-end=\"5906\"><strong data-start=\"5870\" data-end=\"5906\">Func\u021bia geopolitic\u0103 a extinderii<\/strong><\/p>\n<p data-start=\"5908\" data-end=\"6593\">Schimbarea decisiv\u0103 const\u0103 \u00een func\u021bie. Extinderea a evoluat de la un mecanism de integrare la un instrument de conten\u021bie geopolitic\u0103, iar aceast\u0103 tranzi\u021bie trebuie explicat\u0103 \u00een termeni teoretici, nu doar descriptivi. Europa constituie un complex de securitate \u00een care procesele de securitizare ale statelor sale membre sunt at\u00e2t de interconectate, \u00eenc\u00e2t niciunul nu poate fi analizat \u00een mod izolat. Extinderea complexului spre est \u00eenseamn\u0103 \u00eencorporarea \u00een perimetrul s\u0103u de securitate a unor teritorii care p\u00e2n\u0103 acum s-au aflat \u00eentr-o zon\u0103 gri contestat\u0103 cu Rusia. S\u0103 fie clar, aceasta nu este o extindere neutr\u0103; este o redefinire a grani\u021bei dintre dou\u0103 complexe de securitate rivale.<\/p>\n<p data-start=\"6595\" data-end=\"7390\">Conceptul de profunzime strategic\u0103 ne ajut\u0103 s\u0103 clarific\u0103m miza. Un spa\u021biu strategic profund absoarbe \u0219ocurile, \u00eendep\u0103rteaz\u0103 amenin\u021barea de centrul vital \u0219i ofer\u0103 spa\u021biu de manevr\u0103. Pentru Uniune, Ucraina reprezint\u0103 diferen\u021ba dintre o frontier\u0103 estic\u0103 situat\u0103 de-a lungul r\u00e2ului Bug \u0219i una situat\u0103 de-a lungul r\u00e2ului Nipru sau chiar dincolo de acesta. Pentru Rusia, \u00eens\u0103\u0219i Ucraina reprezint\u0103 profunzimea strategic\u0103 ce protejeaz\u0103 Moscova de \u00eenaintarea unui bloc ostil. Cele dou\u0103 cerin\u021be sunt incompatibile din punct de vedere geometric: ceea ce reprezint\u0103 profunzime pentru unul \u00eenseamn\u0103 retragere pentru cel\u0103lalt. \u00cen aceast\u0103 incompatibilitate se afl\u0103 <em data-start=\"7245\" data-end=\"7267\">dilema de securitate<\/em> care structureaz\u0103 \u00eentreaga problem\u0103, deoarece fiecare mi\u0219care defensiv\u0103 a unui actor apare drept ofensiv\u0103 pentru cel\u0103lalt.<\/p>\n<p data-start=\"7392\" data-end=\"8094\">Conceptul de zon\u0103-tampon \u00ee\u0219i pierde aici func\u021bia clasic\u0103, a\u0219a cum este \u00een\u021beleas\u0103 \u00een mod tradi\u021bional \u00een rela\u021biile interna\u021bionale. Din punct de vedere istoric, Ucraina, Republica Moldova \u0219i, \u00eentr-o anumit\u0103 m\u0103sur\u0103, Balcanii au servit drept zone-tampon \u00eentre Occident \u0219i puterea continental\u0103 a Rusiei. Logica extinderii const\u0103 tocmai \u00een desfiin\u021barea zonei-tampon prin integrarea acesteia \u00eentr-unul dintre cei doi poli. Un realist ofensiv \u00een linia lui Mearsheimer ar anticipa c\u0103 eliminarea zonei-tampon ar intensifica conflictul, mai degrab\u0103 dec\u00e2t s\u0103 \u00eel rezolve, deoarece priveaz\u0103 marile puteri de marja care face coexisten\u021ba tolerabil\u0103. Este o predic\u021bie pe care cazul ucrainean a confirmat-o \u00een mod tragic.<\/p>\n<p data-start=\"8096\" data-end=\"8900\">Al\u0103turi de dimensiunea militar\u0103 opereaz\u0103 instrumentul cel mai distinctiv al Uniunii: influen\u021ba normativ\u0103. Puterea normativ\u0103 european\u0103 \u2013 despre care am scris adesea \u2013 sus\u021bine c\u0103 Bruxellesul exercit\u0103 putere nu prin coerci\u021bie, ci prin capacitatea sa de a face ca propriile norme s\u0103 fie acceptate drept standarde. Extinderea este cel mai puternic vehicul al acestei puteri, deoarece le cere \u021b\u0103rilor candidate s\u0103 \u00ee\u0219i rescrie sistemele juridice \u00een conformitate cu modelul european. Securitatea european\u0103, \u00een aceast\u0103 perspectiv\u0103, este ap\u0103rat\u0103 nu doar prin descurajare, ci \u0219i prin extinderea spa\u021biului juridic comun \u2013 o form\u0103 de putere care nu are un echivalent rusesc sau chinez \u2013 iar acest lucru explic\u0103 de ce Moscova percepe extinderea drept o amenin\u021bare existen\u021bial\u0103 chiar \u0219i \u00een absen\u021ba apartenen\u021bei la NATO.<\/p>\n<p data-start=\"8902\" data-end=\"8942\"><strong data-start=\"8902\" data-end=\"8942\">O aten\u021bie special\u0103 acordat\u0103 Ucrainei<\/strong><\/p>\n<p data-start=\"8944\" data-end=\"9636\">Perspectiva tehnocra\u021bilor de la Bruxelles este clar\u0103, bine cunoscut\u0103 tuturor \u0219i reiterat\u0103 constant: niciun candidat nu are o valoare strategic\u0103 comparabil\u0103 cu cea a Ucrainei \u0219i niciunul nu presupune costuri at\u00e2t de uluitoare. \u021aara este cea mai mare situat\u0103 \u00een \u00eentregime \u00een Europa, are peste dou\u0103 mii de kilometri de litoral la Marea Neagr\u0103 \u0219i \u2013 \u00eempreun\u0103 cu Peninsula Crimeea ocupat\u0103 \u2013 controleaz\u0103 accesul nordic c\u0103tre un bazin crucial pentru proiec\u021bia puterii Rusiei c\u0103tre Mediterana. \u00cencorporarea sa \u00een Uniune ar transforma Marea Neagr\u0103 dintr-un lac disputat \u00eentr-o frontier\u0103 maritim\u0103 european\u0103, cu implica\u021bii directe pentru libertatea de naviga\u021bie \u0219i coridoarele de transport al cerealelor.<\/p>\n<p data-start=\"9638\" data-end=\"10434\">Sectorul agricol este de o importan\u021b\u0103 capital\u0103. Ucraina se num\u0103r\u0103 printre cei mai mari exportatori de cereale \u0219i semin\u021be oleaginoase din lume, iar integrarea sa ar remodela pia\u021ba agricol\u0103 european\u0103 \u0219i Politica Agricol\u0103 Comun\u0103 \u00eentr-un mod pe care nicio extindere anterioar\u0103 nu l-a presupus vreodat\u0103. La acestea se adaug\u0103 resurse minerale de o importan\u021b\u0103 strategic\u0103 \u00een cre\u0219tere \u2013 z\u0103c\u0103minte de litiu, titan, grafit \u0219i p\u0103m\u00e2nturi rare \u2013 care, \u00een contextul competi\u021biei cu China pentru materiile prime critice, confer\u0103 ader\u0103rii o dimensiune geoeconomic\u0103 explicit\u0103. Industria militar\u0103 ucrainean\u0103, forjat\u0103 de trei ani de r\u0103zboi de mare intensitate, de\u021bine expertiz\u0103 \u00een produc\u021bia de drone \u0219i \u00een r\u0103zboiul electronic pe care structurile europene de ap\u0103rare o urm\u0103resc cu orice altceva \u00een afar\u0103 de dezinteres.<\/p>\n<p data-start=\"10436\" data-end=\"10798\">\u00cen ceea ce prive\u0219te energia \u0219i logistica, Ucraina de\u021bine o re\u021bea de conducte de gaze, o capacitate de stocare subteran\u0103 printre cele mai mari de pe continent \u0219i coridoare feroviare \u0219i rutiere care leag\u0103 Marea Neagr\u0103 de Europa Central\u0103. Aceste active o transform\u0103 \u00eentr-un hub, nu \u00eentr-o periferie. Dar tocmai amploarea acestor active genereaz\u0103 costurile aferente.<\/p>\n<p data-start=\"10800\" data-end=\"11237\">A patra evaluare comun\u0103 realizat\u0103 de Banca Mondial\u0103, guvernul ucrainean, Comisia European\u0103 \u0219i Organiza\u021bia Na\u021biunilor Unite a estimat necesarul pentru reconstruc\u021bie pe o perioad\u0103 de zece ani la sute de miliarde de dolari \u2013 o cifr\u0103 destinat\u0103 s\u0103 creasc\u0103 pe m\u0103sur\u0103 ce conflictul se prelunge\u0219te. Aderarea unei \u021b\u0103ri aflate \u00een proces de reconstruc\u021bie, cu un teritoriu par\u021bial ocupat \u0219i grani\u021be instabile, este f\u0103r\u0103 precedent \u00een istoria Uniunii.<\/p>\n<p data-start=\"11239\" data-end=\"12123\">Reformele necesare ating nucleul provoc\u0103rilor critice ale Ucrainei: lupta \u00eempotriva corup\u021biei, independen\u021ba justi\u021biei, limitarea influen\u021bei oligarhice \u0219i reforma administra\u021biei publice. Comisia, \u00een <a class=\"decorated-link\" href=\"https:\/\/commission.europa.eu\/topics\/eu-solidarity-ukraine\/ukraines-path-towards-eu-accession_it\" target=\"_new\" rel=\"noopener\" data-start=\"11437\" data-end=\"11551\">rapoartele sale<\/a> din 2024 \u0219i 2025, a recunoscut progresele semnificative realizate sub presiunea r\u0103zboiului, dar a identificat corup\u021bia \u0219i guvernan\u021ba drept probleme nerezolvate. Paradoxul este clar: r\u0103zboiul a accelerat voin\u021ba politic\u0103 pentru reform\u0103, sl\u0103bind \u00een acela\u0219i timp tocmai institu\u021biile \u00eens\u0103rcinate cu implementarea acesteia. <a class=\"decorated-link\" href=\"https:\/\/www.consilium.europa.eu\/it\/press\/press-releases\/2026\/06\/15\/eu-and-ukraine-open-first-accession-negotiations-cluster\/\" target=\"_new\" rel=\"noopener\" data-start=\"11870\" data-end=\"12053\">Valoarea strategic\u0103 a Ucrainei pentru UE este la apogeu<\/a>; gradul s\u0103u de preg\u0103tire institu\u021bional\u0103 este la cel mai sc\u0103zut nivel.<\/p>\n<p data-start=\"12125\" data-end=\"12192\" data-is-last-node data-is-only-node>Credibilitatea \u00eentregului proces va depinde de aceste dou\u0103 extreme.<\/p>\n<p><em><strong>surs\u0103: <a href=\"https:\/\/strategic-culture.su\/news\/2026\/08\/21\/enlargement-of-european-union-in-new-european-order\/\">strategic-culture.su<\/a><\/strong><\/em><\/p>\n<\/div>\n<\/div>\n<p>[analyse_source url=&#8221;https:\/\/solidnews.ro\/este-extinderea-ue-menita-sa-asigure-securitatea-uniunii\/&#8221;]<\/p>\n","protected":false},"excerpt":{"rendered":"<p>[analyse_image type=&#8221;featured&#8221; src=&#8221;https:\/\/solidnews.ro\/wp-content\/uploads\/2026\/08\/ue.jpg&#8221;] Dac\u0103 extinderea c\u0103tre Ucraina, Republica Moldova \u0219i Balcanii de Vest a devenit un instrument al securit\u0103\u021bii europene chiar \u00eenainte de a fi un proces de integrare, dispune Uniunea de capacitatea institu\u021bional\u0103, economic\u0103 \u0219i strategic\u0103 necesar\u0103 pentru a o sus\u021bine? Un proiect \u00eendelung dorit, dar niciodat\u0103 realizat Lansarea Opera\u021biunii Militare Speciale \u00een februarie [&hellip;]<\/p>\n","protected":false},"author":1,"featured_media":0,"comment_status":"open","ping_status":"","sticky":false,"template":"","format":"standard","meta":{"footnotes":""},"categories":[89],"tags":[226,97],"class_list":["post-2108702","post","type-post","status-publish","format-standard","hentry","category-romania","tag-crawlmanager","tag-solidnews-ro"],"_links":{"self":[{"href":"https:\/\/analyse.optim.biz\/index.php?rest_route=\/wp\/v2\/posts\/2108702","targetHints":{"allow":["GET"]}}],"collection":[{"href":"https:\/\/analyse.optim.biz\/index.php?rest_route=\/wp\/v2\/posts"}],"about":[{"href":"https:\/\/analyse.optim.biz\/index.php?rest_route=\/wp\/v2\/types\/post"}],"author":[{"embeddable":true,"href":"https:\/\/analyse.optim.biz\/index.php?rest_route=\/wp\/v2\/users\/1"}],"replies":[{"embeddable":true,"href":"https:\/\/analyse.optim.biz\/index.php?rest_route=%2Fwp%2Fv2%2Fcomments&post=2108702"}],"version-history":[{"count":0,"href":"https:\/\/analyse.optim.biz\/index.php?rest_route=\/wp\/v2\/posts\/2108702\/revisions"}],"wp:attachment":[{"href":"https:\/\/analyse.optim.biz\/index.php?rest_route=%2Fwp%2Fv2%2Fmedia&parent=2108702"}],"wp:term":[{"taxonomy":"category","embeddable":true,"href":"https:\/\/analyse.optim.biz\/index.php?rest_route=%2Fwp%2Fv2%2Fcategories&post=2108702"},{"taxonomy":"post_tag","embeddable":true,"href":"https:\/\/analyse.optim.biz\/index.php?rest_route=%2Fwp%2Fv2%2Ftags&post=2108702"}],"curies":[{"name":"wp","href":"https:\/\/api.w.org\/{rel}","templated":true}]}}