{"id":210866,"date":"2014-02-27T18:58:15","date_gmt":"2014-02-27T15:58:15","guid":{"rendered":"https:\/\/analyse.optim.biz\/?p=210866"},"modified":"2014-02-27T18:58:15","modified_gmt":"2014-02-27T15:58:15","slug":"foto-liberalii-care-tin-de-functii","status":"publish","type":"post","link":"https:\/\/analyse.optim.biz\/?p=210866","title":{"rendered":"FOTO. Liberalii care \u021bin de func\u021bii"},"content":{"rendered":"<div class=\"entry data-app-meta data-app-meta-article\" data-embed-base-url-canonical=\"https:\/\/www.digi24.ro\/embed\/stiri\/actualitate\/politica\/foto-liberalii-care-tin-de-functii-207109\">\n<p data-index=\"1\">\u0218efia companiilor de stat este o miz\u0103 important\u0103 pentru oamenii politici. La fiecare schimbare de guvern, directorii celor mai profitabile companii au fost \u015fi ei \u00eenl\u0103tura\u0163i din func\u0163ii.<\/p>\n<p data-index=\"2\"><strong><img decoding=\"async\" src=\"https:\/\/analyse.optim.biz\/wp-content\/uploads\/2024\/09\/odawjmhhc2g9yjk3yjnjnzjlyjlkzthhztrhmthjzdaxotgymmrlmdi-thumb_.jpg\" data-skip-htmlfix=\"1\" title=\"odawjmhhc2g9yjk3yjnjnzjlyjlkzthhztrhmthjzdaxotgymmrlmdi-thumb_\">Daniela Lulache<\/strong> conduce <strong>Nuclearelectrica<\/strong> \u015fi este na\u0219a de cununie al fostului ministru liberal pentru rom\u00e2nii de pretutindeni, Cristian David. Presa a scris de multe ori despre rela\u0163iile de afaceri ale so\u0163ului ei cu oameni politici.<\/p>\n<p data-index=\"3\">\u201e<span>Eu \u0219tiu c\u0103 am fost recrutat\u0103 \u0219i nu v\u0103d de ce s\u0103 nu r\u0103m\u00e2n\u201d, a declarat Daniela Lulache, \u00eentrebat\u0103 dac\u0103 mai r\u0103m\u00e2ne sau nu \u00een func\u021bie.<\/span><\/p>\n<p data-index=\"4\"><img decoding=\"async\" src=\"https:\/\/analyse.optim.biz\/wp-content\/uploads\/2024\/09\/jnc9odawjmhhc2g9owrlogi4nzg1mjmwmta0zwrjnzy1n2rkyzfiogmwnjq-thumb_.jpg\" data-skip-htmlfix=\"1\" title=\"jnc9odawjmhhc2g9owrlogi4nzg1mjmwmta0zwrjnzy1n2rkyzfiogmwnjq-thumb_\">Un r\u0103spuns similar a dat \u0219i <strong>Gabriel Dumitra\u0219cu<\/strong>, directorul <strong>Direc\u021biei de Privatizare din cadrul Departamentului pentru Energie<\/strong>: \u201eNiciodat\u0103 nu s-a f\u0103cut recrutare pe criterii politice&#8230;cel pu\u021bin \u00een ultimul an de c\u00e2nd au trecut h\u00e2rtiile pe la mine\u201d.<\/p>\n<p data-index=\"5\"><img decoding=\"async\" src=\"https:\/\/analyse.optim.biz\/wp-content\/uploads\/2024\/09\/m2zkzdm5yzu0ndu3ymvkngy1oty5n2y3nja5-thumb_.jpg\" data-skip-htmlfix=\"1\" title=\"m2zkzdm5yzu0ndu3ymvkngy1oty5n2y3nja5-thumb_\">La \u0219efia <strong>Fiscului<\/strong> este tot un liberal. <strong>Gelu \u0218tefan Diaconu<\/strong> a fost numit la conducerea ANAF \u00een aprilie anul trecut. El este un apropiat al pre\u0219edintelui <strong>ASF, Dan Radu Ru\u0219anu<\/strong>. <\/p>\n<p data-index=\"6\">\u201eC\u00e2t timp are \u00eencas\u0103ri mari sunt mul\u021bumit, c\u00e2t le are sub, nu mai sunt mul\u021bumit \u0219i \u00eel schimb\u0103m. Pe ianuarie sunt foarte multumit. Este plus 9%\u201d, a declarat premierul <strong>Victor Ponta<\/strong>.<\/p>\n<p data-index=\"7\">Nici pre\u0219edintele <strong>Casei de Pensii<\/strong> nu renun\u021b\u0103 u\u0219or la func\u021bia \u00een care a fost numit de liberali \u0219i spune c\u0103 este \u00een primul r\u00e2nd tehnocrat \u0219i abia apoi politician. \u201e<span>Problema demisiei a fost pus\u0103. Eu semnez practic tot ce se nume\u0219te deschidere de plat\u0103, de pensii \u00een aceast\u0103 \u021bar\u0103. \u0218i av\u00e2nd o calitate at\u00e2t de important\u0103, eu nu am putut s\u0103 \u00eemi dau demisia av\u00e2nd at\u00e2tea responsabilit\u0103\u021bi\u201d, a declarat pentru <strong>Digi24<\/strong><strong>Ileana Ciutan<\/strong>, pre\u0219edintele Casei Na\u021bionale de Pensii.<\/span><\/p>\n<p data-index=\"8\"><img decoding=\"async\" src=\"https:\/\/analyse.optim.biz\/wp-content\/uploads\/2024\/09\/yxnoptyyzjc1zdm0njk4yzdhywzknjdmnzzlodhinznlnjc1-thumb_.jpg\" data-skip-htmlfix=\"1\" title=\"yxnoptyyzjc1zdm0njk4yzdhywzknjdmnzzlodhinznlnjc1-thumb_\">Surse din Ministerul Economiei spun c\u0103 \u0219eful <strong>Oficiului pentru Privatiz\u0103ri<\/strong>, tot un liberal, \u0219i-a depus deja telefonul de serviciu \u0219i a plecat. <strong>Marius \u0218tefan Vintil\u0103<\/strong> este fostul consilier al lui <strong>C\u0103lin Popescu T\u0103riceanu<\/strong> \u0219i vicepre\u0219edinte al tineretului liberal. Nu apare \u00eens\u0103 pe lista celor care au fost elibera\u021bi din func\u021bie.\u00a0Interesant\u0103 este \u0219i evolu\u021bia conturilor bancare ale lui Marius Vintil\u0103. \u00cen doar patru ani, de\u0219i a avut doar func\u021bii la stat, t\u00e2n\u0103rul liberal are cu <strong>peste 20.000 de euro<\/strong> mai mult \u00een conturi.<\/p>\n<p data-index=\"9\"><img decoding=\"async\" src=\"https:\/\/analyse.optim.biz\/wp-content\/uploads\/2024\/09\/ptgwmczoyxnoptmznmiznzm0njg0mdc5ymrmowi0yjcyntblmde3zdhk-thumb_.jpg\" data-skip-htmlfix=\"1\" title=\"ptgwmczoyxnoptmznmiznzm0njg0mdc5ymrmowi0yjcyntblmde3zdhk-thumb_\">Nici <strong>Nicolae Havrile\u021b<\/strong>, pre\u0219edintele <strong>Autorit\u0103\u021bii pentru Reglementare \u00een Energie<\/strong>, nu \u0219i-a \u00eenaintat demisia din func\u021bie. El este <strong>vicepre\u0219edintele PNL T\u00e2rgu Mure\u0219<\/strong> \u0219i a fost ales de Parlament \u00een octombrie 2012 s\u0103 stabileasc\u0103 pre\u021burile pentru gaze \u0219i electricitate.<\/p>\n<\/div>\n<p> Source URL: https:\/\/www.digi24.ro\/stiri\/actualitate\/politica\/foto-liberalii-care-tin-de-functii-207109<\/p>\n","protected":false},"excerpt":{"rendered":"<p>\u0218efia companiilor de stat este o miz\u0103 important\u0103 pentru oamenii politici. La fiecare schimbare de guvern, directorii celor mai profitabile companii au fost \u015fi ei \u00eenl\u0103tura\u0163i din func\u0163ii. Daniela Lulache conduce Nuclearelectrica \u015fi este na\u0219a de cununie al fostului ministru liberal pentru rom\u00e2nii de pretutindeni, Cristian David. Presa a scris de multe ori despre rela\u0163iile [&hellip;]<\/p>\n","protected":false},"author":1,"featured_media":210867,"comment_status":"open","ping_status":"","sticky":false,"template":"","format":"standard","meta":{"footnotes":""},"categories":[2],"tags":[11],"class_list":["post-210866","post","type-post","status-publish","format-standard","has-post-thumbnail","hentry","category-politics","tag-digi24"],"_links":{"self":[{"href":"https:\/\/analyse.optim.biz\/index.php?rest_route=\/wp\/v2\/posts\/210866","targetHints":{"allow":["GET"]}}],"collection":[{"href":"https:\/\/analyse.optim.biz\/index.php?rest_route=\/wp\/v2\/posts"}],"about":[{"href":"https:\/\/analyse.optim.biz\/index.php?rest_route=\/wp\/v2\/types\/post"}],"author":[{"embeddable":true,"href":"https:\/\/analyse.optim.biz\/index.php?rest_route=\/wp\/v2\/users\/1"}],"replies":[{"embeddable":true,"href":"https:\/\/analyse.optim.biz\/index.php?rest_route=%2Fwp%2Fv2%2Fcomments&post=210866"}],"version-history":[{"count":0,"href":"https:\/\/analyse.optim.biz\/index.php?rest_route=\/wp\/v2\/posts\/210866\/revisions"}],"wp:featuredmedia":[{"embeddable":true,"href":"https:\/\/analyse.optim.biz\/index.php?rest_route=\/wp\/v2\/media\/210867"}],"wp:attachment":[{"href":"https:\/\/analyse.optim.biz\/index.php?rest_route=%2Fwp%2Fv2%2Fmedia&parent=210866"}],"wp:term":[{"taxonomy":"category","embeddable":true,"href":"https:\/\/analyse.optim.biz\/index.php?rest_route=%2Fwp%2Fv2%2Fcategories&post=210866"},{"taxonomy":"post_tag","embeddable":true,"href":"https:\/\/analyse.optim.biz\/index.php?rest_route=%2Fwp%2Fv2%2Ftags&post=210866"}],"curies":[{"name":"wp","href":"https:\/\/api.w.org\/{rel}","templated":true}]}}