{"id":2108462,"date":"2026-08-22T18:44:02","date_gmt":"2026-08-22T15:44:02","guid":{"rendered":"https:\/\/analyse.optim.biz\/?p=2108462"},"modified":"2026-08-22T18:44:02","modified_gmt":"2026-08-22T15:44:02","slug":"primaria-veche-din-timisoara-povestea-cladirii-care-a-administrat-orasul-timp-de-peste-doua-secole","status":"publish","type":"post","link":"https:\/\/analyse.optim.biz\/?p=2108462","title":{"rendered":"Prim\u0103ria Veche din Timi\u0219oara: povestea cl\u0103dirii care a administrat ora\u0219ul timp de peste dou\u0103 secole"},"content":{"rendered":"<p>[analyse_image type=&#8221;featured&#8221; src=&#8221;https:\/\/orasul-timisoara.ro\/wp-content\/uploads\/2026\/08\/timisoara-de-altadata-002-piata-libertatii-1970-Copy-1.jpg&#8221;]<\/p>\n<article id=\"post-40271\" class=\"td-post-template-7 post-40271 post type-post status-publish format-standard has-post-thumbnail category-istoria-timisoarei category-stiri-timisoara tag-arhitectura-istorica tag-banat tag-cetatea-timisoarei tag-istorie-locala tag-monumente-istorice tag-patrimoniu-timisoara-2 tag-piata-libertatii-2 tag-primaria-veche tag-timisoara-2 td-container-wrap\">\n<div class=\"td-full-screen-header-image-wrap\">\n<div class=\"td-container td-post-header\">\n<div class=\"td-crumb-container\">\n<div class=\"entry-crumbs\"><span><a title=\"Vede\u021bi toate articolele \u00een Istoria Timi\u0219oarei\" class=\"entry-crumb\" href=\"https:\/\/orasul-timisoara.ro\/local-category\/istoria-timisoarei\/\">Istoria Timi\u0219oarei<\/a><\/span><span class=\"td-bred-no-url-last\">Prim\u0103ria Veche din Timi\u0219oara: povestea cl\u0103dirii care a administrat ora\u0219ul timp de&#8230;<\/span><\/div>\n<\/div>\n<div class=\"td-post-header-holder\">\n<div class=\"td-parallax-header\">\n<header class=\"td-post-title\">\n<ul class=\"td-category\">\n<li class=\"entry-category\"><a href=\"https:\/\/orasul-timisoara.ro\/local-category\/istoria-timisoarei\/\">Istoria Timi\u0219oarei<\/a><\/li>\n<li class=\"entry-category\"><a href=\"https:\/\/orasul-timisoara.ro\/local-category\/stiri-timisoara\/\">\u0218tiri Locale<\/a><\/li>\n<\/ul>\n<h1 class=\"entry-title\">Prim\u0103ria Veche din Timi\u0219oara: povestea cl\u0103dirii care a administrat ora\u0219ul timp de peste dou\u0103 secole<\/h1>\n<div class=\"td-module-meta-info\">\n<div class=\"td-post-author-name\">\n<div class=\"td-author-by\">De c\u0103tre<\/div>\n<p><a href=\"https:\/\/orasul-timisoara.ro\/author\/timisoara\/\">redactia<\/a><\/p>\n<div class=\"td-author-line\"> &#8211; <\/div>\n<\/div>\n<p><span class=\"td-post-date\"><time class=\"entry-date updated td-module-date\" datetime=\"2026-08-22T21:44:02+03:00\">22\/08\/2026<\/time><\/span><\/div>\n<\/header>\n<\/div>\n<\/div>\n<\/div>\n<div id=\"td-full-screen-header-image\" class=\"td-image-gradient-style7\"><img decoding=\"async\" class=\"td-backstretch\" src=\"https:\/\/orasul-timisoara.ro\/wp-content\/uploads\/2026\/08\/timisoara-de-altadata-002-piata-libertatii-1970-Copy-1.jpg\"><\/div>\n<\/div>\n<div class=\"td-container\">\n<div class=\"td-pb-row\">\n<div class=\"td-pb-span8 td-main-content\" role=\"main\">\n<div class=\"td-ss-main-content\">\n<div class=\"td-post-sharing-top\">\n<div class=\"td-post-sharing-classic\"><iframe title=\"topFacebookLike\" frameborder src=\"https:\/\/www.facebook.com\/plugins\/like.php?href=https:\/\/orasul-timisoara.ro\/local-40271\/&amp;layout=button_count&amp;show_faces=false&amp;width=105&amp;action=like&amp;colorscheme=light&amp;height=21\"><\/iframe><\/div>\n<div id=\"td_social_sharing_article_top\" class=\"td-post-sharing td-ps-bg td-ps-notext td-post-sharing-style1 \">\n<div class=\"td-post-sharing-visible\"><a class=\"td-social-sharing-button td-social-sharing-button-js td-social-network td-social-facebook\" href=\"https:\/\/www.facebook.com\/sharer.php?u=https%3A%2F%2Forasul-timisoara.ro%2Flocal-40271%2F\" title=\"Facebook\"><\/p>\n<div class=\"td-social-but-text\">Facebook<\/div>\n<p><\/a><a class=\"td-social-sharing-button td-social-sharing-button-js td-social-network td-social-twitter\" href=\"https:\/\/twitter.com\/intent\/tweet?text=Prim%C4%83ria+Veche+din+Timi%C8%99oara%3A+povestea+cl%C4%83dirii+care+a+administrat+ora%C8%99ul+timp+de+peste+dou%C4%83+secole&amp;url=https%3A%2F%2Forasul-timisoara.ro%2Flocal-40271%2F&amp;via=orasultm\" title=\"Twitter\"><\/p>\n<div class=\"td-social-but-text\">Twitter<\/div>\n<p><\/a><a class=\"td-social-sharing-button td-social-sharing-button-js td-social-network td-social-whatsapp\" href=\"https:\/\/api.whatsapp.com\/send?text=Prim%C4%83ria+Veche+din+Timi%C8%99oara%3A+povestea+cl%C4%83dirii+care+a+administrat+ora%C8%99ul+timp+de+peste+dou%C4%83+secole%20%0A%0A%20https:\/\/orasul-timisoara.ro\/local-40271\/\" title=\"WhatsApp\"><\/p>\n<div class=\"td-social-but-text\">WhatsApp<\/div>\n<p><\/a><a class=\"td-social-sharing-button td-social-sharing-button-js td-social-network td-social-linkedin\" href=\"https:\/\/www.linkedin.com\/shareArticle?mini=true&amp;url=https:\/\/orasul-timisoara.ro\/local-40271\/&amp;title=Prim%C4%83ria+Veche+din+Timi%C8%99oara%3A+povestea+cl%C4%83dirii+care+a+administrat+ora%C8%99ul+timp+de+peste+dou%C4%83+secole\" title=\"Linkedin\"><\/p>\n<div class=\"td-social-but-text\">Linkedin<\/div>\n<p><\/a><a class=\"td-social-sharing-button td-social-sharing-button-js td-social-network td-social-reddit\" href=\"https:\/\/reddit.com\/submit?url=https:\/\/orasul-timisoara.ro\/local-40271\/&amp;title=Prim%C4%83ria+Veche+din+Timi%C8%99oara%3A+povestea+cl%C4%83dirii+care+a+administrat+ora%C8%99ul+timp+de+peste+dou%C4%83+secole\" title=\"ReddIt\"><\/p>\n<div class=\"td-social-but-text\">ReddIt<\/div>\n<p><\/a><a class=\"td-social-sharing-button td-social-sharing-button-js td-social-network td-social-mail\" href=\"mailto:?subject=Prim%C4%83ria%20Veche%20din%20Timi%C8%99oara:%20povestea%20cl%C4%83dirii%20care%20a%20administrat%20ora%C8%99ul%20timp%20de%20peste%20dou%C4%83%20secole&amp;body=https:\/\/orasul-timisoara.ro\/local-40271\/\" title=\"Email\"><\/p>\n<div class=\"td-social-but-text\">Email<\/div>\n<p><\/a><a class=\"td-social-sharing-button td-social-sharing-button-js td-social-network td-social-print\" href=\"https:\/\/orasul-timisoara.ro\/local-40271\/\" title=\"Imprimare\"><\/p>\n<div class=\"td-social-but-text\">Imprimare<\/div>\n<p><\/a><\/div>\n<\/div>\n<\/div>\n<div class=\"td-post-content tagdiv-type\">\n<p class=\"wp-block-paragraph\">\u00cen centrul Timi\u0219oarei, la num\u0103rul 1 din Pia\u021ba Libert\u0103\u021bii, se afl\u0103 una dintre cl\u0103dirile care p\u0103streaz\u0103 cel mai bine memoria administra\u021biei ora\u0219ului: Prim\u0103ria Veche. Monument istoric de valoare na\u021bional\u0103, cl\u0103direa este datat\u0103 1731\u20131734, cu o reconstruc\u021bie important\u0103 \u00een 1782 \u0219i interven\u021bii ulterioare \u00een secolul al XIX-lea \u0219i \u00een 1935. Nu trebuie confundat\u0103 cu actuala Prim\u0103rie a Municipiului Timi\u0219oara, aflat\u0103 pe bulevardul C.D. Loga nr. 1, \u00eentr-o cl\u0103dire construit\u0103 \u00een 1914.<\/p>\n<p class=\"wp-block-paragraph\">Povestea Prim\u0103riei Vechi \u00eencepe dup\u0103 cucerirea habsburgic\u0103 a Timi\u0219oarei din 1716, \u00eentr-un moment \u00een care cetatea era reorganizat\u0103 administrativ \u0219i urbanistic. Comunitatea german\u0103 stabilit\u0103 \u00een Cetate a solicitat un sediu propriu pentru administra\u021bie, iar la sf\u00e2r\u0219itul anului 1731 a fost pus\u0103 piatra de temelie a noii cl\u0103diri. Cercetarea Patrimoniul sub reflectoare indic\u0103 existen\u021ba unui document din 1731 prin care conducerea comunit\u0103\u021bii germane cerea Administra\u021biei \u021a\u0103rii Banatului m\u0103suri pentru construirea sediului.<\/p>\n<p class=\"wp-block-paragraph\">Edificiul ridicat \u00eentre 1731 \u0219i 1734 a avut \u00eenc\u0103 de la \u00eenceput func\u021biuni mai largi dec\u00e2t aceea de simplu sediu administrativ. Cercet\u0103rile de patrimoniu \u00eel descriu ca pe un imobil cu func\u021biuni mixte, care cuprindea prim\u0103ria, o sal\u0103 de bal, o c\u00e2rcium\u0103 \u0219i o pr\u0103v\u0103lie. \u00centre 1734 \u0219i 1781 aici a func\u021bionat Prim\u0103ria Comunit\u0103\u021bii Germane, cunoscut\u0103 \u0219i sub numele de \u201ePrim\u0103ria Nou\u0103\u201d, \u00eentruc\u00e2t exista \u0219i o administra\u021bie s\u00e2rbeasc\u0103 \u00een ora\u0219.<\/p>\n<p class=\"wp-block-paragraph\">Locul ales pentru cl\u0103dire este la fel de interesant ca edificiul \u00eensu\u0219i. Sursele locale de patrimoniu leag\u0103 amplasamentul de existen\u021ba unei b\u0103i publice din perioada otoman\u0103, iar l\u00e2ng\u0103 intrarea Prim\u0103riei Vechi se p\u0103streaz\u0103 o inscrip\u021bie cu caractere arabe, considerat\u0103 de majoritatea cercet\u0103torilor o m\u0103rturie legat\u0103 de o baie turceasc\u0103. Interpretarea exact\u0103 a inscrip\u021biei a f\u0103cut \u00eens\u0103 obiectul unor discu\u021bii \u00eentre cercet\u0103tori, astfel \u00eenc\u00e2t afirma\u021bia trebuie tratat\u0103 cu aceast\u0103 rezerv\u0103.<\/p>\n<p class=\"wp-block-paragraph\">Pia\u021ba Libert\u0103\u021bii \u00een care se afl\u0103 Prim\u0103ria Veche este, la r\u00e2ndul ei, un spa\u021biu esen\u021bial pentru \u00een\u021belegerea transform\u0103rii Timi\u0219oarei. Dup\u0103 1716, ora\u0219ul a fost reorganizat pe o tram\u0103 stradal\u0103 regulat\u0103, iar pia\u021ba a c\u0103p\u0103tat treptat configura\u021bia monumental\u0103 pe care o recunoa\u0219tem ast\u0103zi. \u00cen jurul ei s-au grupat unele dintre cele mai vechi construc\u021bii p\u0103strate \u00een centrul istoric: fostul Generalat, vechea Cancelarie de R\u0103zboi, Prim\u0103ria Veche \u0219i apoi Cazinoul Militar.<\/p>\n<h2 class=\"wp-block-heading\">De la prim\u0103rie german\u0103 la Prim\u0103ria Ora\u0219ului Liber Regal<\/h2>\n<p class=\"wp-block-paragraph\">Anul 1781 a adus o schimbare important\u0103 \u00een statutul Timi\u0219oarei. Ora\u0219ul a fost ridicat la rangul de ora\u0219 liber regesc, iar administra\u021biile germane \u0219i s\u00e2rbe au fost reunite \u00eentr-o singur\u0103 structur\u0103 municipal\u0103. \u00cen anul urm\u0103tor, cl\u0103direa Prim\u0103riei Vechi a trecut printr-o reconstruc\u021bie \u0219i extindere atribuit\u0103 constructorului Joseph Aigner. Interven\u021bia a modificat substan\u021bial aspectul edificiului \u0219i a coincis cu noua etap\u0103 administrativ\u0103 a ora\u0219ului.<\/p>\n<p class=\"wp-block-paragraph\">Fa\u021bada pe care o vedem ast\u0103zi nu este, a\u0219adar, pur \u0219i simplu cea a cl\u0103dirii construite \u00een anii 1730. Imobilul a suferit distrugeri \u00een timpul asediului din 1849, c\u00e2nd Timi\u0219oara a fost bombardat\u0103 \u00een contextul revolu\u021biei \u0219i conflictului dintre autorit\u0103\u021bile habsburgice \u0219i revolu\u021bionarii maghiari. Un proiect pentru refacerea fa\u021badei este datat 1853, iar interven\u021biile de mai t\u00e2rziu au contribuit la aspectul actual al cl\u0103dirii.<\/p>\n<p class=\"wp-block-paragraph\">Din punct de vedere arhitectural, Prim\u0103ria Veche este ast\u0103zi descris\u0103 drept o cl\u0103dire eclectic\u0103, cu elemente clasiciste caracteristice celei de-a doua jum\u0103t\u0103\u021bi a secolului al XIX-lea. Are parter \u0219i dou\u0103 etaje, iar axul central este accentuat de portalul monumental, balconul \u0219i ferestrele arcuite. Pila\u0219trii \u0219i compartimentarea ritmic\u0103 a fa\u021badei \u00eei confer\u0103 caracterul reprezentativ de edificiu public.<\/p>\n<p class=\"wp-block-paragraph\">Un detaliu aparte se afl\u0103 chiar deasupra intr\u0103rii. Pe frontispiciu este reprezentat\u0103 o por\u021biune din fortifica\u021biile Timi\u0219oarei otomane, inclusiv o palisad\u0103 \u0219i ceea ce este identificat drept Poarta Prin\u021bului Eugeniu. Astfel, cl\u0103direa nu aminte\u0219te doar de istoria administra\u021biei habsburgice, ci p\u0103streaz\u0103 \u0219i o referin\u021b\u0103 vizual\u0103 la perioada otoman\u0103 a ora\u0219ului.<\/p>\n<h2 class=\"wp-block-heading\">O prim\u0103rie care a r\u0103mas \u00een func\u021biune p\u00e2n\u0103 \u00een secolul XX<\/h2>\n<p class=\"wp-block-paragraph\">Prim\u0103ria Veche nu a fost doar un decor pentru istoria Timi\u0219oarei, ci unul dintre centrele administrative efective ale ora\u0219ului. Func\u021biunea de prim\u0103rie s-a p\u0103strat aici timp de mai bine de dou\u0103 secole, p\u00e2n\u0103 \u00een 1949. \u00cen 1935 cl\u0103direa fusese supus\u0103 unei repara\u021bii importante, iar dup\u0103 mutarea administra\u021biei municipale activitatea Prim\u0103riei a continuat \u00eentr-un nou sediu, cel de pe actualul bulevard C.D. Loga.<\/p>\n<p class=\"wp-block-paragraph\">Schimbarea din 1949 a reprezentat sf\u00e2r\u0219itul unei epoci pentru cl\u0103direa din Pia\u021ba Libert\u0103\u021bii. Fosta prim\u0103rie a primit ulterior diverse func\u021biuni institu\u021bionale, iar \u00een perioada contemporan\u0103 a g\u0103zduit \u00eentre altele institu\u021bii culturale \u0219i de \u00eenv\u0103\u021b\u0103m\u00e2nt. Timi\u0219oara 2023 men\u021bioneaz\u0103 c\u0103 \u00een prezent imobilul g\u0103zduie\u0219te Facultatea de Muzic\u0103 \u0219i Teatru a Universit\u0103\u021bii de Vest din Timi\u0219oara.<\/p>\n<p class=\"wp-block-paragraph\">Istoria Prim\u0103riei Vechi este, \u00een esen\u021b\u0103, istoria transform\u0103rii Timi\u0219oarei din cetate otoman\u0103 \u00een ora\u0219 administrat de Habsburgi \u0219i apoi \u00eentr-un mare centru urban modern. Cl\u0103direa a fost ridicat\u0103 \u00eentr-o perioad\u0103 de reorganizare radical\u0103 a ora\u0219ului, a devenit sediul administra\u021biei unui ora\u0219 liber regesc, a trecut prin bombardamente \u0219i reconstruc\u021bii \u0219i \u0219i-a pierdut func\u021bia administrativ\u0103 abia la mijlocul secolului XX.<\/p>\n<p class=\"wp-block-paragraph\">Ast\u0103zi, Prim\u0103ria Veche r\u0103m\u00e2ne una dintre piesele importante ale ansamblului istoric din Pia\u021ba Libert\u0103\u021bii. Valoarea sa nu st\u0103 doar \u00een vechime, ci \u00een straturile de istorie pe care le concentreaz\u0103: perioada otoman\u0103 evocat\u0103 de inscrip\u021bia de l\u00e2ng\u0103 intrare, reorganizarea habsburgic\u0103, administra\u021bia ora\u0219ului liber regesc, asediul din 1849 \u0219i transform\u0103rile urbane ale secolelor XIX \u0219i XX. Lista oficial\u0103 a monumentelor istorice o \u00eenregistreaz\u0103 cu codul TM-II-m-A-06142, pentru adresa Pia\u021ba Libert\u0103\u021bii nr. 1.<\/p>\n<\/div>\n<footer>\n<div class=\"td-post-source-tags\">\n<ul class=\"td-tags td-post-small-box clearfix\">\n<li><span>ETICHETE<\/span><\/li>\n<li><a href=\"https:\/\/orasul-timisoara.ro\/local-tag\/arhitectura-istorica\/\">arhitectur\u0103 istoric\u0103<\/a><\/li>\n<li><a href=\"https:\/\/orasul-timisoara.ro\/local-tag\/banat\/\">banat<\/a><\/li>\n<li><a href=\"https:\/\/orasul-timisoara.ro\/local-tag\/cetatea-timisoarei\/\">cetatea Timi\u0219oarei<\/a><\/li>\n<li><a href=\"https:\/\/orasul-timisoara.ro\/local-tag\/istorie-locala\/\">istorie local\u0103<\/a><\/li>\n<li><a href=\"https:\/\/orasul-timisoara.ro\/local-tag\/monumente-istorice\/\">monumente istorice<\/a><\/li>\n<li><a href=\"https:\/\/orasul-timisoara.ro\/local-tag\/patrimoniu-timisoara-2\/\">patrimoniu Timi\u0219oara<\/a><\/li>\n<li><a href=\"https:\/\/orasul-timisoara.ro\/local-tag\/piata-libertatii-2\/\">Pia\u021ba Libert\u0103\u021bii<\/a><\/li>\n<li><a href=\"https:\/\/orasul-timisoara.ro\/local-tag\/primaria-veche\/\">Prim\u0103ria Veche<\/a><\/li>\n<li><a href=\"https:\/\/orasul-timisoara.ro\/local-tag\/timisoara-2\/\">timi\u0219oara<\/a><\/li>\n<\/ul>\n<\/div>\n<div class=\"td-post-sharing-bottom\">\n<div class=\"td-post-sharing-classic\"><iframe title=\"bottomFacebookLike\" frameborder src=\"https:\/\/www.facebook.com\/plugins\/like.php?href=https:\/\/orasul-timisoara.ro\/local-40271\/&amp;layout=button_count&amp;show_faces=false&amp;width=105&amp;action=like&amp;colorscheme=light&amp;height=21\"><\/iframe><\/div>\n<div id=\"td_social_sharing_article_bottom\" class=\"td-post-sharing td-ps-bg td-ps-notext td-post-sharing-style1 \">\n<div class=\"td-post-sharing-visible\"><a class=\"td-social-sharing-button td-social-sharing-button-js td-social-network td-social-facebook\" href=\"https:\/\/www.facebook.com\/sharer.php?u=https%3A%2F%2Forasul-timisoara.ro%2Flocal-40271%2F\" title=\"Facebook\"><\/p>\n<div class=\"td-social-but-text\">Facebook<\/div>\n<p><\/a><a class=\"td-social-sharing-button td-social-sharing-button-js td-social-network td-social-twitter\" href=\"https:\/\/twitter.com\/intent\/tweet?text=Prim%C4%83ria+Veche+din+Timi%C8%99oara%3A+povestea+cl%C4%83dirii+care+a+administrat+ora%C8%99ul+timp+de+peste+dou%C4%83+secole&amp;url=https%3A%2F%2Forasul-timisoara.ro%2Flocal-40271%2F&amp;via=orasultm\" title=\"Twitter\"><\/p>\n<div class=\"td-social-but-text\">Twitter<\/div>\n<p><\/a><a class=\"td-social-sharing-button td-social-sharing-button-js td-social-network td-social-whatsapp\" href=\"https:\/\/api.whatsapp.com\/send?text=Prim%C4%83ria+Veche+din+Timi%C8%99oara%3A+povestea+cl%C4%83dirii+care+a+administrat+ora%C8%99ul+timp+de+peste+dou%C4%83+secole%20%0A%0A%20https:\/\/orasul-timisoara.ro\/local-40271\/\" title=\"WhatsApp\"><\/p>\n<div class=\"td-social-but-text\">WhatsApp<\/div>\n<p><\/a><a class=\"td-social-sharing-button td-social-sharing-button-js td-social-network td-social-linkedin\" href=\"https:\/\/www.linkedin.com\/shareArticle?mini=true&amp;url=https:\/\/orasul-timisoara.ro\/local-40271\/&amp;title=Prim%C4%83ria+Veche+din+Timi%C8%99oara%3A+povestea+cl%C4%83dirii+care+a+administrat+ora%C8%99ul+timp+de+peste+dou%C4%83+secole\" title=\"Linkedin\"><\/p>\n<div class=\"td-social-but-text\">Linkedin<\/div>\n<p><\/a><a class=\"td-social-sharing-button td-social-sharing-button-js td-social-network td-social-reddit\" href=\"https:\/\/reddit.com\/submit?url=https:\/\/orasul-timisoara.ro\/local-40271\/&amp;title=Prim%C4%83ria+Veche+din+Timi%C8%99oara%3A+povestea+cl%C4%83dirii+care+a+administrat+ora%C8%99ul+timp+de+peste+dou%C4%83+secole\" title=\"ReddIt\"><\/p>\n<div class=\"td-social-but-text\">ReddIt<\/div>\n<p><\/a><a class=\"td-social-sharing-button td-social-sharing-button-js td-social-network td-social-mail\" href=\"mailto:?subject=Prim%C4%83ria%20Veche%20din%20Timi%C8%99oara:%20povestea%20cl%C4%83dirii%20care%20a%20administrat%20ora%C8%99ul%20timp%20de%20peste%20dou%C4%83%20secole&amp;body=https:\/\/orasul-timisoara.ro\/local-40271\/\" title=\"Email\"><\/p>\n<div class=\"td-social-but-text\">Email<\/div>\n<p><\/a><a class=\"td-social-sharing-button td-social-sharing-button-js td-social-network td-social-print\" href=\"https:\/\/orasul-timisoara.ro\/local-40271\/\" title=\"Imprimare\"><\/p>\n<div class=\"td-social-but-text\">Imprimare<\/div>\n<p><\/a><\/div>\n<\/div>\n<\/div>\n<div class=\"td-block-row td-post-next-prev\">\n<div class=\"td-block-span6 td-post-prev-post\">\n<div class=\"td-post-next-prev-content\"><span>Articolul precedent<\/span><a href=\"https:\/\/orasul-timisoara.ro\/local-40441\/\">\u201eCe \u0219tia Grindeanu?\u201d Dominic Fritz lanseaz\u0103 acuza\u021bii grave \u00een scandalul \u201eamendamentului Fritz\u201d<\/a><\/div>\n<\/div>\n<div class=\"td-block-span6 td-post-next-post\">\n<div class=\"td-post-next-prev-content\"><span>Articolul urm\u0103tor<\/span><a href=\"https:\/\/orasul-timisoara.ro\/local-40449\/\">Cum se s\u0103rb\u0103torea 23 august \u00een comunism: parade, propagand\u0103 \u0219i cultul lui Ceau\u0219escu<\/a><\/div>\n<\/div>\n<\/div>\n<div class=\"td-author-name vcard author\"><span class=\"fn\"><a href=\"https:\/\/orasul-timisoara.ro\/author\/timisoara\/\">redactia<\/a><\/span><\/div>\n<p><span class=\"td-page-meta\"><\/span><span class=\"td-page-meta\"><span class=\"td-page-meta\"><\/span><\/span><span class=\"td-page-meta\"><\/span><\/footer>\n<div class=\"td_block_wrap td_block_related_posts tdi_3 td_with_ajax_pagination td-pb-border-top td_block_template_8\" data-td-block-uid=\"tdi_3\">\n<h4 class=\"td-related-title td-block-title\"><a id=\"tdi_4\" class=\"td-related-left td-cur-simple-item\" data-td_filter_value data-td_block_id=\"tdi_3\" href=\"https:\/\/orasul-timisoara.ro\/local-40271\/\">ARTICOLE SIMILARE<\/a><a id=\"tdi_5\" class=\"td-related-right\" data-td_filter_value=\"td_related_more_from_author\" data-td_block_id=\"tdi_3\" href=\"https:\/\/orasul-timisoara.ro\/local-40271\/\">DE LA ACELA\u0218I AUTOR<\/a><\/h4>\n<div id=\"tdi_3\" class=\"td_block_inner\">\n<div class=\"td-related-row\">\n<div class=\"td-related-span4\">\n<div class=\"td_module_related_posts td-animation-stack td_mod_related_posts\">\n<div class=\"td-module-image\">\n<div class=\"td-module-thumb\"><a href=\"https:\/\/orasul-timisoara.ro\/local-40215\/\" rel=\"bookmark\" class=\"td-image-wrap \" title=\"Eclipsa de Soare \u00een tradi\u021bia rom\u00e2neasc\u0103: ce credeau oamenii din Banat\"><img loading=\"lazy\" decoding=\"async\" class=\"entry-thumb\" src=\"https:\/\/orasul-timisoara.ro\/wp-content\/uploads\/2026\/08\/elipsa-traditii-banat-436x300.jpg\" alt title=\"Eclipsa de Soare \u00een tradi\u021bia rom\u00e2neasc\u0103: ce credeau oamenii din Banat\" width=\"218\" height=\"150\"><\/a><\/div>\n<\/div>\n<div class=\"item-details\">\n<h3 class=\"entry-title td-module-title\"><a href=\"https:\/\/orasul-timisoara.ro\/local-40215\/\" rel=\"bookmark\" title=\"Eclipsa de Soare \u00een tradi\u021bia rom\u00e2neasc\u0103: ce credeau oamenii din Banat\">Eclipsa de Soare \u00een tradi\u021bia rom\u00e2neasc\u0103: ce credeau oamenii din Banat<\/a><\/h3>\n<\/div>\n<\/div>\n<\/div>\n<div class=\"td-related-span4\">\n<div class=\"td_module_related_posts td-animation-stack td_mod_related_posts\">\n<div class=\"td-module-image\">\n<div class=\"td-module-thumb\"><a href=\"https:\/\/orasul-timisoara.ro\/local-40165\/\" rel=\"bookmark\" class=\"td-image-wrap \" title=\"ANM anun\u021b\u0103 canicul\u0103 \u00een Timi\u0219 \u0219i Arad. Mar\u021bi vine v\u00e2rful de c\u0103ldur\u0103\"><img loading=\"lazy\" decoding=\"async\" class=\"entry-thumb\" src=\"https:\/\/orasul-timisoara.ro\/wp-content\/uploads\/2022\/07\/vreme-termometru.jpg\" alt title=\"ANM anun\u021b\u0103 canicul\u0103 \u00een Timi\u0219 \u0219i Arad. Mar\u021bi vine v\u00e2rful de c\u0103ldur\u0103\" width=\"218\" height=\"150\"><\/a><\/div>\n<\/div>\n<div class=\"item-details\">\n<h3 class=\"entry-title td-module-title\"><a href=\"https:\/\/orasul-timisoara.ro\/local-40165\/\" rel=\"bookmark\" title=\"ANM anun\u021b\u0103 canicul\u0103 \u00een Timi\u0219 \u0219i Arad. Mar\u021bi vine v\u00e2rful de c\u0103ldur\u0103\">ANM anun\u021b\u0103 canicul\u0103 \u00een Timi\u0219 \u0219i Arad. Mar\u021bi vine v\u00e2rful de c\u0103ldur\u0103<\/a><\/h3>\n<\/div>\n<\/div>\n<\/div>\n<div class=\"td-related-span4\">\n<div class=\"td_module_related_posts td-animation-stack td_mod_related_posts\">\n<div class=\"td-module-image\">\n<div class=\"td-module-thumb\"><a href=\"https:\/\/orasul-timisoara.ro\/local-39975\/\" rel=\"bookmark\" class=\"td-image-wrap \" title=\"Dominic Fritz, de Ziua Timi\u0219oarei: \u201eNu a\u0219 vrea s\u0103 locuiesc niciunde altundeva \u00een lume\u201d\"><img loading=\"lazy\" decoding=\"async\" class=\"entry-thumb\" src=\"https:\/\/orasul-timisoara.ro\/wp-content\/uploads\/2026\/08\/dominic-fritz-piata-victoriei-436x300.jpg\" alt title=\"Dominic Fritz, de Ziua Timi\u0219oarei: \u201eNu a\u0219 vrea s\u0103 locuiesc niciunde altundeva \u00een lume\u201d\" width=\"218\" height=\"150\"><\/a><\/div>\n<\/div>\n<div class=\"item-details\">\n<h3 class=\"entry-title td-module-title\"><a href=\"https:\/\/orasul-timisoara.ro\/local-39975\/\" rel=\"bookmark\" title=\"Dominic Fritz, de Ziua Timi\u0219oarei: \u201eNu a\u0219 vrea s\u0103 locuiesc niciunde altundeva \u00een lume\u201d\">Dominic Fritz, de Ziua Timi\u0219oarei: \u201eNu a\u0219 vrea s\u0103 locuiesc niciunde altundeva \u00een lume\u201d<\/a><\/h3>\n<\/div>\n<\/div>\n<\/div>\n<\/div>\n<\/div>\n<\/div>\n<div class=\"comments\" id=\"comments\">\n<div id=\"respond\" class=\"comment-respond\">\n<h3 id=\"reply-title\" class=\"comment-reply-title\">L\u0102SA\u021aI UN MESAJ<\/h3>\n<div class=\"comment-form-input-wrap td-form-comment\">\n<div class=\"td-warning-comment\">V\u0103 rug\u0103m s\u0103 introduce\u021bi comentariul dvs.!<\/div>\n<\/div>\n<div class=\"comment-form-input-wrap td-form-author\">\n<div class=\"td-warning-author\">Introduce\u021bi aici numele dvs.<\/div>\n<\/div>\n<div class=\"comment-form-input-wrap td-form-email\">\n<div class=\"td-warning-email-error\">A\u021bi introdus o adres\u0103 de e-mail incorect\u0103!<\/div>\n<div class=\"td-warning-email\">V\u0103 rug\u0103m s\u0103 introduce\u021bi adresa dvs. de e-mail aici<\/div>\n<\/div>\n<\/div>\n<p class=\"akismet_comment_form_privacy_notice\">Acest site folose\u0219te Akismet pentru a reduce spamul. <a href=\"https:\/\/akismet.com\/privacy\/\" target=\"_blank\" rel=\"nofollow noopener\">Afl\u0103 cum sunt procesate datele comentariilor tale<\/a>.<\/p>\n<\/div>\n<\/div>\n<\/div>\n<div class=\"td-pb-span4 td-main-sidebar\" role=\"complementary\">\n<div class=\"td-ss-main-sidebar\">\n<aside id=\"block-4\" class=\"td_block_template_8 widget block-4 widget_block widget_media_image\">\n<figure class=\"wp-block-image size-full\"><img loading=\"lazy\" decoding=\"async\" width=\"336\" height=\"280\" src=\"https:\/\/orasul-timisoara.ro\/wp-content\/uploads\/2024\/11\/ReTIM-Abonamentul-Verde-Google-Ads-336x280px.gif\" alt class=\"wp-image-29257\"><\/figure>\n<\/aside>\n<div class=\"td_block_wrap td_block_social_counter td_block_widget tdi_6 td-social-style5 td-social-boxed td-pb-border-top td_block_template_8\">\n<div class=\"td-block-title-wrap\">\n<h4 class=\"td-block-title\"><span>Urm\u0103re\u0219te-ne pe Social Media<\/span><\/h4>\n<\/div>\n<div class=\"td-social-list\">\n<div class=\"td_social_type td-pb-margin-side td_social_facebook\">\n<div class=\"td-social-box\"><span class=\"td_social_info td_social_info_counter\">344,595<\/span><span class=\"td_social_info td_social_info_name\">Fani<\/span><span class=\"td_social_button\"><a href=\"https:\/\/www.facebook.com\/247timisoara\" target=\"_blank\" rel=\"nofollow\">\u00cemi place<\/a><\/span><\/div>\n<\/div>\n<div class=\"td_social_type td-pb-margin-side td_social_instagram\">\n<div class=\"td-social-box\"><span class=\"td_social_info td_social_info_counter\">4,416<\/span><span class=\"td_social_info td_social_info_name\">Cititori<\/span><span class=\"td_social_button\"><a href=\"https:\/\/instagram.com\/orasultimisoararo\/\" target=\"_blank\" rel=\"nofollow\">Conecta\u021bi-v\u0103<\/a><\/span><\/div>\n<\/div>\n<div class=\"td_social_type td-pb-margin-side td_social_rss\">\n<div class=\"td-social-box\"><span class=\"td_social_info td_social_info_counter\">12,506<\/span><span class=\"td_social_info td_social_info_name\">Cititori<\/span><span class=\"td_social_button\"><a href=\"https:\/\/orasul-timisoara.ro\/feed\/\" target=\"_blank\" rel=\"nofollow\">Conecta\u021bi-v\u0103<\/a><\/span><\/div>\n<\/div>\n<div class=\"td_social_type td-pb-margin-side td_social_tiktok\">\n<div class=\"td-social-box\"><span class=\"td_social_info td_social_info_counter\">1,500<\/span><span class=\"td_social_info td_social_info_name\">Cititori<\/span><span class=\"td_social_button\"><a href=\"https:\/\/www.tiktok.com\/@orasultimisoara\" target=\"_blank\" rel=\"nofollow\">Conecta\u021bi-v\u0103<\/a><\/span><\/div>\n<\/div>\n<div class=\"td_social_type td-pb-margin-side td_social_twitter\">\n<div class=\"td-social-box\"><span class=\"td_social_info td_social_info_counter\">1,595<\/span><span class=\"td_social_info td_social_info_name\">Cititori<\/span><span class=\"td_social_button\"><a href=\"https:\/\/twitter.com\/orasultm\" target=\"_blank\" rel=\"nofollow\">Conecta\u021bi-v\u0103<\/a><\/span><\/div>\n<\/div>\n<div class=\"td_social_type td-pb-margin-side td_social_youtube\">\n<div class=\"td-social-box\"><span class=\"td_social_info td_social_info_counter\">3,506<\/span><span class=\"td_social_info td_social_info_name\">Abona\u021bi<\/span><span class=\"td_social_button\"><a href=\"https:\/\/www.youtube.com\/channel\/UCQNsQvs2XCSIm1Z-AHRturw?sub_confirmation=1\" target=\"_blank\" rel=\"nofollow\">Abona\u021bi-v\u0103<\/a><\/span><\/div>\n<\/div>\n<\/div>\n<\/div>\n<aside id=\"text-7\" class=\"td_block_template_8 widget text-7 widget_text\">\n<h4 class=\"td-block-title\"><span>C\u0103ut\u0103ri populare pe OTM<\/span><\/h4>\n<div class=\"textwidget\"><a href=\"https:\/\/orasul-timisoara.ro\/?s=timisoara\"><span>Timisoara<\/span><\/a><a href=\"https:\/\/orasul-timisoara.ro\/?s=calin+dobra\"><span>Calin Dobra<\/span><\/a><a href=\"https:\/\/orasul-timisoara.ro\/?s=primaria+timisoara\"><span>Primaria Timisoara<\/span><\/a><a href=\"https:\/\/orasul-timisoara.ro\/?s=dominic+fritz\"><span>Dominic Fritz<\/span><\/a><a href=\"https:\/\/orasul-timisoara.ro\/?s=nicolae+robu\"><span>Nicolae Robu<\/span><\/a><a href=\"https:\/\/orasul-timisoara.ro\/?s=consiliul+local+timisoara\">Consiliul Local Timisoara<\/a><a href=\"https:\/\/orasul-timisoara.ro\/?s=consiliul+judetean+timis\"><span>Consiliul Judetean Timis<\/span><\/a><a href=\"https:\/\/orasul-timisoara.ro\/?s=cjt\"><span>CJT<\/span><\/a><a href=\"https:\/\/orasul-timisoara.ro\/?s=Alfred+Simonis\"><span>Alfred Simonis<\/span><\/a><a href=\"https:\/\/orasul-timisoara.ro\/?s=PNL\"><span>PNL<\/span><\/a><a href=\"https:\/\/orasul-timisoara.ro\/?s=coronavirus\"><span>coronavirus<\/span><\/a><a href=\"https:\/\/orasul-timisoara.ro\/?s=teatru+timisoara\">teatru Timisoara<\/a><a href=\"https:\/\/orasul-timisoara.ro\/?s=restaurante\"><span>restaurante Timisoara<\/span><\/a><a href=\"https:\/\/orasul-timisoara.ro\/?s=diskoteka\"><span>Diskoteka<\/span><\/a><a href=\"https:\/\/orasul-timisoara.ro\/?s=iulius+town\"><span>Iulius Town<\/span><\/a><a href=\"https:\/\/orasul-timisoara.ro\/?s=iulius+mall\"><span>Iulius Mall<\/span><\/a><a href=\"https:\/\/orasul-timisoara.ro\/?s=stpt\"><span>STPT<\/span><\/a><a href=\"https:\/\/orasul-timisoara.ro\/?s=alin+nica\"><span>Alin Nica<\/span><\/a><a href=\"https:\/\/orasul-timisoara.ro\/?s=psd\"><span>PSD<\/span><\/a><a href=\"https:\/\/orasul-timisoara.ro\/?s=aeroport\"><span>Aeroportul International Timisoara<\/span><\/a><a href=\"https:\/\/orasul-timisoara.ro\/?s=babes\"><span>Spitalul Victor Babes Timisoara<\/span><\/a><a href=\"https:\/\/orasul-timisoara.ro\/?s=poli\"><span>Poli Timi\u0219oara<\/span><\/a><a href=\"https:\/\/orasul-timisoara.ro\/?s=carantina\"><span>carantina<\/span><\/a><a href=\"https:\/\/orasul-timisoara.ro\/?s=aquatim\"><span>Aquatim<\/span><\/a><a href=\"https:\/\/orasul-timisoara.ro\/local-category\/stiri-timisoara\/\"><span>Stiri Timisoara<\/span><\/a><a href=\"https:\/\/orasul-timisoara.ro\/local-category\/investitii-in-timisoara\/\"><span>Investi\u021bii in Timi\u0219oara<\/span><\/a><a href=\"https:\/\/orasul-timisoara.ro\/local-9463\/\"><span>shaorma<\/span><\/a><a href=\"https:\/\/orasul-timisoara.ro\/?s=trafic\"><span>trafic rutier<\/span><\/a><a href=\"https:\/\/orasul-timisoara.ro\/?s=politia\"><span>politia locala timisoara<\/span><\/a><a href=\"https:\/\/orasul-timisoara.ro\/?s=roxana\"><span>Roxana Iliescu<\/span><\/a><a href=\"https:\/\/orasul-timisoara.ro\/?s=colterm\"><span>Colterm<\/span><\/a><a href=\"https:\/\/orasul-timisoara.ro\/?s=latcau\"><span>Ruben La\u021bc\u0103u<\/span><\/a><a href=\"https:\/\/orasul-timisoara.ro\/?s=timis\"><span>\u0218tiri din Timi\u0219<\/span><\/a><a href=\"https:\/\/orasul-timisoara.ro\/?s=spital\"><span>Spitale din Timi\u0219oara<\/span><\/a><a href=\"https:\/\/orasul-timisoara.ro\/?s=tabara\"><span>Cosmin Tab\u0103r\u0103<\/span><\/a><\/div>\n<\/aside>\n<aside id=\"rss-2\" class=\"td_block_template_8 widget rss-2 widget_rss\">\n<h4 class=\"td-block-title\"><span><a class=\"rsswidget rss-widget-feed\" href=\"https:\/\/fashionfridays.ro\/feed\"><img decoding=\"async\" class=\"rss-widget-icon\" width=\"14\" height=\"14\" src=\"https:\/\/orasul-timisoara.ro\/wp-includes\/images\/rss.png\" alt=\"Flux RSS: Fashion Fridays\" loading=\"lazy\"><\/a><a class=\"rsswidget rss-widget-title\" href=\"https:\/\/fashionfridays.ro\/\">Fashion Fridays<\/a><\/span><\/h4>\n<ul>\n<li><a class=\"rsswidget\" href=\"https:\/\/fashionfridays.ro\/romania-devine-a-29-a-piata-vogue-o-noua-era-pentru-industria-locala-de-moda\/\">Rom\u00e2nia devine a 29-a pia\u021b\u0103 Vogue: o nou\u0103 er\u0103 pentru industria local\u0103 de mod\u0103<\/a>\n<div class=\"rssSummary\">Revista Vogue \u00ee\u0219i extinde prezen\u021ba global\u0103 \u0219i va fi lansat\u0103 oficial \u00een Rom\u00e2nia \u00een prim\u0103vara anului 2027, marc\u00e2nd intrarea pe cea de-a 29-a pia\u021b\u0103 interna\u021bional\u0103. Proiectul este realizat \u00een parteneriat cu AEMME Publishing, o companie media recent \u00eenfiin\u021bat\u0103, care va publica edi\u021bia local\u0103 sub licen\u021b\u0103. Noua edi\u021bie, Vogue Rom\u00e2nia, \u00ee\u0219i propune s\u0103 combine autoritatea global\u0103 [\u2026]<\/div>\n<\/li>\n<\/ul>\n<\/aside>\n<aside id=\"rss-4\" class=\"td_block_template_8 widget rss-4 widget_rss\">\n<h4 class=\"td-block-title\"><span><a class=\"rsswidget rss-widget-feed\" href=\"https:\/\/emasini.ro\/feed\"><img decoding=\"async\" class=\"rss-widget-icon\" width=\"14\" height=\"14\" src=\"https:\/\/orasul-timisoara.ro\/wp-includes\/images\/rss.png\" alt=\"Flux RSS: eMasini\" loading=\"lazy\"><\/a><a class=\"rsswidget rss-widget-title\" href=\"https:\/\/emasini.ro\/\">eMasini<\/a><\/span><\/h4>\n<ul>\n<li><a class=\"rsswidget\" href=\"https:\/\/emasini.ro\/adio-bordurilor-pline-de-ecrane-mercedes-benz-readuce-butoanele-in-noile-masini-produse\/\">Adio bordurilor pline de ecrane? Mercedes-Benz readuce butoanele \u00een noile ma\u0219ini produse<\/a>\n<div class=\"rssSummary\">Mercedes-Benz \u00ee\u0219i schimb\u0103 direc\u021bia \u00een ceea ce prive\u0219te designul interioarelor \u0219i va readuce comenzile fizice pentru anumite func\u021bii importante. Constructorul german nu renun\u021b\u0103 la ecranele mari \u0219i la tehnologiile digitale, dar recunoa\u0219te c\u0103 a mers prea departe prin eliminarea unor butoane \u0219i comenzi tactile. Ola K\u00e4llenius, pre\u0219edintele Consiliului de Administra\u021bie al Mercedes-Benz Group \u0219i CEO [\u2026]<\/div>\n<\/li>\n<\/ul>\n<\/aside>\n<\/div>\n<\/div>\n<\/div>\n<\/div>\n<\/article>\n<div class=\"td-post-content tagdiv-type\">\n<p class=\"wp-block-paragraph\">\u00cen centrul Timi\u0219oarei, la num\u0103rul 1 din Pia\u021ba Libert\u0103\u021bii, se afl\u0103 una dintre cl\u0103dirile care p\u0103streaz\u0103 cel mai bine memoria administra\u021biei ora\u0219ului: Prim\u0103ria Veche. Monument istoric de valoare na\u021bional\u0103, cl\u0103direa este datat\u0103 1731\u20131734, cu o reconstruc\u021bie important\u0103 \u00een 1782 \u0219i interven\u021bii ulterioare \u00een secolul al XIX-lea \u0219i \u00een 1935. Nu trebuie confundat\u0103 cu actuala Prim\u0103rie a Municipiului Timi\u0219oara, aflat\u0103 pe bulevardul C.D. Loga nr. 1, \u00eentr-o cl\u0103dire construit\u0103 \u00een 1914.<\/p>\n<p class=\"wp-block-paragraph\">Povestea Prim\u0103riei Vechi \u00eencepe dup\u0103 cucerirea habsburgic\u0103 a Timi\u0219oarei din 1716, \u00eentr-un moment \u00een care cetatea era reorganizat\u0103 administrativ \u0219i urbanistic. Comunitatea german\u0103 stabilit\u0103 \u00een Cetate a solicitat un sediu propriu pentru administra\u021bie, iar la sf\u00e2r\u0219itul anului 1731 a fost pus\u0103 piatra de temelie a noii cl\u0103diri. Cercetarea Patrimoniul sub reflectoare indic\u0103 existen\u021ba unui document din 1731 prin care conducerea comunit\u0103\u021bii germane cerea Administra\u021biei \u021a\u0103rii Banatului m\u0103suri pentru construirea sediului.<\/p>\n<p class=\"wp-block-paragraph\">Edificiul ridicat \u00eentre 1731 \u0219i 1734 a avut \u00eenc\u0103 de la \u00eenceput func\u021biuni mai largi dec\u00e2t aceea de simplu sediu administrativ. Cercet\u0103rile de patrimoniu \u00eel descriu ca pe un imobil cu func\u021biuni mixte, care cuprindea prim\u0103ria, o sal\u0103 de bal, o c\u00e2rcium\u0103 \u0219i o pr\u0103v\u0103lie. \u00centre 1734 \u0219i 1781 aici a func\u021bionat Prim\u0103ria Comunit\u0103\u021bii Germane, cunoscut\u0103 \u0219i sub numele de \u201ePrim\u0103ria Nou\u0103\u201d, \u00eentruc\u00e2t exista \u0219i o administra\u021bie s\u00e2rbeasc\u0103 \u00een ora\u0219.<\/p>\n<p class=\"wp-block-paragraph\">Locul ales pentru cl\u0103dire este la fel de interesant ca edificiul \u00eensu\u0219i. Sursele locale de patrimoniu leag\u0103 amplasamentul de existen\u021ba unei b\u0103i publice din perioada otoman\u0103, iar l\u00e2ng\u0103 intrarea Prim\u0103riei Vechi se p\u0103streaz\u0103 o inscrip\u021bie cu caractere arabe, considerat\u0103 de majoritatea cercet\u0103torilor o m\u0103rturie legat\u0103 de o baie turceasc\u0103. Interpretarea exact\u0103 a inscrip\u021biei a f\u0103cut \u00eens\u0103 obiectul unor discu\u021bii \u00eentre cercet\u0103tori, astfel \u00eenc\u00e2t afirma\u021bia trebuie tratat\u0103 cu aceast\u0103 rezerv\u0103.<\/p>\n<p class=\"wp-block-paragraph\">Pia\u021ba Libert\u0103\u021bii \u00een care se afl\u0103 Prim\u0103ria Veche este, la r\u00e2ndul ei, un spa\u021biu esen\u021bial pentru \u00een\u021belegerea transform\u0103rii Timi\u0219oarei. Dup\u0103 1716, ora\u0219ul a fost reorganizat pe o tram\u0103 stradal\u0103 regulat\u0103, iar pia\u021ba a c\u0103p\u0103tat treptat configura\u021bia monumental\u0103 pe care o recunoa\u0219tem ast\u0103zi. \u00cen jurul ei s-au grupat unele dintre cele mai vechi construc\u021bii p\u0103strate \u00een centrul istoric: fostul Generalat, vechea Cancelarie de R\u0103zboi, Prim\u0103ria Veche \u0219i apoi Cazinoul Militar.<\/p>\n<h2 class=\"wp-block-heading\">De la prim\u0103rie german\u0103 la Prim\u0103ria Ora\u0219ului Liber Regal<\/h2>\n<p class=\"wp-block-paragraph\">Anul 1781 a adus o schimbare important\u0103 \u00een statutul Timi\u0219oarei. Ora\u0219ul a fost ridicat la rangul de ora\u0219 liber regesc, iar administra\u021biile germane \u0219i s\u00e2rbe au fost reunite \u00eentr-o singur\u0103 structur\u0103 municipal\u0103. \u00cen anul urm\u0103tor, cl\u0103direa Prim\u0103riei Vechi a trecut printr-o reconstruc\u021bie \u0219i extindere atribuit\u0103 constructorului Joseph Aigner. Interven\u021bia a modificat substan\u021bial aspectul edificiului \u0219i a coincis cu noua etap\u0103 administrativ\u0103 a ora\u0219ului.<\/p>\n<p class=\"wp-block-paragraph\">Fa\u021bada pe care o vedem ast\u0103zi nu este, a\u0219adar, pur \u0219i simplu cea a cl\u0103dirii construite \u00een anii 1730. Imobilul a suferit distrugeri \u00een timpul asediului din 1849, c\u00e2nd Timi\u0219oara a fost bombardat\u0103 \u00een contextul revolu\u021biei \u0219i conflictului dintre autorit\u0103\u021bile habsburgice \u0219i revolu\u021bionarii maghiari. Un proiect pentru refacerea fa\u021badei este datat 1853, iar interven\u021biile de mai t\u00e2rziu au contribuit la aspectul actual al cl\u0103dirii.<\/p>\n<p class=\"wp-block-paragraph\">Din punct de vedere arhitectural, Prim\u0103ria Veche este ast\u0103zi descris\u0103 drept o cl\u0103dire eclectic\u0103, cu elemente clasiciste caracteristice celei de-a doua jum\u0103t\u0103\u021bi a secolului al XIX-lea. Are parter \u0219i dou\u0103 etaje, iar axul central este accentuat de portalul monumental, balconul \u0219i ferestrele arcuite. Pila\u0219trii \u0219i compartimentarea ritmic\u0103 a fa\u021badei \u00eei confer\u0103 caracterul reprezentativ de edificiu public.<\/p>\n<p class=\"wp-block-paragraph\">Un detaliu aparte se afl\u0103 chiar deasupra intr\u0103rii. Pe frontispiciu este reprezentat\u0103 o por\u021biune din fortifica\u021biile Timi\u0219oarei otomane, inclusiv o palisad\u0103 \u0219i ceea ce este identificat drept Poarta Prin\u021bului Eugeniu. Astfel, cl\u0103direa nu aminte\u0219te doar de istoria administra\u021biei habsburgice, ci p\u0103streaz\u0103 \u0219i o referin\u021b\u0103 vizual\u0103 la perioada otoman\u0103 a ora\u0219ului.<\/p>\n<h2 class=\"wp-block-heading\">O prim\u0103rie care a r\u0103mas \u00een func\u021biune p\u00e2n\u0103 \u00een secolul XX<\/h2>\n<p class=\"wp-block-paragraph\">Prim\u0103ria Veche nu a fost doar un decor pentru istoria Timi\u0219oarei, ci unul dintre centrele administrative efective ale ora\u0219ului. Func\u021biunea de prim\u0103rie s-a p\u0103strat aici timp de mai bine de dou\u0103 secole, p\u00e2n\u0103 \u00een 1949. \u00cen 1935 cl\u0103direa fusese supus\u0103 unei repara\u021bii importante, iar dup\u0103 mutarea administra\u021biei municipale activitatea Prim\u0103riei a continuat \u00eentr-un nou sediu, cel de pe actualul bulevard C.D. Loga.<\/p>\n<p class=\"wp-block-paragraph\">Schimbarea din 1949 a reprezentat sf\u00e2r\u0219itul unei epoci pentru cl\u0103direa din Pia\u021ba Libert\u0103\u021bii. Fosta prim\u0103rie a primit ulterior diverse func\u021biuni institu\u021bionale, iar \u00een perioada contemporan\u0103 a g\u0103zduit \u00eentre altele institu\u021bii culturale \u0219i de \u00eenv\u0103\u021b\u0103m\u00e2nt. Timi\u0219oara 2023 men\u021bioneaz\u0103 c\u0103 \u00een prezent imobilul g\u0103zduie\u0219te Facultatea de Muzic\u0103 \u0219i Teatru a Universit\u0103\u021bii de Vest din Timi\u0219oara.<\/p>\n<p class=\"wp-block-paragraph\">Istoria Prim\u0103riei Vechi este, \u00een esen\u021b\u0103, istoria transform\u0103rii Timi\u0219oarei din cetate otoman\u0103 \u00een ora\u0219 administrat de Habsburgi \u0219i apoi \u00eentr-un mare centru urban modern. Cl\u0103direa a fost ridicat\u0103 \u00eentr-o perioad\u0103 de reorganizare radical\u0103 a ora\u0219ului, a devenit sediul administra\u021biei unui ora\u0219 liber regesc, a trecut prin bombardamente \u0219i reconstruc\u021bii \u0219i \u0219i-a pierdut func\u021bia administrativ\u0103 abia la mijlocul secolului XX.<\/p>\n<p class=\"wp-block-paragraph\">Ast\u0103zi, Prim\u0103ria Veche r\u0103m\u00e2ne una dintre piesele importante ale ansamblului istoric din Pia\u021ba Libert\u0103\u021bii. Valoarea sa nu st\u0103 doar \u00een vechime, ci \u00een straturile de istorie pe care le concentreaz\u0103: perioada otoman\u0103 evocat\u0103 de inscrip\u021bia de l\u00e2ng\u0103 intrare, reorganizarea habsburgic\u0103, administra\u021bia ora\u0219ului liber regesc, asediul din 1849 \u0219i transform\u0103rile urbane ale secolelor XIX \u0219i XX. Lista oficial\u0103 a monumentelor istorice o \u00eenregistreaz\u0103 cu codul TM-II-m-A-06142, pentru adresa Pia\u021ba Libert\u0103\u021bii nr. 1.<\/p>\n<\/div>\n<p>[analyse_source url=&#8221;https:\/\/orasul-timisoara.ro\/local-40271\/&#8221;]<\/p>\n","protected":false},"excerpt":{"rendered":"<p>[analyse_image type=&#8221;featured&#8221; src=&#8221;https:\/\/orasul-timisoara.ro\/wp-content\/uploads\/2026\/08\/timisoara-de-altadata-002-piata-libertatii-1970-Copy-1.jpg&#8221;] Istoria Timi\u0219oareiPrim\u0103ria Veche din Timi\u0219oara: povestea cl\u0103dirii care a administrat ora\u0219ul timp de&#8230; Istoria Timi\u0219oarei \u0218tiri Locale Prim\u0103ria Veche din Timi\u0219oara: povestea cl\u0103dirii care a administrat ora\u0219ul timp de peste dou\u0103 secole De c\u0103tre redactia &#8211; 22\/08\/2026 Facebook Twitter WhatsApp Linkedin ReddIt Email Imprimare \u00cen centrul Timi\u0219oarei, la num\u0103rul 1 din Pia\u021ba [&hellip;]<\/p>\n","protected":false},"author":1,"featured_media":0,"comment_status":"open","ping_status":"","sticky":false,"template":"","format":"standard","meta":{"footnotes":""},"categories":[89],"tags":[226,189],"class_list":["post-2108462","post","type-post","status-publish","format-standard","hentry","category-romania","tag-crawlmanager","tag-orasul-timisoara-ro"],"_links":{"self":[{"href":"https:\/\/analyse.optim.biz\/index.php?rest_route=\/wp\/v2\/posts\/2108462","targetHints":{"allow":["GET"]}}],"collection":[{"href":"https:\/\/analyse.optim.biz\/index.php?rest_route=\/wp\/v2\/posts"}],"about":[{"href":"https:\/\/analyse.optim.biz\/index.php?rest_route=\/wp\/v2\/types\/post"}],"author":[{"embeddable":true,"href":"https:\/\/analyse.optim.biz\/index.php?rest_route=\/wp\/v2\/users\/1"}],"replies":[{"embeddable":true,"href":"https:\/\/analyse.optim.biz\/index.php?rest_route=%2Fwp%2Fv2%2Fcomments&post=2108462"}],"version-history":[{"count":0,"href":"https:\/\/analyse.optim.biz\/index.php?rest_route=\/wp\/v2\/posts\/2108462\/revisions"}],"wp:attachment":[{"href":"https:\/\/analyse.optim.biz\/index.php?rest_route=%2Fwp%2Fv2%2Fmedia&parent=2108462"}],"wp:term":[{"taxonomy":"category","embeddable":true,"href":"https:\/\/analyse.optim.biz\/index.php?rest_route=%2Fwp%2Fv2%2Fcategories&post=2108462"},{"taxonomy":"post_tag","embeddable":true,"href":"https:\/\/analyse.optim.biz\/index.php?rest_route=%2Fwp%2Fv2%2Ftags&post=2108462"}],"curies":[{"name":"wp","href":"https:\/\/api.w.org\/{rel}","templated":true}]}}