{"id":2108460,"date":"2026-08-21T16:40:55","date_gmt":"2026-08-21T13:40:55","guid":{"rendered":"https:\/\/analyse.optim.biz\/?p=2108460"},"modified":"2026-08-21T16:40:55","modified_gmt":"2026-08-21T13:40:55","slug":"politehnica-timisoara-incepe-cupa-romaniei-cu-rapid-grupa-cu-uta-corvinul-si-botosani","status":"publish","type":"post","link":"https:\/\/analyse.optim.biz\/?p=2108460","title":{"rendered":"Politehnica Timi\u0219oara \u00eencepe Cupa Rom\u00e2niei cu Rapid! Grup\u0103 cu UTA, Corvinul \u0219i Boto\u0219ani"},"content":{"rendered":"<p>[analyse_image type=&#8221;featured&#8221; src=&#8221;https:\/\/orasul-timisoara.ro\/wp-content\/uploads\/2026\/08\/grupe-cupa-romaniei.jpg&#8221;]<\/p>\n<article id=\"post-40438\" class=\"td-post-template-7 post-40438 post type-post status-publish format-standard has-post-thumbnail category-featured category-sport-local category-stiri-timisoara tag-botosani tag-corvinul tag-cupa-romaniei-2 tag-cupa-romaniei-betano tag-fotbal tag-minerul-lupeni tag-politehnica-timisoara-2 tag-rapid tag-stiri-timisoara-2 tag-uta td-container-wrap\">\n<div class=\"td-full-screen-header-image-wrap\">\n<div class=\"td-container td-post-header\">\n<div class=\"td-crumb-container\">\n<div class=\"entry-crumbs\"><span><a title=\"Vede\u021bi toate articolele \u00een Sport Local\" class=\"entry-crumb\" href=\"https:\/\/orasul-timisoara.ro\/local-category\/sport-local\/\">Sport Local<\/a><\/span><span class=\"td-bred-no-url-last\">Politehnica Timi\u0219oara \u00eencepe Cupa Rom\u00e2niei cu Rapid! Grup\u0103 cu UTA, Corvinul \u0219i&#8230;<\/span><\/div>\n<\/div>\n<div class=\"td-post-header-holder\">\n<div class=\"td-parallax-header\">\n<header class=\"td-post-title\">\n<ul class=\"td-category\">\n<li class=\"entry-category\"><a href=\"https:\/\/orasul-timisoara.ro\/local-category\/sport-local\/\">Sport Local<\/a><\/li>\n<li class=\"entry-category\"><a href=\"https:\/\/orasul-timisoara.ro\/local-category\/stiri-timisoara\/\">\u0218tiri Locale<\/a><\/li>\n<\/ul>\n<h1 class=\"entry-title\">Politehnica Timi\u0219oara \u00eencepe Cupa Rom\u00e2niei cu Rapid! Grup\u0103 cu UTA, Corvinul \u0219i Boto\u0219ani<\/h1>\n<div class=\"td-module-meta-info\">\n<div class=\"td-post-author-name\">\n<div class=\"td-author-by\">De c\u0103tre<\/div>\n<p><a href=\"https:\/\/orasul-timisoara.ro\/author\/timisoara\/\">redactia<\/a><\/p>\n<div class=\"td-author-line\"> &#8211; <\/div>\n<\/div>\n<p><span class=\"td-post-date\"><time class=\"entry-date updated td-module-date\" datetime=\"2026-08-21T19:40:55+03:00\">21\/08\/2026<\/time><\/span><\/div>\n<\/header>\n<\/div>\n<\/div>\n<\/div>\n<div id=\"td-full-screen-header-image\" class=\"td-image-gradient-style7\"><img decoding=\"async\" class=\"td-backstretch\" src=\"https:\/\/orasul-timisoara.ro\/wp-content\/uploads\/2026\/08\/grupe-cupa-romaniei.jpg\"><\/div>\n<\/div>\n<div class=\"td-container\">\n<div class=\"td-pb-row\">\n<div class=\"td-pb-span8 td-main-content\" role=\"main\">\n<div class=\"td-ss-main-content\">\n<div class=\"td-post-sharing-top\">\n<div class=\"td-post-sharing-classic\"><iframe title=\"topFacebookLike\" frameborder src=\"https:\/\/www.facebook.com\/plugins\/like.php?href=https:\/\/orasul-timisoara.ro\/local-40438\/&amp;layout=button_count&amp;show_faces=false&amp;width=105&amp;action=like&amp;colorscheme=light&amp;height=21\"><\/iframe><\/div>\n<div id=\"td_social_sharing_article_top\" class=\"td-post-sharing td-ps-bg td-ps-notext td-post-sharing-style1 \">\n<div class=\"td-post-sharing-visible\"><a class=\"td-social-sharing-button td-social-sharing-button-js td-social-network td-social-facebook\" href=\"https:\/\/www.facebook.com\/sharer.php?u=https%3A%2F%2Forasul-timisoara.ro%2Flocal-40438%2F\" title=\"Facebook\"><\/p>\n<div class=\"td-social-but-text\">Facebook<\/div>\n<p><\/a><a class=\"td-social-sharing-button td-social-sharing-button-js td-social-network td-social-twitter\" href=\"https:\/\/twitter.com\/intent\/tweet?text=Politehnica+Timi%C8%99oara+%C3%AEncepe+Cupa+Rom%C3%A2niei+cu+Rapid%21+Grup%C4%83+cu+UTA%2C+Corvinul+%C8%99i+Boto%C8%99ani&amp;url=https%3A%2F%2Forasul-timisoara.ro%2Flocal-40438%2F&amp;via=orasultm\" title=\"Twitter\"><\/p>\n<div class=\"td-social-but-text\">Twitter<\/div>\n<p><\/a><a class=\"td-social-sharing-button td-social-sharing-button-js td-social-network td-social-whatsapp\" href=\"https:\/\/api.whatsapp.com\/send?text=Politehnica+Timi%C8%99oara+%C3%AEncepe+Cupa+Rom%C3%A2niei+cu+Rapid%21+Grup%C4%83+cu+UTA%2C+Corvinul+%C8%99i+Boto%C8%99ani%20%0A%0A%20https:\/\/orasul-timisoara.ro\/local-40438\/\" title=\"WhatsApp\"><\/p>\n<div class=\"td-social-but-text\">WhatsApp<\/div>\n<p><\/a><a class=\"td-social-sharing-button td-social-sharing-button-js td-social-network td-social-linkedin\" href=\"https:\/\/www.linkedin.com\/shareArticle?mini=true&amp;url=https:\/\/orasul-timisoara.ro\/local-40438\/&amp;title=Politehnica+Timi%C8%99oara+%C3%AEncepe+Cupa+Rom%C3%A2niei+cu+Rapid%21+Grup%C4%83+cu+UTA%2C+Corvinul+%C8%99i+Boto%C8%99ani\" title=\"Linkedin\"><\/p>\n<div class=\"td-social-but-text\">Linkedin<\/div>\n<p><\/a><a class=\"td-social-sharing-button td-social-sharing-button-js td-social-network td-social-reddit\" href=\"https:\/\/reddit.com\/submit?url=https:\/\/orasul-timisoara.ro\/local-40438\/&amp;title=Politehnica+Timi%C8%99oara+%C3%AEncepe+Cupa+Rom%C3%A2niei+cu+Rapid%21+Grup%C4%83+cu+UTA%2C+Corvinul+%C8%99i+Boto%C8%99ani\" title=\"ReddIt\"><\/p>\n<div class=\"td-social-but-text\">ReddIt<\/div>\n<p><\/a><a class=\"td-social-sharing-button td-social-sharing-button-js td-social-network td-social-mail\" href=\"mailto:?subject=Politehnica%20Timi%C8%99oara%20%C3%AEncepe%20Cupa%20Rom%C3%A2niei%20cu%20Rapid!%20Grup%C4%83%20cu%20UTA,%20Corvinul%20%C8%99i%20Boto%C8%99ani&amp;body=https:\/\/orasul-timisoara.ro\/local-40438\/\" title=\"Email\"><\/p>\n<div class=\"td-social-but-text\">Email<\/div>\n<p><\/a><a class=\"td-social-sharing-button td-social-sharing-button-js td-social-network td-social-print\" href=\"https:\/\/orasul-timisoara.ro\/local-40438\/\" title=\"Imprimare\"><\/p>\n<div class=\"td-social-but-text\">Imprimare<\/div>\n<p><\/a><\/div>\n<\/div>\n<\/div>\n<div class=\"td-post-content tagdiv-type\">\n<p class=\"wp-block-paragraph\">Politehnica Timi\u0219oara are parte de o grup\u0103 spectaculoas\u0103 \u00een Cupa Rom\u00e2niei Betano, edi\u021bia 2026\/2027. Echipa timi\u0219orean\u0103 va \u00eent\u00e2lni Rapid Bucure\u0219ti, Minerul Lupeni \u0219i Corvinul Hunedoara, \u00een timp ce \u00een aceea\u0219i Grupa A au mai fost repartizate UTA Arad \u0219i FC Boto\u0219ani.<\/p>\n<h2 class=\"wp-block-heading\">Politehnica Timi\u0219oara \u00eencepe cu Rapid<\/h2>\n<p class=\"wp-block-paragraph\">Tragerea la sor\u021bi a grupelor Cupei Rom\u00e2niei s-a desf\u0103\u0219urat vineri, 21 august, la Bucure\u0219ti, iar Politehnica Timi\u0219oara a fost repartizat\u0103 \u00een Grupa A, al\u0103turi de dou\u0103 forma\u021bii din SuperLiga Rom\u00e2niei, Rapid \u0219i UTA, precum \u0219i de Corvinul Hunedoara, FC Boto\u0219ani \u0219i Minerul Lupeni.<\/p>\n<p class=\"wp-block-paragraph\">Pentru Poli, debutul \u00een competi\u021bie va fi unul dintre cele mai atractive meciuri ale grupei. Timi\u0219orenii vor primi vizita celor de la Rapid Bucure\u0219ti \u00een prima etap\u0103, programat\u0103 pentru 2 septembrie 2026. <\/p>\n<h2 class=\"wp-block-heading\">Programul Politehnicii \u00een Cupa Rom\u00e2niei<\/h2>\n<p class=\"wp-block-paragraph\">Politehnica Timi\u0219oara va disputa trei partide \u00een faza grupelor, iar programul stabilit \u00een urma tragerii la sor\u021bi este urm\u0103torul:<\/p>\n<p class=\"wp-block-paragraph\"><strong>Etapa 1 \u2013 2 septembrie 2026:<\/strong> Politehnica Timi\u0219oara \u2013 Rapid Bucure\u0219ti<\/p>\n<p class=\"wp-block-paragraph\"><strong>Etapa 2 \u2013 28 octombrie 2026:<\/strong> Minerul Lupeni \u2013 Politehnica Timi\u0219oara<\/p>\n<p class=\"wp-block-paragraph\"><strong>Etapa 3 \u2013 2 decembrie 2026:<\/strong> Politehnica Timi\u0219oara \u2013 Corvinul Hunedoara<\/p>\n<p class=\"wp-block-paragraph\">Astfel, echipa timi\u0219orean\u0103 va avea dou\u0103 dintre cele trei meciuri pe teren propriu, cu Rapid \u0219i Corvinul, \u00een timp ce deplasarea din etapa a doua va fi la Minerul Lupeni. <\/p>\n<h2 class=\"wp-block-heading\">O grup\u0103 cu Rapid, UTA \u0219i Corvinul<\/h2>\n<p class=\"wp-block-paragraph\">Grupa A este una dintre cele mai interesante din aceast\u0103 edi\u021bie a Cupei Rom\u00e2niei. Rapid \u0219i UTA vin din prima urn\u0103 valoric\u0103, \u00een timp ce Corvinul \u0219i FC Boto\u0219ani au f\u0103cut parte din urna a doua. Politehnica Timi\u0219oara \u0219i Minerul Lupeni au fost repartizate din urna a treia.<\/p>\n<p class=\"wp-block-paragraph\">Prezen\u021ba UTA-ei \u00een aceea\u0219i grup\u0103 ofer\u0103 \u0219i perspectiva unui posibil duel \u00eentre dou\u0103 dintre cele mai importante echipe din vestul \u021b\u0103rii. Totu\u0219i, sistemul competi\u021bional face ca Politehnica s\u0103 nu \u00eent\u00e2lneasc\u0103 toate forma\u021biile din grup\u0103.<\/p>\n<p class=\"wp-block-paragraph\">\u00cen faza grupelor, fiecare echip\u0103 disput\u0103 c\u00e2te trei partide, iar pentru Politehnica adversarii sunt Rapid, Minerul Lupeni \u0219i Corvinul. UTA va juca \u00eempotriva lui Minerul Lupeni, FC Boto\u0219ani \u0219i Rapid, \u00een timp ce Corvinul va \u00eent\u00e2lni FC Boto\u0219ani, Rapid \u0219i Politehnica. <\/p>\n<h2 class=\"wp-block-heading\">Poli, \u00een c\u0103utarea calific\u0103rii \u00een sferturile de final\u0103<\/h2>\n<p class=\"wp-block-paragraph\">Pentru Politehnica Timi\u0219oara, parcursul \u00een Cupa Rom\u00e2niei reprezint\u0103 o nou\u0103 oportunitate de a se confrunta cu adversari de nivel superior \u0219i de a aduce la Timi\u0219oara meciuri importante.<\/p>\n<p class=\"wp-block-paragraph\">Prima provocare va fi Rapid, pe 2 septembrie. Apoi, Poli va merge la Lupeni pentru partida din etapa a doua, \u00eenainte de a \u00eencheia faza grupelor pe teren propriu, \u00eempotriva Corvinului Hunedoara.<\/p>\n<p class=\"wp-block-paragraph\">Primele dou\u0103 clasate din fiecare grup\u0103 se calific\u0103 \u00een sferturile de final\u0103, astfel c\u0103 fiecare punct poate deveni important \u00een stabilirea echipelor care vor continua competi\u021bia.<\/p>\n<h2 class=\"wp-block-heading\">C\u00e2nd se joac\u0103 fazele urm\u0103toare ale Cupei Rom\u00e2niei<\/h2>\n<p class=\"wp-block-paragraph\">Faza grupelor se va desf\u0103\u0219ura \u00een trei etape, \u00een septembrie, octombrie \u0219i decembrie. Sferturile de final\u0103 sunt programate pentru 3 martie 2027, semifinalele pentru 21 aprilie, iar finala Cupei Rom\u00e2niei Betano va avea loc pe 12 mai 2027. :contentReference[oaicite:4]{index=4}<\/p>\n<p class=\"wp-block-paragraph\"><strong>Calendarul competi\u021biei:<\/strong><\/p>\n<p class=\"wp-block-paragraph\"><strong>Etapa 1:<\/strong> 2 septembrie 2026<\/p>\n<p class=\"wp-block-paragraph\"><strong>Etapa 2:<\/strong> 28 octombrie 2026<\/p>\n<p class=\"wp-block-paragraph\"><strong>Etapa 3:<\/strong> 2 decembrie 2026<\/p>\n<p class=\"wp-block-paragraph\"><strong>Sferturi de final\u0103:<\/strong> 3 martie 2027<\/p>\n<p class=\"wp-block-paragraph\"><strong>Semifinale:<\/strong> 21 aprilie 2027<\/p>\n<p class=\"wp-block-paragraph\"><strong>Finala:<\/strong> 12 mai 2027<\/p>\n<p class=\"wp-block-paragraph\">Politehnica Timi\u0219oara \u00ee\u0219i \u00eencepe, a\u0219adar, aventura \u00een noua edi\u021bie a Cupei Rom\u00e2niei cu un meci atractiv \u00eempotriva Rapidului. Cele trei partide din grup\u0103 vor reprezenta pentru forma\u021bia timi\u0219orean\u0103 \u0219ansa de a lupta pentru calificarea \u00een faza urm\u0103toare a competi\u021biei.<\/p>\n<\/div>\n<footer>\n<div class=\"td-post-source-tags\">\n<ul class=\"td-tags td-post-small-box clearfix\">\n<li><span>ETICHETE<\/span><\/li>\n<li><a href=\"https:\/\/orasul-timisoara.ro\/local-tag\/botosani\/\">boto\u0219ani<\/a><\/li>\n<li><a href=\"https:\/\/orasul-timisoara.ro\/local-tag\/corvinul\/\">corvinul<\/a><\/li>\n<li><a href=\"https:\/\/orasul-timisoara.ro\/local-tag\/cupa-romaniei-2\/\">Cupa Rom\u00e2niei<\/a><\/li>\n<li><a href=\"https:\/\/orasul-timisoara.ro\/local-tag\/cupa-romaniei-betano\/\">cupa rom\u00e2niei betano<\/a><\/li>\n<li><a href=\"https:\/\/orasul-timisoara.ro\/local-tag\/fotbal\/\">fotbal<\/a><\/li>\n<li><a href=\"https:\/\/orasul-timisoara.ro\/local-tag\/minerul-lupeni\/\">minerul lupeni<\/a><\/li>\n<li><a href=\"https:\/\/orasul-timisoara.ro\/local-tag\/politehnica-timisoara-2\/\">Politehnica Timi\u0219oara<\/a><\/li>\n<li><a href=\"https:\/\/orasul-timisoara.ro\/local-tag\/rapid\/\">rapid<\/a><\/li>\n<li><a href=\"https:\/\/orasul-timisoara.ro\/local-tag\/stiri-timisoara-2\/\">\u0219tiri Timi\u0219oara<\/a><\/li>\n<li><a href=\"https:\/\/orasul-timisoara.ro\/local-tag\/uta\/\">uta<\/a><\/li>\n<\/ul>\n<\/div>\n<div class=\"td-post-sharing-bottom\">\n<div class=\"td-post-sharing-classic\"><iframe title=\"bottomFacebookLike\" frameborder src=\"https:\/\/www.facebook.com\/plugins\/like.php?href=https:\/\/orasul-timisoara.ro\/local-40438\/&amp;layout=button_count&amp;show_faces=false&amp;width=105&amp;action=like&amp;colorscheme=light&amp;height=21\"><\/iframe><\/div>\n<div id=\"td_social_sharing_article_bottom\" class=\"td-post-sharing td-ps-bg td-ps-notext td-post-sharing-style1 \">\n<div class=\"td-post-sharing-visible\"><a class=\"td-social-sharing-button td-social-sharing-button-js td-social-network td-social-facebook\" href=\"https:\/\/www.facebook.com\/sharer.php?u=https%3A%2F%2Forasul-timisoara.ro%2Flocal-40438%2F\" title=\"Facebook\"><\/p>\n<div class=\"td-social-but-text\">Facebook<\/div>\n<p><\/a><a class=\"td-social-sharing-button td-social-sharing-button-js td-social-network td-social-twitter\" href=\"https:\/\/twitter.com\/intent\/tweet?text=Politehnica+Timi%C8%99oara+%C3%AEncepe+Cupa+Rom%C3%A2niei+cu+Rapid%21+Grup%C4%83+cu+UTA%2C+Corvinul+%C8%99i+Boto%C8%99ani&amp;url=https%3A%2F%2Forasul-timisoara.ro%2Flocal-40438%2F&amp;via=orasultm\" title=\"Twitter\"><\/p>\n<div class=\"td-social-but-text\">Twitter<\/div>\n<p><\/a><a class=\"td-social-sharing-button td-social-sharing-button-js td-social-network td-social-whatsapp\" href=\"https:\/\/api.whatsapp.com\/send?text=Politehnica+Timi%C8%99oara+%C3%AEncepe+Cupa+Rom%C3%A2niei+cu+Rapid%21+Grup%C4%83+cu+UTA%2C+Corvinul+%C8%99i+Boto%C8%99ani%20%0A%0A%20https:\/\/orasul-timisoara.ro\/local-40438\/\" title=\"WhatsApp\"><\/p>\n<div class=\"td-social-but-text\">WhatsApp<\/div>\n<p><\/a><a class=\"td-social-sharing-button td-social-sharing-button-js td-social-network td-social-linkedin\" href=\"https:\/\/www.linkedin.com\/shareArticle?mini=true&amp;url=https:\/\/orasul-timisoara.ro\/local-40438\/&amp;title=Politehnica+Timi%C8%99oara+%C3%AEncepe+Cupa+Rom%C3%A2niei+cu+Rapid%21+Grup%C4%83+cu+UTA%2C+Corvinul+%C8%99i+Boto%C8%99ani\" title=\"Linkedin\"><\/p>\n<div class=\"td-social-but-text\">Linkedin<\/div>\n<p><\/a><a class=\"td-social-sharing-button td-social-sharing-button-js td-social-network td-social-reddit\" href=\"https:\/\/reddit.com\/submit?url=https:\/\/orasul-timisoara.ro\/local-40438\/&amp;title=Politehnica+Timi%C8%99oara+%C3%AEncepe+Cupa+Rom%C3%A2niei+cu+Rapid%21+Grup%C4%83+cu+UTA%2C+Corvinul+%C8%99i+Boto%C8%99ani\" title=\"ReddIt\"><\/p>\n<div class=\"td-social-but-text\">ReddIt<\/div>\n<p><\/a><a class=\"td-social-sharing-button td-social-sharing-button-js td-social-network td-social-mail\" href=\"mailto:?subject=Politehnica%20Timi%C8%99oara%20%C3%AEncepe%20Cupa%20Rom%C3%A2niei%20cu%20Rapid!%20Grup%C4%83%20cu%20UTA,%20Corvinul%20%C8%99i%20Boto%C8%99ani&amp;body=https:\/\/orasul-timisoara.ro\/local-40438\/\" title=\"Email\"><\/p>\n<div class=\"td-social-but-text\">Email<\/div>\n<p><\/a><a class=\"td-social-sharing-button td-social-sharing-button-js td-social-network td-social-print\" href=\"https:\/\/orasul-timisoara.ro\/local-40438\/\" title=\"Imprimare\"><\/p>\n<div class=\"td-social-but-text\">Imprimare<\/div>\n<p><\/a><\/div>\n<\/div>\n<\/div>\n<div class=\"td-block-row td-post-next-prev\">\n<div class=\"td-block-span6 td-post-prev-post\">\n<div class=\"td-post-next-prev-content\"><span>Articolul precedent<\/span><a href=\"https:\/\/orasul-timisoara.ro\/local-40433\/\">Primii kilometri de asfalt pe autostrada A1 Margina\u2013Holdea. Lucr\u0103rile au ajuns la 72% (video)<\/a><\/div>\n<\/div>\n<div class=\"td-block-span6 td-post-next-post\">\n<div class=\"td-post-next-prev-content\"><span>Articolul urm\u0103tor<\/span><a href=\"https:\/\/orasul-timisoara.ro\/local-40441\/\">\u201eCe \u0219tia Grindeanu?\u201d Dominic Fritz lanseaz\u0103 acuza\u021bii grave \u00een scandalul \u201eamendamentului Fritz\u201d<\/a><\/div>\n<\/div>\n<\/div>\n<div class=\"td-author-name vcard author\"><span class=\"fn\"><a href=\"https:\/\/orasul-timisoara.ro\/author\/timisoara\/\">redactia<\/a><\/span><\/div>\n<p><span class=\"td-page-meta\"><\/span><span class=\"td-page-meta\"><span class=\"td-page-meta\"><\/span><\/span><span class=\"td-page-meta\"><\/span><\/footer>\n<div class=\"td_block_wrap td_block_related_posts tdi_3 td_with_ajax_pagination td-pb-border-top td_block_template_8\" data-td-block-uid=\"tdi_3\">\n<h4 class=\"td-related-title td-block-title\"><a id=\"tdi_4\" class=\"td-related-left td-cur-simple-item\" data-td_filter_value data-td_block_id=\"tdi_3\" href=\"https:\/\/orasul-timisoara.ro\/local-40438\/\">ARTICOLE SIMILARE<\/a><a id=\"tdi_5\" class=\"td-related-right\" data-td_filter_value=\"td_related_more_from_author\" data-td_block_id=\"tdi_3\" href=\"https:\/\/orasul-timisoara.ro\/local-40438\/\">DE LA ACELA\u0218I AUTOR<\/a><\/h4>\n<div id=\"tdi_3\" class=\"td_block_inner\">\n<div class=\"td-related-row\">\n<div class=\"td-related-span4\">\n<div class=\"td_module_related_posts td-animation-stack td_mod_related_posts\">\n<div class=\"td-module-image\">\n<div class=\"td-module-thumb\"><a href=\"https:\/\/orasul-timisoara.ro\/local-40107\/\" rel=\"bookmark\" class=\"td-image-wrap \" title=\"Viorel M\u0103rcu\u021bi: Au \u00eenceput lucr\u0103rile la terenul sintetic de fotbal din S\u00e2nmihaiu Rom\u00e2n (foto)\"><img loading=\"lazy\" decoding=\"async\" class=\"entry-thumb\" src=\"https:\/\/orasul-timisoara.ro\/wp-content\/uploads\/2026\/08\/teren-sport-sanmihaiu-roman-1-1-436x300.jpg\" alt title=\"Viorel M\u0103rcu\u021bi: Au \u00eenceput lucr\u0103rile la terenul sintetic de fotbal din S\u00e2nmihaiu Rom\u00e2n (foto)\" width=\"218\" height=\"150\"><\/a><\/div>\n<\/div>\n<div class=\"item-details\">\n<h3 class=\"entry-title td-module-title\"><a href=\"https:\/\/orasul-timisoara.ro\/local-40107\/\" rel=\"bookmark\" title=\"Viorel M\u0103rcu\u021bi: Au \u00eenceput lucr\u0103rile la terenul sintetic de fotbal din S\u00e2nmihaiu Rom\u00e2n (foto)\">Viorel M\u0103rcu\u021bi: Au \u00eenceput lucr\u0103rile la terenul sintetic de fotbal din S\u00e2nmihaiu Rom\u00e2n (foto)<\/a><\/h3>\n<\/div>\n<\/div>\n<\/div>\n<div class=\"td-related-span4\">\n<div class=\"td_module_related_posts td-animation-stack td_mod_related_posts\">\n<div class=\"td-module-image\">\n<div class=\"td-module-thumb\"><a href=\"https:\/\/orasul-timisoara.ro\/local-40104\/\" rel=\"bookmark\" class=\"td-image-wrap \" title=\"Politehnica Timi\u0219oara joac\u0103 miercuri cu CSC Dumbr\u0103vi\u021ba \u00een Cupa Rom\u00e2niei\"><img loading=\"lazy\" decoding=\"async\" class=\"entry-thumb\" src=\"https:\/\/orasul-timisoara.ro\/wp-content\/uploads\/2026\/08\/767190377_1430328542279423_1307848591074700398_n-436x300.jpg\" alt title=\"Politehnica Timi\u0219oara joac\u0103 miercuri cu CSC Dumbr\u0103vi\u021ba \u00een Cupa Rom\u00e2niei\" width=\"218\" height=\"150\"><\/a><\/div>\n<\/div>\n<div class=\"item-details\">\n<h3 class=\"entry-title td-module-title\"><a href=\"https:\/\/orasul-timisoara.ro\/local-40104\/\" rel=\"bookmark\" title=\"Politehnica Timi\u0219oara joac\u0103 miercuri cu CSC Dumbr\u0103vi\u021ba \u00een Cupa Rom\u00e2niei\">Politehnica Timi\u0219oara joac\u0103 miercuri cu CSC Dumbr\u0103vi\u021ba \u00een Cupa Rom\u00e2niei<\/a><\/h3>\n<\/div>\n<\/div>\n<\/div>\n<div class=\"td-related-span4\">\n<div class=\"td_module_related_posts td-animation-stack td_mod_related_posts\">\n<div class=\"td-module-image\">\n<div class=\"td-module-thumb\"><a href=\"https:\/\/orasul-timisoara.ro\/local-40042\/\" rel=\"bookmark\" class=\"td-image-wrap \" title=\"Politehnica Timi\u0219oara debuteaz\u0103 cu victorie \u00een Liga a II-a: 1-0 cu Chindia\"><img loading=\"lazy\" decoding=\"async\" class=\"entry-thumb\" src=\"https:\/\/orasul-timisoara.ro\/wp-content\/uploads\/2026\/08\/politehnica-timisoara-003-436x300.jpg\" alt title=\"Politehnica Timi\u0219oara debuteaz\u0103 cu victorie \u00een Liga a II-a: 1-0 cu Chindia\" width=\"218\" height=\"150\"><\/a><\/div>\n<\/div>\n<div class=\"item-details\">\n<h3 class=\"entry-title td-module-title\"><a href=\"https:\/\/orasul-timisoara.ro\/local-40042\/\" rel=\"bookmark\" title=\"Politehnica Timi\u0219oara debuteaz\u0103 cu victorie \u00een Liga a II-a: 1-0 cu Chindia\">Politehnica Timi\u0219oara debuteaz\u0103 cu victorie \u00een Liga a II-a: 1-0 cu Chindia<\/a><\/h3>\n<\/div>\n<\/div>\n<\/div>\n<\/div>\n<\/div>\n<\/div>\n<div class=\"comments\" id=\"comments\">\n<div id=\"respond\" class=\"comment-respond\">\n<h3 id=\"reply-title\" class=\"comment-reply-title\">L\u0102SA\u021aI UN MESAJ<\/h3>\n<div class=\"comment-form-input-wrap td-form-comment\">\n<div class=\"td-warning-comment\">V\u0103 rug\u0103m s\u0103 introduce\u021bi comentariul dvs.!<\/div>\n<\/div>\n<div class=\"comment-form-input-wrap td-form-author\">\n<div class=\"td-warning-author\">Introduce\u021bi aici numele dvs.<\/div>\n<\/div>\n<div class=\"comment-form-input-wrap td-form-email\">\n<div class=\"td-warning-email-error\">A\u021bi introdus o adres\u0103 de e-mail incorect\u0103!<\/div>\n<div class=\"td-warning-email\">V\u0103 rug\u0103m s\u0103 introduce\u021bi adresa dvs. de e-mail aici<\/div>\n<\/div>\n<\/div>\n<p class=\"akismet_comment_form_privacy_notice\">Acest site folose\u0219te Akismet pentru a reduce spamul. <a href=\"https:\/\/akismet.com\/privacy\/\" target=\"_blank\" rel=\"nofollow noopener\">Afl\u0103 cum sunt procesate datele comentariilor tale<\/a>.<\/p>\n<\/div>\n<\/div>\n<\/div>\n<div class=\"td-pb-span4 td-main-sidebar\" role=\"complementary\">\n<div class=\"td-ss-main-sidebar\">\n<aside id=\"block-4\" class=\"td_block_template_8 widget block-4 widget_block widget_media_image\">\n<figure class=\"wp-block-image size-full\"><img loading=\"lazy\" decoding=\"async\" width=\"336\" height=\"280\" src=\"https:\/\/orasul-timisoara.ro\/wp-content\/uploads\/2024\/11\/ReTIM-Abonamentul-Verde-Google-Ads-336x280px.gif\" alt class=\"wp-image-29257\"><\/figure>\n<\/aside>\n<div class=\"td_block_wrap td_block_social_counter td_block_widget tdi_6 td-social-style5 td-social-boxed td-pb-border-top td_block_template_8\">\n<div class=\"td-block-title-wrap\">\n<h4 class=\"td-block-title\"><span>Urm\u0103re\u0219te-ne pe Social Media<\/span><\/h4>\n<\/div>\n<div class=\"td-social-list\">\n<div class=\"td_social_type td-pb-margin-side td_social_facebook\">\n<div class=\"td-social-box\"><span class=\"td_social_info td_social_info_counter\">344,595<\/span><span class=\"td_social_info td_social_info_name\">Fani<\/span><span class=\"td_social_button\"><a href=\"https:\/\/www.facebook.com\/247timisoara\" target=\"_blank\" rel=\"nofollow\">\u00cemi place<\/a><\/span><\/div>\n<\/div>\n<div class=\"td_social_type td-pb-margin-side td_social_instagram\">\n<div class=\"td-social-box\"><span class=\"td_social_info td_social_info_counter\">4,416<\/span><span class=\"td_social_info td_social_info_name\">Cititori<\/span><span class=\"td_social_button\"><a href=\"https:\/\/instagram.com\/orasultimisoararo\/\" target=\"_blank\" rel=\"nofollow\">Conecta\u021bi-v\u0103<\/a><\/span><\/div>\n<\/div>\n<div class=\"td_social_type td-pb-margin-side td_social_rss\">\n<div class=\"td-social-box\"><span class=\"td_social_info td_social_info_counter\">12,506<\/span><span class=\"td_social_info td_social_info_name\">Cititori<\/span><span class=\"td_social_button\"><a href=\"https:\/\/orasul-timisoara.ro\/feed\/\" target=\"_blank\" rel=\"nofollow\">Conecta\u021bi-v\u0103<\/a><\/span><\/div>\n<\/div>\n<div class=\"td_social_type td-pb-margin-side td_social_tiktok\">\n<div class=\"td-social-box\"><span class=\"td_social_info td_social_info_counter\">1,500<\/span><span class=\"td_social_info td_social_info_name\">Cititori<\/span><span class=\"td_social_button\"><a href=\"https:\/\/www.tiktok.com\/@orasultimisoara\" target=\"_blank\" rel=\"nofollow\">Conecta\u021bi-v\u0103<\/a><\/span><\/div>\n<\/div>\n<div class=\"td_social_type td-pb-margin-side td_social_twitter\">\n<div class=\"td-social-box\"><span class=\"td_social_info td_social_info_counter\">1,595<\/span><span class=\"td_social_info td_social_info_name\">Cititori<\/span><span class=\"td_social_button\"><a href=\"https:\/\/twitter.com\/orasultm\" target=\"_blank\" rel=\"nofollow\">Conecta\u021bi-v\u0103<\/a><\/span><\/div>\n<\/div>\n<div class=\"td_social_type td-pb-margin-side td_social_youtube\">\n<div class=\"td-social-box\"><span class=\"td_social_info td_social_info_counter\">3,506<\/span><span class=\"td_social_info td_social_info_name\">Abona\u021bi<\/span><span class=\"td_social_button\"><a href=\"https:\/\/www.youtube.com\/channel\/UCQNsQvs2XCSIm1Z-AHRturw?sub_confirmation=1\" target=\"_blank\" rel=\"nofollow\">Abona\u021bi-v\u0103<\/a><\/span><\/div>\n<\/div>\n<\/div>\n<\/div>\n<aside id=\"text-7\" class=\"td_block_template_8 widget text-7 widget_text\">\n<h4 class=\"td-block-title\"><span>C\u0103ut\u0103ri populare pe OTM<\/span><\/h4>\n<div class=\"textwidget\"><a href=\"https:\/\/orasul-timisoara.ro\/?s=timisoara\"><span>Timisoara<\/span><\/a><a href=\"https:\/\/orasul-timisoara.ro\/?s=calin+dobra\"><span>Calin Dobra<\/span><\/a><a href=\"https:\/\/orasul-timisoara.ro\/?s=primaria+timisoara\"><span>Primaria Timisoara<\/span><\/a><a href=\"https:\/\/orasul-timisoara.ro\/?s=dominic+fritz\"><span>Dominic Fritz<\/span><\/a><a href=\"https:\/\/orasul-timisoara.ro\/?s=nicolae+robu\"><span>Nicolae Robu<\/span><\/a><a href=\"https:\/\/orasul-timisoara.ro\/?s=consiliul+local+timisoara\">Consiliul Local Timisoara<\/a><a href=\"https:\/\/orasul-timisoara.ro\/?s=consiliul+judetean+timis\"><span>Consiliul Judetean Timis<\/span><\/a><a href=\"https:\/\/orasul-timisoara.ro\/?s=cjt\"><span>CJT<\/span><\/a><a href=\"https:\/\/orasul-timisoara.ro\/?s=Alfred+Simonis\"><span>Alfred Simonis<\/span><\/a><a href=\"https:\/\/orasul-timisoara.ro\/?s=PNL\"><span>PNL<\/span><\/a><a href=\"https:\/\/orasul-timisoara.ro\/?s=coronavirus\"><span>coronavirus<\/span><\/a><a href=\"https:\/\/orasul-timisoara.ro\/?s=teatru+timisoara\">teatru Timisoara<\/a><a href=\"https:\/\/orasul-timisoara.ro\/?s=restaurante\"><span>restaurante Timisoara<\/span><\/a><a href=\"https:\/\/orasul-timisoara.ro\/?s=diskoteka\"><span>Diskoteka<\/span><\/a><a href=\"https:\/\/orasul-timisoara.ro\/?s=iulius+town\"><span>Iulius Town<\/span><\/a><a href=\"https:\/\/orasul-timisoara.ro\/?s=iulius+mall\"><span>Iulius Mall<\/span><\/a><a href=\"https:\/\/orasul-timisoara.ro\/?s=stpt\"><span>STPT<\/span><\/a><a href=\"https:\/\/orasul-timisoara.ro\/?s=alin+nica\"><span>Alin Nica<\/span><\/a><a href=\"https:\/\/orasul-timisoara.ro\/?s=psd\"><span>PSD<\/span><\/a><a href=\"https:\/\/orasul-timisoara.ro\/?s=aeroport\"><span>Aeroportul International Timisoara<\/span><\/a><a href=\"https:\/\/orasul-timisoara.ro\/?s=babes\"><span>Spitalul Victor Babes Timisoara<\/span><\/a><a href=\"https:\/\/orasul-timisoara.ro\/?s=poli\"><span>Poli Timi\u0219oara<\/span><\/a><a href=\"https:\/\/orasul-timisoara.ro\/?s=carantina\"><span>carantina<\/span><\/a><a href=\"https:\/\/orasul-timisoara.ro\/?s=aquatim\"><span>Aquatim<\/span><\/a><a href=\"https:\/\/orasul-timisoara.ro\/local-category\/stiri-timisoara\/\"><span>Stiri Timisoara<\/span><\/a><a href=\"https:\/\/orasul-timisoara.ro\/local-category\/investitii-in-timisoara\/\"><span>Investi\u021bii in Timi\u0219oara<\/span><\/a><a href=\"https:\/\/orasul-timisoara.ro\/local-9463\/\"><span>shaorma<\/span><\/a><a href=\"https:\/\/orasul-timisoara.ro\/?s=trafic\"><span>trafic rutier<\/span><\/a><a href=\"https:\/\/orasul-timisoara.ro\/?s=politia\"><span>politia locala timisoara<\/span><\/a><a href=\"https:\/\/orasul-timisoara.ro\/?s=roxana\"><span>Roxana Iliescu<\/span><\/a><a href=\"https:\/\/orasul-timisoara.ro\/?s=colterm\"><span>Colterm<\/span><\/a><a href=\"https:\/\/orasul-timisoara.ro\/?s=latcau\"><span>Ruben La\u021bc\u0103u<\/span><\/a><a href=\"https:\/\/orasul-timisoara.ro\/?s=timis\"><span>\u0218tiri din Timi\u0219<\/span><\/a><a href=\"https:\/\/orasul-timisoara.ro\/?s=spital\"><span>Spitale din Timi\u0219oara<\/span><\/a><a href=\"https:\/\/orasul-timisoara.ro\/?s=tabara\"><span>Cosmin Tab\u0103r\u0103<\/span><\/a><\/div>\n<\/aside>\n<aside id=\"rss-2\" class=\"td_block_template_8 widget rss-2 widget_rss\">\n<h4 class=\"td-block-title\"><span><a class=\"rsswidget rss-widget-feed\" href=\"https:\/\/fashionfridays.ro\/feed\"><img decoding=\"async\" class=\"rss-widget-icon\" width=\"14\" height=\"14\" src=\"https:\/\/orasul-timisoara.ro\/wp-includes\/images\/rss.png\" alt=\"Flux RSS: Fashion Fridays\" loading=\"lazy\"><\/a><a class=\"rsswidget rss-widget-title\" href=\"https:\/\/fashionfridays.ro\/\">Fashion Fridays<\/a><\/span><\/h4>\n<ul>\n<li><a class=\"rsswidget\" href=\"https:\/\/fashionfridays.ro\/romania-devine-a-29-a-piata-vogue-o-noua-era-pentru-industria-locala-de-moda\/\">Rom\u00e2nia devine a 29-a pia\u021b\u0103 Vogue: o nou\u0103 er\u0103 pentru industria local\u0103 de mod\u0103<\/a>\n<div class=\"rssSummary\">Revista Vogue \u00ee\u0219i extinde prezen\u021ba global\u0103 \u0219i va fi lansat\u0103 oficial \u00een Rom\u00e2nia \u00een prim\u0103vara anului 2027, marc\u00e2nd intrarea pe cea de-a 29-a pia\u021b\u0103 interna\u021bional\u0103. Proiectul este realizat \u00een parteneriat cu AEMME Publishing, o companie media recent \u00eenfiin\u021bat\u0103, care va publica edi\u021bia local\u0103 sub licen\u021b\u0103. Noua edi\u021bie, Vogue Rom\u00e2nia, \u00ee\u0219i propune s\u0103 combine autoritatea global\u0103 [\u2026]<\/div>\n<\/li>\n<\/ul>\n<\/aside>\n<aside id=\"rss-4\" class=\"td_block_template_8 widget rss-4 widget_rss\">\n<h4 class=\"td-block-title\"><span><a class=\"rsswidget rss-widget-feed\" href=\"https:\/\/emasini.ro\/feed\"><img decoding=\"async\" class=\"rss-widget-icon\" width=\"14\" height=\"14\" src=\"https:\/\/orasul-timisoara.ro\/wp-includes\/images\/rss.png\" alt=\"Flux RSS: eMasini\" loading=\"lazy\"><\/a><a class=\"rsswidget rss-widget-title\" href=\"https:\/\/emasini.ro\/\">eMasini<\/a><\/span><\/h4>\n<ul>\n<li><a class=\"rsswidget\" href=\"https:\/\/emasini.ro\/adio-bordurilor-pline-de-ecrane-mercedes-benz-readuce-butoanele-in-noile-masini-produse\/\">Adio bordurilor pline de ecrane? Mercedes-Benz readuce butoanele \u00een noile ma\u0219ini produse<\/a>\n<div class=\"rssSummary\">Mercedes-Benz \u00ee\u0219i schimb\u0103 direc\u021bia \u00een ceea ce prive\u0219te designul interioarelor \u0219i va readuce comenzile fizice pentru anumite func\u021bii importante. Constructorul german nu renun\u021b\u0103 la ecranele mari \u0219i la tehnologiile digitale, dar recunoa\u0219te c\u0103 a mers prea departe prin eliminarea unor butoane \u0219i comenzi tactile. Ola K\u00e4llenius, pre\u0219edintele Consiliului de Administra\u021bie al Mercedes-Benz Group \u0219i CEO [\u2026]<\/div>\n<\/li>\n<\/ul>\n<\/aside>\n<\/div>\n<\/div>\n<\/div>\n<\/div>\n<\/article>\n<div class=\"td-post-content tagdiv-type\">\n<p class=\"wp-block-paragraph\">Politehnica Timi\u0219oara are parte de o grup\u0103 spectaculoas\u0103 \u00een Cupa Rom\u00e2niei Betano, edi\u021bia 2026\/2027. Echipa timi\u0219orean\u0103 va \u00eent\u00e2lni Rapid Bucure\u0219ti, Minerul Lupeni \u0219i Corvinul Hunedoara, \u00een timp ce \u00een aceea\u0219i Grupa A au mai fost repartizate UTA Arad \u0219i FC Boto\u0219ani.<\/p>\n<h2 class=\"wp-block-heading\">Politehnica Timi\u0219oara \u00eencepe cu Rapid<\/h2>\n<p class=\"wp-block-paragraph\">Tragerea la sor\u021bi a grupelor Cupei Rom\u00e2niei s-a desf\u0103\u0219urat vineri, 21 august, la Bucure\u0219ti, iar Politehnica Timi\u0219oara a fost repartizat\u0103 \u00een Grupa A, al\u0103turi de dou\u0103 forma\u021bii din SuperLiga Rom\u00e2niei, Rapid \u0219i UTA, precum \u0219i de Corvinul Hunedoara, FC Boto\u0219ani \u0219i Minerul Lupeni.<\/p>\n<p class=\"wp-block-paragraph\">Pentru Poli, debutul \u00een competi\u021bie va fi unul dintre cele mai atractive meciuri ale grupei. Timi\u0219orenii vor primi vizita celor de la Rapid Bucure\u0219ti \u00een prima etap\u0103, programat\u0103 pentru 2 septembrie 2026. <\/p>\n<h2 class=\"wp-block-heading\">Programul Politehnicii \u00een Cupa Rom\u00e2niei<\/h2>\n<p class=\"wp-block-paragraph\">Politehnica Timi\u0219oara va disputa trei partide \u00een faza grupelor, iar programul stabilit \u00een urma tragerii la sor\u021bi este urm\u0103torul:<\/p>\n<p class=\"wp-block-paragraph\"><strong>Etapa 1 \u2013 2 septembrie 2026:<\/strong> Politehnica Timi\u0219oara \u2013 Rapid Bucure\u0219ti<\/p>\n<p class=\"wp-block-paragraph\"><strong>Etapa 2 \u2013 28 octombrie 2026:<\/strong> Minerul Lupeni \u2013 Politehnica Timi\u0219oara<\/p>\n<p class=\"wp-block-paragraph\"><strong>Etapa 3 \u2013 2 decembrie 2026:<\/strong> Politehnica Timi\u0219oara \u2013 Corvinul Hunedoara<\/p>\n<p class=\"wp-block-paragraph\">Astfel, echipa timi\u0219orean\u0103 va avea dou\u0103 dintre cele trei meciuri pe teren propriu, cu Rapid \u0219i Corvinul, \u00een timp ce deplasarea din etapa a doua va fi la Minerul Lupeni. <\/p>\n<h2 class=\"wp-block-heading\">O grup\u0103 cu Rapid, UTA \u0219i Corvinul<\/h2>\n<p class=\"wp-block-paragraph\">Grupa A este una dintre cele mai interesante din aceast\u0103 edi\u021bie a Cupei Rom\u00e2niei. Rapid \u0219i UTA vin din prima urn\u0103 valoric\u0103, \u00een timp ce Corvinul \u0219i FC Boto\u0219ani au f\u0103cut parte din urna a doua. Politehnica Timi\u0219oara \u0219i Minerul Lupeni au fost repartizate din urna a treia.<\/p>\n<p class=\"wp-block-paragraph\">Prezen\u021ba UTA-ei \u00een aceea\u0219i grup\u0103 ofer\u0103 \u0219i perspectiva unui posibil duel \u00eentre dou\u0103 dintre cele mai importante echipe din vestul \u021b\u0103rii. Totu\u0219i, sistemul competi\u021bional face ca Politehnica s\u0103 nu \u00eent\u00e2lneasc\u0103 toate forma\u021biile din grup\u0103.<\/p>\n<p class=\"wp-block-paragraph\">\u00cen faza grupelor, fiecare echip\u0103 disput\u0103 c\u00e2te trei partide, iar pentru Politehnica adversarii sunt Rapid, Minerul Lupeni \u0219i Corvinul. UTA va juca \u00eempotriva lui Minerul Lupeni, FC Boto\u0219ani \u0219i Rapid, \u00een timp ce Corvinul va \u00eent\u00e2lni FC Boto\u0219ani, Rapid \u0219i Politehnica. <\/p>\n<h2 class=\"wp-block-heading\">Poli, \u00een c\u0103utarea calific\u0103rii \u00een sferturile de final\u0103<\/h2>\n<p class=\"wp-block-paragraph\">Pentru Politehnica Timi\u0219oara, parcursul \u00een Cupa Rom\u00e2niei reprezint\u0103 o nou\u0103 oportunitate de a se confrunta cu adversari de nivel superior \u0219i de a aduce la Timi\u0219oara meciuri importante.<\/p>\n<p class=\"wp-block-paragraph\">Prima provocare va fi Rapid, pe 2 septembrie. Apoi, Poli va merge la Lupeni pentru partida din etapa a doua, \u00eenainte de a \u00eencheia faza grupelor pe teren propriu, \u00eempotriva Corvinului Hunedoara.<\/p>\n<p class=\"wp-block-paragraph\">Primele dou\u0103 clasate din fiecare grup\u0103 se calific\u0103 \u00een sferturile de final\u0103, astfel c\u0103 fiecare punct poate deveni important \u00een stabilirea echipelor care vor continua competi\u021bia.<\/p>\n<h2 class=\"wp-block-heading\">C\u00e2nd se joac\u0103 fazele urm\u0103toare ale Cupei Rom\u00e2niei<\/h2>\n<p class=\"wp-block-paragraph\">Faza grupelor se va desf\u0103\u0219ura \u00een trei etape, \u00een septembrie, octombrie \u0219i decembrie. Sferturile de final\u0103 sunt programate pentru 3 martie 2027, semifinalele pentru 21 aprilie, iar finala Cupei Rom\u00e2niei Betano va avea loc pe 12 mai 2027. :contentReference[oaicite:4]{index=4}<\/p>\n<p class=\"wp-block-paragraph\"><strong>Calendarul competi\u021biei:<\/strong><\/p>\n<p class=\"wp-block-paragraph\"><strong>Etapa 1:<\/strong> 2 septembrie 2026<\/p>\n<p class=\"wp-block-paragraph\"><strong>Etapa 2:<\/strong> 28 octombrie 2026<\/p>\n<p class=\"wp-block-paragraph\"><strong>Etapa 3:<\/strong> 2 decembrie 2026<\/p>\n<p class=\"wp-block-paragraph\"><strong>Sferturi de final\u0103:<\/strong> 3 martie 2027<\/p>\n<p class=\"wp-block-paragraph\"><strong>Semifinale:<\/strong> 21 aprilie 2027<\/p>\n<p class=\"wp-block-paragraph\"><strong>Finala:<\/strong> 12 mai 2027<\/p>\n<p class=\"wp-block-paragraph\">Politehnica Timi\u0219oara \u00ee\u0219i \u00eencepe, a\u0219adar, aventura \u00een noua edi\u021bie a Cupei Rom\u00e2niei cu un meci atractiv \u00eempotriva Rapidului. Cele trei partide din grup\u0103 vor reprezenta pentru forma\u021bia timi\u0219orean\u0103 \u0219ansa de a lupta pentru calificarea \u00een faza urm\u0103toare a competi\u021biei.<\/p>\n<\/div>\n<p>[analyse_source url=&#8221;https:\/\/orasul-timisoara.ro\/local-40438\/&#8221;]<\/p>\n","protected":false},"excerpt":{"rendered":"<p>[analyse_image type=&#8221;featured&#8221; src=&#8221;https:\/\/orasul-timisoara.ro\/wp-content\/uploads\/2026\/08\/grupe-cupa-romaniei.jpg&#8221;] Sport LocalPolitehnica Timi\u0219oara \u00eencepe Cupa Rom\u00e2niei cu Rapid! Grup\u0103 cu UTA, Corvinul \u0219i&#8230; Sport Local \u0218tiri Locale Politehnica Timi\u0219oara \u00eencepe Cupa Rom\u00e2niei cu Rapid! Grup\u0103 cu UTA, Corvinul \u0219i Boto\u0219ani De c\u0103tre redactia &#8211; 21\/08\/2026 Facebook Twitter WhatsApp Linkedin ReddIt Email Imprimare Politehnica Timi\u0219oara are parte de o grup\u0103 spectaculoas\u0103 \u00een Cupa [&hellip;]<\/p>\n","protected":false},"author":1,"featured_media":0,"comment_status":"open","ping_status":"","sticky":false,"template":"","format":"standard","meta":{"footnotes":""},"categories":[89],"tags":[226,189],"class_list":["post-2108460","post","type-post","status-publish","format-standard","hentry","category-romania","tag-crawlmanager","tag-orasul-timisoara-ro"],"_links":{"self":[{"href":"https:\/\/analyse.optim.biz\/index.php?rest_route=\/wp\/v2\/posts\/2108460","targetHints":{"allow":["GET"]}}],"collection":[{"href":"https:\/\/analyse.optim.biz\/index.php?rest_route=\/wp\/v2\/posts"}],"about":[{"href":"https:\/\/analyse.optim.biz\/index.php?rest_route=\/wp\/v2\/types\/post"}],"author":[{"embeddable":true,"href":"https:\/\/analyse.optim.biz\/index.php?rest_route=\/wp\/v2\/users\/1"}],"replies":[{"embeddable":true,"href":"https:\/\/analyse.optim.biz\/index.php?rest_route=%2Fwp%2Fv2%2Fcomments&post=2108460"}],"version-history":[{"count":0,"href":"https:\/\/analyse.optim.biz\/index.php?rest_route=\/wp\/v2\/posts\/2108460\/revisions"}],"wp:attachment":[{"href":"https:\/\/analyse.optim.biz\/index.php?rest_route=%2Fwp%2Fv2%2Fmedia&parent=2108460"}],"wp:term":[{"taxonomy":"category","embeddable":true,"href":"https:\/\/analyse.optim.biz\/index.php?rest_route=%2Fwp%2Fv2%2Fcategories&post=2108460"},{"taxonomy":"post_tag","embeddable":true,"href":"https:\/\/analyse.optim.biz\/index.php?rest_route=%2Fwp%2Fv2%2Ftags&post=2108460"}],"curies":[{"name":"wp","href":"https:\/\/api.w.org\/{rel}","templated":true}]}}