{"id":2108427,"date":"2026-08-24T08:11:36","date_gmt":"2026-08-24T05:11:36","guid":{"rendered":"https:\/\/analyse.optim.biz\/?p=2108427"},"modified":"2026-08-24T08:11:36","modified_gmt":"2026-08-24T05:11:36","slug":"gabriel-mutu-fost-primar-al-sectorului-6-isi-anunta-retragerea-definitiva-din-politica","status":"publish","type":"post","link":"https:\/\/analyse.optim.biz\/?p=2108427","title":{"rendered":"Gabriel Mutu, fost primar al Sectorului 6, \u00ee\u0219i anun\u021b\u0103 retragerea definitiv\u0103 din politic\u0103"},"content":{"rendered":"<p>[analyse_image type=&#8221;featured&#8221; src=&#8221;https:\/\/60m.ro\/wp-content\/uploads\/2026\/08\/mutu.jpg&#8221;]<\/p>\n<div class=\"articleBody\" data-key=\"articleBody\">\nFostul primar al Sectorului 6,\u00a0Gabriel Mutu, a postat un mesaj prin care \u00ee\u0219i anun\u021b\u0103 retragerea definitiv\u0103 din zona politic\u0103. Fost lider important al PSD, Mutu anun\u021b\u0103 faptul c\u0103 nu va mai face politic\u0103 \u0219i se \u00eentoarce \u00een zona afacerilor.<\/p>\n<p>Gabriel Mutu:\u00a0Ast\u0103zi renun\u021b la politic\u0103 \u0219i m\u0103 retrag definitiv din via\u021ba politic\u0103<\/p>\n<p>\u201dAst\u0103zi renun\u021b la politic\u0103 \u0219i m\u0103 retrag definitiv din via\u021ba politic\u0103.<\/p>\n<p>Este o decizie personal\u0103, matur\u0103 \u0219i asumat\u0103. Am intrat \u00een politic\u0103 din proprie ini\u021biativ\u0103 \u0219i ies \u00een acela\u0219i fel.<\/p>\n<p>Am avut onoarea de a fi senator \u00een trei mandate \u0219i primar al Sectorului 6. Au fost ani cu reu\u0219ite \u0219i gre\u0219eli, cu satisfac\u021bii \u0219i dezam\u0103giri. Am avut \u0219ansa de a face lucruri importante pentru comunitate.<\/p>\n<p>Nu plec declar\u00e2ndu-m\u0103 nici erou, nici victim\u0103. \u00cemi asum \u00eentregul parcurs \u0219i vreau ca el s\u0103 fie judecat pe fapte, cu bune \u0219i cu rele.<\/p>\n<p>Le mul\u021bumesc oamenilor care mi-au acordat \u00eencrederea \u0219i votul, colegilor \u0219i profesioni\u0219tilor al\u0103turi de care am lucrat \u0219i celor care au avut curajul s\u0103 \u00eemi spun\u0103 c\u00e2nd gre\u0219esc. Mai ales, \u00eei mul\u021bumesc familiei mele, care a dus al\u0103turi de mine o parte important\u0103 din costul acestei cariere.<\/p>\n<p>Politica a fost o parte important\u0103 din via\u021ba mea, dar nu m\u0103 mai reprezint\u0103.<\/p>\n<p>M\u0103 \u00eentorc la mediul de afaceri, acolo unde m-am format \u0219i unde \u0219tiu c\u0103 pot construi din nou.<\/p>\n<p>Adio, politic\u0103. \u0218i nu regret c\u0103 plec.\u201d, scrie Gabriel Mutu.\n<\/p><\/div>\n<p>[analyse_source url=&#8221;https:\/\/60m.ro\/gabriel-mutu-fost-primar-al-sectorului-6-isi-anunta-retragerea-definitiva-din-politica\/&#8221;]<\/p>\n","protected":false},"excerpt":{"rendered":"<p>[analyse_image type=&#8221;featured&#8221; src=&#8221;https:\/\/60m.ro\/wp-content\/uploads\/2026\/08\/mutu.jpg&#8221;] Fostul primar al Sectorului 6,\u00a0Gabriel Mutu, a postat un mesaj prin care \u00ee\u0219i anun\u021b\u0103 retragerea definitiv\u0103 din zona politic\u0103. Fost lider important al PSD, Mutu anun\u021b\u0103 faptul c\u0103 nu va mai face politic\u0103 \u0219i se \u00eentoarce \u00een zona afacerilor. Gabriel Mutu:\u00a0Ast\u0103zi renun\u021b la politic\u0103 \u0219i m\u0103 retrag definitiv din via\u021ba politic\u0103 \u201dAst\u0103zi [&hellip;]<\/p>\n","protected":false},"author":1,"featured_media":0,"comment_status":"open","ping_status":"","sticky":false,"template":"","format":"standard","meta":{"footnotes":""},"categories":[89],"tags":[100,226],"class_list":["post-2108427","post","type-post","status-publish","format-standard","hentry","category-romania","tag-60m-ro","tag-crawlmanager"],"_links":{"self":[{"href":"https:\/\/analyse.optim.biz\/index.php?rest_route=\/wp\/v2\/posts\/2108427","targetHints":{"allow":["GET"]}}],"collection":[{"href":"https:\/\/analyse.optim.biz\/index.php?rest_route=\/wp\/v2\/posts"}],"about":[{"href":"https:\/\/analyse.optim.biz\/index.php?rest_route=\/wp\/v2\/types\/post"}],"author":[{"embeddable":true,"href":"https:\/\/analyse.optim.biz\/index.php?rest_route=\/wp\/v2\/users\/1"}],"replies":[{"embeddable":true,"href":"https:\/\/analyse.optim.biz\/index.php?rest_route=%2Fwp%2Fv2%2Fcomments&post=2108427"}],"version-history":[{"count":0,"href":"https:\/\/analyse.optim.biz\/index.php?rest_route=\/wp\/v2\/posts\/2108427\/revisions"}],"wp:attachment":[{"href":"https:\/\/analyse.optim.biz\/index.php?rest_route=%2Fwp%2Fv2%2Fmedia&parent=2108427"}],"wp:term":[{"taxonomy":"category","embeddable":true,"href":"https:\/\/analyse.optim.biz\/index.php?rest_route=%2Fwp%2Fv2%2Fcategories&post=2108427"},{"taxonomy":"post_tag","embeddable":true,"href":"https:\/\/analyse.optim.biz\/index.php?rest_route=%2Fwp%2Fv2%2Ftags&post=2108427"}],"curies":[{"name":"wp","href":"https:\/\/api.w.org\/{rel}","templated":true}]}}