{"id":2108424,"date":"2026-08-24T07:03:53","date_gmt":"2026-08-24T04:03:53","guid":{"rendered":"https:\/\/analyse.optim.biz\/?p=2108424"},"modified":"2026-08-24T07:03:53","modified_gmt":"2026-08-24T04:03:53","slug":"nord-stream-zelenski-neaga-dar-rechizitoriul-germaniei-vorbeste-despre-structuri-de-stat-din-ucraina","status":"publish","type":"post","link":"https:\/\/analyse.optim.biz\/?p=2108424","title":{"rendered":"Nord Stream: Zelenski neag\u0103. Dar rechizitoriul Germaniei vorbe\u0219te despre \u201estructuri de stat din Ucraina\u201d"},"content":{"rendered":"<p>[analyse_image type=&#8221;featured&#8221; src=&#8221;https:\/\/solidnews.ro\/wp-content\/uploads\/2026\/08\/WhatsApp-Image-2026-08-24-at-08.51.54.jpeg&#8221;]<\/p>\n<div class=\"td_block_wrap tdb_single_content tdi_120 td-pb-border-top td_block_template_1 td-post-content tagdiv-type\" data-td-block-uid=\"tdi_120\">\n<div class=\"tdb-block-inner td-fix-index\">\n<p>Autor: Aurel Badea<\/p>\n<p>Nu Moscova spune asta. Nu este o teorie lansat\u0103 pe re\u021belele sociale. Nu este nici m\u0103car concluzia unei investiga\u021bii jurnalistice. Formula apare \u00een acuza\u021bia procurorilor federali germani: planul de distrugere a conductelor Nord Stream ar fi fost elaborat de militari ucraineni \u201eim Auftrag staatlicher Stellen in der Ukraine\u201d \u2014 la \u00eens\u0103rcinarea unor structuri de stat din Ucraina.<\/p>\n<p>Iar \u00een 24 august 2026, pre\u0219edintele Volodimir Zelenski neag\u0103 implicarea Ucrainei.<\/p>\n<p>\u00centre aceste dou\u0103 afirma\u021bii se deschide una dintre cele mai grave probleme politice \u0219i juridice ale Europei ultimilor ani.<\/p>\n<p>Nu mai discut\u0103m despre zvonuri. Nu mai discut\u0103m despre celebra ipotez\u0103 a unor \u201egrup\u0103ri pro-ucrainene\u201d care ar fi ac\u021bionat de capul lor. Germania are suspec\u021bi, mandate, arest\u0103ri \u0219i o acuza\u021bie penal\u0103 formulat\u0103 \u00eempotriva unui fost ofi\u021ber al armatei ucrainene.<\/p>\n<p>\u0218i, mai ales, Bundesanwaltschaft a introdus \u00een propria construc\u021bie judiciar\u0103 sintagma care schimb\u0103 dimensiunea \u00eentregului dosar: \u201estructuri de stat din Ucraina\u201d.<\/p>\n<p>Ce scrie presa german\u0103 despre propria anchet\u0103<\/p>\n<p>ARD\/Tagesschau a publicat pe 20 august o analiz\u0103 dedicat\u0103 implica\u021biilor politice ale dosarului.<\/p>\n<p>Publica\u021bia reproduce pasajul esen\u021bial din acuza\u021bia formulat\u0103 \u00eempotriva lui Serhii K.<\/p>\n<p>Potrivit documentului citat de ARD, dup\u0103 \u00eenceputul r\u0103zboiului declan\u0219at de Rusia \u00een februarie 2022, Serhii K. \u0219i al\u021bi militari ar fi elaborat planul distrugerii Nord Stream 1 \u0219i Nord Stream 2 la \u00eens\u0103rcinarea unor structuri de stat din Ucraina. Scopul urm\u0103rit ar fi fost \u00eentreruperea permanent\u0103 a livr\u0103rilor de gaze \u0219i \u00eempiedicarea Rusiei s\u0103 foloseasc\u0103 veniturile ob\u021binute din acestea pentru finan\u021barea r\u0103zboiului. (tagesschau.de)<\/p>\n<p>Aceasta este diferen\u021ba fundamental\u0103.<\/p>\n<p>Nu scrie \u201eun grup de cet\u0103\u021beni ucraineni\u201d.<\/p>\n<p>Nu scrie \u201esimpatizan\u021bi ai Ucrainei\u201d.<\/p>\n<p>Nu scrie \u201eo organiza\u021bie privat\u0103\u201d.<\/p>\n<p>Acuza\u021bia vorbe\u0219te despre militari \u0219i despre o opera\u021biune conceput\u0103 \u201eim Auftrag staatlicher Stellen in der Ukraine\u201d.<\/p>\n<p>WELT confirm\u0103 aceea\u0219i informa\u021bie \u0219i reproduce formularea Bundesanwaltschaft. Publica\u021bia german\u0103 arat\u0103 c\u0103 Serhii K. era \u00een 2022 ofi\u021ber al armatei ucrainene \u0219i c\u0103, \u00eempreun\u0103 cu al\u021bi militari, ar fi elaborat planul de distrugere a conductelor. (DIE WELT)<\/p>\n<p>Reuters confirm\u0103 independent con\u021binutul acuza\u021biei: procurorii federali germani sus\u021bin c\u0103 fostul ofi\u021ber ucrainean a ac\u021bionat \u00een numele unor entit\u0103\u021bi ale statului ucrainean. (Reuters)<\/p>\n<p>Trei surse majore. Aceea\u0219i informa\u021bie.<\/p>\n<p>\u0218i una dintre ele este chiar radiodifuzorul public german ARD.<\/p>\n<p>Opera\u021biunea descris\u0103 de procurori<\/p>\n<p>Dosarul descris de Bundesanwaltschaft nu seam\u0103n\u0103 cu aventura improvizat\u0103 a c\u00e2torva amatori.<\/p>\n<p>Potrivit procurorilor, Serhii K. ar fi condus o echip\u0103 format\u0103 din scafandri profesioni\u0219ti, un skipper \u0219i un specialist \u00een explozibili.<\/p>\n<p>La 4 septembrie 2022, K. ar fi intrat \u00een Germania folosind un pa\u0219aport ucrainean fals.<\/p>\n<p>Iahtul utilizat de grup ar fi fost \u00eenchiriat prin intermediari de la o companie german\u0103 din Rostock, folosindu-se, de asemenea, documente de identitate false.<\/p>\n<p>Iar apoi apare un alt element remarcabil al acuza\u021biei.<\/p>\n<p>Procurorii sus\u021bin c\u0103 echipa a transportat pe mare cantit\u0103\u021bi importante de explozibili de mare putere, utilizabili militar, p\u00e2n\u0103 \u00een apropierea insulei daneze Bornholm.<\/p>\n<p>Scafandrii ar fi cobor\u00e2t pe fundul M\u0103rii Baltice, ar fi montat \u00eenc\u0103rc\u0103turile explozive pe conducte \u0219i ar fi instalat dispozitive de temporizare.<\/p>\n<p>Pe 26 septembrie 2022, exploziile au devastat infrastructura Nord Stream. (DIE WELT)<\/p>\n<p>Aceasta este opera\u021biunea pe care justi\u021bia german\u0103 \u00eencearc\u0103 acum s\u0103 o reconstruiasc\u0103.<\/p>\n<p>Acuza\u021bia merge p\u00e2n\u0103 la \u201ecrim\u0103 de r\u0103zboi\u201d<\/p>\n<p>Exist\u0103 un detaliu care nu trebuie trecut cu vederea.<\/p>\n<p>Bundesanwaltschaft \u00eel acuz\u0103 pe Serhii K. inclusiv de coparticipare la o infrac\u021biune de r\u0103zboi const\u00e2nd \u00eentr-un atac \u00eempotriva unor obiective civile, al\u0103turi de provocarea unei explozii, distrugerea infrastructurii \u0219i perturbarea serviciilor publice. (Reuters)<\/p>\n<p>Este o calificare juridic\u0103 de o gravitate excep\u021bional\u0103.<\/p>\n<p>Iar Germania \u00ee\u0219i afirm\u0103 competen\u021ba deoarece conductele ajung la Lubmin, \u00een Mecklenburg-Vorpommern, iar distrugerea lor a afectat securitatea energetic\u0103 \u0219i securitatea intern\u0103 german\u0103. (Reuters)<\/p>\n<p>Cu alte cuvinte, pentru Germania nu discut\u0103m despre distrugerea unei conducte abstracte undeva \u00een largul m\u0103rii.<\/p>\n<p>Discut\u0103m despre un atac care a afectat infrastructura \u0219i securitatea unui stat european.<\/p>\n<p>\u0218i atunci apare Zelenski<\/p>\n<p>Pe 24 august, Volodimir Zelenski declar\u0103 c\u0103 Ucraina nu a avut nicio implicare \u00een exploziile Nord Stream.<\/p>\n<p>Este dreptul pre\u0219edintelui ucrainean s\u0103 nege.<\/p>\n<p>Este obliga\u021bia justi\u021biei s\u0103 probeze.<\/p>\n<p>Dar dup\u0103 publicarea acuza\u021biei germane nu mai este suficient s\u0103 discut\u0103m doar despre negarea Kievului.<\/p>\n<p>Pentru c\u0103 \u00eentrebarea nu mai este dac\u0103 ni\u0219te cet\u0103\u021beni ucraineni au fost identifica\u021bi de anchetatori.<\/p>\n<p>\u00centrebarea este:<\/p>\n<p>Ce \u00eenseamn\u0103 concret \u201estaatliche Stellen in der Ukraine\u201d?<\/p>\n<p>Care structuri?<\/p>\n<p>Cine le conducea?<\/p>\n<p>Cine a conceput misiunea?<\/p>\n<p>Cine a aprobat-o?<\/p>\n<p>Cine a pus la dispozi\u021bie informa\u021biile operative?<\/p>\n<p>De unde proveneau explozibilii?<\/p>\n<p>Cine a asigurat documentele false?<\/p>\n<p>Cine a finan\u021bat opera\u021biunea?<\/p>\n<p>\u0218i, mai ales, p\u00e2n\u0103 unde urc\u0103 lan\u021bul de comand\u0103?<\/p>\n<p>Acestea sunt \u00eentreb\u0103rile la care Europa are dreptul s\u0103 primeasc\u0103 r\u0103spunsuri.<\/p>\n<p>Germania nu poate \u00eengropa propriul rechizitoriu<\/p>\n<p>ARD observ\u0103 c\u0103 guvernul federal german se fere\u0219te, deocamdat\u0103, s\u0103 trag\u0103 concluzii politice \u0219i invoc\u0103 un argument juridic corect: nu exist\u0103 \u00eenc\u0103 o hot\u0103r\u00e2re judec\u0103toreasc\u0103, iar procesul nici nu a \u00eenceput.<\/p>\n<p>A\u0219a trebuie s\u0103 func\u021bioneze un stat de drept.<\/p>\n<p>Serhii K. beneficiaz\u0103 de prezum\u021bia de nevinov\u0103\u021bie.<\/p>\n<p>Ap\u0103rarea sa contest\u0103 acuza\u021biile.<\/p>\n<p>Dar prezum\u021bia de nevinov\u0103\u021bie a inculpatului nu poate transforma \u00een inexistent con\u021binutul acuza\u021biei formulate de \u00eensu\u0219i Parchetul Federal.<\/p>\n<p>Iar ARD consemneaz\u0103 ceva \u0219i mai important: ministrul german de interne, Alexander Dobrindt, afirm\u0103 c\u0103 ancheta trebuie s\u0103 continue pentru ca to\u021bi cei care au leg\u0103tur\u0103 cu atentatul s\u0103 r\u0103spund\u0103. Ministrul de externe Johann Wadephul spune, la r\u00e2ndul s\u0103u, c\u0103 justi\u021bia german\u0103 are m\u00e2n\u0103 liber\u0103, f\u0103r\u0103 a \u021bine seama de persoanele vizate. (tagesschau.de)<\/p>\n<p>Atunci exact asta trebuie s\u0103 se \u00eent\u00e2mple.<\/p>\n<p>P\u00e2n\u0103 la cap\u0103t.<\/p>\n<p>Indiferent unde duce ancheta.<\/p>\n<p>Europa are o problem\u0103 dac\u0103 acuza\u021bia se confirm\u0103<\/p>\n<p>S\u0103 presupunem c\u0103 procesul confirm\u0103 teza Bundesanwaltschaft.<\/p>\n<p>Consecin\u021ba nu ar mai putea fi redus\u0103 la r\u0103spunderea penal\u0103 a unor scafandri.<\/p>\n<p>Dac\u0103 instan\u021ba stabile\u0219te c\u0103 opera\u021biunea a fost realizat\u0103 la \u00eens\u0103rcinarea unor structuri ale statului ucrainean, problema devine una interstatal\u0103.<\/p>\n<p>ARD discut\u0103 deja aceast\u0103 ipotez\u0103.<\/p>\n<p>Un parlamentar SPD citat de postul public german spune c\u0103, dac\u0103 procesul va demonstra c\u0103 structuri statale ucrainene s-au aflat \u00een spatele exploziei, acest lucru va afecta rela\u021bia germano-ucrainean\u0103.<\/p>\n<p>ARD observ\u0103 inclusiv c\u0103 s-ar putea pune problema compensa\u021biilor \u0219i c\u0103 o asemenea concluzie ar trebui tratat\u0103 la cel mai \u00eenalt nivel politic. (tagesschau.de)<\/p>\n<p>Aici este adev\u0103rata miz\u0103.<\/p>\n<p>Germania este unul dintre principalii sus\u021bin\u0103tori europeni ai Ucrainei.<\/p>\n<p>Dar statul de drept nu poate func\u021biona dup\u0103 regula c\u0103 o infrac\u021biune trebuie investigat\u0103 doar p\u00e2n\u0103 \u00een punctul \u00een care concluziile devin politic incomode.<\/p>\n<p>Dac\u0103 procurorii germani au scris \u201eim Auftrag staatlicher Stellen in der Ukraine\u201d, atunci trebuie s\u0103 explice \u00een instan\u021b\u0103 pe ce probe au construit aceast\u0103 acuza\u021bie.<\/p>\n<p>Iar dac\u0103 o probeaz\u0103, Germania \u0219i Uniunea European\u0103 vor trebui s\u0103 r\u0103spund\u0103 unei \u00eentreb\u0103ri pe care p\u00e2n\u0103 acum au putut s\u0103 o evite:<\/p>\n<p>ce face Europa dac\u0103 descoper\u0103 c\u0103 infrastructur\u0103 strategic\u0103 european\u0103 a fost atacat\u0103 la ordinul unor structuri ale unui stat pe care Europa \u00eel finan\u021beaz\u0103 \u0219i \u00eel sprijin\u0103 militar?<\/p>\n<p>Zelenski trebuie confruntat cu acuza\u021bia real\u0103<\/p>\n<p>De aceea declara\u021bia lui Zelenski din 24 august nu trebuie prezentat\u0103 singur\u0103.<\/p>\n<p>Trebuie pus\u0103 l\u00e2ng\u0103 documentul german.<\/p>\n<p>Zelenski spune: Ucraina nu a fost implicat\u0103.<\/p>\n<p>Bundesanwaltschaft spune, \u00een acuza\u021bia relatat\u0103 de presa german\u0103: militari ucraineni ar fi conceput opera\u021biunea la \u00eens\u0103rcinarea unor structuri de stat din Ucraina.<\/p>\n<p>Cele dou\u0103 pozi\u021bii sunt greu de conciliat.<\/p>\n<p>Dar nu presa trebuie s\u0103 pronun\u021be verdictul.<\/p>\n<p>Instan\u021ba german\u0103 trebuie s\u0103 stabileasc\u0103 adev\u0103rul judiciar.<\/p>\n<p>Presa are \u00eens\u0103 obliga\u021bia s\u0103 pun\u0103 \u00eentreb\u0103rile pe care politica prefer\u0103 s\u0103 le am\u00e2ne.<\/p>\n<p>Cine sunt aceste \u201estructuri de stat\u201d?<\/p>\n<p>Aceasta este \u00eentrebarea Nord Stream a anului 2026.<\/p>\n<p>Nu dac\u0103 un scafandru ucrainean s-a aflat pe iaht.<\/p>\n<p>Nu dac\u0103 Serhii K. avea pa\u0219aport fals.<\/p>\n<p>Nu dac\u0103 explozibilii au fost transporta\u021bi cu Andromeda.<\/p>\n<p>Ci cine a dat ordinul.<\/p>\n<p>Pentru c\u0103 dac\u0103 Bundesanwaltschaft poate demonstra ceea ce a scris \u00een propria acuza\u021bie, dosarul Nord Stream nu mai este doar ancheta unui sabotaj.<\/p>\n<p>Este ancheta unui posibil act executat prin intermediul unor structuri statale \u00eempotriva unei infrastructuri strategice europene.<\/p>\n<p>Iar atunci Europa va trebui s\u0103 aleag\u0103 \u00eentre dou\u0103 lucruri pe care p\u00e2n\u0103 acum a reu\u0219it s\u0103 le \u021bin\u0103 separat:<\/p>\n<p>solidaritatea politic\u0103 \u0219i adev\u0103rul judiciar.<\/p>\n<p>\u00centr-un stat de drept, alegerea nu ar trebui s\u0103 fie dificil\u0103.<\/p>\n<\/div>\n<\/div>\n<div class=\"td_block_wrap tdb_single_content tdi_120 td-pb-border-top td_block_template_1 td-post-content tagdiv-type\" data-td-block-uid=\"tdi_120\">\n<div class=\"tdb-block-inner td-fix-index\">\n<p>Autor: Aurel Badea<\/p>\n<p>Nu Moscova spune asta. Nu este o teorie lansat\u0103 pe re\u021belele sociale. Nu este nici m\u0103car concluzia unei investiga\u021bii jurnalistice. Formula apare \u00een acuza\u021bia procurorilor federali germani: planul de distrugere a conductelor Nord Stream ar fi fost elaborat de militari ucraineni \u201eim Auftrag staatlicher Stellen in der Ukraine\u201d \u2014 la \u00eens\u0103rcinarea unor structuri de stat din Ucraina.<\/p>\n<p>Iar \u00een 24 august 2026, pre\u0219edintele Volodimir Zelenski neag\u0103 implicarea Ucrainei.<\/p>\n<p>\u00centre aceste dou\u0103 afirma\u021bii se deschide una dintre cele mai grave probleme politice \u0219i juridice ale Europei ultimilor ani.<\/p>\n<p>Nu mai discut\u0103m despre zvonuri. Nu mai discut\u0103m despre celebra ipotez\u0103 a unor \u201egrup\u0103ri pro-ucrainene\u201d care ar fi ac\u021bionat de capul lor. Germania are suspec\u021bi, mandate, arest\u0103ri \u0219i o acuza\u021bie penal\u0103 formulat\u0103 \u00eempotriva unui fost ofi\u021ber al armatei ucrainene.<\/p>\n<p>\u0218i, mai ales, Bundesanwaltschaft a introdus \u00een propria construc\u021bie judiciar\u0103 sintagma care schimb\u0103 dimensiunea \u00eentregului dosar: \u201estructuri de stat din Ucraina\u201d.<\/p>\n<p>Ce scrie presa german\u0103 despre propria anchet\u0103<\/p>\n<p>ARD\/Tagesschau a publicat pe 20 august o analiz\u0103 dedicat\u0103 implica\u021biilor politice ale dosarului.<\/p>\n<p>Publica\u021bia reproduce pasajul esen\u021bial din acuza\u021bia formulat\u0103 \u00eempotriva lui Serhii K.<\/p>\n<p>Potrivit documentului citat de ARD, dup\u0103 \u00eenceputul r\u0103zboiului declan\u0219at de Rusia \u00een februarie 2022, Serhii K. \u0219i al\u021bi militari ar fi elaborat planul distrugerii Nord Stream 1 \u0219i Nord Stream 2 la \u00eens\u0103rcinarea unor structuri de stat din Ucraina. Scopul urm\u0103rit ar fi fost \u00eentreruperea permanent\u0103 a livr\u0103rilor de gaze \u0219i \u00eempiedicarea Rusiei s\u0103 foloseasc\u0103 veniturile ob\u021binute din acestea pentru finan\u021barea r\u0103zboiului. (tagesschau.de)<\/p>\n<p>Aceasta este diferen\u021ba fundamental\u0103.<\/p>\n<p>Nu scrie \u201eun grup de cet\u0103\u021beni ucraineni\u201d.<\/p>\n<p>Nu scrie \u201esimpatizan\u021bi ai Ucrainei\u201d.<\/p>\n<p>Nu scrie \u201eo organiza\u021bie privat\u0103\u201d.<\/p>\n<p>Acuza\u021bia vorbe\u0219te despre militari \u0219i despre o opera\u021biune conceput\u0103 \u201eim Auftrag staatlicher Stellen in der Ukraine\u201d.<\/p>\n<p>WELT confirm\u0103 aceea\u0219i informa\u021bie \u0219i reproduce formularea Bundesanwaltschaft. Publica\u021bia german\u0103 arat\u0103 c\u0103 Serhii K. era \u00een 2022 ofi\u021ber al armatei ucrainene \u0219i c\u0103, \u00eempreun\u0103 cu al\u021bi militari, ar fi elaborat planul de distrugere a conductelor. (DIE WELT)<\/p>\n<p>Reuters confirm\u0103 independent con\u021binutul acuza\u021biei: procurorii federali germani sus\u021bin c\u0103 fostul ofi\u021ber ucrainean a ac\u021bionat \u00een numele unor entit\u0103\u021bi ale statului ucrainean. (Reuters)<\/p>\n<p>Trei surse majore. Aceea\u0219i informa\u021bie.<\/p>\n<p>\u0218i una dintre ele este chiar radiodifuzorul public german ARD.<\/p>\n<p>Opera\u021biunea descris\u0103 de procurori<\/p>\n<p>Dosarul descris de Bundesanwaltschaft nu seam\u0103n\u0103 cu aventura improvizat\u0103 a c\u00e2torva amatori.<\/p>\n<p>Potrivit procurorilor, Serhii K. ar fi condus o echip\u0103 format\u0103 din scafandri profesioni\u0219ti, un skipper \u0219i un specialist \u00een explozibili.<\/p>\n<p>La 4 septembrie 2022, K. ar fi intrat \u00een Germania folosind un pa\u0219aport ucrainean fals.<\/p>\n<p>Iahtul utilizat de grup ar fi fost \u00eenchiriat prin intermediari de la o companie german\u0103 din Rostock, folosindu-se, de asemenea, documente de identitate false.<\/p>\n<p>Iar apoi apare un alt element remarcabil al acuza\u021biei.<\/p>\n<p>Procurorii sus\u021bin c\u0103 echipa a transportat pe mare cantit\u0103\u021bi importante de explozibili de mare putere, utilizabili militar, p\u00e2n\u0103 \u00een apropierea insulei daneze Bornholm.<\/p>\n<p>Scafandrii ar fi cobor\u00e2t pe fundul M\u0103rii Baltice, ar fi montat \u00eenc\u0103rc\u0103turile explozive pe conducte \u0219i ar fi instalat dispozitive de temporizare.<\/p>\n<p>Pe 26 septembrie 2022, exploziile au devastat infrastructura Nord Stream. (DIE WELT)<\/p>\n<p>Aceasta este opera\u021biunea pe care justi\u021bia german\u0103 \u00eencearc\u0103 acum s\u0103 o reconstruiasc\u0103.<\/p>\n<p>Acuza\u021bia merge p\u00e2n\u0103 la \u201ecrim\u0103 de r\u0103zboi\u201d<\/p>\n<p>Exist\u0103 un detaliu care nu trebuie trecut cu vederea.<\/p>\n<p>Bundesanwaltschaft \u00eel acuz\u0103 pe Serhii K. inclusiv de coparticipare la o infrac\u021biune de r\u0103zboi const\u00e2nd \u00eentr-un atac \u00eempotriva unor obiective civile, al\u0103turi de provocarea unei explozii, distrugerea infrastructurii \u0219i perturbarea serviciilor publice. (Reuters)<\/p>\n<p>Este o calificare juridic\u0103 de o gravitate excep\u021bional\u0103.<\/p>\n<p>Iar Germania \u00ee\u0219i afirm\u0103 competen\u021ba deoarece conductele ajung la Lubmin, \u00een Mecklenburg-Vorpommern, iar distrugerea lor a afectat securitatea energetic\u0103 \u0219i securitatea intern\u0103 german\u0103. (Reuters)<\/p>\n<p>Cu alte cuvinte, pentru Germania nu discut\u0103m despre distrugerea unei conducte abstracte undeva \u00een largul m\u0103rii.<\/p>\n<p>Discut\u0103m despre un atac care a afectat infrastructura \u0219i securitatea unui stat european.<\/p>\n<p>\u0218i atunci apare Zelenski<\/p>\n<p>Pe 24 august, Volodimir Zelenski declar\u0103 c\u0103 Ucraina nu a avut nicio implicare \u00een exploziile Nord Stream.<\/p>\n<p>Este dreptul pre\u0219edintelui ucrainean s\u0103 nege.<\/p>\n<p>Este obliga\u021bia justi\u021biei s\u0103 probeze.<\/p>\n<p>Dar dup\u0103 publicarea acuza\u021biei germane nu mai este suficient s\u0103 discut\u0103m doar despre negarea Kievului.<\/p>\n<p>Pentru c\u0103 \u00eentrebarea nu mai este dac\u0103 ni\u0219te cet\u0103\u021beni ucraineni au fost identifica\u021bi de anchetatori.<\/p>\n<p>\u00centrebarea este:<\/p>\n<p>Ce \u00eenseamn\u0103 concret \u201estaatliche Stellen in der Ukraine\u201d?<\/p>\n<p>Care structuri?<\/p>\n<p>Cine le conducea?<\/p>\n<p>Cine a conceput misiunea?<\/p>\n<p>Cine a aprobat-o?<\/p>\n<p>Cine a pus la dispozi\u021bie informa\u021biile operative?<\/p>\n<p>De unde proveneau explozibilii?<\/p>\n<p>Cine a asigurat documentele false?<\/p>\n<p>Cine a finan\u021bat opera\u021biunea?<\/p>\n<p>\u0218i, mai ales, p\u00e2n\u0103 unde urc\u0103 lan\u021bul de comand\u0103?<\/p>\n<p>Acestea sunt \u00eentreb\u0103rile la care Europa are dreptul s\u0103 primeasc\u0103 r\u0103spunsuri.<\/p>\n<p>Germania nu poate \u00eengropa propriul rechizitoriu<\/p>\n<p>ARD observ\u0103 c\u0103 guvernul federal german se fere\u0219te, deocamdat\u0103, s\u0103 trag\u0103 concluzii politice \u0219i invoc\u0103 un argument juridic corect: nu exist\u0103 \u00eenc\u0103 o hot\u0103r\u00e2re judec\u0103toreasc\u0103, iar procesul nici nu a \u00eenceput.<\/p>\n<p>A\u0219a trebuie s\u0103 func\u021bioneze un stat de drept.<\/p>\n<p>Serhii K. beneficiaz\u0103 de prezum\u021bia de nevinov\u0103\u021bie.<\/p>\n<p>Ap\u0103rarea sa contest\u0103 acuza\u021biile.<\/p>\n<p>Dar prezum\u021bia de nevinov\u0103\u021bie a inculpatului nu poate transforma \u00een inexistent con\u021binutul acuza\u021biei formulate de \u00eensu\u0219i Parchetul Federal.<\/p>\n<p>Iar ARD consemneaz\u0103 ceva \u0219i mai important: ministrul german de interne, Alexander Dobrindt, afirm\u0103 c\u0103 ancheta trebuie s\u0103 continue pentru ca to\u021bi cei care au leg\u0103tur\u0103 cu atentatul s\u0103 r\u0103spund\u0103. Ministrul de externe Johann Wadephul spune, la r\u00e2ndul s\u0103u, c\u0103 justi\u021bia german\u0103 are m\u00e2n\u0103 liber\u0103, f\u0103r\u0103 a \u021bine seama de persoanele vizate. (tagesschau.de)<\/p>\n<p>Atunci exact asta trebuie s\u0103 se \u00eent\u00e2mple.<\/p>\n<p>P\u00e2n\u0103 la cap\u0103t.<\/p>\n<p>Indiferent unde duce ancheta.<\/p>\n<p>Europa are o problem\u0103 dac\u0103 acuza\u021bia se confirm\u0103<\/p>\n<p>S\u0103 presupunem c\u0103 procesul confirm\u0103 teza Bundesanwaltschaft.<\/p>\n<p>Consecin\u021ba nu ar mai putea fi redus\u0103 la r\u0103spunderea penal\u0103 a unor scafandri.<\/p>\n<p>Dac\u0103 instan\u021ba stabile\u0219te c\u0103 opera\u021biunea a fost realizat\u0103 la \u00eens\u0103rcinarea unor structuri ale statului ucrainean, problema devine una interstatal\u0103.<\/p>\n<p>ARD discut\u0103 deja aceast\u0103 ipotez\u0103.<\/p>\n<p>Un parlamentar SPD citat de postul public german spune c\u0103, dac\u0103 procesul va demonstra c\u0103 structuri statale ucrainene s-au aflat \u00een spatele exploziei, acest lucru va afecta rela\u021bia germano-ucrainean\u0103.<\/p>\n<p>ARD observ\u0103 inclusiv c\u0103 s-ar putea pune problema compensa\u021biilor \u0219i c\u0103 o asemenea concluzie ar trebui tratat\u0103 la cel mai \u00eenalt nivel politic. (tagesschau.de)<\/p>\n<p>Aici este adev\u0103rata miz\u0103.<\/p>\n<p>Germania este unul dintre principalii sus\u021bin\u0103tori europeni ai Ucrainei.<\/p>\n<p>Dar statul de drept nu poate func\u021biona dup\u0103 regula c\u0103 o infrac\u021biune trebuie investigat\u0103 doar p\u00e2n\u0103 \u00een punctul \u00een care concluziile devin politic incomode.<\/p>\n<p>Dac\u0103 procurorii germani au scris \u201eim Auftrag staatlicher Stellen in der Ukraine\u201d, atunci trebuie s\u0103 explice \u00een instan\u021b\u0103 pe ce probe au construit aceast\u0103 acuza\u021bie.<\/p>\n<p>Iar dac\u0103 o probeaz\u0103, Germania \u0219i Uniunea European\u0103 vor trebui s\u0103 r\u0103spund\u0103 unei \u00eentreb\u0103ri pe care p\u00e2n\u0103 acum au putut s\u0103 o evite:<\/p>\n<p>ce face Europa dac\u0103 descoper\u0103 c\u0103 infrastructur\u0103 strategic\u0103 european\u0103 a fost atacat\u0103 la ordinul unor structuri ale unui stat pe care Europa \u00eel finan\u021beaz\u0103 \u0219i \u00eel sprijin\u0103 militar?<\/p>\n<p>Zelenski trebuie confruntat cu acuza\u021bia real\u0103<\/p>\n<p>De aceea declara\u021bia lui Zelenski din 24 august nu trebuie prezentat\u0103 singur\u0103.<\/p>\n<p>Trebuie pus\u0103 l\u00e2ng\u0103 documentul german.<\/p>\n<p>Zelenski spune: Ucraina nu a fost implicat\u0103.<\/p>\n<p>Bundesanwaltschaft spune, \u00een acuza\u021bia relatat\u0103 de presa german\u0103: militari ucraineni ar fi conceput opera\u021biunea la \u00eens\u0103rcinarea unor structuri de stat din Ucraina.<\/p>\n<p>Cele dou\u0103 pozi\u021bii sunt greu de conciliat.<\/p>\n<p>Dar nu presa trebuie s\u0103 pronun\u021be verdictul.<\/p>\n<p>Instan\u021ba german\u0103 trebuie s\u0103 stabileasc\u0103 adev\u0103rul judiciar.<\/p>\n<p>Presa are \u00eens\u0103 obliga\u021bia s\u0103 pun\u0103 \u00eentreb\u0103rile pe care politica prefer\u0103 s\u0103 le am\u00e2ne.<\/p>\n<p>Cine sunt aceste \u201estructuri de stat\u201d?<\/p>\n<p>Aceasta este \u00eentrebarea Nord Stream a anului 2026.<\/p>\n<p>Nu dac\u0103 un scafandru ucrainean s-a aflat pe iaht.<\/p>\n<p>Nu dac\u0103 Serhii K. avea pa\u0219aport fals.<\/p>\n<p>Nu dac\u0103 explozibilii au fost transporta\u021bi cu Andromeda.<\/p>\n<p>Ci cine a dat ordinul.<\/p>\n<p>Pentru c\u0103 dac\u0103 Bundesanwaltschaft poate demonstra ceea ce a scris \u00een propria acuza\u021bie, dosarul Nord Stream nu mai este doar ancheta unui sabotaj.<\/p>\n<p>Este ancheta unui posibil act executat prin intermediul unor structuri statale \u00eempotriva unei infrastructuri strategice europene.<\/p>\n<p>Iar atunci Europa va trebui s\u0103 aleag\u0103 \u00eentre dou\u0103 lucruri pe care p\u00e2n\u0103 acum a reu\u0219it s\u0103 le \u021bin\u0103 separat:<\/p>\n<p>solidaritatea politic\u0103 \u0219i adev\u0103rul judiciar.<\/p>\n<p>\u00centr-un stat de drept, alegerea nu ar trebui s\u0103 fie dificil\u0103.<\/p>\n<\/div>\n<\/div>\n<p>[analyse_source url=&#8221;https:\/\/solidnews.ro\/nord-stream-zelenski-neaga-dar-rechizitoriul-germaniei-vorbeste-despre-structuri-de-stat-din-ucraina\/&#8221;]<\/p>\n","protected":false},"excerpt":{"rendered":"<p>[analyse_image type=&#8221;featured&#8221; src=&#8221;https:\/\/solidnews.ro\/wp-content\/uploads\/2026\/08\/WhatsApp-Image-2026-08-24-at-08.51.54.jpeg&#8221;] Autor: Aurel Badea Nu Moscova spune asta. Nu este o teorie lansat\u0103 pe re\u021belele sociale. Nu este nici m\u0103car concluzia unei investiga\u021bii jurnalistice. Formula apare \u00een acuza\u021bia procurorilor federali germani: planul de distrugere a conductelor Nord Stream ar fi fost elaborat de militari ucraineni \u201eim Auftrag staatlicher Stellen in der Ukraine\u201d \u2014 [&hellip;]<\/p>\n","protected":false},"author":1,"featured_media":0,"comment_status":"open","ping_status":"","sticky":false,"template":"","format":"standard","meta":{"footnotes":""},"categories":[89],"tags":[226,97],"class_list":["post-2108424","post","type-post","status-publish","format-standard","hentry","category-romania","tag-crawlmanager","tag-solidnews-ro"],"_links":{"self":[{"href":"https:\/\/analyse.optim.biz\/index.php?rest_route=\/wp\/v2\/posts\/2108424","targetHints":{"allow":["GET"]}}],"collection":[{"href":"https:\/\/analyse.optim.biz\/index.php?rest_route=\/wp\/v2\/posts"}],"about":[{"href":"https:\/\/analyse.optim.biz\/index.php?rest_route=\/wp\/v2\/types\/post"}],"author":[{"embeddable":true,"href":"https:\/\/analyse.optim.biz\/index.php?rest_route=\/wp\/v2\/users\/1"}],"replies":[{"embeddable":true,"href":"https:\/\/analyse.optim.biz\/index.php?rest_route=%2Fwp%2Fv2%2Fcomments&post=2108424"}],"version-history":[{"count":0,"href":"https:\/\/analyse.optim.biz\/index.php?rest_route=\/wp\/v2\/posts\/2108424\/revisions"}],"wp:attachment":[{"href":"https:\/\/analyse.optim.biz\/index.php?rest_route=%2Fwp%2Fv2%2Fmedia&parent=2108424"}],"wp:term":[{"taxonomy":"category","embeddable":true,"href":"https:\/\/analyse.optim.biz\/index.php?rest_route=%2Fwp%2Fv2%2Fcategories&post=2108424"},{"taxonomy":"post_tag","embeddable":true,"href":"https:\/\/analyse.optim.biz\/index.php?rest_route=%2Fwp%2Fv2%2Ftags&post=2108424"}],"curies":[{"name":"wp","href":"https:\/\/api.w.org\/{rel}","templated":true}]}}