{"id":2108423,"date":"2026-08-24T07:28:36","date_gmt":"2026-08-24T04:28:36","guid":{"rendered":"https:\/\/analyse.optim.biz\/?p=2108423"},"modified":"2026-08-24T07:28:36","modified_gmt":"2026-08-24T04:28:36","slug":"ponta-poate-va-aparea-un-nou-22-decembrie-1989-atunci-moscova-a-inchis-ochii-poate-ca-acum-va-face-la-fel-si-bruxelles-ul","status":"publish","type":"post","link":"https:\/\/analyse.optim.biz\/?p=2108423","title":{"rendered":"Ponta: \u201ePoate va ap\u0103rea un nou 22 decembrie 1989. Atunci, Moscova a \u00eenchis ochii; poate c\u0103 acum va face la fel \u0219i Bruxelles-ul\u201d"},"content":{"rendered":"<p>[analyse_image type=&#8221;featured&#8221; src=&#8221;https:\/\/60m.ro\/wp-content\/uploads\/2026\/03\/victor_ponta.webp&#8221;]<\/p>\n<div class=\"articleBody\" data-key=\"articleBody\">\nFostul premier al Rom\u00e2niei,\u00a0Victor Ponta, a comparat \u00eentr-o analiz\u0103 cum era tr\u0103it momentul 23 august \u00een comunism \u0219i cum este acum. Acesta consider\u0103 c\u0103 o mi\u0219care de strad\u0103, similar\u0103 cu cea din\u00a0decembrie\u00a01989, nu este exclus\u0103, mai ales c\u0103 problemele sociale sunt tot mai mari \u00een Rom\u00e2nia.<\/p>\n<p>Ponta e siderat<\/p>\n<p>\u201eS\u0103rb\u0103torim 23 august 2026 la fel ca pe 23 august 1989: cu propagand\u0103 \u0219i prostie! Si cu o ampla dezbatere despre \u201cmerdenele\u201d.<\/p>\n<p>\u00cen plus, absolut to\u021bi cei afla\u021bi la conducerea \u021b\u0103rii se ocup\u0103 cu altceva dec\u00e2t ar trebui \u0219i tr\u0103iesc \u00een lumi total paralele cu restul rom\u00e2nilor!<\/p>\n<p>Ministrul de Externe se ocup\u0103 de ap\u0103rarea aerian\u0103 a Ucrainei; ministrul Ap\u0103r\u0103rii scufund\u0103 barje \u00een Dun\u0103re ca s\u0103 ridice nivelul apei cu doi centimetri; prim-ministrul se ocup\u0103 de discu\u021bii \u201einformale\u201d cu pre\u0219edinta CCR; consilierii preziden\u021biali scriu proiecte de lege; pre\u0219edintele Rom\u00e2niei tot calculeaz\u0103, f\u0103r\u0103 rezultat, majorit\u0103\u021bi parlamentare; PSD \u0219i PNL \u00ee\u0219i dau \u00een cap \u00een public, f\u0103r\u0103 jen\u0103 sau memorie, ca doi fo\u0219ti parteneri care au dormit \u00eempreun\u0103, \u00een acela\u0219i pat, timp de \u0219apte ani; USR vinde \u021bara bucat\u0103 cu bucat\u0103 \u0219i se \u021bine de func\u021biile de la stat, \u00een timp ce url\u0103 \u0219i \u00eei acuz\u0103 non-stop pe pesedi\u0219ti \u0219i pe peneli\u0219ti c\u0103 au v\u00e2ndut \u021bara \u0219i s-au \u021binut de func\u021bii!\u201d, a spus Ponta, pe pagina sa de Facebook.<\/p>\n<p>Nu exclude un \u201emoment\u201d 22 decembrie 1989<\/p>\n<p>\u201eLa fel ca pe 23 august 1989, Rom\u00e2nia este o \u021bar\u0103 \u00een deriv\u0103, jefuit\u0103 \u0219i umilit\u0103 de o clic\u0103 de impostori care crede c\u0103 propaganda le poate ascunde prostia \u0219i incompeten\u021ba! La fel ca pe 23 august 1989, oamenii sunt blaza\u021bi, dezgusta\u021bi, lipsi\u021bi de speran\u021b\u0103 \u0219i de lideri.\n<\/p><\/div>\n<p>[analyse_source url=&#8221;https:\/\/60m.ro\/ponta-poate-va-aparea-un-nou-22-decembrie-1989-atunci-moscova-a-inchis-ochii-poate-ca-acum-va-face-la-fel-si-bruxelles-ul\/&#8221;]<\/p>\n","protected":false},"excerpt":{"rendered":"<p>[analyse_image type=&#8221;featured&#8221; src=&#8221;https:\/\/60m.ro\/wp-content\/uploads\/2026\/03\/victor_ponta.webp&#8221;] Fostul premier al Rom\u00e2niei,\u00a0Victor Ponta, a comparat \u00eentr-o analiz\u0103 cum era tr\u0103it momentul 23 august \u00een comunism \u0219i cum este acum. Acesta consider\u0103 c\u0103 o mi\u0219care de strad\u0103, similar\u0103 cu cea din\u00a0decembrie\u00a01989, nu este exclus\u0103, mai ales c\u0103 problemele sociale sunt tot mai mari \u00een Rom\u00e2nia. Ponta e siderat \u201eS\u0103rb\u0103torim 23 august [&hellip;]<\/p>\n","protected":false},"author":1,"featured_media":0,"comment_status":"open","ping_status":"","sticky":false,"template":"","format":"standard","meta":{"footnotes":""},"categories":[89],"tags":[100,226],"class_list":["post-2108423","post","type-post","status-publish","format-standard","hentry","category-romania","tag-60m-ro","tag-crawlmanager"],"_links":{"self":[{"href":"https:\/\/analyse.optim.biz\/index.php?rest_route=\/wp\/v2\/posts\/2108423","targetHints":{"allow":["GET"]}}],"collection":[{"href":"https:\/\/analyse.optim.biz\/index.php?rest_route=\/wp\/v2\/posts"}],"about":[{"href":"https:\/\/analyse.optim.biz\/index.php?rest_route=\/wp\/v2\/types\/post"}],"author":[{"embeddable":true,"href":"https:\/\/analyse.optim.biz\/index.php?rest_route=\/wp\/v2\/users\/1"}],"replies":[{"embeddable":true,"href":"https:\/\/analyse.optim.biz\/index.php?rest_route=%2Fwp%2Fv2%2Fcomments&post=2108423"}],"version-history":[{"count":0,"href":"https:\/\/analyse.optim.biz\/index.php?rest_route=\/wp\/v2\/posts\/2108423\/revisions"}],"wp:attachment":[{"href":"https:\/\/analyse.optim.biz\/index.php?rest_route=%2Fwp%2Fv2%2Fmedia&parent=2108423"}],"wp:term":[{"taxonomy":"category","embeddable":true,"href":"https:\/\/analyse.optim.biz\/index.php?rest_route=%2Fwp%2Fv2%2Fcategories&post=2108423"},{"taxonomy":"post_tag","embeddable":true,"href":"https:\/\/analyse.optim.biz\/index.php?rest_route=%2Fwp%2Fv2%2Ftags&post=2108423"}],"curies":[{"name":"wp","href":"https:\/\/api.w.org\/{rel}","templated":true}]}}