{"id":2108421,"date":"2026-08-24T06:36:28","date_gmt":"2026-08-24T03:36:28","guid":{"rendered":"https:\/\/analyse.optim.biz\/?p=2108421"},"modified":"2026-08-24T06:36:28","modified_gmt":"2026-08-24T03:36:28","slug":"tradatorul-george-simion-prezent-in-sua-la-o-biserica-subordonata-moscovei","status":"publish","type":"post","link":"https:\/\/analyse.optim.biz\/?p=2108421","title":{"rendered":"Tr\u0103d\u0103torul George Simion, prezent \u00een SUA la o biseric\u0103 subordonat\u0103 Moscovei"},"content":{"rendered":"<p>[analyse_image type=&#8221;featured&#8221; src=&#8221;https:\/\/60m.ro\/wp-content\/uploads\/2026\/08\/george-simion-biserica-sfantul-andrei-sua.webp&#8221;]<\/p>\n<div class=\"articleBody\" data-key=\"articleBody\">\nTr\u0103d\u0103torul de patrie,\u00a0George Simion, se afl\u0103 \u00een aceste zile \u00een\u00a0SUA, \u00eentr-o vizit\u0103 dedicat\u0103 comunit\u0103\u021bilor rom\u00e2ne\u0219ti de peste Ocean. La Chicago, Illinois, liderul AUR a participat la festivalul rom\u00e2nesc organizat de\u00a0Biserica Sf\u00e2ntul Andrei, unde a fost invitat de preotul comunit\u0103\u021bii s\u0103 se adreseze rom\u00e2nilor prezen\u021bi.<\/p>\n<p>Biserica este subordonat\u0103 Mitropoliei Moldovei, aflat\u0103 sub jusrisdic\u021bia Patriarhiei Moscovei<\/p>\n<p>Biserica este subordonat\u0103 Mitropoliei Moldovei, aflat\u0103 sub jusrisdic\u021bia Patriarhiei Moscovei. Mitropolia Moldovei este unul dintre vectorii prin care regimul Putin \u00ee\u0219i promoveaz\u0103 agenda de destabilizare a Republicii Moldova.<\/p>\n<p>George Simion a vorbit despre p\u0103strarea credin\u021bei, a identit\u0103\u021bii na\u021bionale \u0219i a leg\u0103turii cu Rom\u00e2nia, indiferent de distan\u021ba care \u00eei desparte pe rom\u00e2nii din diaspora de \u021bar\u0103.<\/p>\n<p>\u201eSunt foarte, foarte bucuros s\u0103 v\u0103 v\u0103d, s\u0103 v\u0103d c\u0103 \u021bine\u021bi aproape de Dumnezeu, de biseric\u0103, de neam, de tricolor, de s\u0103rb\u0103torile noastre \u0219i de identitatea noastr\u0103 na\u021bional\u0103\u201d, a declarat George Simion.<\/p>\n<p>Pre\u0219edintele AUR a remarcat diversitatea comunit\u0103\u021bii reunite la festival<\/p>\n<p>Pre\u0219edintele AUR a remarcat diversitatea comunit\u0103\u021bii reunite la festival, format\u0103 din rom\u00e2ni veni\u021bi din numeroase regiuni ale Rom\u00e2niei \u0219i din Republica Moldova.<\/p>\n<p>\u201eV\u0103d c\u0103 aici, la Biserica Sf\u00e2ntului Andrei, unirea a\u021bi f\u0103cut-o deja: Rom\u00e2nia cu Moldova. Sunte\u021bi \u0219i de la B\u0103l\u021bi, \u0219i de la Mereni, \u0219i de la Timi\u0219oara, \u0219i de la Bistri\u021ba, \u0219i Sibiu, \u0219i Dobrogea, \u0219i Baia Mare, Mure\u0219. Cum s\u0103 nu? E o \u00eentreag\u0103 Rom\u00e2nie, o Rom\u00e2nie Mare aici\u201d, a subliniat liderul AUR.<\/p>\n<p>George Simion a stat de vorb\u0103 cu rom\u00e2nii prezen\u021bi: S\u0103 dea Dumnezeu s\u0103 facem iar\u0103\u0219i Rom\u00e2nia mare, puternic\u0103, care s\u0103 primeasc\u0103 la s\u00e2nul ei pe to\u021bi feciorii<\/p>\n<p>\u00cen timpul vizitei, George Simion a stat de vorb\u0103 cu rom\u00e2nii prezen\u021bi, a f\u0103cut fotografii al\u0103turi de ace\u0219tia \u0219i a gustat din bucatele tradi\u021bionale preg\u0103tite de membrii comunit\u0103\u021bii. Liderul AUR le-a mul\u021bumit rom\u00e2nilor pentru primire \u0219i a transmis un mesaj despre leg\u0103tura dintre rom\u00e2nii din \u021bar\u0103 \u0219i cei pleca\u021bi peste hotare.<\/p>\n<p>\u201eMul\u021bumim c\u0103 ne-a\u021bi primit \u00een sufletul vostru. S\u0103 dea Dumnezeu s\u0103 facem iar\u0103\u0219i Rom\u00e2nia mare, puternic\u0103, care s\u0103 primeasc\u0103 la s\u00e2nul ei pe to\u021bi feciorii. Asta ne dorim\u201d, a afirmat George Simion.<\/p>\n<p>Pre\u0219edintele AUR a vorbit \u0219i despre comunit\u0103\u021bile rom\u00e2ne\u0219ti pe care le-a \u00eent\u00e2lnit \u00een timpul vizitei sale \u00een Statele Unite \u0219i i-a \u00eendemnat pe rom\u00e2nii din diaspora s\u0103 nu uite cine sunt \u0219i s\u0103 p\u0103streze vie identitatea rom\u00e2neasc\u0103 \u00een r\u00e2ndul copiilor lor.<\/p>\n<p>\u201eSunt impresionat s\u0103 v\u0103 v\u0103d. Am fost \u0219i la Cleveland, am fost \u0219i \u00een Pennsylvania, toate festivaluri prilejuite de Sf\u00e2nta Maria. \u0218i s\u0103 nu uita\u021bi niciodat\u0103 cine sunte\u021bi. \u0218i copiii vo\u0219tri sunt feciori de Decebal. S\u0103 dea Dumnezeu s\u0103 ne men\u021binem a\u0219a.<\/p>\n<p>Mul\u021bumim, p\u0103rinte! \u0218i a\u0219a picnic frumos n-am mai v\u0103zut de mult\u201d, a transmis pre\u0219edintele AUR.<\/p>\n<p>Vizita din Chicago face parte din seria \u00eent\u00e2lnirilor pre\u0219edintelui AUR cu rom\u00e2nii din Statele Unite ale Americii. P\u00e2n\u0103 acum, George Simion s-a \u00eent\u00e2lnit cu rom\u00e2nii din Las Vegas, Nevada, Cleveland, Ohio, Reading, Pennsylvania, \u0219i Chicago, Illinois.\n<\/p><\/div>\n<p>[analyse_source url=&#8221;https:\/\/60m.ro\/tradatorul-george-simion-prezent-in-sua-la-o-biserica-subordonata-moscovei\/&#8221;]<\/p>\n","protected":false},"excerpt":{"rendered":"<p>[analyse_image type=&#8221;featured&#8221; src=&#8221;https:\/\/60m.ro\/wp-content\/uploads\/2026\/08\/george-simion-biserica-sfantul-andrei-sua.webp&#8221;] Tr\u0103d\u0103torul de patrie,\u00a0George Simion, se afl\u0103 \u00een aceste zile \u00een\u00a0SUA, \u00eentr-o vizit\u0103 dedicat\u0103 comunit\u0103\u021bilor rom\u00e2ne\u0219ti de peste Ocean. La Chicago, Illinois, liderul AUR a participat la festivalul rom\u00e2nesc organizat de\u00a0Biserica Sf\u00e2ntul Andrei, unde a fost invitat de preotul comunit\u0103\u021bii s\u0103 se adreseze rom\u00e2nilor prezen\u021bi. Biserica este subordonat\u0103 Mitropoliei Moldovei, aflat\u0103 sub jusrisdic\u021bia [&hellip;]<\/p>\n","protected":false},"author":1,"featured_media":0,"comment_status":"open","ping_status":"","sticky":false,"template":"","format":"standard","meta":{"footnotes":""},"categories":[89],"tags":[100,226],"class_list":["post-2108421","post","type-post","status-publish","format-standard","hentry","category-romania","tag-60m-ro","tag-crawlmanager"],"_links":{"self":[{"href":"https:\/\/analyse.optim.biz\/index.php?rest_route=\/wp\/v2\/posts\/2108421","targetHints":{"allow":["GET"]}}],"collection":[{"href":"https:\/\/analyse.optim.biz\/index.php?rest_route=\/wp\/v2\/posts"}],"about":[{"href":"https:\/\/analyse.optim.biz\/index.php?rest_route=\/wp\/v2\/types\/post"}],"author":[{"embeddable":true,"href":"https:\/\/analyse.optim.biz\/index.php?rest_route=\/wp\/v2\/users\/1"}],"replies":[{"embeddable":true,"href":"https:\/\/analyse.optim.biz\/index.php?rest_route=%2Fwp%2Fv2%2Fcomments&post=2108421"}],"version-history":[{"count":0,"href":"https:\/\/analyse.optim.biz\/index.php?rest_route=\/wp\/v2\/posts\/2108421\/revisions"}],"wp:attachment":[{"href":"https:\/\/analyse.optim.biz\/index.php?rest_route=%2Fwp%2Fv2%2Fmedia&parent=2108421"}],"wp:term":[{"taxonomy":"category","embeddable":true,"href":"https:\/\/analyse.optim.biz\/index.php?rest_route=%2Fwp%2Fv2%2Fcategories&post=2108421"},{"taxonomy":"post_tag","embeddable":true,"href":"https:\/\/analyse.optim.biz\/index.php?rest_route=%2Fwp%2Fv2%2Ftags&post=2108421"}],"curies":[{"name":"wp","href":"https:\/\/api.w.org\/{rel}","templated":true}]}}