{"id":2108420,"date":"2026-08-24T06:26:32","date_gmt":"2026-08-24T03:26:32","guid":{"rendered":"https:\/\/analyse.optim.biz\/?p=2108420"},"modified":"2026-08-24T06:26:32","modified_gmt":"2026-08-24T03:26:32","slug":"noi-vrem-asfalt-protest-al-locuitorilor-din-mai-multe-localitati-din-caras-severin-spun-ca-s-au-saturat-de-drumul-cu-gropi","status":"publish","type":"post","link":"https:\/\/analyse.optim.biz\/?p=2108420","title":{"rendered":"\u201cNoi vrem asfalt!\u201d \/ Protest al locuitorilor din mai multe localit\u0103\u021bi din Cara\u0219 \u2013 Severin \/ Spun c\u0103 s-au s\u0103turat de drumul cu gropi"},"content":{"rendered":"<p>[analyse_image type=&#8221;featured&#8221; src=&#8221;https:\/\/60m.ro\/wp-content\/uploads\/2026\/03\/mocioalca-hurduzeu-dragomir-bejerita-spanu-2-3.png&#8221;]<\/p>\n<div class=\"articleBody\" data-key=\"articleBody\">\nZeci de locuitori din Ilidia \u015fi localit\u0103\u0163ile \u00eenvecinate au participat duminic\u0103 la un protest prin care au vrust c\u0103 atrag\u0103 aten\u0163ia asupra st\u0103rii deplorabile a drumului care face leg\u0103tura \u00eentre Oravi\u0163a \u015fi Potoc, relateaz\u0103 Agen\u021bia de pres\u0103 Rador, care citeaz\u0103 Radio Re\u0219i\u021ba.<\/p>\n<p>At\u00e2t localnicii care fac naveta, c\u00e2t \u015fi turi\u015ftii care tranziteaz\u0103 aceast\u0103 zon\u0103 \u00ee\u015fi distrug ma\u015finile \u00een gropi ap\u0103rute dup\u0103 ani de indiferen\u0163\u0103 din partea autorit\u0103\u0163ilor.<\/p>\n<p>\u201cDrumul e de nedescris. Sunt numai gropi, oamenii cu ma\u0219ini mai joase cred c\u0103 \u0219i le distrug \u00een doi timpi \u0219i trei mi\u0219c\u0103ri. C\u00e2nd plou\u0103, nu vezi gropile. Ce s\u0103 zic mai mult? Pe aceast\u0103 rut\u0103 nu s-au mai f\u0103cut lucr\u0103ri de ani, ani, ani de zile. \u0218i nimeni nu ne bag\u0103 \u00een seama\u201d, a spus una dintre participantele la protest.<\/p>\n<p>\u201cVrem s\u0103 ne exprim\u0103m nemul\u021bumirea fa\u021b\u0103 de reprezentan\u021bii Consiliului Jude\u021bean Cara\u015f-Severin, cei care au \u00een administrare acest tronson de drum. Este vorba despre DJ571C, cu leg\u0103tura \u00eentre Oravi\u021ba \u0219i Potoc, care tranziteaz\u0103 Ciclova Rom\u00e2n\u0103, Ilidia \u0219i Socolari.<\/p>\n<p>Aici suntem o comunitate de oameni care ne transport\u0103m zilnic copiii la \u0219coal\u0103 de c\u00e2te dou\u0103 ori pe zi. Sunt probleme cu autospecialele de interven\u021bie, \u00een mod special acum dou\u0103 zile au fost probleme cu arderi necontrolate de vegeta\u021bie.<\/p>\n<p>Pompierii au \u00eent\u00e2mpinat dificult\u0103\u021bi pe acest drum au sosit cu \u00eent\u00e2rzieri foarte mari. Salvarea \u015fi poli\u0163ia, la fel. Drumul acesta face \u015fi leg\u0103tura cu obiective turistice foarte cunoscute \u00een Banat, cum ar fi Ochiul Beiului. Avem \u0219i noi, la Ilidia, o cascad\u0103. Avem locuri frumoase de vizitat, dar turi\u0219tii sunt profund nemul\u021bumi\u021bi de starea drumului care este una dintre por\u021bile importante de intrare \u00een Parcul Na\u021bional Cheile Nerei-Beu\u0219ni\u021ba.<\/p>\n<p>Din p\u0103cate, asta este situa\u021bia, nu ne bag\u0103 nimeni \u00een seam\u0103, nu ne aude. Am f\u0103cut peti\u021bii \u0219i am hot\u0103r\u00e2t \u00eentr-un final s\u0103 organiz\u0103m acest meeting de protest\u201d, a declarat unul dintre organizatorii ac\u0163iunii.<\/p>\n<p>Protestul a avut loc f\u0103r\u0103 blocarea circula\u0163iei. Localnicii au \u00eens\u0103 \u00een vedere \u015fi o asemenea m\u0103sur\u0103, dac\u0103 autorit\u0103\u0163ile vor continua s\u0103-i trateze cu indiferen\u0163\u0103, relateaz\u0103 Radio Re\u0219i\u021ba.\n<\/p><\/div>\n<p>[analyse_source url=&#8221;https:\/\/60m.ro\/noi-vrem-asfalt-protest-al-locuitorilor-din-mai-multe-localitati-din-caras-severin-spun-ca-s-au-saturat-de-drumul-cu-gropi\/&#8221;]<\/p>\n","protected":false},"excerpt":{"rendered":"<p>[analyse_image type=&#8221;featured&#8221; src=&#8221;https:\/\/60m.ro\/wp-content\/uploads\/2026\/03\/mocioalca-hurduzeu-dragomir-bejerita-spanu-2-3.png&#8221;] Zeci de locuitori din Ilidia \u015fi localit\u0103\u0163ile \u00eenvecinate au participat duminic\u0103 la un protest prin care au vrust c\u0103 atrag\u0103 aten\u0163ia asupra st\u0103rii deplorabile a drumului care face leg\u0103tura \u00eentre Oravi\u0163a \u015fi Potoc, relateaz\u0103 Agen\u021bia de pres\u0103 Rador, care citeaz\u0103 Radio Re\u0219i\u021ba. At\u00e2t localnicii care fac naveta, c\u00e2t \u015fi turi\u015ftii care tranziteaz\u0103 [&hellip;]<\/p>\n","protected":false},"author":1,"featured_media":0,"comment_status":"open","ping_status":"","sticky":false,"template":"","format":"standard","meta":{"footnotes":""},"categories":[89],"tags":[100,226],"class_list":["post-2108420","post","type-post","status-publish","format-standard","hentry","category-romania","tag-60m-ro","tag-crawlmanager"],"_links":{"self":[{"href":"https:\/\/analyse.optim.biz\/index.php?rest_route=\/wp\/v2\/posts\/2108420","targetHints":{"allow":["GET"]}}],"collection":[{"href":"https:\/\/analyse.optim.biz\/index.php?rest_route=\/wp\/v2\/posts"}],"about":[{"href":"https:\/\/analyse.optim.biz\/index.php?rest_route=\/wp\/v2\/types\/post"}],"author":[{"embeddable":true,"href":"https:\/\/analyse.optim.biz\/index.php?rest_route=\/wp\/v2\/users\/1"}],"replies":[{"embeddable":true,"href":"https:\/\/analyse.optim.biz\/index.php?rest_route=%2Fwp%2Fv2%2Fcomments&post=2108420"}],"version-history":[{"count":0,"href":"https:\/\/analyse.optim.biz\/index.php?rest_route=\/wp\/v2\/posts\/2108420\/revisions"}],"wp:attachment":[{"href":"https:\/\/analyse.optim.biz\/index.php?rest_route=%2Fwp%2Fv2%2Fmedia&parent=2108420"}],"wp:term":[{"taxonomy":"category","embeddable":true,"href":"https:\/\/analyse.optim.biz\/index.php?rest_route=%2Fwp%2Fv2%2Fcategories&post=2108420"},{"taxonomy":"post_tag","embeddable":true,"href":"https:\/\/analyse.optim.biz\/index.php?rest_route=%2Fwp%2Fv2%2Ftags&post=2108420"}],"curies":[{"name":"wp","href":"https:\/\/api.w.org\/{rel}","templated":true}]}}