{"id":2108419,"date":"2026-08-24T06:10:07","date_gmt":"2026-08-24T03:10:07","guid":{"rendered":"https:\/\/analyse.optim.biz\/?p=2108419"},"modified":"2026-08-24T06:10:07","modified_gmt":"2026-08-24T03:10:07","slug":"ucraina-35-de-ani-de-independenta-liderii-coalitiei-vointei-se-reunesc-la-kiev","status":"publish","type":"post","link":"https:\/\/analyse.optim.biz\/?p=2108419","title":{"rendered":"Ucraina, 35 de ani de independen\u021b\u0103: Liderii Coali\u021biei Voin\u021bei se reunesc la Kiev"},"content":{"rendered":"<p>[analyse_image type=&#8221;featured&#8221; src=&#8221;https:\/\/60m.ro\/wp-content\/uploads\/2026\/08\/ucraina.jpg&#8221;]<\/p>\n<div class=\"articleBody\" data-key=\"articleBody\">\nUcraina marcheaz\u0103 ast\u0103zi, 24 august, cea de-a 35-a aniversare a proclam\u0103rii independen\u021bei, \u00een condi\u021biile r\u0103zboiului declan\u0219at de Federa\u021bia Rus\u0103. \u00cen aceast\u0103 zi, la Kiev precum \u0219i \u00een alte ora\u0219e din Ucraina sunt comemora\u021bi eroii c\u0103zu\u021bi \u00een r\u0103zboi. Liderii europeni se reunesc azi \u00een capitala Ucrainei pentru a reconfirma sprijinul pentru poporul ucrainean.<\/p>\n<p>Autorit\u0103\u021bile ucrainene nu organizeaz\u0103 \u00een acest an parade militare de amploare sau manifest\u0103ri masive, din motive de securitate. SBU a avertizat popula\u021bia s\u0103 fie deosebit de prudent\u0103 \u00een ajunul \u0219i \u00een Ziua Independen\u021bei, \u00eentruc\u00e2t Rusia ar putea profita de evenimentele publice pentru atacuri, provoc\u0103ri sau acte de sabotaj.<\/p>\n<p>Ucraina trece prin \u00eencerc\u0103ri foarte dure \u0219i mai mult ca oricine \u00ee\u0219i dore\u0219te pace, \u00eens\u0103 aceast\u0103 pace trebuie s\u0103 fie just\u0103 \u0219i durabil\u0103, a declarat la \u201eDimensiunea diplomatic\u0103\u201d ambasadorul Ucrainei la Chi\u0219in\u0103u, Paun Rohovei.<\/p>\n<p>\u201eUcraina trece \u00eentr-adev\u0103r, cum a trecut \u0219i Republica Moldova \u00een anii \u201990, prin \u00eencerc\u0103ri foarte grele \u0219i dure. De fapt, rezist\u0103m \u00eentr-o lupt\u0103 cu un agresor, Federa\u021bia Rus\u0103, care \u0219i-a pus ca scop distrugerea statalit\u0103\u021bii, distrugerea na\u021biunii ucrainene. Kremlinul credea c\u0103 va lupta cu o armat\u0103 slab\u0103 \u0219i va reu\u0219i \u00een trei zile, cum ziceau ei atunci. Ei nu au \u00een\u021beles un lucru: c\u0103 vor lupta nu cu o armat\u0103, vor lupta cu un popor \u00eentreg care are demnitate, \u00ee\u0219i cunoa\u0219te istoria, r\u0103d\u0103cinile, cultura, un popor cu ad\u00e2nci r\u0103d\u0103cini spirituale \u0219i care \u0219i-a creat propria viziune despre viitorul s\u0103u.<\/p>\n<p>Toate aceste planuri de la Kremlin, \u00eencep\u00e2nd cu agresiunea \u0219i termin\u00e2nd cu distrugerea statalit\u0103\u021bii, au e\u0219uat. Atacurile care s-au intensificat \u00een ultimii ani nu au dus la ceea ce s-a a\u0219teptat Moscova, la dec\u0103derea spiritului, ci, dimpotriv\u0103, au f\u0103cut poporul ucrainean \u0219i mai rezilient. Reu\u0219im s\u0103 facem fa\u021b\u0103 deoarece \u00een\u021belegem foarte bine pentru ce lupt\u0103m.<\/p>\n<p>Ne dorim pace mai mult dec\u00e2t oricine, dar o pace de durat\u0103 \u0219i o pace just\u0103\u201d, a declarat Paun Rohovei.<\/p>\n<p>Cu prilejul Zilei Na\u021bionale a Ucrainei, la Parlamentul Republicii Moldova va fi inaugurat\u0103 expozi\u021bia de materiale documentare \u0219i fotografice \u201eRena\u0219terea \u00een glorie \u0219i putere\u201d, dedicat\u0103 patrimoniului cultural \u0219i spiritual ucrainean afectat de r\u0103zboi.<\/p>\n<p>Expozi\u021bia prezint\u0103 biserici, m\u0103n\u0103stiri \u0219i alte obiective de patrimoniu sacru din Ucraina care au fost distruse sau avariate \u00een urma agresiunii militare ruse. Fotografiile \u0219i documentele expuse reflect\u0103 amploarea pagubelor provocate patrimoniului cultural \u0219i spiritual al Ucrainei, dar \u0219i eforturile de conservare \u0219i restaurare a acestuia.<\/p>\n<p>Evenimentul este organizat de Ambasada Ucrainei \u00een Republica Moldova, \u00een cooperare cu Rezerva\u021bia Na\u021bional\u0103 \u201eKyiv-Pechersk Lavra\u201d \u0219i Muzeul Na\u021bional al Revolu\u021biei Demnit\u0103\u021bii.<\/p>\n<p>Republica Moldova a condamnat din prima zi agresiunea militar\u0103 rus\u0103 \u00eempotriva Ucrainei \u0219i \u0219i-a declarat sprijinul pentru suveranitatea, independen\u021ba \u0219i integritatea teritorial\u0103 a statului ucrainean. De la \u00eenceputul r\u0103zboiului, Republica Moldova a oferit, de asemenea, sprijin cet\u0103\u021benilor ucraineni care au fost nevoi\u021bi s\u0103-\u0219i p\u0103r\u0103seasc\u0103 \u021bara din cauza r\u0103zboiului.<\/p>\n<p>\u00cen perioada de la \u00eenceputul invaziei ruse la scar\u0103 larg\u0103 \u0219i p\u00e2n\u0103 \u00een prezent, peste un milion de cet\u0103\u021beni ucraineni au intrat pe teritoriul Republicii Moldova, iar \u021bara a g\u0103zduit temporar sute de mii de refugia\u021bi. Moldova a fost una dintre principalele \u021b\u0103ri de tranzit \u0219i de primire pentru persoanele care au fugit din calea r\u0103zboiului, autorit\u0103\u021bile mobiliz\u00e2nd institu\u021biile statului, administra\u021biile locale, organiza\u021biile interna\u021bionale \u0219i societatea civil\u0103 pentru a le oferi sprijin.<\/p>\n<p>Republica Moldova \u0219i Ucraina au ales calea integr\u0103rii europene. Ambele \u021b\u0103ri au ob\u021binut statutul de \u021b\u0103ri candidate la aderarea la UE \u00een 2022 \u0219i au deschis oficial negocierile de aderare \u00een 2024. Pentru cele dou\u0103 state, integrarea european\u0103 reprezint\u0103 un obiectiv strategic, legat de consolidarea democra\u021biei, securit\u0103\u021bii, economiei \u0219i institu\u021biilor statului.<\/p>\n<p>Liderii europeni se reunesc la Kiev<\/p>\n<p>Un moment important al zilei \u00eel constituie reuniunea Coali\u021biei Voin\u021bei pentru Ucraina, format\u0103 din statele care sus\u021bin Kievul \u00een eforturile sale de ap\u0103rare. Reuniunea are loc ast\u0103zi, 24 august, la ora 13:00, \u00eentr-un format hibrid, cu participarea unor lideri la Kiev, iar al\u021bii prin videoconferin\u021b\u0103, potrivit Agerpres.<\/p>\n<p>Reuniunea este coprezidat\u0103 de pre\u0219edintele Fran\u021bei, Emmanuel Macron, cancelarul Germaniei, Friedrich Merz, \u0219i, pentru prima dat\u0103, de noul premier britanic Andy Burnham. Potrivit Palatului Elysee, aproximativ zece dintre participan\u021bi, \u00eentre care pre\u0219edintele Consiliului European, Antonio Costa, se afl\u0103 la Kiev pentru ceremoniile dedicate celei de-a 35-a anivers\u0103ri a independen\u021bei Ucrainei.<\/p>\n<p>Pe agenda reuniunii se afl\u0103 consolidarea ap\u0103r\u0103rii antiaeriene a Ucrainei, \u00een contextul atacurilor ruse\u0219ti \u0219i al necesit\u0103\u021bii supliment\u0103rii stocurilor de rachete interceptoare.<\/p>\n<p>Liderii urmeaz\u0103 s\u0103-\u0219i reafirme \u0219i hot\u0103r\u00e2rea de a cre\u0219te presiunea asupra Rusiei \u0219i de a continua coordonarea m\u0103surilor menite s\u0103 reduc\u0103 resursele de care Moscova dispune pentru finan\u021barea r\u0103zboiului. Un subiect aparte \u00eel reprezint\u0103 a\u0219a-numita \u201eflot\u0103 fantom\u0103\u201d, utilizat\u0103 de Rusia pentru transportul hidrocarburilor \u00een pofida sanc\u021biunilor interna\u021bionale.<\/p>\n<p>Discu\u021biile vor viza \u0219i garan\u021biile de securitate pentru Ucraina, \u00een perspectiva unei p\u0103ci \u201ejuste, robuste \u0219i durabile\u201d.<\/p>\n<p>Ziua Independen\u021bei Ucrainei este marcat\u0103 anual la 24 august. \u00cen 1991, \u00een urma destr\u0103m\u0103rii Uniunii Sovietice, Rada Suprem\u0103 de la Kiev a adoptat Declara\u021bia de independen\u021b\u0103 a Ucrainei. \u00cen acest an, aniversarea de 35-a este marcat\u0103 \u00een condi\u021biile celui de-al cincilea an de r\u0103zboi la scar\u0103 larg\u0103 purtat de Ucraina \u00eempotriva agresiunii ruse.\n<\/p><\/div>\n<p>[analyse_source url=&#8221;https:\/\/60m.ro\/ucraina-35-de-ani-de-independenta-liderii-coalitiei-vointei-se-reunesc-la-kiev\/&#8221;]<\/p>\n","protected":false},"excerpt":{"rendered":"<p>[analyse_image type=&#8221;featured&#8221; src=&#8221;https:\/\/60m.ro\/wp-content\/uploads\/2026\/08\/ucraina.jpg&#8221;] Ucraina marcheaz\u0103 ast\u0103zi, 24 august, cea de-a 35-a aniversare a proclam\u0103rii independen\u021bei, \u00een condi\u021biile r\u0103zboiului declan\u0219at de Federa\u021bia Rus\u0103. \u00cen aceast\u0103 zi, la Kiev precum \u0219i \u00een alte ora\u0219e din Ucraina sunt comemora\u021bi eroii c\u0103zu\u021bi \u00een r\u0103zboi. Liderii europeni se reunesc azi \u00een capitala Ucrainei pentru a reconfirma sprijinul pentru poporul ucrainean. [&hellip;]<\/p>\n","protected":false},"author":1,"featured_media":0,"comment_status":"open","ping_status":"","sticky":false,"template":"","format":"standard","meta":{"footnotes":""},"categories":[89],"tags":[100,226],"class_list":["post-2108419","post","type-post","status-publish","format-standard","hentry","category-romania","tag-60m-ro","tag-crawlmanager"],"_links":{"self":[{"href":"https:\/\/analyse.optim.biz\/index.php?rest_route=\/wp\/v2\/posts\/2108419","targetHints":{"allow":["GET"]}}],"collection":[{"href":"https:\/\/analyse.optim.biz\/index.php?rest_route=\/wp\/v2\/posts"}],"about":[{"href":"https:\/\/analyse.optim.biz\/index.php?rest_route=\/wp\/v2\/types\/post"}],"author":[{"embeddable":true,"href":"https:\/\/analyse.optim.biz\/index.php?rest_route=\/wp\/v2\/users\/1"}],"replies":[{"embeddable":true,"href":"https:\/\/analyse.optim.biz\/index.php?rest_route=%2Fwp%2Fv2%2Fcomments&post=2108419"}],"version-history":[{"count":0,"href":"https:\/\/analyse.optim.biz\/index.php?rest_route=\/wp\/v2\/posts\/2108419\/revisions"}],"wp:attachment":[{"href":"https:\/\/analyse.optim.biz\/index.php?rest_route=%2Fwp%2Fv2%2Fmedia&parent=2108419"}],"wp:term":[{"taxonomy":"category","embeddable":true,"href":"https:\/\/analyse.optim.biz\/index.php?rest_route=%2Fwp%2Fv2%2Fcategories&post=2108419"},{"taxonomy":"post_tag","embeddable":true,"href":"https:\/\/analyse.optim.biz\/index.php?rest_route=%2Fwp%2Fv2%2Ftags&post=2108419"}],"curies":[{"name":"wp","href":"https:\/\/api.w.org\/{rel}","templated":true}]}}