{"id":2108416,"date":"2026-08-24T07:40:33","date_gmt":"2026-08-24T04:40:33","guid":{"rendered":"https:\/\/analyse.optim.biz\/?p=2108416"},"modified":"2026-08-24T07:40:33","modified_gmt":"2026-08-24T04:40:33","slug":"eugen-tomac-anunta-initierea-unui-demers-si-la-nivel-european-parlamentul-romaniei-are-obligatia","status":"publish","type":"post","link":"https:\/\/analyse.optim.biz\/?p=2108416","title":{"rendered":"Eugen Tomac anun\u021b\u0103 ini\u021bierea unui demers \u0219i la nivel european: Parlamentul Rom\u00e2niei are obliga\u021bia"},"content":{"rendered":"<p>[analyse_image type=&#8221;featured&#8221; src=&#8221;https:\/\/60m.ro\/wp-content\/uploads\/2026\/08\/tomac.jpg&#8221;]<\/p>\n<div class=\"articleBody\" data-key=\"articleBody\">\nEugen Tomac, europarlamentar PMP\/PPE \u0219i consilier onorific al pre\u0219edintelui Nicu\u0219or Dan, afirm\u0103, \u00eentr-o postare pe pagina de socializare c\u0103 Parlamentul Rom\u00e2niei are obliga\u021bia s\u0103 condamne \u00een\u021belegerea criminal\u0103 dintre Hitler \u0219i Stalin, cunoscut\u0103 de drept Pactul Ribbentrop &#8211; Molotov, care a distrus via\u021ba a milioane de cet\u0103\u021beni rom\u00e2ni.<\/p>\n<p>Mai mult, el a anun\u021bat ini\u021bierea unui demers la nivel european \u00een acest sens, \u00een calitate de europarlamentar.<\/p>\n<p>\u201eO \u00een\u021belegere criminal\u0103 \u00eentre Hitler \u0219i Stalin care a distrus, printr-o semn\u0103tur\u0103, destinul a peste trei milioane de cet\u0103\u021beni rom\u00e2ni\u201d<\/p>\n<p>\u201eAst\u0103zi se \u00eemplinesc 87 de ani de la semnarea Pactului Ribbentrop &#8211; Molotov, o \u00een\u021belegere criminal\u0103 \u00eentre Hitler \u0219i Stalin care a distrus, printr-o semn\u0103tur\u0103, destinul a peste trei milioane de cet\u0103\u021beni rom\u00e2ni.<\/p>\n<p>Consecin\u021bele au fost dramatice \u0219i din nefericire, societatea noastr\u0103 uit\u0103 u\u0219or sau nu are r\u0103bdare s\u0103 scoat\u0103 la lumin\u0103 drama acestor oameni nevinova\u021bi. Una dintre cele mai tragice consecin\u021be tr\u0103ite de basarabeni a fost foametea organizat\u0103 \u00een anii 1946-1947, \u00een care \u0219i-au pierdut via\u021ba peste 130.000 de fo\u0219ti cet\u0103\u021beni rom\u00e2ni, alte sute de mii suferind cumplit\u201d, spune Eugen Tomac.<\/p>\n<p>\u201eParlamentul Rom\u00e2niei are obliga\u021bia s\u0103 condamne aceste crime \u00eempotriva umanit\u0103\u021bii\u201d<\/p>\n<p>\u201e\u00cen semn de respect pentru memoria acestor rom\u00e2ni nevinova\u021bi care au murit \u00een anii foametei organizate de regimul stalinist, Parlamentul Rom\u00e2niei are obliga\u021bia s\u0103 condamne aceste crime \u00eempotriva umanit\u0103\u021bii.<\/p>\n<p>Voi ini\u021bia acela\u0219i demers \u0219i la nivel european, printr-o Rezolu\u021bie a Parlamentului European care s\u0103 recunoasc\u0103 aceast\u0103 tragedie \u0219i responsabilitatea regimului totalitar sovietic pentru suferin\u021ba \u0219i moartea at\u00e2tor oameni.<\/p>\n<p>23 august este Ziua European\u0103 de Comemorare a Victimelor Nazismului \u0219i Comunismului. S\u0103 nu-i uit\u0103m!\u201d, a transmis consilierul onorific al pre\u0219edintelui Nicu\u0219or Dan.<\/p>\n<p>Reamintim c\u0103 Eugen Tomac a fost primul om desemnat de pre\u0219edintele Dan ca premier. \u00cen cele din urm\u0103, Tomac \u0219i-a depus mandatul \u0219i nu a mai ajuns la votul Parlamentului.<\/p>\n<p>Conform unor informa\u021bii pe surse, Eugen Tomac ar fi luat din nou \u00een calcul pentru pozi\u021bia de prim-ministru.<\/p>\n<p>Acesta s-ar afla pe\u00a0lista scurt\u0103\u00a0a \u0219efului statului, al\u0103turi de Sorin Grindeanu, pre\u0219edintele PSD, \u0219i Alexandru Nazare, actualul ministru de Finan\u021be.\n<\/p><\/div>\n<p>[analyse_source url=&#8221;https:\/\/60m.ro\/eugen-tomac-anunta-initierea-unui-demers-si-la-nivel-european-parlamentul-romaniei-are-obligatia\/&#8221;]<\/p>\n","protected":false},"excerpt":{"rendered":"<p>[analyse_image type=&#8221;featured&#8221; src=&#8221;https:\/\/60m.ro\/wp-content\/uploads\/2026\/08\/tomac.jpg&#8221;] Eugen Tomac, europarlamentar PMP\/PPE \u0219i consilier onorific al pre\u0219edintelui Nicu\u0219or Dan, afirm\u0103, \u00eentr-o postare pe pagina de socializare c\u0103 Parlamentul Rom\u00e2niei are obliga\u021bia s\u0103 condamne \u00een\u021belegerea criminal\u0103 dintre Hitler \u0219i Stalin, cunoscut\u0103 de drept Pactul Ribbentrop &#8211; Molotov, care a distrus via\u021ba a milioane de cet\u0103\u021beni rom\u00e2ni. Mai mult, el a anun\u021bat [&hellip;]<\/p>\n","protected":false},"author":1,"featured_media":0,"comment_status":"open","ping_status":"","sticky":false,"template":"","format":"standard","meta":{"footnotes":""},"categories":[89],"tags":[100,226],"class_list":["post-2108416","post","type-post","status-publish","format-standard","hentry","category-romania","tag-60m-ro","tag-crawlmanager"],"_links":{"self":[{"href":"https:\/\/analyse.optim.biz\/index.php?rest_route=\/wp\/v2\/posts\/2108416","targetHints":{"allow":["GET"]}}],"collection":[{"href":"https:\/\/analyse.optim.biz\/index.php?rest_route=\/wp\/v2\/posts"}],"about":[{"href":"https:\/\/analyse.optim.biz\/index.php?rest_route=\/wp\/v2\/types\/post"}],"author":[{"embeddable":true,"href":"https:\/\/analyse.optim.biz\/index.php?rest_route=\/wp\/v2\/users\/1"}],"replies":[{"embeddable":true,"href":"https:\/\/analyse.optim.biz\/index.php?rest_route=%2Fwp%2Fv2%2Fcomments&post=2108416"}],"version-history":[{"count":0,"href":"https:\/\/analyse.optim.biz\/index.php?rest_route=\/wp\/v2\/posts\/2108416\/revisions"}],"wp:attachment":[{"href":"https:\/\/analyse.optim.biz\/index.php?rest_route=%2Fwp%2Fv2%2Fmedia&parent=2108416"}],"wp:term":[{"taxonomy":"category","embeddable":true,"href":"https:\/\/analyse.optim.biz\/index.php?rest_route=%2Fwp%2Fv2%2Fcategories&post=2108416"},{"taxonomy":"post_tag","embeddable":true,"href":"https:\/\/analyse.optim.biz\/index.php?rest_route=%2Fwp%2Fv2%2Ftags&post=2108416"}],"curies":[{"name":"wp","href":"https:\/\/api.w.org\/{rel}","templated":true}]}}