{"id":2108409,"date":"2026-08-21T20:22:13","date_gmt":"2026-08-21T17:22:13","guid":{"rendered":"https:\/\/analyse.optim.biz\/?p=2108409"},"modified":"2026-08-21T20:22:13","modified_gmt":"2026-08-21T17:22:13","slug":"dsvsa-a-descoperit-pui-grill-cu-salmonella","status":"publish","type":"post","link":"https:\/\/analyse.optim.biz\/?p=2108409","title":{"rendered":"DSVSA a descoperit pui grill cu Salmonella"},"content":{"rendered":"<p>[analyse_image type=&#8221;featured&#8221; src=&#8221;https:\/\/www.tvbuzau.ro\/wp-content\/uploads\/2026\/08\/hqdefault-27.jpghttps:\/\/www.tvbuzau.ro\/wp-content\/uploads\/2026\/08\/hqdefault-27.jpg&#8221;]<\/p>\n<div class=\"td-ss-main-content\">\n<article id=\"post-120115\" class=\"post-120115 post type-post status-publish format-video has-post-thumbnail hentry category-actualitate post_format-post-format-video\">\n<div class=\"td-post-header\">\n<ul class=\"td-category\">\n<li class=\"entry-category\"><a href=\"https:\/\/www.tvbuzau.ro\/category\/actualitate\/\">Actualitate<\/a><\/li>\n<\/ul>\n<header class=\"td-post-title\">\n<h1 class=\"entry-title\">DSVSA a descoperit pui grill cu Salmonella<\/h1>\n<div class=\"td-module-meta-info\">\n<div class=\"td-post-author-name\">De c\u0103tre <a href=\"https:\/\/www.tvbuzau.ro\/author\/mihai-vasilescu\/\">TV Buz\u0103u<\/a> &#8211; <\/div>\n<p><span class=\"td-post-date\"><time class=\"entry-date updated td-module-date\" datetime=\"2026-08-21T20:22:13+00:00\">august 21, 2026<\/time><\/span><\/p>\n<div class=\"td-post-comments\"><a href=\"https:\/\/www.tvbuzau.ro\/dsvsa-a-descoperit-pui-grill-cu-salmonella\/#respond\">0<\/a><\/div>\n<div class=\"td-post-views\"><span class=\"td-nr-views-120115\">6<\/span><\/div>\n<\/div>\n<\/header>\n<\/div>\n<div class=\"td-post-sharing td-post-sharing-top td-with-like\">\n<div class=\"td-default-sharing\"><a class=\"td-social-sharing-buttons td-social-facebook\" href=\"http:\/\/www.facebook.com\/sharer.php?u=https%3A%2F%2Fwww.tvbuzau.ro%2Fdsvsa-a-descoperit-pui-grill-cu-salmonella%2F\"><\/p>\n<div class=\"td-social-but-text\">Distribui\u021bi pe Facebook<\/div>\n<p><\/a><a class=\"td-social-sharing-buttons td-social-twitter\" href=\"https:\/\/twitter.com\/intent\/tweet?text=DSVSA+a+descoperit+pui+grill+cu+Salmonella&amp;url=https%3A%2F%2Fwww.tvbuzau.ro%2Fdsvsa-a-descoperit-pui-grill-cu-salmonella%2F&amp;via=TV+Buz%C4%83u\"><\/p>\n<div class=\"td-social-but-text\">Distribui\u021bi pe Twitter<\/div>\n<p><\/a><\/div>\n<div class=\"td-classic-sharing\">\n<ul>\n<li class=\"td-classic-facebook\"><iframe frameborder src=\"https:\/\/www.facebook.com\/plugins\/like.php?href=https:\/\/www.tvbuzau.ro\/dsvsa-a-descoperit-pui-grill-cu-salmonella\/&amp;layout=button_count&amp;show_faces=false&amp;width=105&amp;action=like&amp;colorscheme=light&amp;height=21\"><\/iframe><\/li>\n<li class=\"td-classic-twitter\"><a href=\"https:\/\/twitter.com\/share\" class=\"twitter-share-button\" data-url=\"https:\/\/www.tvbuzau.ro\/dsvsa-a-descoperit-pui-grill-cu-salmonella\/\" data-text=\"DSVSA a descoperit pui grill cu Salmonella\" data-via data-lang=\"en\">tweet<\/a><\/li>\n<\/ul>\n<\/div>\n<\/div>\n<div class=\"td-post-content\">\n<div class=\"td-featured-image-rec\">\n<div class=\"wpb_video_wrapper\">\n                    <iframe loading=\"lazy\" id=\"td_youtube_player\" width=\"600\" height=\"560\" src=\"https:\/\/www.youtube.com\/embed\/C7FzH2XcDAI?enablejsapi=1&amp;feature=oembed&amp;wmode=opaque&amp;vq=hd720\" frameborder allowfullscreen><\/iframe><\/p><\/div>\n<\/div>\n<p>Amenzi de peste 31.000 lei \u00een luna iulie<br \/>\n\u00cen luna iulie inspectorii D.S.V.S.A. Buz\u0103u au efectuat controale \u0219i verific\u0103ri la obiective supuse controlului pentru siguran\u021ba alimentelor fiind controla\u021bi 368 operatori economici, pe \u00eentreg lan\u021bul de la produc\u021bie la comercializare.<br \/>\nControalele efectuate au vizat verificarea respect\u0103rii condi\u021biilor generale de igien\u0103, respectarea cerin\u021belor de trasabilitate sau modul de etichetare a produselor alimentare.<br \/>\n\u201cUrmare a acestor neconformit\u0103\u021bi au fost aplicate 10 amenzi contraven\u021bionale \u00een valoare total\u0103 de 31600 lei \u0219i 27 avertismente\u201d, a anun\u0163at DSVSA Buz\u0103u.<br \/>\nTotodat\u0103, \u00een baza Programului de supraveghere \u0219i control au fost prelevate 278 probe de produse alimentare de origine animal\u0103 pentru determinarea conformit\u0103\u021bii acestora cu prevederile legale \u00een vigoare.<br \/>\n\u201c\u00cen urma analiz\u0103rii la o prob\u0103 de carcas\u0103 pui grill s-a detectat Salmonella spp iar \u00een urma serotipiz\u0103rii s-a identificat Salmonella Senftenberg f\u0103r\u0103 restric\u021bii pentru carnea de pas\u0103re.. Men\u021bion\u0103m c\u0103 pentru carnea proasp\u0103t\u0103 de pas\u0103re doar identificarea Salmonella enteritidis \u0219i Salmonella typhimurium reprezint\u0103 rezultat neconform\u201d, au precizat autorit\u0103\u0163ile sanitar-veterinare.<\/p>\n<div class=\"post-views post-120115 entry-meta\"><span class=\"post-views-label\">Post Views: <\/span><span class=\"post-views-count\">219<\/span><\/div>\n<\/div>\n<footer>\n<div class=\"td-post-sharing td-post-sharing-bottom td-with-like\"><span class=\"td-post-share-title\">DISTRIBUI\u021aI<\/span><\/p>\n<div class=\"td-default-sharing\"><a class=\"td-social-sharing-buttons td-social-facebook\" href=\"http:\/\/www.facebook.com\/sharer.php?u=https%3A%2F%2Fwww.tvbuzau.ro%2Fdsvsa-a-descoperit-pui-grill-cu-salmonella%2F\"><\/p>\n<div class=\"td-social-but-text\">Facebook<\/div>\n<p><\/a><a class=\"td-social-sharing-buttons td-social-twitter\" href=\"https:\/\/twitter.com\/intent\/tweet?text=DSVSA+a+descoperit+pui+grill+cu+Salmonella&amp;url=https%3A%2F%2Fwww.tvbuzau.ro%2Fdsvsa-a-descoperit-pui-grill-cu-salmonella%2F&amp;via=TV+Buz%C4%83u\"><\/p>\n<div class=\"td-social-but-text\">Twitter<\/div>\n<p><\/a><\/div>\n<div class=\"td-classic-sharing\">\n<ul>\n<li class=\"td-classic-facebook\"><iframe frameborder src=\"https:\/\/www.facebook.com\/plugins\/like.php?href=https:\/\/www.tvbuzau.ro\/dsvsa-a-descoperit-pui-grill-cu-salmonella\/&amp;layout=button_count&amp;show_faces=false&amp;width=105&amp;action=like&amp;colorscheme=light&amp;height=21\"><\/iframe><\/li>\n<li class=\"td-classic-twitter\"><a href=\"https:\/\/twitter.com\/share\" class=\"twitter-share-button\" data-url=\"https:\/\/www.tvbuzau.ro\/dsvsa-a-descoperit-pui-grill-cu-salmonella\/\" data-text=\"DSVSA a descoperit pui grill cu Salmonella\" data-via data-lang=\"en\">tweet<\/a><\/li>\n<\/ul>\n<\/div>\n<\/div>\n<div class=\"td-author-name vcard author\"><span class=\"fn\"><a href=\"https:\/\/www.tvbuzau.ro\/author\/mihai-vasilescu\/\">TV Buz\u0103u<\/a><\/span><\/div>\n<p><span><\/span><span><span><\/span><\/span><span><\/span><\/footer>\n<\/article>\n<div class=\"td_block_wrap td_block_related_posts td_uid_1_6a8c05063dd08_rand td_with_ajax_pagination td-pb-border-top\" data-td-block-uid=\"td_uid_1_6a8c05063dd08\">\n<h4 class=\"td-related-title\"><a id=\"td_uid_2_6a8c05064349f\" class=\"td-related-left td-cur-simple-item\" data-td_filter_value data-td_block_id=\"td_uid_1_6a8c05063dd08\" href=\"https:\/\/www.tvbuzau.ro\/dsvsa-a-descoperit-pui-grill-cu-salmonella\/\">ARTICOLE SIMILARE<\/a><a id=\"td_uid_3_6a8c0506434d9\" class=\"td-related-right\" data-td_filter_value=\"td_related_more_from_author\" data-td_block_id=\"td_uid_1_6a8c05063dd08\" href=\"https:\/\/www.tvbuzau.ro\/dsvsa-a-descoperit-pui-grill-cu-salmonella\/\">DE LA ACELA\u0218I AUTOR<\/a><\/h4>\n<div id=\"td_uid_1_6a8c05063dd08\" class=\"td_block_inner\">\n<div class=\"td-related-row\">\n<div class=\"td-related-span4\">\n<div class=\"td_module_related_posts td-animation-stack td_mod_related_posts\">\n<div class=\"td-module-image\">\n<div class=\"td-module-thumb\"><a href=\"https:\/\/www.tvbuzau.ro\/epopeea-acoperisului-colegiului-m-eminescu-continua\/\" rel=\"bookmark\" title=\"Epopeea acoperi\u015fului Colegiului M. Eminescu continu\u0103\"><img loading=\"lazy\" decoding=\"async\" width=\"218\" height=\"150\" class=\"entry-thumb\" src=\"https:\/\/www.tvbuzau.ro\/wp-content\/uploads\/2026\/08\/sddefault-44-218x150.jpg\" alt title=\"Epopeea acoperi\u015fului Colegiului M. Eminescu continu\u0103\"><span class=\"td-video-play-ico\"><img loading=\"lazy\" decoding=\"async\" width=\"40\" height=\"40\" class=\"td-retina\" src=\"https:\/\/www.tvbuzau.ro\/wp-content\/themes\/Newspaper\/images\/icons\/ico-video-large.png\" alt=\"video\"><\/span><\/a><\/div>\n<p><a href=\"https:\/\/www.tvbuzau.ro\/category\/actualitate\/\" class=\"td-post-category\">Actualitate<\/a><\/div>\n<div class=\"item-details\">\n<h3 class=\"entry-title td-module-title\"><a href=\"https:\/\/www.tvbuzau.ro\/epopeea-acoperisului-colegiului-m-eminescu-continua\/\" rel=\"bookmark\" title=\"Epopeea acoperi\u015fului Colegiului M. Eminescu continu\u0103\">Epopeea acoperi\u015fului Colegiului M. Eminescu continu\u0103<\/a><\/h3>\n<\/div>\n<\/div>\n<\/div>\n<div class=\"td-related-span4\">\n<div class=\"td_module_related_posts td-animation-stack td_mod_related_posts\">\n<div class=\"td-module-image\">\n<div class=\"td-module-thumb\"><a href=\"https:\/\/www.tvbuzau.ro\/in-luna-septembrie-ar-putea-incepe-lucrarile-pe-drumul-spre-vulcanii-noroiosi\/\" rel=\"bookmark\" title=\"\u00cen luna septembrie ar putea \u00eencepe lucr\u0103rile pe drumul spre Vulcanii Noroio\u015fi\"><img loading=\"lazy\" decoding=\"async\" width=\"218\" height=\"150\" class=\"entry-thumb\" src=\"https:\/\/www.tvbuzau.ro\/wp-content\/uploads\/2026\/08\/sddefault-43-218x150.jpg\" alt title=\"\u00cen luna septembrie ar putea \u00eencepe lucr\u0103rile pe drumul spre Vulcanii Noroio\u015fi\"><span class=\"td-video-play-ico\"><img loading=\"lazy\" decoding=\"async\" width=\"40\" height=\"40\" class=\"td-retina\" src=\"https:\/\/www.tvbuzau.ro\/wp-content\/themes\/Newspaper\/images\/icons\/ico-video-large.png\" alt=\"video\"><\/span><\/a><\/div>\n<p><a href=\"https:\/\/www.tvbuzau.ro\/category\/actualitate\/\" class=\"td-post-category\">Actualitate<\/a><\/div>\n<div class=\"item-details\">\n<h3 class=\"entry-title td-module-title\"><a href=\"https:\/\/www.tvbuzau.ro\/in-luna-septembrie-ar-putea-incepe-lucrarile-pe-drumul-spre-vulcanii-noroiosi\/\" rel=\"bookmark\" title=\"\u00cen luna septembrie ar putea \u00eencepe lucr\u0103rile pe drumul spre Vulcanii Noroio\u015fi\">\u00cen luna septembrie ar putea \u00eencepe lucr\u0103rile pe drumul spre Vulcanii Noroio\u015fi<\/a><\/h3>\n<\/div>\n<\/div>\n<\/div>\n<div class=\"td-related-span4\">\n<div class=\"td_module_related_posts td-animation-stack td_mod_related_posts\">\n<div class=\"td-module-image\">\n<div class=\"td-module-thumb\"><a href=\"https:\/\/www.tvbuzau.ro\/municipiul-buzau-oras-burete\/\" rel=\"bookmark\" title=\"Municipiul Buz\u0103u, ora\u015f burete?\"><img loading=\"lazy\" decoding=\"async\" width=\"218\" height=\"150\" class=\"entry-thumb\" src=\"https:\/\/www.tvbuzau.ro\/wp-content\/uploads\/2026\/08\/sddefault-42-218x150.jpg\" alt title=\"Municipiul Buz\u0103u, ora\u015f burete?\"><span class=\"td-video-play-ico\"><img loading=\"lazy\" decoding=\"async\" width=\"40\" height=\"40\" class=\"td-retina\" src=\"https:\/\/www.tvbuzau.ro\/wp-content\/themes\/Newspaper\/images\/icons\/ico-video-large.png\" alt=\"video\"><\/span><\/a><\/div>\n<p><a href=\"https:\/\/www.tvbuzau.ro\/category\/actualitate\/\" class=\"td-post-category\">Actualitate<\/a><\/div>\n<div class=\"item-details\">\n<h3 class=\"entry-title td-module-title\"><a href=\"https:\/\/www.tvbuzau.ro\/municipiul-buzau-oras-burete\/\" rel=\"bookmark\" title=\"Municipiul Buz\u0103u, ora\u015f burete?\">Municipiul Buz\u0103u, ora\u015f burete?<\/a><\/h3>\n<\/div>\n<\/div>\n<\/div>\n<\/div>\n<div class=\"td-related-row\">\n<div class=\"td-related-span4\">\n<div class=\"td_module_related_posts td-animation-stack td_mod_related_posts\">\n<div class=\"td-module-image\">\n<div class=\"td-module-thumb\"><a href=\"https:\/\/www.tvbuzau.ro\/divizia-2-infanterie-getica-la-110-ani\/\" rel=\"bookmark\" title=\"Divizia 2 Infanterie \u201eGetica\u201d la 110 ani\"><img loading=\"lazy\" decoding=\"async\" width=\"218\" height=\"150\" class=\"entry-thumb\" src=\"https:\/\/www.tvbuzau.ro\/wp-content\/uploads\/2026\/08\/sddefault-41-218x150.jpg\" alt title=\"Divizia 2 Infanterie \u201eGetica\u201d la 110 ani\"><span class=\"td-video-play-ico\"><img loading=\"lazy\" decoding=\"async\" width=\"40\" height=\"40\" class=\"td-retina\" src=\"https:\/\/www.tvbuzau.ro\/wp-content\/themes\/Newspaper\/images\/icons\/ico-video-large.png\" alt=\"video\"><\/span><\/a><\/div>\n<p><a href=\"https:\/\/www.tvbuzau.ro\/category\/actualitate\/\" class=\"td-post-category\">Actualitate<\/a><\/div>\n<div class=\"item-details\">\n<h3 class=\"entry-title td-module-title\"><a href=\"https:\/\/www.tvbuzau.ro\/divizia-2-infanterie-getica-la-110-ani\/\" rel=\"bookmark\" title=\"Divizia 2 Infanterie \u201eGetica\u201d la 110 ani\">Divizia 2 Infanterie \u201eGetica\u201d la 110 ani<\/a><\/h3>\n<\/div>\n<\/div>\n<\/div>\n<div class=\"td-related-span4\">\n<div class=\"td_module_related_posts td-animation-stack td_mod_related_posts\">\n<div class=\"td-module-image\">\n<div class=\"td-module-thumb\"><a href=\"https:\/\/www.tvbuzau.ro\/profesor-de-legislatie-rutiera-trimis-in-judecata-pentru-ultraj\/\" rel=\"bookmark\" title=\"Profesor de legisla\u0163ie rutier\u0103 trimis \u00een judecat\u0103 pentru ultraj\"><img loading=\"lazy\" decoding=\"async\" width=\"218\" height=\"150\" class=\"entry-thumb\" src=\"https:\/\/www.tvbuzau.ro\/wp-content\/uploads\/2026\/08\/sddefault-40-218x150.jpg\" alt title=\"Profesor de legisla\u0163ie rutier\u0103 trimis \u00een judecat\u0103 pentru ultraj\"><span class=\"td-video-play-ico\"><img loading=\"lazy\" decoding=\"async\" width=\"40\" height=\"40\" class=\"td-retina\" src=\"https:\/\/www.tvbuzau.ro\/wp-content\/themes\/Newspaper\/images\/icons\/ico-video-large.png\" alt=\"video\"><\/span><\/a><\/div>\n<p><a href=\"https:\/\/www.tvbuzau.ro\/category\/actualitate\/\" class=\"td-post-category\">Actualitate<\/a><\/div>\n<div class=\"item-details\">\n<h3 class=\"entry-title td-module-title\"><a href=\"https:\/\/www.tvbuzau.ro\/profesor-de-legislatie-rutiera-trimis-in-judecata-pentru-ultraj\/\" rel=\"bookmark\" title=\"Profesor de legisla\u0163ie rutier\u0103 trimis \u00een judecat\u0103 pentru ultraj\">Profesor de legisla\u0163ie rutier\u0103 trimis \u00een judecat\u0103 pentru ultraj<\/a><\/h3>\n<\/div>\n<\/div>\n<\/div>\n<div class=\"td-related-span4\">\n<div class=\"td_module_related_posts td-animation-stack td_mod_related_posts\">\n<div class=\"td-module-image\">\n<div class=\"td-module-thumb\"><a href=\"https:\/\/www.tvbuzau.ro\/constantin-toma-nu-mai-candideaza-la-primaria-buzau-din-partea-psd\/\" rel=\"bookmark\" title=\"Constantin Toma nu mai candideaz\u0103 la Prim\u0103ria Buz\u0103u din partea PSD\"><img loading=\"lazy\" decoding=\"async\" width=\"218\" height=\"150\" class=\"entry-thumb\" src=\"https:\/\/www.tvbuzau.ro\/wp-content\/uploads\/2026\/08\/sddefault-39-218x150.jpg\" alt title=\"Constantin Toma nu mai candideaz\u0103 la Prim\u0103ria Buz\u0103u din partea PSD\"><span class=\"td-video-play-ico\"><img loading=\"lazy\" decoding=\"async\" width=\"40\" height=\"40\" class=\"td-retina\" src=\"https:\/\/www.tvbuzau.ro\/wp-content\/themes\/Newspaper\/images\/icons\/ico-video-large.png\" alt=\"video\"><\/span><\/a><\/div>\n<p><a href=\"https:\/\/www.tvbuzau.ro\/category\/actualitate\/\" class=\"td-post-category\">Actualitate<\/a><\/div>\n<div class=\"item-details\">\n<h3 class=\"entry-title td-module-title\"><a href=\"https:\/\/www.tvbuzau.ro\/constantin-toma-nu-mai-candideaza-la-primaria-buzau-din-partea-psd\/\" rel=\"bookmark\" title=\"Constantin Toma nu mai candideaz\u0103 la Prim\u0103ria Buz\u0103u din partea PSD\">Constantin Toma nu mai candideaz\u0103 la Prim\u0103ria Buz\u0103u din partea PSD<\/a><\/h3>\n<\/div>\n<\/div>\n<\/div>\n<\/div>\n<\/div>\n<\/div>\n<div class=\"comments\" id=\"comments\">\n<div id=\"respond\" class=\"comment-respond\">\n<h3 id=\"reply-title\" class=\"comment-reply-title\">L\u0102SA\u021aI UN MESAJ <small><a rel=\"nofollow\" id=\"cancel-comment-reply-link\" href=\"https:\/\/www.tvbuzau.ro\/dsvsa-a-descoperit-pui-grill-cu-salmonella\/#respond\">Renun\u021ba\u021bi la r\u0103spuns<\/a><\/small><\/h3>\n<\/div>\n<\/div>\n<\/div>\n<div class=\"td-post-content\">\n<div class=\"td-featured-image-rec\">\n<div class=\"wpb_video_wrapper\">\n                    <iframe loading=\"lazy\" id=\"td_youtube_player\" width=\"600\" height=\"560\" src=\"https:\/\/www.youtube.com\/embed\/C7FzH2XcDAI?enablejsapi=1&amp;feature=oembed&amp;wmode=opaque&amp;vq=hd720\" frameborder allowfullscreen><\/iframe><\/p><\/div>\n<\/div>\n<p>Amenzi de peste 31.000 lei \u00een luna iulie<br \/>\n\u00cen luna iulie inspectorii D.S.V.S.A. Buz\u0103u au efectuat controale \u0219i verific\u0103ri la obiective supuse controlului pentru siguran\u021ba alimentelor fiind controla\u021bi 368 operatori economici, pe \u00eentreg lan\u021bul de la produc\u021bie la comercializare.<br \/>\nControalele efectuate au vizat verificarea respect\u0103rii condi\u021biilor generale de igien\u0103, respectarea cerin\u021belor de trasabilitate sau modul de etichetare a produselor alimentare.<br \/>\n\u201cUrmare a acestor neconformit\u0103\u021bi au fost aplicate 10 amenzi contraven\u021bionale \u00een valoare total\u0103 de 31600 lei \u0219i 27 avertismente\u201d, a anun\u0163at DSVSA Buz\u0103u.<br \/>\nTotodat\u0103, \u00een baza Programului de supraveghere \u0219i control au fost prelevate 278 probe de produse alimentare de origine animal\u0103 pentru determinarea conformit\u0103\u021bii acestora cu prevederile legale \u00een vigoare.<br \/>\n\u201c\u00cen urma analiz\u0103rii la o prob\u0103 de carcas\u0103 pui grill s-a detectat Salmonella spp iar \u00een urma serotipiz\u0103rii s-a identificat Salmonella Senftenberg f\u0103r\u0103 restric\u021bii pentru carnea de pas\u0103re.. Men\u021bion\u0103m c\u0103 pentru carnea proasp\u0103t\u0103 de pas\u0103re doar identificarea Salmonella enteritidis \u0219i Salmonella typhimurium reprezint\u0103 rezultat neconform\u201d, au precizat autorit\u0103\u0163ile sanitar-veterinare.<\/p>\n<div class=\"post-views post-120115 entry-meta\"><span class=\"post-views-label\">Post Views: <\/span><span class=\"post-views-count\">219<\/span><\/div>\n<\/div>\n<p>[analyse_source url=&#8221;https:\/\/www.tvbuzau.ro\/dsvsa-a-descoperit-pui-grill-cu-salmonella\/&#8221;]<\/p>\n","protected":false},"excerpt":{"rendered":"<p>[analyse_image type=&#8221;featured&#8221; src=&#8221;https:\/\/www.tvbuzau.ro\/wp-content\/uploads\/2026\/08\/hqdefault-27.jpghttps:\/\/www.tvbuzau.ro\/wp-content\/uploads\/2026\/08\/hqdefault-27.jpg&#8221;] Actualitate DSVSA a descoperit pui grill cu Salmonella De c\u0103tre TV Buz\u0103u &#8211; august 21, 2026 0 6 Distribui\u021bi pe Facebook Distribui\u021bi pe Twitter tweet Amenzi de peste 31.000 lei \u00een luna iulie \u00cen luna iulie inspectorii D.S.V.S.A. Buz\u0103u au efectuat controale \u0219i verific\u0103ri la obiective supuse controlului pentru siguran\u021ba alimentelor fiind [&hellip;]<\/p>\n","protected":false},"author":1,"featured_media":0,"comment_status":"open","ping_status":"","sticky":false,"template":"","format":"standard","meta":{"footnotes":""},"categories":[2],"tags":[226,116],"class_list":["post-2108409","post","type-post","status-publish","format-standard","hentry","category-politics","tag-crawlmanager","tag-tvbuzau-ro"],"_links":{"self":[{"href":"https:\/\/analyse.optim.biz\/index.php?rest_route=\/wp\/v2\/posts\/2108409","targetHints":{"allow":["GET"]}}],"collection":[{"href":"https:\/\/analyse.optim.biz\/index.php?rest_route=\/wp\/v2\/posts"}],"about":[{"href":"https:\/\/analyse.optim.biz\/index.php?rest_route=\/wp\/v2\/types\/post"}],"author":[{"embeddable":true,"href":"https:\/\/analyse.optim.biz\/index.php?rest_route=\/wp\/v2\/users\/1"}],"replies":[{"embeddable":true,"href":"https:\/\/analyse.optim.biz\/index.php?rest_route=%2Fwp%2Fv2%2Fcomments&post=2108409"}],"version-history":[{"count":0,"href":"https:\/\/analyse.optim.biz\/index.php?rest_route=\/wp\/v2\/posts\/2108409\/revisions"}],"wp:attachment":[{"href":"https:\/\/analyse.optim.biz\/index.php?rest_route=%2Fwp%2Fv2%2Fmedia&parent=2108409"}],"wp:term":[{"taxonomy":"category","embeddable":true,"href":"https:\/\/analyse.optim.biz\/index.php?rest_route=%2Fwp%2Fv2%2Fcategories&post=2108409"},{"taxonomy":"post_tag","embeddable":true,"href":"https:\/\/analyse.optim.biz\/index.php?rest_route=%2Fwp%2Fv2%2Ftags&post=2108409"}],"curies":[{"name":"wp","href":"https:\/\/api.w.org\/{rel}","templated":true}]}}