{"id":2108292,"date":"2026-08-23T15:46:03","date_gmt":"2026-08-23T12:46:03","guid":{"rendered":"https:\/\/analyse.optim.biz\/?p=2108292"},"modified":"2026-08-23T15:46:03","modified_gmt":"2026-08-23T12:46:03","slug":"rusia-isi-retrage-ambasadorul-din-marea-britanie","status":"publish","type":"post","link":"https:\/\/analyse.optim.biz\/?p=2108292","title":{"rendered":"Rusia \u00ee\u0219i retrage ambasadorul din Marea Britanie"},"content":{"rendered":"<p>[analyse_image type=&#8221;featured&#8221; src=&#8221;https:\/\/ortodoxinfo.ro\/wp-content\/uploads\/2026\/08\/andy-burnham-jpg-1.jpeghttps:\/\/ortodoxinfo.ro\/wp-content\/uploads\/2026\/08\/andy-burnham-jpg-1.jpeg&#8221;]<\/p>\n<article id=\"post-260696\" class=\"post-260696 post type-post status-publish format-standard has-post-thumbnail category-ucraina\">\n<header class=\"single-header\">\n<aside class=\"breadcrumb-wrap breadcrumb-yoast s-breadcrumb\">\n<div class=\"breadcrumb-inner\"><span><span><a href=\"https:\/\/ortodoxinfo.ro\/\">Prima pagin\u0103<\/a><\/span> \u00bb <span><a href=\"https:\/\/ortodoxinfo.ro\/blog\/\">Blog<\/a><\/span> \u00bb <span class=\"breadcrumb_last\" aria-current=\"page\">Rusia \u00ee\u0219i retrage ambasadorul din Marea Britanie<\/span><\/span><\/div>\n<\/aside>\n<h1 class=\"s-title fw-headline\">Rusia \u00ee\u0219i retrage ambasadorul din Marea Britanie<\/h1>\n<div class=\"single-meta meta-s-default yes-0\">\n<div class=\"smeta-in\"><a class=\"meta-el meta-avatar\" href=\"https:\/\/ortodoxinfo.ro\/author\/redactor\/\"><img loading=\"lazy\" decoding=\"async\" alt=\"OrtodoxINFO\" src=\"https:\/\/secure.gravatar.com\/avatar\/21010332354a182ce4de6016685c5586f21c51866d0ec5bc8ef383240b3c3e02?s=120&amp;r=g\" class=\"avatar avatar-120 photo\" height=\"120\" width=\"120\"><\/a><\/p>\n<div class=\"smeta-sec\">\n<div class=\"p-meta\">\n<div class=\"meta-inner is-meta\"><span class=\"meta-el meta-date\"><time datetime=\"2026-08-23T18:46:03+03:00\">23 august 2026<\/time><\/span><span class=\"meta-el meta-category meta-bold\"><a class=\"meta-separate category-15871\" href=\"https:\/\/ortodoxinfo.ro\/category\/anti-sistem\/al-iii-lea-razboi-mondial\/ucraina\/\">Ucraina<\/a><\/span><span class=\"meta-el meta-view\">7k vizualiz\u0103ri\t\t<\/span><span class=\"meta-el meta-comment mobile-last-meta tablet-last-meta\"><a href=\"https:\/\/ortodoxinfo.ro\/2026\/08\/23\/rusia-isi-retrage-ambasadorul-din-marea-britanie\/#respond\">Comentarii<\/a><\/span><\/div>\n<\/div>\n<\/div>\n<\/div>\n<div class=\"smeta-extra\">\n<div class=\"t-shared-sec tooltips-n has-read-meta is-color\">\n<div class=\"t-shared-header is-meta\"><span class=\"share-label\">Share<\/span><\/div>\n<\/div>\n<div class=\"single-right-meta single-time-read is-meta\"><span class=\"meta-el meta-read\">3 Min Read<\/span><\/div>\n<\/div>\n<\/div>\n<\/header>\n<div class=\"grid-container\">\n<div class=\"s-ct\">\n<div class=\"s-feat-outer\">\n<div class=\"s-feat\">\n<div class=\"featured-lightbox-trigger\" data-source=\"https:\/\/ortodoxinfo.ro\/wp-content\/uploads\/2026\/08\/andy-burnham-jpg-1.jpeg\" data-caption data-attribution><img fetchpriority=\"high\" decoding=\"async\" width=\"860\" height=\"484\" src=\"https:\/\/ortodoxinfo.ro\/wp-content\/uploads\/2026\/08\/andy-burnham-jpg-1-860x484.jpeg\" class=\"attachment-foxiz_crop_o1 size-foxiz_crop_o1 wp-post-image\" alt loading=\"eager\"><\/div>\n<\/div>\n<\/div>\n<div class=\"s-ct-wrap has-lsl\">\n<div class=\"s-ct-inner\">\n<div class=\"l-shared-sec-outer show-mobile\">\n<div class=\"l-shared-sec\">\n<div class=\"l-shared-header meta-text\"><span class=\"share-label\">SHARE<\/span><\/div>\n<\/div>\n<\/div>\n<div class=\"e-ct-outer\">\n<div class=\"entry-top\">\n<div id=\"custom_html-3\" class=\"widget_text widget entry-widget clearfix widget_custom_html\">\n<div class=\"textwidget custom-html-widget\">\n<div><small><br \/>\n    OrtodoxINFO este supus unui sabotaj sistematic din partea reprezentan\u021bilor Google Rom\u00e2nia, at\u00e2t la afi\u0219\u0103ri c\u00e2t \u0219i \u00een rezultatele de c\u0103utare.<br \/>\n        Astfel c\u0103 veniturile din publicitate au sc\u0103zut de p\u00e2n\u0103 la <strong>10 ori<\/strong>. Situa\u021bia este similar\u0103 \u0219i pe Facebook.<\/p>\n<p>        V\u0103 invit\u0103m s\u0103 accesa\u021bi direct site-ul \u0219i s\u0103 v\u0103 abona\u021bi la notific\u0103ri.<\/p>\n<p>    Dac\u0103 dori\u021bi s\u0103 ne sus\u021bine\u021bi \u00een aceast\u0103 perioad\u0103 dificil\u0103, orice <a href=\"https:\/\/ortodoxinfo.ro\/donatii\/\">dona\u021bie<\/a> este binevenit\u0103.<br \/>\n    Dumnezeu s\u0103 v\u0103 r\u0103spl\u0103teasc\u0103!<br \/>\n<\/small><\/div>\n<\/div>\n<\/div>\n<\/div>\n<div class=\"entry-content rbct clearfix is-highlight-shares\">\n<p id=\"p-0\">Federa\u021bia Rus\u0103 a anun\u021bat c\u0103-\u0219i retrage ambasadorul de la Londra. Andrei Kelin pleac\u0103 f\u0103r\u0103 a fi numit un succesor la Londra, acuz\u00e2nd guvernul britanic pentru c\u0103 a deschis \u201ecalea confrunt\u0103rii\u201d cu Moscova prin ajutorarea Ucrainei.<\/p>\n<p id=\"p-1\">Andrei Vladimirovici Kelin (69 ani) a ocupat postul de ambasador al Rusiei \u00een Regatul Unit din 2019. Ca urmare a ajutorului britanic acordat Ucrainei, Kremlinul refuz\u0103 s\u0103 numeasc\u0103 un succesor, marc\u00e2nd astfel o intensificare a tensiunilor dintre NATO \u0219i Rusia.<\/p>\n<p id=\"p-8\">Potrivit <a href=\"https:\/\/www.theguardian.com\/world\/2026\/aug\/23\/russia-withdraws-ambassador-uk-kremlin-pressure-ukraine-andrey-kelin\">The Guardian\u00a0<\/a>, din cadrul personalului diplomatic al ambasadei Rusiei din Marea Britanie mai face parte doar Vasili A. \u021aiganov, \u00eens\u0103rcinat cu afaceri. Rusia a amenin\u021bat s\u0103pt\u0103m\u00e2na aceast\u0103 Marea Britanie din cauza furniz\u0103rii de drone de fabrica\u021bie proprie Ucrainei.<\/p>\n<p id=\"p-9\">\u201eAc\u0163iunile Londrei vor avea inevitabil consecin\u0163e pentru care va trebui s\u0103 r\u0103spund\u0103. Cu c\u00e2t implicarea sa \u00een conflict este mai profund\u0103 \u015fi cu c\u00e2t sprijinul acordat ma\u015fin\u0103riei teroriste de la Kiev este mai mare, cu at\u00e2t pre\u0163ul pe care \u00eel va pl\u0103ti va fi mai mare\u201d, a amenin\u021bat ambasada Rusiei de la Londra.<\/p>\n<p id=\"p-10\">\u00cen timp ce Marea Britanie se declar\u0103 solidar\u0103 cu Ucraina \u0219i hot\u0103r\u00e2t\u0103 s\u0103 furnizeze echipament de ap\u0103rare,\u00a0John Foreman, fost ata\u0219at britanic al ap\u0103r\u0103rii la Moscova \u0219i Kiev, a declarat:<\/p>\n<p id=\"p-11\">\u201eDeclara\u021bia strident\u0103 a ambasadei privind \u00abconsecin\u021bele\u00bb din aceast\u0103 s\u0103pt\u0103m\u00e2n\u0103 \u0219i deteriorarea uria\u0219\u0103 a rela\u021biilor bilaterale din 2018 \u0219i mai ales de la \u00eenceputul r\u0103zboiului m\u0103 fac s\u0103 m\u0103 \u00eentreb dac\u0103 Moscova va degrada permanent rela\u021bia de data aceasta, implicit, ne\u00eenlocuindu-l.\u201d<\/p>\n<p id=\"p-12\">Un purt\u0103tor de cuv\u00e2nt al ambasadei a declarat c\u0103 Kremlinul a \u00eencheiat misiunea diplomatic\u0103 a lui Kelin pe 21 iulie.<\/p>\n<p id=\"p-13\">\u201e\u00cen ceea ce prive\u0219te starea rela\u021biilor Rusia-Marea Britanie \u00een toate domeniile, aceasta s-a deteriorat la un nivel f\u0103r\u0103 precedent la ini\u021biativa Londrei\u201d, au ad\u0103ugat ace\u0219tia.<\/p>\n<p id=\"p-14\">Un purt\u0103tor de cuv\u00e2nt a declarat pentru Sunday Times c\u0103 Kelin a depus eforturi pentru a men\u021bine canalele de comunicare deschise cu Marea Britanie \u0219i a acuzat guvernul c\u0103 a ales o \u201ecale a confrunt\u0103rii\u201d cu Rusia.<\/p>\n<div class=\"inline-single-ad ad_single_3_index alignfull\">\n<div class=\"ad-wrap ad-script-wrap\">\n<div class=\"ad-script non-adsense edge-padding\">\n<div>\n\u203c\ufe0f\u203c\ufe0f NU recunoa\u0219tem ca pre\u0219edinte al Rom\u00e2niei pe marioneta retard\u0103 Nicu\u0219or Dan! Rom\u00e2ni, boicota\u021bi aceast\u0103 f\u0103c\u0103tur\u0103, care ne face \u021bara de r\u00e2s! NU rom\u00e2nii l-au votat pe Nicusoro\u0219 &#8211; cu unele excep\u021bii de persoane infantile, manipulabile \u0219i chiar idioate &#8211; ci l-au ajutat Maia Soro\u0219, Emanuel Macrou \u0219i tr\u0103d\u0103torii de la B.E.C. \u0219i CCR!<br \/>\n La \u00eenchisoare cu cei care au fraudat alegerile!\n<\/div>\n<\/div>\n<\/div>\n<\/div>\n<p id=\"p-15\">\u201eA p\u0103r\u0103sit Marea Britanie \u00een speran\u021ba c\u0103 un dialog mai constructiv \u0219i mai respectuos ar putea fi \u00een cele din urm\u0103 restabilit, \u00een cazul \u00een care Marea Britanie \u00ee\u0219i reconsider\u0103 politicile fa\u021b\u0103 de \u021bara noastr\u0103\u201d, au spus ace\u0219tia.<\/p>\n<p id=\"p-16\">Un purt\u0103tor de cuv\u00e2nt al Ministerului de Externe al Marii Britanii a declarat: \u201eAceasta este o chestiune care \u021bine de Ministerul Afacerilor Externe al Rusiei. Avem un ambasador \u0219i o ambasad\u0103 la Moscova pentru a interac\u021biona. Continu\u0103m s\u0103 fim um\u0103r la um\u0103r cu Ucraina, care are dreptul s\u0103 se apere \u00eempotriva invaziei ilegale \u0219i neprovocate a Rusiei.\u201d<\/p>\n<\/div>\n<div class=\"entry-bottom\">\n<div id=\"block-9\" class=\"widget entry-widget clearfix widget_block\">\n<div><a href=\"https:\/\/suspend.ro\" target=\"_blank\" rel=\"noopener noreferrer\"><img decoding=\"async\" src=\"https:\/\/ortodoxinfo.ro\/wp-content\/uploads\/2026\/08\/FB_IMG_1786185261439.jpg\" alt=\"Verific\u0103 pe suspend.ro \u2013 Parlamentarii din jude\u021bul t\u0103u sus\u021bin suspendarea lui Nicu\u0219or Dan?\"><\/a><\/div>\n<\/div>\n<\/div>\n<\/div>\n<\/div>\n<div class=\"e-shared-sec entry-sec\">\n<div class=\"e-shared-header h4\"><span>Distribuie<\/span><\/div>\n<div class=\"rbbsl tooltips-n effect-fadeout is-bg\"><a class=\"share-action share-trigger icon-facebook\" aria-label=\"Share on Facebook\" href=\"https:\/\/www.facebook.com\/sharer.php?u=https%3A%2F%2Fortodoxinfo.ro%2F2026%2F08%2F23%2Frusia-isi-retrage-ambasadorul-din-marea-britanie%2F\" data-title=\"Facebook\" rel=\"nofollow\"><span>Facebook<\/span><\/a><a class=\"share-action share-trigger icon-twitter\" aria-label=\"Share on X\" href=\"https:\/\/twitter.com\/intent\/tweet?text=Rusia+%C3%AE%C8%99i+retrage+ambasadorul+din+Marea+Britanie&amp;url=https%3A%2F%2Fortodoxinfo.ro%2F2026%2F08%2F23%2Frusia-isi-retrage-ambasadorul-din-marea-britanie%2F&amp;via=ortodoxinforo\" data-title=\"X\" rel=\"nofollow\"><span>X<\/span><\/a><a class=\"share-action icon-whatsapp is-web\" aria-label=\"Share on Whatsapp\" href=\"https:\/\/web.whatsapp.com\/send?text=Rusia+%C3%AE%C8%99i+retrage+ambasadorul+din+Marea+Britanie%20%E2%98%9E%20https%3A%2F%2Fortodoxinfo.ro%2F2026%2F08%2F23%2Frusia-isi-retrage-ambasadorul-din-marea-britanie%2F\" target=\"_blank\" data-title=\"WhatsApp\" rel=\"nofollow\"><span>Whatsapp<\/span><\/a><a class=\"share-action icon-whatsapp is-mobile\" aria-label=\"Share on Whatsapp\" href=\"\/\/send?text=Rusia+%C3%AE%C8%99i+retrage+ambasadorul+din+Marea+Britanie%20%E2%98%9E%20https%3A%2F%2Fortodoxinfo.ro%2F2026%2F08%2F23%2Frusia-isi-retrage-ambasadorul-din-marea-britanie%2F\" target=\"_blank\" data-title=\"WhatsApp\" rel=\"nofollow\"><span>Whatsapp<\/span><\/a><a class=\"share-action share-trigger icon-telegram\" aria-label=\"Share on Telegram\" href=\"https:\/\/t.me\/share\/?url=https%3A%2F%2Fortodoxinfo.ro%2F2026%2F08%2F23%2Frusia-isi-retrage-ambasadorul-din-marea-britanie%2F&amp;text=Rusia+%C3%AE%C8%99i+retrage+ambasadorul+din+Marea+Britanie\" data-title=\"Telegram\" rel=\"nofollow\"><span>Telegram<\/span><\/a><a class=\"share-action icon-copy copy-trigger\" aria-label=\"Copy Link\" href=\"https:\/\/ortodoxinfo.ro\/2026\/08\/23\/rusia-isi-retrage-ambasadorul-din-marea-britanie\/\" data-copied=\"Copied!\" data-link=\"https:\/\/ortodoxinfo.ro\/2026\/08\/23\/rusia-isi-retrage-ambasadorul-din-marea-britanie\/\" rel=\"nofollow\" data-copy=\"Copy Link\"><span>Copy Link<\/span><\/a><a class=\"share-action icon-print\" aria-label=\"Print\" rel=\"nofollow\" data-title=\"Print\"><span>Print<\/span><\/a><\/div>\n<\/div>\n<\/div>\n<div id=\"tabs\" class=\"dntplgn_form_wrapper\"><span><\/p>\n<h2>\u0218tirile sunt sub cenzur\u0103! Sprijini\u021bi OrtodoxINFO!<\/h2>\n<p>Guvernul nu dore\u0219te aflarea adev\u0103rului despre lovitura de stat \u0219i \u00eengenuncherea Rom\u00e2niei. \u00cencerc\u0103m s\u0103 men\u021binem viu acest site \u0219i s\u0103 v\u0103 punem la dispozi\u021bie informa\u021bii care s\u0103 fac\u0103 lumin\u0103 \u00een cea mai mare provocare pe care o tr\u0103im. Jurnalismul independent al portalului OrtodoxINFO func\u021bioneaz\u0103 strict cu ajutorul cititorilor.<br \/>\nNe pute\u021bi sprijini printr-o <b><a href=\"https:\/\/ortodoxinfo.ro\/donatii\/\">dona\u021bie bancar\u0103<\/a> sau prin PayPal, complet\u00e2nd formularul de mai jos.<\/b><\/span><\/p>\n<ul>\n<li><a href=\"https:\/\/ortodoxinfo.ro\/2026\/08\/23\/rusia-isi-retrage-ambasadorul-din-marea-britanie\/#tabs-1\">Dona\u021bie lunar\u0103<\/a><\/li>\n<li><a href=\"https:\/\/ortodoxinfo.ro\/2026\/08\/23\/rusia-isi-retrage-ambasadorul-din-marea-britanie\/#tabs-2\">Doar acum<\/a><\/li>\n<\/ul>\n<div id=\"tabs-1\"><img loading=\"lazy\" decoding=\"async\" alt border=\"0\" src=\"https:\/\/www.paypalobjects.com\/en_US\/i\/scr\/pixel.gif\" width=\"1\" height=\"1\"><\/div>\n<div id=\"tabs-2\">\n<p>\t\t     \u20ac<\/p>\n<p>\t\t    <img loading=\"lazy\" decoding=\"async\" alt border=\"0\" src=\"https:\/\/www.paypalobjects.com\/en_US\/i\/scr\/pixel.gif\" width=\"1\" height=\"1\"><\/div>\n<p>Mul\u021bumim celor care ne-au ajutat p\u00e2n\u0103 acum!\n\t<\/p><\/div>\n<div class=\"comment-box-wrap entry-sec\">\n<div class=\"comment-box-header\"><span class=\"h3\">Las\u0103 un comentariu<\/span><\/div>\n<div class=\"comment-holder no-comment\">\n<div id=\"comments\" class=\"comments-area\">\n<div id=\"respond\" class=\"comment-respond\">\n<h3 id=\"reply-title\" class=\"comment-reply-title\">Las\u0103 un r\u0103spuns <small><a rel=\"nofollow\" id=\"cancel-comment-reply-link\" href=\"https:\/\/ortodoxinfo.ro\/2026\/08\/23\/rusia-isi-retrage-ambasadorul-din-marea-britanie\/#respond\">Anuleaz\u0103 r\u0103spunsul<\/a><\/small><\/h3>\n<p class=\"comment-notes\"><span id=\"email-notes\">Adresa ta de email nu va fi publicat\u0103.<\/span><span class=\"required-field-message\">C\u00e2mpurile obligatorii sunt marcate cu <span class=\"required\">*<\/span><\/span><\/p>\n<\/div>\n<\/div>\n<\/div>\n<\/div>\n<\/div>\n<div class=\"sidebar-wrap single-sidebar\">\n<div class=\"sidebar-inner clearfix\">\n<div id=\"widget-post-2\" class=\"widget rb-section w-sidebar clearfix widget-post\">\n<div class=\"block-h widget-heading heading-layout-1\">\n<div class=\"heading-inner\">\n<h4 class=\"heading-title\"><span>Articole recente<\/span><\/h4>\n<\/div>\n<\/div>\n<div class=\"widget-p-listing\">\n<div class=\"p-wrap p-small p-list-small-2\" data-pid=\"260723\">\n<div class=\"feat-holder\">\n<div class=\"p-featured ratio-v1\"><a class=\"p-flink\" href=\"https:\/\/ortodoxinfo.ro\/2026\/08\/23\/presedintele-romaniei-calin-georgescu-ofera-solutia-momentului-administrezi-apa-nu-seceta-viitorul-lumii-este-agricultura\/\" title=\"Pre\u0219edintele Rom\u00e2niei, C\u0103lin Georgescu, ofer\u0103 solu\u021bia momentului: \u201eAdministrezi apa, nu administrezi seceta! Viitorul lumii este agricultura, nu inteligen\u021ba artificial\u0103!\u201d\"><img decoding=\"async\" width=\"150\" height=\"150\" src=\"https:\/\/ortodoxinfo.ro\/wp-content\/uploads\/2026\/08\/https___www-gandul-ro_wp-content_uploads_2025_05_calin-georgescu-mesaj-1.webp-150x150.webp\" class=\"featured-img wp-post-image\" alt loading=\"lazy\"><\/a><\/div>\n<\/div>\n<div class=\"p-content\">\n<h5 class=\"entry-title\"><a class=\"p-url\" href=\"https:\/\/ortodoxinfo.ro\/2026\/08\/23\/presedintele-romaniei-calin-georgescu-ofera-solutia-momentului-administrezi-apa-nu-seceta-viitorul-lumii-este-agricultura\/\" rel=\"bookmark\">Pre\u0219edintele Rom\u00e2niei, C\u0103lin Georgescu, ofer\u0103 solu\u021bia momentului: \u201eAdministrezi apa, nu administrezi seceta! Viitorul lumii este agricultura, nu inteligen\u021ba artificial\u0103!\u201d<\/a><\/h5>\n<div class=\"p-meta\">\n<div class=\"meta-inner is-meta\"><span class=\"meta-el meta-date\"><time datetime=\"2026-08-23T21:45:43+03:00\">23 august 2026<\/time><\/span><span class=\"meta-el meta-category meta-bold\"><a class=\"meta-separate category-19866\" href=\"https:\/\/ortodoxinfo.ro\/category\/lupta-pentru-romania\/\">Lupt\u0103 pentru Rom\u00e2nia<\/a><\/span><span class=\"meta-el meta-view\">7.8k vizualiz\u0103ri\t\t<\/span><\/div>\n<\/div>\n<\/div>\n<\/div>\n<div class=\"p-wrap p-small p-list-small-2\" data-pid=\"260669\">\n<div class=\"feat-holder\">\n<div class=\"p-featured ratio-v1\"><a class=\"p-flink\" href=\"https:\/\/ortodoxinfo.ro\/2026\/08\/23\/zelensky-are-frica-de-alegeri-alegerile-in-sine-reprezinta-un-risc-urias\/\" title=\"Zelensky are fric\u0103 de alegeri: \u201eAlegerile \u00een sine reprezint\u0103 un risc uria\u0219\u201d\"><img decoding=\"async\" width=\"150\" height=\"150\" src=\"https:\/\/ortodoxinfo.ro\/wp-content\/uploads\/2026\/08\/zelensky-alegerile-in-sine-reprezinta-un-risc-urias-84257-150x150.jpg\" class=\"featured-img wp-post-image\" alt loading=\"lazy\"><\/a><\/div>\n<\/div>\n<div class=\"p-content\">\n<h5 class=\"entry-title\"><a class=\"p-url\" href=\"https:\/\/ortodoxinfo.ro\/2026\/08\/23\/zelensky-are-frica-de-alegeri-alegerile-in-sine-reprezinta-un-risc-urias\/\" rel=\"bookmark\">Zelensky are fric\u0103 de alegeri: \u201eAlegerile \u00een sine reprezint\u0103 un risc uria\u0219\u201d<\/a><\/h5>\n<div class=\"p-meta\">\n<div class=\"meta-inner is-meta\"><span class=\"meta-el meta-date\"><time datetime=\"2026-08-23T18:50:43+03:00\">23 august 2026<\/time><\/span><span class=\"meta-el meta-category meta-bold\"><a class=\"meta-separate category-15871\" href=\"https:\/\/ortodoxinfo.ro\/category\/anti-sistem\/al-iii-lea-razboi-mondial\/ucraina\/\">Ucraina<\/a><\/span><span class=\"meta-el meta-view\">3k vizualiz\u0103ri\t\t<\/span><\/div>\n<\/div>\n<\/div>\n<\/div>\n<div class=\"p-wrap p-small p-list-small-2\" data-pid=\"260665\">\n<div class=\"feat-holder\">\n<div class=\"p-featured ratio-v1\"><a class=\"p-flink\" href=\"https:\/\/ortodoxinfo.ro\/2026\/08\/23\/presedintele-calin-georgescu-l-a-spulberat-pe-rahiticul-harpalete-un-cadavru-politic\/\" title=\"Pre\u0219edintele C\u0103lin Georgescu l-a spulberat pe rahiticul Harpalete: \u201eUn cadavru politic\u2026\u201d\"><img decoding=\"async\" width=\"150\" height=\"150\" src=\"https:\/\/ortodoxinfo.ro\/wp-content\/uploads\/2026\/08\/file_000000005a54820a8d05973c31f44e44-150x150.png\" class=\"featured-img wp-post-image\" alt loading=\"lazy\"><\/a><\/div>\n<\/div>\n<div class=\"p-content\">\n<h5 class=\"entry-title\"><a class=\"p-url\" href=\"https:\/\/ortodoxinfo.ro\/2026\/08\/23\/presedintele-calin-georgescu-l-a-spulberat-pe-rahiticul-harpalete-un-cadavru-politic\/\" rel=\"bookmark\">Pre\u0219edintele C\u0103lin Georgescu l-a spulberat pe rahiticul Harpalete: \u201eUn cadavru politic\u2026\u201d<\/a><\/h5>\n<div class=\"p-meta\">\n<div class=\"meta-inner is-meta\"><span class=\"meta-el meta-date\"><time datetime=\"2026-08-23T16:41:43+03:00\">23 august 2026<\/time><\/span><span class=\"meta-el meta-category meta-bold\"><a class=\"meta-separate category-19866\" href=\"https:\/\/ortodoxinfo.ro\/category\/lupta-pentru-romania\/\">Lupt\u0103 pentru Rom\u00e2nia<\/a><\/span><span class=\"meta-el meta-view\">21.5k vizualiz\u0103ri\t\t<\/span><\/div>\n<\/div>\n<\/div>\n<\/div>\n<div class=\"p-wrap p-small p-list-small-2\" data-pid=\"260640\">\n<div class=\"feat-holder\">\n<div class=\"p-featured ratio-v1\"><a class=\"p-flink\" href=\"https:\/\/ortodoxinfo.ro\/2026\/08\/23\/industria-carnii-de-porc-din-romania-este-in-alerta-suntem-la-sub-10-din-necesarul-intern\/\" title=\"Industria c\u0103rnii de porc din Rom\u00e2nia este \u00een alert\u0103. Suntem la sub 10% din necesarul intern\"><img decoding=\"async\" width=\"150\" height=\"150\" src=\"https:\/\/ortodoxinfo.ro\/wp-content\/uploads\/2026\/08\/subventii-noi-pentru-crescatorii-de-bovine-si-porcine-ce-masuri-au-fost-votate-in-parlament4-scaled-150x150.jpeg\" class=\"featured-img wp-post-image\" alt loading=\"lazy\"><\/a><\/div>\n<\/div>\n<div class=\"p-content\">\n<h5 class=\"entry-title\"><a class=\"p-url\" href=\"https:\/\/ortodoxinfo.ro\/2026\/08\/23\/industria-carnii-de-porc-din-romania-este-in-alerta-suntem-la-sub-10-din-necesarul-intern\/\" rel=\"bookmark\">Industria c\u0103rnii de porc din Rom\u00e2nia este \u00een alert\u0103. Suntem la sub 10% din necesarul intern<\/a><\/h5>\n<div class=\"p-meta\">\n<div class=\"meta-inner is-meta\"><span class=\"meta-el meta-date\"><time datetime=\"2026-08-23T15:07:24+03:00\">23 august 2026<\/time><\/span><span class=\"meta-el meta-category meta-bold\"><a class=\"meta-separate category-19885\" href=\"https:\/\/ortodoxinfo.ro\/category\/anti-sistem\/anti-romanism\/asasinii-tarii\/\">Asasinii \u021b\u0103rii<\/a><\/span><span class=\"meta-el meta-view\">3.8k vizualiz\u0103ri\t\t<\/span><\/div>\n<\/div>\n<\/div>\n<\/div>\n<\/div>\n<\/div>\n<div id=\"custom_html-2\" class=\"widget_text widget rb-section w-sidebar clearfix widget_custom_html\">\n<div class=\"block-h widget-heading heading-layout-1\">\n<div class=\"heading-inner\">\n<h4 class=\"heading-title\"><span>DONA\u021aII \u00een cont bancar<\/span><\/h4>\n<\/div>\n<\/div>\n<div class=\"textwidget custom-html-widget\">\n<table class=\"donatii\">\n<tbody>\n<tr>\n<th colspan=\"2\"><strong><span>Asicia\u021bia SMI-B<\/span><\/strong><\/th>\n<\/tr>\n<tr>\n<th>Cont LEI<\/th>\n<td>RO67CECEB00030RON2081955<\/td>\n<\/tr>\n<tr>\n<th>Cont EURO<\/th>\n<td>RO33CECEB000C1EUR2081978<\/td>\n<\/tr>\n<tr>\n<th>Cod SWIFT<\/th>\n<td>CECEROBU<\/td>\n<\/tr>\n<tr>\n<th colspan=\"2\"><strong>CEC BANK SA<\/strong><\/th>\n<\/tr>\n<\/tbody>\n<\/table>\n<\/div>\n<\/div>\n<\/div>\n<\/div>\n<\/div>\n<\/article>\n<div class=\"entry-content rbct clearfix is-highlight-shares\">\n<p id=\"p-0\">Federa\u021bia Rus\u0103 a anun\u021bat c\u0103-\u0219i retrage ambasadorul de la Londra. Andrei Kelin pleac\u0103 f\u0103r\u0103 a fi numit un succesor la Londra, acuz\u00e2nd guvernul britanic pentru c\u0103 a deschis \u201ecalea confrunt\u0103rii\u201d cu Moscova prin ajutorarea Ucrainei.<\/p>\n<p id=\"p-1\">Andrei Vladimirovici Kelin (69 ani) a ocupat postul de ambasador al Rusiei \u00een Regatul Unit din 2019. Ca urmare a ajutorului britanic acordat Ucrainei, Kremlinul refuz\u0103 s\u0103 numeasc\u0103 un succesor, marc\u00e2nd astfel o intensificare a tensiunilor dintre NATO \u0219i Rusia.<\/p>\n<p id=\"p-8\">Potrivit <a href=\"https:\/\/www.theguardian.com\/world\/2026\/aug\/23\/russia-withdraws-ambassador-uk-kremlin-pressure-ukraine-andrey-kelin\">The Guardian\u00a0<\/a>, din cadrul personalului diplomatic al ambasadei Rusiei din Marea Britanie mai face parte doar Vasili A. \u021aiganov, \u00eens\u0103rcinat cu afaceri. Rusia a amenin\u021bat s\u0103pt\u0103m\u00e2na aceast\u0103 Marea Britanie din cauza furniz\u0103rii de drone de fabrica\u021bie proprie Ucrainei.<\/p>\n<p id=\"p-9\">\u201eAc\u0163iunile Londrei vor avea inevitabil consecin\u0163e pentru care va trebui s\u0103 r\u0103spund\u0103. Cu c\u00e2t implicarea sa \u00een conflict este mai profund\u0103 \u015fi cu c\u00e2t sprijinul acordat ma\u015fin\u0103riei teroriste de la Kiev este mai mare, cu at\u00e2t pre\u0163ul pe care \u00eel va pl\u0103ti va fi mai mare\u201d, a amenin\u021bat ambasada Rusiei de la Londra.<\/p>\n<p id=\"p-10\">\u00cen timp ce Marea Britanie se declar\u0103 solidar\u0103 cu Ucraina \u0219i hot\u0103r\u00e2t\u0103 s\u0103 furnizeze echipament de ap\u0103rare,\u00a0John Foreman, fost ata\u0219at britanic al ap\u0103r\u0103rii la Moscova \u0219i Kiev, a declarat:<\/p>\n<p id=\"p-11\">\u201eDeclara\u021bia strident\u0103 a ambasadei privind \u00abconsecin\u021bele\u00bb din aceast\u0103 s\u0103pt\u0103m\u00e2n\u0103 \u0219i deteriorarea uria\u0219\u0103 a rela\u021biilor bilaterale din 2018 \u0219i mai ales de la \u00eenceputul r\u0103zboiului m\u0103 fac s\u0103 m\u0103 \u00eentreb dac\u0103 Moscova va degrada permanent rela\u021bia de data aceasta, implicit, ne\u00eenlocuindu-l.\u201d<\/p>\n<p id=\"p-12\">Un purt\u0103tor de cuv\u00e2nt al ambasadei a declarat c\u0103 Kremlinul a \u00eencheiat misiunea diplomatic\u0103 a lui Kelin pe 21 iulie.<\/p>\n<p id=\"p-13\">\u201e\u00cen ceea ce prive\u0219te starea rela\u021biilor Rusia-Marea Britanie \u00een toate domeniile, aceasta s-a deteriorat la un nivel f\u0103r\u0103 precedent la ini\u021biativa Londrei\u201d, au ad\u0103ugat ace\u0219tia.<\/p>\n<p id=\"p-14\">Un purt\u0103tor de cuv\u00e2nt a declarat pentru Sunday Times c\u0103 Kelin a depus eforturi pentru a men\u021bine canalele de comunicare deschise cu Marea Britanie \u0219i a acuzat guvernul c\u0103 a ales o \u201ecale a confrunt\u0103rii\u201d cu Rusia.<\/p>\n<div class=\"inline-single-ad ad_single_3_index alignfull\">\n<div class=\"ad-wrap ad-script-wrap\">\n<div class=\"ad-script non-adsense edge-padding\">\n<div>\n\u203c\ufe0f\u203c\ufe0f NU recunoa\u0219tem ca pre\u0219edinte al Rom\u00e2niei pe marioneta retard\u0103 Nicu\u0219or Dan! Rom\u00e2ni, boicota\u021bi aceast\u0103 f\u0103c\u0103tur\u0103, care ne face \u021bara de r\u00e2s! NU rom\u00e2nii l-au votat pe Nicusoro\u0219 &#8211; cu unele excep\u021bii de persoane infantile, manipulabile \u0219i chiar idioate &#8211; ci l-au ajutat Maia Soro\u0219, Emanuel Macrou \u0219i tr\u0103d\u0103torii de la B.E.C. \u0219i CCR!<br \/>\n La \u00eenchisoare cu cei care au fraudat alegerile!\n<\/div>\n<\/div>\n<\/div>\n<\/div>\n<p id=\"p-15\">\u201eA p\u0103r\u0103sit Marea Britanie \u00een speran\u021ba c\u0103 un dialog mai constructiv \u0219i mai respectuos ar putea fi \u00een cele din urm\u0103 restabilit, \u00een cazul \u00een care Marea Britanie \u00ee\u0219i reconsider\u0103 politicile fa\u021b\u0103 de \u021bara noastr\u0103\u201d, au spus ace\u0219tia.<\/p>\n<p id=\"p-16\">Un purt\u0103tor de cuv\u00e2nt al Ministerului de Externe al Marii Britanii a declarat: \u201eAceasta este o chestiune care \u021bine de Ministerul Afacerilor Externe al Rusiei. Avem un ambasador \u0219i o ambasad\u0103 la Moscova pentru a interac\u021biona. Continu\u0103m s\u0103 fim um\u0103r la um\u0103r cu Ucraina, care are dreptul s\u0103 se apere \u00eempotriva invaziei ilegale \u0219i neprovocate a Rusiei.\u201d<\/p>\n<\/div>\n<p>[analyse_source url=&#8221;https:\/\/ortodoxinfo.ro\/2026\/08\/23\/rusia-isi-retrage-ambasadorul-din-marea-britanie\/&#8221;]<\/p>\n","protected":false},"excerpt":{"rendered":"<p>[analyse_image type=&#8221;featured&#8221; src=&#8221;https:\/\/ortodoxinfo.ro\/wp-content\/uploads\/2026\/08\/andy-burnham-jpg-1.jpeghttps:\/\/ortodoxinfo.ro\/wp-content\/uploads\/2026\/08\/andy-burnham-jpg-1.jpeg&#8221;] Prima pagin\u0103 \u00bb Blog \u00bb Rusia \u00ee\u0219i retrage ambasadorul din Marea Britanie Rusia \u00ee\u0219i retrage ambasadorul din Marea Britanie 23 august 2026Ucraina7k vizualiz\u0103ri Comentarii Share 3 Min Read SHARE OrtodoxINFO este supus unui sabotaj sistematic din partea reprezentan\u021bilor Google Rom\u00e2nia, at\u00e2t la afi\u0219\u0103ri c\u00e2t \u0219i \u00een rezultatele de c\u0103utare. Astfel c\u0103 veniturile [&hellip;]<\/p>\n","protected":false},"author":1,"featured_media":0,"comment_status":"open","ping_status":"","sticky":false,"template":"","format":"standard","meta":{"footnotes":""},"categories":[89],"tags":[226,94],"class_list":["post-2108292","post","type-post","status-publish","format-standard","hentry","category-romania","tag-crawlmanager","tag-ortodoxinfo-ro"],"_links":{"self":[{"href":"https:\/\/analyse.optim.biz\/index.php?rest_route=\/wp\/v2\/posts\/2108292","targetHints":{"allow":["GET"]}}],"collection":[{"href":"https:\/\/analyse.optim.biz\/index.php?rest_route=\/wp\/v2\/posts"}],"about":[{"href":"https:\/\/analyse.optim.biz\/index.php?rest_route=\/wp\/v2\/types\/post"}],"author":[{"embeddable":true,"href":"https:\/\/analyse.optim.biz\/index.php?rest_route=\/wp\/v2\/users\/1"}],"replies":[{"embeddable":true,"href":"https:\/\/analyse.optim.biz\/index.php?rest_route=%2Fwp%2Fv2%2Fcomments&post=2108292"}],"version-history":[{"count":0,"href":"https:\/\/analyse.optim.biz\/index.php?rest_route=\/wp\/v2\/posts\/2108292\/revisions"}],"wp:attachment":[{"href":"https:\/\/analyse.optim.biz\/index.php?rest_route=%2Fwp%2Fv2%2Fmedia&parent=2108292"}],"wp:term":[{"taxonomy":"category","embeddable":true,"href":"https:\/\/analyse.optim.biz\/index.php?rest_route=%2Fwp%2Fv2%2Fcategories&post=2108292"},{"taxonomy":"post_tag","embeddable":true,"href":"https:\/\/analyse.optim.biz\/index.php?rest_route=%2Fwp%2Fv2%2Ftags&post=2108292"}],"curies":[{"name":"wp","href":"https:\/\/api.w.org\/{rel}","templated":true}]}}