{"id":2108291,"date":"2026-08-23T13:41:43","date_gmt":"2026-08-23T10:41:43","guid":{"rendered":"https:\/\/analyse.optim.biz\/?p=2108291"},"modified":"2026-08-23T13:41:43","modified_gmt":"2026-08-23T10:41:43","slug":"presedintele-calin-georgescu-l-a-spulberat-pe-rahiticul-harpalete-un-cadavru-politic","status":"publish","type":"post","link":"https:\/\/analyse.optim.biz\/?p=2108291","title":{"rendered":"Pre\u0219edintele C\u0103lin Georgescu l-a spulberat pe rahiticul Harpalete: \u201eUn cadavru politic\u2026\u201d"},"content":{"rendered":"<p>[analyse_image type=&#8221;featured&#8221; src=&#8221;https:\/\/ortodoxinfo.ro\/wp-content\/uploads\/2026\/08\/file_000000005a54820a8d05973c31f44e44.pnghttps:\/\/ortodoxinfo.ro\/wp-content\/uploads\/2026\/08\/file_000000005a54820a8d05973c31f44e44.png&#8221;]<\/p>\n<article id=\"post-260665\" class=\"post-260665 post type-post status-publish format-standard has-post-thumbnail category-lupta-pentru-romania\">\n<header class=\"single-header\">\n<aside class=\"breadcrumb-wrap breadcrumb-yoast s-breadcrumb\">\n<div class=\"breadcrumb-inner\"><span><span><a href=\"https:\/\/ortodoxinfo.ro\/\">Prima pagin\u0103<\/a><\/span> \u00bb <span><a href=\"https:\/\/ortodoxinfo.ro\/blog\/\">Blog<\/a><\/span> \u00bb <span class=\"breadcrumb_last\" aria-current=\"page\">Pre\u0219edintele C\u0103lin Georgescu l-a spulberat pe rahiticul Harpalete: \u201eUn cadavru politic\u2026\u201d<\/span><\/span><\/div>\n<\/aside>\n<h1 class=\"s-title fw-headline\">Pre\u0219edintele C\u0103lin Georgescu l-a spulberat pe rahiticul Harpalete: \u201eUn cadavru politic\u2026\u201d<\/h1>\n<div class=\"single-meta meta-s-default yes-0\">\n<div class=\"smeta-in\"><a class=\"meta-el meta-avatar\" href=\"https:\/\/ortodoxinfo.ro\/author\/redactor\/\"><img loading=\"lazy\" decoding=\"async\" alt=\"OrtodoxINFO\" src=\"https:\/\/secure.gravatar.com\/avatar\/21010332354a182ce4de6016685c5586f21c51866d0ec5bc8ef383240b3c3e02?s=120&amp;r=g\" class=\"avatar avatar-120 photo\" height=\"120\" width=\"120\"><\/a><\/p>\n<div class=\"smeta-sec\">\n<div class=\"p-meta\">\n<div class=\"meta-inner is-meta\"><span class=\"meta-el meta-date\"><time datetime=\"2026-08-23T16:41:43+03:00\">23 august 2026<\/time><\/span><span class=\"meta-el meta-category meta-bold\"><a class=\"meta-separate category-19866\" href=\"https:\/\/ortodoxinfo.ro\/category\/lupta-pentru-romania\/\">Lupt\u0103 pentru Rom\u00e2nia<\/a><\/span><span class=\"meta-el meta-view\">21.5k vizualiz\u0103ri\t\t<\/span><span class=\"meta-el meta-comment mobile-last-meta tablet-last-meta\"><a href=\"https:\/\/ortodoxinfo.ro\/2026\/08\/23\/presedintele-calin-georgescu-l-a-spulberat-pe-rahiticul-harpalete-un-cadavru-politic\/#comments\">1 comentariu<\/a><\/span><\/div>\n<\/div>\n<\/div>\n<\/div>\n<div class=\"smeta-extra\">\n<div class=\"t-shared-sec tooltips-n has-read-meta is-color\">\n<div class=\"t-shared-header is-meta\"><span class=\"share-label\">Share<\/span><\/div>\n<\/div>\n<div class=\"single-right-meta single-time-read is-meta\"><span class=\"meta-el meta-read\">2 Min Read<\/span><\/div>\n<\/div>\n<\/div>\n<\/header>\n<div class=\"grid-container\">\n<div class=\"s-ct\">\n<div class=\"s-feat-outer\">\n<div class=\"s-feat\">\n<div class=\"featured-lightbox-trigger\" data-source=\"https:\/\/ortodoxinfo.ro\/wp-content\/uploads\/2026\/08\/file_000000005a54820a8d05973c31f44e44.png\" data-caption data-attribution><img fetchpriority=\"high\" decoding=\"async\" width=\"860\" height=\"468\" src=\"https:\/\/ortodoxinfo.ro\/wp-content\/uploads\/2026\/08\/file_000000005a54820a8d05973c31f44e44-860x468.png\" class=\"attachment-foxiz_crop_o1 size-foxiz_crop_o1 wp-post-image\" alt loading=\"eager\"><\/div>\n<\/div>\n<\/div>\n<div class=\"s-ct-wrap has-lsl\">\n<div class=\"s-ct-inner\">\n<div class=\"l-shared-sec-outer show-mobile\">\n<div class=\"l-shared-sec\">\n<div class=\"l-shared-header meta-text\"><span class=\"share-label\">SHARE<\/span><\/div>\n<\/div>\n<\/div>\n<div class=\"e-ct-outer\">\n<div class=\"entry-top\">\n<div id=\"custom_html-3\" class=\"widget_text widget entry-widget clearfix widget_custom_html\">\n<div class=\"textwidget custom-html-widget\">\n<div><small><br \/>\n    OrtodoxINFO este supus unui sabotaj sistematic din partea reprezentan\u021bilor Google Rom\u00e2nia, at\u00e2t la afi\u0219\u0103ri c\u00e2t \u0219i \u00een rezultatele de c\u0103utare.<br \/>\n        Astfel c\u0103 veniturile din publicitate au sc\u0103zut de p\u00e2n\u0103 la <strong>10 ori<\/strong>. Situa\u021bia este similar\u0103 \u0219i pe Facebook.<\/p>\n<p>        V\u0103 invit\u0103m s\u0103 accesa\u021bi direct site-ul \u0219i s\u0103 v\u0103 abona\u021bi la notific\u0103ri.<\/p>\n<p>    Dac\u0103 dori\u021bi s\u0103 ne sus\u021bine\u021bi \u00een aceast\u0103 perioad\u0103 dificil\u0103, orice <a href=\"https:\/\/ortodoxinfo.ro\/donatii\/\">dona\u021bie<\/a> este binevenit\u0103.<br \/>\n    Dumnezeu s\u0103 v\u0103 r\u0103spl\u0103teasc\u0103!<br \/>\n<\/small><\/div>\n<\/div>\n<\/div>\n<\/div>\n<div class=\"entry-content rbct clearfix is-highlight-shares\">\n<p><strong>Pre\u0219edintele Rom\u00e2niei, C\u0103lin Georgescu<\/strong><strong> lanseaz\u0103 un atac dur \u00eempotriva ilegitimului <\/strong><strong>Nicu\u0219or Dan<\/strong><strong>. Reac\u021bia acestuia vine pe fondul anun\u021bului venit dinspre Palatul Cotroceni despre un raport cu privire la anularea \u00eentregului proces electoral.<\/strong><\/p>\n<p><strong>Georgescu: \u201eUn cadavru politic \u00eencearc\u0103 s\u0103 igienizeze juridic o lovitur\u0103 de stat ordinar\u0103\u201d<\/strong><\/p>\n<blockquote>\n<p>\u201eEu v\u0103 spun a\u0219a: oric\u00e2t de sus s-ar ridica mediocritatea, ea nu va ajunge s\u0103 fie mai de\u0219teapt\u0103. Cel mult mai caraghioas\u0103 sau ridicol\u0103.<\/p>\n<p>Este o alchimie a securit\u0103\u021bii atunci c\u00e2nd ho\u021bia devine doctrin\u0103 de stat. Raportul Cotrocenilor este o tic\u0103lo\u0219ie administrativ\u0103, fabricat s\u0103 spele o crim\u0103 constitu\u021bional\u0103. Cu alte cuvinte un cadavru politic \u00eencearc\u0103 s\u0103 igienizeze juridic o lovitur\u0103 de stat ordinar\u0103.<\/p>\n<p>Suntem martorii unui simulacru de justificare n\u0103scut din frica biologic\u0103 a celor care de\u021bin puterea. Sigur c\u0103 toate aceste lucruri sunt nesemnificative \u00een fa\u021ba m\u0103re\u021biei poporului rom\u00e2n \u0219i \u00een fa\u021ba faptului c\u0103 nu putem ceda at\u00e2t de u\u0219or la o ho\u021bie ordinar\u0103\u201d, a spus C\u0103lin Georgescu, \u00een fa\u021ba sus\u021bin\u0103torilor s\u0103i de la P\u00e2ncota, Arad.<\/p>\n<\/blockquote>\n<div class=\"embed\"><iframe loading=\"lazy\" title=\"Con\u021binut \u00eencorporat\" src=\"https:\/\/www.facebook.com\/plugins\/video.php?height=314&amp;href=https%3A%2F%2Fwww.facebook.com%2Freel%2F1573770100879618%2F&amp;show_text=false&amp;width=560&amp;t=0\" width=\"560\" height=\"314\" frameborder scrolling=\"no\" allowfullscreen=\"allowfullscreen\" data-mce-fragment=\"1\"><\/iframe><\/div>\n<h2 id=\"context\"><strong>Context<\/strong><\/h2>\n<p>Raportul anun\u021bat \u00een repetate r\u00e2nduri de impostorul Nicu\u0219or Dan privind ingerin\u021bele Rusiei \u0219i anularea alegerilor preziden\u021biale din 2024 este \u00eenc\u0103 \u00een <em>redactare<\/em> \u0219ivse spune c\u0103 mai nou va analiza aproximativ 20 de ani de ac\u021biuni hibride ale Rusiei \u00eempotriva Rom\u00e2niei \u0219i Europei, iar scrutinul preziden\u021bial din noiembrie 2024 va beneficia de o sec\u021biune distinct\u0103, potrivit unui r\u0103spuns transmis de Administra\u021bia Preziden\u021bial\u0103 pentru HotNews. V\u0103 da\u021bi seama c\u0103 neav\u00e2nd nicio dovad\u0103 pentru anularea alegerilor \u00een 2024, serviciile tr\u0103d\u0103toare ale Rom\u00e2niei, SRI \u2013 SIE \u2013 SPP \u2013 l-au sf\u0103tuit s\u0103 fabrice dovezi de pe vreme lui B\u0103sescu. Un DEBIL, \u00eenc\u0103 sus\u021binut de scursurile societ\u0103\u021bii!<\/p>\n<\/div>\n<div class=\"entry-bottom\">\n<div id=\"block-9\" class=\"widget entry-widget clearfix widget_block\">\n<div><a href=\"https:\/\/suspend.ro\" target=\"_blank\" rel=\"noopener noreferrer\"><img decoding=\"async\" src=\"https:\/\/ortodoxinfo.ro\/wp-content\/uploads\/2026\/08\/FB_IMG_1786185261439.jpg\" alt=\"Verific\u0103 pe suspend.ro \u2013 Parlamentarii din jude\u021bul t\u0103u sus\u021bin suspendarea lui Nicu\u0219or Dan?\"><\/a><\/div>\n<\/div>\n<\/div>\n<\/div>\n<\/div>\n<div class=\"e-shared-sec entry-sec\">\n<div class=\"e-shared-header h4\"><span>Distribuie<\/span><\/div>\n<div class=\"rbbsl tooltips-n effect-fadeout is-bg\"><a class=\"share-action share-trigger icon-facebook\" aria-label=\"Share on Facebook\" href=\"https:\/\/www.facebook.com\/sharer.php?u=https%3A%2F%2Fortodoxinfo.ro%2F2026%2F08%2F23%2Fpresedintele-calin-georgescu-l-a-spulberat-pe-rahiticul-harpalete-un-cadavru-politic%2F\" data-title=\"Facebook\" rel=\"nofollow\"><span>Facebook<\/span><\/a><a class=\"share-action share-trigger icon-twitter\" aria-label=\"Share on X\" href=\"https:\/\/twitter.com\/intent\/tweet?text=Pre%C8%99edintele+C%C4%83lin+Georgescu+l-a+spulberat+pe+rahiticul+Harpalete%3A+%E2%80%9EUn+cadavru+politic%E2%80%A6%E2%80%9D&amp;url=https%3A%2F%2Fortodoxinfo.ro%2F2026%2F08%2F23%2Fpresedintele-calin-georgescu-l-a-spulberat-pe-rahiticul-harpalete-un-cadavru-politic%2F&amp;via=ortodoxinforo\" data-title=\"X\" rel=\"nofollow\"><span>X<\/span><\/a><a class=\"share-action icon-whatsapp is-web\" aria-label=\"Share on Whatsapp\" href=\"https:\/\/web.whatsapp.com\/send?text=Pre%C8%99edintele+C%C4%83lin+Georgescu+l-a+spulberat+pe+rahiticul+Harpalete%3A+%E2%80%9EUn+cadavru+politic%E2%80%A6%E2%80%9D%20%E2%98%9E%20https%3A%2F%2Fortodoxinfo.ro%2F2026%2F08%2F23%2Fpresedintele-calin-georgescu-l-a-spulberat-pe-rahiticul-harpalete-un-cadavru-politic%2F\" target=\"_blank\" data-title=\"WhatsApp\" rel=\"nofollow\"><span>Whatsapp<\/span><\/a><a class=\"share-action icon-whatsapp is-mobile\" aria-label=\"Share on Whatsapp\" href=\"\/\/send?text=Pre%C8%99edintele+C%C4%83lin+Georgescu+l-a+spulberat+pe+rahiticul+Harpalete%3A+%E2%80%9EUn+cadavru+politic%E2%80%A6%E2%80%9D%20%E2%98%9E%20https%3A%2F%2Fortodoxinfo.ro%2F2026%2F08%2F23%2Fpresedintele-calin-georgescu-l-a-spulberat-pe-rahiticul-harpalete-un-cadavru-politic%2F\" target=\"_blank\" data-title=\"WhatsApp\" rel=\"nofollow\"><span>Whatsapp<\/span><\/a><a class=\"share-action share-trigger icon-telegram\" aria-label=\"Share on Telegram\" href=\"https:\/\/t.me\/share\/?url=https%3A%2F%2Fortodoxinfo.ro%2F2026%2F08%2F23%2Fpresedintele-calin-georgescu-l-a-spulberat-pe-rahiticul-harpalete-un-cadavru-politic%2F&amp;text=Pre%C8%99edintele+C%C4%83lin+Georgescu+l-a+spulberat+pe+rahiticul+Harpalete%3A+%E2%80%9EUn+cadavru+politic%E2%80%A6%E2%80%9D\" data-title=\"Telegram\" rel=\"nofollow\"><span>Telegram<\/span><\/a><a class=\"share-action icon-copy copy-trigger\" aria-label=\"Copy Link\" href=\"https:\/\/ortodoxinfo.ro\/2026\/08\/23\/presedintele-calin-georgescu-l-a-spulberat-pe-rahiticul-harpalete-un-cadavru-politic\/\" data-copied=\"Copied!\" data-link=\"https:\/\/ortodoxinfo.ro\/2026\/08\/23\/presedintele-calin-georgescu-l-a-spulberat-pe-rahiticul-harpalete-un-cadavru-politic\/\" rel=\"nofollow\" data-copy=\"Copy Link\"><span>Copy Link<\/span><\/a><a class=\"share-action icon-print\" aria-label=\"Print\" rel=\"nofollow\" data-title=\"Print\"><span>Print<\/span><\/a><\/div>\n<\/div>\n<\/div>\n<div id=\"tabs\" class=\"dntplgn_form_wrapper\"><span><\/p>\n<h2>\u0218tirile sunt sub cenzur\u0103! Sprijini\u021bi OrtodoxINFO!<\/h2>\n<p>Guvernul nu dore\u0219te aflarea adev\u0103rului despre lovitura de stat \u0219i \u00eengenuncherea Rom\u00e2niei. \u00cencerc\u0103m s\u0103 men\u021binem viu acest site \u0219i s\u0103 v\u0103 punem la dispozi\u021bie informa\u021bii care s\u0103 fac\u0103 lumin\u0103 \u00een cea mai mare provocare pe care o tr\u0103im. Jurnalismul independent al portalului OrtodoxINFO func\u021bioneaz\u0103 strict cu ajutorul cititorilor.<br \/>\nNe pute\u021bi sprijini printr-o <b><a href=\"https:\/\/ortodoxinfo.ro\/donatii\/\">dona\u021bie bancar\u0103<\/a> sau prin PayPal, complet\u00e2nd formularul de mai jos.<\/b><\/span><\/p>\n<ul>\n<li><a href=\"https:\/\/ortodoxinfo.ro\/2026\/08\/23\/presedintele-calin-georgescu-l-a-spulberat-pe-rahiticul-harpalete-un-cadavru-politic\/#tabs-1\">Dona\u021bie lunar\u0103<\/a><\/li>\n<li><a href=\"https:\/\/ortodoxinfo.ro\/2026\/08\/23\/presedintele-calin-georgescu-l-a-spulberat-pe-rahiticul-harpalete-un-cadavru-politic\/#tabs-2\">Doar acum<\/a><\/li>\n<\/ul>\n<div id=\"tabs-1\"><img loading=\"lazy\" decoding=\"async\" alt border=\"0\" src=\"https:\/\/www.paypalobjects.com\/en_US\/i\/scr\/pixel.gif\" width=\"1\" height=\"1\"><\/div>\n<div id=\"tabs-2\">\n<p>\t\t     \u20ac<\/p>\n<p>\t\t    <img loading=\"lazy\" decoding=\"async\" alt border=\"0\" src=\"https:\/\/www.paypalobjects.com\/en_US\/i\/scr\/pixel.gif\" width=\"1\" height=\"1\"><\/div>\n<p>Mul\u021bumim celor care ne-au ajutat p\u00e2n\u0103 acum!\n\t<\/p><\/div>\n<div class=\"comment-box-wrap entry-sec\">\n<div class=\"comment-box-header\"><span class=\"h3\">1 comentariu<\/span><\/div>\n<div class=\"comment-holder\">\n<div id=\"comments\" class=\"comments-area\">\n<div class=\"rb-section\">\n<ul class=\"comment-list entry\">\n<li id=\"comment-250974\" class=\"comment even thread-even depth-1\">\n<article id=\"div-comment-250974\" class=\"comment-body\">\n<footer class=\"comment-meta\">\n<div class=\"comment-author vcard\"><img loading=\"lazy\" decoding=\"async\" alt src=\"https:\/\/secure.gravatar.com\/avatar\/c5c1e4d462db8e11f846bf34fcc75e881a2f35b2c4f073ac5fb96590d8969036?s=100&amp;r=g\" class=\"avatar avatar-100 photo\" height=\"100\" width=\"100\"><b class=\"fn\">Apa trece, pietrele r\u0103m\u00e2n<\/b><span class=\"says\">spune:<\/span><\/div>\n<div class=\"comment-metadata\"><a href=\"https:\/\/ortodoxinfo.ro\/2026\/08\/23\/presedintele-calin-georgescu-l-a-spulberat-pe-rahiticul-harpalete-un-cadavru-politic\/#comment-250974\"><time datetime=\"2026-08-23T17:35:54+03:00\">23 august 2026 la 17:35<\/time><\/a><\/div>\n<\/footer>\n<div class=\"comment-content\">\n<p>Ce e de f\u0103cut?<br \/><a href=\"https:\/\/ortodoxiaincatacombe.ro\/ce-e-de-facut\/\" rel=\"nofollow ugc\">https:\/\/ortodoxiaincatacombe.ro\/ce-e-de-facut\/<\/a><\/p>\n<\/div>\n<div class=\"reply\"><a rel=\"nofollow\" class=\"comment-reply-link\" href=\"https:\/\/ortodoxinfo.ro\/2026\/08\/23\/presedintele-calin-georgescu-l-a-spulberat-pe-rahiticul-harpalete-un-cadavru-politic\/#comment-250974\" data-commentid=\"250974\" data-postid=\"260665\" data-belowelement=\"div-comment-250974\" data-respondelement=\"respond\" data-replyto=\"R\u0103spunde-i lui Apa trece, pietrele r\u0103m\u00e2n\" aria-label=\"R\u0103spunde-i lui Apa trece, pietrele r\u0103m\u00e2n\">R\u0103spunde<\/a><\/div>\n<\/article>\n<\/li>\n<\/ul>\n<\/div>\n<div id=\"respond\" class=\"comment-respond\">\n<h3 id=\"reply-title\" class=\"comment-reply-title\">Las\u0103 un r\u0103spuns <small><a rel=\"nofollow\" id=\"cancel-comment-reply-link\" href=\"https:\/\/ortodoxinfo.ro\/2026\/08\/23\/presedintele-calin-georgescu-l-a-spulberat-pe-rahiticul-harpalete-un-cadavru-politic\/#respond\">Anuleaz\u0103 r\u0103spunsul<\/a><\/small><\/h3>\n<p class=\"comment-notes\"><span id=\"email-notes\">Adresa ta de email nu va fi publicat\u0103.<\/span><span class=\"required-field-message\">C\u00e2mpurile obligatorii sunt marcate cu <span class=\"required\">*<\/span><\/span><\/p>\n<\/div>\n<\/div>\n<\/div>\n<\/div>\n<\/div>\n<div class=\"sidebar-wrap single-sidebar\">\n<div class=\"sidebar-inner clearfix\">\n<div id=\"widget-post-2\" class=\"widget rb-section w-sidebar clearfix widget-post\">\n<div class=\"block-h widget-heading heading-layout-1\">\n<div class=\"heading-inner\">\n<h4 class=\"heading-title\"><span>Articole recente<\/span><\/h4>\n<\/div>\n<\/div>\n<div class=\"widget-p-listing\">\n<div class=\"p-wrap p-small p-list-small-2\" data-pid=\"260723\">\n<div class=\"feat-holder\">\n<div class=\"p-featured ratio-v1\"><a class=\"p-flink\" href=\"https:\/\/ortodoxinfo.ro\/2026\/08\/23\/presedintele-romaniei-calin-georgescu-ofera-solutia-momentului-administrezi-apa-nu-seceta-viitorul-lumii-este-agricultura\/\" title=\"Pre\u0219edintele Rom\u00e2niei, C\u0103lin Georgescu, ofer\u0103 solu\u021bia momentului: \u201eAdministrezi apa, nu administrezi seceta! Viitorul lumii este agricultura, nu inteligen\u021ba artificial\u0103!\u201d\"><img decoding=\"async\" width=\"150\" height=\"150\" src=\"https:\/\/ortodoxinfo.ro\/wp-content\/uploads\/2026\/08\/https___www-gandul-ro_wp-content_uploads_2025_05_calin-georgescu-mesaj-1.webp-150x150.webp\" class=\"featured-img wp-post-image\" alt loading=\"lazy\"><\/a><\/div>\n<\/div>\n<div class=\"p-content\">\n<h5 class=\"entry-title\"><a class=\"p-url\" href=\"https:\/\/ortodoxinfo.ro\/2026\/08\/23\/presedintele-romaniei-calin-georgescu-ofera-solutia-momentului-administrezi-apa-nu-seceta-viitorul-lumii-este-agricultura\/\" rel=\"bookmark\">Pre\u0219edintele Rom\u00e2niei, C\u0103lin Georgescu, ofer\u0103 solu\u021bia momentului: \u201eAdministrezi apa, nu administrezi seceta! Viitorul lumii este agricultura, nu inteligen\u021ba artificial\u0103!\u201d<\/a><\/h5>\n<div class=\"p-meta\">\n<div class=\"meta-inner is-meta\"><span class=\"meta-el meta-date\"><time datetime=\"2026-08-23T21:45:43+03:00\">23 august 2026<\/time><\/span><span class=\"meta-el meta-category meta-bold\"><a class=\"meta-separate category-19866\" href=\"https:\/\/ortodoxinfo.ro\/category\/lupta-pentru-romania\/\">Lupt\u0103 pentru Rom\u00e2nia<\/a><\/span><span class=\"meta-el meta-view\">7.8k vizualiz\u0103ri\t\t<\/span><\/div>\n<\/div>\n<\/div>\n<\/div>\n<div class=\"p-wrap p-small p-list-small-2\" data-pid=\"260669\">\n<div class=\"feat-holder\">\n<div class=\"p-featured ratio-v1\"><a class=\"p-flink\" href=\"https:\/\/ortodoxinfo.ro\/2026\/08\/23\/zelensky-are-frica-de-alegeri-alegerile-in-sine-reprezinta-un-risc-urias\/\" title=\"Zelensky are fric\u0103 de alegeri: \u201eAlegerile \u00een sine reprezint\u0103 un risc uria\u0219\u201d\"><img decoding=\"async\" width=\"150\" height=\"150\" src=\"https:\/\/ortodoxinfo.ro\/wp-content\/uploads\/2026\/08\/zelensky-alegerile-in-sine-reprezinta-un-risc-urias-84257-150x150.jpg\" class=\"featured-img wp-post-image\" alt loading=\"lazy\"><\/a><\/div>\n<\/div>\n<div class=\"p-content\">\n<h5 class=\"entry-title\"><a class=\"p-url\" href=\"https:\/\/ortodoxinfo.ro\/2026\/08\/23\/zelensky-are-frica-de-alegeri-alegerile-in-sine-reprezinta-un-risc-urias\/\" rel=\"bookmark\">Zelensky are fric\u0103 de alegeri: \u201eAlegerile \u00een sine reprezint\u0103 un risc uria\u0219\u201d<\/a><\/h5>\n<div class=\"p-meta\">\n<div class=\"meta-inner is-meta\"><span class=\"meta-el meta-date\"><time datetime=\"2026-08-23T18:50:43+03:00\">23 august 2026<\/time><\/span><span class=\"meta-el meta-category meta-bold\"><a class=\"meta-separate category-15871\" href=\"https:\/\/ortodoxinfo.ro\/category\/anti-sistem\/al-iii-lea-razboi-mondial\/ucraina\/\">Ucraina<\/a><\/span><span class=\"meta-el meta-view\">3k vizualiz\u0103ri\t\t<\/span><\/div>\n<\/div>\n<\/div>\n<\/div>\n<div class=\"p-wrap p-small p-list-small-2\" data-pid=\"260696\">\n<div class=\"feat-holder\">\n<div class=\"p-featured ratio-v1\"><a class=\"p-flink\" href=\"https:\/\/ortodoxinfo.ro\/2026\/08\/23\/rusia-isi-retrage-ambasadorul-din-marea-britanie\/\" title=\"Rusia \u00ee\u0219i retrage ambasadorul din Marea Britanie\"><img decoding=\"async\" width=\"150\" height=\"150\" src=\"https:\/\/ortodoxinfo.ro\/wp-content\/uploads\/2026\/08\/andy-burnham-jpg-1-150x150.jpeg\" class=\"featured-img wp-post-image\" alt loading=\"lazy\"><\/a><\/div>\n<\/div>\n<div class=\"p-content\">\n<h5 class=\"entry-title\"><a class=\"p-url\" href=\"https:\/\/ortodoxinfo.ro\/2026\/08\/23\/rusia-isi-retrage-ambasadorul-din-marea-britanie\/\" rel=\"bookmark\">Rusia \u00ee\u0219i retrage ambasadorul din Marea Britanie<\/a><\/h5>\n<div class=\"p-meta\">\n<div class=\"meta-inner is-meta\"><span class=\"meta-el meta-date\"><time datetime=\"2026-08-23T18:46:03+03:00\">23 august 2026<\/time><\/span><span class=\"meta-el meta-category meta-bold\"><a class=\"meta-separate category-15871\" href=\"https:\/\/ortodoxinfo.ro\/category\/anti-sistem\/al-iii-lea-razboi-mondial\/ucraina\/\">Ucraina<\/a><\/span><span class=\"meta-el meta-view\">7k vizualiz\u0103ri\t\t<\/span><\/div>\n<\/div>\n<\/div>\n<\/div>\n<div class=\"p-wrap p-small p-list-small-2\" data-pid=\"260640\">\n<div class=\"feat-holder\">\n<div class=\"p-featured ratio-v1\"><a class=\"p-flink\" href=\"https:\/\/ortodoxinfo.ro\/2026\/08\/23\/industria-carnii-de-porc-din-romania-este-in-alerta-suntem-la-sub-10-din-necesarul-intern\/\" title=\"Industria c\u0103rnii de porc din Rom\u00e2nia este \u00een alert\u0103. Suntem la sub 10% din necesarul intern\"><img decoding=\"async\" width=\"150\" height=\"150\" src=\"https:\/\/ortodoxinfo.ro\/wp-content\/uploads\/2026\/08\/subventii-noi-pentru-crescatorii-de-bovine-si-porcine-ce-masuri-au-fost-votate-in-parlament4-scaled-150x150.jpeg\" class=\"featured-img wp-post-image\" alt loading=\"lazy\"><\/a><\/div>\n<\/div>\n<div class=\"p-content\">\n<h5 class=\"entry-title\"><a class=\"p-url\" href=\"https:\/\/ortodoxinfo.ro\/2026\/08\/23\/industria-carnii-de-porc-din-romania-este-in-alerta-suntem-la-sub-10-din-necesarul-intern\/\" rel=\"bookmark\">Industria c\u0103rnii de porc din Rom\u00e2nia este \u00een alert\u0103. Suntem la sub 10% din necesarul intern<\/a><\/h5>\n<div class=\"p-meta\">\n<div class=\"meta-inner is-meta\"><span class=\"meta-el meta-date\"><time datetime=\"2026-08-23T15:07:24+03:00\">23 august 2026<\/time><\/span><span class=\"meta-el meta-category meta-bold\"><a class=\"meta-separate category-19885\" href=\"https:\/\/ortodoxinfo.ro\/category\/anti-sistem\/anti-romanism\/asasinii-tarii\/\">Asasinii \u021b\u0103rii<\/a><\/span><span class=\"meta-el meta-view\">3.8k vizualiz\u0103ri\t\t<\/span><\/div>\n<\/div>\n<\/div>\n<\/div>\n<\/div>\n<\/div>\n<div id=\"custom_html-2\" class=\"widget_text widget rb-section w-sidebar clearfix widget_custom_html\">\n<div class=\"block-h widget-heading heading-layout-1\">\n<div class=\"heading-inner\">\n<h4 class=\"heading-title\"><span>DONA\u021aII \u00een cont bancar<\/span><\/h4>\n<\/div>\n<\/div>\n<div class=\"textwidget custom-html-widget\">\n<table class=\"donatii\">\n<tbody>\n<tr>\n<th colspan=\"2\"><strong><span>Asicia\u021bia SMI-B<\/span><\/strong><\/th>\n<\/tr>\n<tr>\n<th>Cont LEI<\/th>\n<td>RO67CECEB00030RON2081955<\/td>\n<\/tr>\n<tr>\n<th>Cont EURO<\/th>\n<td>RO33CECEB000C1EUR2081978<\/td>\n<\/tr>\n<tr>\n<th>Cod SWIFT<\/th>\n<td>CECEROBU<\/td>\n<\/tr>\n<tr>\n<th colspan=\"2\"><strong>CEC BANK SA<\/strong><\/th>\n<\/tr>\n<\/tbody>\n<\/table>\n<\/div>\n<\/div>\n<\/div>\n<\/div>\n<\/div>\n<\/article>\n<div class=\"entry-content rbct clearfix is-highlight-shares\">\n<p><strong>Pre\u0219edintele Rom\u00e2niei, C\u0103lin Georgescu<\/strong><strong> lanseaz\u0103 un atac dur \u00eempotriva ilegitimului <\/strong><strong>Nicu\u0219or Dan<\/strong><strong>. Reac\u021bia acestuia vine pe fondul anun\u021bului venit dinspre Palatul Cotroceni despre un raport cu privire la anularea \u00eentregului proces electoral.<\/strong><\/p>\n<p><strong>Georgescu: \u201eUn cadavru politic \u00eencearc\u0103 s\u0103 igienizeze juridic o lovitur\u0103 de stat ordinar\u0103\u201d<\/strong><\/p>\n<blockquote>\n<p>\u201eEu v\u0103 spun a\u0219a: oric\u00e2t de sus s-ar ridica mediocritatea, ea nu va ajunge s\u0103 fie mai de\u0219teapt\u0103. Cel mult mai caraghioas\u0103 sau ridicol\u0103.<\/p>\n<p>Este o alchimie a securit\u0103\u021bii atunci c\u00e2nd ho\u021bia devine doctrin\u0103 de stat. Raportul Cotrocenilor este o tic\u0103lo\u0219ie administrativ\u0103, fabricat s\u0103 spele o crim\u0103 constitu\u021bional\u0103. Cu alte cuvinte un cadavru politic \u00eencearc\u0103 s\u0103 igienizeze juridic o lovitur\u0103 de stat ordinar\u0103.<\/p>\n<p>Suntem martorii unui simulacru de justificare n\u0103scut din frica biologic\u0103 a celor care de\u021bin puterea. Sigur c\u0103 toate aceste lucruri sunt nesemnificative \u00een fa\u021ba m\u0103re\u021biei poporului rom\u00e2n \u0219i \u00een fa\u021ba faptului c\u0103 nu putem ceda at\u00e2t de u\u0219or la o ho\u021bie ordinar\u0103\u201d, a spus C\u0103lin Georgescu, \u00een fa\u021ba sus\u021bin\u0103torilor s\u0103i de la P\u00e2ncota, Arad.<\/p>\n<\/blockquote>\n<div class=\"embed\"><iframe loading=\"lazy\" title=\"Con\u021binut \u00eencorporat\" src=\"https:\/\/www.facebook.com\/plugins\/video.php?height=314&amp;href=https%3A%2F%2Fwww.facebook.com%2Freel%2F1573770100879618%2F&amp;show_text=false&amp;width=560&amp;t=0\" width=\"560\" height=\"314\" frameborder scrolling=\"no\" allowfullscreen=\"allowfullscreen\" data-mce-fragment=\"1\"><\/iframe><\/div>\n<h2 id=\"context\"><strong>Context<\/strong><\/h2>\n<p>Raportul anun\u021bat \u00een repetate r\u00e2nduri de impostorul Nicu\u0219or Dan privind ingerin\u021bele Rusiei \u0219i anularea alegerilor preziden\u021biale din 2024 este \u00eenc\u0103 \u00een <em>redactare<\/em> \u0219ivse spune c\u0103 mai nou va analiza aproximativ 20 de ani de ac\u021biuni hibride ale Rusiei \u00eempotriva Rom\u00e2niei \u0219i Europei, iar scrutinul preziden\u021bial din noiembrie 2024 va beneficia de o sec\u021biune distinct\u0103, potrivit unui r\u0103spuns transmis de Administra\u021bia Preziden\u021bial\u0103 pentru HotNews. V\u0103 da\u021bi seama c\u0103 neav\u00e2nd nicio dovad\u0103 pentru anularea alegerilor \u00een 2024, serviciile tr\u0103d\u0103toare ale Rom\u00e2niei, SRI \u2013 SIE \u2013 SPP \u2013 l-au sf\u0103tuit s\u0103 fabrice dovezi de pe vreme lui B\u0103sescu. Un DEBIL, \u00eenc\u0103 sus\u021binut de scursurile societ\u0103\u021bii!<\/p>\n<\/div>\n<p>[analyse_source url=&#8221;https:\/\/ortodoxinfo.ro\/2026\/08\/23\/presedintele-calin-georgescu-l-a-spulberat-pe-rahiticul-harpalete-un-cadavru-politic\/&#8221;]<\/p>\n","protected":false},"excerpt":{"rendered":"<p>[analyse_image type=&#8221;featured&#8221; src=&#8221;https:\/\/ortodoxinfo.ro\/wp-content\/uploads\/2026\/08\/file_000000005a54820a8d05973c31f44e44.pnghttps:\/\/ortodoxinfo.ro\/wp-content\/uploads\/2026\/08\/file_000000005a54820a8d05973c31f44e44.png&#8221;] Prima pagin\u0103 \u00bb Blog \u00bb Pre\u0219edintele C\u0103lin Georgescu l-a spulberat pe rahiticul Harpalete: \u201eUn cadavru politic\u2026\u201d Pre\u0219edintele C\u0103lin Georgescu l-a spulberat pe rahiticul Harpalete: \u201eUn cadavru politic\u2026\u201d 23 august 2026Lupt\u0103 pentru Rom\u00e2nia21.5k vizualiz\u0103ri 1 comentariu Share 2 Min Read SHARE OrtodoxINFO este supus unui sabotaj sistematic din partea reprezentan\u021bilor Google Rom\u00e2nia, at\u00e2t [&hellip;]<\/p>\n","protected":false},"author":1,"featured_media":0,"comment_status":"open","ping_status":"","sticky":false,"template":"","format":"standard","meta":{"footnotes":""},"categories":[89],"tags":[226,94],"class_list":["post-2108291","post","type-post","status-publish","format-standard","hentry","category-romania","tag-crawlmanager","tag-ortodoxinfo-ro"],"_links":{"self":[{"href":"https:\/\/analyse.optim.biz\/index.php?rest_route=\/wp\/v2\/posts\/2108291","targetHints":{"allow":["GET"]}}],"collection":[{"href":"https:\/\/analyse.optim.biz\/index.php?rest_route=\/wp\/v2\/posts"}],"about":[{"href":"https:\/\/analyse.optim.biz\/index.php?rest_route=\/wp\/v2\/types\/post"}],"author":[{"embeddable":true,"href":"https:\/\/analyse.optim.biz\/index.php?rest_route=\/wp\/v2\/users\/1"}],"replies":[{"embeddable":true,"href":"https:\/\/analyse.optim.biz\/index.php?rest_route=%2Fwp%2Fv2%2Fcomments&post=2108291"}],"version-history":[{"count":0,"href":"https:\/\/analyse.optim.biz\/index.php?rest_route=\/wp\/v2\/posts\/2108291\/revisions"}],"wp:attachment":[{"href":"https:\/\/analyse.optim.biz\/index.php?rest_route=%2Fwp%2Fv2%2Fmedia&parent=2108291"}],"wp:term":[{"taxonomy":"category","embeddable":true,"href":"https:\/\/analyse.optim.biz\/index.php?rest_route=%2Fwp%2Fv2%2Fcategories&post=2108291"},{"taxonomy":"post_tag","embeddable":true,"href":"https:\/\/analyse.optim.biz\/index.php?rest_route=%2Fwp%2Fv2%2Ftags&post=2108291"}],"curies":[{"name":"wp","href":"https:\/\/api.w.org\/{rel}","templated":true}]}}