{"id":2108290,"date":"2026-08-23T16:14:42","date_gmt":"2026-08-23T13:14:42","guid":{"rendered":"https:\/\/analyse.optim.biz\/?p=2108290"},"modified":"2026-08-23T16:14:42","modified_gmt":"2026-08-23T13:14:42","slug":"zelensky-are-frica-de-alegeri-alegerile-in-sine-reprezinta-un-risc-urias","status":"publish","type":"post","link":"https:\/\/analyse.optim.biz\/?p=2108290","title":{"rendered":"Zelensky are fric\u0103 de alegeri: \u201eAlegerile \u00een sine reprezint\u0103 un risc uria\u0219\u201d"},"content":{"rendered":"<p>[analyse_image type=&#8221;featured&#8221; src=&#8221;https:\/\/ortodoxinfo.ro\/wp-content\/uploads\/2026\/08\/zelensky-alegerile-in-sine-reprezinta-un-risc-urias-84257.jpghttps:\/\/ortodoxinfo.ro\/wp-content\/uploads\/2026\/08\/zelensky-alegerile-in-sine-reprezinta-un-risc-urias-84257.jpg&#8221;]<\/p>\n<article id=\"post-260669\" class=\"post-260669 post type-post status-publish format-standard has-post-thumbnail category-ucraina\">\n<header class=\"single-header\">\n<aside class=\"breadcrumb-wrap breadcrumb-yoast s-breadcrumb\">\n<div class=\"breadcrumb-inner\"><span><span><a href=\"https:\/\/ortodoxinfo.ro\/\">Prima pagin\u0103<\/a><\/span> \u00bb <span><a href=\"https:\/\/ortodoxinfo.ro\/blog\/\">Blog<\/a><\/span> \u00bb <span class=\"breadcrumb_last\" aria-current=\"page\">Zelensky are fric\u0103 de alegeri: \u201eAlegerile \u00een sine reprezint\u0103 un risc uria\u0219\u201d<\/span><\/span><\/div>\n<\/aside>\n<h1 class=\"s-title fw-headline\">Zelensky are fric\u0103 de alegeri: \u201eAlegerile \u00een sine reprezint\u0103 un risc uria\u0219\u201d<\/h1>\n<div class=\"single-meta meta-s-default yes-0\">\n<div class=\"smeta-in\"><a class=\"meta-el meta-avatar\" href=\"https:\/\/ortodoxinfo.ro\/author\/redactor\/\"><img loading=\"lazy\" decoding=\"async\" alt=\"OrtodoxINFO\" src=\"https:\/\/secure.gravatar.com\/avatar\/21010332354a182ce4de6016685c5586f21c51866d0ec5bc8ef383240b3c3e02?s=120&amp;r=g\" class=\"avatar avatar-120 photo\" height=\"120\" width=\"120\"><\/a><\/p>\n<div class=\"smeta-sec\">\n<div class=\"p-meta\">\n<div class=\"meta-inner is-meta\"><span class=\"meta-el meta-date\"><time datetime=\"2026-08-23T18:50:43+03:00\">23 august 2026<\/time><\/span><span class=\"meta-el meta-category meta-bold\"><a class=\"meta-separate category-15871\" href=\"https:\/\/ortodoxinfo.ro\/category\/anti-sistem\/al-iii-lea-razboi-mondial\/ucraina\/\">Ucraina<\/a><\/span><span class=\"meta-el meta-view\">3k vizualiz\u0103ri\t\t<\/span><span class=\"meta-el meta-comment mobile-last-meta tablet-last-meta\"><a href=\"https:\/\/ortodoxinfo.ro\/2026\/08\/23\/zelensky-are-frica-de-alegeri-alegerile-in-sine-reprezinta-un-risc-urias\/#respond\">Comentarii<\/a><\/span><\/div>\n<\/div>\n<\/div>\n<\/div>\n<div class=\"smeta-extra\">\n<div class=\"t-shared-sec tooltips-n has-read-meta is-color\">\n<div class=\"t-shared-header is-meta\"><span class=\"share-label\">Share<\/span><\/div>\n<\/div>\n<div class=\"single-right-meta single-time-read is-meta\"><span class=\"meta-el meta-read\">2 Min Read<\/span><\/div>\n<\/div>\n<\/div>\n<\/header>\n<div class=\"grid-container\">\n<div class=\"s-ct\">\n<div class=\"s-feat-outer\">\n<div class=\"s-feat\">\n<div class=\"featured-lightbox-trigger\" data-source=\"https:\/\/ortodoxinfo.ro\/wp-content\/uploads\/2026\/08\/zelensky-alegerile-in-sine-reprezinta-un-risc-urias-84257.jpg\" data-caption data-attribution><img fetchpriority=\"high\" decoding=\"async\" width=\"860\" height=\"452\" src=\"https:\/\/ortodoxinfo.ro\/wp-content\/uploads\/2026\/08\/zelensky-alegerile-in-sine-reprezinta-un-risc-urias-84257-860x452.jpg\" class=\"attachment-foxiz_crop_o1 size-foxiz_crop_o1 wp-post-image\" alt loading=\"eager\"><\/div>\n<\/div>\n<\/div>\n<div class=\"s-ct-wrap has-lsl\">\n<div class=\"s-ct-inner\">\n<div class=\"l-shared-sec-outer show-mobile\">\n<div class=\"l-shared-sec\">\n<div class=\"l-shared-header meta-text\"><span class=\"share-label\">SHARE<\/span><\/div>\n<\/div>\n<\/div>\n<div class=\"e-ct-outer\">\n<div class=\"entry-top\">\n<div id=\"custom_html-3\" class=\"widget_text widget entry-widget clearfix widget_custom_html\">\n<div class=\"textwidget custom-html-widget\">\n<div><small><br \/>\n    OrtodoxINFO este supus unui sabotaj sistematic din partea reprezentan\u021bilor Google Rom\u00e2nia, at\u00e2t la afi\u0219\u0103ri c\u00e2t \u0219i \u00een rezultatele de c\u0103utare.<br \/>\n        Astfel c\u0103 veniturile din publicitate au sc\u0103zut de p\u00e2n\u0103 la <strong>10 ori<\/strong>. Situa\u021bia este similar\u0103 \u0219i pe Facebook.<\/p>\n<p>        V\u0103 invit\u0103m s\u0103 accesa\u021bi direct site-ul \u0219i s\u0103 v\u0103 abona\u021bi la notific\u0103ri.<\/p>\n<p>    Dac\u0103 dori\u021bi s\u0103 ne sus\u021bine\u021bi \u00een aceast\u0103 perioad\u0103 dificil\u0103, orice <a href=\"https:\/\/ortodoxinfo.ro\/donatii\/\">dona\u021bie<\/a> este binevenit\u0103.<br \/>\n    Dumnezeu s\u0103 v\u0103 r\u0103spl\u0103teasc\u0103!<br \/>\n<\/small><\/div>\n<\/div>\n<\/div>\n<\/div>\n<div class=\"entry-content rbct clearfix is-highlight-shares\">\n<p><strong>Zelenski a respins ferm posibilitatea organiz\u0103rii unui scrutin preziden\u021bial sau parlamentar pe durata invaziei ruse, avertiz\u00e2nd c\u0103 un astfel de demers ar putea destabiliza grav statul. Reac\u021bia sa vine ca un r\u0103spuns direct la apelul fostului ministru al ap\u0103r\u0103rii, M\u00eehailo Fedorov, care a pledat public pentru reluarea procesului electoral, declan\u0219\u00e2nd o intens\u0103 dezbatere privind legitimitatea puterii \u00een condi\u021bii de lege mar\u021bial\u0103, conform<a href=\"https:\/\/www.lemonde.fr\/international\/live\/2026\/08\/23\/en-direct-guerre-en-ukraine-volodymyr-zelensky-estime-qu-organiser-des-elections-provoquerait-un-tsunami-qui-fracturerait-l-ukraine_6753793_3210.html\" target=\"_blank\" rel=\"noopener\"> Le Monde<\/a>.<\/strong><\/p>\n<p>Dup\u0103 apelul fostului s\u0103u ministru al ap\u0103r\u0103rii, M\u00eehailo Fedorov, de a deschide calea pentru organizarea unui scrutin, Zelenski a apreciat c\u0103 alegerile \u00een timp de r\u0103zboi ar fi un pericol pentru \u021bar\u0103.<\/p>\n<p>\u00abCred c\u0103, \u00eentr-un astfel de r\u0103zboi, alegerile \u00een sine reprezint\u0103 un risc uria\u0219\u00bb, a afirmat domnul Zelenski, consider\u00e2nd c\u0103 acestea ar fi un \u00abtsunami\u00bb care \u00abar fractura Ucraina\u00bb, \u00een declara\u021bii acordate presei, printre care \u0219i agen\u021biei Agence France-Presse (AFP), f\u0103cute publice duminic\u0103.<\/p>\n<p>El s-a exprimat \u00een cadrul unei \u00eent\u00e2lniri cu jurnali\u0219tii \u2014 prima din ultimele luni, dup\u0103 o serie de controverse politice, printre care \u0219i demiterea, la jum\u0103tatea lunii iulie, a t\u00e2n\u0103rului \u0219i popularului ministru al ap\u0103r\u0103rii, M\u00eehailo Fedorov.<\/p>\n<p>Acesta din a publicat mar\u021bi un videoclip cu alur\u0103 de clip de campanie, \u00een care denun\u021b\u0103 corup\u021bia \u0219i face apel la \u00abrestaurarea procesului democratic\u00bb prin alegeri, \u00een ciuda invaziei ruse asupra \u021b\u0103rii.<\/p>\n<p>Mandatul preziden\u021bial al lui Zelenski a expirat \u00een mai 2024, \u00eens\u0103 niciun scrutin nu poate fi organizat \u00een Ucraina sub legea mar\u021bial\u0103, aflat\u0103 \u00een vigoare de la \u00eenceputul invaziei ruse la scar\u0103 larg\u0103, declan\u0219at\u0103 \u00een februarie 2022. \u00abDac\u0103 vrem s\u0103 distrugem \u021bara, atunci putem merge \u00een direc\u021bia alegerilor \u00een aceste vremuri de r\u0103zboi\u00bb, le-a declarat domnul Zelenski jurnali\u0219tilor.<\/p>\n<p>Iar Ucraina e cam jum\u0103tate distrus\u0103, dar a\u0219a e \u00een dictatur\u0103\u2026 frica de popor anuleaz\u0103 democra\u021bia.<\/p>\n<\/div>\n<div class=\"entry-bottom\">\n<div id=\"block-9\" class=\"widget entry-widget clearfix widget_block\">\n<div><a href=\"https:\/\/suspend.ro\" target=\"_blank\" rel=\"noopener noreferrer\"><img decoding=\"async\" src=\"https:\/\/ortodoxinfo.ro\/wp-content\/uploads\/2026\/08\/FB_IMG_1786185261439.jpg\" alt=\"Verific\u0103 pe suspend.ro \u2013 Parlamentarii din jude\u021bul t\u0103u sus\u021bin suspendarea lui Nicu\u0219or Dan?\"><\/a><\/div>\n<\/div>\n<\/div>\n<\/div>\n<\/div>\n<div class=\"e-shared-sec entry-sec\">\n<div class=\"e-shared-header h4\"><span>Distribuie<\/span><\/div>\n<div class=\"rbbsl tooltips-n effect-fadeout is-bg\"><a class=\"share-action share-trigger icon-facebook\" aria-label=\"Share on Facebook\" href=\"https:\/\/www.facebook.com\/sharer.php?u=https%3A%2F%2Fortodoxinfo.ro%2F2026%2F08%2F23%2Fzelensky-are-frica-de-alegeri-alegerile-in-sine-reprezinta-un-risc-urias%2F\" data-title=\"Facebook\" rel=\"nofollow\"><span>Facebook<\/span><\/a><a class=\"share-action share-trigger icon-twitter\" aria-label=\"Share on X\" href=\"https:\/\/twitter.com\/intent\/tweet?text=Zelensky+are+fric%C4%83+de+alegeri%3A+%E2%80%9EAlegerile+%C3%AEn+sine+reprezint%C4%83+un+risc+uria%C8%99%E2%80%9D&amp;url=https%3A%2F%2Fortodoxinfo.ro%2F2026%2F08%2F23%2Fzelensky-are-frica-de-alegeri-alegerile-in-sine-reprezinta-un-risc-urias%2F&amp;via=ortodoxinforo\" data-title=\"X\" rel=\"nofollow\"><span>X<\/span><\/a><a class=\"share-action icon-whatsapp is-web\" aria-label=\"Share on Whatsapp\" href=\"https:\/\/web.whatsapp.com\/send?text=Zelensky+are+fric%C4%83+de+alegeri%3A+%E2%80%9EAlegerile+%C3%AEn+sine+reprezint%C4%83+un+risc+uria%C8%99%E2%80%9D%20%E2%98%9E%20https%3A%2F%2Fortodoxinfo.ro%2F2026%2F08%2F23%2Fzelensky-are-frica-de-alegeri-alegerile-in-sine-reprezinta-un-risc-urias%2F\" target=\"_blank\" data-title=\"WhatsApp\" rel=\"nofollow\"><span>Whatsapp<\/span><\/a><a class=\"share-action icon-whatsapp is-mobile\" aria-label=\"Share on Whatsapp\" href=\"\/\/send?text=Zelensky+are+fric%C4%83+de+alegeri%3A+%E2%80%9EAlegerile+%C3%AEn+sine+reprezint%C4%83+un+risc+uria%C8%99%E2%80%9D%20%E2%98%9E%20https%3A%2F%2Fortodoxinfo.ro%2F2026%2F08%2F23%2Fzelensky-are-frica-de-alegeri-alegerile-in-sine-reprezinta-un-risc-urias%2F\" target=\"_blank\" data-title=\"WhatsApp\" rel=\"nofollow\"><span>Whatsapp<\/span><\/a><a class=\"share-action share-trigger icon-telegram\" aria-label=\"Share on Telegram\" href=\"https:\/\/t.me\/share\/?url=https%3A%2F%2Fortodoxinfo.ro%2F2026%2F08%2F23%2Fzelensky-are-frica-de-alegeri-alegerile-in-sine-reprezinta-un-risc-urias%2F&amp;text=Zelensky+are+fric%C4%83+de+alegeri%3A+%E2%80%9EAlegerile+%C3%AEn+sine+reprezint%C4%83+un+risc+uria%C8%99%E2%80%9D\" data-title=\"Telegram\" rel=\"nofollow\"><span>Telegram<\/span><\/a><a class=\"share-action icon-copy copy-trigger\" aria-label=\"Copy Link\" href=\"https:\/\/ortodoxinfo.ro\/2026\/08\/23\/zelensky-are-frica-de-alegeri-alegerile-in-sine-reprezinta-un-risc-urias\/\" data-copied=\"Copied!\" data-link=\"https:\/\/ortodoxinfo.ro\/2026\/08\/23\/zelensky-are-frica-de-alegeri-alegerile-in-sine-reprezinta-un-risc-urias\/\" rel=\"nofollow\" data-copy=\"Copy Link\"><span>Copy Link<\/span><\/a><a class=\"share-action icon-print\" aria-label=\"Print\" rel=\"nofollow\" data-title=\"Print\"><span>Print<\/span><\/a><\/div>\n<\/div>\n<\/div>\n<div id=\"tabs\" class=\"dntplgn_form_wrapper\"><span><\/p>\n<h2>\u0218tirile sunt sub cenzur\u0103! Sprijini\u021bi OrtodoxINFO!<\/h2>\n<p>Guvernul nu dore\u0219te aflarea adev\u0103rului despre lovitura de stat \u0219i \u00eengenuncherea Rom\u00e2niei. \u00cencerc\u0103m s\u0103 men\u021binem viu acest site \u0219i s\u0103 v\u0103 punem la dispozi\u021bie informa\u021bii care s\u0103 fac\u0103 lumin\u0103 \u00een cea mai mare provocare pe care o tr\u0103im. Jurnalismul independent al portalului OrtodoxINFO func\u021bioneaz\u0103 strict cu ajutorul cititorilor.<br \/>\nNe pute\u021bi sprijini printr-o <b><a href=\"https:\/\/ortodoxinfo.ro\/donatii\/\">dona\u021bie bancar\u0103<\/a> sau prin PayPal, complet\u00e2nd formularul de mai jos.<\/b><\/span><\/p>\n<ul>\n<li><a href=\"https:\/\/ortodoxinfo.ro\/2026\/08\/23\/zelensky-are-frica-de-alegeri-alegerile-in-sine-reprezinta-un-risc-urias\/#tabs-1\">Dona\u021bie lunar\u0103<\/a><\/li>\n<li><a href=\"https:\/\/ortodoxinfo.ro\/2026\/08\/23\/zelensky-are-frica-de-alegeri-alegerile-in-sine-reprezinta-un-risc-urias\/#tabs-2\">Doar acum<\/a><\/li>\n<\/ul>\n<div id=\"tabs-1\"><img loading=\"lazy\" decoding=\"async\" alt border=\"0\" src=\"https:\/\/www.paypalobjects.com\/en_US\/i\/scr\/pixel.gif\" width=\"1\" height=\"1\"><\/div>\n<div id=\"tabs-2\">\n<p>\t\t     \u20ac<\/p>\n<p>\t\t    <img loading=\"lazy\" decoding=\"async\" alt border=\"0\" src=\"https:\/\/www.paypalobjects.com\/en_US\/i\/scr\/pixel.gif\" width=\"1\" height=\"1\"><\/div>\n<p>Mul\u021bumim celor care ne-au ajutat p\u00e2n\u0103 acum!\n\t<\/p><\/div>\n<div class=\"comment-box-wrap entry-sec\">\n<div class=\"comment-box-header\"><span class=\"h3\">Las\u0103 un comentariu<\/span><\/div>\n<div class=\"comment-holder no-comment\">\n<div id=\"comments\" class=\"comments-area\">\n<div id=\"respond\" class=\"comment-respond\">\n<h3 id=\"reply-title\" class=\"comment-reply-title\">Las\u0103 un r\u0103spuns <small><a rel=\"nofollow\" id=\"cancel-comment-reply-link\" href=\"https:\/\/ortodoxinfo.ro\/2026\/08\/23\/zelensky-are-frica-de-alegeri-alegerile-in-sine-reprezinta-un-risc-urias\/#respond\">Anuleaz\u0103 r\u0103spunsul<\/a><\/small><\/h3>\n<p class=\"comment-notes\"><span id=\"email-notes\">Adresa ta de email nu va fi publicat\u0103.<\/span><span class=\"required-field-message\">C\u00e2mpurile obligatorii sunt marcate cu <span class=\"required\">*<\/span><\/span><\/p>\n<\/div>\n<\/div>\n<\/div>\n<\/div>\n<\/div>\n<div class=\"sidebar-wrap single-sidebar\">\n<div class=\"sidebar-inner clearfix\">\n<div id=\"widget-post-2\" class=\"widget rb-section w-sidebar clearfix widget-post\">\n<div class=\"block-h widget-heading heading-layout-1\">\n<div class=\"heading-inner\">\n<h4 class=\"heading-title\"><span>Articole recente<\/span><\/h4>\n<\/div>\n<\/div>\n<div class=\"widget-p-listing\">\n<div class=\"p-wrap p-small p-list-small-2\" data-pid=\"260723\">\n<div class=\"feat-holder\">\n<div class=\"p-featured ratio-v1\"><a class=\"p-flink\" href=\"https:\/\/ortodoxinfo.ro\/2026\/08\/23\/presedintele-romaniei-calin-georgescu-ofera-solutia-momentului-administrezi-apa-nu-seceta-viitorul-lumii-este-agricultura\/\" title=\"Pre\u0219edintele Rom\u00e2niei, C\u0103lin Georgescu, ofer\u0103 solu\u021bia momentului: \u201eAdministrezi apa, nu administrezi seceta! Viitorul lumii este agricultura, nu inteligen\u021ba artificial\u0103!\u201d\"><img decoding=\"async\" width=\"150\" height=\"150\" src=\"https:\/\/ortodoxinfo.ro\/wp-content\/uploads\/2026\/08\/https___www-gandul-ro_wp-content_uploads_2025_05_calin-georgescu-mesaj-1.webp-150x150.webp\" class=\"featured-img wp-post-image\" alt loading=\"lazy\"><\/a><\/div>\n<\/div>\n<div class=\"p-content\">\n<h5 class=\"entry-title\"><a class=\"p-url\" href=\"https:\/\/ortodoxinfo.ro\/2026\/08\/23\/presedintele-romaniei-calin-georgescu-ofera-solutia-momentului-administrezi-apa-nu-seceta-viitorul-lumii-este-agricultura\/\" rel=\"bookmark\">Pre\u0219edintele Rom\u00e2niei, C\u0103lin Georgescu, ofer\u0103 solu\u021bia momentului: \u201eAdministrezi apa, nu administrezi seceta! Viitorul lumii este agricultura, nu inteligen\u021ba artificial\u0103!\u201d<\/a><\/h5>\n<div class=\"p-meta\">\n<div class=\"meta-inner is-meta\"><span class=\"meta-el meta-date\"><time datetime=\"2026-08-23T21:45:43+03:00\">23 august 2026<\/time><\/span><span class=\"meta-el meta-category meta-bold\"><a class=\"meta-separate category-19866\" href=\"https:\/\/ortodoxinfo.ro\/category\/lupta-pentru-romania\/\">Lupt\u0103 pentru Rom\u00e2nia<\/a><\/span><span class=\"meta-el meta-view\">7.8k vizualiz\u0103ri\t\t<\/span><\/div>\n<\/div>\n<\/div>\n<\/div>\n<div class=\"p-wrap p-small p-list-small-2\" data-pid=\"260696\">\n<div class=\"feat-holder\">\n<div class=\"p-featured ratio-v1\"><a class=\"p-flink\" href=\"https:\/\/ortodoxinfo.ro\/2026\/08\/23\/rusia-isi-retrage-ambasadorul-din-marea-britanie\/\" title=\"Rusia \u00ee\u0219i retrage ambasadorul din Marea Britanie\"><img decoding=\"async\" width=\"150\" height=\"150\" src=\"https:\/\/ortodoxinfo.ro\/wp-content\/uploads\/2026\/08\/andy-burnham-jpg-1-150x150.jpeg\" class=\"featured-img wp-post-image\" alt loading=\"lazy\"><\/a><\/div>\n<\/div>\n<div class=\"p-content\">\n<h5 class=\"entry-title\"><a class=\"p-url\" href=\"https:\/\/ortodoxinfo.ro\/2026\/08\/23\/rusia-isi-retrage-ambasadorul-din-marea-britanie\/\" rel=\"bookmark\">Rusia \u00ee\u0219i retrage ambasadorul din Marea Britanie<\/a><\/h5>\n<div class=\"p-meta\">\n<div class=\"meta-inner is-meta\"><span class=\"meta-el meta-date\"><time datetime=\"2026-08-23T18:46:03+03:00\">23 august 2026<\/time><\/span><span class=\"meta-el meta-category meta-bold\"><a class=\"meta-separate category-15871\" href=\"https:\/\/ortodoxinfo.ro\/category\/anti-sistem\/al-iii-lea-razboi-mondial\/ucraina\/\">Ucraina<\/a><\/span><span class=\"meta-el meta-view\">7k vizualiz\u0103ri\t\t<\/span><\/div>\n<\/div>\n<\/div>\n<\/div>\n<div class=\"p-wrap p-small p-list-small-2\" data-pid=\"260665\">\n<div class=\"feat-holder\">\n<div class=\"p-featured ratio-v1\"><a class=\"p-flink\" href=\"https:\/\/ortodoxinfo.ro\/2026\/08\/23\/presedintele-calin-georgescu-l-a-spulberat-pe-rahiticul-harpalete-un-cadavru-politic\/\" title=\"Pre\u0219edintele C\u0103lin Georgescu l-a spulberat pe rahiticul Harpalete: \u201eUn cadavru politic\u2026\u201d\"><img decoding=\"async\" width=\"150\" height=\"150\" src=\"https:\/\/ortodoxinfo.ro\/wp-content\/uploads\/2026\/08\/file_000000005a54820a8d05973c31f44e44-150x150.png\" class=\"featured-img wp-post-image\" alt loading=\"lazy\"><\/a><\/div>\n<\/div>\n<div class=\"p-content\">\n<h5 class=\"entry-title\"><a class=\"p-url\" href=\"https:\/\/ortodoxinfo.ro\/2026\/08\/23\/presedintele-calin-georgescu-l-a-spulberat-pe-rahiticul-harpalete-un-cadavru-politic\/\" rel=\"bookmark\">Pre\u0219edintele C\u0103lin Georgescu l-a spulberat pe rahiticul Harpalete: \u201eUn cadavru politic\u2026\u201d<\/a><\/h5>\n<div class=\"p-meta\">\n<div class=\"meta-inner is-meta\"><span class=\"meta-el meta-date\"><time datetime=\"2026-08-23T16:41:43+03:00\">23 august 2026<\/time><\/span><span class=\"meta-el meta-category meta-bold\"><a class=\"meta-separate category-19866\" href=\"https:\/\/ortodoxinfo.ro\/category\/lupta-pentru-romania\/\">Lupt\u0103 pentru Rom\u00e2nia<\/a><\/span><span class=\"meta-el meta-view\">21.5k vizualiz\u0103ri\t\t<\/span><\/div>\n<\/div>\n<\/div>\n<\/div>\n<div class=\"p-wrap p-small p-list-small-2\" data-pid=\"260640\">\n<div class=\"feat-holder\">\n<div class=\"p-featured ratio-v1\"><a class=\"p-flink\" href=\"https:\/\/ortodoxinfo.ro\/2026\/08\/23\/industria-carnii-de-porc-din-romania-este-in-alerta-suntem-la-sub-10-din-necesarul-intern\/\" title=\"Industria c\u0103rnii de porc din Rom\u00e2nia este \u00een alert\u0103. Suntem la sub 10% din necesarul intern\"><img decoding=\"async\" width=\"150\" height=\"150\" src=\"https:\/\/ortodoxinfo.ro\/wp-content\/uploads\/2026\/08\/subventii-noi-pentru-crescatorii-de-bovine-si-porcine-ce-masuri-au-fost-votate-in-parlament4-scaled-150x150.jpeg\" class=\"featured-img wp-post-image\" alt loading=\"lazy\"><\/a><\/div>\n<\/div>\n<div class=\"p-content\">\n<h5 class=\"entry-title\"><a class=\"p-url\" href=\"https:\/\/ortodoxinfo.ro\/2026\/08\/23\/industria-carnii-de-porc-din-romania-este-in-alerta-suntem-la-sub-10-din-necesarul-intern\/\" rel=\"bookmark\">Industria c\u0103rnii de porc din Rom\u00e2nia este \u00een alert\u0103. Suntem la sub 10% din necesarul intern<\/a><\/h5>\n<div class=\"p-meta\">\n<div class=\"meta-inner is-meta\"><span class=\"meta-el meta-date\"><time datetime=\"2026-08-23T15:07:24+03:00\">23 august 2026<\/time><\/span><span class=\"meta-el meta-category meta-bold\"><a class=\"meta-separate category-19885\" href=\"https:\/\/ortodoxinfo.ro\/category\/anti-sistem\/anti-romanism\/asasinii-tarii\/\">Asasinii \u021b\u0103rii<\/a><\/span><span class=\"meta-el meta-view\">3.8k vizualiz\u0103ri\t\t<\/span><\/div>\n<\/div>\n<\/div>\n<\/div>\n<\/div>\n<\/div>\n<div id=\"custom_html-2\" class=\"widget_text widget rb-section w-sidebar clearfix widget_custom_html\">\n<div class=\"block-h widget-heading heading-layout-1\">\n<div class=\"heading-inner\">\n<h4 class=\"heading-title\"><span>DONA\u021aII \u00een cont bancar<\/span><\/h4>\n<\/div>\n<\/div>\n<div class=\"textwidget custom-html-widget\">\n<table class=\"donatii\">\n<tbody>\n<tr>\n<th colspan=\"2\"><strong><span>Asicia\u021bia SMI-B<\/span><\/strong><\/th>\n<\/tr>\n<tr>\n<th>Cont LEI<\/th>\n<td>RO67CECEB00030RON2081955<\/td>\n<\/tr>\n<tr>\n<th>Cont EURO<\/th>\n<td>RO33CECEB000C1EUR2081978<\/td>\n<\/tr>\n<tr>\n<th>Cod SWIFT<\/th>\n<td>CECEROBU<\/td>\n<\/tr>\n<tr>\n<th colspan=\"2\"><strong>CEC BANK SA<\/strong><\/th>\n<\/tr>\n<\/tbody>\n<\/table>\n<\/div>\n<\/div>\n<\/div>\n<\/div>\n<\/div>\n<\/article>\n<div class=\"entry-content rbct clearfix is-highlight-shares\">\n<p><strong>Zelenski a respins ferm posibilitatea organiz\u0103rii unui scrutin preziden\u021bial sau parlamentar pe durata invaziei ruse, avertiz\u00e2nd c\u0103 un astfel de demers ar putea destabiliza grav statul. Reac\u021bia sa vine ca un r\u0103spuns direct la apelul fostului ministru al ap\u0103r\u0103rii, M\u00eehailo Fedorov, care a pledat public pentru reluarea procesului electoral, declan\u0219\u00e2nd o intens\u0103 dezbatere privind legitimitatea puterii \u00een condi\u021bii de lege mar\u021bial\u0103, conform<a href=\"https:\/\/www.lemonde.fr\/international\/live\/2026\/08\/23\/en-direct-guerre-en-ukraine-volodymyr-zelensky-estime-qu-organiser-des-elections-provoquerait-un-tsunami-qui-fracturerait-l-ukraine_6753793_3210.html\" target=\"_blank\" rel=\"noopener\"> Le Monde<\/a>.<\/strong><\/p>\n<p>Dup\u0103 apelul fostului s\u0103u ministru al ap\u0103r\u0103rii, M\u00eehailo Fedorov, de a deschide calea pentru organizarea unui scrutin, Zelenski a apreciat c\u0103 alegerile \u00een timp de r\u0103zboi ar fi un pericol pentru \u021bar\u0103.<\/p>\n<p>\u00abCred c\u0103, \u00eentr-un astfel de r\u0103zboi, alegerile \u00een sine reprezint\u0103 un risc uria\u0219\u00bb, a afirmat domnul Zelenski, consider\u00e2nd c\u0103 acestea ar fi un \u00abtsunami\u00bb care \u00abar fractura Ucraina\u00bb, \u00een declara\u021bii acordate presei, printre care \u0219i agen\u021biei Agence France-Presse (AFP), f\u0103cute publice duminic\u0103.<\/p>\n<p>El s-a exprimat \u00een cadrul unei \u00eent\u00e2lniri cu jurnali\u0219tii \u2014 prima din ultimele luni, dup\u0103 o serie de controverse politice, printre care \u0219i demiterea, la jum\u0103tatea lunii iulie, a t\u00e2n\u0103rului \u0219i popularului ministru al ap\u0103r\u0103rii, M\u00eehailo Fedorov.<\/p>\n<p>Acesta din a publicat mar\u021bi un videoclip cu alur\u0103 de clip de campanie, \u00een care denun\u021b\u0103 corup\u021bia \u0219i face apel la \u00abrestaurarea procesului democratic\u00bb prin alegeri, \u00een ciuda invaziei ruse asupra \u021b\u0103rii.<\/p>\n<p>Mandatul preziden\u021bial al lui Zelenski a expirat \u00een mai 2024, \u00eens\u0103 niciun scrutin nu poate fi organizat \u00een Ucraina sub legea mar\u021bial\u0103, aflat\u0103 \u00een vigoare de la \u00eenceputul invaziei ruse la scar\u0103 larg\u0103, declan\u0219at\u0103 \u00een februarie 2022. \u00abDac\u0103 vrem s\u0103 distrugem \u021bara, atunci putem merge \u00een direc\u021bia alegerilor \u00een aceste vremuri de r\u0103zboi\u00bb, le-a declarat domnul Zelenski jurnali\u0219tilor.<\/p>\n<p>Iar Ucraina e cam jum\u0103tate distrus\u0103, dar a\u0219a e \u00een dictatur\u0103\u2026 frica de popor anuleaz\u0103 democra\u021bia.<\/p>\n<\/div>\n<p>[analyse_source url=&#8221;https:\/\/ortodoxinfo.ro\/2026\/08\/23\/zelensky-are-frica-de-alegeri-alegerile-in-sine-reprezinta-un-risc-urias\/&#8221;]<\/p>\n","protected":false},"excerpt":{"rendered":"<p>[analyse_image type=&#8221;featured&#8221; src=&#8221;https:\/\/ortodoxinfo.ro\/wp-content\/uploads\/2026\/08\/zelensky-alegerile-in-sine-reprezinta-un-risc-urias-84257.jpghttps:\/\/ortodoxinfo.ro\/wp-content\/uploads\/2026\/08\/zelensky-alegerile-in-sine-reprezinta-un-risc-urias-84257.jpg&#8221;] Prima pagin\u0103 \u00bb Blog \u00bb Zelensky are fric\u0103 de alegeri: \u201eAlegerile \u00een sine reprezint\u0103 un risc uria\u0219\u201d Zelensky are fric\u0103 de alegeri: \u201eAlegerile \u00een sine reprezint\u0103 un risc uria\u0219\u201d 23 august 2026Ucraina3k vizualiz\u0103ri Comentarii Share 2 Min Read SHARE OrtodoxINFO este supus unui sabotaj sistematic din partea reprezentan\u021bilor Google Rom\u00e2nia, at\u00e2t la [&hellip;]<\/p>\n","protected":false},"author":1,"featured_media":0,"comment_status":"open","ping_status":"","sticky":false,"template":"","format":"standard","meta":{"footnotes":""},"categories":[89],"tags":[226,94],"class_list":["post-2108290","post","type-post","status-publish","format-standard","hentry","category-romania","tag-crawlmanager","tag-ortodoxinfo-ro"],"_links":{"self":[{"href":"https:\/\/analyse.optim.biz\/index.php?rest_route=\/wp\/v2\/posts\/2108290","targetHints":{"allow":["GET"]}}],"collection":[{"href":"https:\/\/analyse.optim.biz\/index.php?rest_route=\/wp\/v2\/posts"}],"about":[{"href":"https:\/\/analyse.optim.biz\/index.php?rest_route=\/wp\/v2\/types\/post"}],"author":[{"embeddable":true,"href":"https:\/\/analyse.optim.biz\/index.php?rest_route=\/wp\/v2\/users\/1"}],"replies":[{"embeddable":true,"href":"https:\/\/analyse.optim.biz\/index.php?rest_route=%2Fwp%2Fv2%2Fcomments&post=2108290"}],"version-history":[{"count":0,"href":"https:\/\/analyse.optim.biz\/index.php?rest_route=\/wp\/v2\/posts\/2108290\/revisions"}],"wp:attachment":[{"href":"https:\/\/analyse.optim.biz\/index.php?rest_route=%2Fwp%2Fv2%2Fmedia&parent=2108290"}],"wp:term":[{"taxonomy":"category","embeddable":true,"href":"https:\/\/analyse.optim.biz\/index.php?rest_route=%2Fwp%2Fv2%2Fcategories&post=2108290"},{"taxonomy":"post_tag","embeddable":true,"href":"https:\/\/analyse.optim.biz\/index.php?rest_route=%2Fwp%2Fv2%2Ftags&post=2108290"}],"curies":[{"name":"wp","href":"https:\/\/api.w.org\/{rel}","templated":true}]}}