{"id":2108289,"date":"2026-08-23T08:32:44","date_gmt":"2026-08-23T05:32:44","guid":{"rendered":"https:\/\/analyse.optim.biz\/?p=2108289"},"modified":"2026-08-23T08:32:44","modified_gmt":"2026-08-23T05:32:44","slug":"nationalistii-clujeni-militeaza-impotriva-transformarii-clujului-intr-o-mare-favela-prin-stramutarea-tiganilor-de-la-groapa-de-gunoi","status":"publish","type":"post","link":"https:\/\/analyse.optim.biz\/?p=2108289","title":{"rendered":"Na\u021bionali\u0219tii clujeni militeaz\u0103 \u00eempotriva transform\u0103rii Clujului \u00eentr-o mare favel\u0103 prin str\u0103mutarea \u021biganilor de la groapa de gunoi"},"content":{"rendered":"<p>[analyse_image type=&#8221;featured&#8221; src=&#8221;https:\/\/www.incorectpolitic.com\/wp-content\/uploads\/2026\/08\/S1-768&#215;572-1.jpg&#8221;]<\/p>\n<div class=\"entry\">\n<p><strong>Incorect Politic<\/strong><br \/>\nAugust 23, 2026<\/p>\n<div class=\"entry\">\n<p><a href=\"https:\/\/www.incorectpolitic.com\/nationalistii-clujeni-militeaza-impotriva-transformarii-clujului-intr-o-mare-favela-prin-stramutarea-tiganilor-de-la-groapa-de-gunoi\/s1-768x572\/\" rel=\"attachment wp-att-82314\"><img loading=\"lazy\" decoding=\"async\" class=\"size-full wp-image-82314 aligncenter\" src=\"https:\/\/www.incorectpolitic.com\/wp-content\/uploads\/2026\/08\/S1-768x572-1.jpg\" alt width=\"768\" height=\"572\"><\/a><\/p>\n<h2 class=\"name post-title entry-title\"><strong>Clujenii merit\u0103 respect! Comunitatea Identitar\u0103 \u00eempotriva transform\u0103rii Clujului \u00eentr-o mare favel\u0103<\/strong><\/h2>\n<p>Membrii Asocia\u021biei Comunitatea Identitar\u0103 Rom\u00e2nia protesteaz\u0103 \u00eempotriva deciziei primarului Emil Boc \u0219i a Consiliului Local de a muta locuitorii de la Pata R\u00e2t (groapa de gunoi a ora\u0219ului) \u00een apartamente din ora\u0219. Prin acest proiect, finan\u021bat de UE \u0219i de Norvegia cu sute de milioane de euro, se urm\u0103re\u0219te cump\u0103rarea de locuin\u021be sociale \u00een Cluj-Napoca \u00een care s\u0103 fie adu\u0219i mii de etnici \u021bigani care locuiesc la rampa de gunoi. Avem convingerea c\u0103 majoritatea clujenilor privesc acest lucru cu mult\u0103 \u00eengrijorare. Cet\u0103\u021benii ora\u0219ului consider\u0103 c\u0103 \u021biganii de la Pata R\u00e2t nu se vor putea adapta la via\u021ba la bloc \u0219i sunt nelini\u0219ti\u021bi datorit\u0103 posibilit\u0103\u021bii cre\u0219terii nivelului de infrac\u021bionalitate. Acest lucru reiese din numeroasele comentarii critice la adresa Prim\u0103riei de pe re\u021belele sociale, la \u0219tirile care anun\u021b\u0103 acest proiect al autorit\u0103\u021bilor locale.<\/p>\n<p>Tinerii na\u021bionali\u0219ti au desf\u0103\u0219urat un banner cu mesajul:\u00a0<strong>BOC \u201ePRIMAR DE 5 STELE\u201d, IMPORTATOR DE FAVELE!<\/strong>. Dac\u0103 Clujul este sau nu un ora\u0219 de 5 stele, cum este numit, asta poate fi dezb\u0103tut. Dar cert e c\u0103 nu avem un primar de 5 stele, dac\u0103 a luat o asemenea decizie, lipsit\u0103 de \u00een\u021belepciune \u0219i de respect pentru cet\u0103\u021beni, prin care risc\u0103 s\u0103 transforme municipiul \u00eentr-un mare ghetou, \u00eentr-o groap\u0103 de gunoi, \u00een Pata R\u00e2t 2.<\/p>\n<p><a href=\"https:\/\/comunitateaidentitara.com\/wp-content\/uploads\/2026\/08\/S2.jpg\"><img loading=\"lazy\" decoding=\"async\" class=\"aligncenter wp-image-5648 tie-appear lazyload\" alt width=\"533\" height=\"391\" src=\"https:\/\/comunitateaidentitara.com\/wp-content\/uploads\/2026\/08\/S2.jpg\"><\/a><\/p>\n<p><img loading=\"lazy\" decoding=\"async\" class=\"aligncenter wp-image-5648 tie-appear\" src=\"https:\/\/comunitateaidentitara.com\/wp-content\/uploads\/2026\/08\/S2.jpg\" alt width=\"533\" height=\"391\" data-eio=\"l\"><\/p>\n<p>Ne \u00eentreb\u0103m: \u021aiganii care au locuit toat\u0103 via\u021ba \u00een cocioabe la rampa de gunoi vor fi capabili s\u0103 se adapteze traiului de la bloc al\u0103turi de vecini? Ace\u0219tia vor fi capabili s\u0103 men\u021bin\u0103 ordinea \u0219i cur\u0103\u021benia \u00eentr-o scar\u0103? Vor putea s\u0103 nu depoziteze gunoaie \u00een spa\u021biul locativ \u0219i \u00een spa\u021biul comun al blocului? Vor fi \u00een stare s\u0103 pl\u0103teasc\u0103 utilit\u0103\u021bile? Ace\u0219tia vor fi capabili s\u0103 nu fac\u0103 g\u0103l\u0103gie \u0219i s\u0103 nu tulbure lini\u0219tea public\u0103? Nu va cre\u0219te nivelul infrac\u021biunilor \u00een zonele din ora\u0219 unde urmeaz\u0103 s\u0103 fie adu\u0219i? Oare nu vor exista mirosuri nepl\u0103cute \u00een acele cl\u0103diri? Nu vor fi distruse acele locuin\u021be \u00een nici c\u00e2teva luni dup\u0103 ce noii chiria\u0219i se vor muta acolo?<\/p>\n<p>Nu vom r\u0103spunde noi la aceste \u00eentreb\u0103ri, din cauza unei legi anticonstitu\u021bionale, antirom\u00e2ne\u0219ti, liberticide, mai exact Legea 2\/2021, a\u0219a-zisa lege de combatere a anti\u021big\u0103nismului. R\u0103spunsurile la aceste \u00eentreb\u0103ri ar putea fi considerate rasiste de c\u0103tre cei r\u0103u inten\u021biona\u021bi \u0219i necinsti\u021bi, dar situa\u021biile nepl\u0103cute \u00een care se pot trezi clujenii nu vor mai fi considerate discriminatorii de c\u0103tre sistemul corupt. Majoritatea rom\u00e2nilor \u0219tiu care sunt r\u0103spunsurile reale la aceste \u00eentreb\u0103ri.<\/p>\n<p>Prim\u0103ria a decis s\u0103 desf\u0103\u0219oare acest experiment multicultural f\u0103r\u0103 a se consulta cu cet\u0103\u021benii Clujului. Dac\u0103 apartamentele pentru \u021bigani vor fi cump\u0103rate din fonduri europene \u0219i norvegiene, chiria lunar\u0103 pentru acestea va fi pl\u0103tit\u0103 din bani publici, din taxele \u0219i impozitele tuturor clujenilor care muncesc cinstit. Iar dac\u0103 vor exista consecin\u021be negative, tot oamenii simpli vor avea de suferit, nu politicienii locali, \u00een a c\u0103ror blocuri (dac\u0103 nu stau la cas\u0103) b\u0103nuim c\u0103 nu se vor cump\u0103ra apartamente sociale pentru locuitorii de la Pata R\u00e2t. Mai multe despre pozi\u021bia noastr\u0103 pe acest subiect pute\u021bi citi \u00een\u00a0<a href=\"https:\/\/comunitateaidentitara.com\/emil-boc-nu-trebuie-lasat-sa-transforme-clujul-intr-o-groapa-de-gunoi\/\"><strong>acest comunicat de pres\u0103<\/strong><\/a>.<\/p>\n<p>Comunitatea Identitar\u0103 continu\u0103 s\u0103 monitorizeze aceast\u0103 situa\u021bie \u0219i s\u0103 atrag\u0103 aten\u021bia asupra unor consecin\u021be grave ce pot ap\u0103rea \u00een urma deciziei Prim\u0103riei. Clujenii merit\u0103 respect, iar Clujul nu trebuie s\u0103 ajung\u0103 o mare favel\u0103!. Acest ora\u0219 apar\u021bine locuitorilor s\u0103i, nu este feuda lui Boc!<\/p>\n<\/div>\n<\/div>\n<div class=\"entry\">\n<p><strong>Incorect Politic<\/strong><br \/>\nAugust 23, 2026<\/p>\n<div class=\"entry\">\n<p><a href=\"https:\/\/www.incorectpolitic.com\/nationalistii-clujeni-militeaza-impotriva-transformarii-clujului-intr-o-mare-favela-prin-stramutarea-tiganilor-de-la-groapa-de-gunoi\/s1-768x572\/\" rel=\"attachment wp-att-82314\"><img loading=\"lazy\" decoding=\"async\" class=\"size-full wp-image-82314 aligncenter\" src=\"https:\/\/www.incorectpolitic.com\/wp-content\/uploads\/2026\/08\/S1-768x572-1.jpg\" alt width=\"768\" height=\"572\"><\/a><\/p>\n<h2 class=\"name post-title entry-title\"><strong>Clujenii merit\u0103 respect! Comunitatea Identitar\u0103 \u00eempotriva transform\u0103rii Clujului \u00eentr-o mare favel\u0103<\/strong><\/h2>\n<p>Membrii Asocia\u021biei Comunitatea Identitar\u0103 Rom\u00e2nia protesteaz\u0103 \u00eempotriva deciziei primarului Emil Boc \u0219i a Consiliului Local de a muta locuitorii de la Pata R\u00e2t (groapa de gunoi a ora\u0219ului) \u00een apartamente din ora\u0219. Prin acest proiect, finan\u021bat de UE \u0219i de Norvegia cu sute de milioane de euro, se urm\u0103re\u0219te cump\u0103rarea de locuin\u021be sociale \u00een Cluj-Napoca \u00een care s\u0103 fie adu\u0219i mii de etnici \u021bigani care locuiesc la rampa de gunoi. Avem convingerea c\u0103 majoritatea clujenilor privesc acest lucru cu mult\u0103 \u00eengrijorare. Cet\u0103\u021benii ora\u0219ului consider\u0103 c\u0103 \u021biganii de la Pata R\u00e2t nu se vor putea adapta la via\u021ba la bloc \u0219i sunt nelini\u0219ti\u021bi datorit\u0103 posibilit\u0103\u021bii cre\u0219terii nivelului de infrac\u021bionalitate. Acest lucru reiese din numeroasele comentarii critice la adresa Prim\u0103riei de pe re\u021belele sociale, la \u0219tirile care anun\u021b\u0103 acest proiect al autorit\u0103\u021bilor locale.<\/p>\n<p>Tinerii na\u021bionali\u0219ti au desf\u0103\u0219urat un banner cu mesajul:\u00a0<strong>BOC \u201ePRIMAR DE 5 STELE\u201d, IMPORTATOR DE FAVELE!<\/strong>. Dac\u0103 Clujul este sau nu un ora\u0219 de 5 stele, cum este numit, asta poate fi dezb\u0103tut. Dar cert e c\u0103 nu avem un primar de 5 stele, dac\u0103 a luat o asemenea decizie, lipsit\u0103 de \u00een\u021belepciune \u0219i de respect pentru cet\u0103\u021beni, prin care risc\u0103 s\u0103 transforme municipiul \u00eentr-un mare ghetou, \u00eentr-o groap\u0103 de gunoi, \u00een Pata R\u00e2t 2.<\/p>\n<p><a href=\"https:\/\/comunitateaidentitara.com\/wp-content\/uploads\/2026\/08\/S2.jpg\"><img loading=\"lazy\" decoding=\"async\" class=\"aligncenter wp-image-5648 tie-appear lazyload\" alt width=\"533\" height=\"391\" src=\"https:\/\/comunitateaidentitara.com\/wp-content\/uploads\/2026\/08\/S2.jpg\"><\/a><\/p>\n<p><img loading=\"lazy\" decoding=\"async\" class=\"aligncenter wp-image-5648 tie-appear\" src=\"https:\/\/comunitateaidentitara.com\/wp-content\/uploads\/2026\/08\/S2.jpg\" alt width=\"533\" height=\"391\" data-eio=\"l\"><\/p>\n<p>Ne \u00eentreb\u0103m: \u021aiganii care au locuit toat\u0103 via\u021ba \u00een cocioabe la rampa de gunoi vor fi capabili s\u0103 se adapteze traiului de la bloc al\u0103turi de vecini? Ace\u0219tia vor fi capabili s\u0103 men\u021bin\u0103 ordinea \u0219i cur\u0103\u021benia \u00eentr-o scar\u0103? Vor putea s\u0103 nu depoziteze gunoaie \u00een spa\u021biul locativ \u0219i \u00een spa\u021biul comun al blocului? Vor fi \u00een stare s\u0103 pl\u0103teasc\u0103 utilit\u0103\u021bile? Ace\u0219tia vor fi capabili s\u0103 nu fac\u0103 g\u0103l\u0103gie \u0219i s\u0103 nu tulbure lini\u0219tea public\u0103? Nu va cre\u0219te nivelul infrac\u021biunilor \u00een zonele din ora\u0219 unde urmeaz\u0103 s\u0103 fie adu\u0219i? Oare nu vor exista mirosuri nepl\u0103cute \u00een acele cl\u0103diri? Nu vor fi distruse acele locuin\u021be \u00een nici c\u00e2teva luni dup\u0103 ce noii chiria\u0219i se vor muta acolo?<\/p>\n<p>Nu vom r\u0103spunde noi la aceste \u00eentreb\u0103ri, din cauza unei legi anticonstitu\u021bionale, antirom\u00e2ne\u0219ti, liberticide, mai exact Legea 2\/2021, a\u0219a-zisa lege de combatere a anti\u021big\u0103nismului. R\u0103spunsurile la aceste \u00eentreb\u0103ri ar putea fi considerate rasiste de c\u0103tre cei r\u0103u inten\u021biona\u021bi \u0219i necinsti\u021bi, dar situa\u021biile nepl\u0103cute \u00een care se pot trezi clujenii nu vor mai fi considerate discriminatorii de c\u0103tre sistemul corupt. Majoritatea rom\u00e2nilor \u0219tiu care sunt r\u0103spunsurile reale la aceste \u00eentreb\u0103ri.<\/p>\n<p>Prim\u0103ria a decis s\u0103 desf\u0103\u0219oare acest experiment multicultural f\u0103r\u0103 a se consulta cu cet\u0103\u021benii Clujului. Dac\u0103 apartamentele pentru \u021bigani vor fi cump\u0103rate din fonduri europene \u0219i norvegiene, chiria lunar\u0103 pentru acestea va fi pl\u0103tit\u0103 din bani publici, din taxele \u0219i impozitele tuturor clujenilor care muncesc cinstit. Iar dac\u0103 vor exista consecin\u021be negative, tot oamenii simpli vor avea de suferit, nu politicienii locali, \u00een a c\u0103ror blocuri (dac\u0103 nu stau la cas\u0103) b\u0103nuim c\u0103 nu se vor cump\u0103ra apartamente sociale pentru locuitorii de la Pata R\u00e2t. Mai multe despre pozi\u021bia noastr\u0103 pe acest subiect pute\u021bi citi \u00een\u00a0<a href=\"https:\/\/comunitateaidentitara.com\/emil-boc-nu-trebuie-lasat-sa-transforme-clujul-intr-o-groapa-de-gunoi\/\"><strong>acest comunicat de pres\u0103<\/strong><\/a>.<\/p>\n<p>Comunitatea Identitar\u0103 continu\u0103 s\u0103 monitorizeze aceast\u0103 situa\u021bie \u0219i s\u0103 atrag\u0103 aten\u021bia asupra unor consecin\u021be grave ce pot ap\u0103rea \u00een urma deciziei Prim\u0103riei. Clujenii merit\u0103 respect, iar Clujul nu trebuie s\u0103 ajung\u0103 o mare favel\u0103!. Acest ora\u0219 apar\u021bine locuitorilor s\u0103i, nu este feuda lui Boc!<\/p>\n<\/div>\n<\/div>\n<div class=\"entry\">\n<p><a href=\"https:\/\/www.incorectpolitic.com\/nationalistii-clujeni-militeaza-impotriva-transformarii-clujului-intr-o-mare-favela-prin-stramutarea-tiganilor-de-la-groapa-de-gunoi\/s1-768x572\/\" rel=\"attachment wp-att-82314\"><img loading=\"lazy\" decoding=\"async\" class=\"size-full wp-image-82314 aligncenter\" src=\"https:\/\/www.incorectpolitic.com\/wp-content\/uploads\/2026\/08\/S1-768x572-1.jpg\" alt width=\"768\" height=\"572\"><\/a><\/p>\n<h2 class=\"name post-title entry-title\"><strong>Clujenii merit\u0103 respect! Comunitatea Identitar\u0103 \u00eempotriva transform\u0103rii Clujului \u00eentr-o mare favel\u0103<\/strong><\/h2>\n<p>Membrii Asocia\u021biei Comunitatea Identitar\u0103 Rom\u00e2nia protesteaz\u0103 \u00eempotriva deciziei primarului Emil Boc \u0219i a Consiliului Local de a muta locuitorii de la Pata R\u00e2t (groapa de gunoi a ora\u0219ului) \u00een apartamente din ora\u0219. Prin acest proiect, finan\u021bat de UE \u0219i de Norvegia cu sute de milioane de euro, se urm\u0103re\u0219te cump\u0103rarea de locuin\u021be sociale \u00een Cluj-Napoca \u00een care s\u0103 fie adu\u0219i mii de etnici \u021bigani care locuiesc la rampa de gunoi. Avem convingerea c\u0103 majoritatea clujenilor privesc acest lucru cu mult\u0103 \u00eengrijorare. Cet\u0103\u021benii ora\u0219ului consider\u0103 c\u0103 \u021biganii de la Pata R\u00e2t nu se vor putea adapta la via\u021ba la bloc \u0219i sunt nelini\u0219ti\u021bi datorit\u0103 posibilit\u0103\u021bii cre\u0219terii nivelului de infrac\u021bionalitate. Acest lucru reiese din numeroasele comentarii critice la adresa Prim\u0103riei de pe re\u021belele sociale, la \u0219tirile care anun\u021b\u0103 acest proiect al autorit\u0103\u021bilor locale.<\/p>\n<p>Tinerii na\u021bionali\u0219ti au desf\u0103\u0219urat un banner cu mesajul:\u00a0<strong>BOC \u201ePRIMAR DE 5 STELE\u201d, IMPORTATOR DE FAVELE!<\/strong>. Dac\u0103 Clujul este sau nu un ora\u0219 de 5 stele, cum este numit, asta poate fi dezb\u0103tut. Dar cert e c\u0103 nu avem un primar de 5 stele, dac\u0103 a luat o asemenea decizie, lipsit\u0103 de \u00een\u021belepciune \u0219i de respect pentru cet\u0103\u021beni, prin care risc\u0103 s\u0103 transforme municipiul \u00eentr-un mare ghetou, \u00eentr-o groap\u0103 de gunoi, \u00een Pata R\u00e2t 2.<\/p>\n<p><a href=\"https:\/\/comunitateaidentitara.com\/wp-content\/uploads\/2026\/08\/S2.jpg\"><img loading=\"lazy\" decoding=\"async\" class=\"aligncenter wp-image-5648 tie-appear lazyload\" alt width=\"533\" height=\"391\" src=\"https:\/\/comunitateaidentitara.com\/wp-content\/uploads\/2026\/08\/S2.jpg\"><\/a><\/p>\n<p><img loading=\"lazy\" decoding=\"async\" class=\"aligncenter wp-image-5648 tie-appear\" src=\"https:\/\/comunitateaidentitara.com\/wp-content\/uploads\/2026\/08\/S2.jpg\" alt width=\"533\" height=\"391\" data-eio=\"l\"><\/p>\n<p>Ne \u00eentreb\u0103m: \u021aiganii care au locuit toat\u0103 via\u021ba \u00een cocioabe la rampa de gunoi vor fi capabili s\u0103 se adapteze traiului de la bloc al\u0103turi de vecini? Ace\u0219tia vor fi capabili s\u0103 men\u021bin\u0103 ordinea \u0219i cur\u0103\u021benia \u00eentr-o scar\u0103? Vor putea s\u0103 nu depoziteze gunoaie \u00een spa\u021biul locativ \u0219i \u00een spa\u021biul comun al blocului? Vor fi \u00een stare s\u0103 pl\u0103teasc\u0103 utilit\u0103\u021bile? Ace\u0219tia vor fi capabili s\u0103 nu fac\u0103 g\u0103l\u0103gie \u0219i s\u0103 nu tulbure lini\u0219tea public\u0103? Nu va cre\u0219te nivelul infrac\u021biunilor \u00een zonele din ora\u0219 unde urmeaz\u0103 s\u0103 fie adu\u0219i? Oare nu vor exista mirosuri nepl\u0103cute \u00een acele cl\u0103diri? Nu vor fi distruse acele locuin\u021be \u00een nici c\u00e2teva luni dup\u0103 ce noii chiria\u0219i se vor muta acolo?<\/p>\n<p>Nu vom r\u0103spunde noi la aceste \u00eentreb\u0103ri, din cauza unei legi anticonstitu\u021bionale, antirom\u00e2ne\u0219ti, liberticide, mai exact Legea 2\/2021, a\u0219a-zisa lege de combatere a anti\u021big\u0103nismului. R\u0103spunsurile la aceste \u00eentreb\u0103ri ar putea fi considerate rasiste de c\u0103tre cei r\u0103u inten\u021biona\u021bi \u0219i necinsti\u021bi, dar situa\u021biile nepl\u0103cute \u00een care se pot trezi clujenii nu vor mai fi considerate discriminatorii de c\u0103tre sistemul corupt. Majoritatea rom\u00e2nilor \u0219tiu care sunt r\u0103spunsurile reale la aceste \u00eentreb\u0103ri.<\/p>\n<p>Prim\u0103ria a decis s\u0103 desf\u0103\u0219oare acest experiment multicultural f\u0103r\u0103 a se consulta cu cet\u0103\u021benii Clujului. Dac\u0103 apartamentele pentru \u021bigani vor fi cump\u0103rate din fonduri europene \u0219i norvegiene, chiria lunar\u0103 pentru acestea va fi pl\u0103tit\u0103 din bani publici, din taxele \u0219i impozitele tuturor clujenilor care muncesc cinstit. Iar dac\u0103 vor exista consecin\u021be negative, tot oamenii simpli vor avea de suferit, nu politicienii locali, \u00een a c\u0103ror blocuri (dac\u0103 nu stau la cas\u0103) b\u0103nuim c\u0103 nu se vor cump\u0103ra apartamente sociale pentru locuitorii de la Pata R\u00e2t. Mai multe despre pozi\u021bia noastr\u0103 pe acest subiect pute\u021bi citi \u00een\u00a0<a href=\"https:\/\/comunitateaidentitara.com\/emil-boc-nu-trebuie-lasat-sa-transforme-clujul-intr-o-groapa-de-gunoi\/\"><strong>acest comunicat de pres\u0103<\/strong><\/a>.<\/p>\n<p>Comunitatea Identitar\u0103 continu\u0103 s\u0103 monitorizeze aceast\u0103 situa\u021bie \u0219i s\u0103 atrag\u0103 aten\u021bia asupra unor consecin\u021be grave ce pot ap\u0103rea \u00een urma deciziei Prim\u0103riei. Clujenii merit\u0103 respect, iar Clujul nu trebuie s\u0103 ajung\u0103 o mare favel\u0103!. Acest ora\u0219 apar\u021bine locuitorilor s\u0103i, nu este feuda lui Boc!<\/p>\n<\/div>\n<div class=\"entry\">\n<p><a href=\"https:\/\/www.incorectpolitic.com\/nationalistii-clujeni-militeaza-impotriva-transformarii-clujului-intr-o-mare-favela-prin-stramutarea-tiganilor-de-la-groapa-de-gunoi\/s1-768x572\/\" rel=\"attachment wp-att-82314\"><img loading=\"lazy\" decoding=\"async\" class=\"size-full wp-image-82314 aligncenter\" src=\"https:\/\/www.incorectpolitic.com\/wp-content\/uploads\/2026\/08\/S1-768x572-1.jpg\" alt width=\"768\" height=\"572\"><\/a><\/p>\n<h2 class=\"name post-title entry-title\"><strong>Clujenii merit\u0103 respect! Comunitatea Identitar\u0103 \u00eempotriva transform\u0103rii Clujului \u00eentr-o mare favel\u0103<\/strong><\/h2>\n<p>Membrii Asocia\u021biei Comunitatea Identitar\u0103 Rom\u00e2nia protesteaz\u0103 \u00eempotriva deciziei primarului Emil Boc \u0219i a Consiliului Local de a muta locuitorii de la Pata R\u00e2t (groapa de gunoi a ora\u0219ului) \u00een apartamente din ora\u0219. Prin acest proiect, finan\u021bat de UE \u0219i de Norvegia cu sute de milioane de euro, se urm\u0103re\u0219te cump\u0103rarea de locuin\u021be sociale \u00een Cluj-Napoca \u00een care s\u0103 fie adu\u0219i mii de etnici \u021bigani care locuiesc la rampa de gunoi. Avem convingerea c\u0103 majoritatea clujenilor privesc acest lucru cu mult\u0103 \u00eengrijorare. Cet\u0103\u021benii ora\u0219ului consider\u0103 c\u0103 \u021biganii de la Pata R\u00e2t nu se vor putea adapta la via\u021ba la bloc \u0219i sunt nelini\u0219ti\u021bi datorit\u0103 posibilit\u0103\u021bii cre\u0219terii nivelului de infrac\u021bionalitate. Acest lucru reiese din numeroasele comentarii critice la adresa Prim\u0103riei de pe re\u021belele sociale, la \u0219tirile care anun\u021b\u0103 acest proiect al autorit\u0103\u021bilor locale.<\/p>\n<p>Tinerii na\u021bionali\u0219ti au desf\u0103\u0219urat un banner cu mesajul:\u00a0<strong>BOC \u201ePRIMAR DE 5 STELE\u201d, IMPORTATOR DE FAVELE!<\/strong>. Dac\u0103 Clujul este sau nu un ora\u0219 de 5 stele, cum este numit, asta poate fi dezb\u0103tut. Dar cert e c\u0103 nu avem un primar de 5 stele, dac\u0103 a luat o asemenea decizie, lipsit\u0103 de \u00een\u021belepciune \u0219i de respect pentru cet\u0103\u021beni, prin care risc\u0103 s\u0103 transforme municipiul \u00eentr-un mare ghetou, \u00eentr-o groap\u0103 de gunoi, \u00een Pata R\u00e2t 2.<\/p>\n<p><a href=\"https:\/\/comunitateaidentitara.com\/wp-content\/uploads\/2026\/08\/S2.jpg\"><img loading=\"lazy\" decoding=\"async\" class=\"aligncenter wp-image-5648 tie-appear lazyload\" alt width=\"533\" height=\"391\" src=\"https:\/\/comunitateaidentitara.com\/wp-content\/uploads\/2026\/08\/S2.jpg\"><\/a><\/p>\n<p><img loading=\"lazy\" decoding=\"async\" class=\"aligncenter wp-image-5648 tie-appear\" src=\"https:\/\/comunitateaidentitara.com\/wp-content\/uploads\/2026\/08\/S2.jpg\" alt width=\"533\" height=\"391\" data-eio=\"l\"><\/p>\n<p>Ne \u00eentreb\u0103m: \u021aiganii care au locuit toat\u0103 via\u021ba \u00een cocioabe la rampa de gunoi vor fi capabili s\u0103 se adapteze traiului de la bloc al\u0103turi de vecini? Ace\u0219tia vor fi capabili s\u0103 men\u021bin\u0103 ordinea \u0219i cur\u0103\u021benia \u00eentr-o scar\u0103? Vor putea s\u0103 nu depoziteze gunoaie \u00een spa\u021biul locativ \u0219i \u00een spa\u021biul comun al blocului? Vor fi \u00een stare s\u0103 pl\u0103teasc\u0103 utilit\u0103\u021bile? Ace\u0219tia vor fi capabili s\u0103 nu fac\u0103 g\u0103l\u0103gie \u0219i s\u0103 nu tulbure lini\u0219tea public\u0103? Nu va cre\u0219te nivelul infrac\u021biunilor \u00een zonele din ora\u0219 unde urmeaz\u0103 s\u0103 fie adu\u0219i? Oare nu vor exista mirosuri nepl\u0103cute \u00een acele cl\u0103diri? Nu vor fi distruse acele locuin\u021be \u00een nici c\u00e2teva luni dup\u0103 ce noii chiria\u0219i se vor muta acolo?<\/p>\n<p>Nu vom r\u0103spunde noi la aceste \u00eentreb\u0103ri, din cauza unei legi anticonstitu\u021bionale, antirom\u00e2ne\u0219ti, liberticide, mai exact Legea 2\/2021, a\u0219a-zisa lege de combatere a anti\u021big\u0103nismului. R\u0103spunsurile la aceste \u00eentreb\u0103ri ar putea fi considerate rasiste de c\u0103tre cei r\u0103u inten\u021biona\u021bi \u0219i necinsti\u021bi, dar situa\u021biile nepl\u0103cute \u00een care se pot trezi clujenii nu vor mai fi considerate discriminatorii de c\u0103tre sistemul corupt. Majoritatea rom\u00e2nilor \u0219tiu care sunt r\u0103spunsurile reale la aceste \u00eentreb\u0103ri.<\/p>\n<p>Prim\u0103ria a decis s\u0103 desf\u0103\u0219oare acest experiment multicultural f\u0103r\u0103 a se consulta cu cet\u0103\u021benii Clujului. Dac\u0103 apartamentele pentru \u021bigani vor fi cump\u0103rate din fonduri europene \u0219i norvegiene, chiria lunar\u0103 pentru acestea va fi pl\u0103tit\u0103 din bani publici, din taxele \u0219i impozitele tuturor clujenilor care muncesc cinstit. Iar dac\u0103 vor exista consecin\u021be negative, tot oamenii simpli vor avea de suferit, nu politicienii locali, \u00een a c\u0103ror blocuri (dac\u0103 nu stau la cas\u0103) b\u0103nuim c\u0103 nu se vor cump\u0103ra apartamente sociale pentru locuitorii de la Pata R\u00e2t. Mai multe despre pozi\u021bia noastr\u0103 pe acest subiect pute\u021bi citi \u00een\u00a0<a href=\"https:\/\/comunitateaidentitara.com\/emil-boc-nu-trebuie-lasat-sa-transforme-clujul-intr-o-groapa-de-gunoi\/\"><strong>acest comunicat de pres\u0103<\/strong><\/a>.<\/p>\n<p>Comunitatea Identitar\u0103 continu\u0103 s\u0103 monitorizeze aceast\u0103 situa\u021bie \u0219i s\u0103 atrag\u0103 aten\u021bia asupra unor consecin\u021be grave ce pot ap\u0103rea \u00een urma deciziei Prim\u0103riei. Clujenii merit\u0103 respect, iar Clujul nu trebuie s\u0103 ajung\u0103 o mare favel\u0103!. Acest ora\u0219 apar\u021bine locuitorilor s\u0103i, nu este feuda lui Boc!<\/p>\n<\/div>\n<article class=\"post-81436 post type-post status-publish entry includes-feat-image\">\n<div class=\"featured-image alignleft\"><a class=\"featured_post_link\" href=\"https:\/\/www.incorectpolitic.com\/curaj-adevar-si-libertate-senatorul-miron-manega-s-o-s-a-propus-abrogarea-legilor-delictului-de-opinie\/\" title=\"CURAJ, ADEV\u0102R \u0218I LIBERTATE! Senatorul Miron Manega (S.O.S.) a propus abrogarea legilor delictului de opinie!\"><img loading=\"lazy\" decoding=\"async\" width=\"150\" height=\"150\" src=\"https:\/\/www.incorectpolitic.com\/wp-content\/uploads\/2019\/04\/manega-150x150.png\" class=\"attachment-thumbnail size-thumbnail wp-post-image lazyload\" alt><img loading=\"lazy\" decoding=\"async\" width=\"150\" height=\"150\" src=\"https:\/\/www.incorectpolitic.com\/wp-content\/uploads\/2019\/04\/manega-150x150.png\" class=\"attachment-thumbnail size-thumbnail wp-post-image\" alt data-eio=\"l\"><\/a><\/div>\n<div class=\"entry-title\"><a class=\"featured_post_link\" href=\"https:\/\/www.incorectpolitic.com\/curaj-adevar-si-libertate-senatorul-miron-manega-s-o-s-a-propus-abrogarea-legilor-delictului-de-opinie\/\" title=\"CURAJ, ADEV\u0102R \u0218I LIBERTATE! Senatorul Miron Manega (S.O.S.) a propus abrogarea legilor delictului de opinie!\">CURAJ, ADEV\u0102R \u0218I LIBERTATE! Senatorul Miron Manega (S.O.S.) a propus abrogarea legilor delictului de opinie!<\/a><\/div>\n<\/article>\n<article class=\"post-80361 post type-post status-publish entry includes-feat-image\">\n<div class=\"featured-image alignleft\"><a class=\"featured_post_link\" href=\"https:\/\/www.incorectpolitic.com\/ultimul-fiu-al-daciei\/\" title=\"Ultimul Fiu al Daciei\"><img loading=\"lazy\" decoding=\"async\" width=\"100\" height=\"150\" src=\"https:\/\/www.incorectpolitic.com\/wp-content\/uploads\/2025\/10\/dac.jpeg\" class=\"attachment-thumbnail size-thumbnail wp-post-image lazyload\" alt><img loading=\"lazy\" decoding=\"async\" width=\"100\" height=\"150\" src=\"https:\/\/www.incorectpolitic.com\/wp-content\/uploads\/2025\/10\/dac.jpeg\" class=\"attachment-thumbnail size-thumbnail wp-post-image\" alt data-eio=\"l\"><\/a><\/div>\n<div class=\"entry-title\"><a class=\"featured_post_link\" href=\"https:\/\/www.incorectpolitic.com\/ultimul-fiu-al-daciei\/\" title=\"Ultimul Fiu al Daciei\">Ultimul Fiu al Daciei<\/a><\/div>\n<\/article>\n<article class=\"post-73927 post type-post status-publish entry includes-feat-image\">\n<div class=\"featured-image alignleft\"><a class=\"featured_post_link\" href=\"https:\/\/www.incorectpolitic.com\/cauzele-si-dinamica-antisemitismului\/\" title=\"Cauzele \u0219i Dinamica Antisemitismului\"><img loading=\"lazy\" decoding=\"async\" width=\"150\" height=\"150\" src=\"https:\/\/www.incorectpolitic.com\/wp-content\/uploads\/2018\/09\/bolshevik-jews-150x150.jpg\" class=\"attachment-thumbnail size-thumbnail wp-post-image lazyload\" alt><img loading=\"lazy\" decoding=\"async\" width=\"150\" height=\"150\" src=\"https:\/\/www.incorectpolitic.com\/wp-content\/uploads\/2018\/09\/bolshevik-jews-150x150.jpg\" class=\"attachment-thumbnail size-thumbnail wp-post-image\" alt data-eio=\"l\"><\/a><\/div>\n<div class=\"entry-title\"><a class=\"featured_post_link\" href=\"https:\/\/www.incorectpolitic.com\/cauzele-si-dinamica-antisemitismului\/\" title=\"Cauzele \u0219i Dinamica Antisemitismului\">Cauzele \u0219i Dinamica Antisemitismului<\/a><\/div>\n<\/article>\n<article class=\"post-72974 post type-post status-publish entry includes-feat-image\">\n<div class=\"featured-image alignleft\"><a class=\"featured_post_link\" href=\"https:\/\/www.incorectpolitic.com\/navalirea-jidanilor-de-vasile-alecsandri-piesa-interzisa\/\" title=\"N\u0103v\u0103lirea Jidanilor \u2013 de Vasile Alecsandri (Pies\u0103 interzis\u0103)\"><img loading=\"lazy\" decoding=\"async\" width=\"150\" height=\"150\" src=\"https:\/\/www.incorectpolitic.com\/wp-content\/uploads\/2024\/02\/jidani-navalire-2.png\" class=\"attachment-thumbnail size-thumbnail wp-post-image lazyload\" alt><img loading=\"lazy\" decoding=\"async\" width=\"150\" height=\"150\" src=\"https:\/\/www.incorectpolitic.com\/wp-content\/uploads\/2024\/02\/jidani-navalire-2.png\" class=\"attachment-thumbnail size-thumbnail wp-post-image\" alt data-eio=\"l\"><\/a><\/div>\n<div class=\"entry-title\"><a class=\"featured_post_link\" href=\"https:\/\/www.incorectpolitic.com\/navalirea-jidanilor-de-vasile-alecsandri-piesa-interzisa\/\" title=\"N\u0103v\u0103lirea Jidanilor \u2013 de Vasile Alecsandri (Pies\u0103 interzis\u0103)\">N\u0103v\u0103lirea Jidanilor \u2013 de Vasile Alecsandri (Pies\u0103 interzis\u0103)<\/a><\/div>\n<\/article>\n<article class=\"post-71879 post type-post status-publish entry includes-feat-image\">\n<div class=\"featured-image alignleft\"><a class=\"featured_post_link\" href=\"https:\/\/www.incorectpolitic.com\/europa-si-romania-in-anul-2050\/\" title=\"Europa \u0219i Rom\u00e2nia \u00een anul 2050\"><img loading=\"lazy\" decoding=\"async\" width=\"147\" height=\"150\" src=\"https:\/\/www.incorectpolitic.com\/wp-content\/uploads\/2024\/01\/Romania-2050-2.png\" class=\"attachment-thumbnail size-thumbnail wp-post-image lazyload\" alt><img loading=\"lazy\" decoding=\"async\" width=\"147\" height=\"150\" src=\"https:\/\/www.incorectpolitic.com\/wp-content\/uploads\/2024\/01\/Romania-2050-2.png\" class=\"attachment-thumbnail size-thumbnail wp-post-image\" alt data-eio=\"l\"><\/a><\/div>\n<div class=\"entry-title\"><a class=\"featured_post_link\" href=\"https:\/\/www.incorectpolitic.com\/europa-si-romania-in-anul-2050\/\" title=\"Europa \u0219i Rom\u00e2nia \u00een anul 2050\">Europa \u0219i Rom\u00e2nia \u00een anul 2050<\/a><\/div>\n<\/article>\n<article class=\"post-23854 post type-post status-publish entry includes-feat-image\">\n<div class=\"featured-image alignleft\"><a class=\"featured_post_link\" href=\"https:\/\/www.incorectpolitic.com\/vizita-papei-autonomie-alternativa\/\" title=\"Vizita Papei \u2013 Autonomie Alternativ\u0103\"><img loading=\"lazy\" decoding=\"async\" width=\"150\" height=\"150\" class=\"attachment-thumbnail size-thumbnail wp-post-image lazyload\" alt src=\"https:\/\/www.incorectpolitic.com\/wp-content\/uploads\/2019\/06\/uI2HFtR-150x150.jpg\"><img loading=\"lazy\" decoding=\"async\" width=\"150\" height=\"150\" src=\"https:\/\/www.incorectpolitic.com\/wp-content\/uploads\/2019\/06\/uI2HFtR-150x150.jpg\" class=\"attachment-thumbnail size-thumbnail wp-post-image\" alt data-eio=\"l\"><\/a><\/div>\n<div class=\"entry-title\"><a class=\"featured_post_link\" href=\"https:\/\/www.incorectpolitic.com\/vizita-papei-autonomie-alternativa\/\" title=\"Vizita Papei \u2013 Autonomie Alternativ\u0103\">Vizita Papei \u2013 Autonomie Alternativ\u0103<\/a><\/div>\n<\/article>\n<article class=\"post-72111 post type-post status-publish entry includes-feat-image\">\n<div class=\"featured-image alignleft\"><a class=\"featured_post_link\" href=\"https:\/\/www.incorectpolitic.com\/revelion-2023-2024-vine-anul-biruintei\/\" title=\"Revelion 2023 \u2013 2024 vine ANUL BIRUIN\u021aEI\"><img loading=\"lazy\" decoding=\"async\" width=\"150\" height=\"150\" src=\"https:\/\/www.incorectpolitic.com\/wp-content\/uploads\/2023\/12\/anul-biruintei.png\" class=\"attachment-thumbnail size-thumbnail wp-post-image lazyload\" alt><img loading=\"lazy\" decoding=\"async\" width=\"150\" height=\"150\" src=\"https:\/\/www.incorectpolitic.com\/wp-content\/uploads\/2023\/12\/anul-biruintei.png\" class=\"attachment-thumbnail size-thumbnail wp-post-image\" alt data-eio=\"l\"><\/a><\/div>\n<div class=\"entry-title\"><a class=\"featured_post_link\" href=\"https:\/\/www.incorectpolitic.com\/revelion-2023-2024-vine-anul-biruintei\/\" title=\"Revelion 2023 \u2013 2024 vine ANUL BIRUIN\u021aEI\">Revelion 2023 \u2013 2024 vine ANUL BIRUIN\u021aEI<\/a><\/div>\n<\/article>\n<article class=\"post-50139 post type-post status-publish entry includes-feat-image\">\n<div class=\"featured-image alignleft\"><a class=\"featured_post_link\" href=\"https:\/\/www.incorectpolitic.com\/analiza-strategiei-adoptata-de-guvern-pentru-combaterea-antisemitismului-xenofobiei-si-discursului-instigator-la-ura-2021-2023\/\" title=\"Analiza Strategiei Adoptat\u0103 de Guvern Pentru Combaterea \u201cantisemitismului, xenofobiei \u0219i discursului instigator la ur\u0103 2021-2023\u201d\"><img loading=\"lazy\" decoding=\"async\" width=\"150\" height=\"150\" src=\"https:\/\/www.incorectpolitic.com\/wp-content\/uploads\/2019\/08\/Jewish-censorship-e1421273251759-2-150x150.jpg\" class=\"attachment-thumbnail size-thumbnail wp-post-image lazyload\" alt><img loading=\"lazy\" decoding=\"async\" width=\"150\" height=\"150\" src=\"https:\/\/www.incorectpolitic.com\/wp-content\/uploads\/2019\/08\/Jewish-censorship-e1421273251759-2-150x150.jpg\" class=\"attachment-thumbnail size-thumbnail wp-post-image\" alt data-eio=\"l\"><\/a><\/div>\n<div class=\"entry-title\"><a class=\"featured_post_link\" href=\"https:\/\/www.incorectpolitic.com\/analiza-strategiei-adoptata-de-guvern-pentru-combaterea-antisemitismului-xenofobiei-si-discursului-instigator-la-ura-2021-2023\/\" title=\"Analiza Strategiei Adoptat\u0103 de Guvern Pentru Combaterea \u201cantisemitismului, xenofobiei \u0219i discursului instigator la ur\u0103 2021-2023\u201d\">Analiza Strategiei Adoptat\u0103 de Guvern Pentru Combaterea \u201cantisemitismului, xenofobiei \u0219i discursului instigator la ur\u0103 2021-2023\u201d<\/a><\/div>\n<\/article>\n<article class=\"post-70829 post type-post status-publish entry includes-feat-image\">\n<div class=\"featured-image alignleft\"><a class=\"featured_post_link\" href=\"https:\/\/www.incorectpolitic.com\/pozitia-unilaterala-a-pseudo-politicienilor-din-romania-si-a-bor-in-sustinerea-israelului-singurul-stat-terorist-din-lume-arata-ca-acestia-nu-au-o-fibra-cu-adevarat-nationala\/\" title=\"Pozi\u021bia unilateral\u0103 a pseudo politicienilor din Rom\u00e2nia \u0219i a BOR \u00een sus\u021binerea Israelului, singurul stat terorist din lume, arat\u0103 c\u0103 ace\u0219tia nu au o fibr\u0103 cu adev\u0103rat na\u021bional\u0103\"><img loading=\"lazy\" decoding=\"async\" width=\"150\" height=\"89\" src=\"https:\/\/www.incorectpolitic.com\/wp-content\/uploads\/2023\/08\/circumcision.png\" class=\"attachment-thumbnail size-thumbnail wp-post-image lazyload\" alt><img loading=\"lazy\" decoding=\"async\" width=\"150\" height=\"89\" src=\"https:\/\/www.incorectpolitic.com\/wp-content\/uploads\/2023\/08\/circumcision.png\" class=\"attachment-thumbnail size-thumbnail wp-post-image\" alt data-eio=\"l\"><\/a><\/div>\n<div class=\"entry-title\"><a class=\"featured_post_link\" href=\"https:\/\/www.incorectpolitic.com\/pozitia-unilaterala-a-pseudo-politicienilor-din-romania-si-a-bor-in-sustinerea-israelului-singurul-stat-terorist-din-lume-arata-ca-acestia-nu-au-o-fibra-cu-adevarat-nationala\/\" title=\"Pozi\u021bia unilateral\u0103 a pseudo politicienilor din Rom\u00e2nia \u0219i a BOR \u00een sus\u021binerea Israelului, singurul stat terorist din lume, arat\u0103 c\u0103 ace\u0219tia nu au o fibr\u0103 cu adev\u0103rat na\u021bional\u0103\">Pozi\u021bia unilateral\u0103 a pseudo politicienilor din Rom\u00e2nia \u0219i a BOR \u00een sus\u021binerea Israelului, singurul stat terorist din lume, arat\u0103 c\u0103 ace\u0219tia nu au o fibr\u0103 cu adev\u0103rat na\u021bional\u0103<\/a><\/div>\n<\/article>\n<article class=\"post-66937 post type-post status-publish entry includes-feat-image\">\n<div class=\"featured-image alignleft\"><a class=\"featured_post_link\" href=\"https:\/\/www.incorectpolitic.com\/agresiunea-impotriva-revizionistilor-istorici-si-efectele-linsajului-judiciar-de-la-nuremberg\/\" title=\"Agresiunea \u00eempotriva Revizioni\u0219tilor Istorici \u0219i efectele lin\u0219ajului judiciar de la Nurnberg\"><img loading=\"lazy\" decoding=\"async\" width=\"150\" height=\"100\" src=\"https:\/\/www.incorectpolitic.com\/wp-content\/uploads\/2023\/04\/image_2023-04-30_134634134.png\" class=\"attachment-thumbnail size-thumbnail wp-post-image lazyload\" alt><img loading=\"lazy\" decoding=\"async\" width=\"150\" height=\"100\" src=\"https:\/\/www.incorectpolitic.com\/wp-content\/uploads\/2023\/04\/image_2023-04-30_134634134.png\" class=\"attachment-thumbnail size-thumbnail wp-post-image\" alt data-eio=\"l\"><\/a><\/div>\n<div class=\"entry-title\"><a class=\"featured_post_link\" href=\"https:\/\/www.incorectpolitic.com\/agresiunea-impotriva-revizionistilor-istorici-si-efectele-linsajului-judiciar-de-la-nuremberg\/\" title=\"Agresiunea \u00eempotriva Revizioni\u0219tilor Istorici \u0219i efectele lin\u0219ajului judiciar de la Nurnberg\">Agresiunea \u00eempotriva Revizioni\u0219tilor Istorici \u0219i efectele lin\u0219ajului judiciar de la Nurnberg<\/a><\/div>\n<\/article>\n<article class=\"post-19111 post type-post status-publish entry includes-feat-image\">\n<div class=\"featured-image alignleft\"><a class=\"featured_post_link\" href=\"https:\/\/www.incorectpolitic.com\/despre-adevar\/\" title=\"Despre Adev\u0103r\"><img loading=\"lazy\" decoding=\"async\" width=\"150\" height=\"150\" src=\"https:\/\/www.incorectpolitic.com\/wp-content\/uploads\/2019\/02\/freedomfromchain-150x150.jpg\" class=\"attachment-thumbnail size-thumbnail wp-post-image lazyload\" alt><img loading=\"lazy\" decoding=\"async\" width=\"150\" height=\"150\" src=\"https:\/\/www.incorectpolitic.com\/wp-content\/uploads\/2019\/02\/freedomfromchain-150x150.jpg\" class=\"attachment-thumbnail size-thumbnail wp-post-image\" alt data-eio=\"l\"><\/a><\/div>\n<div class=\"entry-title\"><a class=\"featured_post_link\" href=\"https:\/\/www.incorectpolitic.com\/despre-adevar\/\" title=\"Despre Adev\u0103r\">Despre Adev\u0103r<\/a><\/div>\n<\/article>\n<article class=\"post-53767 post type-post status-publish entry includes-feat-image\">\n<div class=\"featured-image alignleft\"><a class=\"featured_post_link\" href=\"https:\/\/www.incorectpolitic.com\/dictionarul-coincidentelor-cine-sunt-iudeii-care-ne-au-influentat-tara-in-istoria-recenta\/\" title=\"DIC\u021aIONARUL COINCIDEN\u021aELOR  \u2013 Cine sunt iudeii care ne-au influen\u021bat \u021bara \u00een istoria recent\u0103\"><img loading=\"lazy\" decoding=\"async\" width=\"150\" height=\"150\" src=\"https:\/\/www.incorectpolitic.com\/wp-content\/uploads\/2021\/09\/coinc-150x150.png\" class=\"attachment-thumbnail size-thumbnail wp-post-image lazyload\" alt><img loading=\"lazy\" decoding=\"async\" width=\"150\" height=\"150\" src=\"https:\/\/www.incorectpolitic.com\/wp-content\/uploads\/2021\/09\/coinc-150x150.png\" class=\"attachment-thumbnail size-thumbnail wp-post-image\" alt data-eio=\"l\"><\/a><\/div>\n<div class=\"entry-title\"><a class=\"featured_post_link\" href=\"https:\/\/www.incorectpolitic.com\/dictionarul-coincidentelor-cine-sunt-iudeii-care-ne-au-influentat-tara-in-istoria-recenta\/\" title=\"DIC\u021aIONARUL COINCIDEN\u021aELOR  \u2013 Cine sunt iudeii care ne-au influen\u021bat \u021bara \u00een istoria recent\u0103\">DIC\u021aIONARUL COINCIDEN\u021aELOR  \u2013 Cine sunt iudeii care ne-au influen\u021bat \u021bara \u00een istoria recent\u0103<\/a><\/div>\n<\/article>\n<article class=\"post-51156 post type-post status-publish entry includes-feat-image\">\n<div class=\"featured-image alignleft\"><a class=\"featured_post_link\" href=\"https:\/\/www.incorectpolitic.com\/desertaciune-nu-aparare\/\" title=\"DE\u0218ERT\u0102CIUNE?! Nu, AP\u0102RARE!\"><img loading=\"lazy\" decoding=\"async\" width=\"150\" height=\"150\" class=\"attachment-thumbnail size-thumbnail wp-post-image lazyload\" alt src=\"https:\/\/www.incorectpolitic.com\/wp-content\/uploads\/2021\/06\/desertaciune-nu-aparare-150x150.jpg\"><img loading=\"lazy\" decoding=\"async\" width=\"150\" height=\"150\" src=\"https:\/\/www.incorectpolitic.com\/wp-content\/uploads\/2021\/06\/desertaciune-nu-aparare-150x150.jpg\" class=\"attachment-thumbnail size-thumbnail wp-post-image\" alt data-eio=\"l\"><\/a><\/div>\n<div class=\"entry-title\"><a class=\"featured_post_link\" href=\"https:\/\/www.incorectpolitic.com\/desertaciune-nu-aparare\/\" title=\"DE\u0218ERT\u0102CIUNE?! Nu, AP\u0102RARE!\">DE\u0218ERT\u0102CIUNE?! Nu, AP\u0102RARE!<\/a><\/div>\n<\/article>\n<article class=\"post-44728 post type-post status-publish entry includes-feat-image\">\n<div class=\"featured-image alignleft\"><a class=\"featured_post_link\" href=\"https:\/\/www.incorectpolitic.com\/resetarea-medicinei-sau-resetarea-omenirii-prin-nanotehnologie\/\" title=\"Resetarea Medicinei sau Resetarea Omenirii prin Nanotehnologie\"><img loading=\"lazy\" decoding=\"async\" width=\"150\" height=\"150\" src=\"https:\/\/www.incorectpolitic.com\/wp-content\/uploads\/2020\/12\/ed8a914d6d236c9d231903a8b2e79f63-150x150.gif\" class=\"attachment-thumbnail size-thumbnail wp-post-image lazyload\" alt><img loading=\"lazy\" decoding=\"async\" width=\"150\" height=\"150\" src=\"https:\/\/www.incorectpolitic.com\/wp-content\/uploads\/2020\/12\/ed8a914d6d236c9d231903a8b2e79f63-150x150.gif\" class=\"attachment-thumbnail size-thumbnail wp-post-image\" alt data-eio=\"l\"><\/a><\/div>\n<div class=\"entry-title\"><a class=\"featured_post_link\" href=\"https:\/\/www.incorectpolitic.com\/resetarea-medicinei-sau-resetarea-omenirii-prin-nanotehnologie\/\" title=\"Resetarea Medicinei sau Resetarea Omenirii prin Nanotehnologie\">Resetarea Medicinei sau Resetarea Omenirii prin Nanotehnologie<\/a><\/div>\n<\/article>\n<article class=\"post-43837 post type-post status-publish entry includes-feat-image\">\n<div class=\"featured-image alignleft\"><a class=\"featured_post_link\" href=\"https:\/\/www.incorectpolitic.com\/noul-legamant\/\" title=\"Noul Leg\u0103m\u00e2nt\"><img loading=\"lazy\" decoding=\"async\" width=\"150\" height=\"150\" src=\"https:\/\/www.incorectpolitic.com\/wp-content\/uploads\/2020\/12\/NL-150x150.jpg\" class=\"attachment-thumbnail size-thumbnail wp-post-image lazyload\" alt><img loading=\"lazy\" decoding=\"async\" width=\"150\" height=\"150\" src=\"https:\/\/www.incorectpolitic.com\/wp-content\/uploads\/2020\/12\/NL-150x150.jpg\" class=\"attachment-thumbnail size-thumbnail wp-post-image\" alt data-eio=\"l\"><\/a><\/div>\n<div class=\"entry-title\"><a class=\"featured_post_link\" href=\"https:\/\/www.incorectpolitic.com\/noul-legamant\/\" title=\"Noul Leg\u0103m\u00e2nt\">Noul Leg\u0103m\u00e2nt<\/a><\/div>\n<\/article>\n<article class=\"post-42525 post type-post status-publish entry includes-feat-image\">\n<div class=\"featured-image alignleft\"><a class=\"featured_post_link\" href=\"https:\/\/www.incorectpolitic.com\/vaccinarea-inseamna-crima-un-atentat-la-sanatatea-personala-la-integritatea-corporala-si-intimitatea-oricarui-om-liber-medicul-ce-vaccineaza-cu-forta-un-om-liber-merita-sa-fie-pedepsit-de-acesta\/\" title=\"Vaccinarea \u00eenseamn\u0103 crim\u0103, un atentat la s\u0103n\u0103tatea personal\u0103, la integritatea corporal\u0103 \u0219i intimitatea oric\u0103rui om liber. Medicul ce vaccineaz\u0103 cu for\u021ba un om liber merit\u0103 s\u0103 fie pedepsit de acesta\"><img loading=\"lazy\" decoding=\"async\" width=\"150\" height=\"150\" src=\"https:\/\/www.incorectpolitic.com\/wp-content\/uploads\/2020\/11\/syringe_0-150x150.jpg\" class=\"attachment-thumbnail size-thumbnail wp-post-image lazyload\" alt><img loading=\"lazy\" decoding=\"async\" width=\"150\" height=\"150\" src=\"https:\/\/www.incorectpolitic.com\/wp-content\/uploads\/2020\/11\/syringe_0-150x150.jpg\" class=\"attachment-thumbnail size-thumbnail wp-post-image\" alt data-eio=\"l\"><\/a><\/div>\n<div class=\"entry-title\"><a class=\"featured_post_link\" href=\"https:\/\/www.incorectpolitic.com\/vaccinarea-inseamna-crima-un-atentat-la-sanatatea-personala-la-integritatea-corporala-si-intimitatea-oricarui-om-liber-medicul-ce-vaccineaza-cu-forta-un-om-liber-merita-sa-fie-pedepsit-de-acesta\/\" title=\"Vaccinarea \u00eenseamn\u0103 crim\u0103, un atentat la s\u0103n\u0103tatea personal\u0103, la integritatea corporal\u0103 \u0219i intimitatea oric\u0103rui om liber. Medicul ce vaccineaz\u0103 cu for\u021ba un om liber merit\u0103 s\u0103 fie pedepsit de acesta\">Vaccinarea \u00eenseamn\u0103 crim\u0103, un atentat la s\u0103n\u0103tatea personal\u0103, la integritatea corporal\u0103 \u0219i intimitatea oric\u0103rui om liber. Medicul ce vaccineaz\u0103 cu for\u021ba un om liber merit\u0103 s\u0103 fie pedepsit de acesta<\/a><\/div>\n<\/article>\n<article class=\"post-38338 post type-post status-publish entry includes-feat-image\">\n<div class=\"featured-image alignleft\"><a class=\"featured_post_link\" href=\"https:\/\/www.incorectpolitic.com\/trebuie-sa-distrugem-suprematia-jidoveasca\/\" title=\"Trebuie s\u0103 distrugem superma\u021bia jidoveasc\u0103!\"><img loading=\"lazy\" decoding=\"async\" width=\"150\" height=\"150\" src=\"https:\/\/www.incorectpolitic.com\/wp-content\/uploads\/2018\/11\/GunoiOPS-150x150.png\" class=\"attachment-thumbnail size-thumbnail wp-post-image lazyload\" alt><img loading=\"lazy\" decoding=\"async\" width=\"150\" height=\"150\" src=\"https:\/\/www.incorectpolitic.com\/wp-content\/uploads\/2018\/11\/GunoiOPS-150x150.png\" class=\"attachment-thumbnail size-thumbnail wp-post-image\" alt data-eio=\"l\"><\/a><\/div>\n<div class=\"entry-title\"><a class=\"featured_post_link\" href=\"https:\/\/www.incorectpolitic.com\/trebuie-sa-distrugem-suprematia-jidoveasca\/\" title=\"Trebuie s\u0103 distrugem superma\u021bia jidoveasc\u0103!\">Trebuie s\u0103 distrugem superma\u021bia jidoveasc\u0103!<\/a><\/div>\n<\/article>\n<article class=\"post-30776 post type-post status-publish entry includes-feat-image\">\n<div class=\"featured-image alignleft\"><a class=\"featured_post_link\" href=\"https:\/\/www.incorectpolitic.com\/da-ti-doua-palme-si-ridica-te\/\" title=\"D\u0103-\u021bi Dou\u0103 Palme \u0219i Ridic\u0103-te\"><img loading=\"lazy\" decoding=\"async\" width=\"150\" height=\"150\" src=\"https:\/\/www.incorectpolitic.com\/wp-content\/uploads\/2019\/11\/1-mai-620x350-150x150.jpg\" class=\"attachment-thumbnail size-thumbnail wp-post-image lazyload\" alt><img loading=\"lazy\" decoding=\"async\" width=\"150\" height=\"150\" src=\"https:\/\/www.incorectpolitic.com\/wp-content\/uploads\/2019\/11\/1-mai-620x350-150x150.jpg\" class=\"attachment-thumbnail size-thumbnail wp-post-image\" alt data-eio=\"l\"><\/a><\/div>\n<div class=\"entry-title\"><a class=\"featured_post_link\" href=\"https:\/\/www.incorectpolitic.com\/da-ti-doua-palme-si-ridica-te\/\" title=\"D\u0103-\u021bi Dou\u0103 Palme \u0219i Ridic\u0103-te\">D\u0103-\u021bi Dou\u0103 Palme \u0219i Ridic\u0103-te<\/a><\/div>\n<\/article>\n<article class=\"post-27862 post type-post status-publish entry includes-feat-image\">\n<div class=\"featured-image alignleft\"><a class=\"featured_post_link\" href=\"https:\/\/www.incorectpolitic.com\/scrisoare-deschisa-catre-neamul-romanesc\/\" title=\"Scrisoare Deschis\u0103 C\u0103tre Neamul Rom\u00e2nesc\"><img loading=\"lazy\" decoding=\"async\" width=\"150\" height=\"150\" src=\"https:\/\/www.incorectpolitic.com\/wp-content\/uploads\/2019\/09\/videoblocks-male-hand-reload-a-revolver-magnum-gun-without-bullets-magnum-revolver-and-empty-bullet-magnum-lead-round-nose-45-auto-rim-revolver-rounds_ha1focujz_thumbnail-full01-150x150.jpg\" class=\"attachment-thumbnail size-thumbnail wp-post-image lazyload\" alt><img loading=\"lazy\" decoding=\"async\" width=\"150\" height=\"150\" src=\"https:\/\/www.incorectpolitic.com\/wp-content\/uploads\/2019\/09\/videoblocks-male-hand-reload-a-revolver-magnum-gun-without-bullets-magnum-revolver-and-empty-bullet-magnum-lead-round-nose-45-auto-rim-revolver-rounds_ha1focujz_thumbnail-full01-150x150.jpg\" class=\"attachment-thumbnail size-thumbnail wp-post-image\" alt data-eio=\"l\"><\/a><\/div>\n<div class=\"entry-title\"><a class=\"featured_post_link\" href=\"https:\/\/www.incorectpolitic.com\/scrisoare-deschisa-catre-neamul-romanesc\/\" title=\"Scrisoare Deschis\u0103 C\u0103tre Neamul Rom\u00e2nesc\">Scrisoare Deschis\u0103 C\u0103tre Neamul Rom\u00e2nesc<\/a><\/div>\n<\/article>\n<article class=\"post-26255 post type-post status-publish entry includes-feat-image\">\n<div class=\"featured-image alignleft\"><a class=\"featured_post_link\" href=\"https:\/\/www.incorectpolitic.com\/sociologia-eliberarii-si-curentele-laterale-de-sedimentare-revolutionara\/\" title=\"Sociologia Eliber\u0103rii \u0219i Curentele Laterale de Sedimentare Revolu\u021bionar\u0103\"><img loading=\"lazy\" decoding=\"async\" width=\"150\" height=\"150\" src=\"https:\/\/www.incorectpolitic.com\/wp-content\/uploads\/2020\/12\/nm3-150x150.png\" class=\"attachment-thumbnail size-thumbnail wp-post-image lazyload\" alt><img loading=\"lazy\" decoding=\"async\" width=\"150\" height=\"150\" src=\"https:\/\/www.incorectpolitic.com\/wp-content\/uploads\/2020\/12\/nm3-150x150.png\" class=\"attachment-thumbnail size-thumbnail wp-post-image\" alt data-eio=\"l\"><\/a><\/div>\n<div class=\"entry-title\"><a class=\"featured_post_link\" href=\"https:\/\/www.incorectpolitic.com\/sociologia-eliberarii-si-curentele-laterale-de-sedimentare-revolutionara\/\" title=\"Sociologia Eliber\u0103rii \u0219i Curentele Laterale de Sedimentare Revolu\u021bionar\u0103\">Sociologia Eliber\u0103rii \u0219i Curentele Laterale de Sedimentare Revolu\u021bionar\u0103<\/a><\/div>\n<\/article>\n<article class=\"post-21977 post type-post status-publish entry includes-feat-image\">\n<div class=\"featured-image alignleft\"><a class=\"featured_post_link\" href=\"https:\/\/www.incorectpolitic.com\/impotriva-fatalismului\/\" title=\"\u00cempotriva Fatalismului\"><img loading=\"lazy\" decoding=\"async\" width=\"150\" height=\"150\" src=\"https:\/\/www.incorectpolitic.com\/wp-content\/uploads\/2019\/04\/thumb-150x150.jpg\" class=\"attachment-thumbnail size-thumbnail wp-post-image lazyload\" alt><img loading=\"lazy\" decoding=\"async\" width=\"150\" height=\"150\" src=\"https:\/\/www.incorectpolitic.com\/wp-content\/uploads\/2019\/04\/thumb-150x150.jpg\" class=\"attachment-thumbnail size-thumbnail wp-post-image\" alt data-eio=\"l\"><\/a><\/div>\n<div class=\"entry-title\"><a class=\"featured_post_link\" href=\"https:\/\/www.incorectpolitic.com\/impotriva-fatalismului\/\" title=\"\u00cempotriva Fatalismului\">\u00cempotriva Fatalismului<\/a><\/div>\n<\/article>\n<article class=\"post-20844 post type-post status-publish entry includes-feat-image\">\n<div class=\"featured-image alignleft\"><a class=\"featured_post_link\" href=\"https:\/\/www.incorectpolitic.com\/inceputul-etapei-post-globaliste-mass-media-ultimul-obstacol\/\" title=\"\u00cenceputul Etapei Post-Globaliste \u2013  Mass Media Ultimul Obstacol\"><img loading=\"lazy\" decoding=\"async\" width=\"150\" height=\"150\" src=\"https:\/\/www.incorectpolitic.com\/wp-content\/uploads\/2019\/03\/https___cdn.cnn_.com_cnnnext_dam_assets_181202123002-yellow-vest-protest-150x150.jpg\" class=\"attachment-thumbnail size-thumbnail wp-post-image lazyload\" alt><img loading=\"lazy\" decoding=\"async\" width=\"150\" height=\"150\" src=\"https:\/\/www.incorectpolitic.com\/wp-content\/uploads\/2019\/03\/https___cdn.cnn_.com_cnnnext_dam_assets_181202123002-yellow-vest-protest-150x150.jpg\" class=\"attachment-thumbnail size-thumbnail wp-post-image\" alt data-eio=\"l\"><\/a><\/div>\n<div class=\"entry-title\"><a class=\"featured_post_link\" href=\"https:\/\/www.incorectpolitic.com\/inceputul-etapei-post-globaliste-mass-media-ultimul-obstacol\/\" title=\"\u00cenceputul Etapei Post-Globaliste \u2013  Mass Media Ultimul Obstacol\">\u00cenceputul Etapei Post-Globaliste \u2013  Mass Media Ultimul Obstacol<\/a><\/div>\n<\/article>\n<article class=\"post-19704 post type-post status-publish entry includes-feat-image\">\n<div class=\"featured-image alignleft\"><a class=\"featured_post_link\" href=\"https:\/\/www.incorectpolitic.com\/mlastina-mass-media-serial-complet\/\" title=\"Mla\u0219tina Mass Media  \u2013 Serial Complet\"><img loading=\"lazy\" decoding=\"async\" width=\"150\" height=\"150\" src=\"https:\/\/www.incorectpolitic.com\/wp-content\/uploads\/2018\/06\/colaj-modificat-1-768x278-150x150.jpg\" class=\"attachment-thumbnail size-thumbnail wp-post-image lazyload\" alt><img loading=\"lazy\" decoding=\"async\" width=\"150\" height=\"150\" src=\"https:\/\/www.incorectpolitic.com\/wp-content\/uploads\/2018\/06\/colaj-modificat-1-768x278-150x150.jpg\" class=\"attachment-thumbnail size-thumbnail wp-post-image\" alt data-eio=\"l\"><\/a><\/div>\n<div class=\"entry-title\"><a class=\"featured_post_link\" href=\"https:\/\/www.incorectpolitic.com\/mlastina-mass-media-serial-complet\/\" title=\"Mla\u0219tina Mass Media  \u2013 Serial Complet\">Mla\u0219tina Mass Media  \u2013 Serial Complet<\/a><\/div>\n<\/article>\n<article class=\"post-5104 post type-post status-publish entry includes-feat-image\">\n<div class=\"featured-image alignleft\"><a class=\"featured_post_link\" href=\"https:\/\/www.incorectpolitic.com\/momentul-1937\/\" title=\"Momentul 1937\"><img loading=\"lazy\" decoding=\"async\" width=\"150\" height=\"150\" src=\"https:\/\/www.incorectpolitic.com\/wp-content\/uploads\/2018\/03\/capitanul-codreanu2003a-150x150.jpg\" class=\"attachment-thumbnail size-thumbnail wp-post-image lazyload\" alt><img loading=\"lazy\" decoding=\"async\" width=\"150\" height=\"150\" src=\"https:\/\/www.incorectpolitic.com\/wp-content\/uploads\/2018\/03\/capitanul-codreanu2003a-150x150.jpg\" class=\"attachment-thumbnail size-thumbnail wp-post-image\" alt data-eio=\"l\"><\/a><\/div>\n<div class=\"entry-title\"><a class=\"featured_post_link\" href=\"https:\/\/www.incorectpolitic.com\/momentul-1937\/\" title=\"Momentul 1937\">Momentul 1937<\/a><\/div>\n<\/article>\n<article class=\"post-16914 post type-post status-publish entry includes-feat-image\">\n<div class=\"featured-image alignleft\"><a class=\"featured_post_link\" href=\"https:\/\/www.incorectpolitic.com\/portretul-romanului-iudeo-crestin\/\" title=\"Portretul Rom\u00e2nului Iudeo-Cre\u0219tin Iubitor de Infanticid\"><img loading=\"lazy\" decoding=\"async\" width=\"150\" height=\"150\" src=\"https:\/\/www.incorectpolitic.com\/wp-content\/uploads\/2019\/01\/venn-150x150.jpg\" class=\"attachment-thumbnail size-thumbnail wp-post-image lazyload\" alt><img loading=\"lazy\" decoding=\"async\" width=\"150\" height=\"150\" src=\"https:\/\/www.incorectpolitic.com\/wp-content\/uploads\/2019\/01\/venn-150x150.jpg\" class=\"attachment-thumbnail size-thumbnail wp-post-image\" alt data-eio=\"l\"><\/a><\/div>\n<div class=\"entry-title\"><a class=\"featured_post_link\" href=\"https:\/\/www.incorectpolitic.com\/portretul-romanului-iudeo-crestin\/\" title=\"Portretul Rom\u00e2nului Iudeo-Cre\u0219tin Iubitor de Infanticid\">Portretul Rom\u00e2nului Iudeo-Cre\u0219tin Iubitor de Infanticid<\/a><\/div>\n<\/article>\n<article class=\"post-13899 post type-post status-publish entry includes-feat-image\">\n<div class=\"featured-image alignleft\"><a class=\"featured_post_link\" href=\"https:\/\/www.incorectpolitic.com\/manifest-impotriva-national-sionismului\/\" title=\"Manifest \u00cempotriva Na\u021bional-Sionismului din Rom\u00e2nia\"><img loading=\"lazy\" decoding=\"async\" width=\"150\" height=\"150\" src=\"https:\/\/www.incorectpolitic.com\/wp-content\/uploads\/2018\/10\/z1-150x150.png\" class=\"attachment-thumbnail size-thumbnail wp-post-image lazyload\" alt><img loading=\"lazy\" decoding=\"async\" width=\"150\" height=\"150\" src=\"https:\/\/www.incorectpolitic.com\/wp-content\/uploads\/2018\/10\/z1-150x150.png\" class=\"attachment-thumbnail size-thumbnail wp-post-image\" alt data-eio=\"l\"><\/a><\/div>\n<div class=\"entry-title\"><a class=\"featured_post_link\" href=\"https:\/\/www.incorectpolitic.com\/manifest-impotriva-national-sionismului\/\" title=\"Manifest \u00cempotriva Na\u021bional-Sionismului din Rom\u00e2nia\">Manifest \u00cempotriva Na\u021bional-Sionismului din Rom\u00e2nia<\/a><\/div>\n<\/article>\n<article class=\"post-7498 post type-post status-publish entry includes-feat-image\">\n<div class=\"featured-image alignleft\"><a class=\"featured_post_link\" href=\"https:\/\/www.incorectpolitic.com\/istorie-zydokomuna-cea-mai-completa-lista-a-nomenclaturii-iudeo-bolsevice-din-romania\/\" title=\"Istorie: \u017bYDOKOMUNA, Cea Mai Complet\u0103 List\u0103 a Nomenclaturii Iudeo-Bol\u0219evice din Rom\u00e2nia\"><img loading=\"lazy\" decoding=\"async\" width=\"150\" height=\"150\" src=\"https:\/\/www.incorectpolitic.com\/wp-content\/uploads\/2018\/06\/holocaustul-rosu-150x150.jpg\" class=\"attachment-thumbnail size-thumbnail wp-post-image lazyload\" alt><img loading=\"lazy\" decoding=\"async\" width=\"150\" height=\"150\" src=\"https:\/\/www.incorectpolitic.com\/wp-content\/uploads\/2018\/06\/holocaustul-rosu-150x150.jpg\" class=\"attachment-thumbnail size-thumbnail wp-post-image\" alt data-eio=\"l\"><\/a><\/div>\n<div class=\"entry-title\"><a class=\"featured_post_link\" href=\"https:\/\/www.incorectpolitic.com\/istorie-zydokomuna-cea-mai-completa-lista-a-nomenclaturii-iudeo-bolsevice-din-romania\/\" title=\"Istorie: \u017bYDOKOMUNA, Cea Mai Complet\u0103 List\u0103 a Nomenclaturii Iudeo-Bol\u0219evice din Rom\u00e2nia\">Istorie: \u017bYDOKOMUNA, Cea Mai Complet\u0103 List\u0103 a Nomenclaturii Iudeo-Bol\u0219evice din Rom\u00e2nia<\/a><\/div>\n<\/article>\n<article class=\"post-6413 post type-post status-publish entry includes-feat-image\">\n<div class=\"featured-image alignleft\"><a class=\"featured_post_link\" href=\"https:\/\/www.incorectpolitic.com\/iudaismul-este-un-proiect-politic\/\" title=\"Iudaismul Este Un Proiect Politic\"><img loading=\"lazy\" decoding=\"async\" width=\"150\" height=\"150\" src=\"https:\/\/www.incorectpolitic.com\/wp-content\/uploads\/2018\/05\/israelzionismjudaism5-150x150.jpeg\" class=\"attachment-thumbnail size-thumbnail wp-post-image lazyload\" alt><img loading=\"lazy\" decoding=\"async\" width=\"150\" height=\"150\" src=\"https:\/\/www.incorectpolitic.com\/wp-content\/uploads\/2018\/05\/israelzionismjudaism5-150x150.jpeg\" class=\"attachment-thumbnail size-thumbnail wp-post-image\" alt data-eio=\"l\"><\/a><\/div>\n<div class=\"entry-title\"><a class=\"featured_post_link\" href=\"https:\/\/www.incorectpolitic.com\/iudaismul-este-un-proiect-politic\/\" title=\"Iudaismul Este Un Proiect Politic\">Iudaismul Este Un Proiect Politic<\/a><\/div>\n<\/article>\n<article class=\"post-5089 post type-post status-publish entry includes-feat-image\">\n<div class=\"featured-image alignleft\"><a class=\"featured_post_link\" href=\"https:\/\/www.incorectpolitic.com\/exploziv-si-excluziv-interviul-interzis-in-presa-romaneasca\/\" title=\"EXPLOZIV \u0218I EXCLUSIV: Interviul INTERZIS \u00een Presa Rom\u00e2neasc\u0103\"><img loading=\"lazy\" decoding=\"async\" width=\"150\" height=\"150\" src=\"https:\/\/www.incorectpolitic.com\/wp-content\/uploads\/2018\/03\/gscz6z-150x150.gif\" class=\"attachment-thumbnail size-thumbnail wp-post-image lazyload\" alt><img loading=\"lazy\" decoding=\"async\" width=\"150\" height=\"150\" src=\"https:\/\/www.incorectpolitic.com\/wp-content\/uploads\/2018\/03\/gscz6z-150x150.gif\" class=\"attachment-thumbnail size-thumbnail wp-post-image\" alt data-eio=\"l\"><\/a><\/div>\n<div class=\"entry-title\"><a class=\"featured_post_link\" href=\"https:\/\/www.incorectpolitic.com\/exploziv-si-excluziv-interviul-interzis-in-presa-romaneasca\/\" title=\"EXPLOZIV \u0218I EXCLUSIV: Interviul INTERZIS \u00een Presa Rom\u00e2neasc\u0103\">EXPLOZIV \u0218I EXCLUSIV: Interviul INTERZIS \u00een Presa Rom\u00e2neasc\u0103<\/a><\/div>\n<\/article>\n<article class=\"post-1109 post type-post status-publish entry includes-feat-image\">\n<div class=\"featured-image alignleft\"><a class=\"featured_post_link\" href=\"https:\/\/www.incorectpolitic.com\/ofensiva-spirituala-poloniei\/\" title=\"Ofensiva Spiritual\u0103 a Poloniei\"><img loading=\"lazy\" decoding=\"async\" width=\"150\" height=\"150\" src=\"https:\/\/www.incorectpolitic.com\/wp-content\/uploads\/2017\/10\/jesus-with-whip3-150x150.jpg\" class=\"attachment-thumbnail size-thumbnail wp-post-image lazyload\" alt><img loading=\"lazy\" decoding=\"async\" width=\"150\" height=\"150\" src=\"https:\/\/www.incorectpolitic.com\/wp-content\/uploads\/2017\/10\/jesus-with-whip3-150x150.jpg\" class=\"attachment-thumbnail size-thumbnail wp-post-image\" alt data-eio=\"l\"><\/a><\/div>\n<div class=\"entry-title\"><a class=\"featured_post_link\" href=\"https:\/\/www.incorectpolitic.com\/ofensiva-spirituala-poloniei\/\" title=\"Ofensiva Spiritual\u0103 a Poloniei\">Ofensiva Spiritual\u0103 a Poloniei<\/a><\/div>\n<\/article>\n<article class=\"post-5673 post type-post status-publish entry includes-feat-image\">\n<div class=\"featured-image alignleft\"><a class=\"featured_post_link\" href=\"https:\/\/www.incorectpolitic.com\/biciul-prigonirii-romanilor-este-in-mana-jidanilor\/\" title=\"Biciul Prigonirii Rom\u00e2nilor Este \u00een M\u00e2na Jidanilor!\"><img loading=\"lazy\" decoding=\"async\" width=\"150\" height=\"150\" src=\"https:\/\/www.incorectpolitic.com\/wp-content\/uploads\/2018\/04\/S.-Vexler-si-B.-Netanyahu-150x150.jpg\" class=\"attachment-thumbnail size-thumbnail wp-post-image lazyload\" alt><img loading=\"lazy\" decoding=\"async\" width=\"150\" height=\"150\" src=\"https:\/\/www.incorectpolitic.com\/wp-content\/uploads\/2018\/04\/S.-Vexler-si-B.-Netanyahu-150x150.jpg\" class=\"attachment-thumbnail size-thumbnail wp-post-image\" alt data-eio=\"l\"><\/a><\/div>\n<div class=\"entry-title\"><a class=\"featured_post_link\" href=\"https:\/\/www.incorectpolitic.com\/biciul-prigonirii-romanilor-este-in-mana-jidanilor\/\" title=\"Biciul Prigonirii Rom\u00e2nilor Este \u00een M\u00e2na Jidanilor!\">Biciul Prigonirii Rom\u00e2nilor Este \u00een M\u00e2na Jidanilor!<\/a><\/div>\n<\/article>\n<article class=\"post-80464 post type-post status-publish entry includes-feat-image\">\n<div class=\"featured-image alignleft\"><a class=\"featured_post_link\" href=\"https:\/\/www.incorectpolitic.com\/talmudismul-este-esenta-satanismului\/\" title=\"TALMUDISMUL ESTE ESEN\u021aA SATANISMULUI\"><img loading=\"lazy\" decoding=\"async\" width=\"150\" height=\"150\" src=\"https:\/\/www.incorectpolitic.com\/wp-content\/uploads\/2020\/02\/vasile-zarnescu-150x150.png\" class=\"attachment-thumbnail size-thumbnail wp-post-image lazyload\" alt><img loading=\"lazy\" decoding=\"async\" width=\"150\" height=\"150\" src=\"https:\/\/www.incorectpolitic.com\/wp-content\/uploads\/2020\/02\/vasile-zarnescu-150x150.png\" class=\"attachment-thumbnail size-thumbnail wp-post-image\" alt data-eio=\"l\"><\/a><\/div>\n<div class=\"entry-title\"><a class=\"featured_post_link\" href=\"https:\/\/www.incorectpolitic.com\/talmudismul-este-esenta-satanismului\/\" title=\"TALMUDISMUL ESTE ESEN\u021aA SATANISMULUI\">TALMUDISMUL ESTE ESEN\u021aA SATANISMULUI<\/a><\/div>\n<\/article>\n<article class=\"post-20005 post type-post status-publish entry includes-feat-image\">\n<div class=\"featured-image alignleft\"><a class=\"featured_post_link\" href=\"https:\/\/www.incorectpolitic.com\/viciul-matematic-elementar-v-m-e-2\/\" title=\"Viciul Matematic Elementar (V.M.E.)\"><img loading=\"lazy\" decoding=\"async\" width=\"150\" height=\"150\" src=\"https:\/\/www.incorectpolitic.com\/wp-content\/uploads\/2017\/12\/tell-lie-vision-150x150.jpg\" class=\"attachment-thumbnail size-thumbnail wp-post-image lazyload\" alt><img loading=\"lazy\" decoding=\"async\" width=\"150\" height=\"150\" src=\"https:\/\/www.incorectpolitic.com\/wp-content\/uploads\/2017\/12\/tell-lie-vision-150x150.jpg\" class=\"attachment-thumbnail size-thumbnail wp-post-image\" alt data-eio=\"l\"><\/a><\/div>\n<div class=\"entry-title\"><a class=\"featured_post_link\" href=\"https:\/\/www.incorectpolitic.com\/viciul-matematic-elementar-v-m-e-2\/\" title=\"Viciul Matematic Elementar (V.M.E.)\">Viciul Matematic Elementar (V.M.E.)<\/a><\/div>\n<\/article>\n<p>[analyse_source url=&#8221;https:\/\/www.incorectpolitic.com\/nationalistii-clujeni-militeaza-impotriva-transformarii-clujului-intr-o-mare-favela-prin-stramutarea-tiganilor-de-la-groapa-de-gunoi\/&#8221;]<\/p>\n","protected":false},"excerpt":{"rendered":"<p>[analyse_image type=&#8221;featured&#8221; src=&#8221;https:\/\/www.incorectpolitic.com\/wp-content\/uploads\/2026\/08\/S1-768&#215;572-1.jpg&#8221;] Incorect Politic August 23, 2026 Clujenii merit\u0103 respect! Comunitatea Identitar\u0103 \u00eempotriva transform\u0103rii Clujului \u00eentr-o mare favel\u0103 Membrii Asocia\u021biei Comunitatea Identitar\u0103 Rom\u00e2nia protesteaz\u0103 \u00eempotriva deciziei primarului Emil Boc \u0219i a Consiliului Local de a muta locuitorii de la Pata R\u00e2t (groapa de gunoi a ora\u0219ului) \u00een apartamente din ora\u0219. Prin acest proiect, finan\u021bat [&hellip;]<\/p>\n","protected":false},"author":1,"featured_media":0,"comment_status":"open","ping_status":"","sticky":false,"template":"","format":"standard","meta":{"footnotes":""},"categories":[89],"tags":[226,95],"class_list":["post-2108289","post","type-post","status-publish","format-standard","hentry","category-romania","tag-crawlmanager","tag-incorectpolitic-com"],"_links":{"self":[{"href":"https:\/\/analyse.optim.biz\/index.php?rest_route=\/wp\/v2\/posts\/2108289","targetHints":{"allow":["GET"]}}],"collection":[{"href":"https:\/\/analyse.optim.biz\/index.php?rest_route=\/wp\/v2\/posts"}],"about":[{"href":"https:\/\/analyse.optim.biz\/index.php?rest_route=\/wp\/v2\/types\/post"}],"author":[{"embeddable":true,"href":"https:\/\/analyse.optim.biz\/index.php?rest_route=\/wp\/v2\/users\/1"}],"replies":[{"embeddable":true,"href":"https:\/\/analyse.optim.biz\/index.php?rest_route=%2Fwp%2Fv2%2Fcomments&post=2108289"}],"version-history":[{"count":0,"href":"https:\/\/analyse.optim.biz\/index.php?rest_route=\/wp\/v2\/posts\/2108289\/revisions"}],"wp:attachment":[{"href":"https:\/\/analyse.optim.biz\/index.php?rest_route=%2Fwp%2Fv2%2Fmedia&parent=2108289"}],"wp:term":[{"taxonomy":"category","embeddable":true,"href":"https:\/\/analyse.optim.biz\/index.php?rest_route=%2Fwp%2Fv2%2Fcategories&post=2108289"},{"taxonomy":"post_tag","embeddable":true,"href":"https:\/\/analyse.optim.biz\/index.php?rest_route=%2Fwp%2Fv2%2Ftags&post=2108289"}],"curies":[{"name":"wp","href":"https:\/\/api.w.org\/{rel}","templated":true}]}}