{"id":2108288,"date":"2026-08-23T06:33:38","date_gmt":"2026-08-23T03:33:38","guid":{"rendered":"https:\/\/analyse.optim.biz\/?p=2108288"},"modified":"2026-08-23T06:33:38","modified_gmt":"2026-08-23T03:33:38","slug":"un-copil-si-un-adolescent-s-au-inecat-la-constanta-adolescentul-in-varsta-de-15-ani-declarat-mort","status":"publish","type":"post","link":"https:\/\/analyse.optim.biz\/?p=2108288","title":{"rendered":"Un copil \u0219i un adolescent s-au \u00eenecat la Constan\u021ba \/ Adolescentul, \u00een v\u00e2rst\u0103 de 15 ani, declarat mort"},"content":{"rendered":"<p>[analyse_image type=&#8221;featured&#8221; src=&#8221;https:\/\/60m.ro\/wp-content\/uploads\/2024\/07\/salvamari-inec-mare-litoral.-DSCN4488-1000&#215;600-1.jpg&#8221;]<\/p>\n<div class=\"articleBody\" data-key=\"articleBody\">\nDoi tineri, \u00een v\u00e2rst\u0103 de 10 si 15 ani, s-au \u00eenecat ast\u0103zi la Constan\u021ba. Trec\u0103torii au sunat la 112, dar, pentru unul dintre ei, a fost prea t\u00e2rziu. Adolescentul declarat mort este cel \u00een v\u00e2rst\u0103 de 15 ani.<\/p>\n<p>Doi tineri s-au \u00eenecat s\u00e2mb\u0103t\u0103 \u00een apele M\u0103rii Negre la Constan\u021ba. Pentru unul dintre ei, incidentul a fost fatal. Medicii de la spitalul unde a fost transportat nu au mai putut dec\u00e2t s\u0103-i constate decesul.<\/p>\n<p>Cei doi, cu v\u00e2rste de 10 \u0219i 15 ani, au decis s\u0103 intre \u00een ap\u0103 la o plaj\u0103 din Constan\u021ba. \u00cen jurul orei 12:30, oamenii de pe mal au alertat autorit\u0103\u021bile \u0219i au transmis c\u0103 doi copii s-ar fi \u00eenecat.<\/p>\n<p>Ace\u0219tia au fost transporta\u021bi de urgen\u021b\u0103 la spital, dar pentru unul dintre ei, medicii nu au mai putut face nimic. T\u00e2n\u0103rul care a murit \u00een urma incidentului avea 15 ani.<\/p>\n<p>\u00cen cauz\u0103, autorit\u0103\u021bile au deschis un dosar penal pentru v\u0103t\u0103mare corporal\u0103 din culp\u0103 \u0219i pentru ucidere din culp\u0103 \u0219i urmeaz\u0103 s\u0103 stabileasc\u0103 care au fost exact circumstan\u021bele \u00een care s-a produs \u00eenecul.<\/p>\n<p>Pe unele plaje de pe litoralul rom\u00e2nesc a fost arborat s\u00e2mb\u0103t\u0103 steagul ro\u0219u, ceea ce \u00eenseamn\u0103 c\u0103 intrarea \u00een ap\u0103 este interzis\u0103.\n<\/p><\/div>\n<p>[analyse_source url=&#8221;https:\/\/60m.ro\/un-copil-si-un-adolescent-s-au-inecat-la-constanta-adolescentul-in-varsta-de-15-ani-declarat-mort\/&#8221;]<\/p>\n","protected":false},"excerpt":{"rendered":"<p>[analyse_image type=&#8221;featured&#8221; src=&#8221;https:\/\/60m.ro\/wp-content\/uploads\/2024\/07\/salvamari-inec-mare-litoral.-DSCN4488-1000&#215;600-1.jpg&#8221;] Doi tineri, \u00een v\u00e2rst\u0103 de 10 si 15 ani, s-au \u00eenecat ast\u0103zi la Constan\u021ba. Trec\u0103torii au sunat la 112, dar, pentru unul dintre ei, a fost prea t\u00e2rziu. Adolescentul declarat mort este cel \u00een v\u00e2rst\u0103 de 15 ani. Doi tineri s-au \u00eenecat s\u00e2mb\u0103t\u0103 \u00een apele M\u0103rii Negre la Constan\u021ba. Pentru unul dintre [&hellip;]<\/p>\n","protected":false},"author":1,"featured_media":0,"comment_status":"open","ping_status":"","sticky":false,"template":"","format":"standard","meta":{"footnotes":""},"categories":[89],"tags":[100,226],"class_list":["post-2108288","post","type-post","status-publish","format-standard","hentry","category-romania","tag-60m-ro","tag-crawlmanager"],"_links":{"self":[{"href":"https:\/\/analyse.optim.biz\/index.php?rest_route=\/wp\/v2\/posts\/2108288","targetHints":{"allow":["GET"]}}],"collection":[{"href":"https:\/\/analyse.optim.biz\/index.php?rest_route=\/wp\/v2\/posts"}],"about":[{"href":"https:\/\/analyse.optim.biz\/index.php?rest_route=\/wp\/v2\/types\/post"}],"author":[{"embeddable":true,"href":"https:\/\/analyse.optim.biz\/index.php?rest_route=\/wp\/v2\/users\/1"}],"replies":[{"embeddable":true,"href":"https:\/\/analyse.optim.biz\/index.php?rest_route=%2Fwp%2Fv2%2Fcomments&post=2108288"}],"version-history":[{"count":0,"href":"https:\/\/analyse.optim.biz\/index.php?rest_route=\/wp\/v2\/posts\/2108288\/revisions"}],"wp:attachment":[{"href":"https:\/\/analyse.optim.biz\/index.php?rest_route=%2Fwp%2Fv2%2Fmedia&parent=2108288"}],"wp:term":[{"taxonomy":"category","embeddable":true,"href":"https:\/\/analyse.optim.biz\/index.php?rest_route=%2Fwp%2Fv2%2Fcategories&post=2108288"},{"taxonomy":"post_tag","embeddable":true,"href":"https:\/\/analyse.optim.biz\/index.php?rest_route=%2Fwp%2Fv2%2Ftags&post=2108288"}],"curies":[{"name":"wp","href":"https:\/\/api.w.org\/{rel}","templated":true}]}}