{"id":2108286,"date":"2026-08-23T06:22:32","date_gmt":"2026-08-23T03:22:32","guid":{"rendered":"https:\/\/analyse.optim.biz\/?p=2108286"},"modified":"2026-08-23T06:22:32","modified_gmt":"2026-08-23T03:22:32","slug":"cu-cat-estimeaza-ministerul-energiei-ca-se-vor-scumpi-facturile","status":"publish","type":"post","link":"https:\/\/analyse.optim.biz\/?p=2108286","title":{"rendered":"Cu c\u00e2t estimeaz\u0103 Ministerul Energiei c\u0103 se vor scumpi facturile"},"content":{"rendered":"<p>[analyse_image type=&#8221;featured&#8221; src=&#8221;https:\/\/60m.ro\/wp-content\/uploads\/2025\/08\/facturi-duble.webp&#8221;]<\/p>\n<div class=\"articleBody\" data-key=\"articleBody\">\nSorin Elisei, secretar de stat \u00een Ministerul Energiei, a declarat c\u0103 repornirea Centralei Nuclearoelectrice (CNE) Cernavod\u0103 depinde de \u201eo combina\u021bie de factori\u201d.<\/p>\n<p>El nu crede c\u0103 vreuna dintre unit\u0103\u021bile de la CNE Cernavod\u0103 va putea fi repornit\u0103 \u00een aceast\u0103 lun\u0103.<\/p>\n<p>\u201eE o combina\u021bie de factori. \u00cen\u021belegem c\u0103 exist\u0103 un debit crescut venit din Germania \u0219i Austria, \u0219i Ungaria, exist\u0103 un efect de propagare, discut\u0103m de c\u00e2teva zile. P\u00e2n\u0103 la sf\u00e2r\u0219itul lunii august, eu nu v\u0103d un nivel \u00een bazinul de reten\u021bie care s\u0103 permit\u0103 repornirea unei unit\u0103\u021bi\u201d, a declarat Sorin Elisei.<\/p>\n<p>Centrala nuclear\u0103 de la Cernavod\u0103 este oprit\u0103\u00a0din cauza nivelului sc\u0103zut al Dun\u0103rii. Primul reactor a fost \u00eenchis din 28 iulie, iar cel de al doilea, din 13 august. Acest lucru a l\u0103sat Rom\u00e2nia f\u0103r\u0103 aproximativ 20% din produc\u021bia sa de energie.\u00a0<\/p>\n<p>Autorit\u0103\u021bile au decis\u00a0s\u0103 elibereze ap\u0103 din acumul\u0103rile de pe r\u00e2ul Olt\u00a0pentru a suplimenta debitul Dun\u0103rii, conform unui anun\u021b f\u0103cut s\u00e2mb\u0103t\u0103 de Guvern.<\/p>\n<p>Ce a spus Sorin Elisei despre facturile la energie<\/p>\n<p>\u00centrebat cu c\u00e2t estimeaz\u0103 c\u0103 vor cre\u0219te facturile pe fondul crizei din sectorul energiei, oficialul a prognozat \u201eo cre\u0219tere de 5% fa\u021b\u0103 de anul acesta, pentru anul viitor\u201d.<\/p>\n<p>\u201eTrebuie s\u0103 a\u0219tept\u0103m s\u0103 vedem lunile octombrie, noiembrie \u0219i decembrie. \u00cen mod tradi\u021bional, contractele de furnizare se renegociaz\u0103 \u00een trimestrul IV al unui an pentru urm\u0103torul an calendaristic. Cel pu\u021bin din punctul meu de vedere, \u00een acest moment, prognosticul pe care \u00eel dau eu este o cre\u0219tere de 5% fa\u021b\u0103 de anul acesta, pentru anul viitor\u201d, a mai declarat Sorin Elisei, secretar de stat \u00een Ministerul Energiei.\n<\/p><\/div>\n<p>[analyse_source url=&#8221;https:\/\/60m.ro\/cu-cat-estimeaza-ministerul-energiei-ca-se-vor-scumpi-facturile\/&#8221;]<\/p>\n","protected":false},"excerpt":{"rendered":"<p>[analyse_image type=&#8221;featured&#8221; src=&#8221;https:\/\/60m.ro\/wp-content\/uploads\/2025\/08\/facturi-duble.webp&#8221;] Sorin Elisei, secretar de stat \u00een Ministerul Energiei, a declarat c\u0103 repornirea Centralei Nuclearoelectrice (CNE) Cernavod\u0103 depinde de \u201eo combina\u021bie de factori\u201d. El nu crede c\u0103 vreuna dintre unit\u0103\u021bile de la CNE Cernavod\u0103 va putea fi repornit\u0103 \u00een aceast\u0103 lun\u0103. \u201eE o combina\u021bie de factori. \u00cen\u021belegem c\u0103 exist\u0103 un debit crescut venit [&hellip;]<\/p>\n","protected":false},"author":1,"featured_media":0,"comment_status":"open","ping_status":"","sticky":false,"template":"","format":"standard","meta":{"footnotes":""},"categories":[89],"tags":[100,226],"class_list":["post-2108286","post","type-post","status-publish","format-standard","hentry","category-romania","tag-60m-ro","tag-crawlmanager"],"_links":{"self":[{"href":"https:\/\/analyse.optim.biz\/index.php?rest_route=\/wp\/v2\/posts\/2108286","targetHints":{"allow":["GET"]}}],"collection":[{"href":"https:\/\/analyse.optim.biz\/index.php?rest_route=\/wp\/v2\/posts"}],"about":[{"href":"https:\/\/analyse.optim.biz\/index.php?rest_route=\/wp\/v2\/types\/post"}],"author":[{"embeddable":true,"href":"https:\/\/analyse.optim.biz\/index.php?rest_route=\/wp\/v2\/users\/1"}],"replies":[{"embeddable":true,"href":"https:\/\/analyse.optim.biz\/index.php?rest_route=%2Fwp%2Fv2%2Fcomments&post=2108286"}],"version-history":[{"count":0,"href":"https:\/\/analyse.optim.biz\/index.php?rest_route=\/wp\/v2\/posts\/2108286\/revisions"}],"wp:attachment":[{"href":"https:\/\/analyse.optim.biz\/index.php?rest_route=%2Fwp%2Fv2%2Fmedia&parent=2108286"}],"wp:term":[{"taxonomy":"category","embeddable":true,"href":"https:\/\/analyse.optim.biz\/index.php?rest_route=%2Fwp%2Fv2%2Fcategories&post=2108286"},{"taxonomy":"post_tag","embeddable":true,"href":"https:\/\/analyse.optim.biz\/index.php?rest_route=%2Fwp%2Fv2%2Ftags&post=2108286"}],"curies":[{"name":"wp","href":"https:\/\/api.w.org\/{rel}","templated":true}]}}