{"id":2108283,"date":"2026-08-23T06:44:01","date_gmt":"2026-08-23T03:44:01","guid":{"rendered":"https:\/\/analyse.optim.biz\/?p=2108283"},"modified":"2026-08-23T06:44:01","modified_gmt":"2026-08-23T03:44:01","slug":"video-marian-ceausescu-l-a-incuiat-pe-ilie-bolojan-banisorii-nostri-de-la-borfasi-cand-ii-aduceti-in-bugetul-statului","status":"publish","type":"post","link":"https:\/\/analyse.optim.biz\/?p=2108283","title":{"rendered":"VIDEO\/\/ Marian Ceau\u0219escu l-a \u00eencuiat pe Ilie Bolojan: B\u0103ni\u0219orii no\u0219tri de la borfa\u0219i c\u00e2nd \u00eei aduce\u021bi \u00een bugetul statului?"},"content":{"rendered":"<p>[analyse_image type=&#8221;featured&#8221; src=&#8221;https:\/\/60m.ro\/wp-content\/uploads\/2026\/08\/ilie-bolojan-1.webp&#8221;]<\/p>\n<div class=\"articleBody\" data-key=\"articleBody\">\nMarian Ceau\u0219escu l-a \u00eencuiat pe Ilie Bolojan: \u201eB\u0103ni\u0219orii no\u0219tri de la borfa\u0219i c\u00e2nd \u00eei aduce\u021bi \u00een bugetul statului?\u201d.<\/p>\n<p>Marian Tivilic Moro\u0219anu, zis Marian Ceau\u0219escu, l-a prins pe Ilie Bolojan, premierul demis, la ie\u0219irea de la sediul B1 TV \u0219i l-a \u00eentrebat c\u00e2nd va recupera banii de la borfa\u0219i \u0219i \u00eei va aduce \u00een bugetul statului.<\/p>\n<p>De\u0219i i-a aruncat o privire cunoscutului protestatar, Ilie Bolojan a evitat s\u0103-i r\u0103spund\u0103, urc\u00e2nd imediat \u00een ma\u0219in\u0103.<\/p>\n<p>Marian Ceau\u0219escu l-a \u00eencuiat pe Ilie Bolojan: \u201eC\u00e2nd avem 300 de parlamentari?\u201d<\/p>\n<p>Marian Ceau\u0219escu l-a \u00eentrebat pe Bolojan c\u00e2\u021bi bani a recuperat Agen\u021bia Na\u021bional\u0103 de Administrare Financiar\u0103 \u201ede la borfa\u0219i\u201d<\/p>\n<p>Totodat\u0103, protestatarul l-a chestionat pe premierul demis \u0219i pe tema reducerii num\u0103rului de parlamentari, la 300.<\/p>\n<p>\u201eDomnule Bolojan, c\u00e2\u021bi bani a recuperat ANAF-ul de la borfa\u0219i? C\u00e2nd avem 300 de parlamentari?\u201d, l-a \u00eentrebat Marian Ceau\u0219escu.<\/p>\n<p>\u201eB\u0103ni\u0219orii no\u0219tri de la borfa\u0219i c\u00e2nd \u00eei aduce\u021bi \u00een bugetul statului?\u201d<\/p>\n<p>Totodat\u0103, Marian Ceau\u0219escu l-a \u00eentrebat pe Ilie Bolojan c\u00e2nd va aduce \u201eb\u0103ni\u0219orii de la borfa\u0219i\u201d \u00een bugetul statului.<\/p>\n<p>\u201eC\u00e2nd r\u0103spunde\u021bi? Domnul Bolojan, 300 de parlamentari! B\u0103ni\u0219orii no\u0219tri de la borfa\u0219i c\u00e2nd \u00eei aduce\u021bi \u00een bugetul statului? C\u00e2nd? La calendele grece\u0219ti, evident\u201d, a spus Marian Ceau\u0219escu, conform film\u0103rii postate pe re\u021belele de socializare.<\/p>\n<p>\u201ePremierul demis \u0219i interimar Ilie Bolojan, la ie\u0219irea de la emisiune a auzit \u00eentreb\u0103rile, dar r\u0103spunsurile se las\u0103 a\u0219teptate\u201d, a comentat, ulterior, pe pagina de Facebook, Marian Ceau\u0219escu.<\/p>\n<p>\u00cen luna iulie, acela\u0219i Marian Tivilic Moro\u0219anu l-a fug\u0103rit pe Bolojan cu o cu\u0219c\u0103 de \u0219obolani.<\/p>\n<p>\u201eBun\u0103 seara! Uita\u021bi aici! Am adus o cu\u0219c\u0103 pentru to\u021bi \u0219obolanii din toate partidele politice. Ce spune\u021bi? O lua\u021bi ca s\u0103-i prinde\u021bi pe to\u021bi? Dar din toate partidele politice\u201d, i-a spus atunci Ceau\u0219escu lui Bolojan. Cu aceea\u0219i ocazie, Marian Ceau\u0219escu l-a \u00eentrebat pe Ilie Bolojan c\u00e2nd ne va merge bine.\n<\/p><\/div>\n<p>[analyse_source url=&#8221;https:\/\/60m.ro\/video-marian-ceausescu-l-a-incuiat-pe-ilie-bolojan-banisorii-nostri-de-la-borfasi-cand-ii-aduceti-in-bugetul-statului\/&#8221;]<\/p>\n","protected":false},"excerpt":{"rendered":"<p>[analyse_image type=&#8221;featured&#8221; src=&#8221;https:\/\/60m.ro\/wp-content\/uploads\/2026\/08\/ilie-bolojan-1.webp&#8221;] Marian Ceau\u0219escu l-a \u00eencuiat pe Ilie Bolojan: \u201eB\u0103ni\u0219orii no\u0219tri de la borfa\u0219i c\u00e2nd \u00eei aduce\u021bi \u00een bugetul statului?\u201d. Marian Tivilic Moro\u0219anu, zis Marian Ceau\u0219escu, l-a prins pe Ilie Bolojan, premierul demis, la ie\u0219irea de la sediul B1 TV \u0219i l-a \u00eentrebat c\u00e2nd va recupera banii de la borfa\u0219i \u0219i \u00eei va aduce [&hellip;]<\/p>\n","protected":false},"author":1,"featured_media":0,"comment_status":"open","ping_status":"","sticky":false,"template":"","format":"standard","meta":{"footnotes":""},"categories":[89],"tags":[100,226],"class_list":["post-2108283","post","type-post","status-publish","format-standard","hentry","category-romania","tag-60m-ro","tag-crawlmanager"],"_links":{"self":[{"href":"https:\/\/analyse.optim.biz\/index.php?rest_route=\/wp\/v2\/posts\/2108283","targetHints":{"allow":["GET"]}}],"collection":[{"href":"https:\/\/analyse.optim.biz\/index.php?rest_route=\/wp\/v2\/posts"}],"about":[{"href":"https:\/\/analyse.optim.biz\/index.php?rest_route=\/wp\/v2\/types\/post"}],"author":[{"embeddable":true,"href":"https:\/\/analyse.optim.biz\/index.php?rest_route=\/wp\/v2\/users\/1"}],"replies":[{"embeddable":true,"href":"https:\/\/analyse.optim.biz\/index.php?rest_route=%2Fwp%2Fv2%2Fcomments&post=2108283"}],"version-history":[{"count":0,"href":"https:\/\/analyse.optim.biz\/index.php?rest_route=\/wp\/v2\/posts\/2108283\/revisions"}],"wp:attachment":[{"href":"https:\/\/analyse.optim.biz\/index.php?rest_route=%2Fwp%2Fv2%2Fmedia&parent=2108283"}],"wp:term":[{"taxonomy":"category","embeddable":true,"href":"https:\/\/analyse.optim.biz\/index.php?rest_route=%2Fwp%2Fv2%2Fcategories&post=2108283"},{"taxonomy":"post_tag","embeddable":true,"href":"https:\/\/analyse.optim.biz\/index.php?rest_route=%2Fwp%2Fv2%2Ftags&post=2108283"}],"curies":[{"name":"wp","href":"https:\/\/api.w.org\/{rel}","templated":true}]}}