{"id":2108270,"date":"2026-08-24T02:35:28","date_gmt":"2026-08-23T23:35:28","guid":{"rendered":"https:\/\/analyse.optim.biz\/?p=2108270"},"modified":"2026-08-24T02:35:28","modified_gmt":"2026-08-23T23:35:28","slug":"the-hardest-week-ive-done-by-far-all-year-amber-pate-returns-to-racing-at-tour-of-britain-women-after-six-months-away-due-to-pancreatic-tumour","status":"publish","type":"post","link":"https:\/\/analyse.optim.biz\/?p=2108270","title":{"rendered":"&#8216;The hardest week I&#8217;ve done by far all year&#8217; \u2013 Amber Pate returns to racing at Tour of Britain Women after six months away due to pancreatic tumour"},"content":{"rendered":"<p>[analyse_image type=&#8221;featured&#8221; src=&#8221;https:\/\/cdn.mos.cms.futurecdn.net\/cxdBUbUNkEmBxuAnRMLd4e-2100-80.jpg&#8221;]<\/p>\n<article class=\"m-0 box-border flex flex-row items-center pr-2.5 gap-[15px] w-[278px] h-20 flex-none upnext-article-divider\" role=\"listitem\" aria-label=\"Recommended article 1 of 3\">\n<div class=\"relative flex-none w-20 h-20\">\n    <source type=\"image\/webp\" srcset=\"https:\/\/cdn.mos.cms.futurecdn.net\/pUQ2PnASq6czdvMoqTQbcQ-160-80.jpg.webp 160w, https:\/\/cdn.mos.cms.futurecdn.net\/pUQ2PnASq6czdvMoqTQbcQ-80-80.jpg.webp 80w\" sizes=\"80px\" \/><\/p>\n<div class=\"flex items-center justify-center absolute w-4 h-6 left-0 top-0 bg-white\/90 flex-none z-[1]\" aria-hidden=\"true\"><span class=\"font-normal text-base leading-[17px] tracking-[1.3px] uppercase text-black flex-none\">1<\/span><\/div>\n<\/div>\n<div class=\"flex flex-col items-center justify-center gap-1.5 w-[173px] h-20 flex-none\">\n<p class=\"font-article-heading font-medium text-base leading-[21px] text-gray-800 w-[173px] line-clamp-3 group-hover:underline\">\n                                    &#8216;Cars from the general public coming at me from all directions&#8217; \u2013 Maeve Plouffe narrowly avoids being hit by driver at Tour of Britain Women\n                                <\/p>\n<\/div>\n<\/article>\n<article class=\"m-0 box-border flex flex-row items-center pr-2.5 gap-[15px] w-[278px] h-20 flex-none upnext-article-divider\" role=\"listitem\" aria-label=\"Recommended article 2 of 3\">\n<div class=\"relative flex-none w-20 h-20\">\n    <source type=\"image\/webp\" srcset=\"https:\/\/cdn.mos.cms.futurecdn.net\/zVJvoGMBete8FgwMHc7JTE-160-80.jpg.webp 160w, https:\/\/cdn.mos.cms.futurecdn.net\/zVJvoGMBete8FgwMHc7JTE-80-80.jpg.webp 80w\" sizes=\"80px\" \/><\/p>\n<div class=\"flex items-center justify-center absolute w-[18px] h-6 left-0 top-0 bg-white\/90 flex-none z-[1]\" aria-hidden=\"true\"><span class=\"font-normal text-base leading-[17px] tracking-[1.3px] uppercase text-black flex-none\">2<\/span><\/div>\n<\/div>\n<div class=\"flex flex-col items-center justify-center gap-1.5 w-[173px] h-20 flex-none\">\n<p class=\"font-article-heading font-medium text-base leading-[21px] text-gray-800 w-[173px] line-clamp-3 group-hover:underline\">\n                                    &#8216;A huge step-up and a lot to learn&#8217; \u2013 Kate Courtney swiftly adapting to WorldTour racing with FDJ United-Suez at the Tour of Britain Women\n                                <\/p>\n<\/div>\n<\/article>\n<article class=\"m-0 box-border flex flex-row items-center pr-2.5 gap-[15px] w-[278px] h-20 flex-none\" role=\"listitem\" aria-label=\"Recommended article 3 of 3\">\n<div class=\"relative flex-none w-20 h-20\">\n    <source type=\"image\/webp\" srcset=\"https:\/\/cdn.mos.cms.futurecdn.net\/bZxVhX8Vooh9Dn8NjCW2bP-160-80.jpg.webp 160w, https:\/\/cdn.mos.cms.futurecdn.net\/bZxVhX8Vooh9Dn8NjCW2bP-80-80.jpg.webp 80w\" sizes=\"80px\" \/><\/p>\n<div class=\"flex items-center justify-center absolute w-[18px] h-6 left-0 top-0 bg-white\/90 flex-none z-[1]\" aria-hidden=\"true\"><span class=\"font-normal text-base leading-[17px] tracking-[1.3px] uppercase text-black flex-none\">3<\/span><\/div>\n<\/div>\n<div class=\"flex flex-col items-center justify-center gap-1.5 w-[173px] h-20 flex-none\">\n<p class=\"font-article-heading font-medium text-base leading-[21px] text-gray-800 w-[173px] line-clamp-3 group-hover:underline\">\n                                    &#8216;Out of my comfort zone&#8217; \u2013 Kim Le Court-Pienaar breaks new ground in Tour of Britain Women sprint finish en route to Montreal Worlds bid\n                                <\/p>\n<\/div>\n<\/article>\n<article class=\"page-content-onecol flex-1\nnews-article article\n\"><\/p>\n<div class=\"widget-area-group widget-area-group-2col flex flex-wrap box-border\">\n<div id=\"widgetArea16\" class=\"widget-area basis-full md:basis-2\/3 widget-area-g-md-vp-2-3 widget-area-g-lg-vp-2-3 widget-area-g-xl-vp-2-3 page-widget-area-16\">\n<div data-widget-type=\"hero\" id=\"hero\" class=\"clear-both widget widget-hero widget-hero widget-hero-hero widget-hero widget-hero-fter-news\">\n<div class=\"news-article\">\n<header data-component-name=\"Article:Hero\">\n<nav class=\"breadcrumb\" aria-label=\"Breadcrumbs\">\n<ol>\n<li>\nPro Cycling\n<\/li>\n<li>\nRacing\n<\/li>\n<li>\nWomen&#8217;s Cycling\n<\/li>\n<li>\nRoad\n<\/li>\n<li>\nTour of Britain Women\n<\/li>\n<\/ol>\n<\/nav>\n<h1>&#8216;The hardest week I&#8217;ve done by far all year&#8217; \u2013 Amber Pate returns to racing at Tour of Britain Women after six months away due to pancreatic tumour<\/h1>\n<div class=\"byline-social\">\n<div class=\"vds-byline-block flex flex-row flex-nowrap my-1.5 gap-2 text-left items-start justify-start\" data-component-name=\"Article:BylineBlock\">\n<p>News<\/p>\n<div class=\"my-auto vds-simple-byline\"><span class=\"inline-block vds-author\"><br \/>\nBy<br \/>\nDani Ostanek <\/span><\/p>\n<div class=\"flex gap-1 vds-byline-with-avatar__meta\"><span class=\"vds-date block font-normal tracking-normal normal-case text-xs\"><br \/>\nPublished<br \/>\n<time data-component-name=\"UI:DateTime\" datetime=\"2026-08-24T02:35:28Z\" class=\"relative-date\"><br \/>\n24 August 2026<br \/>\n<\/time><\/span><\/div>\n<\/div>\n<\/div>\n<p class=\"strapline\">&#8216;It&#8217;s \u2013 no joke \u2013 really, really hard coming back into the peloton at this time of the year. And it&#8217;s emotional&#8217; says Australian<\/p>\n<\/div>\n<aside class=\"text-gray-700 flex items-center mx-0 my-5 p-0 justify-start text-left\" id=\"affiliate-disclaimer\" data-component-name=\"AffiliateDisclaimer\" data-hawk-message=\"Affiliate disclaimer removed because hawk deemed there are no affiliate links on this page\">\n<p class=\"text-[color:var(--affiliate-disclaimer--text-color,inherit)] mb-2 text-[length:var(--affiliate-disclaimer--font-size,0.75rem)] leading-[18px] md:text-[13px] [&amp;&gt;a]:text-inherit [&amp;&gt;a]:underline\">\nWhen you purchase through links on our site, we may earn an affiliate commission. Here\u2019s how it works.\n<\/p>\n<\/aside>\n<\/header>\n<\/div>\n<\/div>\n<div data-widget-type=\"contentparsed\" id=\"content\" class=\"clear-both widget widget-contentparsed widget-content widget-contentparsed-content widget-content-parsed widget-content-parsed-content_document \">\n<div class=\"wcp-item-content\">\n<section class=\"content-wrapper\">\n<div class=\"box less-space hero-image-wrapper\">\n<figure class=\"mb-0\">\n<source type=\"image\/webp\" srcset=\"https:\/\/cdn.mos.cms.futurecdn.net\/cxdBUbUNkEmBxuAnRMLd4e-1920-80.jpg.webp 1920w, https:\/\/cdn.mos.cms.futurecdn.net\/cxdBUbUNkEmBxuAnRMLd4e-1600-80.jpg.webp 1600w, https:\/\/cdn.mos.cms.futurecdn.net\/cxdBUbUNkEmBxuAnRMLd4e-1200-80.jpg.webp 1200w, https:\/\/cdn.mos.cms.futurecdn.net\/cxdBUbUNkEmBxuAnRMLd4e-1024-80.jpg.webp 1024w, https:\/\/cdn.mos.cms.futurecdn.net\/cxdBUbUNkEmBxuAnRMLd4e-970-80.jpg.webp 970w, https:\/\/cdn.mos.cms.futurecdn.net\/cxdBUbUNkEmBxuAnRMLd4e-750-80.jpg.webp 750w, https:\/\/cdn.mos.cms.futurecdn.net\/cxdBUbUNkEmBxuAnRMLd4e-650-80.jpg.webp 650w, https:\/\/cdn.mos.cms.futurecdn.net\/cxdBUbUNkEmBxuAnRMLd4e-480-80.jpg.webp 480w, https:\/\/cdn.mos.cms.futurecdn.net\/cxdBUbUNkEmBxuAnRMLd4e-320-80.jpg.webp 320w\" sizes=\"(min-width: 1000px) 600px, 100vw\" \/><figcaption class=\"font-article-copy text-(--image--text--color) font-article-copy mt-2\"><span class=\"caption-text font-article-copy\">Following a May surgery to remove a pancreatic tumour, Amber Pate was back in the peloton at the Tour of Britain Women<\/span><span class=\"credit font-article-copy\">(Image credit: Getty Images)<\/span><\/figcaption><\/figure>\n<\/div>\n<div id=\"article-body\" class=\"text-copy bodyCopy auto paywall-locker\">\n<div data-analytics-id=\"utility-bar\" id=\"utility-bar\" class=\"font-ui-heading flex justify-between items-center py-2 border-t border-b border-gray-300 border-solid mb-5 mx-auto\" data-component-name=\"UtilityBar\" data-mrf-recirculation=\"utility-bar\">\n<div class=\"flex gap-2 text-[#333] subcontainer\">\n<div class=\"relative tooltip-container\" role=\"tooltip\">\n<div data-component-name=\"Social:Dropdown\" role=\"menu\" id=\"utilitybar__dropdown--share\" aria-labelledby=\"utilitybar__button--share\" class=\"absolute left-0 top-full w-44 bg-white rounded-md shadow-md border border-neutral-200 z-[9996] list-none m-0 py-2 px-3 border-solid\">\n<ul class=\"m-0!\">\n<li class=\"!p-0 !m-0 list-none border-b border-gray-200 border-solid\">\n<li class=\"!p-0 !m-0 list-none border-b border-gray-200 border-solid\">\n<p>Facebook<\/p>\n<\/li>\n<li class=\"!p-0 !m-0 list-none border-b border-gray-200 border-solid\">\n<p>X<\/p>\n<\/li>\n<li class=\"!p-0 !m-0 list-none border-b border-gray-200 border-solid\">\n<p>Pinterest<\/p>\n<\/li>\n<li class=\"!p-0 !m-0 list-none border-b border-gray-200 border-solid\">\n<p>Email<\/p>\n<\/li>\n<\/ul>\n<\/div>\n<div class=\"font-ui-heading max-sm:hidden tooltip absolute left-1\/2 bg-gray-900 text-white text-xs leading-none px-3 py-1.5 rounded-md z-[10001] whitespace-nowrap\" id=\"tooltip-share-this-article\" role=\"tooltip\" aria-hidden=\"true\">\nShare this article\n<\/div>\n<\/div>\n<div class=\"relative tooltip-container\" role=\"tooltip\"><span class=\"ml-1 inline-flex h-5 px-2 shrink-0 items-center justify-center self-center overflow-hidden whitespace-nowrap rounded-[10px] bg-primary-500 text-[11px] leading-none font-ui-heading font-semibold text-white\">0<\/span><\/p>\n<div class=\"font-ui-heading max-sm:hidden tooltip absolute left-1\/2 bg-gray-900 text-white text-xs leading-none px-3 py-1.5 rounded-md z-[10001] whitespace-nowrap\" id=\"tooltip-join-the-conversation\" role=\"tooltip\" aria-hidden=\"true\">\nJoin the conversation\n<\/div>\n<\/div>\n<\/div>\n<div class=\"flex gap-2 text-[#333] subcontainer\">\n<div class=\"relative tooltip-container\" role=\"tooltip\">\n<p>Follow us<\/p>\n<div class=\"font-ui-heading max-sm:hidden tooltip absolute left-1\/2 bg-gray-900 text-white text-xs leading-none px-3 py-1.5 rounded-md z-[10001] whitespace-nowrap\" id=\"tooltip-add-us-as-a-preferred-source-on-google\" role=\"tooltip\" aria-hidden=\"true\">\nAdd us as a preferred source on Google\n<\/div>\n<\/div>\n<div class=\"relative tooltip-container\" role=\"tooltip\">\n<div class=\"font-ui-heading max-sm:hidden tooltip absolute left-1\/2 bg-gray-900 text-white text-xs leading-none px-3 py-1.5 rounded-md z-[10001] whitespace-nowrap\" id=\"tooltip-subscribe-to-our-newsletter\" role=\"tooltip\" aria-hidden=\"true\">\nSubscribe to our newsletter\n<\/div>\n<\/div>\n<\/div>\n<\/div>\n<p id=\"elk-e944b324-9f1c-11f1-8555-c190d56b4db9\">Almost six months on from her last race, Australian rider Amber Pate returned to the peloton at the Tour of Britain Women, the five-day race representing her comeback after surgery to remove a malignant pancreatic tumour.<\/p>\n<p>Pate missed much of the season after the six-hour surgery and long recovery, having last raced at Le Samyn in early March. She was back in action in Britain this week, part of the support squad that helped Liv-AlUla-Jayco leader Caroline Andersson to fourth place overall in Leamington Spa.<\/p>\n<p id=\"elk-e944b324-9f1c-11f1-8555-c190d56b4db9-2\" aria-hidden=\"true\" class=\"kiosq-b\">&#8220;It&#8217;s really nice being back with the team and my teammates. It&#8217;s \u2013 no joke \u2013 really, really hard coming back into the peloton at this time of the year. And it&#8217;s emotional,&#8221; she told <em>Cyclingnews <\/em>ahead of the penultimate stage in Mid Wales.<\/p>\n<div class=\"my-6 w-full overflow-hidden rounded-[10px] lg:my-8\" data-component-name=\"JwPlayer:Carousel\" data-jwp-carousel data-jwp-carousel-payload=\"{&quot;ids&quot;:{&quot;playerID&quot;:&quot;jYDCcabO&quot;,&quot;searchPlaylistID&quot;:&quot;gwjdoYHD&quot;,&quot;divID&quot;:&quot;botr_gwjdoYHD_jYDCcabO_div&quot;,&quot;fallbackPlaylistID&quot;:&quot;gwjdoYHD&quot;,&quot;fallbackDivID&quot;:&quot;botr_gwjdoYHD_jYDCcabO_div&quot;,&quot;key&quot;:&quot;X9\/mXVGac0NphghLH9hZaqWA5d3dhAM\/Ih07grnEyMLjuO2E&quot;,&quot;tintLogo&quot;:true,&quot;useSearchPlaylist&quot;:false,&quot;enabled&quot;:true},&quot;signPostingEnabled&quot;:true,&quot;signPostingLinkEnabled&quot;:true,&quot;waitForAdLoad&quot;:false,&quot;hidePlayerOnDesktop&quot;:false,&quot;hidePlayerOnMobile&quot;:false,&quot;hidePlayerOnTablet&quot;:false}\">\n<div class=\"flex flex-nowrap items-center justify-between gap-3 bg-zinc-900 px-[14px] py-3\" data-jwp-carousel-header>\n<div class=\"flex min-w-0 shrink items-center\"><span class=\"inline-flex items-center gap-1.5 text-sm font-article-heading capitalize leading-5 text-white whitespace-nowrap\"><span class=\"jwp-carousel-title-desktop\">Latest Videos From<\/span><span class=\"jwp-carousel-brand\">Cyclingnews<\/span><\/span><\/div>\n<\/div>\n<div class=\"min-h-[44px] bg-zinc-900 px-[14px] py-3\" data-jwp-carousel-signposting><a class=\"invisible block truncate text-sm font-bold leading-5 text-white underline decoration-solid underline-offset-2\" data-jwp-carousel-signposting-link href target=\"_blank\" rel=\"noopener noreferrer\"><span data-jwp-carousel-signposting-title>Watch full video here: <\/span><\/a><\/div>\n<\/div>\n<p aria-hidden=\"true\" class=\"kiosq-b\">&#8220;You could almost feel embarrassed about how your form is, but I&#8217;m really determined to just not give up and make the most of it. This is really great to start building my form back, and after such an emotional and challenging year, my outlook is different, and I&#8217;m just trying to embrace the opportunities and the moments.&#8221;<\/p>\n<p aria-hidden=\"true\" class=\"kiosq-b\">The 170 days away from racing is the longest Pate has spent without a race in some time, having taken on a full European calendar each year since turning pro with Liv in 2023.<\/p>\n<aside data-component-name=\"Recirculation:ArticleRiver\" data-recirculation-type=\"inline\" data-mrf-recirculation=\"Trending Bar\" data-nosnippet class=\"clear-both pt-2 pb-0 mb-4\"><span class=\"\n            flex\n            after:content-[&apos;&apos;] after:flex-1 after:ml-4 after:my-[0.7rem] after:border-t after:border-solid after:border-t-[#ccc]\n            before:content-[&apos;&apos;] before:flex-1 before:mr-4 before:my-[0.7rem] before:border-t before:border-solid before:border-t-[#ccc]\n            font-article-heading pb-0 text-[length:var(--article-river-title--font-size,1em)] uppercase sm:text-[length:var(--article-river-title--font-size,0.875em)] font-bold\n        \"><br \/>\n            You may like<br \/>\n        <\/span><\/p>\n<ul class=\"flex flex-col gap-0 m-0 max-w-full\">\n<li class=\"m-0 list-none border-b border-solid border-[#ededed] py-2\" data-recirculation-id=\"recirculation-card-1\" id=\"recirculation-inline-1\" data-analytics-id=\"recirculation-inline-1\" data-mrf-recirculation=\"recirculation-inline-1\">\n    <source type=\"image\/webp\" srcset=\"https:\/\/cdn.mos.cms.futurecdn.net\/HCM9RK7FWGVtWfvfSYCjdC-250-80.jpg.webp 250w, https:\/\/cdn.mos.cms.futurecdn.net\/HCM9RK7FWGVtWfvfSYCjdC-150-80.jpg.webp 150w\" sizes=\"150px\" \/><span class=\"w-full text-base font-[var(--article-river-item--font-weight,500)] font-article-heading line-clamp-3 md:line-clamp-2\">&#8216;I\u2019ve got the worst of it out of the way&#8217; \u2013 Neve Bradbury settles into the waiting game after iliac artery endofibrosis surgery<\/span><\/li>\n<li class=\"m-0 list-none border-b border-solid border-[#ededed] py-2\" data-recirculation-id=\"recirculation-card-2\" id=\"recirculation-inline-2\" data-analytics-id=\"recirculation-inline-2\" data-mrf-recirculation=\"recirculation-inline-2\">\n    <source type=\"image\/webp\" srcset=\"https:\/\/cdn.mos.cms.futurecdn.net\/mdqopQBsyVu8WSwCgaooQM-250-80.jpg.webp 250w, https:\/\/cdn.mos.cms.futurecdn.net\/mdqopQBsyVu8WSwCgaooQM-150-80.jpg.webp 150w\" sizes=\"150px\" \/><span class=\"w-full text-base font-[var(--article-river-item--font-weight,500)] font-article-heading line-clamp-3 md:line-clamp-2\">&#8216;Big shock to the system&#8217; &#8211; Former WorldTour rider Veronica Ewers resumes slow return to peloton with &#8216;experiment&#8217; at French ProTeam&#8217;s Tour de France Femmes training camp<\/span><\/li>\n<li class=\"m-0 list-none border-b border-solid border-[#ccc] py-2\" data-recirculation-id=\"recirculation-card-3\" id=\"recirculation-inline-3\" data-analytics-id=\"recirculation-inline-3\" data-mrf-recirculation=\"recirculation-inline-3\">\n    <source type=\"image\/webp\" srcset=\"https:\/\/cdn.mos.cms.futurecdn.net\/gbzbBhiKcXAG32RXsDVhSh-250-80.jpg.webp 250w, https:\/\/cdn.mos.cms.futurecdn.net\/gbzbBhiKcXAG32RXsDVhSh-150-80.jpg.webp 150w\" sizes=\"150px\" \/><span class=\"w-full text-base font-[var(--article-river-item--font-weight,500)] font-article-heading line-clamp-3 md:line-clamp-2\">&#8216;I\u2019ve come from a really low point&#8217; \u2013 Maike van der Duin returns to podium at Baloise Ladies Tour after a 790 day wait<\/span><\/li>\n<\/ul>\n<\/aside>\n<p aria-hidden=\"true\" class=\"kiosq-b\">Going from an average of 48 race days a season, including two Grand Tours, to the four she had logged before this week has understandably had an impact.<\/p>\n<p aria-hidden=\"true\" class=\"kiosq-b\">&#8220;So six months away from racing. The first two months when I went back to Australia was dealing with the processes of getting the surgery, and then after the surgery, I had a solid month and a half of very little riding,&#8221; she said.<\/p>\n<div id=\"slice-container-newsletterForm-articleInbodyContent-EC6coHhg3LbiZtq2n2HjWj\" class=\"slice-container newsletter-inbodyContent-slice newsletterForm-articleInbodyContent-EC6coHhg3LbiZtq2n2HjWj slice-container-newsletterForm\">\n<div data-hydrate=\"true\" class=\"newsletter-form__wrapper newsletter-form__wrapper--inbodyContent\">\n<div class=\"newsletter-form__container\">\n<section class=\"newsletter-form__top-bar\">\n<div class=\"newsletter-form__header\">Get The Leadout Newsletter<\/div>\n<\/section>\n<section class=\"newsletter-form__main-section\">\n<p class=\"newsletter-form__strapline\">The latest race content, interviews, features, reviews and expert buying guides, direct to your inbox!<\/p>\n<footer class=\"newsletter-form__footer \">By submitting your information you agree to the Terms &amp; Conditions and Privacy Policy and are aged 16 or over.<\/footer>\n<\/section>\n<\/div>\n<\/div>\n<\/div>\n<p aria-hidden=\"true\" class=\"kiosq-b\">&#8220;Then I built up from there. Starting to cope with the intensity and the training load was really hard, so it&#8217;s taken me some time. And this is the hardest week I&#8217;ve done by far all year, so it&#8217;s been very challenging!<\/p>\n<p aria-hidden=\"true\" class=\"kiosq-b\">&#8220;Even though I might be the first rider dropped at times, I think it&#8217;s a really good place to be and just embrace it. Even if I&#8217;m looking, let&#8217;s say, not so good in form, I&#8217;m being positive and just refuse to give up. So, I think it&#8217;s very nice.&#8221;<\/p>\n<p aria-hidden=\"true\" class=\"kiosq-b\">Pate hasn&#8217;t had much racing in her legs, but five challenging days in Britain will give her a base to build on for the end of the season.<\/p>\n<aside data-component-name=\"Recirculation:ArticleRiver\" data-recirculation-type=\"inline\" data-mrf-recirculation=\"Trending Bar\" data-nosnippet class=\"clear-both pt-2 pb-0 mb-4\"><span class=\"\n            flex\n            after:content-[&apos;&apos;] after:flex-1 after:ml-4 after:my-[0.7rem] after:border-t after:border-solid after:border-t-[#ccc]\n            before:content-[&apos;&apos;] before:flex-1 before:mr-4 before:my-[0.7rem] before:border-t before:border-solid before:border-t-[#ccc]\n            font-article-heading pb-0 text-[length:var(--article-river-title--font-size,1em)] uppercase sm:text-[length:var(--article-river-title--font-size,0.875em)] font-bold\n        \"><br \/>\n            What to read next<br \/>\n        <\/span><\/p>\n<ul class=\"flex flex-col gap-0 m-0 max-w-full\">\n<li class=\"m-0 list-none border-b border-solid border-[#ededed] py-2\" data-recirculation-id=\"recirculation-card-1\" id=\"recirculation-inline-2-1\" data-analytics-id=\"recirculation-2-inline-1\" data-mrf-recirculation=\"recirculation-2-inline-1\">\n    <source type=\"image\/webp\" srcset=\"https:\/\/cdn.mos.cms.futurecdn.net\/pkoxTQr2aQMfrXNAThoZkb-250-80.jpg.webp 250w, https:\/\/cdn.mos.cms.futurecdn.net\/pkoxTQr2aQMfrXNAThoZkb-150-80.jpg.webp 150w\" sizes=\"150px\" \/><span class=\"w-full text-base font-[var(--article-river-item--font-weight,500)] font-article-heading line-clamp-3 md:line-clamp-2\">&#8216;Two steps forward, three steps back gets old quickly&#8217; \u2013 Another surgery for Sarah Gigante as racing return further delayed<\/span><\/li>\n<li class=\"m-0 list-none border-b border-solid border-[#ededed] py-2\" data-recirculation-id=\"recirculation-card-2\" id=\"recirculation-inline-2-2\" data-analytics-id=\"recirculation-2-inline-2\" data-mrf-recirculation=\"recirculation-2-inline-2\">\n    <source type=\"image\/webp\" srcset=\"https:\/\/cdn.mos.cms.futurecdn.net\/k8t5MUbM6acykBVaugJXWW-250-80.jpg.webp 250w, https:\/\/cdn.mos.cms.futurecdn.net\/k8t5MUbM6acykBVaugJXWW-150-80.jpg.webp 150w\" sizes=\"150px\" \/><span class=\"w-full text-base font-[var(--article-river-item--font-weight,500)] font-article-heading line-clamp-3 md:line-clamp-2\">&#8216;The body is an amazing thing&#8217; \u2013 Ur\u0161ka \u017digart back in action at the Tour de France Femmes, six weeks on from Tour de Suisse horror crash<\/span><\/li>\n<li class=\"m-0 list-none border-b border-solid border-[#ccc] py-2\" data-recirculation-id=\"recirculation-card-3\" id=\"recirculation-inline-2-3\" data-analytics-id=\"recirculation-2-inline-3\" data-mrf-recirculation=\"recirculation-2-inline-3\">\n    <source type=\"image\/webp\" srcset=\"https:\/\/cdn.mos.cms.futurecdn.net\/Fy7VS6XswREZBJhRPTVrER-250-80.jpg.webp 250w, https:\/\/cdn.mos.cms.futurecdn.net\/Fy7VS6XswREZBJhRPTVrER-150-80.jpg.webp 150w\" sizes=\"150px\" \/><span class=\"w-full text-base font-[var(--article-river-item--font-weight,500)] font-article-heading line-clamp-3 md:line-clamp-2\">&#8216;I wouldn&#8217;t recommend breaking your femur&#8217; \u2013\u00a0No Giro d&#8217;Italia Women for Sarah Gigante after all, with long-awaited return from latest injury setback delayed<\/span><\/li>\n<\/ul>\n<\/aside>\n<p aria-hidden=\"true\" class=\"kiosq-b\">Her end-of-season schedule isn&#8217;t confirmed, but there&#8217;s still racing to be had on the Women&#8217;s WorldTour calendar (the Tour of Chongming Island) and beyond (the Italian Classics and the Eneco Tour Women), and Pate wants to pin on a number as much as she can.<\/p>\n<p aria-hidden=\"true\" class=\"kiosq-b\">&#8220;I&#8217;m not at race fitness, and I&#8217;ve done so little intensity before this week, and [the team] has been incredibly supportive,&#8221; she said.<\/p>\n<p aria-hidden=\"true\" class=\"kiosq-b\">&#8220;Even when I feel like I can&#8217;t even help my teammates at times, they&#8217;ve been supportive and encouraging. That&#8217;s really important, and I feel very grateful for that.<\/p>\n<p aria-hidden=\"true\" class=\"kiosq-b\">&#8220;I&#8217;ll be doing as much racing as I can for the rest of the season, and just embrace whatever&#8217;s to come.&#8221;<\/p>\n<figure class=\"van-image-figure inline-layout kiosq-b\" data-bordeaux-image-check id=\"elk-0059d818-9f1e-11f1-99d4-a3c8f67b3bcd\" aria-hidden=\"true\">\n<div class=\"image-full-width-wrapper\">\n<div class=\"image-widthsetter\">\n<p class=\"vanilla-image-block\">\n<source type=\"image\/webp\" srcset=\"https:\/\/cdn.mos.cms.futurecdn.net\/A3RPDFN4PEKyn2UVJ62SAj-1200-80.jpg.webp 1200w, https:\/\/cdn.mos.cms.futurecdn.net\/A3RPDFN4PEKyn2UVJ62SAj-1024-80.jpg.webp 1024w, https:\/\/cdn.mos.cms.futurecdn.net\/A3RPDFN4PEKyn2UVJ62SAj-970-80.jpg.webp 970w, https:\/\/cdn.mos.cms.futurecdn.net\/A3RPDFN4PEKyn2UVJ62SAj-650-80.jpg.webp 650w, https:\/\/cdn.mos.cms.futurecdn.net\/A3RPDFN4PEKyn2UVJ62SAj-480-80.jpg.webp 480w, https:\/\/cdn.mos.cms.futurecdn.net\/A3RPDFN4PEKyn2UVJ62SAj-320-80.jpg.webp 320w\" sizes=\"(min-width: 1000px) 970px, calc(100vw - 40px)\" \/><\/p>\n<\/div>\n<\/div><figcaption class=\" inline-layout\"><span class=\"caption-text\">Pate (centre) back with her Liv-AlUla-Jayco teammates at the Tour of Britain Women <\/span><span class=\"credit\">(Image credit: Simon Wilkinson\/SWpix.com)<\/span><\/figcaption><\/figure>\n<p id=\"elk-18836d42-9f1d-11f1-b9ea-499e17b3412f\" aria-hidden=\"true\" class=\"kiosq-b\"><strong>For unbeatable coverage across road, gravel and tech, subscribe to Cyclingnews. You&#8217;ll get comprehensive race coverage of La Vuelta a Espa\u00f1a, subscriber-exclusive analysis from our expert columnists, in-depth features and industry-leading tech insight. Plus, the Cyclingnews app lets you follow the action wherever you go! <\/strong><u><strong>Join today.<\/strong><\/u><\/p>\n<\/div>\n<div class=\"block mb-5\" id=\"articleTag\" data-component-name=\"PostArticleLinks\" data-nosnippet data-mrf-recirculation=\"post-article-links\">\n<div class=\"border-b border-b-black border-solid py-2.5 text-black font-bold uppercase\">CATEGORIES<\/div>\n<nav class=\"py-2.5 flex gap-2.5 flex-wrap\" data-analytics-id=\"article-tag\" data-mrf-recirculation=\"article-tag\">\n<p>Teams &amp; Riders<\/p>\n<\/nav>\n<\/div>\n<div id=\"slice-container-authorBio-EC6coHhg3LbiZtq2n2HjWj\" class=\"slice-container slice-author-bio authorBio-EC6coHhg3LbiZtq2n2HjWj slice-container-authorBio\">\n<div class=\"author author__default-layout author--separator author--collapsible\" data-hydrate=\"true\">\n<div class=\"author__header\">\n<div class=\"author__avatar-block\">\n<figure class=\"image-wrapped__wrapper\" data-bordeaux-image-check=\"false\">\n<div class=\"image-wrapped__widthsetter\">\n<div class=\"image-wrapped__aspect-padding\">\n<div><source class=\"author__avatar image-wrapped__image image__image\" type=\"image\/webp\" srcset=\"https:\/\/cdn.mos.cms.futurecdn.net\/sZZXd8K4JqxjkRK7teBMFc-140-80.jpg.webp 140w\" sizes=\"99vw\" data-normal=\"https:\/\/cdn.mos.cms.futurecdn.net\/sZZXd8K4JqxjkRK7teBMFc.jpg\" data-original-mos=\"https:\/\/cdn.mos.cms.futurecdn.net\/sZZXd8K4JqxjkRK7teBMFc.jpg\" data-pin-media=\"https:\/\/cdn.mos.cms.futurecdn.net\/sZZXd8K4JqxjkRK7teBMFc.jpg\" data-pin-nopin=\"true\" data-slice-image=\"true\" \/><\/div>\n<\/div>\n<\/div>\n<\/figure>\n<\/div>\n<div class=\"author__heading\">\n<div class=\"author__name\">Dani Ostanek<\/div>\n<div class=\"author__social\">\n<nav class=\"button-social-group author__social-buttons\" aria-labelledby=\"button-social-group- author__social-buttons\">\n<div id=\"button-social-group- author__social-buttons\">Social Links Navigation<\/div>\n<\/nav>\n<\/div>\n<div class=\"author__role\">Senior News Writer<\/div>\n<\/div>\n<\/div>\n<div class=\"author__bio-wrapper\">\n<div class=\"author__biography\">\n<p>Dani Ostanek is Senior News Writer at Cyclingnews, having joined in 2017 as a freelance contributor, later being hired full-time. Her favourite races include the Tour de France Femmes, Paris-Roubaix, Tro-Bro L\u00e9on, and cycling&#8217;s fourth Grand Tour, the Volta a Portugal.<\/p>\n<\/div>\n<\/div>\n<\/div>\n<\/div>\n<\/section>\n<div class=\"relative max-w-[1070px] viafoura-twig-component mt-6 mx-4 lg:mx-0\" data-component-name=\"Viafoura:Comments\" data-nosnippet data-community-guidelines-text=\"&lt;p class=&apos;vfcustom-community-guidelines&apos;&gt;Please follow our &lt;a href=&quot;https:\/\/www.cyclingnews.com\/about\/#section-community-guidelines&quot; target=&quot;_blank&quot;&gt;community guidelines&lt;\/a&gt;.&lt;\/p&gt;\" data-join-the-conversation-text=\"Join the Conversation\">\n<div class=\"absolute top-0 left-0 w-full h-full flex items-center justify-center z-50 bg-white\/90 border-1 rounded-b-[var(--comment-widget-border-radius,0)]\">\n<div class=\"p-2 text-center\">\n<p class=\"mb-3 text-lg!\">You must confirm your public display name before commenting<\/p>\n<p class=\"mb-3 text-sm!\">Please logout and then login again, you will then be prompted to enter your display name.<\/p>\n<\/div>\n<\/div>\n<\/div>\n<section class=\"mx-2 my-5 sm:mx-0\">\n<aside class=\"w-full\" data-nosnippet data-mrf-recirculation=\"article-river-stacked\">\n<div data-recirc-id=\"article-river-stacked-adviser:hybrid\">\n<div class=\"text-white py-4 px-3 mb-4 bg-[#333] uppercase font-bold custom-header-styles\">Read more<\/div>\n<div class=\"grid grid-cols-1 gap-4 mt-4 mb-5\">\n<div>\n<div class=\"aspect-[var(--img-listing-aspect-ratio,16\/9)] relative mb-3.5\">\n    <source type=\"image\/webp\" srcset=\"https:\/\/cdn.mos.cms.futurecdn.net\/HCM9RK7FWGVtWfvfSYCjdC-840-80.jpg.webp 840w, https:\/\/cdn.mos.cms.futurecdn.net\/HCM9RK7FWGVtWfvfSYCjdC-650-80.jpg.webp 650w, https:\/\/cdn.mos.cms.futurecdn.net\/HCM9RK7FWGVtWfvfSYCjdC-500-80.jpg.webp 500w, https:\/\/cdn.mos.cms.futurecdn.net\/HCM9RK7FWGVtWfvfSYCjdC-450-80.jpg.webp 450w, https:\/\/cdn.mos.cms.futurecdn.net\/HCM9RK7FWGVtWfvfSYCjdC-320-80.jpg.webp 320w\" sizes=\"(min-width: 900px) 925px, (min-width: 700px) 450px, calc(100vw - 48px)\" \/><\/div>\n<p><span class=\"custom-subheading-styles\">Women&#8217;s Cycling<\/span><span class=\"text-base text-black font-bold mx-0 my-2.5 p-0 block custom-text-styles\">&#8216;I\u2019ve got the worst of it out of the way&#8217; \u2013 Neve Bradbury settles into the waiting game after iliac artery endofibrosis surgery<\/span><\/div>\n<div class=\"relative recirc-feed sponsored-card min-h-[250px]\" data-recirc-id=\"article-river-stacked-ads:native-cards\" data-mrf-recirculation=\"article-river-ads\" data-nosnippet data-ad-slot-path=\"feed-sponsored-post\" data-attribute-device=\"all\">\n<div class=\"max-w-full sponsored-post--placeholder animate-pulse\">\n<div class=\"relative!\"><span class=\"text-base text-black font-bold mx-0 my-2.5 p-0 block bg-gray-100\">\u00a0<br \/>\u00a0<\/span><\/div>\n<\/div>\n<\/div>\n<div>\n<div class=\"aspect-[var(--img-listing-aspect-ratio,16\/9)] relative mb-3.5\">\n    <source type=\"image\/webp\" srcset=\"https:\/\/cdn.mos.cms.futurecdn.net\/mdqopQBsyVu8WSwCgaooQM-840-80.jpg.webp 840w, https:\/\/cdn.mos.cms.futurecdn.net\/mdqopQBsyVu8WSwCgaooQM-650-80.jpg.webp 650w, https:\/\/cdn.mos.cms.futurecdn.net\/mdqopQBsyVu8WSwCgaooQM-500-80.jpg.webp 500w, https:\/\/cdn.mos.cms.futurecdn.net\/mdqopQBsyVu8WSwCgaooQM-450-80.jpg.webp 450w, https:\/\/cdn.mos.cms.futurecdn.net\/mdqopQBsyVu8WSwCgaooQM-320-80.jpg.webp 320w\" sizes=\"(min-width: 900px) 925px, (min-width: 700px) 450px, calc(100vw - 48px)\" \/><\/div>\n<p><span class=\"custom-subheading-styles\">Teams &amp; Riders<\/span><span class=\"text-base text-black font-bold mx-0 my-2.5 p-0 block custom-text-styles\">&#8216;Big shock to the system&#8217; &#8211; Former WorldTour rider Veronica Ewers resumes slow return to peloton with &#8216;experiment&#8217; at French ProTeam&#8217;s Tour de France Femmes training camp<\/span><\/div>\n<div class=\"relative recirc-feed sponsored-card min-h-[250px]\" data-recirc-id=\"article-river-stacked-ads:native-cards\" data-mrf-recirculation=\"article-river-ads\" data-nosnippet data-ad-slot-path=\"feed-sponsored-post\" data-attribute-device=\"all\">\n<div class=\"max-w-full sponsored-post--placeholder animate-pulse\">\n<div class=\"relative!\"><span class=\"text-base text-black font-bold mx-0 my-2.5 p-0 block bg-gray-100\">\u00a0<br \/>\u00a0<\/span><\/div>\n<\/div>\n<\/div>\n<div>\n<div class=\"aspect-[var(--img-listing-aspect-ratio,16\/9)] relative mb-3.5\">\n    <source type=\"image\/webp\" srcset=\"https:\/\/cdn.mos.cms.futurecdn.net\/gbzbBhiKcXAG32RXsDVhSh-840-80.jpg.webp 840w, https:\/\/cdn.mos.cms.futurecdn.net\/gbzbBhiKcXAG32RXsDVhSh-650-80.jpg.webp 650w, https:\/\/cdn.mos.cms.futurecdn.net\/gbzbBhiKcXAG32RXsDVhSh-500-80.jpg.webp 500w, https:\/\/cdn.mos.cms.futurecdn.net\/gbzbBhiKcXAG32RXsDVhSh-450-80.jpg.webp 450w, https:\/\/cdn.mos.cms.futurecdn.net\/gbzbBhiKcXAG32RXsDVhSh-320-80.jpg.webp 320w\" sizes=\"(min-width: 900px) 925px, (min-width: 700px) 450px, calc(100vw - 48px)\" \/><\/div>\n<p><span class=\"custom-subheading-styles\">Women&#8217;s Cycling<\/span><span class=\"text-base text-black font-bold mx-0 my-2.5 p-0 block custom-text-styles\">&#8216;I\u2019ve come from a really low point&#8217; \u2013 Maike van der Duin returns to podium at Baloise Ladies Tour after a 790 day wait<\/span><\/div>\n<div class=\"relative recirc-feed sponsored-card min-h-[250px]\" data-recirc-id=\"article-river-stacked-ads:native-cards\" data-mrf-recirculation=\"article-river-ads\" data-nosnippet data-ad-slot-path=\"feed-sponsored-post\" data-attribute-device=\"all\">\n<div class=\"max-w-full sponsored-post--placeholder animate-pulse\">\n<div class=\"relative!\"><span class=\"text-base text-black font-bold mx-0 my-2.5 p-0 block bg-gray-100\">\u00a0<br \/>\u00a0<\/span><\/div>\n<\/div>\n<\/div>\n<div>\n<div class=\"aspect-[var(--img-listing-aspect-ratio,16\/9)] relative mb-3.5\">\n    <source type=\"image\/webp\" srcset=\"https:\/\/cdn.mos.cms.futurecdn.net\/pkoxTQr2aQMfrXNAThoZkb-840-80.jpg.webp 840w, https:\/\/cdn.mos.cms.futurecdn.net\/pkoxTQr2aQMfrXNAThoZkb-650-80.jpg.webp 650w, https:\/\/cdn.mos.cms.futurecdn.net\/pkoxTQr2aQMfrXNAThoZkb-500-80.jpg.webp 500w, https:\/\/cdn.mos.cms.futurecdn.net\/pkoxTQr2aQMfrXNAThoZkb-450-80.jpg.webp 450w, https:\/\/cdn.mos.cms.futurecdn.net\/pkoxTQr2aQMfrXNAThoZkb-320-80.jpg.webp 320w\" sizes=\"(min-width: 900px) 925px, (min-width: 700px) 450px, calc(100vw - 48px)\" \/><\/div>\n<p><span class=\"custom-subheading-styles\">Teams &amp; Riders<\/span><span class=\"text-base text-black font-bold mx-0 my-2.5 p-0 block custom-text-styles\">&#8216;Two steps forward, three steps back gets old quickly&#8217; \u2013 Another surgery for Sarah Gigante as racing return further delayed<\/span><\/div>\n<div class=\"relative recirc-feed sponsored-card min-h-[250px]\" data-recirc-id=\"article-river-stacked-ads:native-cards\" data-mrf-recirculation=\"article-river-ads\" data-nosnippet data-ad-slot-path=\"feed-sponsored-post\" data-attribute-device=\"all\">\n<div class=\"max-w-full sponsored-post--placeholder animate-pulse\">\n<div class=\"relative!\"><span class=\"text-base text-black font-bold mx-0 my-2.5 p-0 block bg-gray-100\">\u00a0<br \/>\u00a0<\/span><\/div>\n<\/div>\n<\/div>\n<div>\n<div class=\"aspect-[var(--img-listing-aspect-ratio,16\/9)] relative mb-3.5\">\n    <source type=\"image\/webp\" srcset=\"https:\/\/cdn.mos.cms.futurecdn.net\/k8t5MUbM6acykBVaugJXWW-840-80.jpg.webp 840w, https:\/\/cdn.mos.cms.futurecdn.net\/k8t5MUbM6acykBVaugJXWW-650-80.jpg.webp 650w, https:\/\/cdn.mos.cms.futurecdn.net\/k8t5MUbM6acykBVaugJXWW-500-80.jpg.webp 500w, https:\/\/cdn.mos.cms.futurecdn.net\/k8t5MUbM6acykBVaugJXWW-450-80.jpg.webp 450w, https:\/\/cdn.mos.cms.futurecdn.net\/k8t5MUbM6acykBVaugJXWW-320-80.jpg.webp 320w\" sizes=\"(min-width: 900px) 925px, (min-width: 700px) 450px, calc(100vw - 48px)\" \/><\/div>\n<p><span class=\"custom-subheading-styles\">Women&#8217;s Cycling<\/span><span class=\"text-base text-black font-bold mx-0 my-2.5 p-0 block custom-text-styles\">&#8216;The body is an amazing thing&#8217; \u2013 Ur\u0161ka \u017digart back in action at the Tour de France Femmes, six weeks on from Tour de Suisse horror crash<\/span><\/div>\n<div class=\"relative recirc-feed sponsored-card min-h-[250px]\" data-recirc-id=\"article-river-stacked-ads:native-cards\" data-mrf-recirculation=\"article-river-ads\" data-nosnippet data-ad-slot-path=\"feed-sponsored-post\" data-attribute-device=\"all\">\n<div class=\"max-w-full sponsored-post--placeholder animate-pulse\">\n<div class=\"relative!\"><span class=\"text-base text-black font-bold mx-0 my-2.5 p-0 block bg-gray-100\">\u00a0<br \/>\u00a0<\/span><\/div>\n<\/div>\n<\/div>\n<div>\n<div class=\"aspect-[var(--img-listing-aspect-ratio,16\/9)] relative mb-3.5\">\n    <source type=\"image\/webp\" srcset=\"https:\/\/cdn.mos.cms.futurecdn.net\/Fy7VS6XswREZBJhRPTVrER-840-80.jpg.webp 840w, https:\/\/cdn.mos.cms.futurecdn.net\/Fy7VS6XswREZBJhRPTVrER-650-80.jpg.webp 650w, https:\/\/cdn.mos.cms.futurecdn.net\/Fy7VS6XswREZBJhRPTVrER-500-80.jpg.webp 500w, https:\/\/cdn.mos.cms.futurecdn.net\/Fy7VS6XswREZBJhRPTVrER-450-80.jpg.webp 450w, https:\/\/cdn.mos.cms.futurecdn.net\/Fy7VS6XswREZBJhRPTVrER-320-80.jpg.webp 320w\" sizes=\"(min-width: 900px) 925px, (min-width: 700px) 450px, calc(100vw - 48px)\" \/><\/div>\n<p><span class=\"custom-subheading-styles\">Women&#8217;s Cycling<\/span><span class=\"text-base text-black font-bold mx-0 my-2.5 p-0 block custom-text-styles\">&#8216;I wouldn&#8217;t recommend breaking your femur&#8217; \u2013\u00a0No Giro d&#8217;Italia Women for Sarah Gigante after all, with long-awaited return from latest injury setback delayed<\/span><\/div>\n<div class=\"relative recirc-feed sponsored-card min-h-[250px]\" data-recirc-id=\"article-river-stacked-ads:native-cards\" data-mrf-recirculation=\"article-river-ads\" data-nosnippet data-ad-slot-path=\"feed-sponsored-post\" data-attribute-device=\"all\">\n<div class=\"max-w-full sponsored-post--placeholder animate-pulse\">\n<div class=\"relative!\"><span class=\"text-base text-black font-bold mx-0 my-2.5 p-0 block bg-gray-100\">\u00a0<br \/>\u00a0<\/span><\/div>\n<\/div>\n<\/div>\n<\/div>\n<\/div>\n<\/aside>\n<aside class=\"w-full\" data-nosnippet data-mrf-recirculation=\"article-river-stacked\">\n<div data-recirc-id=\"article-river-stacked-solr:latest-category\">\n<div class=\"text-white py-4 px-3 mb-4 bg-[#333] uppercase font-bold custom-header-styles\">Latest in Women&#8217;s Cycling<\/div>\n<div class=\"grid grid-cols-1 gap-4 mt-4 mb-5\">\n<div>\n<div class=\"aspect-[var(--img-listing-aspect-ratio,16\/9)] relative mb-3.5\">\n    <source type=\"image\/webp\" srcset=\"https:\/\/cdn.mos.cms.futurecdn.net\/pyoa6JqM6PUXASaJ8znEpC-840-80.jpg.webp 840w, https:\/\/cdn.mos.cms.futurecdn.net\/pyoa6JqM6PUXASaJ8znEpC-650-80.jpg.webp 650w, https:\/\/cdn.mos.cms.futurecdn.net\/pyoa6JqM6PUXASaJ8znEpC-500-80.jpg.webp 500w, https:\/\/cdn.mos.cms.futurecdn.net\/pyoa6JqM6PUXASaJ8znEpC-450-80.jpg.webp 450w, https:\/\/cdn.mos.cms.futurecdn.net\/pyoa6JqM6PUXASaJ8znEpC-320-80.jpg.webp 320w\" sizes=\"(min-width: 900px) 925px, (min-width: 700px) 450px, calc(100vw - 48px)\" \/><\/div>\n<p><span class=\"custom-subheading-styles\">Racing<\/span><span class=\"text-base text-black font-bold mx-0 my-2.5 p-0 block custom-text-styles\">Lauf Gravel Worlds: Geerike Schreurs beats Rosa Kl\u00f6ser in photo finish as Torbj\u00f8rn R\u00f8ed wins three-way sprint after storms cause course rejig<\/span><\/div>\n<div class=\"relative recirc-feed sponsored-card min-h-[250px]\" data-recirc-id=\"article-river-stacked-ads:native-cards\" data-mrf-recirculation=\"article-river-ads\" data-nosnippet data-ad-slot-path=\"feed-sponsored-post\" data-attribute-device=\"all\">\n<div class=\"max-w-full sponsored-post--placeholder animate-pulse\">\n<div class=\"relative!\"><span class=\"text-base text-black font-bold mx-0 my-2.5 p-0 block bg-gray-100\">\u00a0<br \/>\u00a0<\/span><\/div>\n<\/div>\n<\/div>\n<div>\n<div class=\"aspect-[var(--img-listing-aspect-ratio,16\/9)] relative mb-3.5\">\n    <source type=\"image\/webp\" srcset=\"https:\/\/cdn.mos.cms.futurecdn.net\/as8Z4qRNG2969Xm5zz6JSM-840-80.jpg.webp 840w, https:\/\/cdn.mos.cms.futurecdn.net\/as8Z4qRNG2969Xm5zz6JSM-650-80.jpg.webp 650w, https:\/\/cdn.mos.cms.futurecdn.net\/as8Z4qRNG2969Xm5zz6JSM-500-80.jpg.webp 500w, https:\/\/cdn.mos.cms.futurecdn.net\/as8Z4qRNG2969Xm5zz6JSM-450-80.jpg.webp 450w, https:\/\/cdn.mos.cms.futurecdn.net\/as8Z4qRNG2969Xm5zz6JSM-320-80.jpg.webp 320w\" sizes=\"(min-width: 900px) 925px, (min-width: 700px) 450px, calc(100vw - 48px)\" \/><\/div>\n<p><span class=\"custom-subheading-styles\">Women&#8217;s Cycling<\/span><span class=\"text-base text-black font-bold mx-0 my-2.5 p-0 block custom-text-styles\">Tour of Britain Women: Kim Le Court-Pienaar claims overall title as unstoppable Lorena Wiebes takes fourth victory in stage 5 finale<\/span><\/div>\n<div class=\"relative recirc-feed sponsored-card min-h-[250px]\" data-recirc-id=\"article-river-stacked-ads:native-cards\" data-mrf-recirculation=\"article-river-ads\" data-nosnippet data-ad-slot-path=\"feed-sponsored-post\" data-attribute-device=\"all\">\n<div class=\"max-w-full sponsored-post--placeholder animate-pulse\">\n<div class=\"relative!\"><span class=\"text-base text-black font-bold mx-0 my-2.5 p-0 block bg-gray-100\">\u00a0<br \/>\u00a0<\/span><\/div>\n<\/div>\n<\/div>\n<div>\n<div class=\"aspect-[var(--img-listing-aspect-ratio,16\/9)] relative mb-3.5\">\n    <source type=\"image\/webp\" srcset=\"https:\/\/cdn.mos.cms.futurecdn.net\/ok8zpNrbM9FuWB4jGwqEtY-840-80.jpg.webp 840w, https:\/\/cdn.mos.cms.futurecdn.net\/ok8zpNrbM9FuWB4jGwqEtY-650-80.jpg.webp 650w, https:\/\/cdn.mos.cms.futurecdn.net\/ok8zpNrbM9FuWB4jGwqEtY-500-80.jpg.webp 500w, https:\/\/cdn.mos.cms.futurecdn.net\/ok8zpNrbM9FuWB4jGwqEtY-450-80.jpg.webp 450w, https:\/\/cdn.mos.cms.futurecdn.net\/ok8zpNrbM9FuWB4jGwqEtY-320-80.jpg.webp 320w\" sizes=\"(min-width: 900px) 925px, (min-width: 700px) 450px, calc(100vw - 48px)\" \/><\/div>\n<p><span class=\"custom-subheading-styles\">Women&#8217;s Cycling<\/span><span class=\"text-base text-black font-bold mx-0 my-2.5 p-0 block custom-text-styles\">&#8216;It&#8217;s taken me a while to become a consistent rider&#8217; \u2013 Josie Nelson continues strongest season yet on home roads at Tour of Britain Women<\/span><\/div>\n<div class=\"relative recirc-feed sponsored-card min-h-[250px]\" data-recirc-id=\"article-river-stacked-ads:native-cards\" data-mrf-recirculation=\"article-river-ads\" data-nosnippet data-ad-slot-path=\"feed-sponsored-post\" data-attribute-device=\"all\">\n<div class=\"max-w-full sponsored-post--placeholder animate-pulse\">\n<div class=\"relative!\"><span class=\"text-base text-black font-bold mx-0 my-2.5 p-0 block bg-gray-100\">\u00a0<br \/>\u00a0<\/span><\/div>\n<\/div>\n<\/div>\n<div>\n<div class=\"aspect-[var(--img-listing-aspect-ratio,16\/9)] relative mb-3.5\">\n    <source type=\"image\/webp\" srcset=\"https:\/\/cdn.mos.cms.futurecdn.net\/DRQuxgf3dM9QoT2cxCjf4E-840-80.jpg.webp 840w, https:\/\/cdn.mos.cms.futurecdn.net\/DRQuxgf3dM9QoT2cxCjf4E-650-80.jpg.webp 650w, https:\/\/cdn.mos.cms.futurecdn.net\/DRQuxgf3dM9QoT2cxCjf4E-500-80.jpg.webp 500w, https:\/\/cdn.mos.cms.futurecdn.net\/DRQuxgf3dM9QoT2cxCjf4E-450-80.jpg.webp 450w, https:\/\/cdn.mos.cms.futurecdn.net\/DRQuxgf3dM9QoT2cxCjf4E-320-80.jpg.webp 320w\" sizes=\"(min-width: 900px) 925px, (min-width: 700px) 450px, calc(100vw - 48px)\" \/><\/div>\n<p><span class=\"custom-subheading-styles\">Women&#8217;s Cycling<\/span><span class=\"text-base text-black font-bold mx-0 my-2.5 p-0 block custom-text-styles\">&#8216;We expected to be attacked left, right and centre&#8217; \u2013 Kim Le Court-Pienaar defends Tour of Britain Women GC lead on hilly stage 4<\/span><\/div>\n<div class=\"relative recirc-feed sponsored-card min-h-[250px]\" data-recirc-id=\"article-river-stacked-ads:native-cards\" data-mrf-recirculation=\"article-river-ads\" data-nosnippet data-ad-slot-path=\"feed-sponsored-post\" data-attribute-device=\"all\">\n<div class=\"max-w-full sponsored-post--placeholder animate-pulse\">\n<div class=\"relative!\"><span class=\"text-base text-black font-bold mx-0 my-2.5 p-0 block bg-gray-100\">\u00a0<br \/>\u00a0<\/span><\/div>\n<\/div>\n<\/div>\n<div>\n<div class=\"aspect-[var(--img-listing-aspect-ratio,16\/9)] relative mb-3.5\">\n    <source type=\"image\/webp\" srcset=\"https:\/\/cdn.mos.cms.futurecdn.net\/9JdzkLSRgapaJSHNya5wk9-840-80.jpg.webp 840w, https:\/\/cdn.mos.cms.futurecdn.net\/9JdzkLSRgapaJSHNya5wk9-650-80.jpg.webp 650w, https:\/\/cdn.mos.cms.futurecdn.net\/9JdzkLSRgapaJSHNya5wk9-500-80.jpg.webp 500w, https:\/\/cdn.mos.cms.futurecdn.net\/9JdzkLSRgapaJSHNya5wk9-450-80.jpg.webp 450w, https:\/\/cdn.mos.cms.futurecdn.net\/9JdzkLSRgapaJSHNya5wk9-320-80.jpg.webp 320w\" sizes=\"(min-width: 900px) 925px, (min-width: 700px) 450px, calc(100vw - 48px)\" \/><\/div>\n<p><span class=\"custom-subheading-styles\">Women&#8217;s Cycling<\/span><span class=\"text-base text-black font-bold mx-0 my-2.5 p-0 block custom-text-styles\">&#8216;I want to develop myself more in the hills&#8217; \u2013\u00a0After another impressive punchy display at the Tour of Britain Women, is Lorena Wiebes evolving?<\/span><\/div>\n<div class=\"relative recirc-feed sponsored-card min-h-[250px]\" data-recirc-id=\"article-river-stacked-ads:native-cards\" data-mrf-recirculation=\"article-river-ads\" data-nosnippet data-ad-slot-path=\"feed-sponsored-post\" data-attribute-device=\"all\">\n<div class=\"max-w-full sponsored-post--placeholder animate-pulse\">\n<div class=\"relative!\"><span class=\"text-base text-black font-bold mx-0 my-2.5 p-0 block bg-gray-100\">\u00a0<br \/>\u00a0<\/span><\/div>\n<\/div>\n<\/div>\n<div>\n<div class=\"aspect-[var(--img-listing-aspect-ratio,16\/9)] relative mb-3.5\">\n    <source type=\"image\/webp\" srcset=\"https:\/\/cdn.mos.cms.futurecdn.net\/JEX3L7q6d9QEfadPvbwSmh-840-80.jpg.webp 840w, https:\/\/cdn.mos.cms.futurecdn.net\/JEX3L7q6d9QEfadPvbwSmh-650-80.jpg.webp 650w, https:\/\/cdn.mos.cms.futurecdn.net\/JEX3L7q6d9QEfadPvbwSmh-500-80.jpg.webp 500w, https:\/\/cdn.mos.cms.futurecdn.net\/JEX3L7q6d9QEfadPvbwSmh-450-80.jpg.webp 450w, https:\/\/cdn.mos.cms.futurecdn.net\/JEX3L7q6d9QEfadPvbwSmh-320-80.jpg.webp 320w\" sizes=\"(min-width: 900px) 925px, (min-width: 700px) 450px, calc(100vw - 48px)\" \/><\/div>\n<p><span class=\"custom-subheading-styles\">Women&#8217;s Cycling<\/span><span class=\"text-base text-black font-bold mx-0 my-2.5 p-0 block custom-text-styles\">Tour of Britain Women: Lorena Wiebes claims hard-fought hat trick of victories on stage 4<\/span><\/div>\n<div class=\"relative recirc-feed sponsored-card min-h-[250px]\" data-recirc-id=\"article-river-stacked-ads:native-cards\" data-mrf-recirculation=\"article-river-ads\" data-nosnippet data-ad-slot-path=\"feed-sponsored-post\" data-attribute-device=\"all\">\n<div class=\"max-w-full sponsored-post--placeholder animate-pulse\">\n<div class=\"relative!\"><span class=\"text-base text-black font-bold mx-0 my-2.5 p-0 block bg-gray-100\">\u00a0<br \/>\u00a0<\/span><\/div>\n<\/div>\n<\/div>\n<\/div>\n<\/div>\n<\/aside>\n<aside class=\"w-full\" data-nosnippet data-mrf-recirculation=\"article-river-stacked\">\n<div data-recirc-id=\"article-river-stacked-solr:latest-articletype\">\n<div class=\"text-white py-4 px-3 mb-4 bg-[#333] uppercase font-bold custom-header-styles\">Latest in News<\/div>\n<div class=\"grid grid-cols-1 gap-4 mt-4 mb-5\">\n<div>\n<div class=\"aspect-[var(--img-listing-aspect-ratio,16\/9)] relative mb-3.5\">\n    <source type=\"image\/webp\" srcset=\"https:\/\/cdn.mos.cms.futurecdn.net\/cLSHcRATZJ5wsZjNMcxxtC-840-80.jpg.webp 840w, https:\/\/cdn.mos.cms.futurecdn.net\/cLSHcRATZJ5wsZjNMcxxtC-650-80.jpg.webp 650w, https:\/\/cdn.mos.cms.futurecdn.net\/cLSHcRATZJ5wsZjNMcxxtC-500-80.jpg.webp 500w, https:\/\/cdn.mos.cms.futurecdn.net\/cLSHcRATZJ5wsZjNMcxxtC-450-80.jpg.webp 450w, https:\/\/cdn.mos.cms.futurecdn.net\/cLSHcRATZJ5wsZjNMcxxtC-320-80.jpg.webp 320w\" sizes=\"(min-width: 900px) 925px, (min-width: 700px) 450px, calc(100vw - 48px)\" \/><\/div>\n<p><span class=\"custom-subheading-styles\">Teams &amp; Riders<\/span><span class=\"text-base text-black font-bold mx-0 my-2.5 p-0 block custom-text-styles\">&#8216;When Wout goes, you have to react&#8217; &#8211; Tadej Poga\u010dar retains Vuelta a Espa\u00f1a lead after sizzling finale duel with Van Aert<\/span><\/div>\n<div class=\"relative recirc-feed sponsored-card min-h-[250px]\" data-recirc-id=\"article-river-stacked-ads:native-cards\" data-mrf-recirculation=\"article-river-ads\" data-nosnippet data-ad-slot-path=\"feed-sponsored-post\" data-attribute-device=\"all\">\n<div class=\"max-w-full sponsored-post--placeholder animate-pulse\">\n<div class=\"relative!\"><span class=\"text-base text-black font-bold mx-0 my-2.5 p-0 block bg-gray-100\">\u00a0<br \/>\u00a0<\/span><\/div>\n<\/div>\n<\/div>\n<div>\n<div class=\"aspect-[var(--img-listing-aspect-ratio,16\/9)] relative mb-3.5\">\n    <source type=\"image\/webp\" srcset=\"https:\/\/cdn.mos.cms.futurecdn.net\/JZzemFw5TdtdXkCVjuaheQ-840-80.jpg.webp 840w, https:\/\/cdn.mos.cms.futurecdn.net\/JZzemFw5TdtdXkCVjuaheQ-650-80.jpg.webp 650w, https:\/\/cdn.mos.cms.futurecdn.net\/JZzemFw5TdtdXkCVjuaheQ-500-80.jpg.webp 500w, https:\/\/cdn.mos.cms.futurecdn.net\/JZzemFw5TdtdXkCVjuaheQ-450-80.jpg.webp 450w, https:\/\/cdn.mos.cms.futurecdn.net\/JZzemFw5TdtdXkCVjuaheQ-320-80.jpg.webp 320w\" sizes=\"(min-width: 900px) 925px, (min-width: 700px) 450px, calc(100vw - 48px)\" \/><\/div>\n<p><span class=\"custom-subheading-styles\">Teams &amp; Riders<\/span><span class=\"text-base text-black font-bold mx-0 my-2.5 p-0 block custom-text-styles\">Kim Le Court-Pienaar comes full circle at Tour of Britain Women to take her first-ever GC victory<\/span><\/div>\n<div class=\"relative recirc-feed sponsored-card min-h-[250px]\" data-recirc-id=\"article-river-stacked-ads:native-cards\" data-mrf-recirculation=\"article-river-ads\" data-nosnippet data-ad-slot-path=\"feed-sponsored-post\" data-attribute-device=\"all\">\n<div class=\"max-w-full sponsored-post--placeholder animate-pulse\">\n<div class=\"relative!\"><span class=\"text-base text-black font-bold mx-0 my-2.5 p-0 block bg-gray-100\">\u00a0<br \/>\u00a0<\/span><\/div>\n<\/div>\n<\/div>\n<div>\n<div class=\"aspect-[var(--img-listing-aspect-ratio,16\/9)] relative mb-3.5\">\n    <source type=\"image\/webp\" srcset=\"https:\/\/cdn.mos.cms.futurecdn.net\/zKa5jF8d2s4BYwxnu4djUX-840-80.jpg.webp 840w, https:\/\/cdn.mos.cms.futurecdn.net\/zKa5jF8d2s4BYwxnu4djUX-650-80.jpg.webp 650w, https:\/\/cdn.mos.cms.futurecdn.net\/zKa5jF8d2s4BYwxnu4djUX-500-80.jpg.webp 500w, https:\/\/cdn.mos.cms.futurecdn.net\/zKa5jF8d2s4BYwxnu4djUX-450-80.jpg.webp 450w, https:\/\/cdn.mos.cms.futurecdn.net\/zKa5jF8d2s4BYwxnu4djUX-320-80.jpg.webp 320w\" sizes=\"(min-width: 900px) 925px, (min-width: 700px) 450px, calc(100vw - 48px)\" \/><\/div>\n<p><span class=\"custom-subheading-styles\">Racing<\/span><span class=\"text-base text-black font-bold mx-0 my-2.5 p-0 block custom-text-styles\">&#8216;I didn&#8217;t really have much left for such a hard finish&#8217; \u2013 Ethan Hayter misses out on red jersey again at Vuelta a Espa\u00f1a despite gutsy breakaway ride in ripped shorts<\/span><\/div>\n<div class=\"relative recirc-feed sponsored-card min-h-[250px]\" data-recirc-id=\"article-river-stacked-ads:native-cards\" data-mrf-recirculation=\"article-river-ads\" data-nosnippet data-ad-slot-path=\"feed-sponsored-post\" data-attribute-device=\"all\">\n<div class=\"max-w-full sponsored-post--placeholder animate-pulse\">\n<div class=\"relative!\"><span class=\"text-base text-black font-bold mx-0 my-2.5 p-0 block bg-gray-100\">\u00a0<br \/>\u00a0<\/span><\/div>\n<\/div>\n<\/div>\n<div>\n<div class=\"aspect-[var(--img-listing-aspect-ratio,16\/9)] relative mb-3.5\">\n    <source type=\"image\/webp\" srcset=\"https:\/\/cdn.mos.cms.futurecdn.net\/pyoa6JqM6PUXASaJ8znEpC-840-80.jpg.webp 840w, https:\/\/cdn.mos.cms.futurecdn.net\/pyoa6JqM6PUXASaJ8znEpC-650-80.jpg.webp 650w, https:\/\/cdn.mos.cms.futurecdn.net\/pyoa6JqM6PUXASaJ8znEpC-500-80.jpg.webp 500w, https:\/\/cdn.mos.cms.futurecdn.net\/pyoa6JqM6PUXASaJ8znEpC-450-80.jpg.webp 450w, https:\/\/cdn.mos.cms.futurecdn.net\/pyoa6JqM6PUXASaJ8znEpC-320-80.jpg.webp 320w\" sizes=\"(min-width: 900px) 925px, (min-width: 700px) 450px, calc(100vw - 48px)\" \/><\/div>\n<p><span class=\"custom-subheading-styles\">Racing<\/span><span class=\"text-base text-black font-bold mx-0 my-2.5 p-0 block custom-text-styles\">Lauf Gravel Worlds: Geerike Schreurs beats Rosa Kl\u00f6ser in photo finish as Torbj\u00f8rn R\u00f8ed wins three-way sprint after storms cause course rejig<\/span><\/div>\n<div class=\"relative recirc-feed sponsored-card min-h-[250px]\" data-recirc-id=\"article-river-stacked-ads:native-cards\" data-mrf-recirculation=\"article-river-ads\" data-nosnippet data-ad-slot-path=\"feed-sponsored-post\" data-attribute-device=\"all\">\n<div class=\"max-w-full sponsored-post--placeholder animate-pulse\">\n<div class=\"relative!\"><span class=\"text-base text-black font-bold mx-0 my-2.5 p-0 block bg-gray-100\">\u00a0<br \/>\u00a0<\/span><\/div>\n<\/div>\n<\/div>\n<div>\n<div class=\"aspect-[var(--img-listing-aspect-ratio,16\/9)] relative mb-3.5\">\n    <source type=\"image\/webp\" srcset=\"https:\/\/cdn.mos.cms.futurecdn.net\/DfLzZ8ytJjAYKyP5FEkEaB-840-80.jpg.webp 840w, https:\/\/cdn.mos.cms.futurecdn.net\/DfLzZ8ytJjAYKyP5FEkEaB-650-80.jpg.webp 650w, https:\/\/cdn.mos.cms.futurecdn.net\/DfLzZ8ytJjAYKyP5FEkEaB-500-80.jpg.webp 500w, https:\/\/cdn.mos.cms.futurecdn.net\/DfLzZ8ytJjAYKyP5FEkEaB-450-80.jpg.webp 450w, https:\/\/cdn.mos.cms.futurecdn.net\/DfLzZ8ytJjAYKyP5FEkEaB-320-80.jpg.webp 320w\" sizes=\"(min-width: 900px) 925px, (min-width: 700px) 450px, calc(100vw - 48px)\" \/><\/div>\n<p><span class=\"custom-subheading-styles\">Racing<\/span><span class=\"text-base text-black font-bold mx-0 my-2.5 p-0 block custom-text-styles\">&#8216;It&#8217;s not completely under my control but I&#8217;m going to try&#8217; &#8211; After ultra-narrow TT defeat to Poga\u010dar, Ethan Hayter throws hat in ring for red in Vuelta a Espa\u00f1a<\/span><\/div>\n<div class=\"relative recirc-feed sponsored-card min-h-[250px]\" data-recirc-id=\"article-river-stacked-ads:native-cards\" data-mrf-recirculation=\"article-river-ads\" data-nosnippet data-ad-slot-path=\"feed-sponsored-post\" data-attribute-device=\"all\">\n<div class=\"max-w-full sponsored-post--placeholder animate-pulse\">\n<div class=\"relative!\"><span class=\"text-base text-black font-bold mx-0 my-2.5 p-0 block bg-gray-100\">\u00a0<br \/>\u00a0<\/span><\/div>\n<\/div>\n<\/div>\n<div>\n<div class=\"aspect-[var(--img-listing-aspect-ratio,16\/9)] relative mb-3.5\">\n    <source type=\"image\/webp\" srcset=\"https:\/\/cdn.mos.cms.futurecdn.net\/ok8zpNrbM9FuWB4jGwqEtY-840-80.jpg.webp 840w, https:\/\/cdn.mos.cms.futurecdn.net\/ok8zpNrbM9FuWB4jGwqEtY-650-80.jpg.webp 650w, https:\/\/cdn.mos.cms.futurecdn.net\/ok8zpNrbM9FuWB4jGwqEtY-500-80.jpg.webp 500w, https:\/\/cdn.mos.cms.futurecdn.net\/ok8zpNrbM9FuWB4jGwqEtY-450-80.jpg.webp 450w, https:\/\/cdn.mos.cms.futurecdn.net\/ok8zpNrbM9FuWB4jGwqEtY-320-80.jpg.webp 320w\" sizes=\"(min-width: 900px) 925px, (min-width: 700px) 450px, calc(100vw - 48px)\" \/><\/div>\n<p><span class=\"custom-subheading-styles\">Women&#8217;s Cycling<\/span><span class=\"text-base text-black font-bold mx-0 my-2.5 p-0 block custom-text-styles\">&#8216;It&#8217;s taken me a while to become a consistent rider&#8217; \u2013 Josie Nelson continues strongest season yet on home roads at Tour of Britain Women<\/span><\/div>\n<div class=\"relative recirc-feed sponsored-card min-h-[250px]\" data-recirc-id=\"article-river-stacked-ads:native-cards\" data-mrf-recirculation=\"article-river-ads\" data-nosnippet data-ad-slot-path=\"feed-sponsored-post\" data-attribute-device=\"all\">\n<div class=\"max-w-full sponsored-post--placeholder animate-pulse\">\n<div class=\"relative!\"><span class=\"text-base text-black font-bold mx-0 my-2.5 p-0 block bg-gray-100\">\u00a0<br \/>\u00a0<\/span><\/div>\n<\/div>\n<\/div>\n<\/div>\n<\/div>\n<\/aside>\n<\/section>\n<\/div>\n<\/div>\n<\/div>\n<div id=\"widgetArea17\" class=\"widget-area md:basis-1\/3 widget-area-g-md-vp-1-3 widget-area-g-lg-vp-1-3 widget-area-g-xl-vp-1-3 page-widget-area-17\">\n<div data-widget-type=\"dynamic\" id=\"popular-data\" class=\"clear-both widget widget-dynamic widget-popular-data widget-dynamic-popular-data widget-dynamic-fter-popular-box\">\n<div class=\"wdn-fte-pb pos-relative space-t20\n\"><\/p>\n<div class=\"slice-container popular-box-slice\">\n<section class=\"popular-box\" data-component-name=\"Slice:PopularBox\">\n<div class=\"popular-box__label\">\n<div class=\"popular-box__label__tab popular-box__label__tab--active\" role=\"heading\">\nLATEST ARTICLES\n<\/div>\n<\/div>\n<ol class=\"popular-box__articles-list popular-box__articles-list--active\">\n<li class=\"popular-box__article-list\">\n<div class=\"popular-box__article-list__container\">\n<div class=\"popular-box__article-list__image-wrapper\">\n<div>\n<source type=\"image\/webp\" srcset=\"https:\/\/cdn.mos.cms.futurecdn.net\/pyoa6JqM6PUXASaJ8znEpC-1280-80.jpg.webp 1280w, https:\/\/cdn.mos.cms.futurecdn.net\/pyoa6JqM6PUXASaJ8znEpC-720-80.jpg.webp 720w, https:\/\/cdn.mos.cms.futurecdn.net\/pyoa6JqM6PUXASaJ8znEpC-640-80.jpg.webp 640w, https:\/\/cdn.mos.cms.futurecdn.net\/pyoa6JqM6PUXASaJ8znEpC-320-80.jpg.webp 320w\" sizes=\"99vw\" \/><\/div>\n<\/div>\n<div class=\"popular-box__article-list__content\">\n<div class=\"popular-box__article-list__number-text\">1<\/div>\n<div class=\"popular-box__article-list__heading\">\n<p>Lauf Gravel Worlds: Geerike Schreurs beats Rosa Kl\u00f6ser in photo finish as Torbj\u00f8rn R\u00f8ed wins three-way sprint after storms cause course rejig<\/p>\n<\/div>\n<\/div>\n<\/div>\n<\/li>\n<li class=\"popular-box__article-list\">\n<div class=\"popular-box__article-list__container\">\n<div class=\"popular-box__article-list__content\">\n<div class=\"popular-box__article-list__number-text\">2<\/div>\n<div class=\"popular-box__article-list__heading\">\n<p>&#8216;When Wout goes, you have to react&#8217; &#8211; Tadej Poga\u010dar retains Vuelta a Espa\u00f1a lead after sizzling finale duel with Van Aert<\/p>\n<\/div>\n<\/div>\n<\/div>\n<\/li>\n<li class=\"popular-box__article-list\">\n<div class=\"popular-box__article-list__container\">\n<div class=\"popular-box__article-list__content\">\n<div class=\"popular-box__article-list__number-text\">3<\/div>\n<div class=\"popular-box__article-list__heading\">\n<p>Kim Le Court-Pienaar comes full circle at Tour of Britain Women to take her first-ever GC victory<\/p>\n<\/div>\n<\/div>\n<\/div>\n<\/li>\n<li class=\"popular-box__article-list\">\n<div class=\"popular-box__article-list__container\">\n<div class=\"popular-box__article-list__content\">\n<div class=\"popular-box__article-list__number-text\">4<\/div>\n<div class=\"popular-box__article-list__heading\">\n<p>&#8216;I didn&#8217;t really have much left for such a hard finish&#8217; \u2013 Ethan Hayter misses out on red jersey again at Vuelta a Espa\u00f1a despite gutsy breakaway ride in ripped shorts<\/p>\n<\/div>\n<\/div>\n<\/div>\n<\/li>\n<li class=\"popular-box__article-list\">\n<div class=\"popular-box__article-list__container\">\n<div class=\"popular-box__article-list__content\">\n<div class=\"popular-box__article-list__number-text\">5<\/div>\n<div class=\"popular-box__article-list__heading\">\n<p>Vuelta a Espa\u00f1a: Powerful sprint nets Matthew Brennan stage 2 victory as Tadej Poga\u010dar fends off attacks to keep leader&#8217;s jersey<\/p>\n<\/div>\n<\/div>\n<\/div>\n<\/li>\n<\/ol>\n<\/section>\n<\/div>\n<\/div>\n<\/div>\n<\/div>\n<\/div>\n<\/article>\n<article class=\"page-content-onecol flex-1\nnews-article article\n\"><\/p>\n<div class=\"widget-area-group widget-area-group-2col flex flex-wrap box-border\">\n<div id=\"widgetArea16\" class=\"widget-area basis-full md:basis-2\/3 widget-area-g-md-vp-2-3 widget-area-g-lg-vp-2-3 widget-area-g-xl-vp-2-3 page-widget-area-16\">\n<div data-widget-type=\"hero\" id=\"hero\" class=\"clear-both widget widget-hero widget-hero widget-hero-hero widget-hero widget-hero-fter-news\">\n<div class=\"news-article\">\n<header data-component-name=\"Article:Hero\">\n<nav class=\"breadcrumb\" aria-label=\"Breadcrumbs\">\n<ol>\n<li>\nPro Cycling\n<\/li>\n<li>\nRacing\n<\/li>\n<li>\nWomen&#8217;s Cycling\n<\/li>\n<li>\nRoad\n<\/li>\n<li>\nTour of Britain Women\n<\/li>\n<\/ol>\n<\/nav>\n<h1>&#8216;The hardest week I&#8217;ve done by far all year&#8217; \u2013 Amber Pate returns to racing at Tour of Britain Women after six months away due to pancreatic tumour<\/h1>\n<div class=\"byline-social\">\n<div class=\"vds-byline-block flex flex-row flex-nowrap my-1.5 gap-2 text-left items-start justify-start\" data-component-name=\"Article:BylineBlock\">\n<p>News<\/p>\n<div class=\"my-auto vds-simple-byline\"><span class=\"inline-block vds-author\"><br \/>\nBy<br \/>\nDani Ostanek <\/span><\/p>\n<div class=\"flex gap-1 vds-byline-with-avatar__meta\"><span class=\"vds-date block font-normal tracking-normal normal-case text-xs\"><br \/>\nPublished<br \/>\n<time data-component-name=\"UI:DateTime\" datetime=\"2026-08-24T02:35:28Z\" class=\"relative-date\"><br \/>\n24 August 2026<br \/>\n<\/time><\/span><\/div>\n<\/div>\n<\/div>\n<p class=\"strapline\">&#8216;It&#8217;s \u2013 no joke \u2013 really, really hard coming back into the peloton at this time of the year. And it&#8217;s emotional&#8217; says Australian<\/p>\n<\/div>\n<aside class=\"text-gray-700 flex items-center mx-0 my-5 p-0 justify-start text-left\" id=\"affiliate-disclaimer\" data-component-name=\"AffiliateDisclaimer\" data-hawk-message=\"Affiliate disclaimer removed because hawk deemed there are no affiliate links on this page\">\n<p class=\"text-[color:var(--affiliate-disclaimer--text-color,inherit)] mb-2 text-[length:var(--affiliate-disclaimer--font-size,0.75rem)] leading-[18px] md:text-[13px] [&amp;&gt;a]:text-inherit [&amp;&gt;a]:underline\">\nWhen you purchase through links on our site, we may earn an affiliate commission. Here\u2019s how it works.\n<\/p>\n<\/aside>\n<\/header>\n<\/div>\n<\/div>\n<div data-widget-type=\"contentparsed\" id=\"content\" class=\"clear-both widget widget-contentparsed widget-content widget-contentparsed-content widget-content-parsed widget-content-parsed-content_document \">\n<div class=\"wcp-item-content\">\n<section class=\"content-wrapper\">\n<div class=\"box less-space hero-image-wrapper\">\n<figure class=\"mb-0\">\n<source type=\"image\/webp\" srcset=\"https:\/\/cdn.mos.cms.futurecdn.net\/cxdBUbUNkEmBxuAnRMLd4e-1920-80.jpg.webp 1920w, https:\/\/cdn.mos.cms.futurecdn.net\/cxdBUbUNkEmBxuAnRMLd4e-1600-80.jpg.webp 1600w, https:\/\/cdn.mos.cms.futurecdn.net\/cxdBUbUNkEmBxuAnRMLd4e-1200-80.jpg.webp 1200w, https:\/\/cdn.mos.cms.futurecdn.net\/cxdBUbUNkEmBxuAnRMLd4e-1024-80.jpg.webp 1024w, https:\/\/cdn.mos.cms.futurecdn.net\/cxdBUbUNkEmBxuAnRMLd4e-970-80.jpg.webp 970w, https:\/\/cdn.mos.cms.futurecdn.net\/cxdBUbUNkEmBxuAnRMLd4e-750-80.jpg.webp 750w, https:\/\/cdn.mos.cms.futurecdn.net\/cxdBUbUNkEmBxuAnRMLd4e-650-80.jpg.webp 650w, https:\/\/cdn.mos.cms.futurecdn.net\/cxdBUbUNkEmBxuAnRMLd4e-480-80.jpg.webp 480w, https:\/\/cdn.mos.cms.futurecdn.net\/cxdBUbUNkEmBxuAnRMLd4e-320-80.jpg.webp 320w\" sizes=\"(min-width: 1000px) 600px, 100vw\" \/><figcaption class=\"font-article-copy text-(--image--text--color) font-article-copy mt-2\"><span class=\"caption-text font-article-copy\">Following a May surgery to remove a pancreatic tumour, Amber Pate was back in the peloton at the Tour of Britain Women<\/span><span class=\"credit font-article-copy\">(Image credit: Getty Images)<\/span><\/figcaption><\/figure>\n<\/div>\n<div id=\"article-body\" class=\"text-copy bodyCopy auto paywall-locker\">\n<div data-analytics-id=\"utility-bar\" id=\"utility-bar\" class=\"font-ui-heading flex justify-between items-center py-2 border-t border-b border-gray-300 border-solid mb-5 mx-auto\" data-component-name=\"UtilityBar\" data-mrf-recirculation=\"utility-bar\">\n<div class=\"flex gap-2 text-[#333] subcontainer\">\n<div class=\"relative tooltip-container\" role=\"tooltip\">\n<div data-component-name=\"Social:Dropdown\" role=\"menu\" id=\"utilitybar__dropdown--share\" aria-labelledby=\"utilitybar__button--share\" class=\"absolute left-0 top-full w-44 bg-white rounded-md shadow-md border border-neutral-200 z-[9996] list-none m-0 py-2 px-3 border-solid\">\n<ul class=\"m-0!\">\n<li class=\"!p-0 !m-0 list-none border-b border-gray-200 border-solid\">\n<li class=\"!p-0 !m-0 list-none border-b border-gray-200 border-solid\">\n<p>Facebook<\/p>\n<\/li>\n<li class=\"!p-0 !m-0 list-none border-b border-gray-200 border-solid\">\n<p>X<\/p>\n<\/li>\n<li class=\"!p-0 !m-0 list-none border-b border-gray-200 border-solid\">\n<p>Pinterest<\/p>\n<\/li>\n<li class=\"!p-0 !m-0 list-none border-b border-gray-200 border-solid\">\n<p>Email<\/p>\n<\/li>\n<\/ul>\n<\/div>\n<div class=\"font-ui-heading max-sm:hidden tooltip absolute left-1\/2 bg-gray-900 text-white text-xs leading-none px-3 py-1.5 rounded-md z-[10001] whitespace-nowrap\" id=\"tooltip-share-this-article\" role=\"tooltip\" aria-hidden=\"true\">\nShare this article\n<\/div>\n<\/div>\n<div class=\"relative tooltip-container\" role=\"tooltip\"><span class=\"ml-1 inline-flex h-5 px-2 shrink-0 items-center justify-center self-center overflow-hidden whitespace-nowrap rounded-[10px] bg-primary-500 text-[11px] leading-none font-ui-heading font-semibold text-white\">0<\/span><\/p>\n<div class=\"font-ui-heading max-sm:hidden tooltip absolute left-1\/2 bg-gray-900 text-white text-xs leading-none px-3 py-1.5 rounded-md z-[10001] whitespace-nowrap\" id=\"tooltip-join-the-conversation\" role=\"tooltip\" aria-hidden=\"true\">\nJoin the conversation\n<\/div>\n<\/div>\n<\/div>\n<div class=\"flex gap-2 text-[#333] subcontainer\">\n<div class=\"relative tooltip-container\" role=\"tooltip\">\n<p>Follow us<\/p>\n<div class=\"font-ui-heading max-sm:hidden tooltip absolute left-1\/2 bg-gray-900 text-white text-xs leading-none px-3 py-1.5 rounded-md z-[10001] whitespace-nowrap\" id=\"tooltip-add-us-as-a-preferred-source-on-google\" role=\"tooltip\" aria-hidden=\"true\">\nAdd us as a preferred source on Google\n<\/div>\n<\/div>\n<div class=\"relative tooltip-container\" role=\"tooltip\">\n<div class=\"font-ui-heading max-sm:hidden tooltip absolute left-1\/2 bg-gray-900 text-white text-xs leading-none px-3 py-1.5 rounded-md z-[10001] whitespace-nowrap\" id=\"tooltip-subscribe-to-our-newsletter\" role=\"tooltip\" aria-hidden=\"true\">\nSubscribe to our newsletter\n<\/div>\n<\/div>\n<\/div>\n<\/div>\n<p id=\"elk-e944b324-9f1c-11f1-8555-c190d56b4db9\">Almost six months on from her last race, Australian rider Amber Pate returned to the peloton at the Tour of Britain Women, the five-day race representing her comeback after surgery to remove a malignant pancreatic tumour.<\/p>\n<p>Pate missed much of the season after the six-hour surgery and long recovery, having last raced at Le Samyn in early March. She was back in action in Britain this week, part of the support squad that helped Liv-AlUla-Jayco leader Caroline Andersson to fourth place overall in Leamington Spa.<\/p>\n<p id=\"elk-e944b324-9f1c-11f1-8555-c190d56b4db9-2\" aria-hidden=\"true\" class=\"kiosq-b\">&#8220;It&#8217;s really nice being back with the team and my teammates. It&#8217;s \u2013 no joke \u2013 really, really hard coming back into the peloton at this time of the year. And it&#8217;s emotional,&#8221; she told <em>Cyclingnews <\/em>ahead of the penultimate stage in Mid Wales.<\/p>\n<div class=\"my-6 w-full overflow-hidden rounded-[10px] lg:my-8\" data-component-name=\"JwPlayer:Carousel\" data-jwp-carousel data-jwp-carousel-payload=\"{&quot;ids&quot;:{&quot;playerID&quot;:&quot;jYDCcabO&quot;,&quot;searchPlaylistID&quot;:&quot;gwjdoYHD&quot;,&quot;divID&quot;:&quot;botr_gwjdoYHD_jYDCcabO_div&quot;,&quot;fallbackPlaylistID&quot;:&quot;gwjdoYHD&quot;,&quot;fallbackDivID&quot;:&quot;botr_gwjdoYHD_jYDCcabO_div&quot;,&quot;key&quot;:&quot;X9\/mXVGac0NphghLH9hZaqWA5d3dhAM\/Ih07grnEyMLjuO2E&quot;,&quot;tintLogo&quot;:true,&quot;useSearchPlaylist&quot;:false,&quot;enabled&quot;:true},&quot;signPostingEnabled&quot;:true,&quot;signPostingLinkEnabled&quot;:true,&quot;waitForAdLoad&quot;:false,&quot;hidePlayerOnDesktop&quot;:false,&quot;hidePlayerOnMobile&quot;:false,&quot;hidePlayerOnTablet&quot;:false}\">\n<div class=\"flex flex-nowrap items-center justify-between gap-3 bg-zinc-900 px-[14px] py-3\" data-jwp-carousel-header>\n<div class=\"flex min-w-0 shrink items-center\"><span class=\"inline-flex items-center gap-1.5 text-sm font-article-heading capitalize leading-5 text-white whitespace-nowrap\"><span class=\"jwp-carousel-title-desktop\">Latest Videos From<\/span><span class=\"jwp-carousel-brand\">Cyclingnews<\/span><\/span><\/div>\n<\/div>\n<div class=\"min-h-[44px] bg-zinc-900 px-[14px] py-3\" data-jwp-carousel-signposting><a class=\"invisible block truncate text-sm font-bold leading-5 text-white underline decoration-solid underline-offset-2\" data-jwp-carousel-signposting-link href target=\"_blank\" rel=\"noopener noreferrer\"><span data-jwp-carousel-signposting-title>Watch full video here: <\/span><\/a><\/div>\n<\/div>\n<p aria-hidden=\"true\" class=\"kiosq-b\">&#8220;You could almost feel embarrassed about how your form is, but I&#8217;m really determined to just not give up and make the most of it. This is really great to start building my form back, and after such an emotional and challenging year, my outlook is different, and I&#8217;m just trying to embrace the opportunities and the moments.&#8221;<\/p>\n<p aria-hidden=\"true\" class=\"kiosq-b\">The 170 days away from racing is the longest Pate has spent without a race in some time, having taken on a full European calendar each year since turning pro with Liv in 2023.<\/p>\n<aside data-component-name=\"Recirculation:ArticleRiver\" data-recirculation-type=\"inline\" data-mrf-recirculation=\"Trending Bar\" data-nosnippet class=\"clear-both pt-2 pb-0 mb-4\"><span class=\"\n            flex\n            after:content-[&apos;&apos;] after:flex-1 after:ml-4 after:my-[0.7rem] after:border-t after:border-solid after:border-t-[#ccc]\n            before:content-[&apos;&apos;] before:flex-1 before:mr-4 before:my-[0.7rem] before:border-t before:border-solid before:border-t-[#ccc]\n            font-article-heading pb-0 text-[length:var(--article-river-title--font-size,1em)] uppercase sm:text-[length:var(--article-river-title--font-size,0.875em)] font-bold\n        \"><br \/>\n            You may like<br \/>\n        <\/span><\/p>\n<ul class=\"flex flex-col gap-0 m-0 max-w-full\">\n<li class=\"m-0 list-none border-b border-solid border-[#ededed] py-2\" data-recirculation-id=\"recirculation-card-1\" id=\"recirculation-inline-1\" data-analytics-id=\"recirculation-inline-1\" data-mrf-recirculation=\"recirculation-inline-1\">\n    <source type=\"image\/webp\" srcset=\"https:\/\/cdn.mos.cms.futurecdn.net\/HCM9RK7FWGVtWfvfSYCjdC-250-80.jpg.webp 250w, https:\/\/cdn.mos.cms.futurecdn.net\/HCM9RK7FWGVtWfvfSYCjdC-150-80.jpg.webp 150w\" sizes=\"150px\" \/><span class=\"w-full text-base font-[var(--article-river-item--font-weight,500)] font-article-heading line-clamp-3 md:line-clamp-2\">&#8216;I\u2019ve got the worst of it out of the way&#8217; \u2013 Neve Bradbury settles into the waiting game after iliac artery endofibrosis surgery<\/span><\/li>\n<li class=\"m-0 list-none border-b border-solid border-[#ededed] py-2\" data-recirculation-id=\"recirculation-card-2\" id=\"recirculation-inline-2\" data-analytics-id=\"recirculation-inline-2\" data-mrf-recirculation=\"recirculation-inline-2\">\n    <source type=\"image\/webp\" srcset=\"https:\/\/cdn.mos.cms.futurecdn.net\/mdqopQBsyVu8WSwCgaooQM-250-80.jpg.webp 250w, https:\/\/cdn.mos.cms.futurecdn.net\/mdqopQBsyVu8WSwCgaooQM-150-80.jpg.webp 150w\" sizes=\"150px\" \/><span class=\"w-full text-base font-[var(--article-river-item--font-weight,500)] font-article-heading line-clamp-3 md:line-clamp-2\">&#8216;Big shock to the system&#8217; &#8211; Former WorldTour rider Veronica Ewers resumes slow return to peloton with &#8216;experiment&#8217; at French ProTeam&#8217;s Tour de France Femmes training camp<\/span><\/li>\n<li class=\"m-0 list-none border-b border-solid border-[#ccc] py-2\" data-recirculation-id=\"recirculation-card-3\" id=\"recirculation-inline-3\" data-analytics-id=\"recirculation-inline-3\" data-mrf-recirculation=\"recirculation-inline-3\">\n    <source type=\"image\/webp\" srcset=\"https:\/\/cdn.mos.cms.futurecdn.net\/gbzbBhiKcXAG32RXsDVhSh-250-80.jpg.webp 250w, https:\/\/cdn.mos.cms.futurecdn.net\/gbzbBhiKcXAG32RXsDVhSh-150-80.jpg.webp 150w\" sizes=\"150px\" \/><span class=\"w-full text-base font-[var(--article-river-item--font-weight,500)] font-article-heading line-clamp-3 md:line-clamp-2\">&#8216;I\u2019ve come from a really low point&#8217; \u2013 Maike van der Duin returns to podium at Baloise Ladies Tour after a 790 day wait<\/span><\/li>\n<\/ul>\n<\/aside>\n<p aria-hidden=\"true\" class=\"kiosq-b\">Going from an average of 48 race days a season, including two Grand Tours, to the four she had logged before this week has understandably had an impact.<\/p>\n<p aria-hidden=\"true\" class=\"kiosq-b\">&#8220;So six months away from racing. The first two months when I went back to Australia was dealing with the processes of getting the surgery, and then after the surgery, I had a solid month and a half of very little riding,&#8221; she said.<\/p>\n<div id=\"slice-container-newsletterForm-articleInbodyContent-EC6coHhg3LbiZtq2n2HjWj\" class=\"slice-container newsletter-inbodyContent-slice newsletterForm-articleInbodyContent-EC6coHhg3LbiZtq2n2HjWj slice-container-newsletterForm\">\n<div data-hydrate=\"true\" class=\"newsletter-form__wrapper newsletter-form__wrapper--inbodyContent\">\n<div class=\"newsletter-form__container\">\n<section class=\"newsletter-form__top-bar\">\n<div class=\"newsletter-form__header\">Get The Leadout Newsletter<\/div>\n<\/section>\n<section class=\"newsletter-form__main-section\">\n<p class=\"newsletter-form__strapline\">The latest race content, interviews, features, reviews and expert buying guides, direct to your inbox!<\/p>\n<footer class=\"newsletter-form__footer \">By submitting your information you agree to the Terms &amp; Conditions and Privacy Policy and are aged 16 or over.<\/footer>\n<\/section>\n<\/div>\n<\/div>\n<\/div>\n<p aria-hidden=\"true\" class=\"kiosq-b\">&#8220;Then I built up from there. Starting to cope with the intensity and the training load was really hard, so it&#8217;s taken me some time. And this is the hardest week I&#8217;ve done by far all year, so it&#8217;s been very challenging!<\/p>\n<p aria-hidden=\"true\" class=\"kiosq-b\">&#8220;Even though I might be the first rider dropped at times, I think it&#8217;s a really good place to be and just embrace it. Even if I&#8217;m looking, let&#8217;s say, not so good in form, I&#8217;m being positive and just refuse to give up. So, I think it&#8217;s very nice.&#8221;<\/p>\n<p aria-hidden=\"true\" class=\"kiosq-b\">Pate hasn&#8217;t had much racing in her legs, but five challenging days in Britain will give her a base to build on for the end of the season.<\/p>\n<aside data-component-name=\"Recirculation:ArticleRiver\" data-recirculation-type=\"inline\" data-mrf-recirculation=\"Trending Bar\" data-nosnippet class=\"clear-both pt-2 pb-0 mb-4\"><span class=\"\n            flex\n            after:content-[&apos;&apos;] after:flex-1 after:ml-4 after:my-[0.7rem] after:border-t after:border-solid after:border-t-[#ccc]\n            before:content-[&apos;&apos;] before:flex-1 before:mr-4 before:my-[0.7rem] before:border-t before:border-solid before:border-t-[#ccc]\n            font-article-heading pb-0 text-[length:var(--article-river-title--font-size,1em)] uppercase sm:text-[length:var(--article-river-title--font-size,0.875em)] font-bold\n        \"><br \/>\n            What to read next<br \/>\n        <\/span><\/p>\n<ul class=\"flex flex-col gap-0 m-0 max-w-full\">\n<li class=\"m-0 list-none border-b border-solid border-[#ededed] py-2\" data-recirculation-id=\"recirculation-card-1\" id=\"recirculation-inline-2-1\" data-analytics-id=\"recirculation-2-inline-1\" data-mrf-recirculation=\"recirculation-2-inline-1\">\n    <source type=\"image\/webp\" srcset=\"https:\/\/cdn.mos.cms.futurecdn.net\/pkoxTQr2aQMfrXNAThoZkb-250-80.jpg.webp 250w, https:\/\/cdn.mos.cms.futurecdn.net\/pkoxTQr2aQMfrXNAThoZkb-150-80.jpg.webp 150w\" sizes=\"150px\" \/><span class=\"w-full text-base font-[var(--article-river-item--font-weight,500)] font-article-heading line-clamp-3 md:line-clamp-2\">&#8216;Two steps forward, three steps back gets old quickly&#8217; \u2013 Another surgery for Sarah Gigante as racing return further delayed<\/span><\/li>\n<li class=\"m-0 list-none border-b border-solid border-[#ededed] py-2\" data-recirculation-id=\"recirculation-card-2\" id=\"recirculation-inline-2-2\" data-analytics-id=\"recirculation-2-inline-2\" data-mrf-recirculation=\"recirculation-2-inline-2\">\n    <source type=\"image\/webp\" srcset=\"https:\/\/cdn.mos.cms.futurecdn.net\/k8t5MUbM6acykBVaugJXWW-250-80.jpg.webp 250w, https:\/\/cdn.mos.cms.futurecdn.net\/k8t5MUbM6acykBVaugJXWW-150-80.jpg.webp 150w\" sizes=\"150px\" \/><span class=\"w-full text-base font-[var(--article-river-item--font-weight,500)] font-article-heading line-clamp-3 md:line-clamp-2\">&#8216;The body is an amazing thing&#8217; \u2013 Ur\u0161ka \u017digart back in action at the Tour de France Femmes, six weeks on from Tour de Suisse horror crash<\/span><\/li>\n<li class=\"m-0 list-none border-b border-solid border-[#ccc] py-2\" data-recirculation-id=\"recirculation-card-3\" id=\"recirculation-inline-2-3\" data-analytics-id=\"recirculation-2-inline-3\" data-mrf-recirculation=\"recirculation-2-inline-3\">\n    <source type=\"image\/webp\" srcset=\"https:\/\/cdn.mos.cms.futurecdn.net\/Fy7VS6XswREZBJhRPTVrER-250-80.jpg.webp 250w, https:\/\/cdn.mos.cms.futurecdn.net\/Fy7VS6XswREZBJhRPTVrER-150-80.jpg.webp 150w\" sizes=\"150px\" \/><span class=\"w-full text-base font-[var(--article-river-item--font-weight,500)] font-article-heading line-clamp-3 md:line-clamp-2\">&#8216;I wouldn&#8217;t recommend breaking your femur&#8217; \u2013\u00a0No Giro d&#8217;Italia Women for Sarah Gigante after all, with long-awaited return from latest injury setback delayed<\/span><\/li>\n<\/ul>\n<\/aside>\n<p aria-hidden=\"true\" class=\"kiosq-b\">Her end-of-season schedule isn&#8217;t confirmed, but there&#8217;s still racing to be had on the Women&#8217;s WorldTour calendar (the Tour of Chongming Island) and beyond (the Italian Classics and the Eneco Tour Women), and Pate wants to pin on a number as much as she can.<\/p>\n<p aria-hidden=\"true\" class=\"kiosq-b\">&#8220;I&#8217;m not at race fitness, and I&#8217;ve done so little intensity before this week, and [the team] has been incredibly supportive,&#8221; she said.<\/p>\n<p aria-hidden=\"true\" class=\"kiosq-b\">&#8220;Even when I feel like I can&#8217;t even help my teammates at times, they&#8217;ve been supportive and encouraging. That&#8217;s really important, and I feel very grateful for that.<\/p>\n<p aria-hidden=\"true\" class=\"kiosq-b\">&#8220;I&#8217;ll be doing as much racing as I can for the rest of the season, and just embrace whatever&#8217;s to come.&#8221;<\/p>\n<figure class=\"van-image-figure inline-layout kiosq-b\" data-bordeaux-image-check id=\"elk-0059d818-9f1e-11f1-99d4-a3c8f67b3bcd\" aria-hidden=\"true\">\n<div class=\"image-full-width-wrapper\">\n<div class=\"image-widthsetter\">\n<p class=\"vanilla-image-block\">\n<source type=\"image\/webp\" srcset=\"https:\/\/cdn.mos.cms.futurecdn.net\/A3RPDFN4PEKyn2UVJ62SAj-1200-80.jpg.webp 1200w, https:\/\/cdn.mos.cms.futurecdn.net\/A3RPDFN4PEKyn2UVJ62SAj-1024-80.jpg.webp 1024w, https:\/\/cdn.mos.cms.futurecdn.net\/A3RPDFN4PEKyn2UVJ62SAj-970-80.jpg.webp 970w, https:\/\/cdn.mos.cms.futurecdn.net\/A3RPDFN4PEKyn2UVJ62SAj-650-80.jpg.webp 650w, https:\/\/cdn.mos.cms.futurecdn.net\/A3RPDFN4PEKyn2UVJ62SAj-480-80.jpg.webp 480w, https:\/\/cdn.mos.cms.futurecdn.net\/A3RPDFN4PEKyn2UVJ62SAj-320-80.jpg.webp 320w\" sizes=\"(min-width: 1000px) 970px, calc(100vw - 40px)\" \/><\/p>\n<\/div>\n<\/div><figcaption class=\" inline-layout\"><span class=\"caption-text\">Pate (centre) back with her Liv-AlUla-Jayco teammates at the Tour of Britain Women <\/span><span class=\"credit\">(Image credit: Simon Wilkinson\/SWpix.com)<\/span><\/figcaption><\/figure>\n<p id=\"elk-18836d42-9f1d-11f1-b9ea-499e17b3412f\" aria-hidden=\"true\" class=\"kiosq-b\"><strong>For unbeatable coverage across road, gravel and tech, subscribe to Cyclingnews. You&#8217;ll get comprehensive race coverage of La Vuelta a Espa\u00f1a, subscriber-exclusive analysis from our expert columnists, in-depth features and industry-leading tech insight. Plus, the Cyclingnews app lets you follow the action wherever you go! <\/strong><u><strong>Join today.<\/strong><\/u><\/p>\n<\/div>\n<div class=\"block mb-5\" id=\"articleTag\" data-component-name=\"PostArticleLinks\" data-nosnippet data-mrf-recirculation=\"post-article-links\">\n<div class=\"border-b border-b-black border-solid py-2.5 text-black font-bold uppercase\">CATEGORIES<\/div>\n<nav class=\"py-2.5 flex gap-2.5 flex-wrap\" data-analytics-id=\"article-tag\" data-mrf-recirculation=\"article-tag\">\n<p>Teams &amp; Riders<\/p>\n<\/nav>\n<\/div>\n<div id=\"slice-container-authorBio-EC6coHhg3LbiZtq2n2HjWj\" class=\"slice-container slice-author-bio authorBio-EC6coHhg3LbiZtq2n2HjWj slice-container-authorBio\">\n<div class=\"author author__default-layout author--separator author--collapsible\" data-hydrate=\"true\">\n<div class=\"author__header\">\n<div class=\"author__avatar-block\">\n<figure class=\"image-wrapped__wrapper\" data-bordeaux-image-check=\"false\">\n<div class=\"image-wrapped__widthsetter\">\n<div class=\"image-wrapped__aspect-padding\">\n<div><source class=\"author__avatar image-wrapped__image image__image\" type=\"image\/webp\" srcset=\"https:\/\/cdn.mos.cms.futurecdn.net\/sZZXd8K4JqxjkRK7teBMFc-140-80.jpg.webp 140w\" sizes=\"99vw\" data-normal=\"https:\/\/cdn.mos.cms.futurecdn.net\/sZZXd8K4JqxjkRK7teBMFc.jpg\" data-original-mos=\"https:\/\/cdn.mos.cms.futurecdn.net\/sZZXd8K4JqxjkRK7teBMFc.jpg\" data-pin-media=\"https:\/\/cdn.mos.cms.futurecdn.net\/sZZXd8K4JqxjkRK7teBMFc.jpg\" data-pin-nopin=\"true\" data-slice-image=\"true\" \/><\/div>\n<\/div>\n<\/div>\n<\/figure>\n<\/div>\n<div class=\"author__heading\">\n<div class=\"author__name\">Dani Ostanek<\/div>\n<div class=\"author__social\">\n<nav class=\"button-social-group author__social-buttons\" aria-labelledby=\"button-social-group- author__social-buttons\">\n<div id=\"button-social-group- author__social-buttons\">Social Links Navigation<\/div>\n<\/nav>\n<\/div>\n<div class=\"author__role\">Senior News Writer<\/div>\n<\/div>\n<\/div>\n<div class=\"author__bio-wrapper\">\n<div class=\"author__biography\">\n<p>Dani Ostanek is Senior News Writer at Cyclingnews, having joined in 2017 as a freelance contributor, later being hired full-time. Her favourite races include the Tour de France Femmes, Paris-Roubaix, Tro-Bro L\u00e9on, and cycling&#8217;s fourth Grand Tour, the Volta a Portugal.<\/p>\n<\/div>\n<\/div>\n<\/div>\n<\/div>\n<\/section>\n<div class=\"relative max-w-[1070px] viafoura-twig-component mt-6 mx-4 lg:mx-0\" data-component-name=\"Viafoura:Comments\" data-nosnippet data-community-guidelines-text=\"&lt;p class=&apos;vfcustom-community-guidelines&apos;&gt;Please follow our &lt;a href=&quot;https:\/\/www.cyclingnews.com\/about\/#section-community-guidelines&quot; target=&quot;_blank&quot;&gt;community guidelines&lt;\/a&gt;.&lt;\/p&gt;\" data-join-the-conversation-text=\"Join the Conversation\">\n<div class=\"absolute top-0 left-0 w-full h-full flex items-center justify-center z-50 bg-white\/90 border-1 rounded-b-[var(--comment-widget-border-radius,0)]\">\n<div class=\"p-2 text-center\">\n<p class=\"mb-3 text-lg!\">You must confirm your public display name before commenting<\/p>\n<p class=\"mb-3 text-sm!\">Please logout and then login again, you will then be prompted to enter your display name.<\/p>\n<\/div>\n<\/div>\n<\/div>\n<section class=\"mx-2 my-5 sm:mx-0\">\n<aside class=\"w-full\" data-nosnippet data-mrf-recirculation=\"article-river-stacked\">\n<div data-recirc-id=\"article-river-stacked-adviser:hybrid\">\n<div class=\"text-white py-4 px-3 mb-4 bg-[#333] uppercase font-bold custom-header-styles\">Read more<\/div>\n<div class=\"grid grid-cols-1 gap-4 mt-4 mb-5\">\n<div>\n<div class=\"aspect-[var(--img-listing-aspect-ratio,16\/9)] relative mb-3.5\">\n    <source type=\"image\/webp\" srcset=\"https:\/\/cdn.mos.cms.futurecdn.net\/HCM9RK7FWGVtWfvfSYCjdC-840-80.jpg.webp 840w, https:\/\/cdn.mos.cms.futurecdn.net\/HCM9RK7FWGVtWfvfSYCjdC-650-80.jpg.webp 650w, https:\/\/cdn.mos.cms.futurecdn.net\/HCM9RK7FWGVtWfvfSYCjdC-500-80.jpg.webp 500w, https:\/\/cdn.mos.cms.futurecdn.net\/HCM9RK7FWGVtWfvfSYCjdC-450-80.jpg.webp 450w, https:\/\/cdn.mos.cms.futurecdn.net\/HCM9RK7FWGVtWfvfSYCjdC-320-80.jpg.webp 320w\" sizes=\"(min-width: 900px) 925px, (min-width: 700px) 450px, calc(100vw - 48px)\" \/><\/div>\n<p><span class=\"custom-subheading-styles\">Women&#8217;s Cycling<\/span><span class=\"text-base text-black font-bold mx-0 my-2.5 p-0 block custom-text-styles\">&#8216;I\u2019ve got the worst of it out of the way&#8217; \u2013 Neve Bradbury settles into the waiting game after iliac artery endofibrosis surgery<\/span><\/div>\n<div class=\"relative recirc-feed sponsored-card min-h-[250px]\" data-recirc-id=\"article-river-stacked-ads:native-cards\" data-mrf-recirculation=\"article-river-ads\" data-nosnippet data-ad-slot-path=\"feed-sponsored-post\" data-attribute-device=\"all\">\n<div class=\"max-w-full sponsored-post--placeholder animate-pulse\">\n<div class=\"relative!\"><span class=\"text-base text-black font-bold mx-0 my-2.5 p-0 block bg-gray-100\">\u00a0<br \/>\u00a0<\/span><\/div>\n<\/div>\n<\/div>\n<div>\n<div class=\"aspect-[var(--img-listing-aspect-ratio,16\/9)] relative mb-3.5\">\n    <source type=\"image\/webp\" srcset=\"https:\/\/cdn.mos.cms.futurecdn.net\/mdqopQBsyVu8WSwCgaooQM-840-80.jpg.webp 840w, https:\/\/cdn.mos.cms.futurecdn.net\/mdqopQBsyVu8WSwCgaooQM-650-80.jpg.webp 650w, https:\/\/cdn.mos.cms.futurecdn.net\/mdqopQBsyVu8WSwCgaooQM-500-80.jpg.webp 500w, https:\/\/cdn.mos.cms.futurecdn.net\/mdqopQBsyVu8WSwCgaooQM-450-80.jpg.webp 450w, https:\/\/cdn.mos.cms.futurecdn.net\/mdqopQBsyVu8WSwCgaooQM-320-80.jpg.webp 320w\" sizes=\"(min-width: 900px) 925px, (min-width: 700px) 450px, calc(100vw - 48px)\" \/><\/div>\n<p><span class=\"custom-subheading-styles\">Teams &amp; Riders<\/span><span class=\"text-base text-black font-bold mx-0 my-2.5 p-0 block custom-text-styles\">&#8216;Big shock to the system&#8217; &#8211; Former WorldTour rider Veronica Ewers resumes slow return to peloton with &#8216;experiment&#8217; at French ProTeam&#8217;s Tour de France Femmes training camp<\/span><\/div>\n<div class=\"relative recirc-feed sponsored-card min-h-[250px]\" data-recirc-id=\"article-river-stacked-ads:native-cards\" data-mrf-recirculation=\"article-river-ads\" data-nosnippet data-ad-slot-path=\"feed-sponsored-post\" data-attribute-device=\"all\">\n<div class=\"max-w-full sponsored-post--placeholder animate-pulse\">\n<div class=\"relative!\"><span class=\"text-base text-black font-bold mx-0 my-2.5 p-0 block bg-gray-100\">\u00a0<br \/>\u00a0<\/span><\/div>\n<\/div>\n<\/div>\n<div>\n<div class=\"aspect-[var(--img-listing-aspect-ratio,16\/9)] relative mb-3.5\">\n    <source type=\"image\/webp\" srcset=\"https:\/\/cdn.mos.cms.futurecdn.net\/gbzbBhiKcXAG32RXsDVhSh-840-80.jpg.webp 840w, https:\/\/cdn.mos.cms.futurecdn.net\/gbzbBhiKcXAG32RXsDVhSh-650-80.jpg.webp 650w, https:\/\/cdn.mos.cms.futurecdn.net\/gbzbBhiKcXAG32RXsDVhSh-500-80.jpg.webp 500w, https:\/\/cdn.mos.cms.futurecdn.net\/gbzbBhiKcXAG32RXsDVhSh-450-80.jpg.webp 450w, https:\/\/cdn.mos.cms.futurecdn.net\/gbzbBhiKcXAG32RXsDVhSh-320-80.jpg.webp 320w\" sizes=\"(min-width: 900px) 925px, (min-width: 700px) 450px, calc(100vw - 48px)\" \/><\/div>\n<p><span class=\"custom-subheading-styles\">Women&#8217;s Cycling<\/span><span class=\"text-base text-black font-bold mx-0 my-2.5 p-0 block custom-text-styles\">&#8216;I\u2019ve come from a really low point&#8217; \u2013 Maike van der Duin returns to podium at Baloise Ladies Tour after a 790 day wait<\/span><\/div>\n<div class=\"relative recirc-feed sponsored-card min-h-[250px]\" data-recirc-id=\"article-river-stacked-ads:native-cards\" data-mrf-recirculation=\"article-river-ads\" data-nosnippet data-ad-slot-path=\"feed-sponsored-post\" data-attribute-device=\"all\">\n<div class=\"max-w-full sponsored-post--placeholder animate-pulse\">\n<div class=\"relative!\"><span class=\"text-base text-black font-bold mx-0 my-2.5 p-0 block bg-gray-100\">\u00a0<br \/>\u00a0<\/span><\/div>\n<\/div>\n<\/div>\n<div>\n<div class=\"aspect-[var(--img-listing-aspect-ratio,16\/9)] relative mb-3.5\">\n    <source type=\"image\/webp\" srcset=\"https:\/\/cdn.mos.cms.futurecdn.net\/pkoxTQr2aQMfrXNAThoZkb-840-80.jpg.webp 840w, https:\/\/cdn.mos.cms.futurecdn.net\/pkoxTQr2aQMfrXNAThoZkb-650-80.jpg.webp 650w, https:\/\/cdn.mos.cms.futurecdn.net\/pkoxTQr2aQMfrXNAThoZkb-500-80.jpg.webp 500w, https:\/\/cdn.mos.cms.futurecdn.net\/pkoxTQr2aQMfrXNAThoZkb-450-80.jpg.webp 450w, https:\/\/cdn.mos.cms.futurecdn.net\/pkoxTQr2aQMfrXNAThoZkb-320-80.jpg.webp 320w\" sizes=\"(min-width: 900px) 925px, (min-width: 700px) 450px, calc(100vw - 48px)\" \/><\/div>\n<p><span class=\"custom-subheading-styles\">Teams &amp; Riders<\/span><span class=\"text-base text-black font-bold mx-0 my-2.5 p-0 block custom-text-styles\">&#8216;Two steps forward, three steps back gets old quickly&#8217; \u2013 Another surgery for Sarah Gigante as racing return further delayed<\/span><\/div>\n<div class=\"relative recirc-feed sponsored-card min-h-[250px]\" data-recirc-id=\"article-river-stacked-ads:native-cards\" data-mrf-recirculation=\"article-river-ads\" data-nosnippet data-ad-slot-path=\"feed-sponsored-post\" data-attribute-device=\"all\">\n<div class=\"max-w-full sponsored-post--placeholder animate-pulse\">\n<div class=\"relative!\"><span class=\"text-base text-black font-bold mx-0 my-2.5 p-0 block bg-gray-100\">\u00a0<br \/>\u00a0<\/span><\/div>\n<\/div>\n<\/div>\n<div>\n<div class=\"aspect-[var(--img-listing-aspect-ratio,16\/9)] relative mb-3.5\">\n    <source type=\"image\/webp\" srcset=\"https:\/\/cdn.mos.cms.futurecdn.net\/k8t5MUbM6acykBVaugJXWW-840-80.jpg.webp 840w, https:\/\/cdn.mos.cms.futurecdn.net\/k8t5MUbM6acykBVaugJXWW-650-80.jpg.webp 650w, https:\/\/cdn.mos.cms.futurecdn.net\/k8t5MUbM6acykBVaugJXWW-500-80.jpg.webp 500w, https:\/\/cdn.mos.cms.futurecdn.net\/k8t5MUbM6acykBVaugJXWW-450-80.jpg.webp 450w, https:\/\/cdn.mos.cms.futurecdn.net\/k8t5MUbM6acykBVaugJXWW-320-80.jpg.webp 320w\" sizes=\"(min-width: 900px) 925px, (min-width: 700px) 450px, calc(100vw - 48px)\" \/><\/div>\n<p><span class=\"custom-subheading-styles\">Women&#8217;s Cycling<\/span><span class=\"text-base text-black font-bold mx-0 my-2.5 p-0 block custom-text-styles\">&#8216;The body is an amazing thing&#8217; \u2013 Ur\u0161ka \u017digart back in action at the Tour de France Femmes, six weeks on from Tour de Suisse horror crash<\/span><\/div>\n<div class=\"relative recirc-feed sponsored-card min-h-[250px]\" data-recirc-id=\"article-river-stacked-ads:native-cards\" data-mrf-recirculation=\"article-river-ads\" data-nosnippet data-ad-slot-path=\"feed-sponsored-post\" data-attribute-device=\"all\">\n<div class=\"max-w-full sponsored-post--placeholder animate-pulse\">\n<div class=\"relative!\"><span class=\"text-base text-black font-bold mx-0 my-2.5 p-0 block bg-gray-100\">\u00a0<br \/>\u00a0<\/span><\/div>\n<\/div>\n<\/div>\n<div>\n<div class=\"aspect-[var(--img-listing-aspect-ratio,16\/9)] relative mb-3.5\">\n    <source type=\"image\/webp\" srcset=\"https:\/\/cdn.mos.cms.futurecdn.net\/Fy7VS6XswREZBJhRPTVrER-840-80.jpg.webp 840w, https:\/\/cdn.mos.cms.futurecdn.net\/Fy7VS6XswREZBJhRPTVrER-650-80.jpg.webp 650w, https:\/\/cdn.mos.cms.futurecdn.net\/Fy7VS6XswREZBJhRPTVrER-500-80.jpg.webp 500w, https:\/\/cdn.mos.cms.futurecdn.net\/Fy7VS6XswREZBJhRPTVrER-450-80.jpg.webp 450w, https:\/\/cdn.mos.cms.futurecdn.net\/Fy7VS6XswREZBJhRPTVrER-320-80.jpg.webp 320w\" sizes=\"(min-width: 900px) 925px, (min-width: 700px) 450px, calc(100vw - 48px)\" \/><\/div>\n<p><span class=\"custom-subheading-styles\">Women&#8217;s Cycling<\/span><span class=\"text-base text-black font-bold mx-0 my-2.5 p-0 block custom-text-styles\">&#8216;I wouldn&#8217;t recommend breaking your femur&#8217; \u2013\u00a0No Giro d&#8217;Italia Women for Sarah Gigante after all, with long-awaited return from latest injury setback delayed<\/span><\/div>\n<div class=\"relative recirc-feed sponsored-card min-h-[250px]\" data-recirc-id=\"article-river-stacked-ads:native-cards\" data-mrf-recirculation=\"article-river-ads\" data-nosnippet data-ad-slot-path=\"feed-sponsored-post\" data-attribute-device=\"all\">\n<div class=\"max-w-full sponsored-post--placeholder animate-pulse\">\n<div class=\"relative!\"><span class=\"text-base text-black font-bold mx-0 my-2.5 p-0 block bg-gray-100\">\u00a0<br \/>\u00a0<\/span><\/div>\n<\/div>\n<\/div>\n<\/div>\n<\/div>\n<\/aside>\n<aside class=\"w-full\" data-nosnippet data-mrf-recirculation=\"article-river-stacked\">\n<div data-recirc-id=\"article-river-stacked-solr:latest-category\">\n<div class=\"text-white py-4 px-3 mb-4 bg-[#333] uppercase font-bold custom-header-styles\">Latest in Women&#8217;s Cycling<\/div>\n<div class=\"grid grid-cols-1 gap-4 mt-4 mb-5\">\n<div>\n<div class=\"aspect-[var(--img-listing-aspect-ratio,16\/9)] relative mb-3.5\">\n    <source type=\"image\/webp\" srcset=\"https:\/\/cdn.mos.cms.futurecdn.net\/pyoa6JqM6PUXASaJ8znEpC-840-80.jpg.webp 840w, https:\/\/cdn.mos.cms.futurecdn.net\/pyoa6JqM6PUXASaJ8znEpC-650-80.jpg.webp 650w, https:\/\/cdn.mos.cms.futurecdn.net\/pyoa6JqM6PUXASaJ8znEpC-500-80.jpg.webp 500w, https:\/\/cdn.mos.cms.futurecdn.net\/pyoa6JqM6PUXASaJ8znEpC-450-80.jpg.webp 450w, https:\/\/cdn.mos.cms.futurecdn.net\/pyoa6JqM6PUXASaJ8znEpC-320-80.jpg.webp 320w\" sizes=\"(min-width: 900px) 925px, (min-width: 700px) 450px, calc(100vw - 48px)\" \/><\/div>\n<p><span class=\"custom-subheading-styles\">Racing<\/span><span class=\"text-base text-black font-bold mx-0 my-2.5 p-0 block custom-text-styles\">Lauf Gravel Worlds: Geerike Schreurs beats Rosa Kl\u00f6ser in photo finish as Torbj\u00f8rn R\u00f8ed wins three-way sprint after storms cause course rejig<\/span><\/div>\n<div class=\"relative recirc-feed sponsored-card min-h-[250px]\" data-recirc-id=\"article-river-stacked-ads:native-cards\" data-mrf-recirculation=\"article-river-ads\" data-nosnippet data-ad-slot-path=\"feed-sponsored-post\" data-attribute-device=\"all\">\n<div class=\"max-w-full sponsored-post--placeholder animate-pulse\">\n<div class=\"relative!\"><span class=\"text-base text-black font-bold mx-0 my-2.5 p-0 block bg-gray-100\">\u00a0<br \/>\u00a0<\/span><\/div>\n<\/div>\n<\/div>\n<div>\n<div class=\"aspect-[var(--img-listing-aspect-ratio,16\/9)] relative mb-3.5\">\n    <source type=\"image\/webp\" srcset=\"https:\/\/cdn.mos.cms.futurecdn.net\/as8Z4qRNG2969Xm5zz6JSM-840-80.jpg.webp 840w, https:\/\/cdn.mos.cms.futurecdn.net\/as8Z4qRNG2969Xm5zz6JSM-650-80.jpg.webp 650w, https:\/\/cdn.mos.cms.futurecdn.net\/as8Z4qRNG2969Xm5zz6JSM-500-80.jpg.webp 500w, https:\/\/cdn.mos.cms.futurecdn.net\/as8Z4qRNG2969Xm5zz6JSM-450-80.jpg.webp 450w, https:\/\/cdn.mos.cms.futurecdn.net\/as8Z4qRNG2969Xm5zz6JSM-320-80.jpg.webp 320w\" sizes=\"(min-width: 900px) 925px, (min-width: 700px) 450px, calc(100vw - 48px)\" \/><\/div>\n<p><span class=\"custom-subheading-styles\">Women&#8217;s Cycling<\/span><span class=\"text-base text-black font-bold mx-0 my-2.5 p-0 block custom-text-styles\">Tour of Britain Women: Kim Le Court-Pienaar claims overall title as unstoppable Lorena Wiebes takes fourth victory in stage 5 finale<\/span><\/div>\n<div class=\"relative recirc-feed sponsored-card min-h-[250px]\" data-recirc-id=\"article-river-stacked-ads:native-cards\" data-mrf-recirculation=\"article-river-ads\" data-nosnippet data-ad-slot-path=\"feed-sponsored-post\" data-attribute-device=\"all\">\n<div class=\"max-w-full sponsored-post--placeholder animate-pulse\">\n<div class=\"relative!\"><span class=\"text-base text-black font-bold mx-0 my-2.5 p-0 block bg-gray-100\">\u00a0<br \/>\u00a0<\/span><\/div>\n<\/div>\n<\/div>\n<div>\n<div class=\"aspect-[var(--img-listing-aspect-ratio,16\/9)] relative mb-3.5\">\n    <source type=\"image\/webp\" srcset=\"https:\/\/cdn.mos.cms.futurecdn.net\/ok8zpNrbM9FuWB4jGwqEtY-840-80.jpg.webp 840w, https:\/\/cdn.mos.cms.futurecdn.net\/ok8zpNrbM9FuWB4jGwqEtY-650-80.jpg.webp 650w, https:\/\/cdn.mos.cms.futurecdn.net\/ok8zpNrbM9FuWB4jGwqEtY-500-80.jpg.webp 500w, https:\/\/cdn.mos.cms.futurecdn.net\/ok8zpNrbM9FuWB4jGwqEtY-450-80.jpg.webp 450w, https:\/\/cdn.mos.cms.futurecdn.net\/ok8zpNrbM9FuWB4jGwqEtY-320-80.jpg.webp 320w\" sizes=\"(min-width: 900px) 925px, (min-width: 700px) 450px, calc(100vw - 48px)\" \/><\/div>\n<p><span class=\"custom-subheading-styles\">Women&#8217;s Cycling<\/span><span class=\"text-base text-black font-bold mx-0 my-2.5 p-0 block custom-text-styles\">&#8216;It&#8217;s taken me a while to become a consistent rider&#8217; \u2013 Josie Nelson continues strongest season yet on home roads at Tour of Britain Women<\/span><\/div>\n<div class=\"relative recirc-feed sponsored-card min-h-[250px]\" data-recirc-id=\"article-river-stacked-ads:native-cards\" data-mrf-recirculation=\"article-river-ads\" data-nosnippet data-ad-slot-path=\"feed-sponsored-post\" data-attribute-device=\"all\">\n<div class=\"max-w-full sponsored-post--placeholder animate-pulse\">\n<div class=\"relative!\"><span class=\"text-base text-black font-bold mx-0 my-2.5 p-0 block bg-gray-100\">\u00a0<br \/>\u00a0<\/span><\/div>\n<\/div>\n<\/div>\n<div>\n<div class=\"aspect-[var(--img-listing-aspect-ratio,16\/9)] relative mb-3.5\">\n    <source type=\"image\/webp\" srcset=\"https:\/\/cdn.mos.cms.futurecdn.net\/DRQuxgf3dM9QoT2cxCjf4E-840-80.jpg.webp 840w, https:\/\/cdn.mos.cms.futurecdn.net\/DRQuxgf3dM9QoT2cxCjf4E-650-80.jpg.webp 650w, https:\/\/cdn.mos.cms.futurecdn.net\/DRQuxgf3dM9QoT2cxCjf4E-500-80.jpg.webp 500w, https:\/\/cdn.mos.cms.futurecdn.net\/DRQuxgf3dM9QoT2cxCjf4E-450-80.jpg.webp 450w, https:\/\/cdn.mos.cms.futurecdn.net\/DRQuxgf3dM9QoT2cxCjf4E-320-80.jpg.webp 320w\" sizes=\"(min-width: 900px) 925px, (min-width: 700px) 450px, calc(100vw - 48px)\" \/><\/div>\n<p><span class=\"custom-subheading-styles\">Women&#8217;s Cycling<\/span><span class=\"text-base text-black font-bold mx-0 my-2.5 p-0 block custom-text-styles\">&#8216;We expected to be attacked left, right and centre&#8217; \u2013 Kim Le Court-Pienaar defends Tour of Britain Women GC lead on hilly stage 4<\/span><\/div>\n<div class=\"relative recirc-feed sponsored-card min-h-[250px]\" data-recirc-id=\"article-river-stacked-ads:native-cards\" data-mrf-recirculation=\"article-river-ads\" data-nosnippet data-ad-slot-path=\"feed-sponsored-post\" data-attribute-device=\"all\">\n<div class=\"max-w-full sponsored-post--placeholder animate-pulse\">\n<div class=\"relative!\"><span class=\"text-base text-black font-bold mx-0 my-2.5 p-0 block bg-gray-100\">\u00a0<br \/>\u00a0<\/span><\/div>\n<\/div>\n<\/div>\n<div>\n<div class=\"aspect-[var(--img-listing-aspect-ratio,16\/9)] relative mb-3.5\">\n    <source type=\"image\/webp\" srcset=\"https:\/\/cdn.mos.cms.futurecdn.net\/9JdzkLSRgapaJSHNya5wk9-840-80.jpg.webp 840w, https:\/\/cdn.mos.cms.futurecdn.net\/9JdzkLSRgapaJSHNya5wk9-650-80.jpg.webp 650w, https:\/\/cdn.mos.cms.futurecdn.net\/9JdzkLSRgapaJSHNya5wk9-500-80.jpg.webp 500w, https:\/\/cdn.mos.cms.futurecdn.net\/9JdzkLSRgapaJSHNya5wk9-450-80.jpg.webp 450w, https:\/\/cdn.mos.cms.futurecdn.net\/9JdzkLSRgapaJSHNya5wk9-320-80.jpg.webp 320w\" sizes=\"(min-width: 900px) 925px, (min-width: 700px) 450px, calc(100vw - 48px)\" \/><\/div>\n<p><span class=\"custom-subheading-styles\">Women&#8217;s Cycling<\/span><span class=\"text-base text-black font-bold mx-0 my-2.5 p-0 block custom-text-styles\">&#8216;I want to develop myself more in the hills&#8217; \u2013\u00a0After another impressive punchy display at the Tour of Britain Women, is Lorena Wiebes evolving?<\/span><\/div>\n<div class=\"relative recirc-feed sponsored-card min-h-[250px]\" data-recirc-id=\"article-river-stacked-ads:native-cards\" data-mrf-recirculation=\"article-river-ads\" data-nosnippet data-ad-slot-path=\"feed-sponsored-post\" data-attribute-device=\"all\">\n<div class=\"max-w-full sponsored-post--placeholder animate-pulse\">\n<div class=\"relative!\"><span class=\"text-base text-black font-bold mx-0 my-2.5 p-0 block bg-gray-100\">\u00a0<br \/>\u00a0<\/span><\/div>\n<\/div>\n<\/div>\n<div>\n<div class=\"aspect-[var(--img-listing-aspect-ratio,16\/9)] relative mb-3.5\">\n    <source type=\"image\/webp\" srcset=\"https:\/\/cdn.mos.cms.futurecdn.net\/JEX3L7q6d9QEfadPvbwSmh-840-80.jpg.webp 840w, https:\/\/cdn.mos.cms.futurecdn.net\/JEX3L7q6d9QEfadPvbwSmh-650-80.jpg.webp 650w, https:\/\/cdn.mos.cms.futurecdn.net\/JEX3L7q6d9QEfadPvbwSmh-500-80.jpg.webp 500w, https:\/\/cdn.mos.cms.futurecdn.net\/JEX3L7q6d9QEfadPvbwSmh-450-80.jpg.webp 450w, https:\/\/cdn.mos.cms.futurecdn.net\/JEX3L7q6d9QEfadPvbwSmh-320-80.jpg.webp 320w\" sizes=\"(min-width: 900px) 925px, (min-width: 700px) 450px, calc(100vw - 48px)\" \/><\/div>\n<p><span class=\"custom-subheading-styles\">Women&#8217;s Cycling<\/span><span class=\"text-base text-black font-bold mx-0 my-2.5 p-0 block custom-text-styles\">Tour of Britain Women: Lorena Wiebes claims hard-fought hat trick of victories on stage 4<\/span><\/div>\n<div class=\"relative recirc-feed sponsored-card min-h-[250px]\" data-recirc-id=\"article-river-stacked-ads:native-cards\" data-mrf-recirculation=\"article-river-ads\" data-nosnippet data-ad-slot-path=\"feed-sponsored-post\" data-attribute-device=\"all\">\n<div class=\"max-w-full sponsored-post--placeholder animate-pulse\">\n<div class=\"relative!\"><span class=\"text-base text-black font-bold mx-0 my-2.5 p-0 block bg-gray-100\">\u00a0<br \/>\u00a0<\/span><\/div>\n<\/div>\n<\/div>\n<\/div>\n<\/div>\n<\/aside>\n<aside class=\"w-full\" data-nosnippet data-mrf-recirculation=\"article-river-stacked\">\n<div data-recirc-id=\"article-river-stacked-solr:latest-articletype\">\n<div class=\"text-white py-4 px-3 mb-4 bg-[#333] uppercase font-bold custom-header-styles\">Latest in News<\/div>\n<div class=\"grid grid-cols-1 gap-4 mt-4 mb-5\">\n<div>\n<div class=\"aspect-[var(--img-listing-aspect-ratio,16\/9)] relative mb-3.5\">\n    <source type=\"image\/webp\" srcset=\"https:\/\/cdn.mos.cms.futurecdn.net\/cLSHcRATZJ5wsZjNMcxxtC-840-80.jpg.webp 840w, https:\/\/cdn.mos.cms.futurecdn.net\/cLSHcRATZJ5wsZjNMcxxtC-650-80.jpg.webp 650w, https:\/\/cdn.mos.cms.futurecdn.net\/cLSHcRATZJ5wsZjNMcxxtC-500-80.jpg.webp 500w, https:\/\/cdn.mos.cms.futurecdn.net\/cLSHcRATZJ5wsZjNMcxxtC-450-80.jpg.webp 450w, https:\/\/cdn.mos.cms.futurecdn.net\/cLSHcRATZJ5wsZjNMcxxtC-320-80.jpg.webp 320w\" sizes=\"(min-width: 900px) 925px, (min-width: 700px) 450px, calc(100vw - 48px)\" \/><\/div>\n<p><span class=\"custom-subheading-styles\">Teams &amp; Riders<\/span><span class=\"text-base text-black font-bold mx-0 my-2.5 p-0 block custom-text-styles\">&#8216;When Wout goes, you have to react&#8217; &#8211; Tadej Poga\u010dar retains Vuelta a Espa\u00f1a lead after sizzling finale duel with Van Aert<\/span><\/div>\n<div class=\"relative recirc-feed sponsored-card min-h-[250px]\" data-recirc-id=\"article-river-stacked-ads:native-cards\" data-mrf-recirculation=\"article-river-ads\" data-nosnippet data-ad-slot-path=\"feed-sponsored-post\" data-attribute-device=\"all\">\n<div class=\"max-w-full sponsored-post--placeholder animate-pulse\">\n<div class=\"relative!\"><span class=\"text-base text-black font-bold mx-0 my-2.5 p-0 block bg-gray-100\">\u00a0<br \/>\u00a0<\/span><\/div>\n<\/div>\n<\/div>\n<div>\n<div class=\"aspect-[var(--img-listing-aspect-ratio,16\/9)] relative mb-3.5\">\n    <source type=\"image\/webp\" srcset=\"https:\/\/cdn.mos.cms.futurecdn.net\/JZzemFw5TdtdXkCVjuaheQ-840-80.jpg.webp 840w, https:\/\/cdn.mos.cms.futurecdn.net\/JZzemFw5TdtdXkCVjuaheQ-650-80.jpg.webp 650w, https:\/\/cdn.mos.cms.futurecdn.net\/JZzemFw5TdtdXkCVjuaheQ-500-80.jpg.webp 500w, https:\/\/cdn.mos.cms.futurecdn.net\/JZzemFw5TdtdXkCVjuaheQ-450-80.jpg.webp 450w, https:\/\/cdn.mos.cms.futurecdn.net\/JZzemFw5TdtdXkCVjuaheQ-320-80.jpg.webp 320w\" sizes=\"(min-width: 900px) 925px, (min-width: 700px) 450px, calc(100vw - 48px)\" \/><\/div>\n<p><span class=\"custom-subheading-styles\">Teams &amp; Riders<\/span><span class=\"text-base text-black font-bold mx-0 my-2.5 p-0 block custom-text-styles\">Kim Le Court-Pienaar comes full circle at Tour of Britain Women to take her first-ever GC victory<\/span><\/div>\n<div class=\"relative recirc-feed sponsored-card min-h-[250px]\" data-recirc-id=\"article-river-stacked-ads:native-cards\" data-mrf-recirculation=\"article-river-ads\" data-nosnippet data-ad-slot-path=\"feed-sponsored-post\" data-attribute-device=\"all\">\n<div class=\"max-w-full sponsored-post--placeholder animate-pulse\">\n<div class=\"relative!\"><span class=\"text-base text-black font-bold mx-0 my-2.5 p-0 block bg-gray-100\">\u00a0<br \/>\u00a0<\/span><\/div>\n<\/div>\n<\/div>\n<div>\n<div class=\"aspect-[var(--img-listing-aspect-ratio,16\/9)] relative mb-3.5\">\n    <source type=\"image\/webp\" srcset=\"https:\/\/cdn.mos.cms.futurecdn.net\/zKa5jF8d2s4BYwxnu4djUX-840-80.jpg.webp 840w, https:\/\/cdn.mos.cms.futurecdn.net\/zKa5jF8d2s4BYwxnu4djUX-650-80.jpg.webp 650w, https:\/\/cdn.mos.cms.futurecdn.net\/zKa5jF8d2s4BYwxnu4djUX-500-80.jpg.webp 500w, https:\/\/cdn.mos.cms.futurecdn.net\/zKa5jF8d2s4BYwxnu4djUX-450-80.jpg.webp 450w, https:\/\/cdn.mos.cms.futurecdn.net\/zKa5jF8d2s4BYwxnu4djUX-320-80.jpg.webp 320w\" sizes=\"(min-width: 900px) 925px, (min-width: 700px) 450px, calc(100vw - 48px)\" \/><\/div>\n<p><span class=\"custom-subheading-styles\">Racing<\/span><span class=\"text-base text-black font-bold mx-0 my-2.5 p-0 block custom-text-styles\">&#8216;I didn&#8217;t really have much left for such a hard finish&#8217; \u2013 Ethan Hayter misses out on red jersey again at Vuelta a Espa\u00f1a despite gutsy breakaway ride in ripped shorts<\/span><\/div>\n<div class=\"relative recirc-feed sponsored-card min-h-[250px]\" data-recirc-id=\"article-river-stacked-ads:native-cards\" data-mrf-recirculation=\"article-river-ads\" data-nosnippet data-ad-slot-path=\"feed-sponsored-post\" data-attribute-device=\"all\">\n<div class=\"max-w-full sponsored-post--placeholder animate-pulse\">\n<div class=\"relative!\"><span class=\"text-base text-black font-bold mx-0 my-2.5 p-0 block bg-gray-100\">\u00a0<br \/>\u00a0<\/span><\/div>\n<\/div>\n<\/div>\n<div>\n<div class=\"aspect-[var(--img-listing-aspect-ratio,16\/9)] relative mb-3.5\">\n    <source type=\"image\/webp\" srcset=\"https:\/\/cdn.mos.cms.futurecdn.net\/pyoa6JqM6PUXASaJ8znEpC-840-80.jpg.webp 840w, https:\/\/cdn.mos.cms.futurecdn.net\/pyoa6JqM6PUXASaJ8znEpC-650-80.jpg.webp 650w, https:\/\/cdn.mos.cms.futurecdn.net\/pyoa6JqM6PUXASaJ8znEpC-500-80.jpg.webp 500w, https:\/\/cdn.mos.cms.futurecdn.net\/pyoa6JqM6PUXASaJ8znEpC-450-80.jpg.webp 450w, https:\/\/cdn.mos.cms.futurecdn.net\/pyoa6JqM6PUXASaJ8znEpC-320-80.jpg.webp 320w\" sizes=\"(min-width: 900px) 925px, (min-width: 700px) 450px, calc(100vw - 48px)\" \/><\/div>\n<p><span class=\"custom-subheading-styles\">Racing<\/span><span class=\"text-base text-black font-bold mx-0 my-2.5 p-0 block custom-text-styles\">Lauf Gravel Worlds: Geerike Schreurs beats Rosa Kl\u00f6ser in photo finish as Torbj\u00f8rn R\u00f8ed wins three-way sprint after storms cause course rejig<\/span><\/div>\n<div class=\"relative recirc-feed sponsored-card min-h-[250px]\" data-recirc-id=\"article-river-stacked-ads:native-cards\" data-mrf-recirculation=\"article-river-ads\" data-nosnippet data-ad-slot-path=\"feed-sponsored-post\" data-attribute-device=\"all\">\n<div class=\"max-w-full sponsored-post--placeholder animate-pulse\">\n<div class=\"relative!\"><span class=\"text-base text-black font-bold mx-0 my-2.5 p-0 block bg-gray-100\">\u00a0<br \/>\u00a0<\/span><\/div>\n<\/div>\n<\/div>\n<div>\n<div class=\"aspect-[var(--img-listing-aspect-ratio,16\/9)] relative mb-3.5\">\n    <source type=\"image\/webp\" srcset=\"https:\/\/cdn.mos.cms.futurecdn.net\/DfLzZ8ytJjAYKyP5FEkEaB-840-80.jpg.webp 840w, https:\/\/cdn.mos.cms.futurecdn.net\/DfLzZ8ytJjAYKyP5FEkEaB-650-80.jpg.webp 650w, https:\/\/cdn.mos.cms.futurecdn.net\/DfLzZ8ytJjAYKyP5FEkEaB-500-80.jpg.webp 500w, https:\/\/cdn.mos.cms.futurecdn.net\/DfLzZ8ytJjAYKyP5FEkEaB-450-80.jpg.webp 450w, https:\/\/cdn.mos.cms.futurecdn.net\/DfLzZ8ytJjAYKyP5FEkEaB-320-80.jpg.webp 320w\" sizes=\"(min-width: 900px) 925px, (min-width: 700px) 450px, calc(100vw - 48px)\" \/><\/div>\n<p><span class=\"custom-subheading-styles\">Racing<\/span><span class=\"text-base text-black font-bold mx-0 my-2.5 p-0 block custom-text-styles\">&#8216;It&#8217;s not completely under my control but I&#8217;m going to try&#8217; &#8211; After ultra-narrow TT defeat to Poga\u010dar, Ethan Hayter throws hat in ring for red in Vuelta a Espa\u00f1a<\/span><\/div>\n<div class=\"relative recirc-feed sponsored-card min-h-[250px]\" data-recirc-id=\"article-river-stacked-ads:native-cards\" data-mrf-recirculation=\"article-river-ads\" data-nosnippet data-ad-slot-path=\"feed-sponsored-post\" data-attribute-device=\"all\">\n<div class=\"max-w-full sponsored-post--placeholder animate-pulse\">\n<div class=\"relative!\"><span class=\"text-base text-black font-bold mx-0 my-2.5 p-0 block bg-gray-100\">\u00a0<br \/>\u00a0<\/span><\/div>\n<\/div>\n<\/div>\n<div>\n<div class=\"aspect-[var(--img-listing-aspect-ratio,16\/9)] relative mb-3.5\">\n    <source type=\"image\/webp\" srcset=\"https:\/\/cdn.mos.cms.futurecdn.net\/ok8zpNrbM9FuWB4jGwqEtY-840-80.jpg.webp 840w, https:\/\/cdn.mos.cms.futurecdn.net\/ok8zpNrbM9FuWB4jGwqEtY-650-80.jpg.webp 650w, https:\/\/cdn.mos.cms.futurecdn.net\/ok8zpNrbM9FuWB4jGwqEtY-500-80.jpg.webp 500w, https:\/\/cdn.mos.cms.futurecdn.net\/ok8zpNrbM9FuWB4jGwqEtY-450-80.jpg.webp 450w, https:\/\/cdn.mos.cms.futurecdn.net\/ok8zpNrbM9FuWB4jGwqEtY-320-80.jpg.webp 320w\" sizes=\"(min-width: 900px) 925px, (min-width: 700px) 450px, calc(100vw - 48px)\" \/><\/div>\n<p><span class=\"custom-subheading-styles\">Women&#8217;s Cycling<\/span><span class=\"text-base text-black font-bold mx-0 my-2.5 p-0 block custom-text-styles\">&#8216;It&#8217;s taken me a while to become a consistent rider&#8217; \u2013 Josie Nelson continues strongest season yet on home roads at Tour of Britain Women<\/span><\/div>\n<div class=\"relative recirc-feed sponsored-card min-h-[250px]\" data-recirc-id=\"article-river-stacked-ads:native-cards\" data-mrf-recirculation=\"article-river-ads\" data-nosnippet data-ad-slot-path=\"feed-sponsored-post\" data-attribute-device=\"all\">\n<div class=\"max-w-full sponsored-post--placeholder animate-pulse\">\n<div class=\"relative!\"><span class=\"text-base text-black font-bold mx-0 my-2.5 p-0 block bg-gray-100\">\u00a0<br \/>\u00a0<\/span><\/div>\n<\/div>\n<\/div>\n<\/div>\n<\/div>\n<\/aside>\n<\/section>\n<\/div>\n<\/div>\n<\/div>\n<div id=\"widgetArea17\" class=\"widget-area md:basis-1\/3 widget-area-g-md-vp-1-3 widget-area-g-lg-vp-1-3 widget-area-g-xl-vp-1-3 page-widget-area-17\">\n<div data-widget-type=\"dynamic\" id=\"popular-data\" class=\"clear-both widget widget-dynamic widget-popular-data widget-dynamic-popular-data widget-dynamic-fter-popular-box\">\n<div class=\"wdn-fte-pb pos-relative space-t20\n\"><\/p>\n<div class=\"slice-container popular-box-slice\">\n<section class=\"popular-box\" data-component-name=\"Slice:PopularBox\">\n<div class=\"popular-box__label\">\n<div class=\"popular-box__label__tab popular-box__label__tab--active\" role=\"heading\">\nLATEST ARTICLES\n<\/div>\n<\/div>\n<ol class=\"popular-box__articles-list popular-box__articles-list--active\">\n<li class=\"popular-box__article-list\">\n<div class=\"popular-box__article-list__container\">\n<div class=\"popular-box__article-list__image-wrapper\">\n<div>\n<source type=\"image\/webp\" srcset=\"https:\/\/cdn.mos.cms.futurecdn.net\/pyoa6JqM6PUXASaJ8znEpC-1280-80.jpg.webp 1280w, https:\/\/cdn.mos.cms.futurecdn.net\/pyoa6JqM6PUXASaJ8znEpC-720-80.jpg.webp 720w, https:\/\/cdn.mos.cms.futurecdn.net\/pyoa6JqM6PUXASaJ8znEpC-640-80.jpg.webp 640w, https:\/\/cdn.mos.cms.futurecdn.net\/pyoa6JqM6PUXASaJ8znEpC-320-80.jpg.webp 320w\" sizes=\"99vw\" \/><\/div>\n<\/div>\n<div class=\"popular-box__article-list__content\">\n<div class=\"popular-box__article-list__number-text\">1<\/div>\n<div class=\"popular-box__article-list__heading\">\n<p>Lauf Gravel Worlds: Geerike Schreurs beats Rosa Kl\u00f6ser in photo finish as Torbj\u00f8rn R\u00f8ed wins three-way sprint after storms cause course rejig<\/p>\n<\/div>\n<\/div>\n<\/div>\n<\/li>\n<li class=\"popular-box__article-list\">\n<div class=\"popular-box__article-list__container\">\n<div class=\"popular-box__article-list__content\">\n<div class=\"popular-box__article-list__number-text\">2<\/div>\n<div class=\"popular-box__article-list__heading\">\n<p>&#8216;When Wout goes, you have to react&#8217; &#8211; Tadej Poga\u010dar retains Vuelta a Espa\u00f1a lead after sizzling finale duel with Van Aert<\/p>\n<\/div>\n<\/div>\n<\/div>\n<\/li>\n<li class=\"popular-box__article-list\">\n<div class=\"popular-box__article-list__container\">\n<div class=\"popular-box__article-list__content\">\n<div class=\"popular-box__article-list__number-text\">3<\/div>\n<div class=\"popular-box__article-list__heading\">\n<p>Kim Le Court-Pienaar comes full circle at Tour of Britain Women to take her first-ever GC victory<\/p>\n<\/div>\n<\/div>\n<\/div>\n<\/li>\n<li class=\"popular-box__article-list\">\n<div class=\"popular-box__article-list__container\">\n<div class=\"popular-box__article-list__content\">\n<div class=\"popular-box__article-list__number-text\">4<\/div>\n<div class=\"popular-box__article-list__heading\">\n<p>&#8216;I didn&#8217;t really have much left for such a hard finish&#8217; \u2013 Ethan Hayter misses out on red jersey again at Vuelta a Espa\u00f1a despite gutsy breakaway ride in ripped shorts<\/p>\n<\/div>\n<\/div>\n<\/div>\n<\/li>\n<li class=\"popular-box__article-list\">\n<div class=\"popular-box__article-list__container\">\n<div class=\"popular-box__article-list__content\">\n<div class=\"popular-box__article-list__number-text\">5<\/div>\n<div class=\"popular-box__article-list__heading\">\n<p>Vuelta a Espa\u00f1a: Powerful sprint nets Matthew Brennan stage 2 victory as Tadej Poga\u010dar fends off attacks to keep leader&#8217;s jersey<\/p>\n<\/div>\n<\/div>\n<\/div>\n<\/li>\n<\/ol>\n<\/section>\n<\/div>\n<\/div>\n<\/div>\n<\/div>\n<\/div>\n<\/article>\n<div class=\"news-article\">\n<header data-component-name=\"Article:Hero\">\n<nav class=\"breadcrumb\" aria-label=\"Breadcrumbs\">\n<ol>\n<li>\nPro Cycling\n<\/li>\n<li>\nRacing\n<\/li>\n<li>\nWomen&#8217;s Cycling\n<\/li>\n<li>\nRoad\n<\/li>\n<li>\nTour of Britain Women\n<\/li>\n<\/ol>\n<\/nav>\n<h1>&#8216;The hardest week I&#8217;ve done by far all year&#8217; \u2013 Amber Pate returns to racing at Tour of Britain Women after six months away due to pancreatic tumour<\/h1>\n<div class=\"byline-social\">\n<div class=\"vds-byline-block flex flex-row flex-nowrap my-1.5 gap-2 text-left items-start justify-start\" data-component-name=\"Article:BylineBlock\">\n<p>News<\/p>\n<div class=\"my-auto vds-simple-byline\"><span class=\"inline-block vds-author\"><br \/>\nBy<br \/>\nDani Ostanek <\/span><\/p>\n<div class=\"flex gap-1 vds-byline-with-avatar__meta\"><span class=\"vds-date block font-normal tracking-normal normal-case text-xs\"><br \/>\nPublished<br \/>\n<time data-component-name=\"UI:DateTime\" datetime=\"2026-08-24T02:35:28Z\" class=\"relative-date\"><br \/>\n24 August 2026<br \/>\n<\/time><\/span><\/div>\n<\/div>\n<\/div>\n<p class=\"strapline\">&#8216;It&#8217;s \u2013 no joke \u2013 really, really hard coming back into the peloton at this time of the year. And it&#8217;s emotional&#8217; says Australian<\/p>\n<\/div>\n<aside class=\"text-gray-700 flex items-center mx-0 my-5 p-0 justify-start text-left\" id=\"affiliate-disclaimer\" data-component-name=\"AffiliateDisclaimer\" data-hawk-message=\"Affiliate disclaimer removed because hawk deemed there are no affiliate links on this page\">\n<p class=\"text-[color:var(--affiliate-disclaimer--text-color,inherit)] mb-2 text-[length:var(--affiliate-disclaimer--font-size,0.75rem)] leading-[18px] md:text-[13px] [&amp;&gt;a]:text-inherit [&amp;&gt;a]:underline\">\nWhen you purchase through links on our site, we may earn an affiliate commission. Here\u2019s how it works.\n<\/p>\n<\/aside>\n<\/header>\n<\/div>\n<div id=\"article-body\" class=\"text-copy bodyCopy auto paywall-locker\">\n<div data-analytics-id=\"utility-bar\" id=\"utility-bar\" class=\"font-ui-heading flex justify-between items-center py-2 border-t border-b border-gray-300 border-solid mb-5 mx-auto\" data-component-name=\"UtilityBar\" data-mrf-recirculation=\"utility-bar\">\n<div class=\"flex gap-2 text-[#333] subcontainer\">\n<div class=\"relative tooltip-container\" role=\"tooltip\">\n<div data-component-name=\"Social:Dropdown\" role=\"menu\" id=\"utilitybar__dropdown--share\" aria-labelledby=\"utilitybar__button--share\" class=\"absolute left-0 top-full w-44 bg-white rounded-md shadow-md border border-neutral-200 z-[9996] list-none m-0 py-2 px-3 border-solid\">\n<ul class=\"m-0!\">\n<li class=\"!p-0 !m-0 list-none border-b border-gray-200 border-solid\">\n<li class=\"!p-0 !m-0 list-none border-b border-gray-200 border-solid\">\n<p>Facebook<\/p>\n<\/li>\n<li class=\"!p-0 !m-0 list-none border-b border-gray-200 border-solid\">\n<p>X<\/p>\n<\/li>\n<li class=\"!p-0 !m-0 list-none border-b border-gray-200 border-solid\">\n<p>Pinterest<\/p>\n<\/li>\n<li class=\"!p-0 !m-0 list-none border-b border-gray-200 border-solid\">\n<p>Email<\/p>\n<\/li>\n<\/ul>\n<\/div>\n<div class=\"font-ui-heading max-sm:hidden tooltip absolute left-1\/2 bg-gray-900 text-white text-xs leading-none px-3 py-1.5 rounded-md z-[10001] whitespace-nowrap\" id=\"tooltip-share-this-article\" role=\"tooltip\" aria-hidden=\"true\">\nShare this article\n<\/div>\n<\/div>\n<div class=\"relative tooltip-container\" role=\"tooltip\"><span class=\"ml-1 inline-flex h-5 px-2 shrink-0 items-center justify-center self-center overflow-hidden whitespace-nowrap rounded-[10px] bg-primary-500 text-[11px] leading-none font-ui-heading font-semibold text-white\">0<\/span><\/p>\n<div class=\"font-ui-heading max-sm:hidden tooltip absolute left-1\/2 bg-gray-900 text-white text-xs leading-none px-3 py-1.5 rounded-md z-[10001] whitespace-nowrap\" id=\"tooltip-join-the-conversation\" role=\"tooltip\" aria-hidden=\"true\">\nJoin the conversation\n<\/div>\n<\/div>\n<\/div>\n<div class=\"flex gap-2 text-[#333] subcontainer\">\n<div class=\"relative tooltip-container\" role=\"tooltip\">\n<p>Follow us<\/p>\n<div class=\"font-ui-heading max-sm:hidden tooltip absolute left-1\/2 bg-gray-900 text-white text-xs leading-none px-3 py-1.5 rounded-md z-[10001] whitespace-nowrap\" id=\"tooltip-add-us-as-a-preferred-source-on-google\" role=\"tooltip\" aria-hidden=\"true\">\nAdd us as a preferred source on Google\n<\/div>\n<\/div>\n<div class=\"relative tooltip-container\" role=\"tooltip\">\n<div class=\"font-ui-heading max-sm:hidden tooltip absolute left-1\/2 bg-gray-900 text-white text-xs leading-none px-3 py-1.5 rounded-md z-[10001] whitespace-nowrap\" id=\"tooltip-subscribe-to-our-newsletter\" role=\"tooltip\" aria-hidden=\"true\">\nSubscribe to our newsletter\n<\/div>\n<\/div>\n<\/div>\n<\/div>\n<p id=\"elk-e944b324-9f1c-11f1-8555-c190d56b4db9\">Almost six months on from her last race, Australian rider Amber Pate returned to the peloton at the Tour of Britain Women, the five-day race representing her comeback after surgery to remove a malignant pancreatic tumour.<\/p>\n<p>Pate missed much of the season after the six-hour surgery and long recovery, having last raced at Le Samyn in early March. She was back in action in Britain this week, part of the support squad that helped Liv-AlUla-Jayco leader Caroline Andersson to fourth place overall in Leamington Spa.<\/p>\n<p id=\"elk-e944b324-9f1c-11f1-8555-c190d56b4db9-2\" aria-hidden=\"true\" class=\"kiosq-b\">&#8220;It&#8217;s really nice being back with the team and my teammates. It&#8217;s \u2013 no joke \u2013 really, really hard coming back into the peloton at this time of the year. And it&#8217;s emotional,&#8221; she told <em>Cyclingnews <\/em>ahead of the penultimate stage in Mid Wales.<\/p>\n<div class=\"my-6 w-full overflow-hidden rounded-[10px] lg:my-8\" data-component-name=\"JwPlayer:Carousel\" data-jwp-carousel data-jwp-carousel-payload=\"{&quot;ids&quot;:{&quot;playerID&quot;:&quot;jYDCcabO&quot;,&quot;searchPlaylistID&quot;:&quot;gwjdoYHD&quot;,&quot;divID&quot;:&quot;botr_gwjdoYHD_jYDCcabO_div&quot;,&quot;fallbackPlaylistID&quot;:&quot;gwjdoYHD&quot;,&quot;fallbackDivID&quot;:&quot;botr_gwjdoYHD_jYDCcabO_div&quot;,&quot;key&quot;:&quot;X9\/mXVGac0NphghLH9hZaqWA5d3dhAM\/Ih07grnEyMLjuO2E&quot;,&quot;tintLogo&quot;:true,&quot;useSearchPlaylist&quot;:false,&quot;enabled&quot;:true},&quot;signPostingEnabled&quot;:true,&quot;signPostingLinkEnabled&quot;:true,&quot;waitForAdLoad&quot;:false,&quot;hidePlayerOnDesktop&quot;:false,&quot;hidePlayerOnMobile&quot;:false,&quot;hidePlayerOnTablet&quot;:false}\">\n<div class=\"flex flex-nowrap items-center justify-between gap-3 bg-zinc-900 px-[14px] py-3\" data-jwp-carousel-header>\n<div class=\"flex min-w-0 shrink items-center\"><span class=\"inline-flex items-center gap-1.5 text-sm font-article-heading capitalize leading-5 text-white whitespace-nowrap\"><span class=\"jwp-carousel-title-desktop\">Latest Videos From<\/span><span class=\"jwp-carousel-brand\">Cyclingnews<\/span><\/span><\/div>\n<\/div>\n<div class=\"min-h-[44px] bg-zinc-900 px-[14px] py-3\" data-jwp-carousel-signposting><a class=\"invisible block truncate text-sm font-bold leading-5 text-white underline decoration-solid underline-offset-2\" data-jwp-carousel-signposting-link href target=\"_blank\" rel=\"noopener noreferrer\"><span data-jwp-carousel-signposting-title>Watch full video here: <\/span><\/a><\/div>\n<\/div>\n<p aria-hidden=\"true\" class=\"kiosq-b\">&#8220;You could almost feel embarrassed about how your form is, but I&#8217;m really determined to just not give up and make the most of it. This is really great to start building my form back, and after such an emotional and challenging year, my outlook is different, and I&#8217;m just trying to embrace the opportunities and the moments.&#8221;<\/p>\n<p aria-hidden=\"true\" class=\"kiosq-b\">The 170 days away from racing is the longest Pate has spent without a race in some time, having taken on a full European calendar each year since turning pro with Liv in 2023.<\/p>\n<aside data-component-name=\"Recirculation:ArticleRiver\" data-recirculation-type=\"inline\" data-mrf-recirculation=\"Trending Bar\" data-nosnippet class=\"clear-both pt-2 pb-0 mb-4\"><span class=\"\n            flex\n            after:content-[&apos;&apos;] after:flex-1 after:ml-4 after:my-[0.7rem] after:border-t after:border-solid after:border-t-[#ccc]\n            before:content-[&apos;&apos;] before:flex-1 before:mr-4 before:my-[0.7rem] before:border-t before:border-solid before:border-t-[#ccc]\n            font-article-heading pb-0 text-[length:var(--article-river-title--font-size,1em)] uppercase sm:text-[length:var(--article-river-title--font-size,0.875em)] font-bold\n        \"><br \/>\n            You may like<br \/>\n        <\/span><\/p>\n<ul class=\"flex flex-col gap-0 m-0 max-w-full\">\n<li class=\"m-0 list-none border-b border-solid border-[#ededed] py-2\" data-recirculation-id=\"recirculation-card-1\" id=\"recirculation-inline-1\" data-analytics-id=\"recirculation-inline-1\" data-mrf-recirculation=\"recirculation-inline-1\">\n    <source type=\"image\/webp\" srcset=\"https:\/\/cdn.mos.cms.futurecdn.net\/HCM9RK7FWGVtWfvfSYCjdC-250-80.jpg.webp 250w, https:\/\/cdn.mos.cms.futurecdn.net\/HCM9RK7FWGVtWfvfSYCjdC-150-80.jpg.webp 150w\" sizes=\"150px\" \/><span class=\"w-full text-base font-[var(--article-river-item--font-weight,500)] font-article-heading line-clamp-3 md:line-clamp-2\">&#8216;I\u2019ve got the worst of it out of the way&#8217; \u2013 Neve Bradbury settles into the waiting game after iliac artery endofibrosis surgery<\/span><\/li>\n<li class=\"m-0 list-none border-b border-solid border-[#ededed] py-2\" data-recirculation-id=\"recirculation-card-2\" id=\"recirculation-inline-2\" data-analytics-id=\"recirculation-inline-2\" data-mrf-recirculation=\"recirculation-inline-2\">\n    <source type=\"image\/webp\" srcset=\"https:\/\/cdn.mos.cms.futurecdn.net\/mdqopQBsyVu8WSwCgaooQM-250-80.jpg.webp 250w, https:\/\/cdn.mos.cms.futurecdn.net\/mdqopQBsyVu8WSwCgaooQM-150-80.jpg.webp 150w\" sizes=\"150px\" \/><span class=\"w-full text-base font-[var(--article-river-item--font-weight,500)] font-article-heading line-clamp-3 md:line-clamp-2\">&#8216;Big shock to the system&#8217; &#8211; Former WorldTour rider Veronica Ewers resumes slow return to peloton with &#8216;experiment&#8217; at French ProTeam&#8217;s Tour de France Femmes training camp<\/span><\/li>\n<li class=\"m-0 list-none border-b border-solid border-[#ccc] py-2\" data-recirculation-id=\"recirculation-card-3\" id=\"recirculation-inline-3\" data-analytics-id=\"recirculation-inline-3\" data-mrf-recirculation=\"recirculation-inline-3\">\n    <source type=\"image\/webp\" srcset=\"https:\/\/cdn.mos.cms.futurecdn.net\/gbzbBhiKcXAG32RXsDVhSh-250-80.jpg.webp 250w, https:\/\/cdn.mos.cms.futurecdn.net\/gbzbBhiKcXAG32RXsDVhSh-150-80.jpg.webp 150w\" sizes=\"150px\" \/><span class=\"w-full text-base font-[var(--article-river-item--font-weight,500)] font-article-heading line-clamp-3 md:line-clamp-2\">&#8216;I\u2019ve come from a really low point&#8217; \u2013 Maike van der Duin returns to podium at Baloise Ladies Tour after a 790 day wait<\/span><\/li>\n<\/ul>\n<\/aside>\n<p aria-hidden=\"true\" class=\"kiosq-b\">Going from an average of 48 race days a season, including two Grand Tours, to the four she had logged before this week has understandably had an impact.<\/p>\n<p aria-hidden=\"true\" class=\"kiosq-b\">&#8220;So six months away from racing. The first two months when I went back to Australia was dealing with the processes of getting the surgery, and then after the surgery, I had a solid month and a half of very little riding,&#8221; she said.<\/p>\n<div id=\"slice-container-newsletterForm-articleInbodyContent-EC6coHhg3LbiZtq2n2HjWj\" class=\"slice-container newsletter-inbodyContent-slice newsletterForm-articleInbodyContent-EC6coHhg3LbiZtq2n2HjWj slice-container-newsletterForm\">\n<div data-hydrate=\"true\" class=\"newsletter-form__wrapper newsletter-form__wrapper--inbodyContent\">\n<div class=\"newsletter-form__container\">\n<section class=\"newsletter-form__top-bar\">\n<div class=\"newsletter-form__header\">Get The Leadout Newsletter<\/div>\n<\/section>\n<section class=\"newsletter-form__main-section\">\n<p class=\"newsletter-form__strapline\">The latest race content, interviews, features, reviews and expert buying guides, direct to your inbox!<\/p>\n<footer class=\"newsletter-form__footer \">By submitting your information you agree to the Terms &amp; Conditions and Privacy Policy and are aged 16 or over.<\/footer>\n<\/section>\n<\/div>\n<\/div>\n<\/div>\n<p aria-hidden=\"true\" class=\"kiosq-b\">&#8220;Then I built up from there. Starting to cope with the intensity and the training load was really hard, so it&#8217;s taken me some time. And this is the hardest week I&#8217;ve done by far all year, so it&#8217;s been very challenging!<\/p>\n<p aria-hidden=\"true\" class=\"kiosq-b\">&#8220;Even though I might be the first rider dropped at times, I think it&#8217;s a really good place to be and just embrace it. Even if I&#8217;m looking, let&#8217;s say, not so good in form, I&#8217;m being positive and just refuse to give up. So, I think it&#8217;s very nice.&#8221;<\/p>\n<p aria-hidden=\"true\" class=\"kiosq-b\">Pate hasn&#8217;t had much racing in her legs, but five challenging days in Britain will give her a base to build on for the end of the season.<\/p>\n<aside data-component-name=\"Recirculation:ArticleRiver\" data-recirculation-type=\"inline\" data-mrf-recirculation=\"Trending Bar\" data-nosnippet class=\"clear-both pt-2 pb-0 mb-4\"><span class=\"\n            flex\n            after:content-[&apos;&apos;] after:flex-1 after:ml-4 after:my-[0.7rem] after:border-t after:border-solid after:border-t-[#ccc]\n            before:content-[&apos;&apos;] before:flex-1 before:mr-4 before:my-[0.7rem] before:border-t before:border-solid before:border-t-[#ccc]\n            font-article-heading pb-0 text-[length:var(--article-river-title--font-size,1em)] uppercase sm:text-[length:var(--article-river-title--font-size,0.875em)] font-bold\n        \"><br \/>\n            What to read next<br \/>\n        <\/span><\/p>\n<ul class=\"flex flex-col gap-0 m-0 max-w-full\">\n<li class=\"m-0 list-none border-b border-solid border-[#ededed] py-2\" data-recirculation-id=\"recirculation-card-1\" id=\"recirculation-inline-2-1\" data-analytics-id=\"recirculation-2-inline-1\" data-mrf-recirculation=\"recirculation-2-inline-1\">\n    <source type=\"image\/webp\" srcset=\"https:\/\/cdn.mos.cms.futurecdn.net\/pkoxTQr2aQMfrXNAThoZkb-250-80.jpg.webp 250w, https:\/\/cdn.mos.cms.futurecdn.net\/pkoxTQr2aQMfrXNAThoZkb-150-80.jpg.webp 150w\" sizes=\"150px\" \/><span class=\"w-full text-base font-[var(--article-river-item--font-weight,500)] font-article-heading line-clamp-3 md:line-clamp-2\">&#8216;Two steps forward, three steps back gets old quickly&#8217; \u2013 Another surgery for Sarah Gigante as racing return further delayed<\/span><\/li>\n<li class=\"m-0 list-none border-b border-solid border-[#ededed] py-2\" data-recirculation-id=\"recirculation-card-2\" id=\"recirculation-inline-2-2\" data-analytics-id=\"recirculation-2-inline-2\" data-mrf-recirculation=\"recirculation-2-inline-2\">\n    <source type=\"image\/webp\" srcset=\"https:\/\/cdn.mos.cms.futurecdn.net\/k8t5MUbM6acykBVaugJXWW-250-80.jpg.webp 250w, https:\/\/cdn.mos.cms.futurecdn.net\/k8t5MUbM6acykBVaugJXWW-150-80.jpg.webp 150w\" sizes=\"150px\" \/><span class=\"w-full text-base font-[var(--article-river-item--font-weight,500)] font-article-heading line-clamp-3 md:line-clamp-2\">&#8216;The body is an amazing thing&#8217; \u2013 Ur\u0161ka \u017digart back in action at the Tour de France Femmes, six weeks on from Tour de Suisse horror crash<\/span><\/li>\n<li class=\"m-0 list-none border-b border-solid border-[#ccc] py-2\" data-recirculation-id=\"recirculation-card-3\" id=\"recirculation-inline-2-3\" data-analytics-id=\"recirculation-2-inline-3\" data-mrf-recirculation=\"recirculation-2-inline-3\">\n    <source type=\"image\/webp\" srcset=\"https:\/\/cdn.mos.cms.futurecdn.net\/Fy7VS6XswREZBJhRPTVrER-250-80.jpg.webp 250w, https:\/\/cdn.mos.cms.futurecdn.net\/Fy7VS6XswREZBJhRPTVrER-150-80.jpg.webp 150w\" sizes=\"150px\" \/><span class=\"w-full text-base font-[var(--article-river-item--font-weight,500)] font-article-heading line-clamp-3 md:line-clamp-2\">&#8216;I wouldn&#8217;t recommend breaking your femur&#8217; \u2013\u00a0No Giro d&#8217;Italia Women for Sarah Gigante after all, with long-awaited return from latest injury setback delayed<\/span><\/li>\n<\/ul>\n<\/aside>\n<p aria-hidden=\"true\" class=\"kiosq-b\">Her end-of-season schedule isn&#8217;t confirmed, but there&#8217;s still racing to be had on the Women&#8217;s WorldTour calendar (the Tour of Chongming Island) and beyond (the Italian Classics and the Eneco Tour Women), and Pate wants to pin on a number as much as she can.<\/p>\n<p aria-hidden=\"true\" class=\"kiosq-b\">&#8220;I&#8217;m not at race fitness, and I&#8217;ve done so little intensity before this week, and [the team] has been incredibly supportive,&#8221; she said.<\/p>\n<p aria-hidden=\"true\" class=\"kiosq-b\">&#8220;Even when I feel like I can&#8217;t even help my teammates at times, they&#8217;ve been supportive and encouraging. That&#8217;s really important, and I feel very grateful for that.<\/p>\n<p aria-hidden=\"true\" class=\"kiosq-b\">&#8220;I&#8217;ll be doing as much racing as I can for the rest of the season, and just embrace whatever&#8217;s to come.&#8221;<\/p>\n<figure class=\"van-image-figure inline-layout kiosq-b\" data-bordeaux-image-check id=\"elk-0059d818-9f1e-11f1-99d4-a3c8f67b3bcd\" aria-hidden=\"true\">\n<div class=\"image-full-width-wrapper\">\n<div class=\"image-widthsetter\">\n<p class=\"vanilla-image-block\">\n<source type=\"image\/webp\" srcset=\"https:\/\/cdn.mos.cms.futurecdn.net\/A3RPDFN4PEKyn2UVJ62SAj-1200-80.jpg.webp 1200w, https:\/\/cdn.mos.cms.futurecdn.net\/A3RPDFN4PEKyn2UVJ62SAj-1024-80.jpg.webp 1024w, https:\/\/cdn.mos.cms.futurecdn.net\/A3RPDFN4PEKyn2UVJ62SAj-970-80.jpg.webp 970w, https:\/\/cdn.mos.cms.futurecdn.net\/A3RPDFN4PEKyn2UVJ62SAj-650-80.jpg.webp 650w, https:\/\/cdn.mos.cms.futurecdn.net\/A3RPDFN4PEKyn2UVJ62SAj-480-80.jpg.webp 480w, https:\/\/cdn.mos.cms.futurecdn.net\/A3RPDFN4PEKyn2UVJ62SAj-320-80.jpg.webp 320w\" sizes=\"(min-width: 1000px) 970px, calc(100vw - 40px)\" \/><\/p>\n<\/div>\n<\/div><figcaption class=\" inline-layout\"><span class=\"caption-text\">Pate (centre) back with her Liv-AlUla-Jayco teammates at the Tour of Britain Women <\/span><span class=\"credit\">(Image credit: Simon Wilkinson\/SWpix.com)<\/span><\/figcaption><\/figure>\n<p id=\"elk-18836d42-9f1d-11f1-b9ea-499e17b3412f\" aria-hidden=\"true\" class=\"kiosq-b\"><strong>For unbeatable coverage across road, gravel and tech, subscribe to Cyclingnews. You&#8217;ll get comprehensive race coverage of La Vuelta a Espa\u00f1a, subscriber-exclusive analysis from our expert columnists, in-depth features and industry-leading tech insight. Plus, the Cyclingnews app lets you follow the action wherever you go! <\/strong><u><strong>Join today.<\/strong><\/u><\/p>\n<\/div>\n<p>[analyse_source url=&#8221;https:\/\/www.cyclingnews.com\/pro-cycling\/womens-cycling\/the-hardest-week-ive-done-by-far-all-year-amber-pate-returns-to-racing-at-tour-of-britain-women-after-six-months-away-due-to-pancreatic-tumour\/&#8221;]<\/p>\n","protected":false},"excerpt":{"rendered":"<p>[analyse_image type=&#8221;featured&#8221; src=&#8221;https:\/\/cdn.mos.cms.futurecdn.net\/cxdBUbUNkEmBxuAnRMLd4e-2100-80.jpg&#8221;] 1 &#8216;Cars from the general public coming at me from all directions&#8217; \u2013 Maeve Plouffe narrowly avoids being hit by driver at Tour of Britain Women 2 &#8216;A huge step-up and a lot to learn&#8217; \u2013 Kate Courtney swiftly adapting to WorldTour racing with FDJ United-Suez at the Tour of Britain Women [&hellip;]<\/p>\n","protected":false},"author":1,"featured_media":0,"comment_status":"open","ping_status":"","sticky":false,"template":"","format":"standard","meta":{"footnotes":""},"categories":[2],"tags":[226,68],"class_list":["post-2108270","post","type-post","status-publish","format-standard","hentry","category-politics","tag-crawlmanager","tag-cyclingnews-com"],"_links":{"self":[{"href":"https:\/\/analyse.optim.biz\/index.php?rest_route=\/wp\/v2\/posts\/2108270","targetHints":{"allow":["GET"]}}],"collection":[{"href":"https:\/\/analyse.optim.biz\/index.php?rest_route=\/wp\/v2\/posts"}],"about":[{"href":"https:\/\/analyse.optim.biz\/index.php?rest_route=\/wp\/v2\/types\/post"}],"author":[{"embeddable":true,"href":"https:\/\/analyse.optim.biz\/index.php?rest_route=\/wp\/v2\/users\/1"}],"replies":[{"embeddable":true,"href":"https:\/\/analyse.optim.biz\/index.php?rest_route=%2Fwp%2Fv2%2Fcomments&post=2108270"}],"version-history":[{"count":0,"href":"https:\/\/analyse.optim.biz\/index.php?rest_route=\/wp\/v2\/posts\/2108270\/revisions"}],"wp:attachment":[{"href":"https:\/\/analyse.optim.biz\/index.php?rest_route=%2Fwp%2Fv2%2Fmedia&parent=2108270"}],"wp:term":[{"taxonomy":"category","embeddable":true,"href":"https:\/\/analyse.optim.biz\/index.php?rest_route=%2Fwp%2Fv2%2Fcategories&post=2108270"},{"taxonomy":"post_tag","embeddable":true,"href":"https:\/\/analyse.optim.biz\/index.php?rest_route=%2Fwp%2Fv2%2Ftags&post=2108270"}],"curies":[{"name":"wp","href":"https:\/\/api.w.org\/{rel}","templated":true}]}}