{"id":2108264,"date":"2026-08-23T18:12:37","date_gmt":"2026-08-23T15:12:37","guid":{"rendered":"https:\/\/analyse.optim.biz\/?p=2108264"},"modified":"2026-08-23T18:12:37","modified_gmt":"2026-08-23T15:12:37","slug":"i-didnt-really-have-much-left-for-such-a-hard-finish-ethan-hayter-misses-out-on-red-jersey-again-at-vuelta-a-espana-despite-gutsy-breakaway-ride-in-ripped-shorts","status":"publish","type":"post","link":"https:\/\/analyse.optim.biz\/?p=2108264","title":{"rendered":"&#8216;I didn&#8217;t really have much left for such a hard finish&#8217; \u2013 Ethan Hayter misses out on red jersey again at Vuelta a Espa\u00f1a despite gutsy breakaway ride in ripped shorts"},"content":{"rendered":"<p>[analyse_image type=&#8221;featured&#8221; src=&#8221;https:\/\/cdn.mos.cms.futurecdn.net\/zKa5jF8d2s4BYwxnu4djUX-2560-80.jpg&#8221;]<\/p>\n<article class=\"m-0 box-border flex flex-row items-center pr-2.5 gap-[15px] w-[278px] h-20 flex-none upnext-article-divider\" role=\"listitem\" aria-label=\"Recommended article 1 of 3\">\n<div class=\"relative flex-none w-20 h-20\">\n    <source type=\"image\/webp\" srcset=\"https:\/\/cdn.mos.cms.futurecdn.net\/CPxWbXXnNwNbQkNsPJbekJ-160-80.jpg.webp 160w, https:\/\/cdn.mos.cms.futurecdn.net\/CPxWbXXnNwNbQkNsPJbekJ-80-80.jpg.webp 80w\" sizes=\"80px\" \/><\/p>\n<div class=\"flex items-center justify-center absolute w-4 h-6 left-0 top-0 bg-white\/90 flex-none z-[1]\" aria-hidden=\"true\"><span class=\"font-normal text-base leading-[17px] tracking-[1.3px] uppercase text-black flex-none\">1<\/span><\/div>\n<\/div>\n<div class=\"flex flex-col items-center justify-center gap-1.5 w-[173px] h-20 flex-none\">\n<p class=\"font-article-heading font-medium text-base leading-[21px] text-gray-800 w-[173px] line-clamp-3 group-hover:underline\">\n                                    As it happened: British sensation steals the show in first road stage at La Vuelta a Espa\u00f1a 2026\n                                <\/p>\n<\/div>\n<\/article>\n<article class=\"m-0 box-border flex flex-row items-center pr-2.5 gap-[15px] w-[278px] h-20 flex-none upnext-article-divider\" role=\"listitem\" aria-label=\"Recommended article 2 of 3\">\n<div class=\"relative flex-none w-20 h-20\">\n    <source type=\"image\/webp\" srcset=\"https:\/\/cdn.mos.cms.futurecdn.net\/MiEh4b2a5tADEABr9Yp6w7-160-80.jpg.webp 160w, https:\/\/cdn.mos.cms.futurecdn.net\/MiEh4b2a5tADEABr9Yp6w7-80-80.jpg.webp 80w\" sizes=\"80px\" \/><\/p>\n<div class=\"flex items-center justify-center absolute w-[18px] h-6 left-0 top-0 bg-white\/90 flex-none z-[1]\" aria-hidden=\"true\"><span class=\"font-normal text-base leading-[17px] tracking-[1.3px] uppercase text-black flex-none\">2<\/span><\/div>\n<\/div>\n<div class=\"flex flex-col items-center justify-center gap-1.5 w-[173px] h-20 flex-none\">\n<p class=\"font-article-heading font-medium text-base leading-[21px] text-gray-800 w-[173px] line-clamp-3 group-hover:underline\">\n                                    As it happened: Time trial goes down to the wire at stage 1 of the Vuelta a Espa\u00f1a\n                                <\/p>\n<\/div>\n<\/article>\n<article class=\"m-0 box-border flex flex-row items-center pr-2.5 gap-[15px] w-[278px] h-20 flex-none\" role=\"listitem\" aria-label=\"Recommended article 3 of 3\">\n<div class=\"relative flex-none w-20 h-20\">\n    <source type=\"image\/webp\" srcset=\"https:\/\/cdn.mos.cms.futurecdn.net\/PpEhHGvv8AgcUn5LNYNkvU-160-80.jpg.webp 160w, https:\/\/cdn.mos.cms.futurecdn.net\/PpEhHGvv8AgcUn5LNYNkvU-80-80.jpg.webp 80w\" sizes=\"80px\" \/><\/p>\n<div class=\"flex items-center justify-center absolute w-[18px] h-6 left-0 top-0 bg-white\/90 flex-none z-[1]\" aria-hidden=\"true\"><span class=\"font-normal text-base leading-[17px] tracking-[1.3px] uppercase text-black flex-none\">3<\/span><\/div>\n<\/div>\n<div class=\"flex flex-col items-center justify-center gap-1.5 w-[173px] h-20 flex-none\">\n<p class=\"font-article-heading font-medium text-base leading-[21px] text-gray-800 w-[173px] line-clamp-3 group-hover:underline\">\n                                    Vuelta a Espa\u00f1a: Tadej Poga\u010dar claims stage 1 time trial and takes the first leader&#8217;s jersey in Monaco\n                                <\/p>\n<\/div>\n<\/article>\n<article class=\"page-content-onecol flex-1\nnews-article article\n\"><\/p>\n<div class=\"widget-area-group widget-area-group-2col flex flex-wrap box-border\">\n<div id=\"widgetArea16\" class=\"widget-area basis-full md:basis-2\/3 widget-area-g-md-vp-2-3 widget-area-g-lg-vp-2-3 widget-area-g-xl-vp-2-3 page-widget-area-16\">\n<div data-widget-type=\"hero\" id=\"hero\" class=\"clear-both widget widget-hero widget-hero widget-hero-hero widget-hero widget-hero-fter-news\">\n<div class=\"news-article\">\n<header data-component-name=\"Article:Hero\">\n<nav class=\"breadcrumb\" aria-label=\"Breadcrumbs\">\n<ol>\n<li>\nPro Cycling\n<\/li>\n<li>\nRacing\n<\/li>\n<li>\nRoad\n<\/li>\n<li>\nVuelta a Espa\u00f1a\n<\/li>\n<\/ol>\n<\/nav>\n<h1>&#8216;I didn&#8217;t really have much left for such a hard finish&#8217; \u2013 Ethan Hayter misses out on red jersey again at Vuelta a Espa\u00f1a despite gutsy breakaway ride in ripped shorts<\/h1>\n<div class=\"byline-social\">\n<div class=\"vds-byline-block flex flex-row flex-nowrap my-1.5 gap-2 text-left items-start justify-start\" data-component-name=\"Article:BylineBlock\">\n<p>News<\/p>\n<div class=\"my-auto vds-simple-byline\"><span class=\"inline-block vds-author\"><br \/>\nBy<br \/>\nJames Moultrie <\/span><\/p>\n<div class=\"flex gap-1 vds-byline-with-avatar__meta\"><span class=\"vds-date block font-normal tracking-normal normal-case text-xs\"><br \/>\nPublished<br \/>\n<time data-component-name=\"UI:DateTime\" datetime=\"2026-08-23T18:12:37Z\" class=\"relative-date\"><br \/>\n23 August 2026<br \/>\n<\/time><\/span><\/div>\n<\/div>\n<\/div>\n<p class=\"strapline\">Brit explains modified kit as he&#8217;s left disappointed again after briefly taking virtual lead, then missing splits in final<\/p>\n<\/div>\n<aside class=\"text-gray-700 flex items-center mx-0 my-5 p-0 justify-start text-left\" id=\"affiliate-disclaimer\" data-component-name=\"AffiliateDisclaimer\" data-hawk-message=\"Affiliate disclaimer removed because hawk deemed there are no affiliate links on this page\">\n<p class=\"text-[color:var(--affiliate-disclaimer--text-color,inherit)] mb-2 text-[length:var(--affiliate-disclaimer--font-size,0.75rem)] leading-[18px] md:text-[13px] [&amp;&gt;a]:text-inherit [&amp;&gt;a]:underline\">\nWhen you purchase through links on our site, we may earn an affiliate commission. Here\u2019s how it works.\n<\/p>\n<\/aside>\n<\/header>\n<\/div>\n<\/div>\n<div data-widget-type=\"contentparsed\" id=\"content\" class=\"clear-both widget widget-contentparsed widget-content widget-contentparsed-content widget-content-parsed widget-content-parsed-content_document \">\n<div class=\"wcp-item-content\">\n<section class=\"content-wrapper\">\n<div class=\"box less-space hero-image-wrapper\">\n<figure class=\"mb-0\">\n<source type=\"image\/webp\" srcset=\"https:\/\/cdn.mos.cms.futurecdn.net\/zKa5jF8d2s4BYwxnu4djUX-1920-80.jpg.webp 1920w, https:\/\/cdn.mos.cms.futurecdn.net\/zKa5jF8d2s4BYwxnu4djUX-1600-80.jpg.webp 1600w, https:\/\/cdn.mos.cms.futurecdn.net\/zKa5jF8d2s4BYwxnu4djUX-1200-80.jpg.webp 1200w, https:\/\/cdn.mos.cms.futurecdn.net\/zKa5jF8d2s4BYwxnu4djUX-1024-80.jpg.webp 1024w, https:\/\/cdn.mos.cms.futurecdn.net\/zKa5jF8d2s4BYwxnu4djUX-970-80.jpg.webp 970w, https:\/\/cdn.mos.cms.futurecdn.net\/zKa5jF8d2s4BYwxnu4djUX-750-80.jpg.webp 750w, https:\/\/cdn.mos.cms.futurecdn.net\/zKa5jF8d2s4BYwxnu4djUX-650-80.jpg.webp 650w, https:\/\/cdn.mos.cms.futurecdn.net\/zKa5jF8d2s4BYwxnu4djUX-480-80.jpg.webp 480w, https:\/\/cdn.mos.cms.futurecdn.net\/zKa5jF8d2s4BYwxnu4djUX-320-80.jpg.webp 320w\" sizes=\"(min-width: 1000px) 600px, 100vw\" \/><figcaption class=\"font-article-copy text-(--image--text--color) font-article-copy mt-2\"><span class=\"credit font-article-copy\">(Image credit: Getty Images)<\/span><\/figcaption><\/figure>\n<\/div>\n<div id=\"article-body\" class=\"text-copy bodyCopy auto paywall-locker\">\n<div data-analytics-id=\"utility-bar\" id=\"utility-bar\" class=\"font-ui-heading flex justify-between items-center py-2 border-t border-b border-gray-300 border-solid mb-5 mx-auto\" data-component-name=\"UtilityBar\" data-mrf-recirculation=\"utility-bar\">\n<div class=\"flex gap-2 text-[#333] subcontainer\">\n<div class=\"relative tooltip-container\" role=\"tooltip\">\n<div data-component-name=\"Social:Dropdown\" role=\"menu\" id=\"utilitybar__dropdown--share\" aria-labelledby=\"utilitybar__button--share\" class=\"absolute left-0 top-full w-44 bg-white rounded-md shadow-md border border-neutral-200 z-[9996] list-none m-0 py-2 px-3 border-solid\">\n<ul class=\"m-0!\">\n<li class=\"!p-0 !m-0 list-none border-b border-gray-200 border-solid\">\n<li class=\"!p-0 !m-0 list-none border-b border-gray-200 border-solid\">\n<p>Facebook<\/p>\n<\/li>\n<li class=\"!p-0 !m-0 list-none border-b border-gray-200 border-solid\">\n<p>X<\/p>\n<\/li>\n<li class=\"!p-0 !m-0 list-none border-b border-gray-200 border-solid\">\n<p>Pinterest<\/p>\n<\/li>\n<li class=\"!p-0 !m-0 list-none border-b border-gray-200 border-solid\">\n<p>Email<\/p>\n<\/li>\n<\/ul>\n<\/div>\n<div class=\"font-ui-heading max-sm:hidden tooltip absolute left-1\/2 bg-gray-900 text-white text-xs leading-none px-3 py-1.5 rounded-md z-[10001] whitespace-nowrap\" id=\"tooltip-share-this-article\" role=\"tooltip\" aria-hidden=\"true\">\nShare this article\n<\/div>\n<\/div>\n<div class=\"relative tooltip-container\" role=\"tooltip\"><span class=\"ml-1 inline-flex h-5 px-2 shrink-0 items-center justify-center self-center overflow-hidden whitespace-nowrap rounded-[10px] bg-primary-500 text-[11px] leading-none font-ui-heading font-semibold text-white\">0<\/span><\/p>\n<div class=\"font-ui-heading max-sm:hidden tooltip absolute left-1\/2 bg-gray-900 text-white text-xs leading-none px-3 py-1.5 rounded-md z-[10001] whitespace-nowrap\" id=\"tooltip-join-the-conversation\" role=\"tooltip\" aria-hidden=\"true\">\nJoin the conversation\n<\/div>\n<\/div>\n<\/div>\n<div class=\"flex gap-2 text-[#333] subcontainer\">\n<div class=\"relative tooltip-container\" role=\"tooltip\">\n<p>Follow us<\/p>\n<div class=\"font-ui-heading max-sm:hidden tooltip absolute left-1\/2 bg-gray-900 text-white text-xs leading-none px-3 py-1.5 rounded-md z-[10001] whitespace-nowrap\" id=\"tooltip-add-us-as-a-preferred-source-on-google\" role=\"tooltip\" aria-hidden=\"true\">\nAdd us as a preferred source on Google\n<\/div>\n<\/div>\n<div class=\"relative tooltip-container\" role=\"tooltip\">\n<div class=\"font-ui-heading max-sm:hidden tooltip absolute left-1\/2 bg-gray-900 text-white text-xs leading-none px-3 py-1.5 rounded-md z-[10001] whitespace-nowrap\" id=\"tooltip-subscribe-to-our-newsletter\" role=\"tooltip\" aria-hidden=\"true\">\nSubscribe to our newsletter\n<\/div>\n<\/div>\n<\/div>\n<\/div>\n<p id=\"elk-4eda8f6a-9f18-11f1-8bdd-a5424d3c23f5\">Ethan Hayter narrowly missed out on the leader&#8217;s red jersey at the Vuelta a Espa\u00f1a for the second day running, despite briefly going into the virtual lead thanks to his efforts in the breakaway on stage 2.<\/p>\n<p>Having lost out to Tadej Poga\u010dar by less than a tenth of a second during the Monaco opener on Saturday, Hayter admitted that while he would be pursuing red on the first road stage, whether or not he could take it would largely depend on what the world champion wanted.<\/p>\n<p id=\"elk-4eda8f6a-9f18-11f1-8bdd-a5424d3c23f5-2\" aria-hidden=\"true\" class=\"kiosq-b\">Hayter made it into the early breakaway, before ditching his fellow escapees once the peloton started to make an impression on the four-rider group&#8217;s advantage, before time trialling his way to the intermediate sprint where he would gain six bonus seconds and move ahead of Poga\u010dar.<\/p>\n<div class=\"my-6 w-full overflow-hidden rounded-[10px] lg:my-8\" data-component-name=\"JwPlayer:Carousel\" data-jwp-carousel data-jwp-carousel-payload=\"{&quot;ids&quot;:{&quot;playerID&quot;:&quot;jYDCcabO&quot;,&quot;searchPlaylistID&quot;:&quot;gwjdoYHD&quot;,&quot;divID&quot;:&quot;botr_gwjdoYHD_jYDCcabO_div&quot;,&quot;fallbackPlaylistID&quot;:&quot;gwjdoYHD&quot;,&quot;fallbackDivID&quot;:&quot;botr_gwjdoYHD_jYDCcabO_div&quot;,&quot;key&quot;:&quot;X9\/mXVGac0NphghLH9hZaqWA5d3dhAM\/Ih07grnEyMLjuO2E&quot;,&quot;tintLogo&quot;:true,&quot;useSearchPlaylist&quot;:false,&quot;enabled&quot;:true},&quot;signPostingEnabled&quot;:true,&quot;signPostingLinkEnabled&quot;:true,&quot;waitForAdLoad&quot;:false,&quot;hidePlayerOnDesktop&quot;:false,&quot;hidePlayerOnMobile&quot;:false,&quot;hidePlayerOnTablet&quot;:false}\">\n<div class=\"flex flex-nowrap items-center justify-between gap-3 bg-zinc-900 px-[14px] py-3\" data-jwp-carousel-header>\n<div class=\"flex min-w-0 shrink items-center\"><span class=\"inline-flex items-center gap-1.5 text-sm font-article-heading capitalize leading-5 text-white whitespace-nowrap\"><span class=\"jwp-carousel-title-desktop\">Latest Videos From<\/span><span class=\"jwp-carousel-brand\">Cyclingnews<\/span><\/span><\/div>\n<\/div>\n<div class=\"min-h-[44px] bg-zinc-900 px-[14px] py-3\" data-jwp-carousel-signposting><a class=\"invisible block truncate text-sm font-bold leading-5 text-white underline decoration-solid underline-offset-2\" data-jwp-carousel-signposting-link href target=\"_blank\" rel=\"noopener noreferrer\"><span data-jwp-carousel-signposting-title>Watch full video here: <\/span><\/a><\/div>\n<\/div>\n<p aria-hidden=\"true\" class=\"kiosq-b\">All he had to do to claim a first Grand Tour lead of his career would be finish in the front group and hope that the all-conquering Slovenian didn&#8217;t win what was expected to be a sprint \u2013 but that is much easier said than done.<\/p>\n<p aria-hidden=\"true\" class=\"kiosq-b\">&#8220;I didn&#8217;t get the jersey, no? Do you know the result?&#8221; said Hayter as he arrived at the finish in Manosque, to which the reporter then informed him Poga\u010dar would be keeping red.<\/p>\n<aside data-component-name=\"Recirculation:ArticleRiver\" data-recirculation-type=\"inline\" data-mrf-recirculation=\"Trending Bar\" data-nosnippet class=\"clear-both pt-2 pb-0 mb-4\"><span class=\"\n            flex\n            after:content-[&apos;&apos;] after:flex-1 after:ml-4 after:my-[0.7rem] after:border-t after:border-solid after:border-t-[#ccc]\n            before:content-[&apos;&apos;] before:flex-1 before:mr-4 before:my-[0.7rem] before:border-t before:border-solid before:border-t-[#ccc]\n            font-article-heading pb-0 text-[length:var(--article-river-title--font-size,1em)] uppercase sm:text-[length:var(--article-river-title--font-size,0.875em)] font-bold\n        \"><br \/>\n            You may like<br \/>\n        <\/span><\/p>\n<ul class=\"flex flex-col gap-0 m-0 max-w-full\">\n<li class=\"m-0 list-none border-b border-solid border-[#ededed] py-2\" data-recirculation-id=\"recirculation-card-1\" id=\"recirculation-inline-1\" data-analytics-id=\"recirculation-inline-1\" data-mrf-recirculation=\"recirculation-inline-1\">\n    <source type=\"image\/webp\" srcset=\"https:\/\/cdn.mos.cms.futurecdn.net\/DfLzZ8ytJjAYKyP5FEkEaB-250-80.jpg.webp 250w, https:\/\/cdn.mos.cms.futurecdn.net\/DfLzZ8ytJjAYKyP5FEkEaB-150-80.jpg.webp 150w\" sizes=\"150px\" \/><span class=\"w-full text-base font-[var(--article-river-item--font-weight,500)] font-article-heading line-clamp-3 md:line-clamp-2\">&#8216;It&#8217;s not completely under my control but I&#8217;m going to try&#8217; &#8211; After ultra-narrow TT defeat to Poga\u010dar, Ethan Hayter throws hat in ring for red in Vuelta a Espa\u00f1a<\/span><\/li>\n<li class=\"m-0 list-none border-b border-solid border-[#ededed] py-2\" data-recirculation-id=\"recirculation-card-2\" id=\"recirculation-inline-2\" data-analytics-id=\"recirculation-inline-2\" data-mrf-recirculation=\"recirculation-inline-2\">\n    <source type=\"image\/webp\" srcset=\"https:\/\/cdn.mos.cms.futurecdn.net\/cLSHcRATZJ5wsZjNMcxxtC-250-80.jpg.webp 250w, https:\/\/cdn.mos.cms.futurecdn.net\/cLSHcRATZJ5wsZjNMcxxtC-150-80.jpg.webp 150w\" sizes=\"150px\" \/><span class=\"w-full text-base font-[var(--article-river-item--font-weight,500)] font-article-heading line-clamp-3 md:line-clamp-2\">&#8216;When Wout goes, you have to react&#8217; &#8211; Tadej Poga\u010dar retains Vuelta a Espa\u00f1a lead after sizzling finale duel with Van Aert<\/span><\/li>\n<li class=\"m-0 list-none border-b border-solid border-[#ccc] py-2\" data-recirculation-id=\"recirculation-card-3\" id=\"recirculation-inline-3\" data-analytics-id=\"recirculation-inline-3\" data-mrf-recirculation=\"recirculation-inline-3\">\n    <source type=\"image\/webp\" srcset=\"https:\/\/cdn.mos.cms.futurecdn.net\/PpEhHGvv8AgcUn5LNYNkvU-250-80.jpg.webp 250w, https:\/\/cdn.mos.cms.futurecdn.net\/PpEhHGvv8AgcUn5LNYNkvU-150-80.jpg.webp 150w\" sizes=\"150px\" \/><span class=\"w-full text-base font-[var(--article-river-item--font-weight,500)] font-article-heading line-clamp-3 md:line-clamp-2\">Vuelta a Espa\u00f1a: Tadej Poga\u010dar claims stage 1 time trial and takes the first leader&#8217;s jersey in Monaco<\/span><\/li>\n<\/ul>\n<\/aside>\n<p aria-hidden=\"true\" class=\"kiosq-b\">After his visible disappointment on stage 1, Hayter was once again left wanting more, with several gaps forming in the run for home causing him to only manage 80th, losing 31 seconds and any hope of the lead.<\/p>\n<p aria-hidden=\"true\" class=\"kiosq-b\">Questions have been raised over his positioning in recent years, and Hayter was barely towards the front with his Soudal-QuickStep teammates once he was caught back from the break. Though there was the hectic nature of the approach to battle with, he could only concede that the legs weren&#8217;t there.<\/p>\n<div id=\"slice-container-newsletterForm-articleInbodyContent-FS6KeTGWzJQXkFqB2D4q3G\" class=\"slice-container newsletter-inbodyContent-slice newsletterForm-articleInbodyContent-FS6KeTGWzJQXkFqB2D4q3G slice-container-newsletterForm\">\n<div data-hydrate=\"true\" class=\"newsletter-form__wrapper newsletter-form__wrapper--inbodyContent\">\n<div class=\"newsletter-form__container\">\n<section class=\"newsletter-form__top-bar\">\n<div class=\"newsletter-form__header\">Get The Leadout Newsletter<\/div>\n<\/section>\n<section class=\"newsletter-form__main-section\">\n<p class=\"newsletter-form__strapline\">The latest race content, interviews, features, reviews and expert buying guides, direct to your inbox!<\/p>\n<footer class=\"newsletter-form__footer \">By submitting your information you agree to the Terms &amp; Conditions and Privacy Policy and are aged 16 or over.<\/footer>\n<\/section>\n<\/div>\n<\/div>\n<\/div>\n<p aria-hidden=\"true\" class=\"kiosq-b\">&#8220;It was just almost a crash and a small gap in the end, and it was a hard final for someone that&#8217;s been in the breakaway,&#8221; Hayter told <em>Eurosport<\/em>, &#8220;and even for the positioning, I didn&#8217;t have the legs to really move any further forward than I was. It&#8217;s a shame, but it was nice to try.&#8221;<\/p>\n<p aria-hidden=\"true\" class=\"kiosq-b\">Explaining that near-miss, Hayter said, &#8220;There was just one roundabout; I think they only had one lane open, and we almost stopped halfway in the bunch. It happens, but yeah.<\/p>\n<p aria-hidden=\"true\" class=\"kiosq-b\">&#8220;I was also just sliding backwards in the climb, anyway; I didn&#8217;t really have much left for such a hard finish. And guys, we&#8217;re doing full lead outs and then just stopping, obviously, in the middle of the road. And it&#8217;s a little bit tricky if you&#8217;re not in the front.&#8221;<\/p>\n<aside data-component-name=\"Recirculation:ArticleRiver\" data-recirculation-type=\"inline\" data-mrf-recirculation=\"Trending Bar\" data-nosnippet class=\"clear-both pt-2 pb-0 mb-4\"><span class=\"\n            flex\n            after:content-[&apos;&apos;] after:flex-1 after:ml-4 after:my-[0.7rem] after:border-t after:border-solid after:border-t-[#ccc]\n            before:content-[&apos;&apos;] before:flex-1 before:mr-4 before:my-[0.7rem] before:border-t before:border-solid before:border-t-[#ccc]\n            font-article-heading pb-0 text-[length:var(--article-river-title--font-size,1em)] uppercase sm:text-[length:var(--article-river-title--font-size,0.875em)] font-bold\n        \"><br \/>\n            What to read next<br \/>\n        <\/span><\/p>\n<ul class=\"flex flex-col gap-0 m-0 max-w-full\">\n<li class=\"m-0 list-none border-b border-solid border-[#ededed] py-2\" data-recirculation-id=\"recirculation-card-1\" id=\"recirculation-inline-2-1\" data-analytics-id=\"recirculation-2-inline-1\" data-mrf-recirculation=\"recirculation-2-inline-1\">\n    <source type=\"image\/webp\" srcset=\"https:\/\/cdn.mos.cms.futurecdn.net\/pXNHT4fLqKkNr4mJF9wXkY-250-80.jpg.webp 250w, https:\/\/cdn.mos.cms.futurecdn.net\/pXNHT4fLqKkNr4mJF9wXkY-150-80.jpg.webp 150w\" sizes=\"150px\" \/><span class=\"w-full text-base font-[var(--article-river-item--font-weight,500)] font-article-heading line-clamp-3 md:line-clamp-2\">&#8216;It&#8217;s a tiny margin but a win is a win&#8217; &#8211; Tadej Poga\u010dar celebrates fourth stage win of career and first-ever lead in Vuelta a Espa\u00f1a<\/span><\/li>\n<li class=\"m-0 list-none border-b border-solid border-[#ededed] py-2\" data-recirculation-id=\"recirculation-card-2\" id=\"recirculation-inline-2-2\" data-analytics-id=\"recirculation-2-inline-2\" data-mrf-recirculation=\"recirculation-2-inline-2\">\n    <source type=\"image\/webp\" srcset=\"https:\/\/cdn.mos.cms.futurecdn.net\/xgNzaGgQEQpA8BkDmvBByi-250-80.jpg.webp 250w, https:\/\/cdn.mos.cms.futurecdn.net\/xgNzaGgQEQpA8BkDmvBByi-150-80.jpg.webp 150w\" sizes=\"150px\" \/><span class=\"w-full text-base font-[var(--article-river-item--font-weight,500)] font-article-heading line-clamp-3 md:line-clamp-2\">Vuelta a Espa\u00f1a GC standings &#8211; Tadej Poga\u010dar keeps leader&#8217;s jersey after stage 2<\/span><\/li>\n<li class=\"m-0 list-none border-b border-solid border-[#ccc] py-2\" data-recirculation-id=\"recirculation-card-3\" id=\"recirculation-inline-2-3\" data-analytics-id=\"recirculation-2-inline-3\" data-mrf-recirculation=\"recirculation-2-inline-3\">\n    <source type=\"image\/webp\" srcset=\"https:\/\/cdn.mos.cms.futurecdn.net\/q8pkrsdAaUJYRiybkGipaH-250-80.jpg.webp 250w, https:\/\/cdn.mos.cms.futurecdn.net\/q8pkrsdAaUJYRiybkGipaH-150-80.jpg.webp 150w\" sizes=\"150px\" \/><span class=\"w-full text-base font-[var(--article-river-item--font-weight,500)] font-article-heading line-clamp-3 md:line-clamp-2\">&#8216;I couldn&#8217;t change gear&#8217; \u2013 Tom Pidcock explains electronic shifter issues that hampered sprint from Tour de France breakaway<\/span><\/li>\n<\/ul>\n<\/aside>\n<p aria-hidden=\"true\" class=\"kiosq-b\">His team had little in the way of complaints about the British rider&#8217;s execution, despite him being unable to follow once Wout van Aert and Poga\u010dar kicked off the finale, where his compatriot Matthew Brennan ended up taking victory.<\/p>\n<p aria-hidden=\"true\" class=\"kiosq-b\">&#8220;He achieved exactly what we agreed on to do, and the last kilometre \u2013 OK he has been 170 kilometres in the breakaway partly alone \u2013 if then guys like Van Aert and Poga\u010dar go, we cannot expect that he can still follow,&#8221; said DS Sepp Vanmarcke. &#8220;So I think it was pretty honest in the final, and we did everything that we were able to do to fight for that red jersey.&#8221;<\/p>\n<h2 id=\"ripped-shorts-en-route-to-the-finish-3\" aria-hidden=\"true\" class=\"kiosq-b\">Ripped shorts en route to the finish<\/h2>\n<figure class=\"van-image-figure inline-layout kiosq-b\" data-bordeaux-image-check id=\"elk-055723fc-9f19-11f1-a5c9-79da3f590978\" aria-hidden=\"true\">\n<div class=\"image-full-width-wrapper\">\n<div class=\"image-widthsetter\">\n<p class=\"vanilla-image-block\">\n<source type=\"image\/webp\" srcset=\"https:\/\/cdn.mos.cms.futurecdn.net\/RJFFpQiEpGtkdSdSimBhBb-1200-80.jpg.webp 1200w, https:\/\/cdn.mos.cms.futurecdn.net\/RJFFpQiEpGtkdSdSimBhBb-1024-80.jpg.webp 1024w, https:\/\/cdn.mos.cms.futurecdn.net\/RJFFpQiEpGtkdSdSimBhBb-970-80.jpg.webp 970w, https:\/\/cdn.mos.cms.futurecdn.net\/RJFFpQiEpGtkdSdSimBhBb-650-80.jpg.webp 650w, https:\/\/cdn.mos.cms.futurecdn.net\/RJFFpQiEpGtkdSdSimBhBb-480-80.jpg.webp 480w, https:\/\/cdn.mos.cms.futurecdn.net\/RJFFpQiEpGtkdSdSimBhBb-320-80.jpg.webp 320w\" sizes=\"(min-width: 1000px) 970px, calc(100vw - 40px)\" \/><\/p>\n<\/div>\n<\/div><figcaption class=\" inline-layout\"><span class=\"credit\">(Image credit: Getty Images)<\/span><\/figcaption><\/figure>\n<p id=\"elk-4eda90fa-9f18-11f1-8368-e36c8f04c850\" aria-hidden=\"true\" class=\"kiosq-b\">The other curious story surrounding Hayter on stage 2 was that midway through the stage, he was spotted in the breakaway with the back of his shorts completely ripped open.<\/p>\n<p aria-hidden=\"true\" class=\"kiosq-b\">Explaining why he had to go with the modified kit, Hayter said the organisers had simply given him no sizing options when it came to the green jersey he was donning. He wasn&#8217;t going to miss his moment to ride in a leader&#8217;s jersey, and though he is still in second in the points classification, Hayter will wear green again on Monday&#8217;s stage 3.<\/p>\n<p aria-hidden=\"true\" class=\"kiosq-b\">&#8220;The organisation, for some reason, they only gave me an extra small, and then they didn&#8217;t have any spares, so they said you can wear your own team kit or the green jersey,&#8221; said Hayter.<\/p>\n<p aria-hidden=\"true\" class=\"kiosq-b\">&#8220;I said I can&#8217;t wear my own team kit, for maybe \u2013 you never know when your last day is in the jersey. But then we started the race, and it was like cutting the blood from my legs, so I had to. It looked a bit silly, but I was really suffering in the breakaway, and I started to feel a lot better once I made some breathing room for my legs.&#8221;<\/p>\n<p id=\"elk-4eda9172-9f18-11f1-9fc3-c307ad9b8cdd\" aria-hidden=\"true\" class=\"kiosq-b\"><strong>For unbeatable coverage across road, gravel and tech, subscribe to Cyclingnews. You&#8217;ll get comprehensive race coverage of La Vuelta a Espa\u00f1a, subscriber-exclusive analysis from our expert columnists, in-depth features and industry-leading tech insight. Plus, the Cyclingnews app lets you follow the action wherever you go! <\/strong><u><strong>Join today.<\/strong><\/u><\/p>\n<\/div>\n<div id=\"slice-container-authorBio-FS6KeTGWzJQXkFqB2D4q3G\" class=\"slice-container slice-author-bio authorBio-FS6KeTGWzJQXkFqB2D4q3G slice-container-authorBio\">\n<div class=\"author author__default-layout author--separator author--collapsible\" data-hydrate=\"true\">\n<div class=\"author__header\">\n<div class=\"author__avatar-block\">\n<figure class=\"image-wrapped__wrapper\" data-bordeaux-image-check=\"false\">\n<div class=\"image-wrapped__widthsetter\">\n<div class=\"image-wrapped__aspect-padding\">\n<div><source class=\"author__avatar image-wrapped__image image__image\" type=\"image\/webp\" srcset=\"https:\/\/cdn.mos.cms.futurecdn.net\/5kc8nsofmMWAQECTbzYYw9-140-80.jpg.webp 140w\" sizes=\"99vw\" data-normal=\"https:\/\/cdn.mos.cms.futurecdn.net\/5kc8nsofmMWAQECTbzYYw9.jpg\" data-original-mos=\"https:\/\/cdn.mos.cms.futurecdn.net\/5kc8nsofmMWAQECTbzYYw9.jpg\" data-pin-media=\"https:\/\/cdn.mos.cms.futurecdn.net\/5kc8nsofmMWAQECTbzYYw9.jpg\" data-pin-nopin=\"true\" data-slice-image=\"true\" \/><\/div>\n<\/div>\n<\/div>\n<\/figure>\n<\/div>\n<div class=\"author__heading\">\n<div class=\"author__name\">James Moultrie<\/div>\n<div class=\"author__social\">\n<nav class=\"button-social-group author__social-buttons\" aria-labelledby=\"button-social-group- author__social-buttons\">\n<div id=\"button-social-group- author__social-buttons\">Social Links Navigation<\/div>\n<\/nav>\n<\/div>\n<div class=\"author__role\">News Writer<\/div>\n<\/div>\n<\/div>\n<div class=\"author__bio-wrapper\">\n<div class=\"author__biography\">\n<p>James Moultrie is a gold-standard NCTJ journalist who joined\u00a0Cyclingnews\u00a0as a News Writer in 2023 after originally contributing as a freelancer for eight months, during which time he also wrote for Eurosport, Rouleur and Cycling Weekly. Prior to joining the team he reported on races such as Paris-Roubaix and the Giro d\u2019Italia Donne for Eurosport and has interviewed some of the sport\u2019s top riders in Chlo\u00e9 Dygert, Lizzie Deignan and Wout van Aert. Outside of cycling, he spends the majority of his time watching other sports \u2013 rugby, football, cricket, and American Football to name a few.<\/p>\n<\/div>\n<\/div>\n<\/div>\n<\/div>\n<\/section>\n<div class=\"relative max-w-[1070px] viafoura-twig-component mt-6 mx-4 lg:mx-0\" data-component-name=\"Viafoura:Comments\" data-nosnippet data-community-guidelines-text=\"&lt;p class=&apos;vfcustom-community-guidelines&apos;&gt;Please follow our &lt;a href=&quot;https:\/\/www.cyclingnews.com\/about\/#section-community-guidelines&quot; target=&quot;_blank&quot;&gt;community guidelines&lt;\/a&gt;.&lt;\/p&gt;\" data-join-the-conversation-text=\"Join the Conversation\">\n<div class=\"absolute top-0 left-0 w-full h-full flex items-center justify-center z-50 bg-white\/90 border-1 rounded-b-[var(--comment-widget-border-radius,0)]\">\n<div class=\"p-2 text-center\">\n<p class=\"mb-3 text-lg!\">You must confirm your public display name before commenting<\/p>\n<p class=\"mb-3 text-sm!\">Please logout and then login again, you will then be prompted to enter your display name.<\/p>\n<\/div>\n<\/div>\n<\/div>\n<section class=\"mx-2 my-5 sm:mx-0\">\n<aside class=\"w-full\" data-nosnippet data-mrf-recirculation=\"article-river-stacked\">\n<div data-recirc-id=\"article-river-stacked-adviser:hybrid\">\n<div class=\"text-white py-4 px-3 mb-4 bg-[#333] uppercase font-bold custom-header-styles\">Read more<\/div>\n<div class=\"grid grid-cols-1 gap-4 mt-4 mb-5\">\n<div>\n<div class=\"aspect-[var(--img-listing-aspect-ratio,16\/9)] relative mb-3.5\">\n    <source type=\"image\/webp\" srcset=\"https:\/\/cdn.mos.cms.futurecdn.net\/DfLzZ8ytJjAYKyP5FEkEaB-840-80.jpg.webp 840w, https:\/\/cdn.mos.cms.futurecdn.net\/DfLzZ8ytJjAYKyP5FEkEaB-650-80.jpg.webp 650w, https:\/\/cdn.mos.cms.futurecdn.net\/DfLzZ8ytJjAYKyP5FEkEaB-500-80.jpg.webp 500w, https:\/\/cdn.mos.cms.futurecdn.net\/DfLzZ8ytJjAYKyP5FEkEaB-450-80.jpg.webp 450w, https:\/\/cdn.mos.cms.futurecdn.net\/DfLzZ8ytJjAYKyP5FEkEaB-320-80.jpg.webp 320w\" sizes=\"(min-width: 900px) 925px, (min-width: 700px) 450px, calc(100vw - 48px)\" \/><\/div>\n<p><span class=\"custom-subheading-styles\">Racing<\/span><span class=\"text-base text-black font-bold mx-0 my-2.5 p-0 block custom-text-styles\">&#8216;It&#8217;s not completely under my control but I&#8217;m going to try&#8217; &#8211; After ultra-narrow TT defeat to Poga\u010dar, Ethan Hayter throws hat in ring for red in Vuelta a Espa\u00f1a<\/span><\/div>\n<div class=\"relative recirc-feed sponsored-card min-h-[250px]\" data-recirc-id=\"article-river-stacked-ads:native-cards\" data-mrf-recirculation=\"article-river-ads\" data-nosnippet data-ad-slot-path=\"feed-sponsored-post\" data-attribute-device=\"all\">\n<div class=\"max-w-full sponsored-post--placeholder animate-pulse\">\n<div class=\"relative!\"><span class=\"text-base text-black font-bold mx-0 my-2.5 p-0 block bg-gray-100\">\u00a0<br \/>\u00a0<\/span><\/div>\n<\/div>\n<\/div>\n<div>\n<div class=\"aspect-[var(--img-listing-aspect-ratio,16\/9)] relative mb-3.5\">\n    <source type=\"image\/webp\" srcset=\"https:\/\/cdn.mos.cms.futurecdn.net\/cLSHcRATZJ5wsZjNMcxxtC-840-80.jpg.webp 840w, https:\/\/cdn.mos.cms.futurecdn.net\/cLSHcRATZJ5wsZjNMcxxtC-650-80.jpg.webp 650w, https:\/\/cdn.mos.cms.futurecdn.net\/cLSHcRATZJ5wsZjNMcxxtC-500-80.jpg.webp 500w, https:\/\/cdn.mos.cms.futurecdn.net\/cLSHcRATZJ5wsZjNMcxxtC-450-80.jpg.webp 450w, https:\/\/cdn.mos.cms.futurecdn.net\/cLSHcRATZJ5wsZjNMcxxtC-320-80.jpg.webp 320w\" sizes=\"(min-width: 900px) 925px, (min-width: 700px) 450px, calc(100vw - 48px)\" \/><\/div>\n<p><span class=\"custom-subheading-styles\">Teams &amp; Riders<\/span><span class=\"text-base text-black font-bold mx-0 my-2.5 p-0 block custom-text-styles\">&#8216;When Wout goes, you have to react&#8217; &#8211; Tadej Poga\u010dar retains Vuelta a Espa\u00f1a lead after sizzling finale duel with Van Aert<\/span><\/div>\n<div class=\"relative recirc-feed sponsored-card min-h-[250px]\" data-recirc-id=\"article-river-stacked-ads:native-cards\" data-mrf-recirculation=\"article-river-ads\" data-nosnippet data-ad-slot-path=\"feed-sponsored-post\" data-attribute-device=\"all\">\n<div class=\"max-w-full sponsored-post--placeholder animate-pulse\">\n<div class=\"relative!\"><span class=\"text-base text-black font-bold mx-0 my-2.5 p-0 block bg-gray-100\">\u00a0<br \/>\u00a0<\/span><\/div>\n<\/div>\n<\/div>\n<div>\n<div class=\"aspect-[var(--img-listing-aspect-ratio,16\/9)] relative mb-3.5\">\n    <source type=\"image\/webp\" srcset=\"https:\/\/cdn.mos.cms.futurecdn.net\/PpEhHGvv8AgcUn5LNYNkvU-840-80.jpg.webp 840w, https:\/\/cdn.mos.cms.futurecdn.net\/PpEhHGvv8AgcUn5LNYNkvU-650-80.jpg.webp 650w, https:\/\/cdn.mos.cms.futurecdn.net\/PpEhHGvv8AgcUn5LNYNkvU-500-80.jpg.webp 500w, https:\/\/cdn.mos.cms.futurecdn.net\/PpEhHGvv8AgcUn5LNYNkvU-450-80.jpg.webp 450w, https:\/\/cdn.mos.cms.futurecdn.net\/PpEhHGvv8AgcUn5LNYNkvU-320-80.jpg.webp 320w\" sizes=\"(min-width: 900px) 925px, (min-width: 700px) 450px, calc(100vw - 48px)\" \/><\/div>\n<p><span class=\"custom-subheading-styles\">Racing<\/span><span class=\"text-base text-black font-bold mx-0 my-2.5 p-0 block custom-text-styles\">Vuelta a Espa\u00f1a: Tadej Poga\u010dar claims stage 1 time trial and takes the first leader&#8217;s jersey in Monaco<\/span><\/div>\n<div class=\"relative recirc-feed sponsored-card min-h-[250px]\" data-recirc-id=\"article-river-stacked-ads:native-cards\" data-mrf-recirculation=\"article-river-ads\" data-nosnippet data-ad-slot-path=\"feed-sponsored-post\" data-attribute-device=\"all\">\n<div class=\"max-w-full sponsored-post--placeholder animate-pulse\">\n<div class=\"relative!\"><span class=\"text-base text-black font-bold mx-0 my-2.5 p-0 block bg-gray-100\">\u00a0<br \/>\u00a0<\/span><\/div>\n<\/div>\n<\/div>\n<div>\n<div class=\"aspect-[var(--img-listing-aspect-ratio,16\/9)] relative mb-3.5\">\n    <source type=\"image\/webp\" srcset=\"https:\/\/cdn.mos.cms.futurecdn.net\/pXNHT4fLqKkNr4mJF9wXkY-840-80.jpg.webp 840w, https:\/\/cdn.mos.cms.futurecdn.net\/pXNHT4fLqKkNr4mJF9wXkY-650-80.jpg.webp 650w, https:\/\/cdn.mos.cms.futurecdn.net\/pXNHT4fLqKkNr4mJF9wXkY-500-80.jpg.webp 500w, https:\/\/cdn.mos.cms.futurecdn.net\/pXNHT4fLqKkNr4mJF9wXkY-450-80.jpg.webp 450w, https:\/\/cdn.mos.cms.futurecdn.net\/pXNHT4fLqKkNr4mJF9wXkY-320-80.jpg.webp 320w\" sizes=\"(min-width: 900px) 925px, (min-width: 700px) 450px, calc(100vw - 48px)\" \/><\/div>\n<p><span class=\"custom-subheading-styles\">Teams &amp; Riders<\/span><span class=\"text-base text-black font-bold mx-0 my-2.5 p-0 block custom-text-styles\">&#8216;It&#8217;s a tiny margin but a win is a win&#8217; &#8211; Tadej Poga\u010dar celebrates fourth stage win of career and first-ever lead in Vuelta a Espa\u00f1a<\/span><\/div>\n<div class=\"relative recirc-feed sponsored-card min-h-[250px]\" data-recirc-id=\"article-river-stacked-ads:native-cards\" data-mrf-recirculation=\"article-river-ads\" data-nosnippet data-ad-slot-path=\"feed-sponsored-post\" data-attribute-device=\"all\">\n<div class=\"max-w-full sponsored-post--placeholder animate-pulse\">\n<div class=\"relative!\"><span class=\"text-base text-black font-bold mx-0 my-2.5 p-0 block bg-gray-100\">\u00a0<br \/>\u00a0<\/span><\/div>\n<\/div>\n<\/div>\n<div>\n<div class=\"aspect-[var(--img-listing-aspect-ratio,16\/9)] relative mb-3.5\">\n    <source type=\"image\/webp\" srcset=\"https:\/\/cdn.mos.cms.futurecdn.net\/xgNzaGgQEQpA8BkDmvBByi-840-80.jpg.webp 840w, https:\/\/cdn.mos.cms.futurecdn.net\/xgNzaGgQEQpA8BkDmvBByi-650-80.jpg.webp 650w, https:\/\/cdn.mos.cms.futurecdn.net\/xgNzaGgQEQpA8BkDmvBByi-500-80.jpg.webp 500w, https:\/\/cdn.mos.cms.futurecdn.net\/xgNzaGgQEQpA8BkDmvBByi-450-80.jpg.webp 450w, https:\/\/cdn.mos.cms.futurecdn.net\/xgNzaGgQEQpA8BkDmvBByi-320-80.jpg.webp 320w\" sizes=\"(min-width: 900px) 925px, (min-width: 700px) 450px, calc(100vw - 48px)\" \/><\/div>\n<p><span class=\"custom-subheading-styles\">Racing<\/span><span class=\"text-base text-black font-bold mx-0 my-2.5 p-0 block custom-text-styles\">Vuelta a Espa\u00f1a GC standings &#8211; Tadej Poga\u010dar keeps leader&#8217;s jersey after stage 2<\/span><\/div>\n<div class=\"relative recirc-feed sponsored-card min-h-[250px]\" data-recirc-id=\"article-river-stacked-ads:native-cards\" data-mrf-recirculation=\"article-river-ads\" data-nosnippet data-ad-slot-path=\"feed-sponsored-post\" data-attribute-device=\"all\">\n<div class=\"max-w-full sponsored-post--placeholder animate-pulse\">\n<div class=\"relative!\"><span class=\"text-base text-black font-bold mx-0 my-2.5 p-0 block bg-gray-100\">\u00a0<br \/>\u00a0<\/span><\/div>\n<\/div>\n<\/div>\n<div>\n<div class=\"aspect-[var(--img-listing-aspect-ratio,16\/9)] relative mb-3.5\">\n    <source type=\"image\/webp\" srcset=\"https:\/\/cdn.mos.cms.futurecdn.net\/q8pkrsdAaUJYRiybkGipaH-840-80.jpg.webp 840w, https:\/\/cdn.mos.cms.futurecdn.net\/q8pkrsdAaUJYRiybkGipaH-650-80.jpg.webp 650w, https:\/\/cdn.mos.cms.futurecdn.net\/q8pkrsdAaUJYRiybkGipaH-500-80.jpg.webp 500w, https:\/\/cdn.mos.cms.futurecdn.net\/q8pkrsdAaUJYRiybkGipaH-450-80.jpg.webp 450w, https:\/\/cdn.mos.cms.futurecdn.net\/q8pkrsdAaUJYRiybkGipaH-320-80.jpg.webp 320w\" sizes=\"(min-width: 900px) 925px, (min-width: 700px) 450px, calc(100vw - 48px)\" \/><\/div>\n<p><span class=\"custom-subheading-styles\">Teams &amp; Riders<\/span><span class=\"text-base text-black font-bold mx-0 my-2.5 p-0 block custom-text-styles\">&#8216;I couldn&#8217;t change gear&#8217; \u2013 Tom Pidcock explains electronic shifter issues that hampered sprint from Tour de France breakaway<\/span><\/div>\n<div class=\"relative recirc-feed sponsored-card min-h-[250px]\" data-recirc-id=\"article-river-stacked-ads:native-cards\" data-mrf-recirculation=\"article-river-ads\" data-nosnippet data-ad-slot-path=\"feed-sponsored-post\" data-attribute-device=\"all\">\n<div class=\"max-w-full sponsored-post--placeholder animate-pulse\">\n<div class=\"relative!\"><span class=\"text-base text-black font-bold mx-0 my-2.5 p-0 block bg-gray-100\">\u00a0<br \/>\u00a0<\/span><\/div>\n<\/div>\n<\/div>\n<\/div>\n<\/div>\n<\/aside>\n<aside class=\"w-full\" data-nosnippet data-mrf-recirculation=\"article-river-stacked\">\n<div data-recirc-id=\"article-river-stacked-solr:latest-category\">\n<div class=\"text-white py-4 px-3 mb-4 bg-[#333] uppercase font-bold custom-header-styles\">Latest in Racing<\/div>\n<div class=\"grid grid-cols-1 gap-4 mt-4 mb-5\">\n<div>\n<div class=\"aspect-[var(--img-listing-aspect-ratio,16\/9)] relative mb-3.5\">\n    <source type=\"image\/webp\" srcset=\"https:\/\/cdn.mos.cms.futurecdn.net\/pyoa6JqM6PUXASaJ8znEpC-840-80.jpg.webp 840w, https:\/\/cdn.mos.cms.futurecdn.net\/pyoa6JqM6PUXASaJ8znEpC-650-80.jpg.webp 650w, https:\/\/cdn.mos.cms.futurecdn.net\/pyoa6JqM6PUXASaJ8znEpC-500-80.jpg.webp 500w, https:\/\/cdn.mos.cms.futurecdn.net\/pyoa6JqM6PUXASaJ8znEpC-450-80.jpg.webp 450w, https:\/\/cdn.mos.cms.futurecdn.net\/pyoa6JqM6PUXASaJ8znEpC-320-80.jpg.webp 320w\" sizes=\"(min-width: 900px) 925px, (min-width: 700px) 450px, calc(100vw - 48px)\" \/><\/div>\n<p><span class=\"custom-subheading-styles\">Racing<\/span><span class=\"text-base text-black font-bold mx-0 my-2.5 p-0 block custom-text-styles\">Lauf Gravel Worlds: Geerike Schreurs beats Rosa Kl\u00f6ser in photo finish as Torbj\u00f8rn R\u00f8ed wins three-way sprint after storms cause course rejig<\/span><\/div>\n<div class=\"relative recirc-feed sponsored-card min-h-[250px]\" data-recirc-id=\"article-river-stacked-ads:native-cards\" data-mrf-recirculation=\"article-river-ads\" data-nosnippet data-ad-slot-path=\"feed-sponsored-post\" data-attribute-device=\"all\">\n<div class=\"max-w-full sponsored-post--placeholder animate-pulse\">\n<div class=\"relative!\"><span class=\"text-base text-black font-bold mx-0 my-2.5 p-0 block bg-gray-100\">\u00a0<br \/>\u00a0<\/span><\/div>\n<\/div>\n<\/div>\n<div>\n<div class=\"aspect-[var(--img-listing-aspect-ratio,16\/9)] relative mb-3.5\">\n    <source type=\"image\/webp\" srcset=\"https:\/\/cdn.mos.cms.futurecdn.net\/aqedMr2yq5dFSWVFHTrjMA-840-80.jpg.webp 840w, https:\/\/cdn.mos.cms.futurecdn.net\/aqedMr2yq5dFSWVFHTrjMA-650-80.jpg.webp 650w, https:\/\/cdn.mos.cms.futurecdn.net\/aqedMr2yq5dFSWVFHTrjMA-500-80.jpg.webp 500w, https:\/\/cdn.mos.cms.futurecdn.net\/aqedMr2yq5dFSWVFHTrjMA-450-80.jpg.webp 450w, https:\/\/cdn.mos.cms.futurecdn.net\/aqedMr2yq5dFSWVFHTrjMA-320-80.jpg.webp 320w\" sizes=\"(min-width: 900px) 925px, (min-width: 700px) 450px, calc(100vw - 48px)\" \/><\/div>\n<p><span class=\"custom-subheading-styles\">Racing<\/span><span class=\"text-base text-black font-bold mx-0 my-2.5 p-0 block custom-text-styles\">Deutschland Tour: Isaac del Toro seals overall title as Paul Magnier wins finale stage 4 in Heilbronn<\/span><\/div>\n<div class=\"relative recirc-feed sponsored-card min-h-[250px]\" data-recirc-id=\"article-river-stacked-ads:native-cards\" data-mrf-recirculation=\"article-river-ads\" data-nosnippet data-ad-slot-path=\"feed-sponsored-post\" data-attribute-device=\"all\">\n<div class=\"max-w-full sponsored-post--placeholder animate-pulse\">\n<div class=\"relative!\"><span class=\"text-base text-black font-bold mx-0 my-2.5 p-0 block bg-gray-100\">\u00a0<br \/>\u00a0<\/span><\/div>\n<\/div>\n<\/div>\n<div>\n<div class=\"aspect-[var(--img-listing-aspect-ratio,16\/9)] relative mb-3.5\">\n    <source type=\"image\/webp\" srcset=\"https:\/\/cdn.mos.cms.futurecdn.net\/as8Z4qRNG2969Xm5zz6JSM-840-80.jpg.webp 840w, https:\/\/cdn.mos.cms.futurecdn.net\/as8Z4qRNG2969Xm5zz6JSM-650-80.jpg.webp 650w, https:\/\/cdn.mos.cms.futurecdn.net\/as8Z4qRNG2969Xm5zz6JSM-500-80.jpg.webp 500w, https:\/\/cdn.mos.cms.futurecdn.net\/as8Z4qRNG2969Xm5zz6JSM-450-80.jpg.webp 450w, https:\/\/cdn.mos.cms.futurecdn.net\/as8Z4qRNG2969Xm5zz6JSM-320-80.jpg.webp 320w\" sizes=\"(min-width: 900px) 925px, (min-width: 700px) 450px, calc(100vw - 48px)\" \/><\/div>\n<p><span class=\"custom-subheading-styles\">Women&#8217;s Cycling<\/span><span class=\"text-base text-black font-bold mx-0 my-2.5 p-0 block custom-text-styles\">Tour of Britain Women: Kim Le Court-Pienaar claims overall title as unstoppable Lorena Wiebes takes fourth victory in stage 5 finale<\/span><\/div>\n<div class=\"relative recirc-feed sponsored-card min-h-[250px]\" data-recirc-id=\"article-river-stacked-ads:native-cards\" data-mrf-recirculation=\"article-river-ads\" data-nosnippet data-ad-slot-path=\"feed-sponsored-post\" data-attribute-device=\"all\">\n<div class=\"max-w-full sponsored-post--placeholder animate-pulse\">\n<div class=\"relative!\"><span class=\"text-base text-black font-bold mx-0 my-2.5 p-0 block bg-gray-100\">\u00a0<br \/>\u00a0<\/span><\/div>\n<\/div>\n<\/div>\n<div>\n<div class=\"aspect-[var(--img-listing-aspect-ratio,16\/9)] relative mb-3.5\">\n    <source type=\"image\/webp\" srcset=\"https:\/\/cdn.mos.cms.futurecdn.net\/x2WtQR2kCmobTexWFXFRFU-840-80.jpg.webp 840w, https:\/\/cdn.mos.cms.futurecdn.net\/x2WtQR2kCmobTexWFXFRFU-650-80.jpg.webp 650w, https:\/\/cdn.mos.cms.futurecdn.net\/x2WtQR2kCmobTexWFXFRFU-500-80.jpg.webp 500w, https:\/\/cdn.mos.cms.futurecdn.net\/x2WtQR2kCmobTexWFXFRFU-450-80.jpg.webp 450w, https:\/\/cdn.mos.cms.futurecdn.net\/x2WtQR2kCmobTexWFXFRFU-320-80.jpg.webp 320w\" sizes=\"(min-width: 900px) 925px, (min-width: 700px) 450px, calc(100vw - 48px)\" \/><\/div>\n<p><span class=\"custom-subheading-styles\">Racing<\/span><span class=\"text-base text-black font-bold mx-0 my-2.5 p-0 block custom-text-styles\">Renewi Tour: Jasper Philipsen wins overall title with hat trick of sprint victories on stage 5<\/span><\/div>\n<div class=\"relative recirc-feed sponsored-card min-h-[250px]\" data-recirc-id=\"article-river-stacked-ads:native-cards\" data-mrf-recirculation=\"article-river-ads\" data-nosnippet data-ad-slot-path=\"feed-sponsored-post\" data-attribute-device=\"all\">\n<div class=\"max-w-full sponsored-post--placeholder animate-pulse\">\n<div class=\"relative!\"><span class=\"text-base text-black font-bold mx-0 my-2.5 p-0 block bg-gray-100\">\u00a0<br \/>\u00a0<\/span><\/div>\n<\/div>\n<\/div>\n<div>\n<div class=\"aspect-[var(--img-listing-aspect-ratio,16\/9)] relative mb-3.5\">\n    <source type=\"image\/webp\" srcset=\"https:\/\/cdn.mos.cms.futurecdn.net\/qNaVetYgQPFWvp3Ne8irMU-840-80.jpg.webp 840w, https:\/\/cdn.mos.cms.futurecdn.net\/qNaVetYgQPFWvp3Ne8irMU-650-80.jpg.webp 650w, https:\/\/cdn.mos.cms.futurecdn.net\/qNaVetYgQPFWvp3Ne8irMU-500-80.jpg.webp 500w, https:\/\/cdn.mos.cms.futurecdn.net\/qNaVetYgQPFWvp3Ne8irMU-450-80.jpg.webp 450w, https:\/\/cdn.mos.cms.futurecdn.net\/qNaVetYgQPFWvp3Ne8irMU-320-80.jpg.webp 320w\" sizes=\"(min-width: 900px) 925px, (min-width: 700px) 450px, calc(100vw - 48px)\" \/><\/div>\n<p><span class=\"custom-subheading-styles\">Racing<\/span><span class=\"text-base text-black font-bold mx-0 my-2.5 p-0 block custom-text-styles\">Vuelta a Espa\u00f1a: Powerful sprint nets Matthew Brennan stage 2 victory as Tadej Poga\u010dar fends off attacks to keep leader&#8217;s jersey<\/span><\/div>\n<div class=\"relative recirc-feed sponsored-card min-h-[250px]\" data-recirc-id=\"article-river-stacked-ads:native-cards\" data-mrf-recirculation=\"article-river-ads\" data-nosnippet data-ad-slot-path=\"feed-sponsored-post\" data-attribute-device=\"all\">\n<div class=\"max-w-full sponsored-post--placeholder animate-pulse\">\n<div class=\"relative!\"><span class=\"text-base text-black font-bold mx-0 my-2.5 p-0 block bg-gray-100\">\u00a0<br \/>\u00a0<\/span><\/div>\n<\/div>\n<\/div>\n<div>\n<div class=\"aspect-[var(--img-listing-aspect-ratio,16\/9)] relative mb-3.5\">\n    <source type=\"image\/webp\" srcset=\"https:\/\/cdn.mos.cms.futurecdn.net\/DfLzZ8ytJjAYKyP5FEkEaB-840-80.jpg.webp 840w, https:\/\/cdn.mos.cms.futurecdn.net\/DfLzZ8ytJjAYKyP5FEkEaB-650-80.jpg.webp 650w, https:\/\/cdn.mos.cms.futurecdn.net\/DfLzZ8ytJjAYKyP5FEkEaB-500-80.jpg.webp 500w, https:\/\/cdn.mos.cms.futurecdn.net\/DfLzZ8ytJjAYKyP5FEkEaB-450-80.jpg.webp 450w, https:\/\/cdn.mos.cms.futurecdn.net\/DfLzZ8ytJjAYKyP5FEkEaB-320-80.jpg.webp 320w\" sizes=\"(min-width: 900px) 925px, (min-width: 700px) 450px, calc(100vw - 48px)\" \/><\/div>\n<p><span class=\"custom-subheading-styles\">Racing<\/span><span class=\"text-base text-black font-bold mx-0 my-2.5 p-0 block custom-text-styles\">&#8216;It&#8217;s not completely under my control but I&#8217;m going to try&#8217; &#8211; After ultra-narrow TT defeat to Poga\u010dar, Ethan Hayter throws hat in ring for red in Vuelta a Espa\u00f1a<\/span><\/div>\n<div class=\"relative recirc-feed sponsored-card min-h-[250px]\" data-recirc-id=\"article-river-stacked-ads:native-cards\" data-mrf-recirculation=\"article-river-ads\" data-nosnippet data-ad-slot-path=\"feed-sponsored-post\" data-attribute-device=\"all\">\n<div class=\"max-w-full sponsored-post--placeholder animate-pulse\">\n<div class=\"relative!\"><span class=\"text-base text-black font-bold mx-0 my-2.5 p-0 block bg-gray-100\">\u00a0<br \/>\u00a0<\/span><\/div>\n<\/div>\n<\/div>\n<\/div>\n<\/div>\n<\/aside>\n<aside class=\"w-full\" data-nosnippet data-mrf-recirculation=\"article-river-stacked\">\n<div data-recirc-id=\"article-river-stacked-solr:latest-articletype\">\n<div class=\"text-white py-4 px-3 mb-4 bg-[#333] uppercase font-bold custom-header-styles\">Latest in News<\/div>\n<div class=\"grid grid-cols-1 gap-4 mt-4 mb-5\">\n<div>\n<div class=\"aspect-[var(--img-listing-aspect-ratio,16\/9)] relative mb-3.5\">\n    <source type=\"image\/webp\" srcset=\"https:\/\/cdn.mos.cms.futurecdn.net\/cLSHcRATZJ5wsZjNMcxxtC-840-80.jpg.webp 840w, https:\/\/cdn.mos.cms.futurecdn.net\/cLSHcRATZJ5wsZjNMcxxtC-650-80.jpg.webp 650w, https:\/\/cdn.mos.cms.futurecdn.net\/cLSHcRATZJ5wsZjNMcxxtC-500-80.jpg.webp 500w, https:\/\/cdn.mos.cms.futurecdn.net\/cLSHcRATZJ5wsZjNMcxxtC-450-80.jpg.webp 450w, https:\/\/cdn.mos.cms.futurecdn.net\/cLSHcRATZJ5wsZjNMcxxtC-320-80.jpg.webp 320w\" sizes=\"(min-width: 900px) 925px, (min-width: 700px) 450px, calc(100vw - 48px)\" \/><\/div>\n<p><span class=\"custom-subheading-styles\">Teams &amp; Riders<\/span><span class=\"text-base text-black font-bold mx-0 my-2.5 p-0 block custom-text-styles\">&#8216;When Wout goes, you have to react&#8217; &#8211; Tadej Poga\u010dar retains Vuelta a Espa\u00f1a lead after sizzling finale duel with Van Aert<\/span><\/div>\n<div class=\"relative recirc-feed sponsored-card min-h-[250px]\" data-recirc-id=\"article-river-stacked-ads:native-cards\" data-mrf-recirculation=\"article-river-ads\" data-nosnippet data-ad-slot-path=\"feed-sponsored-post\" data-attribute-device=\"all\">\n<div class=\"max-w-full sponsored-post--placeholder animate-pulse\">\n<div class=\"relative!\"><span class=\"text-base text-black font-bold mx-0 my-2.5 p-0 block bg-gray-100\">\u00a0<br \/>\u00a0<\/span><\/div>\n<\/div>\n<\/div>\n<div>\n<div class=\"aspect-[var(--img-listing-aspect-ratio,16\/9)] relative mb-3.5\">\n    <source type=\"image\/webp\" srcset=\"https:\/\/cdn.mos.cms.futurecdn.net\/JZzemFw5TdtdXkCVjuaheQ-840-80.jpg.webp 840w, https:\/\/cdn.mos.cms.futurecdn.net\/JZzemFw5TdtdXkCVjuaheQ-650-80.jpg.webp 650w, https:\/\/cdn.mos.cms.futurecdn.net\/JZzemFw5TdtdXkCVjuaheQ-500-80.jpg.webp 500w, https:\/\/cdn.mos.cms.futurecdn.net\/JZzemFw5TdtdXkCVjuaheQ-450-80.jpg.webp 450w, https:\/\/cdn.mos.cms.futurecdn.net\/JZzemFw5TdtdXkCVjuaheQ-320-80.jpg.webp 320w\" sizes=\"(min-width: 900px) 925px, (min-width: 700px) 450px, calc(100vw - 48px)\" \/><\/div>\n<p><span class=\"custom-subheading-styles\">Teams &amp; Riders<\/span><span class=\"text-base text-black font-bold mx-0 my-2.5 p-0 block custom-text-styles\">Kim Le Court-Pienaar comes full circle at Tour of Britain Women to take her first-ever GC victory<\/span><\/div>\n<div class=\"relative recirc-feed sponsored-card min-h-[250px]\" data-recirc-id=\"article-river-stacked-ads:native-cards\" data-mrf-recirculation=\"article-river-ads\" data-nosnippet data-ad-slot-path=\"feed-sponsored-post\" data-attribute-device=\"all\">\n<div class=\"max-w-full sponsored-post--placeholder animate-pulse\">\n<div class=\"relative!\"><span class=\"text-base text-black font-bold mx-0 my-2.5 p-0 block bg-gray-100\">\u00a0<br \/>\u00a0<\/span><\/div>\n<\/div>\n<\/div>\n<div>\n<div class=\"aspect-[var(--img-listing-aspect-ratio,16\/9)] relative mb-3.5\">\n    <source type=\"image\/webp\" srcset=\"https:\/\/cdn.mos.cms.futurecdn.net\/pyoa6JqM6PUXASaJ8znEpC-840-80.jpg.webp 840w, https:\/\/cdn.mos.cms.futurecdn.net\/pyoa6JqM6PUXASaJ8znEpC-650-80.jpg.webp 650w, https:\/\/cdn.mos.cms.futurecdn.net\/pyoa6JqM6PUXASaJ8znEpC-500-80.jpg.webp 500w, https:\/\/cdn.mos.cms.futurecdn.net\/pyoa6JqM6PUXASaJ8znEpC-450-80.jpg.webp 450w, https:\/\/cdn.mos.cms.futurecdn.net\/pyoa6JqM6PUXASaJ8znEpC-320-80.jpg.webp 320w\" sizes=\"(min-width: 900px) 925px, (min-width: 700px) 450px, calc(100vw - 48px)\" \/><\/div>\n<p><span class=\"custom-subheading-styles\">Racing<\/span><span class=\"text-base text-black font-bold mx-0 my-2.5 p-0 block custom-text-styles\">Lauf Gravel Worlds: Geerike Schreurs beats Rosa Kl\u00f6ser in photo finish as Torbj\u00f8rn R\u00f8ed wins three-way sprint after storms cause course rejig<\/span><\/div>\n<div class=\"relative recirc-feed sponsored-card min-h-[250px]\" data-recirc-id=\"article-river-stacked-ads:native-cards\" data-mrf-recirculation=\"article-river-ads\" data-nosnippet data-ad-slot-path=\"feed-sponsored-post\" data-attribute-device=\"all\">\n<div class=\"max-w-full sponsored-post--placeholder animate-pulse\">\n<div class=\"relative!\"><span class=\"text-base text-black font-bold mx-0 my-2.5 p-0 block bg-gray-100\">\u00a0<br \/>\u00a0<\/span><\/div>\n<\/div>\n<\/div>\n<div>\n<div class=\"aspect-[var(--img-listing-aspect-ratio,16\/9)] relative mb-3.5\">\n    <source type=\"image\/webp\" srcset=\"https:\/\/cdn.mos.cms.futurecdn.net\/DfLzZ8ytJjAYKyP5FEkEaB-840-80.jpg.webp 840w, https:\/\/cdn.mos.cms.futurecdn.net\/DfLzZ8ytJjAYKyP5FEkEaB-650-80.jpg.webp 650w, https:\/\/cdn.mos.cms.futurecdn.net\/DfLzZ8ytJjAYKyP5FEkEaB-500-80.jpg.webp 500w, https:\/\/cdn.mos.cms.futurecdn.net\/DfLzZ8ytJjAYKyP5FEkEaB-450-80.jpg.webp 450w, https:\/\/cdn.mos.cms.futurecdn.net\/DfLzZ8ytJjAYKyP5FEkEaB-320-80.jpg.webp 320w\" sizes=\"(min-width: 900px) 925px, (min-width: 700px) 450px, calc(100vw - 48px)\" \/><\/div>\n<p><span class=\"custom-subheading-styles\">Racing<\/span><span class=\"text-base text-black font-bold mx-0 my-2.5 p-0 block custom-text-styles\">&#8216;It&#8217;s not completely under my control but I&#8217;m going to try&#8217; &#8211; After ultra-narrow TT defeat to Poga\u010dar, Ethan Hayter throws hat in ring for red in Vuelta a Espa\u00f1a<\/span><\/div>\n<div class=\"relative recirc-feed sponsored-card min-h-[250px]\" data-recirc-id=\"article-river-stacked-ads:native-cards\" data-mrf-recirculation=\"article-river-ads\" data-nosnippet data-ad-slot-path=\"feed-sponsored-post\" data-attribute-device=\"all\">\n<div class=\"max-w-full sponsored-post--placeholder animate-pulse\">\n<div class=\"relative!\"><span class=\"text-base text-black font-bold mx-0 my-2.5 p-0 block bg-gray-100\">\u00a0<br \/>\u00a0<\/span><\/div>\n<\/div>\n<\/div>\n<div>\n<div class=\"aspect-[var(--img-listing-aspect-ratio,16\/9)] relative mb-3.5\">\n    <source type=\"image\/webp\" srcset=\"https:\/\/cdn.mos.cms.futurecdn.net\/ok8zpNrbM9FuWB4jGwqEtY-840-80.jpg.webp 840w, https:\/\/cdn.mos.cms.futurecdn.net\/ok8zpNrbM9FuWB4jGwqEtY-650-80.jpg.webp 650w, https:\/\/cdn.mos.cms.futurecdn.net\/ok8zpNrbM9FuWB4jGwqEtY-500-80.jpg.webp 500w, https:\/\/cdn.mos.cms.futurecdn.net\/ok8zpNrbM9FuWB4jGwqEtY-450-80.jpg.webp 450w, https:\/\/cdn.mos.cms.futurecdn.net\/ok8zpNrbM9FuWB4jGwqEtY-320-80.jpg.webp 320w\" sizes=\"(min-width: 900px) 925px, (min-width: 700px) 450px, calc(100vw - 48px)\" \/><\/div>\n<p><span class=\"custom-subheading-styles\">Women&#8217;s Cycling<\/span><span class=\"text-base text-black font-bold mx-0 my-2.5 p-0 block custom-text-styles\">&#8216;It&#8217;s taken me a while to become a consistent rider&#8217; \u2013 Josie Nelson continues strongest season yet on home roads at Tour of Britain Women<\/span><\/div>\n<div class=\"relative recirc-feed sponsored-card min-h-[250px]\" data-recirc-id=\"article-river-stacked-ads:native-cards\" data-mrf-recirculation=\"article-river-ads\" data-nosnippet data-ad-slot-path=\"feed-sponsored-post\" data-attribute-device=\"all\">\n<div class=\"max-w-full sponsored-post--placeholder animate-pulse\">\n<div class=\"relative!\"><span class=\"text-base text-black font-bold mx-0 my-2.5 p-0 block bg-gray-100\">\u00a0<br \/>\u00a0<\/span><\/div>\n<\/div>\n<\/div>\n<div>\n<div class=\"aspect-[var(--img-listing-aspect-ratio,16\/9)] relative mb-3.5\">\n    <source type=\"image\/webp\" srcset=\"https:\/\/cdn.mos.cms.futurecdn.net\/pXNHT4fLqKkNr4mJF9wXkY-840-80.jpg.webp 840w, https:\/\/cdn.mos.cms.futurecdn.net\/pXNHT4fLqKkNr4mJF9wXkY-650-80.jpg.webp 650w, https:\/\/cdn.mos.cms.futurecdn.net\/pXNHT4fLqKkNr4mJF9wXkY-500-80.jpg.webp 500w, https:\/\/cdn.mos.cms.futurecdn.net\/pXNHT4fLqKkNr4mJF9wXkY-450-80.jpg.webp 450w, https:\/\/cdn.mos.cms.futurecdn.net\/pXNHT4fLqKkNr4mJF9wXkY-320-80.jpg.webp 320w\" sizes=\"(min-width: 900px) 925px, (min-width: 700px) 450px, calc(100vw - 48px)\" \/><\/div>\n<p><span class=\"custom-subheading-styles\">Teams &amp; Riders<\/span><span class=\"text-base text-black font-bold mx-0 my-2.5 p-0 block custom-text-styles\">&#8216;It&#8217;s a tiny margin but a win is a win&#8217; &#8211; Tadej Poga\u010dar celebrates fourth stage win of career and first-ever lead in Vuelta a Espa\u00f1a<\/span><\/div>\n<div class=\"relative recirc-feed sponsored-card min-h-[250px]\" data-recirc-id=\"article-river-stacked-ads:native-cards\" data-mrf-recirculation=\"article-river-ads\" data-nosnippet data-ad-slot-path=\"feed-sponsored-post\" data-attribute-device=\"all\">\n<div class=\"max-w-full sponsored-post--placeholder animate-pulse\">\n<div class=\"relative!\"><span class=\"text-base text-black font-bold mx-0 my-2.5 p-0 block bg-gray-100\">\u00a0<br \/>\u00a0<\/span><\/div>\n<\/div>\n<\/div>\n<\/div>\n<\/div>\n<\/aside>\n<\/section>\n<\/div>\n<\/div>\n<\/div>\n<div id=\"widgetArea17\" class=\"widget-area md:basis-1\/3 widget-area-g-md-vp-1-3 widget-area-g-lg-vp-1-3 widget-area-g-xl-vp-1-3 page-widget-area-17\">\n<div data-widget-type=\"dynamic\" id=\"popular-data\" class=\"clear-both widget widget-dynamic widget-popular-data widget-dynamic-popular-data widget-dynamic-fter-popular-box\">\n<div class=\"wdn-fte-pb pos-relative space-t20\n\"><\/p>\n<div class=\"slice-container popular-box-slice\">\n<section class=\"popular-box\" data-component-name=\"Slice:PopularBox\">\n<div class=\"popular-box__label\">\n<div class=\"popular-box__label__tab popular-box__label__tab--active\" role=\"heading\">\nLATEST ARTICLES\n<\/div>\n<\/div>\n<ol class=\"popular-box__articles-list popular-box__articles-list--active\">\n<li class=\"popular-box__article-list\">\n<div class=\"popular-box__article-list__container\">\n<div class=\"popular-box__article-list__image-wrapper\">\n<div>\n<source type=\"image\/webp\" srcset=\"https:\/\/cdn.mos.cms.futurecdn.net\/cLSHcRATZJ5wsZjNMcxxtC-1280-80.jpg.webp 1280w, https:\/\/cdn.mos.cms.futurecdn.net\/cLSHcRATZJ5wsZjNMcxxtC-720-80.jpg.webp 720w, https:\/\/cdn.mos.cms.futurecdn.net\/cLSHcRATZJ5wsZjNMcxxtC-640-80.jpg.webp 640w, https:\/\/cdn.mos.cms.futurecdn.net\/cLSHcRATZJ5wsZjNMcxxtC-320-80.jpg.webp 320w\" sizes=\"99vw\" \/><\/div>\n<\/div>\n<div class=\"popular-box__article-list__content\">\n<div class=\"popular-box__article-list__number-text\">1<\/div>\n<div class=\"popular-box__article-list__heading\">\n<p>&#8216;When Wout goes, you have to react&#8217; &#8211; Tadej Poga\u010dar retains Vuelta a Espa\u00f1a lead after sizzling finale duel with Van Aert<\/p>\n<\/div>\n<\/div>\n<\/div>\n<\/li>\n<li class=\"popular-box__article-list\">\n<div class=\"popular-box__article-list__container\">\n<div class=\"popular-box__article-list__content\">\n<div class=\"popular-box__article-list__number-text\">2<\/div>\n<div class=\"popular-box__article-list__heading\">\n<p>Kim Le Court-Pienaar comes full circle at Tour of Britain Women to take her first-ever GC victory<\/p>\n<\/div>\n<\/div>\n<\/div>\n<\/li>\n<li class=\"popular-box__article-list\">\n<div class=\"popular-box__article-list__container\">\n<div class=\"popular-box__article-list__content\">\n<div class=\"popular-box__article-list__number-text\">3<\/div>\n<div class=\"popular-box__article-list__heading\">\n<p>&#8216;I didn&#8217;t really have much left for such a hard finish&#8217; \u2013 Ethan Hayter misses out on red jersey again at Vuelta a Espa\u00f1a despite gutsy breakaway ride in ripped shorts<\/p>\n<\/div>\n<\/div>\n<\/div>\n<\/li>\n<li class=\"popular-box__article-list\">\n<div class=\"popular-box__article-list__container\">\n<div class=\"popular-box__article-list__content\">\n<div class=\"popular-box__article-list__number-text\">4<\/div>\n<div class=\"popular-box__article-list__heading\">\n<p>Vuelta a Espa\u00f1a: Powerful sprint nets Matthew Brennan stage 2 victory as Tadej Poga\u010dar fends off attacks to keep leader&#8217;s jersey<\/p>\n<\/div>\n<\/div>\n<\/div>\n<\/li>\n<li class=\"popular-box__article-list\">\n<div class=\"popular-box__article-list__container\">\n<div class=\"popular-box__article-list__content\">\n<div class=\"popular-box__article-list__number-text\">5<\/div>\n<div class=\"popular-box__article-list__heading\">\n<p>Deutschland Tour: Isaac del Toro seals overall title as Paul Magnier wins finale stage 4 in Heilbronn<\/p>\n<\/div>\n<\/div>\n<\/div>\n<\/li>\n<\/ol>\n<\/section>\n<\/div>\n<\/div>\n<\/div>\n<\/div>\n<\/div>\n<\/article>\n<article class=\"page-content-onecol flex-1\nnews-article article\n\"><\/p>\n<div class=\"widget-area-group widget-area-group-2col flex flex-wrap box-border\">\n<div id=\"widgetArea16\" class=\"widget-area basis-full md:basis-2\/3 widget-area-g-md-vp-2-3 widget-area-g-lg-vp-2-3 widget-area-g-xl-vp-2-3 page-widget-area-16\">\n<div data-widget-type=\"hero\" id=\"hero\" class=\"clear-both widget widget-hero widget-hero widget-hero-hero widget-hero widget-hero-fter-news\">\n<div class=\"news-article\">\n<header data-component-name=\"Article:Hero\">\n<nav class=\"breadcrumb\" aria-label=\"Breadcrumbs\">\n<ol>\n<li>\nPro Cycling\n<\/li>\n<li>\nRacing\n<\/li>\n<li>\nRoad\n<\/li>\n<li>\nVuelta a Espa\u00f1a\n<\/li>\n<\/ol>\n<\/nav>\n<h1>&#8216;I didn&#8217;t really have much left for such a hard finish&#8217; \u2013 Ethan Hayter misses out on red jersey again at Vuelta a Espa\u00f1a despite gutsy breakaway ride in ripped shorts<\/h1>\n<div class=\"byline-social\">\n<div class=\"vds-byline-block flex flex-row flex-nowrap my-1.5 gap-2 text-left items-start justify-start\" data-component-name=\"Article:BylineBlock\">\n<p>News<\/p>\n<div class=\"my-auto vds-simple-byline\"><span class=\"inline-block vds-author\"><br \/>\nBy<br \/>\nJames Moultrie <\/span><\/p>\n<div class=\"flex gap-1 vds-byline-with-avatar__meta\"><span class=\"vds-date block font-normal tracking-normal normal-case text-xs\"><br \/>\nPublished<br \/>\n<time data-component-name=\"UI:DateTime\" datetime=\"2026-08-23T18:12:37Z\" class=\"relative-date\"><br \/>\n23 August 2026<br \/>\n<\/time><\/span><\/div>\n<\/div>\n<\/div>\n<p class=\"strapline\">Brit explains modified kit as he&#8217;s left disappointed again after briefly taking virtual lead, then missing splits in final<\/p>\n<\/div>\n<aside class=\"text-gray-700 flex items-center mx-0 my-5 p-0 justify-start text-left\" id=\"affiliate-disclaimer\" data-component-name=\"AffiliateDisclaimer\" data-hawk-message=\"Affiliate disclaimer removed because hawk deemed there are no affiliate links on this page\">\n<p class=\"text-[color:var(--affiliate-disclaimer--text-color,inherit)] mb-2 text-[length:var(--affiliate-disclaimer--font-size,0.75rem)] leading-[18px] md:text-[13px] [&amp;&gt;a]:text-inherit [&amp;&gt;a]:underline\">\nWhen you purchase through links on our site, we may earn an affiliate commission. Here\u2019s how it works.\n<\/p>\n<\/aside>\n<\/header>\n<\/div>\n<\/div>\n<div data-widget-type=\"contentparsed\" id=\"content\" class=\"clear-both widget widget-contentparsed widget-content widget-contentparsed-content widget-content-parsed widget-content-parsed-content_document \">\n<div class=\"wcp-item-content\">\n<section class=\"content-wrapper\">\n<div class=\"box less-space hero-image-wrapper\">\n<figure class=\"mb-0\">\n<source type=\"image\/webp\" srcset=\"https:\/\/cdn.mos.cms.futurecdn.net\/zKa5jF8d2s4BYwxnu4djUX-1920-80.jpg.webp 1920w, https:\/\/cdn.mos.cms.futurecdn.net\/zKa5jF8d2s4BYwxnu4djUX-1600-80.jpg.webp 1600w, https:\/\/cdn.mos.cms.futurecdn.net\/zKa5jF8d2s4BYwxnu4djUX-1200-80.jpg.webp 1200w, https:\/\/cdn.mos.cms.futurecdn.net\/zKa5jF8d2s4BYwxnu4djUX-1024-80.jpg.webp 1024w, https:\/\/cdn.mos.cms.futurecdn.net\/zKa5jF8d2s4BYwxnu4djUX-970-80.jpg.webp 970w, https:\/\/cdn.mos.cms.futurecdn.net\/zKa5jF8d2s4BYwxnu4djUX-750-80.jpg.webp 750w, https:\/\/cdn.mos.cms.futurecdn.net\/zKa5jF8d2s4BYwxnu4djUX-650-80.jpg.webp 650w, https:\/\/cdn.mos.cms.futurecdn.net\/zKa5jF8d2s4BYwxnu4djUX-480-80.jpg.webp 480w, https:\/\/cdn.mos.cms.futurecdn.net\/zKa5jF8d2s4BYwxnu4djUX-320-80.jpg.webp 320w\" sizes=\"(min-width: 1000px) 600px, 100vw\" \/><figcaption class=\"font-article-copy text-(--image--text--color) font-article-copy mt-2\"><span class=\"credit font-article-copy\">(Image credit: Getty Images)<\/span><\/figcaption><\/figure>\n<\/div>\n<div id=\"article-body\" class=\"text-copy bodyCopy auto paywall-locker\">\n<div data-analytics-id=\"utility-bar\" id=\"utility-bar\" class=\"font-ui-heading flex justify-between items-center py-2 border-t border-b border-gray-300 border-solid mb-5 mx-auto\" data-component-name=\"UtilityBar\" data-mrf-recirculation=\"utility-bar\">\n<div class=\"flex gap-2 text-[#333] subcontainer\">\n<div class=\"relative tooltip-container\" role=\"tooltip\">\n<div data-component-name=\"Social:Dropdown\" role=\"menu\" id=\"utilitybar__dropdown--share\" aria-labelledby=\"utilitybar__button--share\" class=\"absolute left-0 top-full w-44 bg-white rounded-md shadow-md border border-neutral-200 z-[9996] list-none m-0 py-2 px-3 border-solid\">\n<ul class=\"m-0!\">\n<li class=\"!p-0 !m-0 list-none border-b border-gray-200 border-solid\">\n<li class=\"!p-0 !m-0 list-none border-b border-gray-200 border-solid\">\n<p>Facebook<\/p>\n<\/li>\n<li class=\"!p-0 !m-0 list-none border-b border-gray-200 border-solid\">\n<p>X<\/p>\n<\/li>\n<li class=\"!p-0 !m-0 list-none border-b border-gray-200 border-solid\">\n<p>Pinterest<\/p>\n<\/li>\n<li class=\"!p-0 !m-0 list-none border-b border-gray-200 border-solid\">\n<p>Email<\/p>\n<\/li>\n<\/ul>\n<\/div>\n<div class=\"font-ui-heading max-sm:hidden tooltip absolute left-1\/2 bg-gray-900 text-white text-xs leading-none px-3 py-1.5 rounded-md z-[10001] whitespace-nowrap\" id=\"tooltip-share-this-article\" role=\"tooltip\" aria-hidden=\"true\">\nShare this article\n<\/div>\n<\/div>\n<div class=\"relative tooltip-container\" role=\"tooltip\"><span class=\"ml-1 inline-flex h-5 px-2 shrink-0 items-center justify-center self-center overflow-hidden whitespace-nowrap rounded-[10px] bg-primary-500 text-[11px] leading-none font-ui-heading font-semibold text-white\">0<\/span><\/p>\n<div class=\"font-ui-heading max-sm:hidden tooltip absolute left-1\/2 bg-gray-900 text-white text-xs leading-none px-3 py-1.5 rounded-md z-[10001] whitespace-nowrap\" id=\"tooltip-join-the-conversation\" role=\"tooltip\" aria-hidden=\"true\">\nJoin the conversation\n<\/div>\n<\/div>\n<\/div>\n<div class=\"flex gap-2 text-[#333] subcontainer\">\n<div class=\"relative tooltip-container\" role=\"tooltip\">\n<p>Follow us<\/p>\n<div class=\"font-ui-heading max-sm:hidden tooltip absolute left-1\/2 bg-gray-900 text-white text-xs leading-none px-3 py-1.5 rounded-md z-[10001] whitespace-nowrap\" id=\"tooltip-add-us-as-a-preferred-source-on-google\" role=\"tooltip\" aria-hidden=\"true\">\nAdd us as a preferred source on Google\n<\/div>\n<\/div>\n<div class=\"relative tooltip-container\" role=\"tooltip\">\n<div class=\"font-ui-heading max-sm:hidden tooltip absolute left-1\/2 bg-gray-900 text-white text-xs leading-none px-3 py-1.5 rounded-md z-[10001] whitespace-nowrap\" id=\"tooltip-subscribe-to-our-newsletter\" role=\"tooltip\" aria-hidden=\"true\">\nSubscribe to our newsletter\n<\/div>\n<\/div>\n<\/div>\n<\/div>\n<p id=\"elk-4eda8f6a-9f18-11f1-8bdd-a5424d3c23f5\">Ethan Hayter narrowly missed out on the leader&#8217;s red jersey at the Vuelta a Espa\u00f1a for the second day running, despite briefly going into the virtual lead thanks to his efforts in the breakaway on stage 2.<\/p>\n<p>Having lost out to Tadej Poga\u010dar by less than a tenth of a second during the Monaco opener on Saturday, Hayter admitted that while he would be pursuing red on the first road stage, whether or not he could take it would largely depend on what the world champion wanted.<\/p>\n<p id=\"elk-4eda8f6a-9f18-11f1-8bdd-a5424d3c23f5-2\" aria-hidden=\"true\" class=\"kiosq-b\">Hayter made it into the early breakaway, before ditching his fellow escapees once the peloton started to make an impression on the four-rider group&#8217;s advantage, before time trialling his way to the intermediate sprint where he would gain six bonus seconds and move ahead of Poga\u010dar.<\/p>\n<div class=\"my-6 w-full overflow-hidden rounded-[10px] lg:my-8\" data-component-name=\"JwPlayer:Carousel\" data-jwp-carousel data-jwp-carousel-payload=\"{&quot;ids&quot;:{&quot;playerID&quot;:&quot;jYDCcabO&quot;,&quot;searchPlaylistID&quot;:&quot;gwjdoYHD&quot;,&quot;divID&quot;:&quot;botr_gwjdoYHD_jYDCcabO_div&quot;,&quot;fallbackPlaylistID&quot;:&quot;gwjdoYHD&quot;,&quot;fallbackDivID&quot;:&quot;botr_gwjdoYHD_jYDCcabO_div&quot;,&quot;key&quot;:&quot;X9\/mXVGac0NphghLH9hZaqWA5d3dhAM\/Ih07grnEyMLjuO2E&quot;,&quot;tintLogo&quot;:true,&quot;useSearchPlaylist&quot;:false,&quot;enabled&quot;:true},&quot;signPostingEnabled&quot;:true,&quot;signPostingLinkEnabled&quot;:true,&quot;waitForAdLoad&quot;:false,&quot;hidePlayerOnDesktop&quot;:false,&quot;hidePlayerOnMobile&quot;:false,&quot;hidePlayerOnTablet&quot;:false}\">\n<div class=\"flex flex-nowrap items-center justify-between gap-3 bg-zinc-900 px-[14px] py-3\" data-jwp-carousel-header>\n<div class=\"flex min-w-0 shrink items-center\"><span class=\"inline-flex items-center gap-1.5 text-sm font-article-heading capitalize leading-5 text-white whitespace-nowrap\"><span class=\"jwp-carousel-title-desktop\">Latest Videos From<\/span><span class=\"jwp-carousel-brand\">Cyclingnews<\/span><\/span><\/div>\n<\/div>\n<div class=\"min-h-[44px] bg-zinc-900 px-[14px] py-3\" data-jwp-carousel-signposting><a class=\"invisible block truncate text-sm font-bold leading-5 text-white underline decoration-solid underline-offset-2\" data-jwp-carousel-signposting-link href target=\"_blank\" rel=\"noopener noreferrer\"><span data-jwp-carousel-signposting-title>Watch full video here: <\/span><\/a><\/div>\n<\/div>\n<p aria-hidden=\"true\" class=\"kiosq-b\">All he had to do to claim a first Grand Tour lead of his career would be finish in the front group and hope that the all-conquering Slovenian didn&#8217;t win what was expected to be a sprint \u2013 but that is much easier said than done.<\/p>\n<p aria-hidden=\"true\" class=\"kiosq-b\">&#8220;I didn&#8217;t get the jersey, no? Do you know the result?&#8221; said Hayter as he arrived at the finish in Manosque, to which the reporter then informed him Poga\u010dar would be keeping red.<\/p>\n<aside data-component-name=\"Recirculation:ArticleRiver\" data-recirculation-type=\"inline\" data-mrf-recirculation=\"Trending Bar\" data-nosnippet class=\"clear-both pt-2 pb-0 mb-4\"><span class=\"\n            flex\n            after:content-[&apos;&apos;] after:flex-1 after:ml-4 after:my-[0.7rem] after:border-t after:border-solid after:border-t-[#ccc]\n            before:content-[&apos;&apos;] before:flex-1 before:mr-4 before:my-[0.7rem] before:border-t before:border-solid before:border-t-[#ccc]\n            font-article-heading pb-0 text-[length:var(--article-river-title--font-size,1em)] uppercase sm:text-[length:var(--article-river-title--font-size,0.875em)] font-bold\n        \"><br \/>\n            You may like<br \/>\n        <\/span><\/p>\n<ul class=\"flex flex-col gap-0 m-0 max-w-full\">\n<li class=\"m-0 list-none border-b border-solid border-[#ededed] py-2\" data-recirculation-id=\"recirculation-card-1\" id=\"recirculation-inline-1\" data-analytics-id=\"recirculation-inline-1\" data-mrf-recirculation=\"recirculation-inline-1\">\n    <source type=\"image\/webp\" srcset=\"https:\/\/cdn.mos.cms.futurecdn.net\/DfLzZ8ytJjAYKyP5FEkEaB-250-80.jpg.webp 250w, https:\/\/cdn.mos.cms.futurecdn.net\/DfLzZ8ytJjAYKyP5FEkEaB-150-80.jpg.webp 150w\" sizes=\"150px\" \/><span class=\"w-full text-base font-[var(--article-river-item--font-weight,500)] font-article-heading line-clamp-3 md:line-clamp-2\">&#8216;It&#8217;s not completely under my control but I&#8217;m going to try&#8217; &#8211; After ultra-narrow TT defeat to Poga\u010dar, Ethan Hayter throws hat in ring for red in Vuelta a Espa\u00f1a<\/span><\/li>\n<li class=\"m-0 list-none border-b border-solid border-[#ededed] py-2\" data-recirculation-id=\"recirculation-card-2\" id=\"recirculation-inline-2\" data-analytics-id=\"recirculation-inline-2\" data-mrf-recirculation=\"recirculation-inline-2\">\n    <source type=\"image\/webp\" srcset=\"https:\/\/cdn.mos.cms.futurecdn.net\/cLSHcRATZJ5wsZjNMcxxtC-250-80.jpg.webp 250w, https:\/\/cdn.mos.cms.futurecdn.net\/cLSHcRATZJ5wsZjNMcxxtC-150-80.jpg.webp 150w\" sizes=\"150px\" \/><span class=\"w-full text-base font-[var(--article-river-item--font-weight,500)] font-article-heading line-clamp-3 md:line-clamp-2\">&#8216;When Wout goes, you have to react&#8217; &#8211; Tadej Poga\u010dar retains Vuelta a Espa\u00f1a lead after sizzling finale duel with Van Aert<\/span><\/li>\n<li class=\"m-0 list-none border-b border-solid border-[#ccc] py-2\" data-recirculation-id=\"recirculation-card-3\" id=\"recirculation-inline-3\" data-analytics-id=\"recirculation-inline-3\" data-mrf-recirculation=\"recirculation-inline-3\">\n    <source type=\"image\/webp\" srcset=\"https:\/\/cdn.mos.cms.futurecdn.net\/PpEhHGvv8AgcUn5LNYNkvU-250-80.jpg.webp 250w, https:\/\/cdn.mos.cms.futurecdn.net\/PpEhHGvv8AgcUn5LNYNkvU-150-80.jpg.webp 150w\" sizes=\"150px\" \/><span class=\"w-full text-base font-[var(--article-river-item--font-weight,500)] font-article-heading line-clamp-3 md:line-clamp-2\">Vuelta a Espa\u00f1a: Tadej Poga\u010dar claims stage 1 time trial and takes the first leader&#8217;s jersey in Monaco<\/span><\/li>\n<\/ul>\n<\/aside>\n<p aria-hidden=\"true\" class=\"kiosq-b\">After his visible disappointment on stage 1, Hayter was once again left wanting more, with several gaps forming in the run for home causing him to only manage 80th, losing 31 seconds and any hope of the lead.<\/p>\n<p aria-hidden=\"true\" class=\"kiosq-b\">Questions have been raised over his positioning in recent years, and Hayter was barely towards the front with his Soudal-QuickStep teammates once he was caught back from the break. Though there was the hectic nature of the approach to battle with, he could only concede that the legs weren&#8217;t there.<\/p>\n<div id=\"slice-container-newsletterForm-articleInbodyContent-FS6KeTGWzJQXkFqB2D4q3G\" class=\"slice-container newsletter-inbodyContent-slice newsletterForm-articleInbodyContent-FS6KeTGWzJQXkFqB2D4q3G slice-container-newsletterForm\">\n<div data-hydrate=\"true\" class=\"newsletter-form__wrapper newsletter-form__wrapper--inbodyContent\">\n<div class=\"newsletter-form__container\">\n<section class=\"newsletter-form__top-bar\">\n<div class=\"newsletter-form__header\">Get The Leadout Newsletter<\/div>\n<\/section>\n<section class=\"newsletter-form__main-section\">\n<p class=\"newsletter-form__strapline\">The latest race content, interviews, features, reviews and expert buying guides, direct to your inbox!<\/p>\n<footer class=\"newsletter-form__footer \">By submitting your information you agree to the Terms &amp; Conditions and Privacy Policy and are aged 16 or over.<\/footer>\n<\/section>\n<\/div>\n<\/div>\n<\/div>\n<p aria-hidden=\"true\" class=\"kiosq-b\">&#8220;It was just almost a crash and a small gap in the end, and it was a hard final for someone that&#8217;s been in the breakaway,&#8221; Hayter told <em>Eurosport<\/em>, &#8220;and even for the positioning, I didn&#8217;t have the legs to really move any further forward than I was. It&#8217;s a shame, but it was nice to try.&#8221;<\/p>\n<p aria-hidden=\"true\" class=\"kiosq-b\">Explaining that near-miss, Hayter said, &#8220;There was just one roundabout; I think they only had one lane open, and we almost stopped halfway in the bunch. It happens, but yeah.<\/p>\n<p aria-hidden=\"true\" class=\"kiosq-b\">&#8220;I was also just sliding backwards in the climb, anyway; I didn&#8217;t really have much left for such a hard finish. And guys, we&#8217;re doing full lead outs and then just stopping, obviously, in the middle of the road. And it&#8217;s a little bit tricky if you&#8217;re not in the front.&#8221;<\/p>\n<aside data-component-name=\"Recirculation:ArticleRiver\" data-recirculation-type=\"inline\" data-mrf-recirculation=\"Trending Bar\" data-nosnippet class=\"clear-both pt-2 pb-0 mb-4\"><span class=\"\n            flex\n            after:content-[&apos;&apos;] after:flex-1 after:ml-4 after:my-[0.7rem] after:border-t after:border-solid after:border-t-[#ccc]\n            before:content-[&apos;&apos;] before:flex-1 before:mr-4 before:my-[0.7rem] before:border-t before:border-solid before:border-t-[#ccc]\n            font-article-heading pb-0 text-[length:var(--article-river-title--font-size,1em)] uppercase sm:text-[length:var(--article-river-title--font-size,0.875em)] font-bold\n        \"><br \/>\n            What to read next<br \/>\n        <\/span><\/p>\n<ul class=\"flex flex-col gap-0 m-0 max-w-full\">\n<li class=\"m-0 list-none border-b border-solid border-[#ededed] py-2\" data-recirculation-id=\"recirculation-card-1\" id=\"recirculation-inline-2-1\" data-analytics-id=\"recirculation-2-inline-1\" data-mrf-recirculation=\"recirculation-2-inline-1\">\n    <source type=\"image\/webp\" srcset=\"https:\/\/cdn.mos.cms.futurecdn.net\/pXNHT4fLqKkNr4mJF9wXkY-250-80.jpg.webp 250w, https:\/\/cdn.mos.cms.futurecdn.net\/pXNHT4fLqKkNr4mJF9wXkY-150-80.jpg.webp 150w\" sizes=\"150px\" \/><span class=\"w-full text-base font-[var(--article-river-item--font-weight,500)] font-article-heading line-clamp-3 md:line-clamp-2\">&#8216;It&#8217;s a tiny margin but a win is a win&#8217; &#8211; Tadej Poga\u010dar celebrates fourth stage win of career and first-ever lead in Vuelta a Espa\u00f1a<\/span><\/li>\n<li class=\"m-0 list-none border-b border-solid border-[#ededed] py-2\" data-recirculation-id=\"recirculation-card-2\" id=\"recirculation-inline-2-2\" data-analytics-id=\"recirculation-2-inline-2\" data-mrf-recirculation=\"recirculation-2-inline-2\">\n    <source type=\"image\/webp\" srcset=\"https:\/\/cdn.mos.cms.futurecdn.net\/xgNzaGgQEQpA8BkDmvBByi-250-80.jpg.webp 250w, https:\/\/cdn.mos.cms.futurecdn.net\/xgNzaGgQEQpA8BkDmvBByi-150-80.jpg.webp 150w\" sizes=\"150px\" \/><span class=\"w-full text-base font-[var(--article-river-item--font-weight,500)] font-article-heading line-clamp-3 md:line-clamp-2\">Vuelta a Espa\u00f1a GC standings &#8211; Tadej Poga\u010dar keeps leader&#8217;s jersey after stage 2<\/span><\/li>\n<li class=\"m-0 list-none border-b border-solid border-[#ccc] py-2\" data-recirculation-id=\"recirculation-card-3\" id=\"recirculation-inline-2-3\" data-analytics-id=\"recirculation-2-inline-3\" data-mrf-recirculation=\"recirculation-2-inline-3\">\n    <source type=\"image\/webp\" srcset=\"https:\/\/cdn.mos.cms.futurecdn.net\/q8pkrsdAaUJYRiybkGipaH-250-80.jpg.webp 250w, https:\/\/cdn.mos.cms.futurecdn.net\/q8pkrsdAaUJYRiybkGipaH-150-80.jpg.webp 150w\" sizes=\"150px\" \/><span class=\"w-full text-base font-[var(--article-river-item--font-weight,500)] font-article-heading line-clamp-3 md:line-clamp-2\">&#8216;I couldn&#8217;t change gear&#8217; \u2013 Tom Pidcock explains electronic shifter issues that hampered sprint from Tour de France breakaway<\/span><\/li>\n<\/ul>\n<\/aside>\n<p aria-hidden=\"true\" class=\"kiosq-b\">His team had little in the way of complaints about the British rider&#8217;s execution, despite him being unable to follow once Wout van Aert and Poga\u010dar kicked off the finale, where his compatriot Matthew Brennan ended up taking victory.<\/p>\n<p aria-hidden=\"true\" class=\"kiosq-b\">&#8220;He achieved exactly what we agreed on to do, and the last kilometre \u2013 OK he has been 170 kilometres in the breakaway partly alone \u2013 if then guys like Van Aert and Poga\u010dar go, we cannot expect that he can still follow,&#8221; said DS Sepp Vanmarcke. &#8220;So I think it was pretty honest in the final, and we did everything that we were able to do to fight for that red jersey.&#8221;<\/p>\n<h2 id=\"ripped-shorts-en-route-to-the-finish-3\" aria-hidden=\"true\" class=\"kiosq-b\">Ripped shorts en route to the finish<\/h2>\n<figure class=\"van-image-figure inline-layout kiosq-b\" data-bordeaux-image-check id=\"elk-055723fc-9f19-11f1-a5c9-79da3f590978\" aria-hidden=\"true\">\n<div class=\"image-full-width-wrapper\">\n<div class=\"image-widthsetter\">\n<p class=\"vanilla-image-block\">\n<source type=\"image\/webp\" srcset=\"https:\/\/cdn.mos.cms.futurecdn.net\/RJFFpQiEpGtkdSdSimBhBb-1200-80.jpg.webp 1200w, https:\/\/cdn.mos.cms.futurecdn.net\/RJFFpQiEpGtkdSdSimBhBb-1024-80.jpg.webp 1024w, https:\/\/cdn.mos.cms.futurecdn.net\/RJFFpQiEpGtkdSdSimBhBb-970-80.jpg.webp 970w, https:\/\/cdn.mos.cms.futurecdn.net\/RJFFpQiEpGtkdSdSimBhBb-650-80.jpg.webp 650w, https:\/\/cdn.mos.cms.futurecdn.net\/RJFFpQiEpGtkdSdSimBhBb-480-80.jpg.webp 480w, https:\/\/cdn.mos.cms.futurecdn.net\/RJFFpQiEpGtkdSdSimBhBb-320-80.jpg.webp 320w\" sizes=\"(min-width: 1000px) 970px, calc(100vw - 40px)\" \/><\/p>\n<\/div>\n<\/div><figcaption class=\" inline-layout\"><span class=\"credit\">(Image credit: Getty Images)<\/span><\/figcaption><\/figure>\n<p id=\"elk-4eda90fa-9f18-11f1-8368-e36c8f04c850\" aria-hidden=\"true\" class=\"kiosq-b\">The other curious story surrounding Hayter on stage 2 was that midway through the stage, he was spotted in the breakaway with the back of his shorts completely ripped open.<\/p>\n<p aria-hidden=\"true\" class=\"kiosq-b\">Explaining why he had to go with the modified kit, Hayter said the organisers had simply given him no sizing options when it came to the green jersey he was donning. He wasn&#8217;t going to miss his moment to ride in a leader&#8217;s jersey, and though he is still in second in the points classification, Hayter will wear green again on Monday&#8217;s stage 3.<\/p>\n<p aria-hidden=\"true\" class=\"kiosq-b\">&#8220;The organisation, for some reason, they only gave me an extra small, and then they didn&#8217;t have any spares, so they said you can wear your own team kit or the green jersey,&#8221; said Hayter.<\/p>\n<p aria-hidden=\"true\" class=\"kiosq-b\">&#8220;I said I can&#8217;t wear my own team kit, for maybe \u2013 you never know when your last day is in the jersey. But then we started the race, and it was like cutting the blood from my legs, so I had to. It looked a bit silly, but I was really suffering in the breakaway, and I started to feel a lot better once I made some breathing room for my legs.&#8221;<\/p>\n<p id=\"elk-4eda9172-9f18-11f1-9fc3-c307ad9b8cdd\" aria-hidden=\"true\" class=\"kiosq-b\"><strong>For unbeatable coverage across road, gravel and tech, subscribe to Cyclingnews. You&#8217;ll get comprehensive race coverage of La Vuelta a Espa\u00f1a, subscriber-exclusive analysis from our expert columnists, in-depth features and industry-leading tech insight. Plus, the Cyclingnews app lets you follow the action wherever you go! <\/strong><u><strong>Join today.<\/strong><\/u><\/p>\n<\/div>\n<div id=\"slice-container-authorBio-FS6KeTGWzJQXkFqB2D4q3G\" class=\"slice-container slice-author-bio authorBio-FS6KeTGWzJQXkFqB2D4q3G slice-container-authorBio\">\n<div class=\"author author__default-layout author--separator author--collapsible\" data-hydrate=\"true\">\n<div class=\"author__header\">\n<div class=\"author__avatar-block\">\n<figure class=\"image-wrapped__wrapper\" data-bordeaux-image-check=\"false\">\n<div class=\"image-wrapped__widthsetter\">\n<div class=\"image-wrapped__aspect-padding\">\n<div><source class=\"author__avatar image-wrapped__image image__image\" type=\"image\/webp\" srcset=\"https:\/\/cdn.mos.cms.futurecdn.net\/5kc8nsofmMWAQECTbzYYw9-140-80.jpg.webp 140w\" sizes=\"99vw\" data-normal=\"https:\/\/cdn.mos.cms.futurecdn.net\/5kc8nsofmMWAQECTbzYYw9.jpg\" data-original-mos=\"https:\/\/cdn.mos.cms.futurecdn.net\/5kc8nsofmMWAQECTbzYYw9.jpg\" data-pin-media=\"https:\/\/cdn.mos.cms.futurecdn.net\/5kc8nsofmMWAQECTbzYYw9.jpg\" data-pin-nopin=\"true\" data-slice-image=\"true\" \/><\/div>\n<\/div>\n<\/div>\n<\/figure>\n<\/div>\n<div class=\"author__heading\">\n<div class=\"author__name\">James Moultrie<\/div>\n<div class=\"author__social\">\n<nav class=\"button-social-group author__social-buttons\" aria-labelledby=\"button-social-group- author__social-buttons\">\n<div id=\"button-social-group- author__social-buttons\">Social Links Navigation<\/div>\n<\/nav>\n<\/div>\n<div class=\"author__role\">News Writer<\/div>\n<\/div>\n<\/div>\n<div class=\"author__bio-wrapper\">\n<div class=\"author__biography\">\n<p>James Moultrie is a gold-standard NCTJ journalist who joined\u00a0Cyclingnews\u00a0as a News Writer in 2023 after originally contributing as a freelancer for eight months, during which time he also wrote for Eurosport, Rouleur and Cycling Weekly. Prior to joining the team he reported on races such as Paris-Roubaix and the Giro d\u2019Italia Donne for Eurosport and has interviewed some of the sport\u2019s top riders in Chlo\u00e9 Dygert, Lizzie Deignan and Wout van Aert. Outside of cycling, he spends the majority of his time watching other sports \u2013 rugby, football, cricket, and American Football to name a few.<\/p>\n<\/div>\n<\/div>\n<\/div>\n<\/div>\n<\/section>\n<div class=\"relative max-w-[1070px] viafoura-twig-component mt-6 mx-4 lg:mx-0\" data-component-name=\"Viafoura:Comments\" data-nosnippet data-community-guidelines-text=\"&lt;p class=&apos;vfcustom-community-guidelines&apos;&gt;Please follow our &lt;a href=&quot;https:\/\/www.cyclingnews.com\/about\/#section-community-guidelines&quot; target=&quot;_blank&quot;&gt;community guidelines&lt;\/a&gt;.&lt;\/p&gt;\" data-join-the-conversation-text=\"Join the Conversation\">\n<div class=\"absolute top-0 left-0 w-full h-full flex items-center justify-center z-50 bg-white\/90 border-1 rounded-b-[var(--comment-widget-border-radius,0)]\">\n<div class=\"p-2 text-center\">\n<p class=\"mb-3 text-lg!\">You must confirm your public display name before commenting<\/p>\n<p class=\"mb-3 text-sm!\">Please logout and then login again, you will then be prompted to enter your display name.<\/p>\n<\/div>\n<\/div>\n<\/div>\n<section class=\"mx-2 my-5 sm:mx-0\">\n<aside class=\"w-full\" data-nosnippet data-mrf-recirculation=\"article-river-stacked\">\n<div data-recirc-id=\"article-river-stacked-adviser:hybrid\">\n<div class=\"text-white py-4 px-3 mb-4 bg-[#333] uppercase font-bold custom-header-styles\">Read more<\/div>\n<div class=\"grid grid-cols-1 gap-4 mt-4 mb-5\">\n<div>\n<div class=\"aspect-[var(--img-listing-aspect-ratio,16\/9)] relative mb-3.5\">\n    <source type=\"image\/webp\" srcset=\"https:\/\/cdn.mos.cms.futurecdn.net\/DfLzZ8ytJjAYKyP5FEkEaB-840-80.jpg.webp 840w, https:\/\/cdn.mos.cms.futurecdn.net\/DfLzZ8ytJjAYKyP5FEkEaB-650-80.jpg.webp 650w, https:\/\/cdn.mos.cms.futurecdn.net\/DfLzZ8ytJjAYKyP5FEkEaB-500-80.jpg.webp 500w, https:\/\/cdn.mos.cms.futurecdn.net\/DfLzZ8ytJjAYKyP5FEkEaB-450-80.jpg.webp 450w, https:\/\/cdn.mos.cms.futurecdn.net\/DfLzZ8ytJjAYKyP5FEkEaB-320-80.jpg.webp 320w\" sizes=\"(min-width: 900px) 925px, (min-width: 700px) 450px, calc(100vw - 48px)\" \/><\/div>\n<p><span class=\"custom-subheading-styles\">Racing<\/span><span class=\"text-base text-black font-bold mx-0 my-2.5 p-0 block custom-text-styles\">&#8216;It&#8217;s not completely under my control but I&#8217;m going to try&#8217; &#8211; After ultra-narrow TT defeat to Poga\u010dar, Ethan Hayter throws hat in ring for red in Vuelta a Espa\u00f1a<\/span><\/div>\n<div class=\"relative recirc-feed sponsored-card min-h-[250px]\" data-recirc-id=\"article-river-stacked-ads:native-cards\" data-mrf-recirculation=\"article-river-ads\" data-nosnippet data-ad-slot-path=\"feed-sponsored-post\" data-attribute-device=\"all\">\n<div class=\"max-w-full sponsored-post--placeholder animate-pulse\">\n<div class=\"relative!\"><span class=\"text-base text-black font-bold mx-0 my-2.5 p-0 block bg-gray-100\">\u00a0<br \/>\u00a0<\/span><\/div>\n<\/div>\n<\/div>\n<div>\n<div class=\"aspect-[var(--img-listing-aspect-ratio,16\/9)] relative mb-3.5\">\n    <source type=\"image\/webp\" srcset=\"https:\/\/cdn.mos.cms.futurecdn.net\/cLSHcRATZJ5wsZjNMcxxtC-840-80.jpg.webp 840w, https:\/\/cdn.mos.cms.futurecdn.net\/cLSHcRATZJ5wsZjNMcxxtC-650-80.jpg.webp 650w, https:\/\/cdn.mos.cms.futurecdn.net\/cLSHcRATZJ5wsZjNMcxxtC-500-80.jpg.webp 500w, https:\/\/cdn.mos.cms.futurecdn.net\/cLSHcRATZJ5wsZjNMcxxtC-450-80.jpg.webp 450w, https:\/\/cdn.mos.cms.futurecdn.net\/cLSHcRATZJ5wsZjNMcxxtC-320-80.jpg.webp 320w\" sizes=\"(min-width: 900px) 925px, (min-width: 700px) 450px, calc(100vw - 48px)\" \/><\/div>\n<p><span class=\"custom-subheading-styles\">Teams &amp; Riders<\/span><span class=\"text-base text-black font-bold mx-0 my-2.5 p-0 block custom-text-styles\">&#8216;When Wout goes, you have to react&#8217; &#8211; Tadej Poga\u010dar retains Vuelta a Espa\u00f1a lead after sizzling finale duel with Van Aert<\/span><\/div>\n<div class=\"relative recirc-feed sponsored-card min-h-[250px]\" data-recirc-id=\"article-river-stacked-ads:native-cards\" data-mrf-recirculation=\"article-river-ads\" data-nosnippet data-ad-slot-path=\"feed-sponsored-post\" data-attribute-device=\"all\">\n<div class=\"max-w-full sponsored-post--placeholder animate-pulse\">\n<div class=\"relative!\"><span class=\"text-base text-black font-bold mx-0 my-2.5 p-0 block bg-gray-100\">\u00a0<br \/>\u00a0<\/span><\/div>\n<\/div>\n<\/div>\n<div>\n<div class=\"aspect-[var(--img-listing-aspect-ratio,16\/9)] relative mb-3.5\">\n    <source type=\"image\/webp\" srcset=\"https:\/\/cdn.mos.cms.futurecdn.net\/PpEhHGvv8AgcUn5LNYNkvU-840-80.jpg.webp 840w, https:\/\/cdn.mos.cms.futurecdn.net\/PpEhHGvv8AgcUn5LNYNkvU-650-80.jpg.webp 650w, https:\/\/cdn.mos.cms.futurecdn.net\/PpEhHGvv8AgcUn5LNYNkvU-500-80.jpg.webp 500w, https:\/\/cdn.mos.cms.futurecdn.net\/PpEhHGvv8AgcUn5LNYNkvU-450-80.jpg.webp 450w, https:\/\/cdn.mos.cms.futurecdn.net\/PpEhHGvv8AgcUn5LNYNkvU-320-80.jpg.webp 320w\" sizes=\"(min-width: 900px) 925px, (min-width: 700px) 450px, calc(100vw - 48px)\" \/><\/div>\n<p><span class=\"custom-subheading-styles\">Racing<\/span><span class=\"text-base text-black font-bold mx-0 my-2.5 p-0 block custom-text-styles\">Vuelta a Espa\u00f1a: Tadej Poga\u010dar claims stage 1 time trial and takes the first leader&#8217;s jersey in Monaco<\/span><\/div>\n<div class=\"relative recirc-feed sponsored-card min-h-[250px]\" data-recirc-id=\"article-river-stacked-ads:native-cards\" data-mrf-recirculation=\"article-river-ads\" data-nosnippet data-ad-slot-path=\"feed-sponsored-post\" data-attribute-device=\"all\">\n<div class=\"max-w-full sponsored-post--placeholder animate-pulse\">\n<div class=\"relative!\"><span class=\"text-base text-black font-bold mx-0 my-2.5 p-0 block bg-gray-100\">\u00a0<br \/>\u00a0<\/span><\/div>\n<\/div>\n<\/div>\n<div>\n<div class=\"aspect-[var(--img-listing-aspect-ratio,16\/9)] relative mb-3.5\">\n    <source type=\"image\/webp\" srcset=\"https:\/\/cdn.mos.cms.futurecdn.net\/pXNHT4fLqKkNr4mJF9wXkY-840-80.jpg.webp 840w, https:\/\/cdn.mos.cms.futurecdn.net\/pXNHT4fLqKkNr4mJF9wXkY-650-80.jpg.webp 650w, https:\/\/cdn.mos.cms.futurecdn.net\/pXNHT4fLqKkNr4mJF9wXkY-500-80.jpg.webp 500w, https:\/\/cdn.mos.cms.futurecdn.net\/pXNHT4fLqKkNr4mJF9wXkY-450-80.jpg.webp 450w, https:\/\/cdn.mos.cms.futurecdn.net\/pXNHT4fLqKkNr4mJF9wXkY-320-80.jpg.webp 320w\" sizes=\"(min-width: 900px) 925px, (min-width: 700px) 450px, calc(100vw - 48px)\" \/><\/div>\n<p><span class=\"custom-subheading-styles\">Teams &amp; Riders<\/span><span class=\"text-base text-black font-bold mx-0 my-2.5 p-0 block custom-text-styles\">&#8216;It&#8217;s a tiny margin but a win is a win&#8217; &#8211; Tadej Poga\u010dar celebrates fourth stage win of career and first-ever lead in Vuelta a Espa\u00f1a<\/span><\/div>\n<div class=\"relative recirc-feed sponsored-card min-h-[250px]\" data-recirc-id=\"article-river-stacked-ads:native-cards\" data-mrf-recirculation=\"article-river-ads\" data-nosnippet data-ad-slot-path=\"feed-sponsored-post\" data-attribute-device=\"all\">\n<div class=\"max-w-full sponsored-post--placeholder animate-pulse\">\n<div class=\"relative!\"><span class=\"text-base text-black font-bold mx-0 my-2.5 p-0 block bg-gray-100\">\u00a0<br \/>\u00a0<\/span><\/div>\n<\/div>\n<\/div>\n<div>\n<div class=\"aspect-[var(--img-listing-aspect-ratio,16\/9)] relative mb-3.5\">\n    <source type=\"image\/webp\" srcset=\"https:\/\/cdn.mos.cms.futurecdn.net\/xgNzaGgQEQpA8BkDmvBByi-840-80.jpg.webp 840w, https:\/\/cdn.mos.cms.futurecdn.net\/xgNzaGgQEQpA8BkDmvBByi-650-80.jpg.webp 650w, https:\/\/cdn.mos.cms.futurecdn.net\/xgNzaGgQEQpA8BkDmvBByi-500-80.jpg.webp 500w, https:\/\/cdn.mos.cms.futurecdn.net\/xgNzaGgQEQpA8BkDmvBByi-450-80.jpg.webp 450w, https:\/\/cdn.mos.cms.futurecdn.net\/xgNzaGgQEQpA8BkDmvBByi-320-80.jpg.webp 320w\" sizes=\"(min-width: 900px) 925px, (min-width: 700px) 450px, calc(100vw - 48px)\" \/><\/div>\n<p><span class=\"custom-subheading-styles\">Racing<\/span><span class=\"text-base text-black font-bold mx-0 my-2.5 p-0 block custom-text-styles\">Vuelta a Espa\u00f1a GC standings &#8211; Tadej Poga\u010dar keeps leader&#8217;s jersey after stage 2<\/span><\/div>\n<div class=\"relative recirc-feed sponsored-card min-h-[250px]\" data-recirc-id=\"article-river-stacked-ads:native-cards\" data-mrf-recirculation=\"article-river-ads\" data-nosnippet data-ad-slot-path=\"feed-sponsored-post\" data-attribute-device=\"all\">\n<div class=\"max-w-full sponsored-post--placeholder animate-pulse\">\n<div class=\"relative!\"><span class=\"text-base text-black font-bold mx-0 my-2.5 p-0 block bg-gray-100\">\u00a0<br \/>\u00a0<\/span><\/div>\n<\/div>\n<\/div>\n<div>\n<div class=\"aspect-[var(--img-listing-aspect-ratio,16\/9)] relative mb-3.5\">\n    <source type=\"image\/webp\" srcset=\"https:\/\/cdn.mos.cms.futurecdn.net\/q8pkrsdAaUJYRiybkGipaH-840-80.jpg.webp 840w, https:\/\/cdn.mos.cms.futurecdn.net\/q8pkrsdAaUJYRiybkGipaH-650-80.jpg.webp 650w, https:\/\/cdn.mos.cms.futurecdn.net\/q8pkrsdAaUJYRiybkGipaH-500-80.jpg.webp 500w, https:\/\/cdn.mos.cms.futurecdn.net\/q8pkrsdAaUJYRiybkGipaH-450-80.jpg.webp 450w, https:\/\/cdn.mos.cms.futurecdn.net\/q8pkrsdAaUJYRiybkGipaH-320-80.jpg.webp 320w\" sizes=\"(min-width: 900px) 925px, (min-width: 700px) 450px, calc(100vw - 48px)\" \/><\/div>\n<p><span class=\"custom-subheading-styles\">Teams &amp; Riders<\/span><span class=\"text-base text-black font-bold mx-0 my-2.5 p-0 block custom-text-styles\">&#8216;I couldn&#8217;t change gear&#8217; \u2013 Tom Pidcock explains electronic shifter issues that hampered sprint from Tour de France breakaway<\/span><\/div>\n<div class=\"relative recirc-feed sponsored-card min-h-[250px]\" data-recirc-id=\"article-river-stacked-ads:native-cards\" data-mrf-recirculation=\"article-river-ads\" data-nosnippet data-ad-slot-path=\"feed-sponsored-post\" data-attribute-device=\"all\">\n<div class=\"max-w-full sponsored-post--placeholder animate-pulse\">\n<div class=\"relative!\"><span class=\"text-base text-black font-bold mx-0 my-2.5 p-0 block bg-gray-100\">\u00a0<br \/>\u00a0<\/span><\/div>\n<\/div>\n<\/div>\n<\/div>\n<\/div>\n<\/aside>\n<aside class=\"w-full\" data-nosnippet data-mrf-recirculation=\"article-river-stacked\">\n<div data-recirc-id=\"article-river-stacked-solr:latest-category\">\n<div class=\"text-white py-4 px-3 mb-4 bg-[#333] uppercase font-bold custom-header-styles\">Latest in Racing<\/div>\n<div class=\"grid grid-cols-1 gap-4 mt-4 mb-5\">\n<div>\n<div class=\"aspect-[var(--img-listing-aspect-ratio,16\/9)] relative mb-3.5\">\n    <source type=\"image\/webp\" srcset=\"https:\/\/cdn.mos.cms.futurecdn.net\/pyoa6JqM6PUXASaJ8znEpC-840-80.jpg.webp 840w, https:\/\/cdn.mos.cms.futurecdn.net\/pyoa6JqM6PUXASaJ8znEpC-650-80.jpg.webp 650w, https:\/\/cdn.mos.cms.futurecdn.net\/pyoa6JqM6PUXASaJ8znEpC-500-80.jpg.webp 500w, https:\/\/cdn.mos.cms.futurecdn.net\/pyoa6JqM6PUXASaJ8znEpC-450-80.jpg.webp 450w, https:\/\/cdn.mos.cms.futurecdn.net\/pyoa6JqM6PUXASaJ8znEpC-320-80.jpg.webp 320w\" sizes=\"(min-width: 900px) 925px, (min-width: 700px) 450px, calc(100vw - 48px)\" \/><\/div>\n<p><span class=\"custom-subheading-styles\">Racing<\/span><span class=\"text-base text-black font-bold mx-0 my-2.5 p-0 block custom-text-styles\">Lauf Gravel Worlds: Geerike Schreurs beats Rosa Kl\u00f6ser in photo finish as Torbj\u00f8rn R\u00f8ed wins three-way sprint after storms cause course rejig<\/span><\/div>\n<div class=\"relative recirc-feed sponsored-card min-h-[250px]\" data-recirc-id=\"article-river-stacked-ads:native-cards\" data-mrf-recirculation=\"article-river-ads\" data-nosnippet data-ad-slot-path=\"feed-sponsored-post\" data-attribute-device=\"all\">\n<div class=\"max-w-full sponsored-post--placeholder animate-pulse\">\n<div class=\"relative!\"><span class=\"text-base text-black font-bold mx-0 my-2.5 p-0 block bg-gray-100\">\u00a0<br \/>\u00a0<\/span><\/div>\n<\/div>\n<\/div>\n<div>\n<div class=\"aspect-[var(--img-listing-aspect-ratio,16\/9)] relative mb-3.5\">\n    <source type=\"image\/webp\" srcset=\"https:\/\/cdn.mos.cms.futurecdn.net\/aqedMr2yq5dFSWVFHTrjMA-840-80.jpg.webp 840w, https:\/\/cdn.mos.cms.futurecdn.net\/aqedMr2yq5dFSWVFHTrjMA-650-80.jpg.webp 650w, https:\/\/cdn.mos.cms.futurecdn.net\/aqedMr2yq5dFSWVFHTrjMA-500-80.jpg.webp 500w, https:\/\/cdn.mos.cms.futurecdn.net\/aqedMr2yq5dFSWVFHTrjMA-450-80.jpg.webp 450w, https:\/\/cdn.mos.cms.futurecdn.net\/aqedMr2yq5dFSWVFHTrjMA-320-80.jpg.webp 320w\" sizes=\"(min-width: 900px) 925px, (min-width: 700px) 450px, calc(100vw - 48px)\" \/><\/div>\n<p><span class=\"custom-subheading-styles\">Racing<\/span><span class=\"text-base text-black font-bold mx-0 my-2.5 p-0 block custom-text-styles\">Deutschland Tour: Isaac del Toro seals overall title as Paul Magnier wins finale stage 4 in Heilbronn<\/span><\/div>\n<div class=\"relative recirc-feed sponsored-card min-h-[250px]\" data-recirc-id=\"article-river-stacked-ads:native-cards\" data-mrf-recirculation=\"article-river-ads\" data-nosnippet data-ad-slot-path=\"feed-sponsored-post\" data-attribute-device=\"all\">\n<div class=\"max-w-full sponsored-post--placeholder animate-pulse\">\n<div class=\"relative!\"><span class=\"text-base text-black font-bold mx-0 my-2.5 p-0 block bg-gray-100\">\u00a0<br \/>\u00a0<\/span><\/div>\n<\/div>\n<\/div>\n<div>\n<div class=\"aspect-[var(--img-listing-aspect-ratio,16\/9)] relative mb-3.5\">\n    <source type=\"image\/webp\" srcset=\"https:\/\/cdn.mos.cms.futurecdn.net\/as8Z4qRNG2969Xm5zz6JSM-840-80.jpg.webp 840w, https:\/\/cdn.mos.cms.futurecdn.net\/as8Z4qRNG2969Xm5zz6JSM-650-80.jpg.webp 650w, https:\/\/cdn.mos.cms.futurecdn.net\/as8Z4qRNG2969Xm5zz6JSM-500-80.jpg.webp 500w, https:\/\/cdn.mos.cms.futurecdn.net\/as8Z4qRNG2969Xm5zz6JSM-450-80.jpg.webp 450w, https:\/\/cdn.mos.cms.futurecdn.net\/as8Z4qRNG2969Xm5zz6JSM-320-80.jpg.webp 320w\" sizes=\"(min-width: 900px) 925px, (min-width: 700px) 450px, calc(100vw - 48px)\" \/><\/div>\n<p><span class=\"custom-subheading-styles\">Women&#8217;s Cycling<\/span><span class=\"text-base text-black font-bold mx-0 my-2.5 p-0 block custom-text-styles\">Tour of Britain Women: Kim Le Court-Pienaar claims overall title as unstoppable Lorena Wiebes takes fourth victory in stage 5 finale<\/span><\/div>\n<div class=\"relative recirc-feed sponsored-card min-h-[250px]\" data-recirc-id=\"article-river-stacked-ads:native-cards\" data-mrf-recirculation=\"article-river-ads\" data-nosnippet data-ad-slot-path=\"feed-sponsored-post\" data-attribute-device=\"all\">\n<div class=\"max-w-full sponsored-post--placeholder animate-pulse\">\n<div class=\"relative!\"><span class=\"text-base text-black font-bold mx-0 my-2.5 p-0 block bg-gray-100\">\u00a0<br \/>\u00a0<\/span><\/div>\n<\/div>\n<\/div>\n<div>\n<div class=\"aspect-[var(--img-listing-aspect-ratio,16\/9)] relative mb-3.5\">\n    <source type=\"image\/webp\" srcset=\"https:\/\/cdn.mos.cms.futurecdn.net\/x2WtQR2kCmobTexWFXFRFU-840-80.jpg.webp 840w, https:\/\/cdn.mos.cms.futurecdn.net\/x2WtQR2kCmobTexWFXFRFU-650-80.jpg.webp 650w, https:\/\/cdn.mos.cms.futurecdn.net\/x2WtQR2kCmobTexWFXFRFU-500-80.jpg.webp 500w, https:\/\/cdn.mos.cms.futurecdn.net\/x2WtQR2kCmobTexWFXFRFU-450-80.jpg.webp 450w, https:\/\/cdn.mos.cms.futurecdn.net\/x2WtQR2kCmobTexWFXFRFU-320-80.jpg.webp 320w\" sizes=\"(min-width: 900px) 925px, (min-width: 700px) 450px, calc(100vw - 48px)\" \/><\/div>\n<p><span class=\"custom-subheading-styles\">Racing<\/span><span class=\"text-base text-black font-bold mx-0 my-2.5 p-0 block custom-text-styles\">Renewi Tour: Jasper Philipsen wins overall title with hat trick of sprint victories on stage 5<\/span><\/div>\n<div class=\"relative recirc-feed sponsored-card min-h-[250px]\" data-recirc-id=\"article-river-stacked-ads:native-cards\" data-mrf-recirculation=\"article-river-ads\" data-nosnippet data-ad-slot-path=\"feed-sponsored-post\" data-attribute-device=\"all\">\n<div class=\"max-w-full sponsored-post--placeholder animate-pulse\">\n<div class=\"relative!\"><span class=\"text-base text-black font-bold mx-0 my-2.5 p-0 block bg-gray-100\">\u00a0<br \/>\u00a0<\/span><\/div>\n<\/div>\n<\/div>\n<div>\n<div class=\"aspect-[var(--img-listing-aspect-ratio,16\/9)] relative mb-3.5\">\n    <source type=\"image\/webp\" srcset=\"https:\/\/cdn.mos.cms.futurecdn.net\/qNaVetYgQPFWvp3Ne8irMU-840-80.jpg.webp 840w, https:\/\/cdn.mos.cms.futurecdn.net\/qNaVetYgQPFWvp3Ne8irMU-650-80.jpg.webp 650w, https:\/\/cdn.mos.cms.futurecdn.net\/qNaVetYgQPFWvp3Ne8irMU-500-80.jpg.webp 500w, https:\/\/cdn.mos.cms.futurecdn.net\/qNaVetYgQPFWvp3Ne8irMU-450-80.jpg.webp 450w, https:\/\/cdn.mos.cms.futurecdn.net\/qNaVetYgQPFWvp3Ne8irMU-320-80.jpg.webp 320w\" sizes=\"(min-width: 900px) 925px, (min-width: 700px) 450px, calc(100vw - 48px)\" \/><\/div>\n<p><span class=\"custom-subheading-styles\">Racing<\/span><span class=\"text-base text-black font-bold mx-0 my-2.5 p-0 block custom-text-styles\">Vuelta a Espa\u00f1a: Powerful sprint nets Matthew Brennan stage 2 victory as Tadej Poga\u010dar fends off attacks to keep leader&#8217;s jersey<\/span><\/div>\n<div class=\"relative recirc-feed sponsored-card min-h-[250px]\" data-recirc-id=\"article-river-stacked-ads:native-cards\" data-mrf-recirculation=\"article-river-ads\" data-nosnippet data-ad-slot-path=\"feed-sponsored-post\" data-attribute-device=\"all\">\n<div class=\"max-w-full sponsored-post--placeholder animate-pulse\">\n<div class=\"relative!\"><span class=\"text-base text-black font-bold mx-0 my-2.5 p-0 block bg-gray-100\">\u00a0<br \/>\u00a0<\/span><\/div>\n<\/div>\n<\/div>\n<div>\n<div class=\"aspect-[var(--img-listing-aspect-ratio,16\/9)] relative mb-3.5\">\n    <source type=\"image\/webp\" srcset=\"https:\/\/cdn.mos.cms.futurecdn.net\/DfLzZ8ytJjAYKyP5FEkEaB-840-80.jpg.webp 840w, https:\/\/cdn.mos.cms.futurecdn.net\/DfLzZ8ytJjAYKyP5FEkEaB-650-80.jpg.webp 650w, https:\/\/cdn.mos.cms.futurecdn.net\/DfLzZ8ytJjAYKyP5FEkEaB-500-80.jpg.webp 500w, https:\/\/cdn.mos.cms.futurecdn.net\/DfLzZ8ytJjAYKyP5FEkEaB-450-80.jpg.webp 450w, https:\/\/cdn.mos.cms.futurecdn.net\/DfLzZ8ytJjAYKyP5FEkEaB-320-80.jpg.webp 320w\" sizes=\"(min-width: 900px) 925px, (min-width: 700px) 450px, calc(100vw - 48px)\" \/><\/div>\n<p><span class=\"custom-subheading-styles\">Racing<\/span><span class=\"text-base text-black font-bold mx-0 my-2.5 p-0 block custom-text-styles\">&#8216;It&#8217;s not completely under my control but I&#8217;m going to try&#8217; &#8211; After ultra-narrow TT defeat to Poga\u010dar, Ethan Hayter throws hat in ring for red in Vuelta a Espa\u00f1a<\/span><\/div>\n<div class=\"relative recirc-feed sponsored-card min-h-[250px]\" data-recirc-id=\"article-river-stacked-ads:native-cards\" data-mrf-recirculation=\"article-river-ads\" data-nosnippet data-ad-slot-path=\"feed-sponsored-post\" data-attribute-device=\"all\">\n<div class=\"max-w-full sponsored-post--placeholder animate-pulse\">\n<div class=\"relative!\"><span class=\"text-base text-black font-bold mx-0 my-2.5 p-0 block bg-gray-100\">\u00a0<br \/>\u00a0<\/span><\/div>\n<\/div>\n<\/div>\n<\/div>\n<\/div>\n<\/aside>\n<aside class=\"w-full\" data-nosnippet data-mrf-recirculation=\"article-river-stacked\">\n<div data-recirc-id=\"article-river-stacked-solr:latest-articletype\">\n<div class=\"text-white py-4 px-3 mb-4 bg-[#333] uppercase font-bold custom-header-styles\">Latest in News<\/div>\n<div class=\"grid grid-cols-1 gap-4 mt-4 mb-5\">\n<div>\n<div class=\"aspect-[var(--img-listing-aspect-ratio,16\/9)] relative mb-3.5\">\n    <source type=\"image\/webp\" srcset=\"https:\/\/cdn.mos.cms.futurecdn.net\/cLSHcRATZJ5wsZjNMcxxtC-840-80.jpg.webp 840w, https:\/\/cdn.mos.cms.futurecdn.net\/cLSHcRATZJ5wsZjNMcxxtC-650-80.jpg.webp 650w, https:\/\/cdn.mos.cms.futurecdn.net\/cLSHcRATZJ5wsZjNMcxxtC-500-80.jpg.webp 500w, https:\/\/cdn.mos.cms.futurecdn.net\/cLSHcRATZJ5wsZjNMcxxtC-450-80.jpg.webp 450w, https:\/\/cdn.mos.cms.futurecdn.net\/cLSHcRATZJ5wsZjNMcxxtC-320-80.jpg.webp 320w\" sizes=\"(min-width: 900px) 925px, (min-width: 700px) 450px, calc(100vw - 48px)\" \/><\/div>\n<p><span class=\"custom-subheading-styles\">Teams &amp; Riders<\/span><span class=\"text-base text-black font-bold mx-0 my-2.5 p-0 block custom-text-styles\">&#8216;When Wout goes, you have to react&#8217; &#8211; Tadej Poga\u010dar retains Vuelta a Espa\u00f1a lead after sizzling finale duel with Van Aert<\/span><\/div>\n<div class=\"relative recirc-feed sponsored-card min-h-[250px]\" data-recirc-id=\"article-river-stacked-ads:native-cards\" data-mrf-recirculation=\"article-river-ads\" data-nosnippet data-ad-slot-path=\"feed-sponsored-post\" data-attribute-device=\"all\">\n<div class=\"max-w-full sponsored-post--placeholder animate-pulse\">\n<div class=\"relative!\"><span class=\"text-base text-black font-bold mx-0 my-2.5 p-0 block bg-gray-100\">\u00a0<br \/>\u00a0<\/span><\/div>\n<\/div>\n<\/div>\n<div>\n<div class=\"aspect-[var(--img-listing-aspect-ratio,16\/9)] relative mb-3.5\">\n    <source type=\"image\/webp\" srcset=\"https:\/\/cdn.mos.cms.futurecdn.net\/JZzemFw5TdtdXkCVjuaheQ-840-80.jpg.webp 840w, https:\/\/cdn.mos.cms.futurecdn.net\/JZzemFw5TdtdXkCVjuaheQ-650-80.jpg.webp 650w, https:\/\/cdn.mos.cms.futurecdn.net\/JZzemFw5TdtdXkCVjuaheQ-500-80.jpg.webp 500w, https:\/\/cdn.mos.cms.futurecdn.net\/JZzemFw5TdtdXkCVjuaheQ-450-80.jpg.webp 450w, https:\/\/cdn.mos.cms.futurecdn.net\/JZzemFw5TdtdXkCVjuaheQ-320-80.jpg.webp 320w\" sizes=\"(min-width: 900px) 925px, (min-width: 700px) 450px, calc(100vw - 48px)\" \/><\/div>\n<p><span class=\"custom-subheading-styles\">Teams &amp; Riders<\/span><span class=\"text-base text-black font-bold mx-0 my-2.5 p-0 block custom-text-styles\">Kim Le Court-Pienaar comes full circle at Tour of Britain Women to take her first-ever GC victory<\/span><\/div>\n<div class=\"relative recirc-feed sponsored-card min-h-[250px]\" data-recirc-id=\"article-river-stacked-ads:native-cards\" data-mrf-recirculation=\"article-river-ads\" data-nosnippet data-ad-slot-path=\"feed-sponsored-post\" data-attribute-device=\"all\">\n<div class=\"max-w-full sponsored-post--placeholder animate-pulse\">\n<div class=\"relative!\"><span class=\"text-base text-black font-bold mx-0 my-2.5 p-0 block bg-gray-100\">\u00a0<br \/>\u00a0<\/span><\/div>\n<\/div>\n<\/div>\n<div>\n<div class=\"aspect-[var(--img-listing-aspect-ratio,16\/9)] relative mb-3.5\">\n    <source type=\"image\/webp\" srcset=\"https:\/\/cdn.mos.cms.futurecdn.net\/pyoa6JqM6PUXASaJ8znEpC-840-80.jpg.webp 840w, https:\/\/cdn.mos.cms.futurecdn.net\/pyoa6JqM6PUXASaJ8znEpC-650-80.jpg.webp 650w, https:\/\/cdn.mos.cms.futurecdn.net\/pyoa6JqM6PUXASaJ8znEpC-500-80.jpg.webp 500w, https:\/\/cdn.mos.cms.futurecdn.net\/pyoa6JqM6PUXASaJ8znEpC-450-80.jpg.webp 450w, https:\/\/cdn.mos.cms.futurecdn.net\/pyoa6JqM6PUXASaJ8znEpC-320-80.jpg.webp 320w\" sizes=\"(min-width: 900px) 925px, (min-width: 700px) 450px, calc(100vw - 48px)\" \/><\/div>\n<p><span class=\"custom-subheading-styles\">Racing<\/span><span class=\"text-base text-black font-bold mx-0 my-2.5 p-0 block custom-text-styles\">Lauf Gravel Worlds: Geerike Schreurs beats Rosa Kl\u00f6ser in photo finish as Torbj\u00f8rn R\u00f8ed wins three-way sprint after storms cause course rejig<\/span><\/div>\n<div class=\"relative recirc-feed sponsored-card min-h-[250px]\" data-recirc-id=\"article-river-stacked-ads:native-cards\" data-mrf-recirculation=\"article-river-ads\" data-nosnippet data-ad-slot-path=\"feed-sponsored-post\" data-attribute-device=\"all\">\n<div class=\"max-w-full sponsored-post--placeholder animate-pulse\">\n<div class=\"relative!\"><span class=\"text-base text-black font-bold mx-0 my-2.5 p-0 block bg-gray-100\">\u00a0<br \/>\u00a0<\/span><\/div>\n<\/div>\n<\/div>\n<div>\n<div class=\"aspect-[var(--img-listing-aspect-ratio,16\/9)] relative mb-3.5\">\n    <source type=\"image\/webp\" srcset=\"https:\/\/cdn.mos.cms.futurecdn.net\/DfLzZ8ytJjAYKyP5FEkEaB-840-80.jpg.webp 840w, https:\/\/cdn.mos.cms.futurecdn.net\/DfLzZ8ytJjAYKyP5FEkEaB-650-80.jpg.webp 650w, https:\/\/cdn.mos.cms.futurecdn.net\/DfLzZ8ytJjAYKyP5FEkEaB-500-80.jpg.webp 500w, https:\/\/cdn.mos.cms.futurecdn.net\/DfLzZ8ytJjAYKyP5FEkEaB-450-80.jpg.webp 450w, https:\/\/cdn.mos.cms.futurecdn.net\/DfLzZ8ytJjAYKyP5FEkEaB-320-80.jpg.webp 320w\" sizes=\"(min-width: 900px) 925px, (min-width: 700px) 450px, calc(100vw - 48px)\" \/><\/div>\n<p><span class=\"custom-subheading-styles\">Racing<\/span><span class=\"text-base text-black font-bold mx-0 my-2.5 p-0 block custom-text-styles\">&#8216;It&#8217;s not completely under my control but I&#8217;m going to try&#8217; &#8211; After ultra-narrow TT defeat to Poga\u010dar, Ethan Hayter throws hat in ring for red in Vuelta a Espa\u00f1a<\/span><\/div>\n<div class=\"relative recirc-feed sponsored-card min-h-[250px]\" data-recirc-id=\"article-river-stacked-ads:native-cards\" data-mrf-recirculation=\"article-river-ads\" data-nosnippet data-ad-slot-path=\"feed-sponsored-post\" data-attribute-device=\"all\">\n<div class=\"max-w-full sponsored-post--placeholder animate-pulse\">\n<div class=\"relative!\"><span class=\"text-base text-black font-bold mx-0 my-2.5 p-0 block bg-gray-100\">\u00a0<br \/>\u00a0<\/span><\/div>\n<\/div>\n<\/div>\n<div>\n<div class=\"aspect-[var(--img-listing-aspect-ratio,16\/9)] relative mb-3.5\">\n    <source type=\"image\/webp\" srcset=\"https:\/\/cdn.mos.cms.futurecdn.net\/ok8zpNrbM9FuWB4jGwqEtY-840-80.jpg.webp 840w, https:\/\/cdn.mos.cms.futurecdn.net\/ok8zpNrbM9FuWB4jGwqEtY-650-80.jpg.webp 650w, https:\/\/cdn.mos.cms.futurecdn.net\/ok8zpNrbM9FuWB4jGwqEtY-500-80.jpg.webp 500w, https:\/\/cdn.mos.cms.futurecdn.net\/ok8zpNrbM9FuWB4jGwqEtY-450-80.jpg.webp 450w, https:\/\/cdn.mos.cms.futurecdn.net\/ok8zpNrbM9FuWB4jGwqEtY-320-80.jpg.webp 320w\" sizes=\"(min-width: 900px) 925px, (min-width: 700px) 450px, calc(100vw - 48px)\" \/><\/div>\n<p><span class=\"custom-subheading-styles\">Women&#8217;s Cycling<\/span><span class=\"text-base text-black font-bold mx-0 my-2.5 p-0 block custom-text-styles\">&#8216;It&#8217;s taken me a while to become a consistent rider&#8217; \u2013 Josie Nelson continues strongest season yet on home roads at Tour of Britain Women<\/span><\/div>\n<div class=\"relative recirc-feed sponsored-card min-h-[250px]\" data-recirc-id=\"article-river-stacked-ads:native-cards\" data-mrf-recirculation=\"article-river-ads\" data-nosnippet data-ad-slot-path=\"feed-sponsored-post\" data-attribute-device=\"all\">\n<div class=\"max-w-full sponsored-post--placeholder animate-pulse\">\n<div class=\"relative!\"><span class=\"text-base text-black font-bold mx-0 my-2.5 p-0 block bg-gray-100\">\u00a0<br \/>\u00a0<\/span><\/div>\n<\/div>\n<\/div>\n<div>\n<div class=\"aspect-[var(--img-listing-aspect-ratio,16\/9)] relative mb-3.5\">\n    <source type=\"image\/webp\" srcset=\"https:\/\/cdn.mos.cms.futurecdn.net\/pXNHT4fLqKkNr4mJF9wXkY-840-80.jpg.webp 840w, https:\/\/cdn.mos.cms.futurecdn.net\/pXNHT4fLqKkNr4mJF9wXkY-650-80.jpg.webp 650w, https:\/\/cdn.mos.cms.futurecdn.net\/pXNHT4fLqKkNr4mJF9wXkY-500-80.jpg.webp 500w, https:\/\/cdn.mos.cms.futurecdn.net\/pXNHT4fLqKkNr4mJF9wXkY-450-80.jpg.webp 450w, https:\/\/cdn.mos.cms.futurecdn.net\/pXNHT4fLqKkNr4mJF9wXkY-320-80.jpg.webp 320w\" sizes=\"(min-width: 900px) 925px, (min-width: 700px) 450px, calc(100vw - 48px)\" \/><\/div>\n<p><span class=\"custom-subheading-styles\">Teams &amp; Riders<\/span><span class=\"text-base text-black font-bold mx-0 my-2.5 p-0 block custom-text-styles\">&#8216;It&#8217;s a tiny margin but a win is a win&#8217; &#8211; Tadej Poga\u010dar celebrates fourth stage win of career and first-ever lead in Vuelta a Espa\u00f1a<\/span><\/div>\n<div class=\"relative recirc-feed sponsored-card min-h-[250px]\" data-recirc-id=\"article-river-stacked-ads:native-cards\" data-mrf-recirculation=\"article-river-ads\" data-nosnippet data-ad-slot-path=\"feed-sponsored-post\" data-attribute-device=\"all\">\n<div class=\"max-w-full sponsored-post--placeholder animate-pulse\">\n<div class=\"relative!\"><span class=\"text-base text-black font-bold mx-0 my-2.5 p-0 block bg-gray-100\">\u00a0<br \/>\u00a0<\/span><\/div>\n<\/div>\n<\/div>\n<\/div>\n<\/div>\n<\/aside>\n<\/section>\n<\/div>\n<\/div>\n<\/div>\n<div id=\"widgetArea17\" class=\"widget-area md:basis-1\/3 widget-area-g-md-vp-1-3 widget-area-g-lg-vp-1-3 widget-area-g-xl-vp-1-3 page-widget-area-17\">\n<div data-widget-type=\"dynamic\" id=\"popular-data\" class=\"clear-both widget widget-dynamic widget-popular-data widget-dynamic-popular-data widget-dynamic-fter-popular-box\">\n<div class=\"wdn-fte-pb pos-relative space-t20\n\"><\/p>\n<div class=\"slice-container popular-box-slice\">\n<section class=\"popular-box\" data-component-name=\"Slice:PopularBox\">\n<div class=\"popular-box__label\">\n<div class=\"popular-box__label__tab popular-box__label__tab--active\" role=\"heading\">\nLATEST ARTICLES\n<\/div>\n<\/div>\n<ol class=\"popular-box__articles-list popular-box__articles-list--active\">\n<li class=\"popular-box__article-list\">\n<div class=\"popular-box__article-list__container\">\n<div class=\"popular-box__article-list__image-wrapper\">\n<div>\n<source type=\"image\/webp\" srcset=\"https:\/\/cdn.mos.cms.futurecdn.net\/cLSHcRATZJ5wsZjNMcxxtC-1280-80.jpg.webp 1280w, https:\/\/cdn.mos.cms.futurecdn.net\/cLSHcRATZJ5wsZjNMcxxtC-720-80.jpg.webp 720w, https:\/\/cdn.mos.cms.futurecdn.net\/cLSHcRATZJ5wsZjNMcxxtC-640-80.jpg.webp 640w, https:\/\/cdn.mos.cms.futurecdn.net\/cLSHcRATZJ5wsZjNMcxxtC-320-80.jpg.webp 320w\" sizes=\"99vw\" \/><\/div>\n<\/div>\n<div class=\"popular-box__article-list__content\">\n<div class=\"popular-box__article-list__number-text\">1<\/div>\n<div class=\"popular-box__article-list__heading\">\n<p>&#8216;When Wout goes, you have to react&#8217; &#8211; Tadej Poga\u010dar retains Vuelta a Espa\u00f1a lead after sizzling finale duel with Van Aert<\/p>\n<\/div>\n<\/div>\n<\/div>\n<\/li>\n<li class=\"popular-box__article-list\">\n<div class=\"popular-box__article-list__container\">\n<div class=\"popular-box__article-list__content\">\n<div class=\"popular-box__article-list__number-text\">2<\/div>\n<div class=\"popular-box__article-list__heading\">\n<p>Kim Le Court-Pienaar comes full circle at Tour of Britain Women to take her first-ever GC victory<\/p>\n<\/div>\n<\/div>\n<\/div>\n<\/li>\n<li class=\"popular-box__article-list\">\n<div class=\"popular-box__article-list__container\">\n<div class=\"popular-box__article-list__content\">\n<div class=\"popular-box__article-list__number-text\">3<\/div>\n<div class=\"popular-box__article-list__heading\">\n<p>&#8216;I didn&#8217;t really have much left for such a hard finish&#8217; \u2013 Ethan Hayter misses out on red jersey again at Vuelta a Espa\u00f1a despite gutsy breakaway ride in ripped shorts<\/p>\n<\/div>\n<\/div>\n<\/div>\n<\/li>\n<li class=\"popular-box__article-list\">\n<div class=\"popular-box__article-list__container\">\n<div class=\"popular-box__article-list__content\">\n<div class=\"popular-box__article-list__number-text\">4<\/div>\n<div class=\"popular-box__article-list__heading\">\n<p>Vuelta a Espa\u00f1a: Powerful sprint nets Matthew Brennan stage 2 victory as Tadej Poga\u010dar fends off attacks to keep leader&#8217;s jersey<\/p>\n<\/div>\n<\/div>\n<\/div>\n<\/li>\n<li class=\"popular-box__article-list\">\n<div class=\"popular-box__article-list__container\">\n<div class=\"popular-box__article-list__content\">\n<div class=\"popular-box__article-list__number-text\">5<\/div>\n<div class=\"popular-box__article-list__heading\">\n<p>Deutschland Tour: Isaac del Toro seals overall title as Paul Magnier wins finale stage 4 in Heilbronn<\/p>\n<\/div>\n<\/div>\n<\/div>\n<\/li>\n<\/ol>\n<\/section>\n<\/div>\n<\/div>\n<\/div>\n<\/div>\n<\/div>\n<\/article>\n<div class=\"news-article\">\n<header data-component-name=\"Article:Hero\">\n<nav class=\"breadcrumb\" aria-label=\"Breadcrumbs\">\n<ol>\n<li>\nPro Cycling\n<\/li>\n<li>\nRacing\n<\/li>\n<li>\nRoad\n<\/li>\n<li>\nVuelta a Espa\u00f1a\n<\/li>\n<\/ol>\n<\/nav>\n<h1>&#8216;I didn&#8217;t really have much left for such a hard finish&#8217; \u2013 Ethan Hayter misses out on red jersey again at Vuelta a Espa\u00f1a despite gutsy breakaway ride in ripped shorts<\/h1>\n<div class=\"byline-social\">\n<div class=\"vds-byline-block flex flex-row flex-nowrap my-1.5 gap-2 text-left items-start justify-start\" data-component-name=\"Article:BylineBlock\">\n<p>News<\/p>\n<div class=\"my-auto vds-simple-byline\"><span class=\"inline-block vds-author\"><br \/>\nBy<br \/>\nJames Moultrie <\/span><\/p>\n<div class=\"flex gap-1 vds-byline-with-avatar__meta\"><span class=\"vds-date block font-normal tracking-normal normal-case text-xs\"><br \/>\nPublished<br \/>\n<time data-component-name=\"UI:DateTime\" datetime=\"2026-08-23T18:12:37Z\" class=\"relative-date\"><br \/>\n23 August 2026<br \/>\n<\/time><\/span><\/div>\n<\/div>\n<\/div>\n<p class=\"strapline\">Brit explains modified kit as he&#8217;s left disappointed again after briefly taking virtual lead, then missing splits in final<\/p>\n<\/div>\n<aside class=\"text-gray-700 flex items-center mx-0 my-5 p-0 justify-start text-left\" id=\"affiliate-disclaimer\" data-component-name=\"AffiliateDisclaimer\" data-hawk-message=\"Affiliate disclaimer removed because hawk deemed there are no affiliate links on this page\">\n<p class=\"text-[color:var(--affiliate-disclaimer--text-color,inherit)] mb-2 text-[length:var(--affiliate-disclaimer--font-size,0.75rem)] leading-[18px] md:text-[13px] [&amp;&gt;a]:text-inherit [&amp;&gt;a]:underline\">\nWhen you purchase through links on our site, we may earn an affiliate commission. Here\u2019s how it works.\n<\/p>\n<\/aside>\n<\/header>\n<\/div>\n<div id=\"article-body\" class=\"text-copy bodyCopy auto paywall-locker\">\n<div data-analytics-id=\"utility-bar\" id=\"utility-bar\" class=\"font-ui-heading flex justify-between items-center py-2 border-t border-b border-gray-300 border-solid mb-5 mx-auto\" data-component-name=\"UtilityBar\" data-mrf-recirculation=\"utility-bar\">\n<div class=\"flex gap-2 text-[#333] subcontainer\">\n<div class=\"relative tooltip-container\" role=\"tooltip\">\n<div data-component-name=\"Social:Dropdown\" role=\"menu\" id=\"utilitybar__dropdown--share\" aria-labelledby=\"utilitybar__button--share\" class=\"absolute left-0 top-full w-44 bg-white rounded-md shadow-md border border-neutral-200 z-[9996] list-none m-0 py-2 px-3 border-solid\">\n<ul class=\"m-0!\">\n<li class=\"!p-0 !m-0 list-none border-b border-gray-200 border-solid\">\n<li class=\"!p-0 !m-0 list-none border-b border-gray-200 border-solid\">\n<p>Facebook<\/p>\n<\/li>\n<li class=\"!p-0 !m-0 list-none border-b border-gray-200 border-solid\">\n<p>X<\/p>\n<\/li>\n<li class=\"!p-0 !m-0 list-none border-b border-gray-200 border-solid\">\n<p>Pinterest<\/p>\n<\/li>\n<li class=\"!p-0 !m-0 list-none border-b border-gray-200 border-solid\">\n<p>Email<\/p>\n<\/li>\n<\/ul>\n<\/div>\n<div class=\"font-ui-heading max-sm:hidden tooltip absolute left-1\/2 bg-gray-900 text-white text-xs leading-none px-3 py-1.5 rounded-md z-[10001] whitespace-nowrap\" id=\"tooltip-share-this-article\" role=\"tooltip\" aria-hidden=\"true\">\nShare this article\n<\/div>\n<\/div>\n<div class=\"relative tooltip-container\" role=\"tooltip\"><span class=\"ml-1 inline-flex h-5 px-2 shrink-0 items-center justify-center self-center overflow-hidden whitespace-nowrap rounded-[10px] bg-primary-500 text-[11px] leading-none font-ui-heading font-semibold text-white\">0<\/span><\/p>\n<div class=\"font-ui-heading max-sm:hidden tooltip absolute left-1\/2 bg-gray-900 text-white text-xs leading-none px-3 py-1.5 rounded-md z-[10001] whitespace-nowrap\" id=\"tooltip-join-the-conversation\" role=\"tooltip\" aria-hidden=\"true\">\nJoin the conversation\n<\/div>\n<\/div>\n<\/div>\n<div class=\"flex gap-2 text-[#333] subcontainer\">\n<div class=\"relative tooltip-container\" role=\"tooltip\">\n<p>Follow us<\/p>\n<div class=\"font-ui-heading max-sm:hidden tooltip absolute left-1\/2 bg-gray-900 text-white text-xs leading-none px-3 py-1.5 rounded-md z-[10001] whitespace-nowrap\" id=\"tooltip-add-us-as-a-preferred-source-on-google\" role=\"tooltip\" aria-hidden=\"true\">\nAdd us as a preferred source on Google\n<\/div>\n<\/div>\n<div class=\"relative tooltip-container\" role=\"tooltip\">\n<div class=\"font-ui-heading max-sm:hidden tooltip absolute left-1\/2 bg-gray-900 text-white text-xs leading-none px-3 py-1.5 rounded-md z-[10001] whitespace-nowrap\" id=\"tooltip-subscribe-to-our-newsletter\" role=\"tooltip\" aria-hidden=\"true\">\nSubscribe to our newsletter\n<\/div>\n<\/div>\n<\/div>\n<\/div>\n<p id=\"elk-4eda8f6a-9f18-11f1-8bdd-a5424d3c23f5\">Ethan Hayter narrowly missed out on the leader&#8217;s red jersey at the Vuelta a Espa\u00f1a for the second day running, despite briefly going into the virtual lead thanks to his efforts in the breakaway on stage 2.<\/p>\n<p>Having lost out to Tadej Poga\u010dar by less than a tenth of a second during the Monaco opener on Saturday, Hayter admitted that while he would be pursuing red on the first road stage, whether or not he could take it would largely depend on what the world champion wanted.<\/p>\n<p id=\"elk-4eda8f6a-9f18-11f1-8bdd-a5424d3c23f5-2\" aria-hidden=\"true\" class=\"kiosq-b\">Hayter made it into the early breakaway, before ditching his fellow escapees once the peloton started to make an impression on the four-rider group&#8217;s advantage, before time trialling his way to the intermediate sprint where he would gain six bonus seconds and move ahead of Poga\u010dar.<\/p>\n<div class=\"my-6 w-full overflow-hidden rounded-[10px] lg:my-8\" data-component-name=\"JwPlayer:Carousel\" data-jwp-carousel data-jwp-carousel-payload=\"{&quot;ids&quot;:{&quot;playerID&quot;:&quot;jYDCcabO&quot;,&quot;searchPlaylistID&quot;:&quot;gwjdoYHD&quot;,&quot;divID&quot;:&quot;botr_gwjdoYHD_jYDCcabO_div&quot;,&quot;fallbackPlaylistID&quot;:&quot;gwjdoYHD&quot;,&quot;fallbackDivID&quot;:&quot;botr_gwjdoYHD_jYDCcabO_div&quot;,&quot;key&quot;:&quot;X9\/mXVGac0NphghLH9hZaqWA5d3dhAM\/Ih07grnEyMLjuO2E&quot;,&quot;tintLogo&quot;:true,&quot;useSearchPlaylist&quot;:false,&quot;enabled&quot;:true},&quot;signPostingEnabled&quot;:true,&quot;signPostingLinkEnabled&quot;:true,&quot;waitForAdLoad&quot;:false,&quot;hidePlayerOnDesktop&quot;:false,&quot;hidePlayerOnMobile&quot;:false,&quot;hidePlayerOnTablet&quot;:false}\">\n<div class=\"flex flex-nowrap items-center justify-between gap-3 bg-zinc-900 px-[14px] py-3\" data-jwp-carousel-header>\n<div class=\"flex min-w-0 shrink items-center\"><span class=\"inline-flex items-center gap-1.5 text-sm font-article-heading capitalize leading-5 text-white whitespace-nowrap\"><span class=\"jwp-carousel-title-desktop\">Latest Videos From<\/span><span class=\"jwp-carousel-brand\">Cyclingnews<\/span><\/span><\/div>\n<\/div>\n<div class=\"min-h-[44px] bg-zinc-900 px-[14px] py-3\" data-jwp-carousel-signposting><a class=\"invisible block truncate text-sm font-bold leading-5 text-white underline decoration-solid underline-offset-2\" data-jwp-carousel-signposting-link href target=\"_blank\" rel=\"noopener noreferrer\"><span data-jwp-carousel-signposting-title>Watch full video here: <\/span><\/a><\/div>\n<\/div>\n<p aria-hidden=\"true\" class=\"kiosq-b\">All he had to do to claim a first Grand Tour lead of his career would be finish in the front group and hope that the all-conquering Slovenian didn&#8217;t win what was expected to be a sprint \u2013 but that is much easier said than done.<\/p>\n<p aria-hidden=\"true\" class=\"kiosq-b\">&#8220;I didn&#8217;t get the jersey, no? Do you know the result?&#8221; said Hayter as he arrived at the finish in Manosque, to which the reporter then informed him Poga\u010dar would be keeping red.<\/p>\n<aside data-component-name=\"Recirculation:ArticleRiver\" data-recirculation-type=\"inline\" data-mrf-recirculation=\"Trending Bar\" data-nosnippet class=\"clear-both pt-2 pb-0 mb-4\"><span class=\"\n            flex\n            after:content-[&apos;&apos;] after:flex-1 after:ml-4 after:my-[0.7rem] after:border-t after:border-solid after:border-t-[#ccc]\n            before:content-[&apos;&apos;] before:flex-1 before:mr-4 before:my-[0.7rem] before:border-t before:border-solid before:border-t-[#ccc]\n            font-article-heading pb-0 text-[length:var(--article-river-title--font-size,1em)] uppercase sm:text-[length:var(--article-river-title--font-size,0.875em)] font-bold\n        \"><br \/>\n            You may like<br \/>\n        <\/span><\/p>\n<ul class=\"flex flex-col gap-0 m-0 max-w-full\">\n<li class=\"m-0 list-none border-b border-solid border-[#ededed] py-2\" data-recirculation-id=\"recirculation-card-1\" id=\"recirculation-inline-1\" data-analytics-id=\"recirculation-inline-1\" data-mrf-recirculation=\"recirculation-inline-1\">\n    <source type=\"image\/webp\" srcset=\"https:\/\/cdn.mos.cms.futurecdn.net\/DfLzZ8ytJjAYKyP5FEkEaB-250-80.jpg.webp 250w, https:\/\/cdn.mos.cms.futurecdn.net\/DfLzZ8ytJjAYKyP5FEkEaB-150-80.jpg.webp 150w\" sizes=\"150px\" \/><span class=\"w-full text-base font-[var(--article-river-item--font-weight,500)] font-article-heading line-clamp-3 md:line-clamp-2\">&#8216;It&#8217;s not completely under my control but I&#8217;m going to try&#8217; &#8211; After ultra-narrow TT defeat to Poga\u010dar, Ethan Hayter throws hat in ring for red in Vuelta a Espa\u00f1a<\/span><\/li>\n<li class=\"m-0 list-none border-b border-solid border-[#ededed] py-2\" data-recirculation-id=\"recirculation-card-2\" id=\"recirculation-inline-2\" data-analytics-id=\"recirculation-inline-2\" data-mrf-recirculation=\"recirculation-inline-2\">\n    <source type=\"image\/webp\" srcset=\"https:\/\/cdn.mos.cms.futurecdn.net\/cLSHcRATZJ5wsZjNMcxxtC-250-80.jpg.webp 250w, https:\/\/cdn.mos.cms.futurecdn.net\/cLSHcRATZJ5wsZjNMcxxtC-150-80.jpg.webp 150w\" sizes=\"150px\" \/><span class=\"w-full text-base font-[var(--article-river-item--font-weight,500)] font-article-heading line-clamp-3 md:line-clamp-2\">&#8216;When Wout goes, you have to react&#8217; &#8211; Tadej Poga\u010dar retains Vuelta a Espa\u00f1a lead after sizzling finale duel with Van Aert<\/span><\/li>\n<li class=\"m-0 list-none border-b border-solid border-[#ccc] py-2\" data-recirculation-id=\"recirculation-card-3\" id=\"recirculation-inline-3\" data-analytics-id=\"recirculation-inline-3\" data-mrf-recirculation=\"recirculation-inline-3\">\n    <source type=\"image\/webp\" srcset=\"https:\/\/cdn.mos.cms.futurecdn.net\/PpEhHGvv8AgcUn5LNYNkvU-250-80.jpg.webp 250w, https:\/\/cdn.mos.cms.futurecdn.net\/PpEhHGvv8AgcUn5LNYNkvU-150-80.jpg.webp 150w\" sizes=\"150px\" \/><span class=\"w-full text-base font-[var(--article-river-item--font-weight,500)] font-article-heading line-clamp-3 md:line-clamp-2\">Vuelta a Espa\u00f1a: Tadej Poga\u010dar claims stage 1 time trial and takes the first leader&#8217;s jersey in Monaco<\/span><\/li>\n<\/ul>\n<\/aside>\n<p aria-hidden=\"true\" class=\"kiosq-b\">After his visible disappointment on stage 1, Hayter was once again left wanting more, with several gaps forming in the run for home causing him to only manage 80th, losing 31 seconds and any hope of the lead.<\/p>\n<p aria-hidden=\"true\" class=\"kiosq-b\">Questions have been raised over his positioning in recent years, and Hayter was barely towards the front with his Soudal-QuickStep teammates once he was caught back from the break. Though there was the hectic nature of the approach to battle with, he could only concede that the legs weren&#8217;t there.<\/p>\n<div id=\"slice-container-newsletterForm-articleInbodyContent-FS6KeTGWzJQXkFqB2D4q3G\" class=\"slice-container newsletter-inbodyContent-slice newsletterForm-articleInbodyContent-FS6KeTGWzJQXkFqB2D4q3G slice-container-newsletterForm\">\n<div data-hydrate=\"true\" class=\"newsletter-form__wrapper newsletter-form__wrapper--inbodyContent\">\n<div class=\"newsletter-form__container\">\n<section class=\"newsletter-form__top-bar\">\n<div class=\"newsletter-form__header\">Get The Leadout Newsletter<\/div>\n<\/section>\n<section class=\"newsletter-form__main-section\">\n<p class=\"newsletter-form__strapline\">The latest race content, interviews, features, reviews and expert buying guides, direct to your inbox!<\/p>\n<footer class=\"newsletter-form__footer \">By submitting your information you agree to the Terms &amp; Conditions and Privacy Policy and are aged 16 or over.<\/footer>\n<\/section>\n<\/div>\n<\/div>\n<\/div>\n<p aria-hidden=\"true\" class=\"kiosq-b\">&#8220;It was just almost a crash and a small gap in the end, and it was a hard final for someone that&#8217;s been in the breakaway,&#8221; Hayter told <em>Eurosport<\/em>, &#8220;and even for the positioning, I didn&#8217;t have the legs to really move any further forward than I was. It&#8217;s a shame, but it was nice to try.&#8221;<\/p>\n<p aria-hidden=\"true\" class=\"kiosq-b\">Explaining that near-miss, Hayter said, &#8220;There was just one roundabout; I think they only had one lane open, and we almost stopped halfway in the bunch. It happens, but yeah.<\/p>\n<p aria-hidden=\"true\" class=\"kiosq-b\">&#8220;I was also just sliding backwards in the climb, anyway; I didn&#8217;t really have much left for such a hard finish. And guys, we&#8217;re doing full lead outs and then just stopping, obviously, in the middle of the road. And it&#8217;s a little bit tricky if you&#8217;re not in the front.&#8221;<\/p>\n<aside data-component-name=\"Recirculation:ArticleRiver\" data-recirculation-type=\"inline\" data-mrf-recirculation=\"Trending Bar\" data-nosnippet class=\"clear-both pt-2 pb-0 mb-4\"><span class=\"\n            flex\n            after:content-[&apos;&apos;] after:flex-1 after:ml-4 after:my-[0.7rem] after:border-t after:border-solid after:border-t-[#ccc]\n            before:content-[&apos;&apos;] before:flex-1 before:mr-4 before:my-[0.7rem] before:border-t before:border-solid before:border-t-[#ccc]\n            font-article-heading pb-0 text-[length:var(--article-river-title--font-size,1em)] uppercase sm:text-[length:var(--article-river-title--font-size,0.875em)] font-bold\n        \"><br \/>\n            What to read next<br \/>\n        <\/span><\/p>\n<ul class=\"flex flex-col gap-0 m-0 max-w-full\">\n<li class=\"m-0 list-none border-b border-solid border-[#ededed] py-2\" data-recirculation-id=\"recirculation-card-1\" id=\"recirculation-inline-2-1\" data-analytics-id=\"recirculation-2-inline-1\" data-mrf-recirculation=\"recirculation-2-inline-1\">\n    <source type=\"image\/webp\" srcset=\"https:\/\/cdn.mos.cms.futurecdn.net\/pXNHT4fLqKkNr4mJF9wXkY-250-80.jpg.webp 250w, https:\/\/cdn.mos.cms.futurecdn.net\/pXNHT4fLqKkNr4mJF9wXkY-150-80.jpg.webp 150w\" sizes=\"150px\" \/><span class=\"w-full text-base font-[var(--article-river-item--font-weight,500)] font-article-heading line-clamp-3 md:line-clamp-2\">&#8216;It&#8217;s a tiny margin but a win is a win&#8217; &#8211; Tadej Poga\u010dar celebrates fourth stage win of career and first-ever lead in Vuelta a Espa\u00f1a<\/span><\/li>\n<li class=\"m-0 list-none border-b border-solid border-[#ededed] py-2\" data-recirculation-id=\"recirculation-card-2\" id=\"recirculation-inline-2-2\" data-analytics-id=\"recirculation-2-inline-2\" data-mrf-recirculation=\"recirculation-2-inline-2\">\n    <source type=\"image\/webp\" srcset=\"https:\/\/cdn.mos.cms.futurecdn.net\/xgNzaGgQEQpA8BkDmvBByi-250-80.jpg.webp 250w, https:\/\/cdn.mos.cms.futurecdn.net\/xgNzaGgQEQpA8BkDmvBByi-150-80.jpg.webp 150w\" sizes=\"150px\" \/><span class=\"w-full text-base font-[var(--article-river-item--font-weight,500)] font-article-heading line-clamp-3 md:line-clamp-2\">Vuelta a Espa\u00f1a GC standings &#8211; Tadej Poga\u010dar keeps leader&#8217;s jersey after stage 2<\/span><\/li>\n<li class=\"m-0 list-none border-b border-solid border-[#ccc] py-2\" data-recirculation-id=\"recirculation-card-3\" id=\"recirculation-inline-2-3\" data-analytics-id=\"recirculation-2-inline-3\" data-mrf-recirculation=\"recirculation-2-inline-3\">\n    <source type=\"image\/webp\" srcset=\"https:\/\/cdn.mos.cms.futurecdn.net\/q8pkrsdAaUJYRiybkGipaH-250-80.jpg.webp 250w, https:\/\/cdn.mos.cms.futurecdn.net\/q8pkrsdAaUJYRiybkGipaH-150-80.jpg.webp 150w\" sizes=\"150px\" \/><span class=\"w-full text-base font-[var(--article-river-item--font-weight,500)] font-article-heading line-clamp-3 md:line-clamp-2\">&#8216;I couldn&#8217;t change gear&#8217; \u2013 Tom Pidcock explains electronic shifter issues that hampered sprint from Tour de France breakaway<\/span><\/li>\n<\/ul>\n<\/aside>\n<p aria-hidden=\"true\" class=\"kiosq-b\">His team had little in the way of complaints about the British rider&#8217;s execution, despite him being unable to follow once Wout van Aert and Poga\u010dar kicked off the finale, where his compatriot Matthew Brennan ended up taking victory.<\/p>\n<p aria-hidden=\"true\" class=\"kiosq-b\">&#8220;He achieved exactly what we agreed on to do, and the last kilometre \u2013 OK he has been 170 kilometres in the breakaway partly alone \u2013 if then guys like Van Aert and Poga\u010dar go, we cannot expect that he can still follow,&#8221; said DS Sepp Vanmarcke. &#8220;So I think it was pretty honest in the final, and we did everything that we were able to do to fight for that red jersey.&#8221;<\/p>\n<h2 id=\"ripped-shorts-en-route-to-the-finish-3\" aria-hidden=\"true\" class=\"kiosq-b\">Ripped shorts en route to the finish<\/h2>\n<figure class=\"van-image-figure inline-layout kiosq-b\" data-bordeaux-image-check id=\"elk-055723fc-9f19-11f1-a5c9-79da3f590978\" aria-hidden=\"true\">\n<div class=\"image-full-width-wrapper\">\n<div class=\"image-widthsetter\">\n<p class=\"vanilla-image-block\">\n<source type=\"image\/webp\" srcset=\"https:\/\/cdn.mos.cms.futurecdn.net\/RJFFpQiEpGtkdSdSimBhBb-1200-80.jpg.webp 1200w, https:\/\/cdn.mos.cms.futurecdn.net\/RJFFpQiEpGtkdSdSimBhBb-1024-80.jpg.webp 1024w, https:\/\/cdn.mos.cms.futurecdn.net\/RJFFpQiEpGtkdSdSimBhBb-970-80.jpg.webp 970w, https:\/\/cdn.mos.cms.futurecdn.net\/RJFFpQiEpGtkdSdSimBhBb-650-80.jpg.webp 650w, https:\/\/cdn.mos.cms.futurecdn.net\/RJFFpQiEpGtkdSdSimBhBb-480-80.jpg.webp 480w, https:\/\/cdn.mos.cms.futurecdn.net\/RJFFpQiEpGtkdSdSimBhBb-320-80.jpg.webp 320w\" sizes=\"(min-width: 1000px) 970px, calc(100vw - 40px)\" \/><\/p>\n<\/div>\n<\/div><figcaption class=\" inline-layout\"><span class=\"credit\">(Image credit: Getty Images)<\/span><\/figcaption><\/figure>\n<p id=\"elk-4eda90fa-9f18-11f1-8368-e36c8f04c850\" aria-hidden=\"true\" class=\"kiosq-b\">The other curious story surrounding Hayter on stage 2 was that midway through the stage, he was spotted in the breakaway with the back of his shorts completely ripped open.<\/p>\n<p aria-hidden=\"true\" class=\"kiosq-b\">Explaining why he had to go with the modified kit, Hayter said the organisers had simply given him no sizing options when it came to the green jersey he was donning. He wasn&#8217;t going to miss his moment to ride in a leader&#8217;s jersey, and though he is still in second in the points classification, Hayter will wear green again on Monday&#8217;s stage 3.<\/p>\n<p aria-hidden=\"true\" class=\"kiosq-b\">&#8220;The organisation, for some reason, they only gave me an extra small, and then they didn&#8217;t have any spares, so they said you can wear your own team kit or the green jersey,&#8221; said Hayter.<\/p>\n<p aria-hidden=\"true\" class=\"kiosq-b\">&#8220;I said I can&#8217;t wear my own team kit, for maybe \u2013 you never know when your last day is in the jersey. But then we started the race, and it was like cutting the blood from my legs, so I had to. It looked a bit silly, but I was really suffering in the breakaway, and I started to feel a lot better once I made some breathing room for my legs.&#8221;<\/p>\n<p id=\"elk-4eda9172-9f18-11f1-9fc3-c307ad9b8cdd\" aria-hidden=\"true\" class=\"kiosq-b\"><strong>For unbeatable coverage across road, gravel and tech, subscribe to Cyclingnews. You&#8217;ll get comprehensive race coverage of La Vuelta a Espa\u00f1a, subscriber-exclusive analysis from our expert columnists, in-depth features and industry-leading tech insight. Plus, the Cyclingnews app lets you follow the action wherever you go! <\/strong><u><strong>Join today.<\/strong><\/u><\/p>\n<\/div>\n<p>[analyse_source url=&#8221;https:\/\/www.cyclingnews.com\/pro-cycling\/racing\/i-didnt-really-have-much-left-for-such-a-hard-finish-ethan-hayter-misses-out-on-red-jersey-again-at-vuelta-a-espana-despite-gutsy-breakaway-ride-in-ripped-shorts\/&#8221;]<\/p>\n","protected":false},"excerpt":{"rendered":"<p>[analyse_image type=&#8221;featured&#8221; src=&#8221;https:\/\/cdn.mos.cms.futurecdn.net\/zKa5jF8d2s4BYwxnu4djUX-2560-80.jpg&#8221;] 1 As it happened: British sensation steals the show in first road stage at La Vuelta a Espa\u00f1a 2026 2 As it happened: Time trial goes down to the wire at stage 1 of the Vuelta a Espa\u00f1a 3 Vuelta a Espa\u00f1a: Tadej Poga\u010dar claims stage 1 time trial and takes the [&hellip;]<\/p>\n","protected":false},"author":1,"featured_media":0,"comment_status":"open","ping_status":"","sticky":false,"template":"","format":"standard","meta":{"footnotes":""},"categories":[2],"tags":[226,68],"class_list":["post-2108264","post","type-post","status-publish","format-standard","hentry","category-politics","tag-crawlmanager","tag-cyclingnews-com"],"_links":{"self":[{"href":"https:\/\/analyse.optim.biz\/index.php?rest_route=\/wp\/v2\/posts\/2108264","targetHints":{"allow":["GET"]}}],"collection":[{"href":"https:\/\/analyse.optim.biz\/index.php?rest_route=\/wp\/v2\/posts"}],"about":[{"href":"https:\/\/analyse.optim.biz\/index.php?rest_route=\/wp\/v2\/types\/post"}],"author":[{"embeddable":true,"href":"https:\/\/analyse.optim.biz\/index.php?rest_route=\/wp\/v2\/users\/1"}],"replies":[{"embeddable":true,"href":"https:\/\/analyse.optim.biz\/index.php?rest_route=%2Fwp%2Fv2%2Fcomments&post=2108264"}],"version-history":[{"count":0,"href":"https:\/\/analyse.optim.biz\/index.php?rest_route=\/wp\/v2\/posts\/2108264\/revisions"}],"wp:attachment":[{"href":"https:\/\/analyse.optim.biz\/index.php?rest_route=%2Fwp%2Fv2%2Fmedia&parent=2108264"}],"wp:term":[{"taxonomy":"category","embeddable":true,"href":"https:\/\/analyse.optim.biz\/index.php?rest_route=%2Fwp%2Fv2%2Fcategories&post=2108264"},{"taxonomy":"post_tag","embeddable":true,"href":"https:\/\/analyse.optim.biz\/index.php?rest_route=%2Fwp%2Fv2%2Ftags&post=2108264"}],"curies":[{"name":"wp","href":"https:\/\/api.w.org\/{rel}","templated":true}]}}