{"id":2108262,"date":"2026-08-23T10:43:30","date_gmt":"2026-08-23T07:43:30","guid":{"rendered":"https:\/\/analyse.optim.biz\/?p=2108262"},"modified":"2026-08-23T10:43:30","modified_gmt":"2026-08-23T07:43:30","slug":"its-not-completely-under-my-control-but-im-going-to-try-after-ultra-narrow-tt-defeat-to-pogacar-ethan-hayter-throws-hat-in-ring-for-red-in-vuelta-a-espana","status":"publish","type":"post","link":"https:\/\/analyse.optim.biz\/?p=2108262","title":{"rendered":"&#8216;It&#8217;s not completely under my control but I&#8217;m going to try&#8217; &#8211; After ultra-narrow TT defeat to Poga\u010dar, Ethan Hayter throws hat in ring for red in Vuelta a Espa\u00f1a"},"content":{"rendered":"<p>[analyse_image type=&#8221;featured&#8221; src=&#8221;https:\/\/cdn.mos.cms.futurecdn.net\/DfLzZ8ytJjAYKyP5FEkEaB-2560-80.jpg&#8221;]<\/p>\n<article class=\"m-0 box-border flex flex-row items-center pr-2.5 gap-[15px] w-[278px] h-20 flex-none upnext-article-divider\" role=\"listitem\" aria-label=\"Recommended article 1 of 3\">\n<div class=\"relative flex-none w-20 h-20\">\n    <source type=\"image\/webp\" srcset=\"https:\/\/cdn.mos.cms.futurecdn.net\/vXx3fTTYeYfvhBsZ8FoUhF-160-80.jpg.webp 160w, https:\/\/cdn.mos.cms.futurecdn.net\/vXx3fTTYeYfvhBsZ8FoUhF-80-80.jpg.webp 80w\" sizes=\"80px\" \/><\/p>\n<div class=\"flex items-center justify-center absolute w-4 h-6 left-0 top-0 bg-white\/90 flex-none z-[1]\" aria-hidden=\"true\"><span class=\"font-normal text-base leading-[17px] tracking-[1.3px] uppercase text-black flex-none\">1<\/span><\/div>\n<\/div>\n<div class=\"flex flex-col items-center justify-center gap-1.5 w-[173px] h-20 flex-none\">\n<p class=\"font-article-heading font-medium text-base leading-[21px] text-gray-800 w-[173px] line-clamp-3 group-hover:underline\">\n                                    Tadej Poga\u010dar vs the rest \u2013 Our analysis of the top 10 contenders at the Vuelta a Espa\u00f1a\n                                <\/p>\n<\/div>\n<\/article>\n<article class=\"m-0 box-border flex flex-row items-center pr-2.5 gap-[15px] w-[278px] h-20 flex-none upnext-article-divider\" role=\"listitem\" aria-label=\"Recommended article 2 of 3\">\n<div class=\"relative flex-none w-20 h-20\">\n    <source type=\"image\/webp\" srcset=\"https:\/\/cdn.mos.cms.futurecdn.net\/CPxWbXXnNwNbQkNsPJbekJ-160-80.jpg.webp 160w, https:\/\/cdn.mos.cms.futurecdn.net\/CPxWbXXnNwNbQkNsPJbekJ-80-80.jpg.webp 80w\" sizes=\"80px\" \/><\/p>\n<div class=\"flex items-center justify-center absolute w-[18px] h-6 left-0 top-0 bg-white\/90 flex-none z-[1]\" aria-hidden=\"true\"><span class=\"font-normal text-base leading-[17px] tracking-[1.3px] uppercase text-black flex-none\">2<\/span><\/div>\n<\/div>\n<div class=\"flex flex-col items-center justify-center gap-1.5 w-[173px] h-20 flex-none\">\n<p class=\"font-article-heading font-medium text-base leading-[21px] text-gray-800 w-[173px] line-clamp-3 group-hover:underline\">\n                                    As it happened: British sensation steals the show in first road stage at La Vuelta a Espa\u00f1a 2026\n                                <\/p>\n<\/div>\n<\/article>\n<article class=\"m-0 box-border flex flex-row items-center pr-2.5 gap-[15px] w-[278px] h-20 flex-none\" role=\"listitem\" aria-label=\"Recommended article 3 of 3\">\n<div class=\"relative flex-none w-20 h-20\">\n    <source type=\"image\/webp\" srcset=\"https:\/\/cdn.mos.cms.futurecdn.net\/MiEh4b2a5tADEABr9Yp6w7-160-80.jpg.webp 160w, https:\/\/cdn.mos.cms.futurecdn.net\/MiEh4b2a5tADEABr9Yp6w7-80-80.jpg.webp 80w\" sizes=\"80px\" \/><\/p>\n<div class=\"flex items-center justify-center absolute w-[18px] h-6 left-0 top-0 bg-white\/90 flex-none z-[1]\" aria-hidden=\"true\"><span class=\"font-normal text-base leading-[17px] tracking-[1.3px] uppercase text-black flex-none\">3<\/span><\/div>\n<\/div>\n<div class=\"flex flex-col items-center justify-center gap-1.5 w-[173px] h-20 flex-none\">\n<p class=\"font-article-heading font-medium text-base leading-[21px] text-gray-800 w-[173px] line-clamp-3 group-hover:underline\">\n                                    As it happened: Time trial goes down to the wire at stage 1 of the Vuelta a Espa\u00f1a\n                                <\/p>\n<\/div>\n<\/article>\n<article class=\"page-content-onecol flex-1\nnews-article article\n\"><\/p>\n<div class=\"widget-area-group widget-area-group-2col flex flex-wrap box-border\">\n<div id=\"widgetArea16\" class=\"widget-area basis-full md:basis-2\/3 widget-area-g-md-vp-2-3 widget-area-g-lg-vp-2-3 widget-area-g-xl-vp-2-3 page-widget-area-16\">\n<div data-widget-type=\"hero\" id=\"hero\" class=\"clear-both widget widget-hero widget-hero widget-hero-hero widget-hero widget-hero-fter-news\">\n<div class=\"news-article\">\n<header data-component-name=\"Article:Hero\">\n<nav class=\"breadcrumb\" aria-label=\"Breadcrumbs\">\n<ol>\n<li>\nPro Cycling\n<\/li>\n<li>\nRacing\n<\/li>\n<li>\nRoad\n<\/li>\n<li>\nVuelta a Espa\u00f1a\n<\/li>\n<\/ol>\n<\/nav>\n<h1>&#8216;It&#8217;s not completely under my control but I&#8217;m going to try&#8217; &#8211; After ultra-narrow TT defeat to Poga\u010dar, Ethan Hayter throws hat in ring for red in Vuelta a Espa\u00f1a<\/h1>\n<div class=\"byline-social\">\n<div class=\"vds-byline-block flex flex-row flex-nowrap my-1.5 gap-2 text-left items-start justify-start\" data-component-name=\"Article:BylineBlock\">\n<p>News<\/p>\n<div class=\"my-auto vds-simple-byline\"><span class=\"inline-block vds-author\"><br \/>\nBy<br \/>\nAlasdair Fotheringham <\/span><\/p>\n<div class=\"flex gap-1 vds-byline-with-avatar__meta\"><span class=\"vds-date block font-normal tracking-normal normal-case text-xs\"><br \/>\nPublished<br \/>\n<time data-component-name=\"UI:DateTime\" datetime=\"2026-08-23T10:43:30Z\" class=\"relative-date\"><br \/>\n23 August 2026<br \/>\n<\/time><\/span><\/div>\n<\/div>\n<\/div>\n<p class=\"strapline\">Briton lost opening time trial by less than a tenth of a second to Tadej Pogacar in Monaco<\/p>\n<\/div>\n<aside class=\"text-gray-700 flex items-center mx-0 my-5 p-0 justify-start text-left\" id=\"affiliate-disclaimer\" data-component-name=\"AffiliateDisclaimer\" data-hawk-message=\"Affiliate disclaimer removed because hawk deemed there are no affiliate links on this page\">\n<p class=\"text-[color:var(--affiliate-disclaimer--text-color,inherit)] mb-2 text-[length:var(--affiliate-disclaimer--font-size,0.75rem)] leading-[18px] md:text-[13px] [&amp;&gt;a]:text-inherit [&amp;&gt;a]:underline\">\nWhen you purchase through links on our site, we may earn an affiliate commission. Here\u2019s how it works.\n<\/p>\n<\/aside>\n<\/header>\n<\/div>\n<\/div>\n<div data-widget-type=\"contentparsed\" id=\"content\" class=\"clear-both widget widget-contentparsed widget-content widget-contentparsed-content widget-content-parsed widget-content-parsed-content_document \">\n<div class=\"wcp-item-content\">\n<section class=\"content-wrapper\">\n<div class=\"box less-space hero-image-wrapper\">\n<figure class=\"mb-0\">\n<source type=\"image\/webp\" srcset=\"https:\/\/cdn.mos.cms.futurecdn.net\/DfLzZ8ytJjAYKyP5FEkEaB-1920-80.jpg.webp 1920w, https:\/\/cdn.mos.cms.futurecdn.net\/DfLzZ8ytJjAYKyP5FEkEaB-1600-80.jpg.webp 1600w, https:\/\/cdn.mos.cms.futurecdn.net\/DfLzZ8ytJjAYKyP5FEkEaB-1200-80.jpg.webp 1200w, https:\/\/cdn.mos.cms.futurecdn.net\/DfLzZ8ytJjAYKyP5FEkEaB-1024-80.jpg.webp 1024w, https:\/\/cdn.mos.cms.futurecdn.net\/DfLzZ8ytJjAYKyP5FEkEaB-970-80.jpg.webp 970w, https:\/\/cdn.mos.cms.futurecdn.net\/DfLzZ8ytJjAYKyP5FEkEaB-750-80.jpg.webp 750w, https:\/\/cdn.mos.cms.futurecdn.net\/DfLzZ8ytJjAYKyP5FEkEaB-650-80.jpg.webp 650w, https:\/\/cdn.mos.cms.futurecdn.net\/DfLzZ8ytJjAYKyP5FEkEaB-480-80.jpg.webp 480w, https:\/\/cdn.mos.cms.futurecdn.net\/DfLzZ8ytJjAYKyP5FEkEaB-320-80.jpg.webp 320w\" sizes=\"(min-width: 1000px) 600px, 100vw\" \/><figcaption class=\"font-article-copy text-(--image--text--color) font-article-copy mt-2\"><span class=\"caption-text font-article-copy\">Hayter started stage 2 of the Vuelta in the green jersey<\/span><span class=\"credit font-article-copy\">(Image credit: Getty Images)<\/span><\/figcaption><\/figure>\n<\/div>\n<div id=\"article-body\" class=\"text-copy bodyCopy auto paywall-locker\">\n<div data-analytics-id=\"utility-bar\" id=\"utility-bar\" class=\"font-ui-heading flex justify-between items-center py-2 border-t border-b border-gray-300 border-solid mb-5 mx-auto\" data-component-name=\"UtilityBar\" data-mrf-recirculation=\"utility-bar\">\n<div class=\"flex gap-2 text-[#333] subcontainer\">\n<div class=\"relative tooltip-container\" role=\"tooltip\">\n<div data-component-name=\"Social:Dropdown\" role=\"menu\" id=\"utilitybar__dropdown--share\" aria-labelledby=\"utilitybar__button--share\" class=\"absolute left-0 top-full w-44 bg-white rounded-md shadow-md border border-neutral-200 z-[9996] list-none m-0 py-2 px-3 border-solid\">\n<ul class=\"m-0!\">\n<li class=\"!p-0 !m-0 list-none border-b border-gray-200 border-solid\">\n<li class=\"!p-0 !m-0 list-none border-b border-gray-200 border-solid\">\n<p>Facebook<\/p>\n<\/li>\n<li class=\"!p-0 !m-0 list-none border-b border-gray-200 border-solid\">\n<p>X<\/p>\n<\/li>\n<li class=\"!p-0 !m-0 list-none border-b border-gray-200 border-solid\">\n<p>Pinterest<\/p>\n<\/li>\n<li class=\"!p-0 !m-0 list-none border-b border-gray-200 border-solid\">\n<p>Email<\/p>\n<\/li>\n<\/ul>\n<\/div>\n<div class=\"font-ui-heading max-sm:hidden tooltip absolute left-1\/2 bg-gray-900 text-white text-xs leading-none px-3 py-1.5 rounded-md z-[10001] whitespace-nowrap\" id=\"tooltip-share-this-article\" role=\"tooltip\" aria-hidden=\"true\">\nShare this article\n<\/div>\n<\/div>\n<div class=\"relative tooltip-container\" role=\"tooltip\"><span class=\"ml-1 inline-flex h-5 px-2 shrink-0 items-center justify-center self-center overflow-hidden whitespace-nowrap rounded-[10px] bg-primary-500 text-[11px] leading-none font-ui-heading font-semibold text-white\">0<\/span><\/p>\n<div class=\"font-ui-heading max-sm:hidden tooltip absolute left-1\/2 bg-gray-900 text-white text-xs leading-none px-3 py-1.5 rounded-md z-[10001] whitespace-nowrap\" id=\"tooltip-join-the-conversation\" role=\"tooltip\" aria-hidden=\"true\">\nJoin the conversation\n<\/div>\n<\/div>\n<\/div>\n<div class=\"flex gap-2 text-[#333] subcontainer\">\n<div class=\"relative tooltip-container\" role=\"tooltip\">\n<p>Follow us<\/p>\n<div class=\"font-ui-heading max-sm:hidden tooltip absolute left-1\/2 bg-gray-900 text-white text-xs leading-none px-3 py-1.5 rounded-md z-[10001] whitespace-nowrap\" id=\"tooltip-add-us-as-a-preferred-source-on-google\" role=\"tooltip\" aria-hidden=\"true\">\nAdd us as a preferred source on Google\n<\/div>\n<\/div>\n<div class=\"relative tooltip-container\" role=\"tooltip\">\n<div class=\"font-ui-heading max-sm:hidden tooltip absolute left-1\/2 bg-gray-900 text-white text-xs leading-none px-3 py-1.5 rounded-md z-[10001] whitespace-nowrap\" id=\"tooltip-subscribe-to-our-newsletter\" role=\"tooltip\" aria-hidden=\"true\">\nSubscribe to our newsletter\n<\/div>\n<\/div>\n<\/div>\n<\/div>\n<p id=\"elk-8be45250-9edd-11f1-aaba-5f6e235a3fd4\">Ethan Hayter has said he will do his utmost to bounce back from his painfully narrow defeat in the opening stage of the Vuelta a Espa\u00f1a with a crack at the red jersey on stage 2.<\/p>\n<p>Beaten by less than a tenth of a second by Tadej Poga\u010dar (UAE Team Emirates-XRG) in the opening time trial, Hayter&#8217;s disappointment on Saturday evening in the Vuelta TT hot seat was palpable as he watched his chance of a first-ever Grand Tour lead go up in smoke at the last possible moment.<\/p>\n<p id=\"elk-8be45250-9edd-11f1-aaba-5f6e235a3fd4-2\" aria-hidden=\"true\" class=\"kiosq-b\">However, his determination to fight back was equally on show at the start in Monaco, where with bonus seconds aplenty, the Briton is in with a strong fighting chance of taking la roja on stage 2.<\/p>\n<div class=\"my-6 w-full overflow-hidden rounded-[10px] lg:my-8\" data-component-name=\"JwPlayer:Carousel\" data-jwp-carousel data-jwp-carousel-payload=\"{&quot;ids&quot;:{&quot;playerID&quot;:&quot;jYDCcabO&quot;,&quot;searchPlaylistID&quot;:&quot;gwjdoYHD&quot;,&quot;divID&quot;:&quot;botr_gwjdoYHD_jYDCcabO_div&quot;,&quot;fallbackPlaylistID&quot;:&quot;gwjdoYHD&quot;,&quot;fallbackDivID&quot;:&quot;botr_gwjdoYHD_jYDCcabO_div&quot;,&quot;key&quot;:&quot;X9\/mXVGac0NphghLH9hZaqWA5d3dhAM\/Ih07grnEyMLjuO2E&quot;,&quot;tintLogo&quot;:true,&quot;useSearchPlaylist&quot;:false,&quot;enabled&quot;:true},&quot;signPostingEnabled&quot;:true,&quot;signPostingLinkEnabled&quot;:true,&quot;waitForAdLoad&quot;:false,&quot;hidePlayerOnDesktop&quot;:false,&quot;hidePlayerOnMobile&quot;:false,&quot;hidePlayerOnTablet&quot;:false}\">\n<div class=\"flex flex-nowrap items-center justify-between gap-3 bg-zinc-900 px-[14px] py-3\" data-jwp-carousel-header>\n<div class=\"flex min-w-0 shrink items-center\"><span class=\"inline-flex items-center gap-1.5 text-sm font-article-heading capitalize leading-5 text-white whitespace-nowrap\"><span class=\"jwp-carousel-title-desktop\">Latest Videos From<\/span><span class=\"jwp-carousel-brand\">Cyclingnews<\/span><\/span><\/div>\n<\/div>\n<div class=\"min-h-[44px] bg-zinc-900 px-[14px] py-3\" data-jwp-carousel-signposting><a class=\"invisible block truncate text-sm font-bold leading-5 text-white underline decoration-solid underline-offset-2\" data-jwp-carousel-signposting-link href target=\"_blank\" rel=\"noopener noreferrer\"><span data-jwp-carousel-signposting-title>Watch full video here: <\/span><\/a><\/div>\n<\/div>\n<p aria-hidden=\"true\" class=\"kiosq-b\">&#8220;There are a lot of different ways to play it, but we&#8217;ll see how it goes,&#8221; Hayter \u2013 wearing the green of points leader by default as Poga\u010dar was in red \u2013 told reporters before the longest stage of the 2026 Vuelta from Monaco to Manosque got underway.<\/p>\n<p aria-hidden=\"true\" class=\"kiosq-b\">&#8220;It&#8217;s not completely under my control, but I&#8217;m going to try.&#8221;<\/p>\n<aside data-component-name=\"Recirculation:ArticleRiver\" data-recirculation-type=\"inline\" data-mrf-recirculation=\"Trending Bar\" data-nosnippet class=\"clear-both pt-2 pb-0 mb-4\"><span class=\"\n            flex\n            after:content-[&apos;&apos;] after:flex-1 after:ml-4 after:my-[0.7rem] after:border-t after:border-solid after:border-t-[#ccc]\n            before:content-[&apos;&apos;] before:flex-1 before:mr-4 before:my-[0.7rem] before:border-t before:border-solid before:border-t-[#ccc]\n            font-article-heading pb-0 text-[length:var(--article-river-title--font-size,1em)] uppercase sm:text-[length:var(--article-river-title--font-size,0.875em)] font-bold\n        \"><br \/>\n            You may like<br \/>\n        <\/span><\/p>\n<ul class=\"flex flex-col gap-0 m-0 max-w-full\">\n<li class=\"m-0 list-none border-b border-solid border-[#ededed] py-2\" data-recirculation-id=\"recirculation-card-1\" id=\"recirculation-inline-1\" data-analytics-id=\"recirculation-inline-1\" data-mrf-recirculation=\"recirculation-inline-1\">\n    <source type=\"image\/webp\" srcset=\"https:\/\/cdn.mos.cms.futurecdn.net\/zKa5jF8d2s4BYwxnu4djUX-250-80.jpg.webp 250w, https:\/\/cdn.mos.cms.futurecdn.net\/zKa5jF8d2s4BYwxnu4djUX-150-80.jpg.webp 150w\" sizes=\"150px\" \/><span class=\"w-full text-base font-[var(--article-river-item--font-weight,500)] font-article-heading line-clamp-3 md:line-clamp-2\">&#8216;I didn&#8217;t really have much left for such a hard finish&#8217; \u2013 Ethan Hayter misses out on red jersey again at Vuelta a Espa\u00f1a despite gutsy breakaway ride in ripped shorts<\/span><\/li>\n<li class=\"m-0 list-none border-b border-solid border-[#ededed] py-2\" data-recirculation-id=\"recirculation-card-2\" id=\"recirculation-inline-2\" data-analytics-id=\"recirculation-inline-2\" data-mrf-recirculation=\"recirculation-inline-2\">\n    <source type=\"image\/webp\" srcset=\"https:\/\/cdn.mos.cms.futurecdn.net\/PpEhHGvv8AgcUn5LNYNkvU-250-80.jpg.webp 250w, https:\/\/cdn.mos.cms.futurecdn.net\/PpEhHGvv8AgcUn5LNYNkvU-150-80.jpg.webp 150w\" sizes=\"150px\" \/><span class=\"w-full text-base font-[var(--article-river-item--font-weight,500)] font-article-heading line-clamp-3 md:line-clamp-2\">Vuelta a Espa\u00f1a: Tadej Poga\u010dar claims stage 1 time trial and takes the first leader&#8217;s jersey in Monaco<\/span><\/li>\n<li class=\"m-0 list-none border-b border-solid border-[#ccc] py-2\" data-recirculation-id=\"recirculation-card-3\" id=\"recirculation-inline-3\" data-analytics-id=\"recirculation-inline-3\" data-mrf-recirculation=\"recirculation-inline-3\">\n    <source type=\"image\/webp\" srcset=\"https:\/\/cdn.mos.cms.futurecdn.net\/pXNHT4fLqKkNr4mJF9wXkY-250-80.jpg.webp 250w, https:\/\/cdn.mos.cms.futurecdn.net\/pXNHT4fLqKkNr4mJF9wXkY-150-80.jpg.webp 150w\" sizes=\"150px\" \/><span class=\"w-full text-base font-[var(--article-river-item--font-weight,500)] font-article-heading line-clamp-3 md:line-clamp-2\">&#8216;It&#8217;s a tiny margin but a win is a win&#8217; &#8211; Tadej Poga\u010dar celebrates fourth stage win of career and first-ever lead in Vuelta a Espa\u00f1a<\/span><\/li>\n<\/ul>\n<\/aside>\n<p aria-hidden=\"true\" class=\"kiosq-b\">Hayter has some formidable rivals, he recognised, in the shape of the man in red, of course, but also Wout van Aert (Visma-Lease A Bike), just nine seconds back and who has already flung his hat in the ring for the chance of taking the lead via bonus seconds, like Hayter.<\/p>\n<p aria-hidden=\"true\" class=\"kiosq-b\">&#8220;It depends how much they both want it,&#8221; Hayter said, &#8220;for example if Tadej wants the jersey, he&#8217;ll keep it, and there&#8217;s nothing I can do about it. But it&#8217;ll be interesting to see how it goes.&#8221;<\/p>\n<div id=\"slice-container-newsletterForm-articleInbodyContent-WfnfJyGEnv2LYzGSsh2mtS\" class=\"slice-container newsletter-inbodyContent-slice newsletterForm-articleInbodyContent-WfnfJyGEnv2LYzGSsh2mtS slice-container-newsletterForm\">\n<div data-hydrate=\"true\" class=\"newsletter-form__wrapper newsletter-form__wrapper--inbodyContent\">\n<div class=\"newsletter-form__container\">\n<section class=\"newsletter-form__top-bar\">\n<div class=\"newsletter-form__header\">Get The Leadout Newsletter<\/div>\n<\/section>\n<section class=\"newsletter-form__main-section\">\n<p class=\"newsletter-form__strapline\">The latest race content, interviews, features, reviews and expert buying guides, direct to your inbox!<\/p>\n<footer class=\"newsletter-form__footer \">By submitting your information you agree to the Terms &amp; Conditions and Privacy Policy and are aged 16 or over.<\/footer>\n<\/section>\n<\/div>\n<\/div>\n<\/div>\n<p aria-hidden=\"true\" class=\"kiosq-b\">As for breakaways, &#8220;if there&#8217;s an opportunity I&#8217;ll take it, but they might control me, and it&#8217;ll be hard to get away on the flat. We have some time at the start to warm up&#8221; \u2013 with a 21 kilometre neutralisation\u2013 &#8220;so we&#8217;ll see how it goes.&#8221;<\/p>\n<p aria-hidden=\"true\" class=\"kiosq-b\">&#8220;I can sprint, but I haven&#8217;t sprinted in a race in a small while. I wouldn&#8217;t bet on it too much.&#8221;<\/p>\n<p aria-hidden=\"true\" class=\"kiosq-b\">As for how he felt after Poga\u010dar managed to beat him at literally the last second and by the barest of margins, he said, &#8220;disappointing, obviously to lose to one of the last riders is difficult because I wanted to win as much as some of the other guys. But that&#8217;s racing sometimes.&#8221;<\/p>\n<p aria-hidden=\"true\" class=\"kiosq-b\">&#8220;I don&#8217;t really need a calculator when I lose by less than a tenth of a second, but for anyone else to beat me, they have to win the stage. And if they win the stage, then they deserve the red jersey.&#8221;<\/p>\n<figure class=\"van-image-figure inline-layout kiosq-b\" data-bordeaux-image-check id=\"elk-78d28bee-9edf-11f1-a55a-a9c47ece24e9\" aria-hidden=\"true\">\n<div class=\"image-full-width-wrapper\">\n<div class=\"image-widthsetter\">\n<p class=\"vanilla-image-block\">\n<source type=\"image\/webp\" srcset=\"https:\/\/cdn.mos.cms.futurecdn.net\/gv9PoAbgcBjBmq29zrxsLn-1200-80.png.webp 1200w, https:\/\/cdn.mos.cms.futurecdn.net\/gv9PoAbgcBjBmq29zrxsLn-1024-80.png.webp 1024w, https:\/\/cdn.mos.cms.futurecdn.net\/gv9PoAbgcBjBmq29zrxsLn-970-80.png.webp 970w, https:\/\/cdn.mos.cms.futurecdn.net\/gv9PoAbgcBjBmq29zrxsLn-650-80.png.webp 650w, https:\/\/cdn.mos.cms.futurecdn.net\/gv9PoAbgcBjBmq29zrxsLn-480-80.png.webp 480w, https:\/\/cdn.mos.cms.futurecdn.net\/gv9PoAbgcBjBmq29zrxsLn-320-80.png.webp 320w\" sizes=\"(min-width: 1000px) 970px, calc(100vw - 40px)\" \/><\/p>\n<\/div>\n<\/div><figcaption class=\" inline-layout\"><span class=\"credit\">(Image credit: Getty Images)<\/span><\/figcaption><\/figure>\n<p id=\"elk-8be45368-9edd-11f1-924a-d3da1c12c7b4\" aria-hidden=\"true\" class=\"kiosq-b\"><em><strong>For unbeatable coverage across road, gravel and tech, subscribe to Cyclingnews. You&#8217;ll get comprehensive race coverage of La Vuelta a Espa\u00f1a, subscriber-exclusive analysis from our expert columnists, in-depth features and industry-leading tech insight. Plus, the Cyclingnews app lets you follow the action wherever you go!<\/strong><\/em><em><strong> Join today<\/strong><\/em><em><strong>.<\/strong><\/em><\/p>\n<\/div>\n<div id=\"slice-container-authorBio-WfnfJyGEnv2LYzGSsh2mtS\" class=\"slice-container slice-author-bio authorBio-WfnfJyGEnv2LYzGSsh2mtS slice-container-authorBio\">\n<div class=\"author author__default-layout author--separator author--collapsible\" data-hydrate=\"true\">\n<div class=\"author__header\">\n<div class=\"author__avatar-block\">\n<figure class=\"image-wrapped__wrapper\" data-bordeaux-image-check=\"false\">\n<div class=\"image-wrapped__widthsetter\">\n<div class=\"image-wrapped__aspect-padding\">\n<div><source class=\"author__avatar image-wrapped__image image__image\" type=\"image\/webp\" srcset=\"https:\/\/cdn.mos.cms.futurecdn.net\/5QLhaPay9asJvmaNsCjFVZ-140-80.jpg.webp 140w\" sizes=\"99vw\" data-normal=\"https:\/\/cdn.mos.cms.futurecdn.net\/5QLhaPay9asJvmaNsCjFVZ.jpg\" data-original-mos=\"https:\/\/cdn.mos.cms.futurecdn.net\/5QLhaPay9asJvmaNsCjFVZ.jpg\" data-pin-media=\"https:\/\/cdn.mos.cms.futurecdn.net\/5QLhaPay9asJvmaNsCjFVZ.jpg\" data-pin-nopin=\"true\" data-slice-image=\"true\" \/><\/div>\n<\/div>\n<\/div>\n<\/figure>\n<\/div>\n<div class=\"author__heading\">\n<div class=\"author__name\">Alasdair Fotheringham<\/div>\n<div class=\"author__social\">\n<nav class=\"button-social-group author__social-buttons\" aria-labelledby=\"button-social-group- author__social-buttons\">\n<div id=\"button-social-group- author__social-buttons\">Social Links Navigation<\/div>\n<\/nav>\n<\/div>\n<\/div>\n<\/div>\n<div class=\"author__bio-wrapper\">\n<div class=\"author__biography\">\n<p>Alasdair Fotheringham has been reporting on cycling since 1991. He has covered every Tour de France since 1992 bar one, as well as numerous other bike races of all shapes and sizes, ranging from the Olympic Games in 2008 to the now sadly defunct Subida a Urkiola hill climb in Spain. As well as working for <em>Cyclingnews<\/em>, he has also written for <em>The Independent<\/em>,\u00a0 <em>The Guardian<\/em>,\u00a0 <em>ProCycling<\/em>, <em>The Express<\/em> and <em>Reuters<\/em>.<\/p>\n<\/div>\n<\/div>\n<\/div>\n<\/div>\n<\/section>\n<div class=\"relative max-w-[1070px] viafoura-twig-component mt-6 mx-4 lg:mx-0\" data-component-name=\"Viafoura:Comments\" data-nosnippet data-community-guidelines-text=\"&lt;p class=&apos;vfcustom-community-guidelines&apos;&gt;Please follow our &lt;a href=&quot;https:\/\/www.cyclingnews.com\/about\/#section-community-guidelines&quot; target=&quot;_blank&quot;&gt;community guidelines&lt;\/a&gt;.&lt;\/p&gt;\" data-join-the-conversation-text=\"Join the Conversation\">\n<div class=\"absolute top-0 left-0 w-full h-full flex items-center justify-center z-50 bg-white\/90 border-1 rounded-b-[var(--comment-widget-border-radius,0)]\">\n<div class=\"p-2 text-center\">\n<p class=\"mb-3 text-lg!\">You must confirm your public display name before commenting<\/p>\n<p class=\"mb-3 text-sm!\">Please logout and then login again, you will then be prompted to enter your display name.<\/p>\n<\/div>\n<\/div>\n<\/div>\n<section class=\"mx-2 my-5 sm:mx-0\">\n<aside class=\"w-full\" data-nosnippet data-mrf-recirculation=\"article-river-stacked\">\n<div data-recirc-id=\"article-river-stacked-adviser:hybrid\">\n<div class=\"text-white py-4 px-3 mb-4 bg-[#333] uppercase font-bold custom-header-styles\">Read more<\/div>\n<div class=\"grid grid-cols-1 gap-4 mt-4 mb-5\">\n<div>\n<div class=\"aspect-[var(--img-listing-aspect-ratio,16\/9)] relative mb-3.5\">\n    <source type=\"image\/webp\" srcset=\"https:\/\/cdn.mos.cms.futurecdn.net\/zKa5jF8d2s4BYwxnu4djUX-840-80.jpg.webp 840w, https:\/\/cdn.mos.cms.futurecdn.net\/zKa5jF8d2s4BYwxnu4djUX-650-80.jpg.webp 650w, https:\/\/cdn.mos.cms.futurecdn.net\/zKa5jF8d2s4BYwxnu4djUX-500-80.jpg.webp 500w, https:\/\/cdn.mos.cms.futurecdn.net\/zKa5jF8d2s4BYwxnu4djUX-450-80.jpg.webp 450w, https:\/\/cdn.mos.cms.futurecdn.net\/zKa5jF8d2s4BYwxnu4djUX-320-80.jpg.webp 320w\" sizes=\"(min-width: 900px) 925px, (min-width: 700px) 450px, calc(100vw - 48px)\" \/><\/div>\n<p><span class=\"custom-subheading-styles\">Racing<\/span><span class=\"text-base text-black font-bold mx-0 my-2.5 p-0 block custom-text-styles\">&#8216;I didn&#8217;t really have much left for such a hard finish&#8217; \u2013 Ethan Hayter misses out on red jersey again at Vuelta a Espa\u00f1a despite gutsy breakaway ride in ripped shorts<\/span><\/div>\n<div class=\"relative recirc-feed sponsored-card min-h-[250px]\" data-recirc-id=\"article-river-stacked-ads:native-cards\" data-mrf-recirculation=\"article-river-ads\" data-nosnippet data-ad-slot-path=\"feed-sponsored-post\" data-attribute-device=\"all\">\n<div class=\"max-w-full sponsored-post--placeholder animate-pulse\">\n<div class=\"relative!\"><span class=\"text-base text-black font-bold mx-0 my-2.5 p-0 block bg-gray-100\">\u00a0<br \/>\u00a0<\/span><\/div>\n<\/div>\n<\/div>\n<div>\n<div class=\"aspect-[var(--img-listing-aspect-ratio,16\/9)] relative mb-3.5\">\n    <source type=\"image\/webp\" srcset=\"https:\/\/cdn.mos.cms.futurecdn.net\/PpEhHGvv8AgcUn5LNYNkvU-840-80.jpg.webp 840w, https:\/\/cdn.mos.cms.futurecdn.net\/PpEhHGvv8AgcUn5LNYNkvU-650-80.jpg.webp 650w, https:\/\/cdn.mos.cms.futurecdn.net\/PpEhHGvv8AgcUn5LNYNkvU-500-80.jpg.webp 500w, https:\/\/cdn.mos.cms.futurecdn.net\/PpEhHGvv8AgcUn5LNYNkvU-450-80.jpg.webp 450w, https:\/\/cdn.mos.cms.futurecdn.net\/PpEhHGvv8AgcUn5LNYNkvU-320-80.jpg.webp 320w\" sizes=\"(min-width: 900px) 925px, (min-width: 700px) 450px, calc(100vw - 48px)\" \/><\/div>\n<p><span class=\"custom-subheading-styles\">Racing<\/span><span class=\"text-base text-black font-bold mx-0 my-2.5 p-0 block custom-text-styles\">Vuelta a Espa\u00f1a: Tadej Poga\u010dar claims stage 1 time trial and takes the first leader&#8217;s jersey in Monaco<\/span><\/div>\n<div class=\"relative recirc-feed sponsored-card min-h-[250px]\" data-recirc-id=\"article-river-stacked-ads:native-cards\" data-mrf-recirculation=\"article-river-ads\" data-nosnippet data-ad-slot-path=\"feed-sponsored-post\" data-attribute-device=\"all\">\n<div class=\"max-w-full sponsored-post--placeholder animate-pulse\">\n<div class=\"relative!\"><span class=\"text-base text-black font-bold mx-0 my-2.5 p-0 block bg-gray-100\">\u00a0<br \/>\u00a0<\/span><\/div>\n<\/div>\n<\/div>\n<div>\n<div class=\"aspect-[var(--img-listing-aspect-ratio,16\/9)] relative mb-3.5\">\n    <source type=\"image\/webp\" srcset=\"https:\/\/cdn.mos.cms.futurecdn.net\/pXNHT4fLqKkNr4mJF9wXkY-840-80.jpg.webp 840w, https:\/\/cdn.mos.cms.futurecdn.net\/pXNHT4fLqKkNr4mJF9wXkY-650-80.jpg.webp 650w, https:\/\/cdn.mos.cms.futurecdn.net\/pXNHT4fLqKkNr4mJF9wXkY-500-80.jpg.webp 500w, https:\/\/cdn.mos.cms.futurecdn.net\/pXNHT4fLqKkNr4mJF9wXkY-450-80.jpg.webp 450w, https:\/\/cdn.mos.cms.futurecdn.net\/pXNHT4fLqKkNr4mJF9wXkY-320-80.jpg.webp 320w\" sizes=\"(min-width: 900px) 925px, (min-width: 700px) 450px, calc(100vw - 48px)\" \/><\/div>\n<p><span class=\"custom-subheading-styles\">Teams &amp; Riders<\/span><span class=\"text-base text-black font-bold mx-0 my-2.5 p-0 block custom-text-styles\">&#8216;It&#8217;s a tiny margin but a win is a win&#8217; &#8211; Tadej Poga\u010dar celebrates fourth stage win of career and first-ever lead in Vuelta a Espa\u00f1a<\/span><\/div>\n<div class=\"relative recirc-feed sponsored-card min-h-[250px]\" data-recirc-id=\"article-river-stacked-ads:native-cards\" data-mrf-recirculation=\"article-river-ads\" data-nosnippet data-ad-slot-path=\"feed-sponsored-post\" data-attribute-device=\"all\">\n<div class=\"max-w-full sponsored-post--placeholder animate-pulse\">\n<div class=\"relative!\"><span class=\"text-base text-black font-bold mx-0 my-2.5 p-0 block bg-gray-100\">\u00a0<br \/>\u00a0<\/span><\/div>\n<\/div>\n<\/div>\n<div>\n<div class=\"aspect-[var(--img-listing-aspect-ratio,16\/9)] relative mb-3.5\">\n    <source type=\"image\/webp\" srcset=\"https:\/\/cdn.mos.cms.futurecdn.net\/cLSHcRATZJ5wsZjNMcxxtC-840-80.jpg.webp 840w, https:\/\/cdn.mos.cms.futurecdn.net\/cLSHcRATZJ5wsZjNMcxxtC-650-80.jpg.webp 650w, https:\/\/cdn.mos.cms.futurecdn.net\/cLSHcRATZJ5wsZjNMcxxtC-500-80.jpg.webp 500w, https:\/\/cdn.mos.cms.futurecdn.net\/cLSHcRATZJ5wsZjNMcxxtC-450-80.jpg.webp 450w, https:\/\/cdn.mos.cms.futurecdn.net\/cLSHcRATZJ5wsZjNMcxxtC-320-80.jpg.webp 320w\" sizes=\"(min-width: 900px) 925px, (min-width: 700px) 450px, calc(100vw - 48px)\" \/><\/div>\n<p><span class=\"custom-subheading-styles\">Teams &amp; Riders<\/span><span class=\"text-base text-black font-bold mx-0 my-2.5 p-0 block custom-text-styles\">&#8216;When Wout goes, you have to react&#8217; &#8211; Tadej Poga\u010dar retains Vuelta a Espa\u00f1a lead after sizzling finale duel with Van Aert<\/span><\/div>\n<div class=\"relative recirc-feed sponsored-card min-h-[250px]\" data-recirc-id=\"article-river-stacked-ads:native-cards\" data-mrf-recirculation=\"article-river-ads\" data-nosnippet data-ad-slot-path=\"feed-sponsored-post\" data-attribute-device=\"all\">\n<div class=\"max-w-full sponsored-post--placeholder animate-pulse\">\n<div class=\"relative!\"><span class=\"text-base text-black font-bold mx-0 my-2.5 p-0 block bg-gray-100\">\u00a0<br \/>\u00a0<\/span><\/div>\n<\/div>\n<\/div>\n<div>\n<div class=\"aspect-[var(--img-listing-aspect-ratio,16\/9)] relative mb-3.5\">\n    <source type=\"image\/webp\" srcset=\"https:\/\/cdn.mos.cms.futurecdn.net\/Ek5ma7FwXHtSj2nMVLJLvi-840-80.jpg.webp 840w, https:\/\/cdn.mos.cms.futurecdn.net\/Ek5ma7FwXHtSj2nMVLJLvi-650-80.jpg.webp 650w, https:\/\/cdn.mos.cms.futurecdn.net\/Ek5ma7FwXHtSj2nMVLJLvi-500-80.jpg.webp 500w, https:\/\/cdn.mos.cms.futurecdn.net\/Ek5ma7FwXHtSj2nMVLJLvi-450-80.jpg.webp 450w, https:\/\/cdn.mos.cms.futurecdn.net\/Ek5ma7FwXHtSj2nMVLJLvi-320-80.jpg.webp 320w\" sizes=\"(min-width: 900px) 925px, (min-width: 700px) 450px, calc(100vw - 48px)\" \/><\/div>\n<p><span class=\"custom-subheading-styles\">Teams &amp; Riders<\/span><span class=\"text-base text-black font-bold mx-0 my-2.5 p-0 block custom-text-styles\">&#8216;I know I lost time in the corners&#8217; &#8211; Wout van Aert&#8217;s dream of returning to red in the opening Vuelta a Espa\u00f1a TT falls short<\/span><\/div>\n<div class=\"relative recirc-feed sponsored-card min-h-[250px]\" data-recirc-id=\"article-river-stacked-ads:native-cards\" data-mrf-recirculation=\"article-river-ads\" data-nosnippet data-ad-slot-path=\"feed-sponsored-post\" data-attribute-device=\"all\">\n<div class=\"max-w-full sponsored-post--placeholder animate-pulse\">\n<div class=\"relative!\"><span class=\"text-base text-black font-bold mx-0 my-2.5 p-0 block bg-gray-100\">\u00a0<br \/>\u00a0<\/span><\/div>\n<\/div>\n<\/div>\n<div>\n<div class=\"aspect-[var(--img-listing-aspect-ratio,16\/9)] relative mb-3.5\">\n    <source type=\"image\/webp\" srcset=\"https:\/\/cdn.mos.cms.futurecdn.net\/Y9pKvrCUtQTYKvGnSVctEU-840-80.jpg.webp 840w, https:\/\/cdn.mos.cms.futurecdn.net\/Y9pKvrCUtQTYKvGnSVctEU-650-80.jpg.webp 650w, https:\/\/cdn.mos.cms.futurecdn.net\/Y9pKvrCUtQTYKvGnSVctEU-500-80.jpg.webp 500w, https:\/\/cdn.mos.cms.futurecdn.net\/Y9pKvrCUtQTYKvGnSVctEU-450-80.jpg.webp 450w, https:\/\/cdn.mos.cms.futurecdn.net\/Y9pKvrCUtQTYKvGnSVctEU-320-80.jpg.webp 320w\" sizes=\"(min-width: 900px) 925px, (min-width: 700px) 450px, calc(100vw - 48px)\" \/><\/div>\n<p><span class=\"custom-subheading-styles\">Racing<\/span><span class=\"text-base text-black font-bold mx-0 my-2.5 p-0 block custom-text-styles\">&#8216;We will fight for yellow, maybe already tomorrow&#8217; \u2013 Tadej Poga\u010dar without disappointment despite defeat by Vingegaard in Tour de France opening stage<\/span><\/div>\n<div class=\"relative recirc-feed sponsored-card min-h-[250px]\" data-recirc-id=\"article-river-stacked-ads:native-cards\" data-mrf-recirculation=\"article-river-ads\" data-nosnippet data-ad-slot-path=\"feed-sponsored-post\" data-attribute-device=\"all\">\n<div class=\"max-w-full sponsored-post--placeholder animate-pulse\">\n<div class=\"relative!\"><span class=\"text-base text-black font-bold mx-0 my-2.5 p-0 block bg-gray-100\">\u00a0<br \/>\u00a0<\/span><\/div>\n<\/div>\n<\/div>\n<\/div>\n<\/div>\n<\/aside>\n<aside class=\"w-full\" data-nosnippet data-mrf-recirculation=\"article-river-stacked\">\n<div data-recirc-id=\"article-river-stacked-solr:latest-category\">\n<div class=\"text-white py-4 px-3 mb-4 bg-[#333] uppercase font-bold custom-header-styles\">Latest in Racing<\/div>\n<div class=\"grid grid-cols-1 gap-4 mt-4 mb-5\">\n<div>\n<div class=\"aspect-[var(--img-listing-aspect-ratio,16\/9)] relative mb-3.5\">\n    <source type=\"image\/webp\" srcset=\"https:\/\/cdn.mos.cms.futurecdn.net\/zKa5jF8d2s4BYwxnu4djUX-840-80.jpg.webp 840w, https:\/\/cdn.mos.cms.futurecdn.net\/zKa5jF8d2s4BYwxnu4djUX-650-80.jpg.webp 650w, https:\/\/cdn.mos.cms.futurecdn.net\/zKa5jF8d2s4BYwxnu4djUX-500-80.jpg.webp 500w, https:\/\/cdn.mos.cms.futurecdn.net\/zKa5jF8d2s4BYwxnu4djUX-450-80.jpg.webp 450w, https:\/\/cdn.mos.cms.futurecdn.net\/zKa5jF8d2s4BYwxnu4djUX-320-80.jpg.webp 320w\" sizes=\"(min-width: 900px) 925px, (min-width: 700px) 450px, calc(100vw - 48px)\" \/><\/div>\n<p><span class=\"custom-subheading-styles\">Racing<\/span><span class=\"text-base text-black font-bold mx-0 my-2.5 p-0 block custom-text-styles\">&#8216;I didn&#8217;t really have much left for such a hard finish&#8217; \u2013 Ethan Hayter misses out on red jersey again at Vuelta a Espa\u00f1a despite gutsy breakaway ride in ripped shorts<\/span><\/div>\n<div class=\"relative recirc-feed sponsored-card min-h-[250px]\" data-recirc-id=\"article-river-stacked-ads:native-cards\" data-mrf-recirculation=\"article-river-ads\" data-nosnippet data-ad-slot-path=\"feed-sponsored-post\" data-attribute-device=\"all\">\n<div class=\"max-w-full sponsored-post--placeholder animate-pulse\">\n<div class=\"relative!\"><span class=\"text-base text-black font-bold mx-0 my-2.5 p-0 block bg-gray-100\">\u00a0<br \/>\u00a0<\/span><\/div>\n<\/div>\n<\/div>\n<div>\n<div class=\"aspect-[var(--img-listing-aspect-ratio,16\/9)] relative mb-3.5\">\n    <source type=\"image\/webp\" srcset=\"https:\/\/cdn.mos.cms.futurecdn.net\/pyoa6JqM6PUXASaJ8znEpC-840-80.jpg.webp 840w, https:\/\/cdn.mos.cms.futurecdn.net\/pyoa6JqM6PUXASaJ8znEpC-650-80.jpg.webp 650w, https:\/\/cdn.mos.cms.futurecdn.net\/pyoa6JqM6PUXASaJ8znEpC-500-80.jpg.webp 500w, https:\/\/cdn.mos.cms.futurecdn.net\/pyoa6JqM6PUXASaJ8znEpC-450-80.jpg.webp 450w, https:\/\/cdn.mos.cms.futurecdn.net\/pyoa6JqM6PUXASaJ8znEpC-320-80.jpg.webp 320w\" sizes=\"(min-width: 900px) 925px, (min-width: 700px) 450px, calc(100vw - 48px)\" \/><\/div>\n<p><span class=\"custom-subheading-styles\">Racing<\/span><span class=\"text-base text-black font-bold mx-0 my-2.5 p-0 block custom-text-styles\">Lauf Gravel Worlds: Geerike Schreurs beats Rosa Kl\u00f6ser in photo finish as Torbj\u00f8rn R\u00f8ed wins three-way sprint after storms cause course rejig<\/span><\/div>\n<div class=\"relative recirc-feed sponsored-card min-h-[250px]\" data-recirc-id=\"article-river-stacked-ads:native-cards\" data-mrf-recirculation=\"article-river-ads\" data-nosnippet data-ad-slot-path=\"feed-sponsored-post\" data-attribute-device=\"all\">\n<div class=\"max-w-full sponsored-post--placeholder animate-pulse\">\n<div class=\"relative!\"><span class=\"text-base text-black font-bold mx-0 my-2.5 p-0 block bg-gray-100\">\u00a0<br \/>\u00a0<\/span><\/div>\n<\/div>\n<\/div>\n<div>\n<div class=\"aspect-[var(--img-listing-aspect-ratio,16\/9)] relative mb-3.5\">\n    <source type=\"image\/webp\" srcset=\"https:\/\/cdn.mos.cms.futurecdn.net\/aqedMr2yq5dFSWVFHTrjMA-840-80.jpg.webp 840w, https:\/\/cdn.mos.cms.futurecdn.net\/aqedMr2yq5dFSWVFHTrjMA-650-80.jpg.webp 650w, https:\/\/cdn.mos.cms.futurecdn.net\/aqedMr2yq5dFSWVFHTrjMA-500-80.jpg.webp 500w, https:\/\/cdn.mos.cms.futurecdn.net\/aqedMr2yq5dFSWVFHTrjMA-450-80.jpg.webp 450w, https:\/\/cdn.mos.cms.futurecdn.net\/aqedMr2yq5dFSWVFHTrjMA-320-80.jpg.webp 320w\" sizes=\"(min-width: 900px) 925px, (min-width: 700px) 450px, calc(100vw - 48px)\" \/><\/div>\n<p><span class=\"custom-subheading-styles\">Racing<\/span><span class=\"text-base text-black font-bold mx-0 my-2.5 p-0 block custom-text-styles\">Deutschland Tour: Isaac del Toro seals overall title as Paul Magnier wins finale stage 4 in Heilbronn<\/span><\/div>\n<div class=\"relative recirc-feed sponsored-card min-h-[250px]\" data-recirc-id=\"article-river-stacked-ads:native-cards\" data-mrf-recirculation=\"article-river-ads\" data-nosnippet data-ad-slot-path=\"feed-sponsored-post\" data-attribute-device=\"all\">\n<div class=\"max-w-full sponsored-post--placeholder animate-pulse\">\n<div class=\"relative!\"><span class=\"text-base text-black font-bold mx-0 my-2.5 p-0 block bg-gray-100\">\u00a0<br \/>\u00a0<\/span><\/div>\n<\/div>\n<\/div>\n<div>\n<div class=\"aspect-[var(--img-listing-aspect-ratio,16\/9)] relative mb-3.5\">\n    <source type=\"image\/webp\" srcset=\"https:\/\/cdn.mos.cms.futurecdn.net\/as8Z4qRNG2969Xm5zz6JSM-840-80.jpg.webp 840w, https:\/\/cdn.mos.cms.futurecdn.net\/as8Z4qRNG2969Xm5zz6JSM-650-80.jpg.webp 650w, https:\/\/cdn.mos.cms.futurecdn.net\/as8Z4qRNG2969Xm5zz6JSM-500-80.jpg.webp 500w, https:\/\/cdn.mos.cms.futurecdn.net\/as8Z4qRNG2969Xm5zz6JSM-450-80.jpg.webp 450w, https:\/\/cdn.mos.cms.futurecdn.net\/as8Z4qRNG2969Xm5zz6JSM-320-80.jpg.webp 320w\" sizes=\"(min-width: 900px) 925px, (min-width: 700px) 450px, calc(100vw - 48px)\" \/><\/div>\n<p><span class=\"custom-subheading-styles\">Women&#8217;s Cycling<\/span><span class=\"text-base text-black font-bold mx-0 my-2.5 p-0 block custom-text-styles\">Tour of Britain Women: Kim Le Court-Pienaar claims overall title as unstoppable Lorena Wiebes takes fourth victory in stage 5 finale<\/span><\/div>\n<div class=\"relative recirc-feed sponsored-card min-h-[250px]\" data-recirc-id=\"article-river-stacked-ads:native-cards\" data-mrf-recirculation=\"article-river-ads\" data-nosnippet data-ad-slot-path=\"feed-sponsored-post\" data-attribute-device=\"all\">\n<div class=\"max-w-full sponsored-post--placeholder animate-pulse\">\n<div class=\"relative!\"><span class=\"text-base text-black font-bold mx-0 my-2.5 p-0 block bg-gray-100\">\u00a0<br \/>\u00a0<\/span><\/div>\n<\/div>\n<\/div>\n<div>\n<div class=\"aspect-[var(--img-listing-aspect-ratio,16\/9)] relative mb-3.5\">\n    <source type=\"image\/webp\" srcset=\"https:\/\/cdn.mos.cms.futurecdn.net\/x2WtQR2kCmobTexWFXFRFU-840-80.jpg.webp 840w, https:\/\/cdn.mos.cms.futurecdn.net\/x2WtQR2kCmobTexWFXFRFU-650-80.jpg.webp 650w, https:\/\/cdn.mos.cms.futurecdn.net\/x2WtQR2kCmobTexWFXFRFU-500-80.jpg.webp 500w, https:\/\/cdn.mos.cms.futurecdn.net\/x2WtQR2kCmobTexWFXFRFU-450-80.jpg.webp 450w, https:\/\/cdn.mos.cms.futurecdn.net\/x2WtQR2kCmobTexWFXFRFU-320-80.jpg.webp 320w\" sizes=\"(min-width: 900px) 925px, (min-width: 700px) 450px, calc(100vw - 48px)\" \/><\/div>\n<p><span class=\"custom-subheading-styles\">Racing<\/span><span class=\"text-base text-black font-bold mx-0 my-2.5 p-0 block custom-text-styles\">Renewi Tour: Jasper Philipsen wins overall title with hat trick of sprint victories on stage 5<\/span><\/div>\n<div class=\"relative recirc-feed sponsored-card min-h-[250px]\" data-recirc-id=\"article-river-stacked-ads:native-cards\" data-mrf-recirculation=\"article-river-ads\" data-nosnippet data-ad-slot-path=\"feed-sponsored-post\" data-attribute-device=\"all\">\n<div class=\"max-w-full sponsored-post--placeholder animate-pulse\">\n<div class=\"relative!\"><span class=\"text-base text-black font-bold mx-0 my-2.5 p-0 block bg-gray-100\">\u00a0<br \/>\u00a0<\/span><\/div>\n<\/div>\n<\/div>\n<div>\n<div class=\"aspect-[var(--img-listing-aspect-ratio,16\/9)] relative mb-3.5\">\n    <source type=\"image\/webp\" srcset=\"https:\/\/cdn.mos.cms.futurecdn.net\/qNaVetYgQPFWvp3Ne8irMU-840-80.jpg.webp 840w, https:\/\/cdn.mos.cms.futurecdn.net\/qNaVetYgQPFWvp3Ne8irMU-650-80.jpg.webp 650w, https:\/\/cdn.mos.cms.futurecdn.net\/qNaVetYgQPFWvp3Ne8irMU-500-80.jpg.webp 500w, https:\/\/cdn.mos.cms.futurecdn.net\/qNaVetYgQPFWvp3Ne8irMU-450-80.jpg.webp 450w, https:\/\/cdn.mos.cms.futurecdn.net\/qNaVetYgQPFWvp3Ne8irMU-320-80.jpg.webp 320w\" sizes=\"(min-width: 900px) 925px, (min-width: 700px) 450px, calc(100vw - 48px)\" \/><\/div>\n<p><span class=\"custom-subheading-styles\">Racing<\/span><span class=\"text-base text-black font-bold mx-0 my-2.5 p-0 block custom-text-styles\">Vuelta a Espa\u00f1a: Powerful sprint nets Matthew Brennan stage 2 victory as Tadej Poga\u010dar fends off attacks to keep leader&#8217;s jersey<\/span><\/div>\n<div class=\"relative recirc-feed sponsored-card min-h-[250px]\" data-recirc-id=\"article-river-stacked-ads:native-cards\" data-mrf-recirculation=\"article-river-ads\" data-nosnippet data-ad-slot-path=\"feed-sponsored-post\" data-attribute-device=\"all\">\n<div class=\"max-w-full sponsored-post--placeholder animate-pulse\">\n<div class=\"relative!\"><span class=\"text-base text-black font-bold mx-0 my-2.5 p-0 block bg-gray-100\">\u00a0<br \/>\u00a0<\/span><\/div>\n<\/div>\n<\/div>\n<\/div>\n<\/div>\n<\/aside>\n<aside class=\"w-full\" data-nosnippet data-mrf-recirculation=\"article-river-stacked\">\n<div data-recirc-id=\"article-river-stacked-solr:latest-articletype\">\n<div class=\"text-white py-4 px-3 mb-4 bg-[#333] uppercase font-bold custom-header-styles\">Latest in News<\/div>\n<div class=\"grid grid-cols-1 gap-4 mt-4 mb-5\">\n<div>\n<div class=\"aspect-[var(--img-listing-aspect-ratio,16\/9)] relative mb-3.5\">\n    <source type=\"image\/webp\" srcset=\"https:\/\/cdn.mos.cms.futurecdn.net\/cLSHcRATZJ5wsZjNMcxxtC-840-80.jpg.webp 840w, https:\/\/cdn.mos.cms.futurecdn.net\/cLSHcRATZJ5wsZjNMcxxtC-650-80.jpg.webp 650w, https:\/\/cdn.mos.cms.futurecdn.net\/cLSHcRATZJ5wsZjNMcxxtC-500-80.jpg.webp 500w, https:\/\/cdn.mos.cms.futurecdn.net\/cLSHcRATZJ5wsZjNMcxxtC-450-80.jpg.webp 450w, https:\/\/cdn.mos.cms.futurecdn.net\/cLSHcRATZJ5wsZjNMcxxtC-320-80.jpg.webp 320w\" sizes=\"(min-width: 900px) 925px, (min-width: 700px) 450px, calc(100vw - 48px)\" \/><\/div>\n<p><span class=\"custom-subheading-styles\">Teams &amp; Riders<\/span><span class=\"text-base text-black font-bold mx-0 my-2.5 p-0 block custom-text-styles\">&#8216;When Wout goes, you have to react&#8217; &#8211; Tadej Poga\u010dar retains Vuelta a Espa\u00f1a lead after sizzling finale duel with Van Aert<\/span><\/div>\n<div class=\"relative recirc-feed sponsored-card min-h-[250px]\" data-recirc-id=\"article-river-stacked-ads:native-cards\" data-mrf-recirculation=\"article-river-ads\" data-nosnippet data-ad-slot-path=\"feed-sponsored-post\" data-attribute-device=\"all\">\n<div class=\"max-w-full sponsored-post--placeholder animate-pulse\">\n<div class=\"relative!\"><span class=\"text-base text-black font-bold mx-0 my-2.5 p-0 block bg-gray-100\">\u00a0<br \/>\u00a0<\/span><\/div>\n<\/div>\n<\/div>\n<div>\n<div class=\"aspect-[var(--img-listing-aspect-ratio,16\/9)] relative mb-3.5\">\n    <source type=\"image\/webp\" srcset=\"https:\/\/cdn.mos.cms.futurecdn.net\/JZzemFw5TdtdXkCVjuaheQ-840-80.jpg.webp 840w, https:\/\/cdn.mos.cms.futurecdn.net\/JZzemFw5TdtdXkCVjuaheQ-650-80.jpg.webp 650w, https:\/\/cdn.mos.cms.futurecdn.net\/JZzemFw5TdtdXkCVjuaheQ-500-80.jpg.webp 500w, https:\/\/cdn.mos.cms.futurecdn.net\/JZzemFw5TdtdXkCVjuaheQ-450-80.jpg.webp 450w, https:\/\/cdn.mos.cms.futurecdn.net\/JZzemFw5TdtdXkCVjuaheQ-320-80.jpg.webp 320w\" sizes=\"(min-width: 900px) 925px, (min-width: 700px) 450px, calc(100vw - 48px)\" \/><\/div>\n<p><span class=\"custom-subheading-styles\">Teams &amp; Riders<\/span><span class=\"text-base text-black font-bold mx-0 my-2.5 p-0 block custom-text-styles\">Kim Le Court-Pienaar comes full circle at Tour of Britain Women to take her first-ever GC victory<\/span><\/div>\n<div class=\"relative recirc-feed sponsored-card min-h-[250px]\" data-recirc-id=\"article-river-stacked-ads:native-cards\" data-mrf-recirculation=\"article-river-ads\" data-nosnippet data-ad-slot-path=\"feed-sponsored-post\" data-attribute-device=\"all\">\n<div class=\"max-w-full sponsored-post--placeholder animate-pulse\">\n<div class=\"relative!\"><span class=\"text-base text-black font-bold mx-0 my-2.5 p-0 block bg-gray-100\">\u00a0<br \/>\u00a0<\/span><\/div>\n<\/div>\n<\/div>\n<div>\n<div class=\"aspect-[var(--img-listing-aspect-ratio,16\/9)] relative mb-3.5\">\n    <source type=\"image\/webp\" srcset=\"https:\/\/cdn.mos.cms.futurecdn.net\/zKa5jF8d2s4BYwxnu4djUX-840-80.jpg.webp 840w, https:\/\/cdn.mos.cms.futurecdn.net\/zKa5jF8d2s4BYwxnu4djUX-650-80.jpg.webp 650w, https:\/\/cdn.mos.cms.futurecdn.net\/zKa5jF8d2s4BYwxnu4djUX-500-80.jpg.webp 500w, https:\/\/cdn.mos.cms.futurecdn.net\/zKa5jF8d2s4BYwxnu4djUX-450-80.jpg.webp 450w, https:\/\/cdn.mos.cms.futurecdn.net\/zKa5jF8d2s4BYwxnu4djUX-320-80.jpg.webp 320w\" sizes=\"(min-width: 900px) 925px, (min-width: 700px) 450px, calc(100vw - 48px)\" \/><\/div>\n<p><span class=\"custom-subheading-styles\">Racing<\/span><span class=\"text-base text-black font-bold mx-0 my-2.5 p-0 block custom-text-styles\">&#8216;I didn&#8217;t really have much left for such a hard finish&#8217; \u2013 Ethan Hayter misses out on red jersey again at Vuelta a Espa\u00f1a despite gutsy breakaway ride in ripped shorts<\/span><\/div>\n<div class=\"relative recirc-feed sponsored-card min-h-[250px]\" data-recirc-id=\"article-river-stacked-ads:native-cards\" data-mrf-recirculation=\"article-river-ads\" data-nosnippet data-ad-slot-path=\"feed-sponsored-post\" data-attribute-device=\"all\">\n<div class=\"max-w-full sponsored-post--placeholder animate-pulse\">\n<div class=\"relative!\"><span class=\"text-base text-black font-bold mx-0 my-2.5 p-0 block bg-gray-100\">\u00a0<br \/>\u00a0<\/span><\/div>\n<\/div>\n<\/div>\n<div>\n<div class=\"aspect-[var(--img-listing-aspect-ratio,16\/9)] relative mb-3.5\">\n    <source type=\"image\/webp\" srcset=\"https:\/\/cdn.mos.cms.futurecdn.net\/pyoa6JqM6PUXASaJ8znEpC-840-80.jpg.webp 840w, https:\/\/cdn.mos.cms.futurecdn.net\/pyoa6JqM6PUXASaJ8znEpC-650-80.jpg.webp 650w, https:\/\/cdn.mos.cms.futurecdn.net\/pyoa6JqM6PUXASaJ8znEpC-500-80.jpg.webp 500w, https:\/\/cdn.mos.cms.futurecdn.net\/pyoa6JqM6PUXASaJ8znEpC-450-80.jpg.webp 450w, https:\/\/cdn.mos.cms.futurecdn.net\/pyoa6JqM6PUXASaJ8znEpC-320-80.jpg.webp 320w\" sizes=\"(min-width: 900px) 925px, (min-width: 700px) 450px, calc(100vw - 48px)\" \/><\/div>\n<p><span class=\"custom-subheading-styles\">Racing<\/span><span class=\"text-base text-black font-bold mx-0 my-2.5 p-0 block custom-text-styles\">Lauf Gravel Worlds: Geerike Schreurs beats Rosa Kl\u00f6ser in photo finish as Torbj\u00f8rn R\u00f8ed wins three-way sprint after storms cause course rejig<\/span><\/div>\n<div class=\"relative recirc-feed sponsored-card min-h-[250px]\" data-recirc-id=\"article-river-stacked-ads:native-cards\" data-mrf-recirculation=\"article-river-ads\" data-nosnippet data-ad-slot-path=\"feed-sponsored-post\" data-attribute-device=\"all\">\n<div class=\"max-w-full sponsored-post--placeholder animate-pulse\">\n<div class=\"relative!\"><span class=\"text-base text-black font-bold mx-0 my-2.5 p-0 block bg-gray-100\">\u00a0<br \/>\u00a0<\/span><\/div>\n<\/div>\n<\/div>\n<div>\n<div class=\"aspect-[var(--img-listing-aspect-ratio,16\/9)] relative mb-3.5\">\n    <source type=\"image\/webp\" srcset=\"https:\/\/cdn.mos.cms.futurecdn.net\/ok8zpNrbM9FuWB4jGwqEtY-840-80.jpg.webp 840w, https:\/\/cdn.mos.cms.futurecdn.net\/ok8zpNrbM9FuWB4jGwqEtY-650-80.jpg.webp 650w, https:\/\/cdn.mos.cms.futurecdn.net\/ok8zpNrbM9FuWB4jGwqEtY-500-80.jpg.webp 500w, https:\/\/cdn.mos.cms.futurecdn.net\/ok8zpNrbM9FuWB4jGwqEtY-450-80.jpg.webp 450w, https:\/\/cdn.mos.cms.futurecdn.net\/ok8zpNrbM9FuWB4jGwqEtY-320-80.jpg.webp 320w\" sizes=\"(min-width: 900px) 925px, (min-width: 700px) 450px, calc(100vw - 48px)\" \/><\/div>\n<p><span class=\"custom-subheading-styles\">Women&#8217;s Cycling<\/span><span class=\"text-base text-black font-bold mx-0 my-2.5 p-0 block custom-text-styles\">&#8216;It&#8217;s taken me a while to become a consistent rider&#8217; \u2013 Josie Nelson continues strongest season yet on home roads at Tour of Britain Women<\/span><\/div>\n<div class=\"relative recirc-feed sponsored-card min-h-[250px]\" data-recirc-id=\"article-river-stacked-ads:native-cards\" data-mrf-recirculation=\"article-river-ads\" data-nosnippet data-ad-slot-path=\"feed-sponsored-post\" data-attribute-device=\"all\">\n<div class=\"max-w-full sponsored-post--placeholder animate-pulse\">\n<div class=\"relative!\"><span class=\"text-base text-black font-bold mx-0 my-2.5 p-0 block bg-gray-100\">\u00a0<br \/>\u00a0<\/span><\/div>\n<\/div>\n<\/div>\n<div>\n<div class=\"aspect-[var(--img-listing-aspect-ratio,16\/9)] relative mb-3.5\">\n    <source type=\"image\/webp\" srcset=\"https:\/\/cdn.mos.cms.futurecdn.net\/pXNHT4fLqKkNr4mJF9wXkY-840-80.jpg.webp 840w, https:\/\/cdn.mos.cms.futurecdn.net\/pXNHT4fLqKkNr4mJF9wXkY-650-80.jpg.webp 650w, https:\/\/cdn.mos.cms.futurecdn.net\/pXNHT4fLqKkNr4mJF9wXkY-500-80.jpg.webp 500w, https:\/\/cdn.mos.cms.futurecdn.net\/pXNHT4fLqKkNr4mJF9wXkY-450-80.jpg.webp 450w, https:\/\/cdn.mos.cms.futurecdn.net\/pXNHT4fLqKkNr4mJF9wXkY-320-80.jpg.webp 320w\" sizes=\"(min-width: 900px) 925px, (min-width: 700px) 450px, calc(100vw - 48px)\" \/><\/div>\n<p><span class=\"custom-subheading-styles\">Teams &amp; Riders<\/span><span class=\"text-base text-black font-bold mx-0 my-2.5 p-0 block custom-text-styles\">&#8216;It&#8217;s a tiny margin but a win is a win&#8217; &#8211; Tadej Poga\u010dar celebrates fourth stage win of career and first-ever lead in Vuelta a Espa\u00f1a<\/span><\/div>\n<div class=\"relative recirc-feed sponsored-card min-h-[250px]\" data-recirc-id=\"article-river-stacked-ads:native-cards\" data-mrf-recirculation=\"article-river-ads\" data-nosnippet data-ad-slot-path=\"feed-sponsored-post\" data-attribute-device=\"all\">\n<div class=\"max-w-full sponsored-post--placeholder animate-pulse\">\n<div class=\"relative!\"><span class=\"text-base text-black font-bold mx-0 my-2.5 p-0 block bg-gray-100\">\u00a0<br \/>\u00a0<\/span><\/div>\n<\/div>\n<\/div>\n<\/div>\n<\/div>\n<\/aside>\n<\/section>\n<\/div>\n<\/div>\n<\/div>\n<div id=\"widgetArea17\" class=\"widget-area md:basis-1\/3 widget-area-g-md-vp-1-3 widget-area-g-lg-vp-1-3 widget-area-g-xl-vp-1-3 page-widget-area-17\">\n<div data-widget-type=\"dynamic\" id=\"popular-data\" class=\"clear-both widget widget-dynamic widget-popular-data widget-dynamic-popular-data widget-dynamic-fter-popular-box\">\n<div class=\"wdn-fte-pb pos-relative space-t20\n\"><\/p>\n<div class=\"slice-container popular-box-slice\">\n<section class=\"popular-box\" data-component-name=\"Slice:PopularBox\">\n<div class=\"popular-box__label\">\n<div class=\"popular-box__label__tab popular-box__label__tab--active\" role=\"heading\">\nLATEST ARTICLES\n<\/div>\n<\/div>\n<ol class=\"popular-box__articles-list popular-box__articles-list--active\">\n<li class=\"popular-box__article-list\">\n<div class=\"popular-box__article-list__container\">\n<div class=\"popular-box__article-list__image-wrapper\">\n<div>\n<source type=\"image\/webp\" srcset=\"https:\/\/cdn.mos.cms.futurecdn.net\/pyoa6JqM6PUXASaJ8znEpC-1280-80.jpg.webp 1280w, https:\/\/cdn.mos.cms.futurecdn.net\/pyoa6JqM6PUXASaJ8znEpC-720-80.jpg.webp 720w, https:\/\/cdn.mos.cms.futurecdn.net\/pyoa6JqM6PUXASaJ8znEpC-640-80.jpg.webp 640w, https:\/\/cdn.mos.cms.futurecdn.net\/pyoa6JqM6PUXASaJ8znEpC-320-80.jpg.webp 320w\" sizes=\"99vw\" \/><\/div>\n<\/div>\n<div class=\"popular-box__article-list__content\">\n<div class=\"popular-box__article-list__number-text\">1<\/div>\n<div class=\"popular-box__article-list__heading\">\n<p>Lauf Gravel Worlds: Geerike Schreurs beats Rosa Kl\u00f6ser in photo finish as Torbj\u00f8rn R\u00f8ed wins three-way sprint after storms cause course rejig<\/p>\n<\/div>\n<\/div>\n<\/div>\n<\/li>\n<li class=\"popular-box__article-list\">\n<div class=\"popular-box__article-list__container\">\n<div class=\"popular-box__article-list__content\">\n<div class=\"popular-box__article-list__number-text\">2<\/div>\n<div class=\"popular-box__article-list__heading\">\n<p>&#8216;When Wout goes, you have to react&#8217; &#8211; Tadej Poga\u010dar retains Vuelta a Espa\u00f1a lead after sizzling finale duel with Van Aert<\/p>\n<\/div>\n<\/div>\n<\/div>\n<\/li>\n<li class=\"popular-box__article-list\">\n<div class=\"popular-box__article-list__container\">\n<div class=\"popular-box__article-list__content\">\n<div class=\"popular-box__article-list__number-text\">3<\/div>\n<div class=\"popular-box__article-list__heading\">\n<p>Kim Le Court-Pienaar comes full circle at Tour of Britain Women to take her first-ever GC victory<\/p>\n<\/div>\n<\/div>\n<\/div>\n<\/li>\n<li class=\"popular-box__article-list\">\n<div class=\"popular-box__article-list__container\">\n<div class=\"popular-box__article-list__content\">\n<div class=\"popular-box__article-list__number-text\">4<\/div>\n<div class=\"popular-box__article-list__heading\">\n<p>&#8216;I didn&#8217;t really have much left for such a hard finish&#8217; \u2013 Ethan Hayter misses out on red jersey again at Vuelta a Espa\u00f1a despite gutsy breakaway ride in ripped shorts<\/p>\n<\/div>\n<\/div>\n<\/div>\n<\/li>\n<li class=\"popular-box__article-list\">\n<div class=\"popular-box__article-list__container\">\n<div class=\"popular-box__article-list__content\">\n<div class=\"popular-box__article-list__number-text\">5<\/div>\n<div class=\"popular-box__article-list__heading\">\n<p>Vuelta a Espa\u00f1a: Powerful sprint nets Matthew Brennan stage 2 victory as Tadej Poga\u010dar fends off attacks to keep leader&#8217;s jersey<\/p>\n<\/div>\n<\/div>\n<\/div>\n<\/li>\n<\/ol>\n<\/section>\n<\/div>\n<\/div>\n<\/div>\n<\/div>\n<\/div>\n<\/article>\n<article class=\"page-content-onecol flex-1\nnews-article article\n\"><\/p>\n<div class=\"widget-area-group widget-area-group-2col flex flex-wrap box-border\">\n<div id=\"widgetArea16\" class=\"widget-area basis-full md:basis-2\/3 widget-area-g-md-vp-2-3 widget-area-g-lg-vp-2-3 widget-area-g-xl-vp-2-3 page-widget-area-16\">\n<div data-widget-type=\"hero\" id=\"hero\" class=\"clear-both widget widget-hero widget-hero widget-hero-hero widget-hero widget-hero-fter-news\">\n<div class=\"news-article\">\n<header data-component-name=\"Article:Hero\">\n<nav class=\"breadcrumb\" aria-label=\"Breadcrumbs\">\n<ol>\n<li>\nPro Cycling\n<\/li>\n<li>\nRacing\n<\/li>\n<li>\nRoad\n<\/li>\n<li>\nVuelta a Espa\u00f1a\n<\/li>\n<\/ol>\n<\/nav>\n<h1>&#8216;It&#8217;s not completely under my control but I&#8217;m going to try&#8217; &#8211; After ultra-narrow TT defeat to Poga\u010dar, Ethan Hayter throws hat in ring for red in Vuelta a Espa\u00f1a<\/h1>\n<div class=\"byline-social\">\n<div class=\"vds-byline-block flex flex-row flex-nowrap my-1.5 gap-2 text-left items-start justify-start\" data-component-name=\"Article:BylineBlock\">\n<p>News<\/p>\n<div class=\"my-auto vds-simple-byline\"><span class=\"inline-block vds-author\"><br \/>\nBy<br \/>\nAlasdair Fotheringham <\/span><\/p>\n<div class=\"flex gap-1 vds-byline-with-avatar__meta\"><span class=\"vds-date block font-normal tracking-normal normal-case text-xs\"><br \/>\nPublished<br \/>\n<time data-component-name=\"UI:DateTime\" datetime=\"2026-08-23T10:43:30Z\" class=\"relative-date\"><br \/>\n23 August 2026<br \/>\n<\/time><\/span><\/div>\n<\/div>\n<\/div>\n<p class=\"strapline\">Briton lost opening time trial by less than a tenth of a second to Tadej Pogacar in Monaco<\/p>\n<\/div>\n<aside class=\"text-gray-700 flex items-center mx-0 my-5 p-0 justify-start text-left\" id=\"affiliate-disclaimer\" data-component-name=\"AffiliateDisclaimer\" data-hawk-message=\"Affiliate disclaimer removed because hawk deemed there are no affiliate links on this page\">\n<p class=\"text-[color:var(--affiliate-disclaimer--text-color,inherit)] mb-2 text-[length:var(--affiliate-disclaimer--font-size,0.75rem)] leading-[18px] md:text-[13px] [&amp;&gt;a]:text-inherit [&amp;&gt;a]:underline\">\nWhen you purchase through links on our site, we may earn an affiliate commission. Here\u2019s how it works.\n<\/p>\n<\/aside>\n<\/header>\n<\/div>\n<\/div>\n<div data-widget-type=\"contentparsed\" id=\"content\" class=\"clear-both widget widget-contentparsed widget-content widget-contentparsed-content widget-content-parsed widget-content-parsed-content_document \">\n<div class=\"wcp-item-content\">\n<section class=\"content-wrapper\">\n<div class=\"box less-space hero-image-wrapper\">\n<figure class=\"mb-0\">\n<source type=\"image\/webp\" srcset=\"https:\/\/cdn.mos.cms.futurecdn.net\/DfLzZ8ytJjAYKyP5FEkEaB-1920-80.jpg.webp 1920w, https:\/\/cdn.mos.cms.futurecdn.net\/DfLzZ8ytJjAYKyP5FEkEaB-1600-80.jpg.webp 1600w, https:\/\/cdn.mos.cms.futurecdn.net\/DfLzZ8ytJjAYKyP5FEkEaB-1200-80.jpg.webp 1200w, https:\/\/cdn.mos.cms.futurecdn.net\/DfLzZ8ytJjAYKyP5FEkEaB-1024-80.jpg.webp 1024w, https:\/\/cdn.mos.cms.futurecdn.net\/DfLzZ8ytJjAYKyP5FEkEaB-970-80.jpg.webp 970w, https:\/\/cdn.mos.cms.futurecdn.net\/DfLzZ8ytJjAYKyP5FEkEaB-750-80.jpg.webp 750w, https:\/\/cdn.mos.cms.futurecdn.net\/DfLzZ8ytJjAYKyP5FEkEaB-650-80.jpg.webp 650w, https:\/\/cdn.mos.cms.futurecdn.net\/DfLzZ8ytJjAYKyP5FEkEaB-480-80.jpg.webp 480w, https:\/\/cdn.mos.cms.futurecdn.net\/DfLzZ8ytJjAYKyP5FEkEaB-320-80.jpg.webp 320w\" sizes=\"(min-width: 1000px) 600px, 100vw\" \/><figcaption class=\"font-article-copy text-(--image--text--color) font-article-copy mt-2\"><span class=\"caption-text font-article-copy\">Hayter started stage 2 of the Vuelta in the green jersey<\/span><span class=\"credit font-article-copy\">(Image credit: Getty Images)<\/span><\/figcaption><\/figure>\n<\/div>\n<div id=\"article-body\" class=\"text-copy bodyCopy auto paywall-locker\">\n<div data-analytics-id=\"utility-bar\" id=\"utility-bar\" class=\"font-ui-heading flex justify-between items-center py-2 border-t border-b border-gray-300 border-solid mb-5 mx-auto\" data-component-name=\"UtilityBar\" data-mrf-recirculation=\"utility-bar\">\n<div class=\"flex gap-2 text-[#333] subcontainer\">\n<div class=\"relative tooltip-container\" role=\"tooltip\">\n<div data-component-name=\"Social:Dropdown\" role=\"menu\" id=\"utilitybar__dropdown--share\" aria-labelledby=\"utilitybar__button--share\" class=\"absolute left-0 top-full w-44 bg-white rounded-md shadow-md border border-neutral-200 z-[9996] list-none m-0 py-2 px-3 border-solid\">\n<ul class=\"m-0!\">\n<li class=\"!p-0 !m-0 list-none border-b border-gray-200 border-solid\">\n<li class=\"!p-0 !m-0 list-none border-b border-gray-200 border-solid\">\n<p>Facebook<\/p>\n<\/li>\n<li class=\"!p-0 !m-0 list-none border-b border-gray-200 border-solid\">\n<p>X<\/p>\n<\/li>\n<li class=\"!p-0 !m-0 list-none border-b border-gray-200 border-solid\">\n<p>Pinterest<\/p>\n<\/li>\n<li class=\"!p-0 !m-0 list-none border-b border-gray-200 border-solid\">\n<p>Email<\/p>\n<\/li>\n<\/ul>\n<\/div>\n<div class=\"font-ui-heading max-sm:hidden tooltip absolute left-1\/2 bg-gray-900 text-white text-xs leading-none px-3 py-1.5 rounded-md z-[10001] whitespace-nowrap\" id=\"tooltip-share-this-article\" role=\"tooltip\" aria-hidden=\"true\">\nShare this article\n<\/div>\n<\/div>\n<div class=\"relative tooltip-container\" role=\"tooltip\"><span class=\"ml-1 inline-flex h-5 px-2 shrink-0 items-center justify-center self-center overflow-hidden whitespace-nowrap rounded-[10px] bg-primary-500 text-[11px] leading-none font-ui-heading font-semibold text-white\">0<\/span><\/p>\n<div class=\"font-ui-heading max-sm:hidden tooltip absolute left-1\/2 bg-gray-900 text-white text-xs leading-none px-3 py-1.5 rounded-md z-[10001] whitespace-nowrap\" id=\"tooltip-join-the-conversation\" role=\"tooltip\" aria-hidden=\"true\">\nJoin the conversation\n<\/div>\n<\/div>\n<\/div>\n<div class=\"flex gap-2 text-[#333] subcontainer\">\n<div class=\"relative tooltip-container\" role=\"tooltip\">\n<p>Follow us<\/p>\n<div class=\"font-ui-heading max-sm:hidden tooltip absolute left-1\/2 bg-gray-900 text-white text-xs leading-none px-3 py-1.5 rounded-md z-[10001] whitespace-nowrap\" id=\"tooltip-add-us-as-a-preferred-source-on-google\" role=\"tooltip\" aria-hidden=\"true\">\nAdd us as a preferred source on Google\n<\/div>\n<\/div>\n<div class=\"relative tooltip-container\" role=\"tooltip\">\n<div class=\"font-ui-heading max-sm:hidden tooltip absolute left-1\/2 bg-gray-900 text-white text-xs leading-none px-3 py-1.5 rounded-md z-[10001] whitespace-nowrap\" id=\"tooltip-subscribe-to-our-newsletter\" role=\"tooltip\" aria-hidden=\"true\">\nSubscribe to our newsletter\n<\/div>\n<\/div>\n<\/div>\n<\/div>\n<p id=\"elk-8be45250-9edd-11f1-aaba-5f6e235a3fd4\">Ethan Hayter has said he will do his utmost to bounce back from his painfully narrow defeat in the opening stage of the Vuelta a Espa\u00f1a with a crack at the red jersey on stage 2.<\/p>\n<p>Beaten by less than a tenth of a second by Tadej Poga\u010dar (UAE Team Emirates-XRG) in the opening time trial, Hayter&#8217;s disappointment on Saturday evening in the Vuelta TT hot seat was palpable as he watched his chance of a first-ever Grand Tour lead go up in smoke at the last possible moment.<\/p>\n<p id=\"elk-8be45250-9edd-11f1-aaba-5f6e235a3fd4-2\" aria-hidden=\"true\" class=\"kiosq-b\">However, his determination to fight back was equally on show at the start in Monaco, where with bonus seconds aplenty, the Briton is in with a strong fighting chance of taking la roja on stage 2.<\/p>\n<div class=\"my-6 w-full overflow-hidden rounded-[10px] lg:my-8\" data-component-name=\"JwPlayer:Carousel\" data-jwp-carousel data-jwp-carousel-payload=\"{&quot;ids&quot;:{&quot;playerID&quot;:&quot;jYDCcabO&quot;,&quot;searchPlaylistID&quot;:&quot;gwjdoYHD&quot;,&quot;divID&quot;:&quot;botr_gwjdoYHD_jYDCcabO_div&quot;,&quot;fallbackPlaylistID&quot;:&quot;gwjdoYHD&quot;,&quot;fallbackDivID&quot;:&quot;botr_gwjdoYHD_jYDCcabO_div&quot;,&quot;key&quot;:&quot;X9\/mXVGac0NphghLH9hZaqWA5d3dhAM\/Ih07grnEyMLjuO2E&quot;,&quot;tintLogo&quot;:true,&quot;useSearchPlaylist&quot;:false,&quot;enabled&quot;:true},&quot;signPostingEnabled&quot;:true,&quot;signPostingLinkEnabled&quot;:true,&quot;waitForAdLoad&quot;:false,&quot;hidePlayerOnDesktop&quot;:false,&quot;hidePlayerOnMobile&quot;:false,&quot;hidePlayerOnTablet&quot;:false}\">\n<div class=\"flex flex-nowrap items-center justify-between gap-3 bg-zinc-900 px-[14px] py-3\" data-jwp-carousel-header>\n<div class=\"flex min-w-0 shrink items-center\"><span class=\"inline-flex items-center gap-1.5 text-sm font-article-heading capitalize leading-5 text-white whitespace-nowrap\"><span class=\"jwp-carousel-title-desktop\">Latest Videos From<\/span><span class=\"jwp-carousel-brand\">Cyclingnews<\/span><\/span><\/div>\n<\/div>\n<div class=\"min-h-[44px] bg-zinc-900 px-[14px] py-3\" data-jwp-carousel-signposting><a class=\"invisible block truncate text-sm font-bold leading-5 text-white underline decoration-solid underline-offset-2\" data-jwp-carousel-signposting-link href target=\"_blank\" rel=\"noopener noreferrer\"><span data-jwp-carousel-signposting-title>Watch full video here: <\/span><\/a><\/div>\n<\/div>\n<p aria-hidden=\"true\" class=\"kiosq-b\">&#8220;There are a lot of different ways to play it, but we&#8217;ll see how it goes,&#8221; Hayter \u2013 wearing the green of points leader by default as Poga\u010dar was in red \u2013 told reporters before the longest stage of the 2026 Vuelta from Monaco to Manosque got underway.<\/p>\n<p aria-hidden=\"true\" class=\"kiosq-b\">&#8220;It&#8217;s not completely under my control, but I&#8217;m going to try.&#8221;<\/p>\n<aside data-component-name=\"Recirculation:ArticleRiver\" data-recirculation-type=\"inline\" data-mrf-recirculation=\"Trending Bar\" data-nosnippet class=\"clear-both pt-2 pb-0 mb-4\"><span class=\"\n            flex\n            after:content-[&apos;&apos;] after:flex-1 after:ml-4 after:my-[0.7rem] after:border-t after:border-solid after:border-t-[#ccc]\n            before:content-[&apos;&apos;] before:flex-1 before:mr-4 before:my-[0.7rem] before:border-t before:border-solid before:border-t-[#ccc]\n            font-article-heading pb-0 text-[length:var(--article-river-title--font-size,1em)] uppercase sm:text-[length:var(--article-river-title--font-size,0.875em)] font-bold\n        \"><br \/>\n            You may like<br \/>\n        <\/span><\/p>\n<ul class=\"flex flex-col gap-0 m-0 max-w-full\">\n<li class=\"m-0 list-none border-b border-solid border-[#ededed] py-2\" data-recirculation-id=\"recirculation-card-1\" id=\"recirculation-inline-1\" data-analytics-id=\"recirculation-inline-1\" data-mrf-recirculation=\"recirculation-inline-1\">\n    <source type=\"image\/webp\" srcset=\"https:\/\/cdn.mos.cms.futurecdn.net\/zKa5jF8d2s4BYwxnu4djUX-250-80.jpg.webp 250w, https:\/\/cdn.mos.cms.futurecdn.net\/zKa5jF8d2s4BYwxnu4djUX-150-80.jpg.webp 150w\" sizes=\"150px\" \/><span class=\"w-full text-base font-[var(--article-river-item--font-weight,500)] font-article-heading line-clamp-3 md:line-clamp-2\">&#8216;I didn&#8217;t really have much left for such a hard finish&#8217; \u2013 Ethan Hayter misses out on red jersey again at Vuelta a Espa\u00f1a despite gutsy breakaway ride in ripped shorts<\/span><\/li>\n<li class=\"m-0 list-none border-b border-solid border-[#ededed] py-2\" data-recirculation-id=\"recirculation-card-2\" id=\"recirculation-inline-2\" data-analytics-id=\"recirculation-inline-2\" data-mrf-recirculation=\"recirculation-inline-2\">\n    <source type=\"image\/webp\" srcset=\"https:\/\/cdn.mos.cms.futurecdn.net\/PpEhHGvv8AgcUn5LNYNkvU-250-80.jpg.webp 250w, https:\/\/cdn.mos.cms.futurecdn.net\/PpEhHGvv8AgcUn5LNYNkvU-150-80.jpg.webp 150w\" sizes=\"150px\" \/><span class=\"w-full text-base font-[var(--article-river-item--font-weight,500)] font-article-heading line-clamp-3 md:line-clamp-2\">Vuelta a Espa\u00f1a: Tadej Poga\u010dar claims stage 1 time trial and takes the first leader&#8217;s jersey in Monaco<\/span><\/li>\n<li class=\"m-0 list-none border-b border-solid border-[#ccc] py-2\" data-recirculation-id=\"recirculation-card-3\" id=\"recirculation-inline-3\" data-analytics-id=\"recirculation-inline-3\" data-mrf-recirculation=\"recirculation-inline-3\">\n    <source type=\"image\/webp\" srcset=\"https:\/\/cdn.mos.cms.futurecdn.net\/pXNHT4fLqKkNr4mJF9wXkY-250-80.jpg.webp 250w, https:\/\/cdn.mos.cms.futurecdn.net\/pXNHT4fLqKkNr4mJF9wXkY-150-80.jpg.webp 150w\" sizes=\"150px\" \/><span class=\"w-full text-base font-[var(--article-river-item--font-weight,500)] font-article-heading line-clamp-3 md:line-clamp-2\">&#8216;It&#8217;s a tiny margin but a win is a win&#8217; &#8211; Tadej Poga\u010dar celebrates fourth stage win of career and first-ever lead in Vuelta a Espa\u00f1a<\/span><\/li>\n<\/ul>\n<\/aside>\n<p aria-hidden=\"true\" class=\"kiosq-b\">Hayter has some formidable rivals, he recognised, in the shape of the man in red, of course, but also Wout van Aert (Visma-Lease A Bike), just nine seconds back and who has already flung his hat in the ring for the chance of taking the lead via bonus seconds, like Hayter.<\/p>\n<p aria-hidden=\"true\" class=\"kiosq-b\">&#8220;It depends how much they both want it,&#8221; Hayter said, &#8220;for example if Tadej wants the jersey, he&#8217;ll keep it, and there&#8217;s nothing I can do about it. But it&#8217;ll be interesting to see how it goes.&#8221;<\/p>\n<div id=\"slice-container-newsletterForm-articleInbodyContent-WfnfJyGEnv2LYzGSsh2mtS\" class=\"slice-container newsletter-inbodyContent-slice newsletterForm-articleInbodyContent-WfnfJyGEnv2LYzGSsh2mtS slice-container-newsletterForm\">\n<div data-hydrate=\"true\" class=\"newsletter-form__wrapper newsletter-form__wrapper--inbodyContent\">\n<div class=\"newsletter-form__container\">\n<section class=\"newsletter-form__top-bar\">\n<div class=\"newsletter-form__header\">Get The Leadout Newsletter<\/div>\n<\/section>\n<section class=\"newsletter-form__main-section\">\n<p class=\"newsletter-form__strapline\">The latest race content, interviews, features, reviews and expert buying guides, direct to your inbox!<\/p>\n<footer class=\"newsletter-form__footer \">By submitting your information you agree to the Terms &amp; Conditions and Privacy Policy and are aged 16 or over.<\/footer>\n<\/section>\n<\/div>\n<\/div>\n<\/div>\n<p aria-hidden=\"true\" class=\"kiosq-b\">As for breakaways, &#8220;if there&#8217;s an opportunity I&#8217;ll take it, but they might control me, and it&#8217;ll be hard to get away on the flat. We have some time at the start to warm up&#8221; \u2013 with a 21 kilometre neutralisation\u2013 &#8220;so we&#8217;ll see how it goes.&#8221;<\/p>\n<p aria-hidden=\"true\" class=\"kiosq-b\">&#8220;I can sprint, but I haven&#8217;t sprinted in a race in a small while. I wouldn&#8217;t bet on it too much.&#8221;<\/p>\n<p aria-hidden=\"true\" class=\"kiosq-b\">As for how he felt after Poga\u010dar managed to beat him at literally the last second and by the barest of margins, he said, &#8220;disappointing, obviously to lose to one of the last riders is difficult because I wanted to win as much as some of the other guys. But that&#8217;s racing sometimes.&#8221;<\/p>\n<p aria-hidden=\"true\" class=\"kiosq-b\">&#8220;I don&#8217;t really need a calculator when I lose by less than a tenth of a second, but for anyone else to beat me, they have to win the stage. And if they win the stage, then they deserve the red jersey.&#8221;<\/p>\n<figure class=\"van-image-figure inline-layout kiosq-b\" data-bordeaux-image-check id=\"elk-78d28bee-9edf-11f1-a55a-a9c47ece24e9\" aria-hidden=\"true\">\n<div class=\"image-full-width-wrapper\">\n<div class=\"image-widthsetter\">\n<p class=\"vanilla-image-block\">\n<source type=\"image\/webp\" srcset=\"https:\/\/cdn.mos.cms.futurecdn.net\/gv9PoAbgcBjBmq29zrxsLn-1200-80.png.webp 1200w, https:\/\/cdn.mos.cms.futurecdn.net\/gv9PoAbgcBjBmq29zrxsLn-1024-80.png.webp 1024w, https:\/\/cdn.mos.cms.futurecdn.net\/gv9PoAbgcBjBmq29zrxsLn-970-80.png.webp 970w, https:\/\/cdn.mos.cms.futurecdn.net\/gv9PoAbgcBjBmq29zrxsLn-650-80.png.webp 650w, https:\/\/cdn.mos.cms.futurecdn.net\/gv9PoAbgcBjBmq29zrxsLn-480-80.png.webp 480w, https:\/\/cdn.mos.cms.futurecdn.net\/gv9PoAbgcBjBmq29zrxsLn-320-80.png.webp 320w\" sizes=\"(min-width: 1000px) 970px, calc(100vw - 40px)\" \/><\/p>\n<\/div>\n<\/div><figcaption class=\" inline-layout\"><span class=\"credit\">(Image credit: Getty Images)<\/span><\/figcaption><\/figure>\n<p id=\"elk-8be45368-9edd-11f1-924a-d3da1c12c7b4\" aria-hidden=\"true\" class=\"kiosq-b\"><em><strong>For unbeatable coverage across road, gravel and tech, subscribe to Cyclingnews. You&#8217;ll get comprehensive race coverage of La Vuelta a Espa\u00f1a, subscriber-exclusive analysis from our expert columnists, in-depth features and industry-leading tech insight. Plus, the Cyclingnews app lets you follow the action wherever you go!<\/strong><\/em><em><strong> Join today<\/strong><\/em><em><strong>.<\/strong><\/em><\/p>\n<\/div>\n<div id=\"slice-container-authorBio-WfnfJyGEnv2LYzGSsh2mtS\" class=\"slice-container slice-author-bio authorBio-WfnfJyGEnv2LYzGSsh2mtS slice-container-authorBio\">\n<div class=\"author author__default-layout author--separator author--collapsible\" data-hydrate=\"true\">\n<div class=\"author__header\">\n<div class=\"author__avatar-block\">\n<figure class=\"image-wrapped__wrapper\" data-bordeaux-image-check=\"false\">\n<div class=\"image-wrapped__widthsetter\">\n<div class=\"image-wrapped__aspect-padding\">\n<div><source class=\"author__avatar image-wrapped__image image__image\" type=\"image\/webp\" srcset=\"https:\/\/cdn.mos.cms.futurecdn.net\/5QLhaPay9asJvmaNsCjFVZ-140-80.jpg.webp 140w\" sizes=\"99vw\" data-normal=\"https:\/\/cdn.mos.cms.futurecdn.net\/5QLhaPay9asJvmaNsCjFVZ.jpg\" data-original-mos=\"https:\/\/cdn.mos.cms.futurecdn.net\/5QLhaPay9asJvmaNsCjFVZ.jpg\" data-pin-media=\"https:\/\/cdn.mos.cms.futurecdn.net\/5QLhaPay9asJvmaNsCjFVZ.jpg\" data-pin-nopin=\"true\" data-slice-image=\"true\" \/><\/div>\n<\/div>\n<\/div>\n<\/figure>\n<\/div>\n<div class=\"author__heading\">\n<div class=\"author__name\">Alasdair Fotheringham<\/div>\n<div class=\"author__social\">\n<nav class=\"button-social-group author__social-buttons\" aria-labelledby=\"button-social-group- author__social-buttons\">\n<div id=\"button-social-group- author__social-buttons\">Social Links Navigation<\/div>\n<\/nav>\n<\/div>\n<\/div>\n<\/div>\n<div class=\"author__bio-wrapper\">\n<div class=\"author__biography\">\n<p>Alasdair Fotheringham has been reporting on cycling since 1991. He has covered every Tour de France since 1992 bar one, as well as numerous other bike races of all shapes and sizes, ranging from the Olympic Games in 2008 to the now sadly defunct Subida a Urkiola hill climb in Spain. As well as working for <em>Cyclingnews<\/em>, he has also written for <em>The Independent<\/em>,\u00a0 <em>The Guardian<\/em>,\u00a0 <em>ProCycling<\/em>, <em>The Express<\/em> and <em>Reuters<\/em>.<\/p>\n<\/div>\n<\/div>\n<\/div>\n<\/div>\n<\/section>\n<div class=\"relative max-w-[1070px] viafoura-twig-component mt-6 mx-4 lg:mx-0\" data-component-name=\"Viafoura:Comments\" data-nosnippet data-community-guidelines-text=\"&lt;p class=&apos;vfcustom-community-guidelines&apos;&gt;Please follow our &lt;a href=&quot;https:\/\/www.cyclingnews.com\/about\/#section-community-guidelines&quot; target=&quot;_blank&quot;&gt;community guidelines&lt;\/a&gt;.&lt;\/p&gt;\" data-join-the-conversation-text=\"Join the Conversation\">\n<div class=\"absolute top-0 left-0 w-full h-full flex items-center justify-center z-50 bg-white\/90 border-1 rounded-b-[var(--comment-widget-border-radius,0)]\">\n<div class=\"p-2 text-center\">\n<p class=\"mb-3 text-lg!\">You must confirm your public display name before commenting<\/p>\n<p class=\"mb-3 text-sm!\">Please logout and then login again, you will then be prompted to enter your display name.<\/p>\n<\/div>\n<\/div>\n<\/div>\n<section class=\"mx-2 my-5 sm:mx-0\">\n<aside class=\"w-full\" data-nosnippet data-mrf-recirculation=\"article-river-stacked\">\n<div data-recirc-id=\"article-river-stacked-adviser:hybrid\">\n<div class=\"text-white py-4 px-3 mb-4 bg-[#333] uppercase font-bold custom-header-styles\">Read more<\/div>\n<div class=\"grid grid-cols-1 gap-4 mt-4 mb-5\">\n<div>\n<div class=\"aspect-[var(--img-listing-aspect-ratio,16\/9)] relative mb-3.5\">\n    <source type=\"image\/webp\" srcset=\"https:\/\/cdn.mos.cms.futurecdn.net\/zKa5jF8d2s4BYwxnu4djUX-840-80.jpg.webp 840w, https:\/\/cdn.mos.cms.futurecdn.net\/zKa5jF8d2s4BYwxnu4djUX-650-80.jpg.webp 650w, https:\/\/cdn.mos.cms.futurecdn.net\/zKa5jF8d2s4BYwxnu4djUX-500-80.jpg.webp 500w, https:\/\/cdn.mos.cms.futurecdn.net\/zKa5jF8d2s4BYwxnu4djUX-450-80.jpg.webp 450w, https:\/\/cdn.mos.cms.futurecdn.net\/zKa5jF8d2s4BYwxnu4djUX-320-80.jpg.webp 320w\" sizes=\"(min-width: 900px) 925px, (min-width: 700px) 450px, calc(100vw - 48px)\" \/><\/div>\n<p><span class=\"custom-subheading-styles\">Racing<\/span><span class=\"text-base text-black font-bold mx-0 my-2.5 p-0 block custom-text-styles\">&#8216;I didn&#8217;t really have much left for such a hard finish&#8217; \u2013 Ethan Hayter misses out on red jersey again at Vuelta a Espa\u00f1a despite gutsy breakaway ride in ripped shorts<\/span><\/div>\n<div class=\"relative recirc-feed sponsored-card min-h-[250px]\" data-recirc-id=\"article-river-stacked-ads:native-cards\" data-mrf-recirculation=\"article-river-ads\" data-nosnippet data-ad-slot-path=\"feed-sponsored-post\" data-attribute-device=\"all\">\n<div class=\"max-w-full sponsored-post--placeholder animate-pulse\">\n<div class=\"relative!\"><span class=\"text-base text-black font-bold mx-0 my-2.5 p-0 block bg-gray-100\">\u00a0<br \/>\u00a0<\/span><\/div>\n<\/div>\n<\/div>\n<div>\n<div class=\"aspect-[var(--img-listing-aspect-ratio,16\/9)] relative mb-3.5\">\n    <source type=\"image\/webp\" srcset=\"https:\/\/cdn.mos.cms.futurecdn.net\/PpEhHGvv8AgcUn5LNYNkvU-840-80.jpg.webp 840w, https:\/\/cdn.mos.cms.futurecdn.net\/PpEhHGvv8AgcUn5LNYNkvU-650-80.jpg.webp 650w, https:\/\/cdn.mos.cms.futurecdn.net\/PpEhHGvv8AgcUn5LNYNkvU-500-80.jpg.webp 500w, https:\/\/cdn.mos.cms.futurecdn.net\/PpEhHGvv8AgcUn5LNYNkvU-450-80.jpg.webp 450w, https:\/\/cdn.mos.cms.futurecdn.net\/PpEhHGvv8AgcUn5LNYNkvU-320-80.jpg.webp 320w\" sizes=\"(min-width: 900px) 925px, (min-width: 700px) 450px, calc(100vw - 48px)\" \/><\/div>\n<p><span class=\"custom-subheading-styles\">Racing<\/span><span class=\"text-base text-black font-bold mx-0 my-2.5 p-0 block custom-text-styles\">Vuelta a Espa\u00f1a: Tadej Poga\u010dar claims stage 1 time trial and takes the first leader&#8217;s jersey in Monaco<\/span><\/div>\n<div class=\"relative recirc-feed sponsored-card min-h-[250px]\" data-recirc-id=\"article-river-stacked-ads:native-cards\" data-mrf-recirculation=\"article-river-ads\" data-nosnippet data-ad-slot-path=\"feed-sponsored-post\" data-attribute-device=\"all\">\n<div class=\"max-w-full sponsored-post--placeholder animate-pulse\">\n<div class=\"relative!\"><span class=\"text-base text-black font-bold mx-0 my-2.5 p-0 block bg-gray-100\">\u00a0<br \/>\u00a0<\/span><\/div>\n<\/div>\n<\/div>\n<div>\n<div class=\"aspect-[var(--img-listing-aspect-ratio,16\/9)] relative mb-3.5\">\n    <source type=\"image\/webp\" srcset=\"https:\/\/cdn.mos.cms.futurecdn.net\/pXNHT4fLqKkNr4mJF9wXkY-840-80.jpg.webp 840w, https:\/\/cdn.mos.cms.futurecdn.net\/pXNHT4fLqKkNr4mJF9wXkY-650-80.jpg.webp 650w, https:\/\/cdn.mos.cms.futurecdn.net\/pXNHT4fLqKkNr4mJF9wXkY-500-80.jpg.webp 500w, https:\/\/cdn.mos.cms.futurecdn.net\/pXNHT4fLqKkNr4mJF9wXkY-450-80.jpg.webp 450w, https:\/\/cdn.mos.cms.futurecdn.net\/pXNHT4fLqKkNr4mJF9wXkY-320-80.jpg.webp 320w\" sizes=\"(min-width: 900px) 925px, (min-width: 700px) 450px, calc(100vw - 48px)\" \/><\/div>\n<p><span class=\"custom-subheading-styles\">Teams &amp; Riders<\/span><span class=\"text-base text-black font-bold mx-0 my-2.5 p-0 block custom-text-styles\">&#8216;It&#8217;s a tiny margin but a win is a win&#8217; &#8211; Tadej Poga\u010dar celebrates fourth stage win of career and first-ever lead in Vuelta a Espa\u00f1a<\/span><\/div>\n<div class=\"relative recirc-feed sponsored-card min-h-[250px]\" data-recirc-id=\"article-river-stacked-ads:native-cards\" data-mrf-recirculation=\"article-river-ads\" data-nosnippet data-ad-slot-path=\"feed-sponsored-post\" data-attribute-device=\"all\">\n<div class=\"max-w-full sponsored-post--placeholder animate-pulse\">\n<div class=\"relative!\"><span class=\"text-base text-black font-bold mx-0 my-2.5 p-0 block bg-gray-100\">\u00a0<br \/>\u00a0<\/span><\/div>\n<\/div>\n<\/div>\n<div>\n<div class=\"aspect-[var(--img-listing-aspect-ratio,16\/9)] relative mb-3.5\">\n    <source type=\"image\/webp\" srcset=\"https:\/\/cdn.mos.cms.futurecdn.net\/cLSHcRATZJ5wsZjNMcxxtC-840-80.jpg.webp 840w, https:\/\/cdn.mos.cms.futurecdn.net\/cLSHcRATZJ5wsZjNMcxxtC-650-80.jpg.webp 650w, https:\/\/cdn.mos.cms.futurecdn.net\/cLSHcRATZJ5wsZjNMcxxtC-500-80.jpg.webp 500w, https:\/\/cdn.mos.cms.futurecdn.net\/cLSHcRATZJ5wsZjNMcxxtC-450-80.jpg.webp 450w, https:\/\/cdn.mos.cms.futurecdn.net\/cLSHcRATZJ5wsZjNMcxxtC-320-80.jpg.webp 320w\" sizes=\"(min-width: 900px) 925px, (min-width: 700px) 450px, calc(100vw - 48px)\" \/><\/div>\n<p><span class=\"custom-subheading-styles\">Teams &amp; Riders<\/span><span class=\"text-base text-black font-bold mx-0 my-2.5 p-0 block custom-text-styles\">&#8216;When Wout goes, you have to react&#8217; &#8211; Tadej Poga\u010dar retains Vuelta a Espa\u00f1a lead after sizzling finale duel with Van Aert<\/span><\/div>\n<div class=\"relative recirc-feed sponsored-card min-h-[250px]\" data-recirc-id=\"article-river-stacked-ads:native-cards\" data-mrf-recirculation=\"article-river-ads\" data-nosnippet data-ad-slot-path=\"feed-sponsored-post\" data-attribute-device=\"all\">\n<div class=\"max-w-full sponsored-post--placeholder animate-pulse\">\n<div class=\"relative!\"><span class=\"text-base text-black font-bold mx-0 my-2.5 p-0 block bg-gray-100\">\u00a0<br \/>\u00a0<\/span><\/div>\n<\/div>\n<\/div>\n<div>\n<div class=\"aspect-[var(--img-listing-aspect-ratio,16\/9)] relative mb-3.5\">\n    <source type=\"image\/webp\" srcset=\"https:\/\/cdn.mos.cms.futurecdn.net\/Ek5ma7FwXHtSj2nMVLJLvi-840-80.jpg.webp 840w, https:\/\/cdn.mos.cms.futurecdn.net\/Ek5ma7FwXHtSj2nMVLJLvi-650-80.jpg.webp 650w, https:\/\/cdn.mos.cms.futurecdn.net\/Ek5ma7FwXHtSj2nMVLJLvi-500-80.jpg.webp 500w, https:\/\/cdn.mos.cms.futurecdn.net\/Ek5ma7FwXHtSj2nMVLJLvi-450-80.jpg.webp 450w, https:\/\/cdn.mos.cms.futurecdn.net\/Ek5ma7FwXHtSj2nMVLJLvi-320-80.jpg.webp 320w\" sizes=\"(min-width: 900px) 925px, (min-width: 700px) 450px, calc(100vw - 48px)\" \/><\/div>\n<p><span class=\"custom-subheading-styles\">Teams &amp; Riders<\/span><span class=\"text-base text-black font-bold mx-0 my-2.5 p-0 block custom-text-styles\">&#8216;I know I lost time in the corners&#8217; &#8211; Wout van Aert&#8217;s dream of returning to red in the opening Vuelta a Espa\u00f1a TT falls short<\/span><\/div>\n<div class=\"relative recirc-feed sponsored-card min-h-[250px]\" data-recirc-id=\"article-river-stacked-ads:native-cards\" data-mrf-recirculation=\"article-river-ads\" data-nosnippet data-ad-slot-path=\"feed-sponsored-post\" data-attribute-device=\"all\">\n<div class=\"max-w-full sponsored-post--placeholder animate-pulse\">\n<div class=\"relative!\"><span class=\"text-base text-black font-bold mx-0 my-2.5 p-0 block bg-gray-100\">\u00a0<br \/>\u00a0<\/span><\/div>\n<\/div>\n<\/div>\n<div>\n<div class=\"aspect-[var(--img-listing-aspect-ratio,16\/9)] relative mb-3.5\">\n    <source type=\"image\/webp\" srcset=\"https:\/\/cdn.mos.cms.futurecdn.net\/Y9pKvrCUtQTYKvGnSVctEU-840-80.jpg.webp 840w, https:\/\/cdn.mos.cms.futurecdn.net\/Y9pKvrCUtQTYKvGnSVctEU-650-80.jpg.webp 650w, https:\/\/cdn.mos.cms.futurecdn.net\/Y9pKvrCUtQTYKvGnSVctEU-500-80.jpg.webp 500w, https:\/\/cdn.mos.cms.futurecdn.net\/Y9pKvrCUtQTYKvGnSVctEU-450-80.jpg.webp 450w, https:\/\/cdn.mos.cms.futurecdn.net\/Y9pKvrCUtQTYKvGnSVctEU-320-80.jpg.webp 320w\" sizes=\"(min-width: 900px) 925px, (min-width: 700px) 450px, calc(100vw - 48px)\" \/><\/div>\n<p><span class=\"custom-subheading-styles\">Racing<\/span><span class=\"text-base text-black font-bold mx-0 my-2.5 p-0 block custom-text-styles\">&#8216;We will fight for yellow, maybe already tomorrow&#8217; \u2013 Tadej Poga\u010dar without disappointment despite defeat by Vingegaard in Tour de France opening stage<\/span><\/div>\n<div class=\"relative recirc-feed sponsored-card min-h-[250px]\" data-recirc-id=\"article-river-stacked-ads:native-cards\" data-mrf-recirculation=\"article-river-ads\" data-nosnippet data-ad-slot-path=\"feed-sponsored-post\" data-attribute-device=\"all\">\n<div class=\"max-w-full sponsored-post--placeholder animate-pulse\">\n<div class=\"relative!\"><span class=\"text-base text-black font-bold mx-0 my-2.5 p-0 block bg-gray-100\">\u00a0<br \/>\u00a0<\/span><\/div>\n<\/div>\n<\/div>\n<\/div>\n<\/div>\n<\/aside>\n<aside class=\"w-full\" data-nosnippet data-mrf-recirculation=\"article-river-stacked\">\n<div data-recirc-id=\"article-river-stacked-solr:latest-category\">\n<div class=\"text-white py-4 px-3 mb-4 bg-[#333] uppercase font-bold custom-header-styles\">Latest in Racing<\/div>\n<div class=\"grid grid-cols-1 gap-4 mt-4 mb-5\">\n<div>\n<div class=\"aspect-[var(--img-listing-aspect-ratio,16\/9)] relative mb-3.5\">\n    <source type=\"image\/webp\" srcset=\"https:\/\/cdn.mos.cms.futurecdn.net\/zKa5jF8d2s4BYwxnu4djUX-840-80.jpg.webp 840w, https:\/\/cdn.mos.cms.futurecdn.net\/zKa5jF8d2s4BYwxnu4djUX-650-80.jpg.webp 650w, https:\/\/cdn.mos.cms.futurecdn.net\/zKa5jF8d2s4BYwxnu4djUX-500-80.jpg.webp 500w, https:\/\/cdn.mos.cms.futurecdn.net\/zKa5jF8d2s4BYwxnu4djUX-450-80.jpg.webp 450w, https:\/\/cdn.mos.cms.futurecdn.net\/zKa5jF8d2s4BYwxnu4djUX-320-80.jpg.webp 320w\" sizes=\"(min-width: 900px) 925px, (min-width: 700px) 450px, calc(100vw - 48px)\" \/><\/div>\n<p><span class=\"custom-subheading-styles\">Racing<\/span><span class=\"text-base text-black font-bold mx-0 my-2.5 p-0 block custom-text-styles\">&#8216;I didn&#8217;t really have much left for such a hard finish&#8217; \u2013 Ethan Hayter misses out on red jersey again at Vuelta a Espa\u00f1a despite gutsy breakaway ride in ripped shorts<\/span><\/div>\n<div class=\"relative recirc-feed sponsored-card min-h-[250px]\" data-recirc-id=\"article-river-stacked-ads:native-cards\" data-mrf-recirculation=\"article-river-ads\" data-nosnippet data-ad-slot-path=\"feed-sponsored-post\" data-attribute-device=\"all\">\n<div class=\"max-w-full sponsored-post--placeholder animate-pulse\">\n<div class=\"relative!\"><span class=\"text-base text-black font-bold mx-0 my-2.5 p-0 block bg-gray-100\">\u00a0<br \/>\u00a0<\/span><\/div>\n<\/div>\n<\/div>\n<div>\n<div class=\"aspect-[var(--img-listing-aspect-ratio,16\/9)] relative mb-3.5\">\n    <source type=\"image\/webp\" srcset=\"https:\/\/cdn.mos.cms.futurecdn.net\/pyoa6JqM6PUXASaJ8znEpC-840-80.jpg.webp 840w, https:\/\/cdn.mos.cms.futurecdn.net\/pyoa6JqM6PUXASaJ8znEpC-650-80.jpg.webp 650w, https:\/\/cdn.mos.cms.futurecdn.net\/pyoa6JqM6PUXASaJ8znEpC-500-80.jpg.webp 500w, https:\/\/cdn.mos.cms.futurecdn.net\/pyoa6JqM6PUXASaJ8znEpC-450-80.jpg.webp 450w, https:\/\/cdn.mos.cms.futurecdn.net\/pyoa6JqM6PUXASaJ8znEpC-320-80.jpg.webp 320w\" sizes=\"(min-width: 900px) 925px, (min-width: 700px) 450px, calc(100vw - 48px)\" \/><\/div>\n<p><span class=\"custom-subheading-styles\">Racing<\/span><span class=\"text-base text-black font-bold mx-0 my-2.5 p-0 block custom-text-styles\">Lauf Gravel Worlds: Geerike Schreurs beats Rosa Kl\u00f6ser in photo finish as Torbj\u00f8rn R\u00f8ed wins three-way sprint after storms cause course rejig<\/span><\/div>\n<div class=\"relative recirc-feed sponsored-card min-h-[250px]\" data-recirc-id=\"article-river-stacked-ads:native-cards\" data-mrf-recirculation=\"article-river-ads\" data-nosnippet data-ad-slot-path=\"feed-sponsored-post\" data-attribute-device=\"all\">\n<div class=\"max-w-full sponsored-post--placeholder animate-pulse\">\n<div class=\"relative!\"><span class=\"text-base text-black font-bold mx-0 my-2.5 p-0 block bg-gray-100\">\u00a0<br \/>\u00a0<\/span><\/div>\n<\/div>\n<\/div>\n<div>\n<div class=\"aspect-[var(--img-listing-aspect-ratio,16\/9)] relative mb-3.5\">\n    <source type=\"image\/webp\" srcset=\"https:\/\/cdn.mos.cms.futurecdn.net\/aqedMr2yq5dFSWVFHTrjMA-840-80.jpg.webp 840w, https:\/\/cdn.mos.cms.futurecdn.net\/aqedMr2yq5dFSWVFHTrjMA-650-80.jpg.webp 650w, https:\/\/cdn.mos.cms.futurecdn.net\/aqedMr2yq5dFSWVFHTrjMA-500-80.jpg.webp 500w, https:\/\/cdn.mos.cms.futurecdn.net\/aqedMr2yq5dFSWVFHTrjMA-450-80.jpg.webp 450w, https:\/\/cdn.mos.cms.futurecdn.net\/aqedMr2yq5dFSWVFHTrjMA-320-80.jpg.webp 320w\" sizes=\"(min-width: 900px) 925px, (min-width: 700px) 450px, calc(100vw - 48px)\" \/><\/div>\n<p><span class=\"custom-subheading-styles\">Racing<\/span><span class=\"text-base text-black font-bold mx-0 my-2.5 p-0 block custom-text-styles\">Deutschland Tour: Isaac del Toro seals overall title as Paul Magnier wins finale stage 4 in Heilbronn<\/span><\/div>\n<div class=\"relative recirc-feed sponsored-card min-h-[250px]\" data-recirc-id=\"article-river-stacked-ads:native-cards\" data-mrf-recirculation=\"article-river-ads\" data-nosnippet data-ad-slot-path=\"feed-sponsored-post\" data-attribute-device=\"all\">\n<div class=\"max-w-full sponsored-post--placeholder animate-pulse\">\n<div class=\"relative!\"><span class=\"text-base text-black font-bold mx-0 my-2.5 p-0 block bg-gray-100\">\u00a0<br \/>\u00a0<\/span><\/div>\n<\/div>\n<\/div>\n<div>\n<div class=\"aspect-[var(--img-listing-aspect-ratio,16\/9)] relative mb-3.5\">\n    <source type=\"image\/webp\" srcset=\"https:\/\/cdn.mos.cms.futurecdn.net\/as8Z4qRNG2969Xm5zz6JSM-840-80.jpg.webp 840w, https:\/\/cdn.mos.cms.futurecdn.net\/as8Z4qRNG2969Xm5zz6JSM-650-80.jpg.webp 650w, https:\/\/cdn.mos.cms.futurecdn.net\/as8Z4qRNG2969Xm5zz6JSM-500-80.jpg.webp 500w, https:\/\/cdn.mos.cms.futurecdn.net\/as8Z4qRNG2969Xm5zz6JSM-450-80.jpg.webp 450w, https:\/\/cdn.mos.cms.futurecdn.net\/as8Z4qRNG2969Xm5zz6JSM-320-80.jpg.webp 320w\" sizes=\"(min-width: 900px) 925px, (min-width: 700px) 450px, calc(100vw - 48px)\" \/><\/div>\n<p><span class=\"custom-subheading-styles\">Women&#8217;s Cycling<\/span><span class=\"text-base text-black font-bold mx-0 my-2.5 p-0 block custom-text-styles\">Tour of Britain Women: Kim Le Court-Pienaar claims overall title as unstoppable Lorena Wiebes takes fourth victory in stage 5 finale<\/span><\/div>\n<div class=\"relative recirc-feed sponsored-card min-h-[250px]\" data-recirc-id=\"article-river-stacked-ads:native-cards\" data-mrf-recirculation=\"article-river-ads\" data-nosnippet data-ad-slot-path=\"feed-sponsored-post\" data-attribute-device=\"all\">\n<div class=\"max-w-full sponsored-post--placeholder animate-pulse\">\n<div class=\"relative!\"><span class=\"text-base text-black font-bold mx-0 my-2.5 p-0 block bg-gray-100\">\u00a0<br \/>\u00a0<\/span><\/div>\n<\/div>\n<\/div>\n<div>\n<div class=\"aspect-[var(--img-listing-aspect-ratio,16\/9)] relative mb-3.5\">\n    <source type=\"image\/webp\" srcset=\"https:\/\/cdn.mos.cms.futurecdn.net\/x2WtQR2kCmobTexWFXFRFU-840-80.jpg.webp 840w, https:\/\/cdn.mos.cms.futurecdn.net\/x2WtQR2kCmobTexWFXFRFU-650-80.jpg.webp 650w, https:\/\/cdn.mos.cms.futurecdn.net\/x2WtQR2kCmobTexWFXFRFU-500-80.jpg.webp 500w, https:\/\/cdn.mos.cms.futurecdn.net\/x2WtQR2kCmobTexWFXFRFU-450-80.jpg.webp 450w, https:\/\/cdn.mos.cms.futurecdn.net\/x2WtQR2kCmobTexWFXFRFU-320-80.jpg.webp 320w\" sizes=\"(min-width: 900px) 925px, (min-width: 700px) 450px, calc(100vw - 48px)\" \/><\/div>\n<p><span class=\"custom-subheading-styles\">Racing<\/span><span class=\"text-base text-black font-bold mx-0 my-2.5 p-0 block custom-text-styles\">Renewi Tour: Jasper Philipsen wins overall title with hat trick of sprint victories on stage 5<\/span><\/div>\n<div class=\"relative recirc-feed sponsored-card min-h-[250px]\" data-recirc-id=\"article-river-stacked-ads:native-cards\" data-mrf-recirculation=\"article-river-ads\" data-nosnippet data-ad-slot-path=\"feed-sponsored-post\" data-attribute-device=\"all\">\n<div class=\"max-w-full sponsored-post--placeholder animate-pulse\">\n<div class=\"relative!\"><span class=\"text-base text-black font-bold mx-0 my-2.5 p-0 block bg-gray-100\">\u00a0<br \/>\u00a0<\/span><\/div>\n<\/div>\n<\/div>\n<div>\n<div class=\"aspect-[var(--img-listing-aspect-ratio,16\/9)] relative mb-3.5\">\n    <source type=\"image\/webp\" srcset=\"https:\/\/cdn.mos.cms.futurecdn.net\/qNaVetYgQPFWvp3Ne8irMU-840-80.jpg.webp 840w, https:\/\/cdn.mos.cms.futurecdn.net\/qNaVetYgQPFWvp3Ne8irMU-650-80.jpg.webp 650w, https:\/\/cdn.mos.cms.futurecdn.net\/qNaVetYgQPFWvp3Ne8irMU-500-80.jpg.webp 500w, https:\/\/cdn.mos.cms.futurecdn.net\/qNaVetYgQPFWvp3Ne8irMU-450-80.jpg.webp 450w, https:\/\/cdn.mos.cms.futurecdn.net\/qNaVetYgQPFWvp3Ne8irMU-320-80.jpg.webp 320w\" sizes=\"(min-width: 900px) 925px, (min-width: 700px) 450px, calc(100vw - 48px)\" \/><\/div>\n<p><span class=\"custom-subheading-styles\">Racing<\/span><span class=\"text-base text-black font-bold mx-0 my-2.5 p-0 block custom-text-styles\">Vuelta a Espa\u00f1a: Powerful sprint nets Matthew Brennan stage 2 victory as Tadej Poga\u010dar fends off attacks to keep leader&#8217;s jersey<\/span><\/div>\n<div class=\"relative recirc-feed sponsored-card min-h-[250px]\" data-recirc-id=\"article-river-stacked-ads:native-cards\" data-mrf-recirculation=\"article-river-ads\" data-nosnippet data-ad-slot-path=\"feed-sponsored-post\" data-attribute-device=\"all\">\n<div class=\"max-w-full sponsored-post--placeholder animate-pulse\">\n<div class=\"relative!\"><span class=\"text-base text-black font-bold mx-0 my-2.5 p-0 block bg-gray-100\">\u00a0<br \/>\u00a0<\/span><\/div>\n<\/div>\n<\/div>\n<\/div>\n<\/div>\n<\/aside>\n<aside class=\"w-full\" data-nosnippet data-mrf-recirculation=\"article-river-stacked\">\n<div data-recirc-id=\"article-river-stacked-solr:latest-articletype\">\n<div class=\"text-white py-4 px-3 mb-4 bg-[#333] uppercase font-bold custom-header-styles\">Latest in News<\/div>\n<div class=\"grid grid-cols-1 gap-4 mt-4 mb-5\">\n<div>\n<div class=\"aspect-[var(--img-listing-aspect-ratio,16\/9)] relative mb-3.5\">\n    <source type=\"image\/webp\" srcset=\"https:\/\/cdn.mos.cms.futurecdn.net\/cLSHcRATZJ5wsZjNMcxxtC-840-80.jpg.webp 840w, https:\/\/cdn.mos.cms.futurecdn.net\/cLSHcRATZJ5wsZjNMcxxtC-650-80.jpg.webp 650w, https:\/\/cdn.mos.cms.futurecdn.net\/cLSHcRATZJ5wsZjNMcxxtC-500-80.jpg.webp 500w, https:\/\/cdn.mos.cms.futurecdn.net\/cLSHcRATZJ5wsZjNMcxxtC-450-80.jpg.webp 450w, https:\/\/cdn.mos.cms.futurecdn.net\/cLSHcRATZJ5wsZjNMcxxtC-320-80.jpg.webp 320w\" sizes=\"(min-width: 900px) 925px, (min-width: 700px) 450px, calc(100vw - 48px)\" \/><\/div>\n<p><span class=\"custom-subheading-styles\">Teams &amp; Riders<\/span><span class=\"text-base text-black font-bold mx-0 my-2.5 p-0 block custom-text-styles\">&#8216;When Wout goes, you have to react&#8217; &#8211; Tadej Poga\u010dar retains Vuelta a Espa\u00f1a lead after sizzling finale duel with Van Aert<\/span><\/div>\n<div class=\"relative recirc-feed sponsored-card min-h-[250px]\" data-recirc-id=\"article-river-stacked-ads:native-cards\" data-mrf-recirculation=\"article-river-ads\" data-nosnippet data-ad-slot-path=\"feed-sponsored-post\" data-attribute-device=\"all\">\n<div class=\"max-w-full sponsored-post--placeholder animate-pulse\">\n<div class=\"relative!\"><span class=\"text-base text-black font-bold mx-0 my-2.5 p-0 block bg-gray-100\">\u00a0<br \/>\u00a0<\/span><\/div>\n<\/div>\n<\/div>\n<div>\n<div class=\"aspect-[var(--img-listing-aspect-ratio,16\/9)] relative mb-3.5\">\n    <source type=\"image\/webp\" srcset=\"https:\/\/cdn.mos.cms.futurecdn.net\/JZzemFw5TdtdXkCVjuaheQ-840-80.jpg.webp 840w, https:\/\/cdn.mos.cms.futurecdn.net\/JZzemFw5TdtdXkCVjuaheQ-650-80.jpg.webp 650w, https:\/\/cdn.mos.cms.futurecdn.net\/JZzemFw5TdtdXkCVjuaheQ-500-80.jpg.webp 500w, https:\/\/cdn.mos.cms.futurecdn.net\/JZzemFw5TdtdXkCVjuaheQ-450-80.jpg.webp 450w, https:\/\/cdn.mos.cms.futurecdn.net\/JZzemFw5TdtdXkCVjuaheQ-320-80.jpg.webp 320w\" sizes=\"(min-width: 900px) 925px, (min-width: 700px) 450px, calc(100vw - 48px)\" \/><\/div>\n<p><span class=\"custom-subheading-styles\">Teams &amp; Riders<\/span><span class=\"text-base text-black font-bold mx-0 my-2.5 p-0 block custom-text-styles\">Kim Le Court-Pienaar comes full circle at Tour of Britain Women to take her first-ever GC victory<\/span><\/div>\n<div class=\"relative recirc-feed sponsored-card min-h-[250px]\" data-recirc-id=\"article-river-stacked-ads:native-cards\" data-mrf-recirculation=\"article-river-ads\" data-nosnippet data-ad-slot-path=\"feed-sponsored-post\" data-attribute-device=\"all\">\n<div class=\"max-w-full sponsored-post--placeholder animate-pulse\">\n<div class=\"relative!\"><span class=\"text-base text-black font-bold mx-0 my-2.5 p-0 block bg-gray-100\">\u00a0<br \/>\u00a0<\/span><\/div>\n<\/div>\n<\/div>\n<div>\n<div class=\"aspect-[var(--img-listing-aspect-ratio,16\/9)] relative mb-3.5\">\n    <source type=\"image\/webp\" srcset=\"https:\/\/cdn.mos.cms.futurecdn.net\/zKa5jF8d2s4BYwxnu4djUX-840-80.jpg.webp 840w, https:\/\/cdn.mos.cms.futurecdn.net\/zKa5jF8d2s4BYwxnu4djUX-650-80.jpg.webp 650w, https:\/\/cdn.mos.cms.futurecdn.net\/zKa5jF8d2s4BYwxnu4djUX-500-80.jpg.webp 500w, https:\/\/cdn.mos.cms.futurecdn.net\/zKa5jF8d2s4BYwxnu4djUX-450-80.jpg.webp 450w, https:\/\/cdn.mos.cms.futurecdn.net\/zKa5jF8d2s4BYwxnu4djUX-320-80.jpg.webp 320w\" sizes=\"(min-width: 900px) 925px, (min-width: 700px) 450px, calc(100vw - 48px)\" \/><\/div>\n<p><span class=\"custom-subheading-styles\">Racing<\/span><span class=\"text-base text-black font-bold mx-0 my-2.5 p-0 block custom-text-styles\">&#8216;I didn&#8217;t really have much left for such a hard finish&#8217; \u2013 Ethan Hayter misses out on red jersey again at Vuelta a Espa\u00f1a despite gutsy breakaway ride in ripped shorts<\/span><\/div>\n<div class=\"relative recirc-feed sponsored-card min-h-[250px]\" data-recirc-id=\"article-river-stacked-ads:native-cards\" data-mrf-recirculation=\"article-river-ads\" data-nosnippet data-ad-slot-path=\"feed-sponsored-post\" data-attribute-device=\"all\">\n<div class=\"max-w-full sponsored-post--placeholder animate-pulse\">\n<div class=\"relative!\"><span class=\"text-base text-black font-bold mx-0 my-2.5 p-0 block bg-gray-100\">\u00a0<br \/>\u00a0<\/span><\/div>\n<\/div>\n<\/div>\n<div>\n<div class=\"aspect-[var(--img-listing-aspect-ratio,16\/9)] relative mb-3.5\">\n    <source type=\"image\/webp\" srcset=\"https:\/\/cdn.mos.cms.futurecdn.net\/pyoa6JqM6PUXASaJ8znEpC-840-80.jpg.webp 840w, https:\/\/cdn.mos.cms.futurecdn.net\/pyoa6JqM6PUXASaJ8znEpC-650-80.jpg.webp 650w, https:\/\/cdn.mos.cms.futurecdn.net\/pyoa6JqM6PUXASaJ8znEpC-500-80.jpg.webp 500w, https:\/\/cdn.mos.cms.futurecdn.net\/pyoa6JqM6PUXASaJ8znEpC-450-80.jpg.webp 450w, https:\/\/cdn.mos.cms.futurecdn.net\/pyoa6JqM6PUXASaJ8znEpC-320-80.jpg.webp 320w\" sizes=\"(min-width: 900px) 925px, (min-width: 700px) 450px, calc(100vw - 48px)\" \/><\/div>\n<p><span class=\"custom-subheading-styles\">Racing<\/span><span class=\"text-base text-black font-bold mx-0 my-2.5 p-0 block custom-text-styles\">Lauf Gravel Worlds: Geerike Schreurs beats Rosa Kl\u00f6ser in photo finish as Torbj\u00f8rn R\u00f8ed wins three-way sprint after storms cause course rejig<\/span><\/div>\n<div class=\"relative recirc-feed sponsored-card min-h-[250px]\" data-recirc-id=\"article-river-stacked-ads:native-cards\" data-mrf-recirculation=\"article-river-ads\" data-nosnippet data-ad-slot-path=\"feed-sponsored-post\" data-attribute-device=\"all\">\n<div class=\"max-w-full sponsored-post--placeholder animate-pulse\">\n<div class=\"relative!\"><span class=\"text-base text-black font-bold mx-0 my-2.5 p-0 block bg-gray-100\">\u00a0<br \/>\u00a0<\/span><\/div>\n<\/div>\n<\/div>\n<div>\n<div class=\"aspect-[var(--img-listing-aspect-ratio,16\/9)] relative mb-3.5\">\n    <source type=\"image\/webp\" srcset=\"https:\/\/cdn.mos.cms.futurecdn.net\/ok8zpNrbM9FuWB4jGwqEtY-840-80.jpg.webp 840w, https:\/\/cdn.mos.cms.futurecdn.net\/ok8zpNrbM9FuWB4jGwqEtY-650-80.jpg.webp 650w, https:\/\/cdn.mos.cms.futurecdn.net\/ok8zpNrbM9FuWB4jGwqEtY-500-80.jpg.webp 500w, https:\/\/cdn.mos.cms.futurecdn.net\/ok8zpNrbM9FuWB4jGwqEtY-450-80.jpg.webp 450w, https:\/\/cdn.mos.cms.futurecdn.net\/ok8zpNrbM9FuWB4jGwqEtY-320-80.jpg.webp 320w\" sizes=\"(min-width: 900px) 925px, (min-width: 700px) 450px, calc(100vw - 48px)\" \/><\/div>\n<p><span class=\"custom-subheading-styles\">Women&#8217;s Cycling<\/span><span class=\"text-base text-black font-bold mx-0 my-2.5 p-0 block custom-text-styles\">&#8216;It&#8217;s taken me a while to become a consistent rider&#8217; \u2013 Josie Nelson continues strongest season yet on home roads at Tour of Britain Women<\/span><\/div>\n<div class=\"relative recirc-feed sponsored-card min-h-[250px]\" data-recirc-id=\"article-river-stacked-ads:native-cards\" data-mrf-recirculation=\"article-river-ads\" data-nosnippet data-ad-slot-path=\"feed-sponsored-post\" data-attribute-device=\"all\">\n<div class=\"max-w-full sponsored-post--placeholder animate-pulse\">\n<div class=\"relative!\"><span class=\"text-base text-black font-bold mx-0 my-2.5 p-0 block bg-gray-100\">\u00a0<br \/>\u00a0<\/span><\/div>\n<\/div>\n<\/div>\n<div>\n<div class=\"aspect-[var(--img-listing-aspect-ratio,16\/9)] relative mb-3.5\">\n    <source type=\"image\/webp\" srcset=\"https:\/\/cdn.mos.cms.futurecdn.net\/pXNHT4fLqKkNr4mJF9wXkY-840-80.jpg.webp 840w, https:\/\/cdn.mos.cms.futurecdn.net\/pXNHT4fLqKkNr4mJF9wXkY-650-80.jpg.webp 650w, https:\/\/cdn.mos.cms.futurecdn.net\/pXNHT4fLqKkNr4mJF9wXkY-500-80.jpg.webp 500w, https:\/\/cdn.mos.cms.futurecdn.net\/pXNHT4fLqKkNr4mJF9wXkY-450-80.jpg.webp 450w, https:\/\/cdn.mos.cms.futurecdn.net\/pXNHT4fLqKkNr4mJF9wXkY-320-80.jpg.webp 320w\" sizes=\"(min-width: 900px) 925px, (min-width: 700px) 450px, calc(100vw - 48px)\" \/><\/div>\n<p><span class=\"custom-subheading-styles\">Teams &amp; Riders<\/span><span class=\"text-base text-black font-bold mx-0 my-2.5 p-0 block custom-text-styles\">&#8216;It&#8217;s a tiny margin but a win is a win&#8217; &#8211; Tadej Poga\u010dar celebrates fourth stage win of career and first-ever lead in Vuelta a Espa\u00f1a<\/span><\/div>\n<div class=\"relative recirc-feed sponsored-card min-h-[250px]\" data-recirc-id=\"article-river-stacked-ads:native-cards\" data-mrf-recirculation=\"article-river-ads\" data-nosnippet data-ad-slot-path=\"feed-sponsored-post\" data-attribute-device=\"all\">\n<div class=\"max-w-full sponsored-post--placeholder animate-pulse\">\n<div class=\"relative!\"><span class=\"text-base text-black font-bold mx-0 my-2.5 p-0 block bg-gray-100\">\u00a0<br \/>\u00a0<\/span><\/div>\n<\/div>\n<\/div>\n<\/div>\n<\/div>\n<\/aside>\n<\/section>\n<\/div>\n<\/div>\n<\/div>\n<div id=\"widgetArea17\" class=\"widget-area md:basis-1\/3 widget-area-g-md-vp-1-3 widget-area-g-lg-vp-1-3 widget-area-g-xl-vp-1-3 page-widget-area-17\">\n<div data-widget-type=\"dynamic\" id=\"popular-data\" class=\"clear-both widget widget-dynamic widget-popular-data widget-dynamic-popular-data widget-dynamic-fter-popular-box\">\n<div class=\"wdn-fte-pb pos-relative space-t20\n\"><\/p>\n<div class=\"slice-container popular-box-slice\">\n<section class=\"popular-box\" data-component-name=\"Slice:PopularBox\">\n<div class=\"popular-box__label\">\n<div class=\"popular-box__label__tab popular-box__label__tab--active\" role=\"heading\">\nLATEST ARTICLES\n<\/div>\n<\/div>\n<ol class=\"popular-box__articles-list popular-box__articles-list--active\">\n<li class=\"popular-box__article-list\">\n<div class=\"popular-box__article-list__container\">\n<div class=\"popular-box__article-list__image-wrapper\">\n<div>\n<source type=\"image\/webp\" srcset=\"https:\/\/cdn.mos.cms.futurecdn.net\/pyoa6JqM6PUXASaJ8znEpC-1280-80.jpg.webp 1280w, https:\/\/cdn.mos.cms.futurecdn.net\/pyoa6JqM6PUXASaJ8znEpC-720-80.jpg.webp 720w, https:\/\/cdn.mos.cms.futurecdn.net\/pyoa6JqM6PUXASaJ8znEpC-640-80.jpg.webp 640w, https:\/\/cdn.mos.cms.futurecdn.net\/pyoa6JqM6PUXASaJ8znEpC-320-80.jpg.webp 320w\" sizes=\"99vw\" \/><\/div>\n<\/div>\n<div class=\"popular-box__article-list__content\">\n<div class=\"popular-box__article-list__number-text\">1<\/div>\n<div class=\"popular-box__article-list__heading\">\n<p>Lauf Gravel Worlds: Geerike Schreurs beats Rosa Kl\u00f6ser in photo finish as Torbj\u00f8rn R\u00f8ed wins three-way sprint after storms cause course rejig<\/p>\n<\/div>\n<\/div>\n<\/div>\n<\/li>\n<li class=\"popular-box__article-list\">\n<div class=\"popular-box__article-list__container\">\n<div class=\"popular-box__article-list__content\">\n<div class=\"popular-box__article-list__number-text\">2<\/div>\n<div class=\"popular-box__article-list__heading\">\n<p>&#8216;When Wout goes, you have to react&#8217; &#8211; Tadej Poga\u010dar retains Vuelta a Espa\u00f1a lead after sizzling finale duel with Van Aert<\/p>\n<\/div>\n<\/div>\n<\/div>\n<\/li>\n<li class=\"popular-box__article-list\">\n<div class=\"popular-box__article-list__container\">\n<div class=\"popular-box__article-list__content\">\n<div class=\"popular-box__article-list__number-text\">3<\/div>\n<div class=\"popular-box__article-list__heading\">\n<p>Kim Le Court-Pienaar comes full circle at Tour of Britain Women to take her first-ever GC victory<\/p>\n<\/div>\n<\/div>\n<\/div>\n<\/li>\n<li class=\"popular-box__article-list\">\n<div class=\"popular-box__article-list__container\">\n<div class=\"popular-box__article-list__content\">\n<div class=\"popular-box__article-list__number-text\">4<\/div>\n<div class=\"popular-box__article-list__heading\">\n<p>&#8216;I didn&#8217;t really have much left for such a hard finish&#8217; \u2013 Ethan Hayter misses out on red jersey again at Vuelta a Espa\u00f1a despite gutsy breakaway ride in ripped shorts<\/p>\n<\/div>\n<\/div>\n<\/div>\n<\/li>\n<li class=\"popular-box__article-list\">\n<div class=\"popular-box__article-list__container\">\n<div class=\"popular-box__article-list__content\">\n<div class=\"popular-box__article-list__number-text\">5<\/div>\n<div class=\"popular-box__article-list__heading\">\n<p>Vuelta a Espa\u00f1a: Powerful sprint nets Matthew Brennan stage 2 victory as Tadej Poga\u010dar fends off attacks to keep leader&#8217;s jersey<\/p>\n<\/div>\n<\/div>\n<\/div>\n<\/li>\n<\/ol>\n<\/section>\n<\/div>\n<\/div>\n<\/div>\n<\/div>\n<\/div>\n<\/article>\n<div class=\"news-article\">\n<header data-component-name=\"Article:Hero\">\n<nav class=\"breadcrumb\" aria-label=\"Breadcrumbs\">\n<ol>\n<li>\nPro Cycling\n<\/li>\n<li>\nRacing\n<\/li>\n<li>\nRoad\n<\/li>\n<li>\nVuelta a Espa\u00f1a\n<\/li>\n<\/ol>\n<\/nav>\n<h1>&#8216;It&#8217;s not completely under my control but I&#8217;m going to try&#8217; &#8211; After ultra-narrow TT defeat to Poga\u010dar, Ethan Hayter throws hat in ring for red in Vuelta a Espa\u00f1a<\/h1>\n<div class=\"byline-social\">\n<div class=\"vds-byline-block flex flex-row flex-nowrap my-1.5 gap-2 text-left items-start justify-start\" data-component-name=\"Article:BylineBlock\">\n<p>News<\/p>\n<div class=\"my-auto vds-simple-byline\"><span class=\"inline-block vds-author\"><br \/>\nBy<br \/>\nAlasdair Fotheringham <\/span><\/p>\n<div class=\"flex gap-1 vds-byline-with-avatar__meta\"><span class=\"vds-date block font-normal tracking-normal normal-case text-xs\"><br \/>\nPublished<br \/>\n<time data-component-name=\"UI:DateTime\" datetime=\"2026-08-23T10:43:30Z\" class=\"relative-date\"><br \/>\n23 August 2026<br \/>\n<\/time><\/span><\/div>\n<\/div>\n<\/div>\n<p class=\"strapline\">Briton lost opening time trial by less than a tenth of a second to Tadej Pogacar in Monaco<\/p>\n<\/div>\n<aside class=\"text-gray-700 flex items-center mx-0 my-5 p-0 justify-start text-left\" id=\"affiliate-disclaimer\" data-component-name=\"AffiliateDisclaimer\" data-hawk-message=\"Affiliate disclaimer removed because hawk deemed there are no affiliate links on this page\">\n<p class=\"text-[color:var(--affiliate-disclaimer--text-color,inherit)] mb-2 text-[length:var(--affiliate-disclaimer--font-size,0.75rem)] leading-[18px] md:text-[13px] [&amp;&gt;a]:text-inherit [&amp;&gt;a]:underline\">\nWhen you purchase through links on our site, we may earn an affiliate commission. Here\u2019s how it works.\n<\/p>\n<\/aside>\n<\/header>\n<\/div>\n<div id=\"article-body\" class=\"text-copy bodyCopy auto paywall-locker\">\n<div data-analytics-id=\"utility-bar\" id=\"utility-bar\" class=\"font-ui-heading flex justify-between items-center py-2 border-t border-b border-gray-300 border-solid mb-5 mx-auto\" data-component-name=\"UtilityBar\" data-mrf-recirculation=\"utility-bar\">\n<div class=\"flex gap-2 text-[#333] subcontainer\">\n<div class=\"relative tooltip-container\" role=\"tooltip\">\n<div data-component-name=\"Social:Dropdown\" role=\"menu\" id=\"utilitybar__dropdown--share\" aria-labelledby=\"utilitybar__button--share\" class=\"absolute left-0 top-full w-44 bg-white rounded-md shadow-md border border-neutral-200 z-[9996] list-none m-0 py-2 px-3 border-solid\">\n<ul class=\"m-0!\">\n<li class=\"!p-0 !m-0 list-none border-b border-gray-200 border-solid\">\n<li class=\"!p-0 !m-0 list-none border-b border-gray-200 border-solid\">\n<p>Facebook<\/p>\n<\/li>\n<li class=\"!p-0 !m-0 list-none border-b border-gray-200 border-solid\">\n<p>X<\/p>\n<\/li>\n<li class=\"!p-0 !m-0 list-none border-b border-gray-200 border-solid\">\n<p>Pinterest<\/p>\n<\/li>\n<li class=\"!p-0 !m-0 list-none border-b border-gray-200 border-solid\">\n<p>Email<\/p>\n<\/li>\n<\/ul>\n<\/div>\n<div class=\"font-ui-heading max-sm:hidden tooltip absolute left-1\/2 bg-gray-900 text-white text-xs leading-none px-3 py-1.5 rounded-md z-[10001] whitespace-nowrap\" id=\"tooltip-share-this-article\" role=\"tooltip\" aria-hidden=\"true\">\nShare this article\n<\/div>\n<\/div>\n<div class=\"relative tooltip-container\" role=\"tooltip\"><span class=\"ml-1 inline-flex h-5 px-2 shrink-0 items-center justify-center self-center overflow-hidden whitespace-nowrap rounded-[10px] bg-primary-500 text-[11px] leading-none font-ui-heading font-semibold text-white\">0<\/span><\/p>\n<div class=\"font-ui-heading max-sm:hidden tooltip absolute left-1\/2 bg-gray-900 text-white text-xs leading-none px-3 py-1.5 rounded-md z-[10001] whitespace-nowrap\" id=\"tooltip-join-the-conversation\" role=\"tooltip\" aria-hidden=\"true\">\nJoin the conversation\n<\/div>\n<\/div>\n<\/div>\n<div class=\"flex gap-2 text-[#333] subcontainer\">\n<div class=\"relative tooltip-container\" role=\"tooltip\">\n<p>Follow us<\/p>\n<div class=\"font-ui-heading max-sm:hidden tooltip absolute left-1\/2 bg-gray-900 text-white text-xs leading-none px-3 py-1.5 rounded-md z-[10001] whitespace-nowrap\" id=\"tooltip-add-us-as-a-preferred-source-on-google\" role=\"tooltip\" aria-hidden=\"true\">\nAdd us as a preferred source on Google\n<\/div>\n<\/div>\n<div class=\"relative tooltip-container\" role=\"tooltip\">\n<div class=\"font-ui-heading max-sm:hidden tooltip absolute left-1\/2 bg-gray-900 text-white text-xs leading-none px-3 py-1.5 rounded-md z-[10001] whitespace-nowrap\" id=\"tooltip-subscribe-to-our-newsletter\" role=\"tooltip\" aria-hidden=\"true\">\nSubscribe to our newsletter\n<\/div>\n<\/div>\n<\/div>\n<\/div>\n<p id=\"elk-8be45250-9edd-11f1-aaba-5f6e235a3fd4\">Ethan Hayter has said he will do his utmost to bounce back from his painfully narrow defeat in the opening stage of the Vuelta a Espa\u00f1a with a crack at the red jersey on stage 2.<\/p>\n<p>Beaten by less than a tenth of a second by Tadej Poga\u010dar (UAE Team Emirates-XRG) in the opening time trial, Hayter&#8217;s disappointment on Saturday evening in the Vuelta TT hot seat was palpable as he watched his chance of a first-ever Grand Tour lead go up in smoke at the last possible moment.<\/p>\n<p id=\"elk-8be45250-9edd-11f1-aaba-5f6e235a3fd4-2\" aria-hidden=\"true\" class=\"kiosq-b\">However, his determination to fight back was equally on show at the start in Monaco, where with bonus seconds aplenty, the Briton is in with a strong fighting chance of taking la roja on stage 2.<\/p>\n<div class=\"my-6 w-full overflow-hidden rounded-[10px] lg:my-8\" data-component-name=\"JwPlayer:Carousel\" data-jwp-carousel data-jwp-carousel-payload=\"{&quot;ids&quot;:{&quot;playerID&quot;:&quot;jYDCcabO&quot;,&quot;searchPlaylistID&quot;:&quot;gwjdoYHD&quot;,&quot;divID&quot;:&quot;botr_gwjdoYHD_jYDCcabO_div&quot;,&quot;fallbackPlaylistID&quot;:&quot;gwjdoYHD&quot;,&quot;fallbackDivID&quot;:&quot;botr_gwjdoYHD_jYDCcabO_div&quot;,&quot;key&quot;:&quot;X9\/mXVGac0NphghLH9hZaqWA5d3dhAM\/Ih07grnEyMLjuO2E&quot;,&quot;tintLogo&quot;:true,&quot;useSearchPlaylist&quot;:false,&quot;enabled&quot;:true},&quot;signPostingEnabled&quot;:true,&quot;signPostingLinkEnabled&quot;:true,&quot;waitForAdLoad&quot;:false,&quot;hidePlayerOnDesktop&quot;:false,&quot;hidePlayerOnMobile&quot;:false,&quot;hidePlayerOnTablet&quot;:false}\">\n<div class=\"flex flex-nowrap items-center justify-between gap-3 bg-zinc-900 px-[14px] py-3\" data-jwp-carousel-header>\n<div class=\"flex min-w-0 shrink items-center\"><span class=\"inline-flex items-center gap-1.5 text-sm font-article-heading capitalize leading-5 text-white whitespace-nowrap\"><span class=\"jwp-carousel-title-desktop\">Latest Videos From<\/span><span class=\"jwp-carousel-brand\">Cyclingnews<\/span><\/span><\/div>\n<\/div>\n<div class=\"min-h-[44px] bg-zinc-900 px-[14px] py-3\" data-jwp-carousel-signposting><a class=\"invisible block truncate text-sm font-bold leading-5 text-white underline decoration-solid underline-offset-2\" data-jwp-carousel-signposting-link href target=\"_blank\" rel=\"noopener noreferrer\"><span data-jwp-carousel-signposting-title>Watch full video here: <\/span><\/a><\/div>\n<\/div>\n<p aria-hidden=\"true\" class=\"kiosq-b\">&#8220;There are a lot of different ways to play it, but we&#8217;ll see how it goes,&#8221; Hayter \u2013 wearing the green of points leader by default as Poga\u010dar was in red \u2013 told reporters before the longest stage of the 2026 Vuelta from Monaco to Manosque got underway.<\/p>\n<p aria-hidden=\"true\" class=\"kiosq-b\">&#8220;It&#8217;s not completely under my control, but I&#8217;m going to try.&#8221;<\/p>\n<aside data-component-name=\"Recirculation:ArticleRiver\" data-recirculation-type=\"inline\" data-mrf-recirculation=\"Trending Bar\" data-nosnippet class=\"clear-both pt-2 pb-0 mb-4\"><span class=\"\n            flex\n            after:content-[&apos;&apos;] after:flex-1 after:ml-4 after:my-[0.7rem] after:border-t after:border-solid after:border-t-[#ccc]\n            before:content-[&apos;&apos;] before:flex-1 before:mr-4 before:my-[0.7rem] before:border-t before:border-solid before:border-t-[#ccc]\n            font-article-heading pb-0 text-[length:var(--article-river-title--font-size,1em)] uppercase sm:text-[length:var(--article-river-title--font-size,0.875em)] font-bold\n        \"><br \/>\n            You may like<br \/>\n        <\/span><\/p>\n<ul class=\"flex flex-col gap-0 m-0 max-w-full\">\n<li class=\"m-0 list-none border-b border-solid border-[#ededed] py-2\" data-recirculation-id=\"recirculation-card-1\" id=\"recirculation-inline-1\" data-analytics-id=\"recirculation-inline-1\" data-mrf-recirculation=\"recirculation-inline-1\">\n    <source type=\"image\/webp\" srcset=\"https:\/\/cdn.mos.cms.futurecdn.net\/zKa5jF8d2s4BYwxnu4djUX-250-80.jpg.webp 250w, https:\/\/cdn.mos.cms.futurecdn.net\/zKa5jF8d2s4BYwxnu4djUX-150-80.jpg.webp 150w\" sizes=\"150px\" \/><span class=\"w-full text-base font-[var(--article-river-item--font-weight,500)] font-article-heading line-clamp-3 md:line-clamp-2\">&#8216;I didn&#8217;t really have much left for such a hard finish&#8217; \u2013 Ethan Hayter misses out on red jersey again at Vuelta a Espa\u00f1a despite gutsy breakaway ride in ripped shorts<\/span><\/li>\n<li class=\"m-0 list-none border-b border-solid border-[#ededed] py-2\" data-recirculation-id=\"recirculation-card-2\" id=\"recirculation-inline-2\" data-analytics-id=\"recirculation-inline-2\" data-mrf-recirculation=\"recirculation-inline-2\">\n    <source type=\"image\/webp\" srcset=\"https:\/\/cdn.mos.cms.futurecdn.net\/PpEhHGvv8AgcUn5LNYNkvU-250-80.jpg.webp 250w, https:\/\/cdn.mos.cms.futurecdn.net\/PpEhHGvv8AgcUn5LNYNkvU-150-80.jpg.webp 150w\" sizes=\"150px\" \/><span class=\"w-full text-base font-[var(--article-river-item--font-weight,500)] font-article-heading line-clamp-3 md:line-clamp-2\">Vuelta a Espa\u00f1a: Tadej Poga\u010dar claims stage 1 time trial and takes the first leader&#8217;s jersey in Monaco<\/span><\/li>\n<li class=\"m-0 list-none border-b border-solid border-[#ccc] py-2\" data-recirculation-id=\"recirculation-card-3\" id=\"recirculation-inline-3\" data-analytics-id=\"recirculation-inline-3\" data-mrf-recirculation=\"recirculation-inline-3\">\n    <source type=\"image\/webp\" srcset=\"https:\/\/cdn.mos.cms.futurecdn.net\/pXNHT4fLqKkNr4mJF9wXkY-250-80.jpg.webp 250w, https:\/\/cdn.mos.cms.futurecdn.net\/pXNHT4fLqKkNr4mJF9wXkY-150-80.jpg.webp 150w\" sizes=\"150px\" \/><span class=\"w-full text-base font-[var(--article-river-item--font-weight,500)] font-article-heading line-clamp-3 md:line-clamp-2\">&#8216;It&#8217;s a tiny margin but a win is a win&#8217; &#8211; Tadej Poga\u010dar celebrates fourth stage win of career and first-ever lead in Vuelta a Espa\u00f1a<\/span><\/li>\n<\/ul>\n<\/aside>\n<p aria-hidden=\"true\" class=\"kiosq-b\">Hayter has some formidable rivals, he recognised, in the shape of the man in red, of course, but also Wout van Aert (Visma-Lease A Bike), just nine seconds back and who has already flung his hat in the ring for the chance of taking the lead via bonus seconds, like Hayter.<\/p>\n<p aria-hidden=\"true\" class=\"kiosq-b\">&#8220;It depends how much they both want it,&#8221; Hayter said, &#8220;for example if Tadej wants the jersey, he&#8217;ll keep it, and there&#8217;s nothing I can do about it. But it&#8217;ll be interesting to see how it goes.&#8221;<\/p>\n<div id=\"slice-container-newsletterForm-articleInbodyContent-WfnfJyGEnv2LYzGSsh2mtS\" class=\"slice-container newsletter-inbodyContent-slice newsletterForm-articleInbodyContent-WfnfJyGEnv2LYzGSsh2mtS slice-container-newsletterForm\">\n<div data-hydrate=\"true\" class=\"newsletter-form__wrapper newsletter-form__wrapper--inbodyContent\">\n<div class=\"newsletter-form__container\">\n<section class=\"newsletter-form__top-bar\">\n<div class=\"newsletter-form__header\">Get The Leadout Newsletter<\/div>\n<\/section>\n<section class=\"newsletter-form__main-section\">\n<p class=\"newsletter-form__strapline\">The latest race content, interviews, features, reviews and expert buying guides, direct to your inbox!<\/p>\n<footer class=\"newsletter-form__footer \">By submitting your information you agree to the Terms &amp; Conditions and Privacy Policy and are aged 16 or over.<\/footer>\n<\/section>\n<\/div>\n<\/div>\n<\/div>\n<p aria-hidden=\"true\" class=\"kiosq-b\">As for breakaways, &#8220;if there&#8217;s an opportunity I&#8217;ll take it, but they might control me, and it&#8217;ll be hard to get away on the flat. We have some time at the start to warm up&#8221; \u2013 with a 21 kilometre neutralisation\u2013 &#8220;so we&#8217;ll see how it goes.&#8221;<\/p>\n<p aria-hidden=\"true\" class=\"kiosq-b\">&#8220;I can sprint, but I haven&#8217;t sprinted in a race in a small while. I wouldn&#8217;t bet on it too much.&#8221;<\/p>\n<p aria-hidden=\"true\" class=\"kiosq-b\">As for how he felt after Poga\u010dar managed to beat him at literally the last second and by the barest of margins, he said, &#8220;disappointing, obviously to lose to one of the last riders is difficult because I wanted to win as much as some of the other guys. But that&#8217;s racing sometimes.&#8221;<\/p>\n<p aria-hidden=\"true\" class=\"kiosq-b\">&#8220;I don&#8217;t really need a calculator when I lose by less than a tenth of a second, but for anyone else to beat me, they have to win the stage. And if they win the stage, then they deserve the red jersey.&#8221;<\/p>\n<figure class=\"van-image-figure inline-layout kiosq-b\" data-bordeaux-image-check id=\"elk-78d28bee-9edf-11f1-a55a-a9c47ece24e9\" aria-hidden=\"true\">\n<div class=\"image-full-width-wrapper\">\n<div class=\"image-widthsetter\">\n<p class=\"vanilla-image-block\">\n<source type=\"image\/webp\" srcset=\"https:\/\/cdn.mos.cms.futurecdn.net\/gv9PoAbgcBjBmq29zrxsLn-1200-80.png.webp 1200w, https:\/\/cdn.mos.cms.futurecdn.net\/gv9PoAbgcBjBmq29zrxsLn-1024-80.png.webp 1024w, https:\/\/cdn.mos.cms.futurecdn.net\/gv9PoAbgcBjBmq29zrxsLn-970-80.png.webp 970w, https:\/\/cdn.mos.cms.futurecdn.net\/gv9PoAbgcBjBmq29zrxsLn-650-80.png.webp 650w, https:\/\/cdn.mos.cms.futurecdn.net\/gv9PoAbgcBjBmq29zrxsLn-480-80.png.webp 480w, https:\/\/cdn.mos.cms.futurecdn.net\/gv9PoAbgcBjBmq29zrxsLn-320-80.png.webp 320w\" sizes=\"(min-width: 1000px) 970px, calc(100vw - 40px)\" \/><\/p>\n<\/div>\n<\/div><figcaption class=\" inline-layout\"><span class=\"credit\">(Image credit: Getty Images)<\/span><\/figcaption><\/figure>\n<p id=\"elk-8be45368-9edd-11f1-924a-d3da1c12c7b4\" aria-hidden=\"true\" class=\"kiosq-b\"><em><strong>For unbeatable coverage across road, gravel and tech, subscribe to Cyclingnews. You&#8217;ll get comprehensive race coverage of La Vuelta a Espa\u00f1a, subscriber-exclusive analysis from our expert columnists, in-depth features and industry-leading tech insight. Plus, the Cyclingnews app lets you follow the action wherever you go!<\/strong><\/em><em><strong> Join today<\/strong><\/em><em><strong>.<\/strong><\/em><\/p>\n<\/div>\n<p>[analyse_source url=&#8221;https:\/\/www.cyclingnews.com\/pro-cycling\/racing\/its-not-completely-under-my-control-but-im-going-to-try-after-ultra-narrow-tt-defeat-to-pogacar-ethan-hayter-throws-hat-in-ring-for-red-in-vuelta-a-espana\/&#8221;]<\/p>\n","protected":false},"excerpt":{"rendered":"<p>[analyse_image type=&#8221;featured&#8221; src=&#8221;https:\/\/cdn.mos.cms.futurecdn.net\/DfLzZ8ytJjAYKyP5FEkEaB-2560-80.jpg&#8221;] 1 Tadej Poga\u010dar vs the rest \u2013 Our analysis of the top 10 contenders at the Vuelta a Espa\u00f1a 2 As it happened: British sensation steals the show in first road stage at La Vuelta a Espa\u00f1a 2026 3 As it happened: Time trial goes down to the wire at stage 1 [&hellip;]<\/p>\n","protected":false},"author":1,"featured_media":0,"comment_status":"open","ping_status":"","sticky":false,"template":"","format":"standard","meta":{"footnotes":""},"categories":[2],"tags":[226,68],"class_list":["post-2108262","post","type-post","status-publish","format-standard","hentry","category-politics","tag-crawlmanager","tag-cyclingnews-com"],"_links":{"self":[{"href":"https:\/\/analyse.optim.biz\/index.php?rest_route=\/wp\/v2\/posts\/2108262","targetHints":{"allow":["GET"]}}],"collection":[{"href":"https:\/\/analyse.optim.biz\/index.php?rest_route=\/wp\/v2\/posts"}],"about":[{"href":"https:\/\/analyse.optim.biz\/index.php?rest_route=\/wp\/v2\/types\/post"}],"author":[{"embeddable":true,"href":"https:\/\/analyse.optim.biz\/index.php?rest_route=\/wp\/v2\/users\/1"}],"replies":[{"embeddable":true,"href":"https:\/\/analyse.optim.biz\/index.php?rest_route=%2Fwp%2Fv2%2Fcomments&post=2108262"}],"version-history":[{"count":0,"href":"https:\/\/analyse.optim.biz\/index.php?rest_route=\/wp\/v2\/posts\/2108262\/revisions"}],"wp:attachment":[{"href":"https:\/\/analyse.optim.biz\/index.php?rest_route=%2Fwp%2Fv2%2Fmedia&parent=2108262"}],"wp:term":[{"taxonomy":"category","embeddable":true,"href":"https:\/\/analyse.optim.biz\/index.php?rest_route=%2Fwp%2Fv2%2Fcategories&post=2108262"},{"taxonomy":"post_tag","embeddable":true,"href":"https:\/\/analyse.optim.biz\/index.php?rest_route=%2Fwp%2Fv2%2Ftags&post=2108262"}],"curies":[{"name":"wp","href":"https:\/\/api.w.org\/{rel}","templated":true}]}}