{"id":2108145,"date":"2026-08-22T21:25:23","date_gmt":"2026-08-22T18:25:23","guid":{"rendered":"https:\/\/analyse.optim.biz\/?p=2108145"},"modified":"2026-08-22T21:25:23","modified_gmt":"2026-08-22T18:25:23","slug":"cum-se-sarbatorea-23-august-in-comunism-parade-propaganda-si-cultul-lui-ceausescu","status":"publish","type":"post","link":"https:\/\/analyse.optim.biz\/?p=2108145","title":{"rendered":"Cum se s\u0103rb\u0103torea 23 august \u00een comunism: parade, propagand\u0103 \u0219i cultul lui Ceau\u0219escu"},"content":{"rendered":"<p>[analyse_image type=&#8221;featured&#8221; src=&#8221;https:\/\/orasul-timisoara.ro\/wp-content\/uploads\/2026\/08\/23-august-ref.jpg&#8221;]<\/p>\n<article id=\"post-40449\" class=\"td-post-template-7 post-40449 post type-post status-publish format-standard has-post-thumbnail category-featured category-stiri-nationale-si-internationale tag-23-august tag-23-august-1944 tag-comunism tag-nicolae-ceausescu tag-partidul-comunist-roman tag-propaganda-comunista tag-regele-mihai tag-romania-comunista tag-ziua-nationala-2 td-container-wrap\">\n<div class=\"td-full-screen-header-image-wrap\">\n<div class=\"td-container td-post-header\">\n<div class=\"td-crumb-container\">\n<div class=\"entry-crumbs\"><span><a title=\"Vede\u021bi toate articolele \u00een \u0218tiri na\u021bionale \u0219i interna\u021bionale\" class=\"entry-crumb\" href=\"https:\/\/orasul-timisoara.ro\/local-category\/stiri-nationale-si-internationale\/\">\u0218tiri na\u021bionale \u0219i interna\u021bionale<\/a><\/span><span class=\"td-bred-no-url-last\">Cum se s\u0103rb\u0103torea 23 august \u00een comunism: parade, propagand\u0103 \u0219i cultul lui&#8230;<\/span><\/div>\n<\/div>\n<div class=\"td-post-header-holder\">\n<div class=\"td-parallax-header\">\n<header class=\"td-post-title\">\n<ul class=\"td-category\">\n<li class=\"entry-category\"><a href=\"https:\/\/orasul-timisoara.ro\/local-category\/stiri-nationale-si-internationale\/\">\u0218tiri na\u021bionale \u0219i interna\u021bionale<\/a><\/li>\n<\/ul>\n<h1 class=\"entry-title\">Cum se s\u0103rb\u0103torea 23 august \u00een comunism: parade, propagand\u0103 \u0219i cultul lui Ceau\u0219escu<\/h1>\n<div class=\"td-module-meta-info\">\n<div class=\"td-post-author-name\">\n<div class=\"td-author-by\">De c\u0103tre<\/div>\n<p><a href=\"https:\/\/orasul-timisoara.ro\/author\/timisoara\/\">redactia<\/a><\/p>\n<div class=\"td-author-line\"> &#8211; <\/div>\n<\/div>\n<p><span class=\"td-post-date\"><time class=\"entry-date updated td-module-date\" datetime=\"2026-08-23T00:25:23+03:00\">23\/08\/2026<\/time><\/span><\/div>\n<\/header>\n<\/div>\n<\/div>\n<\/div>\n<div id=\"td-full-screen-header-image\" class=\"td-image-gradient-style7\"><img decoding=\"async\" class=\"td-backstretch\" src=\"https:\/\/orasul-timisoara.ro\/wp-content\/uploads\/2026\/08\/23-august-ref.jpg\"><\/div>\n<\/div>\n<div class=\"td-container\">\n<div class=\"td-pb-row\">\n<div class=\"td-pb-span8 td-main-content\" role=\"main\">\n<div class=\"td-ss-main-content\">\n<div class=\"td-post-sharing-top\">\n<div class=\"td-post-sharing-classic\"><iframe title=\"topFacebookLike\" frameborder src=\"https:\/\/www.facebook.com\/plugins\/like.php?href=https:\/\/orasul-timisoara.ro\/local-40449\/&amp;layout=button_count&amp;show_faces=false&amp;width=105&amp;action=like&amp;colorscheme=light&amp;height=21\"><\/iframe><\/div>\n<div id=\"td_social_sharing_article_top\" class=\"td-post-sharing td-ps-bg td-ps-notext td-post-sharing-style1 \">\n<div class=\"td-post-sharing-visible\"><a class=\"td-social-sharing-button td-social-sharing-button-js td-social-network td-social-facebook\" href=\"https:\/\/www.facebook.com\/sharer.php?u=https%3A%2F%2Forasul-timisoara.ro%2Flocal-40449%2F\" title=\"Facebook\"><\/p>\n<div class=\"td-social-but-text\">Facebook<\/div>\n<p><\/a><a class=\"td-social-sharing-button td-social-sharing-button-js td-social-network td-social-twitter\" href=\"https:\/\/twitter.com\/intent\/tweet?text=Cum+se+s%C4%83rb%C4%83torea+23+august+%C3%AEn+comunism%3A+parade%2C+propagand%C4%83+%C8%99i+cultul+lui+Ceau%C8%99escu&amp;url=https%3A%2F%2Forasul-timisoara.ro%2Flocal-40449%2F&amp;via=orasultm\" title=\"Twitter\"><\/p>\n<div class=\"td-social-but-text\">Twitter<\/div>\n<p><\/a><a class=\"td-social-sharing-button td-social-sharing-button-js td-social-network td-social-whatsapp\" href=\"https:\/\/api.whatsapp.com\/send?text=Cum+se+s%C4%83rb%C4%83torea+23+august+%C3%AEn+comunism%3A+parade%2C+propagand%C4%83+%C8%99i+cultul+lui+Ceau%C8%99escu%20%0A%0A%20https:\/\/orasul-timisoara.ro\/local-40449\/\" title=\"WhatsApp\"><\/p>\n<div class=\"td-social-but-text\">WhatsApp<\/div>\n<p><\/a><a class=\"td-social-sharing-button td-social-sharing-button-js td-social-network td-social-linkedin\" href=\"https:\/\/www.linkedin.com\/shareArticle?mini=true&amp;url=https:\/\/orasul-timisoara.ro\/local-40449\/&amp;title=Cum+se+s%C4%83rb%C4%83torea+23+august+%C3%AEn+comunism%3A+parade%2C+propagand%C4%83+%C8%99i+cultul+lui+Ceau%C8%99escu\" title=\"Linkedin\"><\/p>\n<div class=\"td-social-but-text\">Linkedin<\/div>\n<p><\/a><a class=\"td-social-sharing-button td-social-sharing-button-js td-social-network td-social-reddit\" href=\"https:\/\/reddit.com\/submit?url=https:\/\/orasul-timisoara.ro\/local-40449\/&amp;title=Cum+se+s%C4%83rb%C4%83torea+23+august+%C3%AEn+comunism%3A+parade%2C+propagand%C4%83+%C8%99i+cultul+lui+Ceau%C8%99escu\" title=\"ReddIt\"><\/p>\n<div class=\"td-social-but-text\">ReddIt<\/div>\n<p><\/a><a class=\"td-social-sharing-button td-social-sharing-button-js td-social-network td-social-mail\" href=\"mailto:?subject=Cum%20se%20s%C4%83rb%C4%83torea%2023%20august%20%C3%AEn%20comunism:%20parade,%20propagand%C4%83%20%C8%99i%20cultul%20lui%20Ceau%C8%99escu&amp;body=https:\/\/orasul-timisoara.ro\/local-40449\/\" title=\"Email\"><\/p>\n<div class=\"td-social-but-text\">Email<\/div>\n<p><\/a><a class=\"td-social-sharing-button td-social-sharing-button-js td-social-network td-social-print\" href=\"https:\/\/orasul-timisoara.ro\/local-40449\/\" title=\"Imprimare\"><\/p>\n<div class=\"td-social-but-text\">Imprimare<\/div>\n<p><\/a><\/div>\n<\/div>\n<\/div>\n<div class=\"td-post-content tagdiv-type\">\n<p class=\"wp-block-paragraph\">Timp de peste patru decenii, 23 august a fost una dintre cele mai importante date din calendarul Rom\u00e2niei. Din 1948 \u0219i p\u00e2n\u0103 \u00een 1989, aceast\u0103 zi a fost s\u0103rb\u0103torit\u0103 oficial drept Ziua Na\u021bional\u0103 a \u021b\u0103rii \u0219i era marcat\u0103 prin parade militare, defil\u0103ri ale oamenilor muncii, spectacole, manifest\u0103ri sportive \u0219i demonstra\u021bii de amploare.<\/p>\n<p class=\"wp-block-paragraph\">Pentru genera\u021biile care au tr\u0103it \u00een perioada comunist\u0103, 23 august \u00eensemna o zi liber\u0103, ora\u0219e \u00eempodobite cu steaguri \u0219i pancarte, coloane de muncitori, elevi, studen\u021bi \u0219i militari, dar \u0219i un adev\u0103rat spectacol al propagandei de partid.<\/p>\n<p class=\"wp-block-paragraph\">\u00cen spatele acestei s\u0103rb\u0103tori se afla \u00eens\u0103 un eveniment istoric real, petrecut la 23 august 1944, pe care regimul comunist avea s\u0103 \u00eel interpreteze \u0219i s\u0103 \u00eel transforme treptat \u00eentr-unul dintre principalele sale mituri fondatoare.<\/p>\n<h2 class=\"wp-block-heading\">Ce s-a \u00eent\u00e2mplat la 23 august 1944<\/h2>\n<p class=\"wp-block-paragraph\">La 23 august 1944, Rom\u00e2nia se afla \u00een r\u0103zboi al\u0103turi de Germania nazist\u0103. Mare\u0219alul Ion Antonescu conducea statul, iar armata rom\u00e2n\u0103 lupta pe frontul de est \u00eempotriva Uniunii Sovietice.<\/p>\n<p class=\"wp-block-paragraph\">\u00cen acea zi, regele Mihai I l-a convocat pe Ion Antonescu la Palat. Dup\u0103 ce acesta a refuzat s\u0103 accepte \u00eencheierea imediat\u0103 a r\u0103zboiului, regele a ordonat arestarea sa.<\/p>\n<p class=\"wp-block-paragraph\">\u00cen aceea\u0219i sear\u0103, prin intermediul radioului, regele Mihai a anun\u021bat schimbarea radical\u0103 a politicii Rom\u00e2niei. \u021aara ie\u0219ea din alian\u021ba cu Germania \u0219i \u00eenceta r\u0103zboiul \u00eempotriva Na\u021biunilor Unite.<\/p>\n<p class=\"wp-block-paragraph\">Armata rom\u00e2n\u0103 a \u00eenceput s\u0103 lupte \u00eempotriva trupelor germane aflate pe teritoriul \u021b\u0103rii, iar Rom\u00e2nia avea s\u0103 participe ulterior la luptele \u00eempotriva Germaniei naziste p\u00e2n\u0103 la sf\u00e2r\u0219itul r\u0103zboiului.<\/p>\n<p class=\"wp-block-paragraph\">Evenimentele de la 23 august 1944 au schimbat astfel fundamental pozi\u021bia Rom\u00e2niei \u00een cel de-Al Doilea R\u0103zboi Mondial.<\/p>\n<h2 class=\"wp-block-heading\">Cum a devenit 23 august Ziua Na\u021bional\u0103<\/h2>\n<p class=\"wp-block-paragraph\">Dup\u0103 instaurarea regimului comunist, noua putere avea nevoie de propriile simboluri \u0219i de propria versiune asupra istoriei recente.<\/p>\n<p class=\"wp-block-paragraph\">\u00cencep\u00e2nd din 1948, 23 august a devenit Ziua Na\u021bional\u0103 a Rom\u00e2niei.<\/p>\n<p class=\"wp-block-paragraph\">Regimul a \u00eenceput s\u0103 prezinte evenimentele din 1944 ca pe momentul \u00een care for\u021bele democratice \u0219i comuniste ar fi declan\u0219at o \u201einsurec\u021bie antifascist\u0103\u201d, iar Partidului Comunist Rom\u00e2n i-a fost atribuit un rol mult mai important dec\u00e2t avusese \u00een realitate.<\/p>\n<p class=\"wp-block-paragraph\">Rolul regelui Mihai I \u0219i al partidelor istorice a fost treptat diminuat \u00een discursul oficial, \u00een timp ce propaganda comunist\u0103 accentua contribu\u021bia partidului \u0219i a \u201efor\u021belor patriotice\u201d.<\/p>\n<p class=\"wp-block-paragraph\">Astfel, 23 august a devenit nu doar o aniversare a schimb\u0103rii alian\u021bei militare din 1944, ci \u0219i o dat\u0103 prin care regimul \u00eencerca s\u0103-\u0219i justifice propria apari\u021bie \u0219i legitimitate.<\/p>\n<h2 class=\"wp-block-heading\">Cine s\u0103rb\u0103torea 23 august<\/h2>\n<p class=\"wp-block-paragraph\">Oficial, s\u0103rb\u0103toarea era a \u00eentregului popor.<\/p>\n<p class=\"wp-block-paragraph\">\u00cen practic\u0103, participarea era organizat\u0103 prin \u00eentreprinderi, institu\u021bii, \u0219coli, universit\u0103\u021bi \u0219i organiza\u021biile politice \u0219i de tineret.<\/p>\n<p class=\"wp-block-paragraph\">Muncitorii reprezentau una dintre principalele categorii participante. Fiecare fabric\u0103 sau \u00eentreprindere \u00ee\u0219i organiza oamenii \u00een coloane care urmau s\u0103 participe la demonstra\u021biile publice.<\/p>\n<p class=\"wp-block-paragraph\">Participau elevii, studen\u021bii, pionierii, uteci\u0219tii, militarii, sportivii, arti\u0219tii \u0219i angaja\u021bii institu\u021biilor statului.<\/p>\n<p class=\"wp-block-paragraph\">\u00cen marile ora\u0219e, \u00een special \u00een Bucure\u0219ti, manifesta\u021biile adunau mase impresionante de oameni.<\/p>\n<p class=\"wp-block-paragraph\">Participarea nu trebuie \u00eens\u0103 confundat\u0103 \u00eentotdeauna cu entuziasmul. Pentru o parte dintre oameni, prezen\u021ba la defilare era o obliga\u021bie profesional\u0103 sau politic\u0103. Refuzul de a participa putea fi interpretat drept lips\u0103 de disciplin\u0103 sau chiar drept o atitudine ostil\u0103 fa\u021b\u0103 de regim.<\/p>\n<h2 class=\"wp-block-heading\">Cum se s\u0103rb\u0103torea 23 august<\/h2>\n<p class=\"wp-block-paragraph\">Preg\u0103tirile \u00eencepeau cu mult \u00eenaintea zilei de 23 august.<\/p>\n<p class=\"wp-block-paragraph\">\u00cen \u00eentreprinderi \u0219i institu\u021bii se confec\u021bionau pancarte, steaguri \u0219i materiale propagandistice. Se preg\u0103teau forma\u021bii artistice, c\u00e2ntece \u0219i coregrafii de mas\u0103.<\/p>\n<p class=\"wp-block-paragraph\">\u00cen ziua s\u0103rb\u0103torii, principalele bulevarde erau transformate \u00een trasee pentru demonstra\u021bii.<\/p>\n<p class=\"wp-block-paragraph\">Coloanele muncitorilor treceau prin fa\u021ba tribunelor oficiale, purt\u00e2nd steaguri \u0219i pancarte cu lozinci politice. Parada militar\u0103 reprezenta o alt\u0103 component\u0103 important\u0103 \u0219i prezenta efective ale armatei \u0219i tehnic\u0103 militar\u0103.<\/p>\n<p class=\"wp-block-paragraph\">La Bucure\u0219ti, demonstra\u021biile deveneau adev\u0103rate spectacole de propagand\u0103.<\/p>\n<p class=\"wp-block-paragraph\">Mii de oameni erau organiza\u021bi \u00een forma\u021bii care trebuiau s\u0103 creeze, privite de la distan\u021b\u0103, imaginea unei societ\u0103\u021bi perfect disciplinate \u0219i unite \u00een jurul partidului.<\/p>\n<h2 class=\"wp-block-heading\">De ce era at\u00e2t de important\u0103 aceast\u0103 zi pentru regim<\/h2>\n<p class=\"wp-block-paragraph\">Pentru regimul comunist, 23 august avea mai multe func\u021bii.<\/p>\n<p class=\"wp-block-paragraph\">\u00cen primul r\u00e2nd, era o dat\u0103 fondatoare. Regimul putea prezenta anul 1944 drept \u00eenceputul transform\u0103rii Rom\u00e2niei \u00eentr-un stat socialist.<\/p>\n<p class=\"wp-block-paragraph\">\u00cen al doilea r\u00e2nd, era o ocazie pentru Partidul Comunist Rom\u00e2n de a-\u0219i atribui un rol central \u00een evenimentele care au dus la schimbarea regimului lui Ion Antonescu.<\/p>\n<p class=\"wp-block-paragraph\">\u00cen al treilea r\u00e2nd, demonstra\u021biile ofereau partidului posibilitatea de a ar\u0103ta c\u0103 poate mobiliza mase uria\u0219e de oameni.<\/p>\n<p class=\"wp-block-paragraph\">23 august devenea astfel una dintre cele mai mari opera\u021biuni de propagand\u0103 ale anului.<\/p>\n<h2 class=\"wp-block-heading\">De la Stalin la Ceau\u0219escu<\/h2>\n<p class=\"wp-block-paragraph\">Semnifica\u021bia oficial\u0103 a zilei s-a schimbat \u00een func\u021bie de evolu\u021bia regimului.<\/p>\n<p class=\"wp-block-paragraph\">\u00cen primii ani ai comunismului, propaganda punea un accent foarte puternic pe Uniunea Sovietic\u0103 \u0219i pe rolul Armatei Ro\u0219ii \u00een \u201eeliberarea\u201d Rom\u00e2niei de fascism.<\/p>\n<p class=\"wp-block-paragraph\">Ulterior, pe m\u0103sur\u0103 ce conducerea de la Bucure\u0219ti a \u00eenceput s\u0103 se distan\u021beze de Moscova, aceast\u0103 interpretare s-a modificat.<\/p>\n<p class=\"wp-block-paragraph\">\u00cen epoca Nicolae Ceau\u0219escu, rolul sovietic a fost diminuat, iar accentul s-a mutat pe Partidul Comunist Rom\u00e2n, pe \u201efor\u021bele patriotice\u201d \u0219i pe independen\u021ba na\u021bional\u0103.<\/p>\n<p class=\"wp-block-paragraph\">Formula oficial\u0103 a devenit \u201erevolu\u021bia de eliberare na\u021bional\u0103 \u0219i social\u0103, antifascist\u0103 \u0219i antiimperialist\u0103\u201d.<\/p>\n<p class=\"wp-block-paragraph\">Prin aceast\u0103 reinterpretare, 23 august devenea un moment care trebuia s\u0103 demonstreze c\u0103 Rom\u00e2nia comunist\u0103 \u00ee\u0219i are originile \u00eentr-un act revolu\u021bionar propriu.<\/p>\n<h2 class=\"wp-block-heading\">Cum a devenit 23 august \u0219i s\u0103rb\u0103toarea lui Ceau\u0219escu<\/h2>\n<p class=\"wp-block-paragraph\">\u00cen anii \u201970 \u0219i mai ales \u00een anii \u201980, 23 august a c\u0103p\u0103tat o puternic\u0103 dimensiune personal\u0103.<\/p>\n<p class=\"wp-block-paragraph\">Portretele lui Nicolae Ceau\u0219escu \u0219i ale Elenei Ceau\u0219escu ap\u0103reau \u00een cadrul manifesta\u021biilor, iar lozincile \u00eel prezentau pe liderul partidului drept garant al independen\u021bei \u0219i al dezvolt\u0103rii Rom\u00e2niei socialiste.<\/p>\n<p class=\"wp-block-paragraph\">S\u0103rb\u0103toarea na\u021bional\u0103 devenise astfel \u0219i o demonstra\u021bie public\u0103 de loialitate fa\u021b\u0103 de conducerea partidului.<\/p>\n<p class=\"wp-block-paragraph\">Pentru aparatul de propagand\u0103, imaginea era esen\u021bial\u0103: popula\u021bia trebuia s\u0103 apar\u0103 unit\u0103 \u00een jurul partidului \u0219i al conduc\u0103torului.<\/p>\n<p class=\"wp-block-paragraph\">\u00cen realitate, experien\u021ba oamenilor era mult mai divers\u0103.<\/p>\n<p class=\"wp-block-paragraph\">Unii participau din convingere, al\u021bii pentru c\u0103 \u00ee\u0219i doreau o zi festiv\u0103 al\u0103turi de colegi \u0219i prieteni, iar pentru al\u021bii defilarea era pur \u0219i simplu o obliga\u021bie.<\/p>\n<h2 class=\"wp-block-heading\">Ce \u00eensemna 23 august pentru rom\u00e2nul obi\u0219nuit<\/h2>\n<p class=\"wp-block-paragraph\">Pentru cei care au tr\u0103it acea perioad\u0103, 23 august poate fi asociat cu amintiri foarte diferite.<\/p>\n<p class=\"wp-block-paragraph\">Pentru unii era o zi liber\u0103 de var\u0103, cu spectacole, muzic\u0103, ie\u0219iri \u00een ora\u0219 \u0219i \u00eent\u00e2lniri cu familia sau prietenii.<\/p>\n<p class=\"wp-block-paragraph\">Pentru al\u021bii era ziua \u00een care trebuiau s\u0103 se trezeasc\u0103 devreme, s\u0103 se deplaseze \u00eentr-un punct stabilit \u0219i s\u0103 defileze ore \u00eentregi.<\/p>\n<p class=\"wp-block-paragraph\">Copiii \u0219i adolescen\u021bii participau prin intermediul \u0219colilor \u0219i organiza\u021biilor de tineret. Pionierii erau implica\u021bi \u00een coregrafii \u0219i manifesta\u021bii, iar elevii puteau repeta zile \u00eentregi pentru momentele festive.<\/p>\n<p class=\"wp-block-paragraph\">Aceast\u0103 diferen\u021b\u0103 dintre spectacolul oficial \u0219i experien\u021ba personal\u0103 este important\u0103 pentru \u00een\u021belegerea societ\u0103\u021bii comuniste.<\/p>\n<h2 class=\"wp-block-heading\">Ultimul 23 august<\/h2>\n<p class=\"wp-block-paragraph\">La 23 august 1989, Rom\u00e2nia comunist\u0103 a s\u0103rb\u0103torit pentru ultima dat\u0103 Ziua Na\u021bional\u0103.<\/p>\n<p class=\"wp-block-paragraph\">Regimul lui Nicolae Ceau\u0219escu p\u0103rea \u00eenc\u0103 solid, iar propaganda oficial\u0103 continua s\u0103 vorbeasc\u0103 despre succesele socialismului \u0219i despre unitatea poporului \u00een jurul partidului.<\/p>\n<p class=\"wp-block-paragraph\">Realitatea era \u00eens\u0103 una foarte diferit\u0103. Rom\u00e2nia traversa o perioad\u0103 de lipsuri severe, ra\u021bionalizare, restric\u021bii energetice \u0219i control politic.<\/p>\n<p class=\"wp-block-paragraph\">C\u00e2teva luni mai t\u00e2rziu, \u00een decembrie 1989, regimul comunist avea s\u0103 se pr\u0103bu\u0219easc\u0103.<\/p>\n<p class=\"wp-block-paragraph\">Odat\u0103 cu el a disp\u0103rut \u0219i 23 august ca Zi Na\u021bional\u0103.<\/p>\n<h2 class=\"wp-block-heading\">Ce a r\u0103mas din 23 august dup\u0103 1989<\/h2>\n<p class=\"wp-block-paragraph\">Dup\u0103 Revolu\u021bie, Rom\u00e2nia a renun\u021bat la 23 august ca Zi Na\u021bional\u0103 \u0219i a stabilit 1 Decembrie drept s\u0103rb\u0103toare na\u021bional\u0103.<\/p>\n<p class=\"wp-block-paragraph\">Data de 23 august a r\u0103mas \u00eens\u0103 una dintre cele mai importante date ale istoriei Rom\u00e2niei din secolul XX.<\/p>\n<p class=\"wp-block-paragraph\">Ast\u0103zi, ea este privit\u0103 at\u00e2t prin prisma evenimentelor din 1944, c\u00e2t \u0219i prin prisma modului \u00een care regimul comunist a folosit acea zi timp de peste patru decenii.<\/p>\n<p class=\"wp-block-paragraph\">Este important\u0103 diferen\u021ba dintre cele dou\u0103 planuri.<\/p>\n<p class=\"wp-block-paragraph\">23 august 1944 a fost un moment istoric real, \u00een care Rom\u00e2nia \u0219i-a schimbat alian\u021ba militar\u0103 \u0219i a \u00eenceput lupta \u00eempotriva Germaniei naziste.<\/p>\n<p class=\"wp-block-paragraph\">23 august \u00een comunism a fost \u00eens\u0103 o construc\u021bie politic\u0103 \u0219i propagandistic\u0103 prin care regimul \u0219i-a atribuit un rol fondator \u0219i \u0219i-a prezentat propria venire la putere drept rezultatul unei revolu\u021bii conduse de comuni\u0219ti.<\/p>\n<p class=\"wp-block-paragraph\">De aceea, pentru genera\u021biile care au tr\u0103it \u00eenainte de 1989, 23 august nu este doar o dat\u0103 din manualele de istorie.<\/p>\n<p class=\"wp-block-paragraph\">Este \u0219i amintirea unei epoci \u00een care milioane de oameni erau chema\u021bi, an de an, s\u0103 participe la acela\u0219i spectacol public, s\u0103 poarte acelea\u0219i steaguri \u0219i pancarte \u0219i s\u0103 celebreze aceea\u0219i versiune oficial\u0103 a trecutului.<\/p>\n<p class=\"wp-block-paragraph\">Ast\u0103zi, privind \u00een urm\u0103, 23 august r\u0103m\u00e2ne una dintre cele mai puternic reinterpretate date din istoria Rom\u00e2niei contemporane: o zi care a \u00eenceput ca un moment decisiv al celui de-Al Doilea R\u0103zboi Mondial \u0219i care a fost transformat\u0103, timp de decenii, \u00eentr-unul dintre cele mai puternice simboluri ale regimului comunist.<\/p>\n<\/div>\n<footer>\n<div class=\"td-post-source-tags\">\n<ul class=\"td-tags td-post-small-box clearfix\">\n<li><span>ETICHETE<\/span><\/li>\n<li><a href=\"https:\/\/orasul-timisoara.ro\/local-tag\/23-august\/\">23 august<\/a><\/li>\n<li><a href=\"https:\/\/orasul-timisoara.ro\/local-tag\/23-august-1944\/\">23 august 1944<\/a><\/li>\n<li><a href=\"https:\/\/orasul-timisoara.ro\/local-tag\/comunism\/\">comunism<\/a><\/li>\n<li><a href=\"https:\/\/orasul-timisoara.ro\/local-tag\/nicolae-ceausescu\/\">nicolae ceau\u0219escu<\/a><\/li>\n<li><a href=\"https:\/\/orasul-timisoara.ro\/local-tag\/partidul-comunist-roman\/\">partidul comunist rom\u00e2n<\/a><\/li>\n<li><a href=\"https:\/\/orasul-timisoara.ro\/local-tag\/propaganda-comunista\/\">propagand\u0103 comunist\u0103<\/a><\/li>\n<li><a href=\"https:\/\/orasul-timisoara.ro\/local-tag\/regele-mihai\/\">Regele Mihai<\/a><\/li>\n<li><a href=\"https:\/\/orasul-timisoara.ro\/local-tag\/romania-comunista\/\">rom\u00e2nia comunist\u0103<\/a><\/li>\n<li><a href=\"https:\/\/orasul-timisoara.ro\/local-tag\/ziua-nationala-2\/\">Ziua Na\u021bional\u0103<\/a><\/li>\n<\/ul>\n<\/div>\n<div class=\"td-post-sharing-bottom\">\n<div class=\"td-post-sharing-classic\"><iframe title=\"bottomFacebookLike\" frameborder src=\"https:\/\/www.facebook.com\/plugins\/like.php?href=https:\/\/orasul-timisoara.ro\/local-40449\/&amp;layout=button_count&amp;show_faces=false&amp;width=105&amp;action=like&amp;colorscheme=light&amp;height=21\"><\/iframe><\/div>\n<div id=\"td_social_sharing_article_bottom\" class=\"td-post-sharing td-ps-bg td-ps-notext td-post-sharing-style1 \">\n<div class=\"td-post-sharing-visible\"><a class=\"td-social-sharing-button td-social-sharing-button-js td-social-network td-social-facebook\" href=\"https:\/\/www.facebook.com\/sharer.php?u=https%3A%2F%2Forasul-timisoara.ro%2Flocal-40449%2F\" title=\"Facebook\"><\/p>\n<div class=\"td-social-but-text\">Facebook<\/div>\n<p><\/a><a class=\"td-social-sharing-button td-social-sharing-button-js td-social-network td-social-twitter\" href=\"https:\/\/twitter.com\/intent\/tweet?text=Cum+se+s%C4%83rb%C4%83torea+23+august+%C3%AEn+comunism%3A+parade%2C+propagand%C4%83+%C8%99i+cultul+lui+Ceau%C8%99escu&amp;url=https%3A%2F%2Forasul-timisoara.ro%2Flocal-40449%2F&amp;via=orasultm\" title=\"Twitter\"><\/p>\n<div class=\"td-social-but-text\">Twitter<\/div>\n<p><\/a><a class=\"td-social-sharing-button td-social-sharing-button-js td-social-network td-social-whatsapp\" href=\"https:\/\/api.whatsapp.com\/send?text=Cum+se+s%C4%83rb%C4%83torea+23+august+%C3%AEn+comunism%3A+parade%2C+propagand%C4%83+%C8%99i+cultul+lui+Ceau%C8%99escu%20%0A%0A%20https:\/\/orasul-timisoara.ro\/local-40449\/\" title=\"WhatsApp\"><\/p>\n<div class=\"td-social-but-text\">WhatsApp<\/div>\n<p><\/a><a class=\"td-social-sharing-button td-social-sharing-button-js td-social-network td-social-linkedin\" href=\"https:\/\/www.linkedin.com\/shareArticle?mini=true&amp;url=https:\/\/orasul-timisoara.ro\/local-40449\/&amp;title=Cum+se+s%C4%83rb%C4%83torea+23+august+%C3%AEn+comunism%3A+parade%2C+propagand%C4%83+%C8%99i+cultul+lui+Ceau%C8%99escu\" title=\"Linkedin\"><\/p>\n<div class=\"td-social-but-text\">Linkedin<\/div>\n<p><\/a><a class=\"td-social-sharing-button td-social-sharing-button-js td-social-network td-social-reddit\" href=\"https:\/\/reddit.com\/submit?url=https:\/\/orasul-timisoara.ro\/local-40449\/&amp;title=Cum+se+s%C4%83rb%C4%83torea+23+august+%C3%AEn+comunism%3A+parade%2C+propagand%C4%83+%C8%99i+cultul+lui+Ceau%C8%99escu\" title=\"ReddIt\"><\/p>\n<div class=\"td-social-but-text\">ReddIt<\/div>\n<p><\/a><a class=\"td-social-sharing-button td-social-sharing-button-js td-social-network td-social-mail\" href=\"mailto:?subject=Cum%20se%20s%C4%83rb%C4%83torea%2023%20august%20%C3%AEn%20comunism:%20parade,%20propagand%C4%83%20%C8%99i%20cultul%20lui%20Ceau%C8%99escu&amp;body=https:\/\/orasul-timisoara.ro\/local-40449\/\" title=\"Email\"><\/p>\n<div class=\"td-social-but-text\">Email<\/div>\n<p><\/a><a class=\"td-social-sharing-button td-social-sharing-button-js td-social-network td-social-print\" href=\"https:\/\/orasul-timisoara.ro\/local-40449\/\" title=\"Imprimare\"><\/p>\n<div class=\"td-social-but-text\">Imprimare<\/div>\n<p><\/a><\/div>\n<\/div>\n<\/div>\n<div class=\"td-block-row td-post-next-prev\">\n<div class=\"td-block-span6 td-post-prev-post\">\n<div class=\"td-post-next-prev-content\"><span>Articolul precedent<\/span><a href=\"https:\/\/orasul-timisoara.ro\/local-40271\/\">Prim\u0103ria Veche din Timi\u0219oara: povestea cl\u0103dirii care a administrat ora\u0219ul timp de peste dou\u0103 secole<\/a><\/div>\n<\/div>\n<\/div>\n<div class=\"td-author-name vcard author\"><span class=\"fn\"><a href=\"https:\/\/orasul-timisoara.ro\/author\/timisoara\/\">redactia<\/a><\/span><\/div>\n<p><span class=\"td-page-meta\"><\/span><span class=\"td-page-meta\"><span class=\"td-page-meta\"><\/span><\/span><span class=\"td-page-meta\"><\/span><\/footer>\n<div class=\"td_block_wrap td_block_related_posts tdi_3 td_with_ajax_pagination td-pb-border-top td_block_template_8\" data-td-block-uid=\"tdi_3\">\n<h4 class=\"td-related-title td-block-title\"><a id=\"tdi_4\" class=\"td-related-left td-cur-simple-item\" data-td_filter_value data-td_block_id=\"tdi_3\" href=\"https:\/\/orasul-timisoara.ro\/local-40449\/\">ARTICOLE SIMILARE<\/a><a id=\"tdi_5\" class=\"td-related-right\" data-td_filter_value=\"td_related_more_from_author\" data-td_block_id=\"tdi_3\" href=\"https:\/\/orasul-timisoara.ro\/local-40449\/\">DE LA ACELA\u0218I AUTOR<\/a><\/h4>\n<div id=\"tdi_3\" class=\"td_block_inner\">\n<div class=\"td-related-row\">\n<div class=\"td-related-span4\">\n<div class=\"td_module_related_posts td-animation-stack td_mod_related_posts\">\n<div class=\"td-module-image\">\n<div class=\"td-module-thumb\"><a href=\"https:\/\/orasul-timisoara.ro\/local-33680\/\" rel=\"bookmark\" class=\"td-image-wrap \" title=\"23 august: Ziua care a schimbat destinul Rom\u00e2niei \u0219i al Europei\"><img loading=\"lazy\" decoding=\"async\" class=\"entry-thumb\" src=\"https:\/\/orasul-timisoara.ro\/wp-content\/uploads\/2025\/08\/23-august-436x300.jpg\" alt title=\"23 august: Ziua care a schimbat destinul Rom\u00e2niei \u0219i al Europei\" width=\"218\" height=\"150\"><\/a><\/div>\n<\/div>\n<div class=\"item-details\">\n<h3 class=\"entry-title td-module-title\"><a href=\"https:\/\/orasul-timisoara.ro\/local-33680\/\" rel=\"bookmark\" title=\"23 august: Ziua care a schimbat destinul Rom\u00e2niei \u0219i al Europei\">23 august: Ziua care a schimbat destinul Rom\u00e2niei \u0219i al Europei<\/a><\/h3>\n<\/div>\n<\/div>\n<\/div>\n<\/div>\n<\/div>\n<\/div>\n<div class=\"comments\" id=\"comments\">\n<div id=\"respond\" class=\"comment-respond\">\n<h3 id=\"reply-title\" class=\"comment-reply-title\">L\u0102SA\u021aI UN MESAJ<\/h3>\n<div class=\"comment-form-input-wrap td-form-comment\">\n<div class=\"td-warning-comment\">V\u0103 rug\u0103m s\u0103 introduce\u021bi comentariul dvs.!<\/div>\n<\/div>\n<div class=\"comment-form-input-wrap td-form-author\">\n<div class=\"td-warning-author\">Introduce\u021bi aici numele dvs.<\/div>\n<\/div>\n<div class=\"comment-form-input-wrap td-form-email\">\n<div class=\"td-warning-email-error\">A\u021bi introdus o adres\u0103 de e-mail incorect\u0103!<\/div>\n<div class=\"td-warning-email\">V\u0103 rug\u0103m s\u0103 introduce\u021bi adresa dvs. de e-mail aici<\/div>\n<\/div>\n<\/div>\n<p class=\"akismet_comment_form_privacy_notice\">Acest site folose\u0219te Akismet pentru a reduce spamul. <a href=\"https:\/\/akismet.com\/privacy\/\" target=\"_blank\" rel=\"nofollow noopener\">Afl\u0103 cum sunt procesate datele comentariilor tale<\/a>.<\/p>\n<\/div>\n<\/div>\n<\/div>\n<div class=\"td-pb-span4 td-main-sidebar\" role=\"complementary\">\n<div class=\"td-ss-main-sidebar\">\n<aside id=\"block-4\" class=\"td_block_template_8 widget block-4 widget_block widget_media_image\">\n<figure class=\"wp-block-image size-full\"><img loading=\"lazy\" decoding=\"async\" width=\"336\" height=\"280\" src=\"https:\/\/orasul-timisoara.ro\/wp-content\/uploads\/2024\/11\/ReTIM-Abonamentul-Verde-Google-Ads-336x280px.gif\" alt class=\"wp-image-29257\"><\/figure>\n<\/aside>\n<div class=\"td_block_wrap td_block_social_counter td_block_widget tdi_6 td-social-style5 td-social-boxed td-pb-border-top td_block_template_8\">\n<div class=\"td-block-title-wrap\">\n<h4 class=\"td-block-title\"><span>Urm\u0103re\u0219te-ne pe Social Media<\/span><\/h4>\n<\/div>\n<div class=\"td-social-list\">\n<div class=\"td_social_type td-pb-margin-side td_social_facebook\">\n<div class=\"td-social-box\"><span class=\"td_social_info td_social_info_counter\">344,595<\/span><span class=\"td_social_info td_social_info_name\">Fani<\/span><span class=\"td_social_button\"><a href=\"https:\/\/www.facebook.com\/247timisoara\" target=\"_blank\" rel=\"nofollow\">\u00cemi place<\/a><\/span><\/div>\n<\/div>\n<div class=\"td_social_type td-pb-margin-side td_social_instagram\">\n<div class=\"td-social-box\"><span class=\"td_social_info td_social_info_counter\">4,416<\/span><span class=\"td_social_info td_social_info_name\">Cititori<\/span><span class=\"td_social_button\"><a href=\"https:\/\/instagram.com\/orasultimisoararo\/\" target=\"_blank\" rel=\"nofollow\">Conecta\u021bi-v\u0103<\/a><\/span><\/div>\n<\/div>\n<div class=\"td_social_type td-pb-margin-side td_social_rss\">\n<div class=\"td-social-box\"><span class=\"td_social_info td_social_info_counter\">12,506<\/span><span class=\"td_social_info td_social_info_name\">Cititori<\/span><span class=\"td_social_button\"><a href=\"https:\/\/orasul-timisoara.ro\/feed\/\" target=\"_blank\" rel=\"nofollow\">Conecta\u021bi-v\u0103<\/a><\/span><\/div>\n<\/div>\n<div class=\"td_social_type td-pb-margin-side td_social_tiktok\">\n<div class=\"td-social-box\"><span class=\"td_social_info td_social_info_counter\">1,500<\/span><span class=\"td_social_info td_social_info_name\">Cititori<\/span><span class=\"td_social_button\"><a href=\"https:\/\/www.tiktok.com\/@orasultimisoara\" target=\"_blank\" rel=\"nofollow\">Conecta\u021bi-v\u0103<\/a><\/span><\/div>\n<\/div>\n<div class=\"td_social_type td-pb-margin-side td_social_twitter\">\n<div class=\"td-social-box\"><span class=\"td_social_info td_social_info_counter\">1,595<\/span><span class=\"td_social_info td_social_info_name\">Cititori<\/span><span class=\"td_social_button\"><a href=\"https:\/\/twitter.com\/orasultm\" target=\"_blank\" rel=\"nofollow\">Conecta\u021bi-v\u0103<\/a><\/span><\/div>\n<\/div>\n<div class=\"td_social_type td-pb-margin-side td_social_youtube\">\n<div class=\"td-social-box\"><span class=\"td_social_info td_social_info_counter\">3,506<\/span><span class=\"td_social_info td_social_info_name\">Abona\u021bi<\/span><span class=\"td_social_button\"><a href=\"https:\/\/www.youtube.com\/channel\/UCQNsQvs2XCSIm1Z-AHRturw?sub_confirmation=1\" target=\"_blank\" rel=\"nofollow\">Abona\u021bi-v\u0103<\/a><\/span><\/div>\n<\/div>\n<\/div>\n<\/div>\n<aside id=\"text-7\" class=\"td_block_template_8 widget text-7 widget_text\">\n<h4 class=\"td-block-title\"><span>C\u0103ut\u0103ri populare pe OTM<\/span><\/h4>\n<div class=\"textwidget\"><a href=\"https:\/\/orasul-timisoara.ro\/?s=timisoara\"><span>Timisoara<\/span><\/a><a href=\"https:\/\/orasul-timisoara.ro\/?s=calin+dobra\"><span>Calin Dobra<\/span><\/a><a href=\"https:\/\/orasul-timisoara.ro\/?s=primaria+timisoara\"><span>Primaria Timisoara<\/span><\/a><a href=\"https:\/\/orasul-timisoara.ro\/?s=dominic+fritz\"><span>Dominic Fritz<\/span><\/a><a href=\"https:\/\/orasul-timisoara.ro\/?s=nicolae+robu\"><span>Nicolae Robu<\/span><\/a><a href=\"https:\/\/orasul-timisoara.ro\/?s=consiliul+local+timisoara\">Consiliul Local Timisoara<\/a><a href=\"https:\/\/orasul-timisoara.ro\/?s=consiliul+judetean+timis\"><span>Consiliul Judetean Timis<\/span><\/a><a href=\"https:\/\/orasul-timisoara.ro\/?s=cjt\"><span>CJT<\/span><\/a><a href=\"https:\/\/orasul-timisoara.ro\/?s=Alfred+Simonis\"><span>Alfred Simonis<\/span><\/a><a href=\"https:\/\/orasul-timisoara.ro\/?s=PNL\"><span>PNL<\/span><\/a><a href=\"https:\/\/orasul-timisoara.ro\/?s=coronavirus\"><span>coronavirus<\/span><\/a><a href=\"https:\/\/orasul-timisoara.ro\/?s=teatru+timisoara\">teatru Timisoara<\/a><a href=\"https:\/\/orasul-timisoara.ro\/?s=restaurante\"><span>restaurante Timisoara<\/span><\/a><a href=\"https:\/\/orasul-timisoara.ro\/?s=diskoteka\"><span>Diskoteka<\/span><\/a><a href=\"https:\/\/orasul-timisoara.ro\/?s=iulius+town\"><span>Iulius Town<\/span><\/a><a href=\"https:\/\/orasul-timisoara.ro\/?s=iulius+mall\"><span>Iulius Mall<\/span><\/a><a href=\"https:\/\/orasul-timisoara.ro\/?s=stpt\"><span>STPT<\/span><\/a><a href=\"https:\/\/orasul-timisoara.ro\/?s=alin+nica\"><span>Alin Nica<\/span><\/a><a href=\"https:\/\/orasul-timisoara.ro\/?s=psd\"><span>PSD<\/span><\/a><a href=\"https:\/\/orasul-timisoara.ro\/?s=aeroport\"><span>Aeroportul International Timisoara<\/span><\/a><a href=\"https:\/\/orasul-timisoara.ro\/?s=babes\"><span>Spitalul Victor Babes Timisoara<\/span><\/a><a href=\"https:\/\/orasul-timisoara.ro\/?s=poli\"><span>Poli Timi\u0219oara<\/span><\/a><a href=\"https:\/\/orasul-timisoara.ro\/?s=carantina\"><span>carantina<\/span><\/a><a href=\"https:\/\/orasul-timisoara.ro\/?s=aquatim\"><span>Aquatim<\/span><\/a><a href=\"https:\/\/orasul-timisoara.ro\/local-category\/stiri-timisoara\/\"><span>Stiri Timisoara<\/span><\/a><a href=\"https:\/\/orasul-timisoara.ro\/local-category\/investitii-in-timisoara\/\"><span>Investi\u021bii in Timi\u0219oara<\/span><\/a><a href=\"https:\/\/orasul-timisoara.ro\/local-9463\/\"><span>shaorma<\/span><\/a><a href=\"https:\/\/orasul-timisoara.ro\/?s=trafic\"><span>trafic rutier<\/span><\/a><a href=\"https:\/\/orasul-timisoara.ro\/?s=politia\"><span>politia locala timisoara<\/span><\/a><a href=\"https:\/\/orasul-timisoara.ro\/?s=roxana\"><span>Roxana Iliescu<\/span><\/a><a href=\"https:\/\/orasul-timisoara.ro\/?s=colterm\"><span>Colterm<\/span><\/a><a href=\"https:\/\/orasul-timisoara.ro\/?s=latcau\"><span>Ruben La\u021bc\u0103u<\/span><\/a><a href=\"https:\/\/orasul-timisoara.ro\/?s=timis\"><span>\u0218tiri din Timi\u0219<\/span><\/a><a href=\"https:\/\/orasul-timisoara.ro\/?s=spital\"><span>Spitale din Timi\u0219oara<\/span><\/a><a href=\"https:\/\/orasul-timisoara.ro\/?s=tabara\"><span>Cosmin Tab\u0103r\u0103<\/span><\/a><\/div>\n<\/aside>\n<aside id=\"rss-2\" class=\"td_block_template_8 widget rss-2 widget_rss\">\n<h4 class=\"td-block-title\"><span><a class=\"rsswidget rss-widget-feed\" href=\"https:\/\/fashionfridays.ro\/feed\"><img decoding=\"async\" class=\"rss-widget-icon\" width=\"14\" height=\"14\" src=\"https:\/\/orasul-timisoara.ro\/wp-includes\/images\/rss.png\" alt=\"Flux RSS: Fashion Fridays\" loading=\"lazy\"><\/a><a class=\"rsswidget rss-widget-title\" href=\"https:\/\/fashionfridays.ro\/\">Fashion Fridays<\/a><\/span><\/h4>\n<ul>\n<li><a class=\"rsswidget\" href=\"https:\/\/fashionfridays.ro\/romania-devine-a-29-a-piata-vogue-o-noua-era-pentru-industria-locala-de-moda\/\">Rom\u00e2nia devine a 29-a pia\u021b\u0103 Vogue: o nou\u0103 er\u0103 pentru industria local\u0103 de mod\u0103<\/a>\n<div class=\"rssSummary\">Revista Vogue \u00ee\u0219i extinde prezen\u021ba global\u0103 \u0219i va fi lansat\u0103 oficial \u00een Rom\u00e2nia \u00een prim\u0103vara anului 2027, marc\u00e2nd intrarea pe cea de-a 29-a pia\u021b\u0103 interna\u021bional\u0103. Proiectul este realizat \u00een parteneriat cu AEMME Publishing, o companie media recent \u00eenfiin\u021bat\u0103, care va publica edi\u021bia local\u0103 sub licen\u021b\u0103. Noua edi\u021bie, Vogue Rom\u00e2nia, \u00ee\u0219i propune s\u0103 combine autoritatea global\u0103 [\u2026]<\/div>\n<\/li>\n<\/ul>\n<\/aside>\n<aside id=\"rss-4\" class=\"td_block_template_8 widget rss-4 widget_rss\">\n<h4 class=\"td-block-title\"><span><a class=\"rsswidget rss-widget-feed\" href=\"https:\/\/emasini.ro\/feed\"><img decoding=\"async\" class=\"rss-widget-icon\" width=\"14\" height=\"14\" src=\"https:\/\/orasul-timisoara.ro\/wp-includes\/images\/rss.png\" alt=\"Flux RSS: eMasini\" loading=\"lazy\"><\/a><a class=\"rsswidget rss-widget-title\" href=\"https:\/\/emasini.ro\/\">eMasini<\/a><\/span><\/h4>\n<ul>\n<li><a class=\"rsswidget\" href=\"https:\/\/emasini.ro\/adio-bordurilor-pline-de-ecrane-mercedes-benz-readuce-butoanele-in-noile-masini-produse\/\">Adio bordurilor pline de ecrane? Mercedes-Benz readuce butoanele \u00een noile ma\u0219ini produse<\/a>\n<div class=\"rssSummary\">Mercedes-Benz \u00ee\u0219i schimb\u0103 direc\u021bia \u00een ceea ce prive\u0219te designul interioarelor \u0219i va readuce comenzile fizice pentru anumite func\u021bii importante. Constructorul german nu renun\u021b\u0103 la ecranele mari \u0219i la tehnologiile digitale, dar recunoa\u0219te c\u0103 a mers prea departe prin eliminarea unor butoane \u0219i comenzi tactile. Ola K\u00e4llenius, pre\u0219edintele Consiliului de Administra\u021bie al Mercedes-Benz Group \u0219i CEO [\u2026]<\/div>\n<\/li>\n<\/ul>\n<\/aside>\n<\/div>\n<\/div>\n<\/div>\n<\/div>\n<\/article>\n<div class=\"td-post-content tagdiv-type\">\n<p class=\"wp-block-paragraph\">Timp de peste patru decenii, 23 august a fost una dintre cele mai importante date din calendarul Rom\u00e2niei. Din 1948 \u0219i p\u00e2n\u0103 \u00een 1989, aceast\u0103 zi a fost s\u0103rb\u0103torit\u0103 oficial drept Ziua Na\u021bional\u0103 a \u021b\u0103rii \u0219i era marcat\u0103 prin parade militare, defil\u0103ri ale oamenilor muncii, spectacole, manifest\u0103ri sportive \u0219i demonstra\u021bii de amploare.<\/p>\n<p class=\"wp-block-paragraph\">Pentru genera\u021biile care au tr\u0103it \u00een perioada comunist\u0103, 23 august \u00eensemna o zi liber\u0103, ora\u0219e \u00eempodobite cu steaguri \u0219i pancarte, coloane de muncitori, elevi, studen\u021bi \u0219i militari, dar \u0219i un adev\u0103rat spectacol al propagandei de partid.<\/p>\n<p class=\"wp-block-paragraph\">\u00cen spatele acestei s\u0103rb\u0103tori se afla \u00eens\u0103 un eveniment istoric real, petrecut la 23 august 1944, pe care regimul comunist avea s\u0103 \u00eel interpreteze \u0219i s\u0103 \u00eel transforme treptat \u00eentr-unul dintre principalele sale mituri fondatoare.<\/p>\n<h2 class=\"wp-block-heading\">Ce s-a \u00eent\u00e2mplat la 23 august 1944<\/h2>\n<p class=\"wp-block-paragraph\">La 23 august 1944, Rom\u00e2nia se afla \u00een r\u0103zboi al\u0103turi de Germania nazist\u0103. Mare\u0219alul Ion Antonescu conducea statul, iar armata rom\u00e2n\u0103 lupta pe frontul de est \u00eempotriva Uniunii Sovietice.<\/p>\n<p class=\"wp-block-paragraph\">\u00cen acea zi, regele Mihai I l-a convocat pe Ion Antonescu la Palat. Dup\u0103 ce acesta a refuzat s\u0103 accepte \u00eencheierea imediat\u0103 a r\u0103zboiului, regele a ordonat arestarea sa.<\/p>\n<p class=\"wp-block-paragraph\">\u00cen aceea\u0219i sear\u0103, prin intermediul radioului, regele Mihai a anun\u021bat schimbarea radical\u0103 a politicii Rom\u00e2niei. \u021aara ie\u0219ea din alian\u021ba cu Germania \u0219i \u00eenceta r\u0103zboiul \u00eempotriva Na\u021biunilor Unite.<\/p>\n<p class=\"wp-block-paragraph\">Armata rom\u00e2n\u0103 a \u00eenceput s\u0103 lupte \u00eempotriva trupelor germane aflate pe teritoriul \u021b\u0103rii, iar Rom\u00e2nia avea s\u0103 participe ulterior la luptele \u00eempotriva Germaniei naziste p\u00e2n\u0103 la sf\u00e2r\u0219itul r\u0103zboiului.<\/p>\n<p class=\"wp-block-paragraph\">Evenimentele de la 23 august 1944 au schimbat astfel fundamental pozi\u021bia Rom\u00e2niei \u00een cel de-Al Doilea R\u0103zboi Mondial.<\/p>\n<h2 class=\"wp-block-heading\">Cum a devenit 23 august Ziua Na\u021bional\u0103<\/h2>\n<p class=\"wp-block-paragraph\">Dup\u0103 instaurarea regimului comunist, noua putere avea nevoie de propriile simboluri \u0219i de propria versiune asupra istoriei recente.<\/p>\n<p class=\"wp-block-paragraph\">\u00cencep\u00e2nd din 1948, 23 august a devenit Ziua Na\u021bional\u0103 a Rom\u00e2niei.<\/p>\n<p class=\"wp-block-paragraph\">Regimul a \u00eenceput s\u0103 prezinte evenimentele din 1944 ca pe momentul \u00een care for\u021bele democratice \u0219i comuniste ar fi declan\u0219at o \u201einsurec\u021bie antifascist\u0103\u201d, iar Partidului Comunist Rom\u00e2n i-a fost atribuit un rol mult mai important dec\u00e2t avusese \u00een realitate.<\/p>\n<p class=\"wp-block-paragraph\">Rolul regelui Mihai I \u0219i al partidelor istorice a fost treptat diminuat \u00een discursul oficial, \u00een timp ce propaganda comunist\u0103 accentua contribu\u021bia partidului \u0219i a \u201efor\u021belor patriotice\u201d.<\/p>\n<p class=\"wp-block-paragraph\">Astfel, 23 august a devenit nu doar o aniversare a schimb\u0103rii alian\u021bei militare din 1944, ci \u0219i o dat\u0103 prin care regimul \u00eencerca s\u0103-\u0219i justifice propria apari\u021bie \u0219i legitimitate.<\/p>\n<h2 class=\"wp-block-heading\">Cine s\u0103rb\u0103torea 23 august<\/h2>\n<p class=\"wp-block-paragraph\">Oficial, s\u0103rb\u0103toarea era a \u00eentregului popor.<\/p>\n<p class=\"wp-block-paragraph\">\u00cen practic\u0103, participarea era organizat\u0103 prin \u00eentreprinderi, institu\u021bii, \u0219coli, universit\u0103\u021bi \u0219i organiza\u021biile politice \u0219i de tineret.<\/p>\n<p class=\"wp-block-paragraph\">Muncitorii reprezentau una dintre principalele categorii participante. Fiecare fabric\u0103 sau \u00eentreprindere \u00ee\u0219i organiza oamenii \u00een coloane care urmau s\u0103 participe la demonstra\u021biile publice.<\/p>\n<p class=\"wp-block-paragraph\">Participau elevii, studen\u021bii, pionierii, uteci\u0219tii, militarii, sportivii, arti\u0219tii \u0219i angaja\u021bii institu\u021biilor statului.<\/p>\n<p class=\"wp-block-paragraph\">\u00cen marile ora\u0219e, \u00een special \u00een Bucure\u0219ti, manifesta\u021biile adunau mase impresionante de oameni.<\/p>\n<p class=\"wp-block-paragraph\">Participarea nu trebuie \u00eens\u0103 confundat\u0103 \u00eentotdeauna cu entuziasmul. Pentru o parte dintre oameni, prezen\u021ba la defilare era o obliga\u021bie profesional\u0103 sau politic\u0103. Refuzul de a participa putea fi interpretat drept lips\u0103 de disciplin\u0103 sau chiar drept o atitudine ostil\u0103 fa\u021b\u0103 de regim.<\/p>\n<h2 class=\"wp-block-heading\">Cum se s\u0103rb\u0103torea 23 august<\/h2>\n<p class=\"wp-block-paragraph\">Preg\u0103tirile \u00eencepeau cu mult \u00eenaintea zilei de 23 august.<\/p>\n<p class=\"wp-block-paragraph\">\u00cen \u00eentreprinderi \u0219i institu\u021bii se confec\u021bionau pancarte, steaguri \u0219i materiale propagandistice. Se preg\u0103teau forma\u021bii artistice, c\u00e2ntece \u0219i coregrafii de mas\u0103.<\/p>\n<p class=\"wp-block-paragraph\">\u00cen ziua s\u0103rb\u0103torii, principalele bulevarde erau transformate \u00een trasee pentru demonstra\u021bii.<\/p>\n<p class=\"wp-block-paragraph\">Coloanele muncitorilor treceau prin fa\u021ba tribunelor oficiale, purt\u00e2nd steaguri \u0219i pancarte cu lozinci politice. Parada militar\u0103 reprezenta o alt\u0103 component\u0103 important\u0103 \u0219i prezenta efective ale armatei \u0219i tehnic\u0103 militar\u0103.<\/p>\n<p class=\"wp-block-paragraph\">La Bucure\u0219ti, demonstra\u021biile deveneau adev\u0103rate spectacole de propagand\u0103.<\/p>\n<p class=\"wp-block-paragraph\">Mii de oameni erau organiza\u021bi \u00een forma\u021bii care trebuiau s\u0103 creeze, privite de la distan\u021b\u0103, imaginea unei societ\u0103\u021bi perfect disciplinate \u0219i unite \u00een jurul partidului.<\/p>\n<h2 class=\"wp-block-heading\">De ce era at\u00e2t de important\u0103 aceast\u0103 zi pentru regim<\/h2>\n<p class=\"wp-block-paragraph\">Pentru regimul comunist, 23 august avea mai multe func\u021bii.<\/p>\n<p class=\"wp-block-paragraph\">\u00cen primul r\u00e2nd, era o dat\u0103 fondatoare. Regimul putea prezenta anul 1944 drept \u00eenceputul transform\u0103rii Rom\u00e2niei \u00eentr-un stat socialist.<\/p>\n<p class=\"wp-block-paragraph\">\u00cen al doilea r\u00e2nd, era o ocazie pentru Partidul Comunist Rom\u00e2n de a-\u0219i atribui un rol central \u00een evenimentele care au dus la schimbarea regimului lui Ion Antonescu.<\/p>\n<p class=\"wp-block-paragraph\">\u00cen al treilea r\u00e2nd, demonstra\u021biile ofereau partidului posibilitatea de a ar\u0103ta c\u0103 poate mobiliza mase uria\u0219e de oameni.<\/p>\n<p class=\"wp-block-paragraph\">23 august devenea astfel una dintre cele mai mari opera\u021biuni de propagand\u0103 ale anului.<\/p>\n<h2 class=\"wp-block-heading\">De la Stalin la Ceau\u0219escu<\/h2>\n<p class=\"wp-block-paragraph\">Semnifica\u021bia oficial\u0103 a zilei s-a schimbat \u00een func\u021bie de evolu\u021bia regimului.<\/p>\n<p class=\"wp-block-paragraph\">\u00cen primii ani ai comunismului, propaganda punea un accent foarte puternic pe Uniunea Sovietic\u0103 \u0219i pe rolul Armatei Ro\u0219ii \u00een \u201eeliberarea\u201d Rom\u00e2niei de fascism.<\/p>\n<p class=\"wp-block-paragraph\">Ulterior, pe m\u0103sur\u0103 ce conducerea de la Bucure\u0219ti a \u00eenceput s\u0103 se distan\u021beze de Moscova, aceast\u0103 interpretare s-a modificat.<\/p>\n<p class=\"wp-block-paragraph\">\u00cen epoca Nicolae Ceau\u0219escu, rolul sovietic a fost diminuat, iar accentul s-a mutat pe Partidul Comunist Rom\u00e2n, pe \u201efor\u021bele patriotice\u201d \u0219i pe independen\u021ba na\u021bional\u0103.<\/p>\n<p class=\"wp-block-paragraph\">Formula oficial\u0103 a devenit \u201erevolu\u021bia de eliberare na\u021bional\u0103 \u0219i social\u0103, antifascist\u0103 \u0219i antiimperialist\u0103\u201d.<\/p>\n<p class=\"wp-block-paragraph\">Prin aceast\u0103 reinterpretare, 23 august devenea un moment care trebuia s\u0103 demonstreze c\u0103 Rom\u00e2nia comunist\u0103 \u00ee\u0219i are originile \u00eentr-un act revolu\u021bionar propriu.<\/p>\n<h2 class=\"wp-block-heading\">Cum a devenit 23 august \u0219i s\u0103rb\u0103toarea lui Ceau\u0219escu<\/h2>\n<p class=\"wp-block-paragraph\">\u00cen anii \u201970 \u0219i mai ales \u00een anii \u201980, 23 august a c\u0103p\u0103tat o puternic\u0103 dimensiune personal\u0103.<\/p>\n<p class=\"wp-block-paragraph\">Portretele lui Nicolae Ceau\u0219escu \u0219i ale Elenei Ceau\u0219escu ap\u0103reau \u00een cadrul manifesta\u021biilor, iar lozincile \u00eel prezentau pe liderul partidului drept garant al independen\u021bei \u0219i al dezvolt\u0103rii Rom\u00e2niei socialiste.<\/p>\n<p class=\"wp-block-paragraph\">S\u0103rb\u0103toarea na\u021bional\u0103 devenise astfel \u0219i o demonstra\u021bie public\u0103 de loialitate fa\u021b\u0103 de conducerea partidului.<\/p>\n<p class=\"wp-block-paragraph\">Pentru aparatul de propagand\u0103, imaginea era esen\u021bial\u0103: popula\u021bia trebuia s\u0103 apar\u0103 unit\u0103 \u00een jurul partidului \u0219i al conduc\u0103torului.<\/p>\n<p class=\"wp-block-paragraph\">\u00cen realitate, experien\u021ba oamenilor era mult mai divers\u0103.<\/p>\n<p class=\"wp-block-paragraph\">Unii participau din convingere, al\u021bii pentru c\u0103 \u00ee\u0219i doreau o zi festiv\u0103 al\u0103turi de colegi \u0219i prieteni, iar pentru al\u021bii defilarea era pur \u0219i simplu o obliga\u021bie.<\/p>\n<h2 class=\"wp-block-heading\">Ce \u00eensemna 23 august pentru rom\u00e2nul obi\u0219nuit<\/h2>\n<p class=\"wp-block-paragraph\">Pentru cei care au tr\u0103it acea perioad\u0103, 23 august poate fi asociat cu amintiri foarte diferite.<\/p>\n<p class=\"wp-block-paragraph\">Pentru unii era o zi liber\u0103 de var\u0103, cu spectacole, muzic\u0103, ie\u0219iri \u00een ora\u0219 \u0219i \u00eent\u00e2lniri cu familia sau prietenii.<\/p>\n<p class=\"wp-block-paragraph\">Pentru al\u021bii era ziua \u00een care trebuiau s\u0103 se trezeasc\u0103 devreme, s\u0103 se deplaseze \u00eentr-un punct stabilit \u0219i s\u0103 defileze ore \u00eentregi.<\/p>\n<p class=\"wp-block-paragraph\">Copiii \u0219i adolescen\u021bii participau prin intermediul \u0219colilor \u0219i organiza\u021biilor de tineret. Pionierii erau implica\u021bi \u00een coregrafii \u0219i manifesta\u021bii, iar elevii puteau repeta zile \u00eentregi pentru momentele festive.<\/p>\n<p class=\"wp-block-paragraph\">Aceast\u0103 diferen\u021b\u0103 dintre spectacolul oficial \u0219i experien\u021ba personal\u0103 este important\u0103 pentru \u00een\u021belegerea societ\u0103\u021bii comuniste.<\/p>\n<h2 class=\"wp-block-heading\">Ultimul 23 august<\/h2>\n<p class=\"wp-block-paragraph\">La 23 august 1989, Rom\u00e2nia comunist\u0103 a s\u0103rb\u0103torit pentru ultima dat\u0103 Ziua Na\u021bional\u0103.<\/p>\n<p class=\"wp-block-paragraph\">Regimul lui Nicolae Ceau\u0219escu p\u0103rea \u00eenc\u0103 solid, iar propaganda oficial\u0103 continua s\u0103 vorbeasc\u0103 despre succesele socialismului \u0219i despre unitatea poporului \u00een jurul partidului.<\/p>\n<p class=\"wp-block-paragraph\">Realitatea era \u00eens\u0103 una foarte diferit\u0103. Rom\u00e2nia traversa o perioad\u0103 de lipsuri severe, ra\u021bionalizare, restric\u021bii energetice \u0219i control politic.<\/p>\n<p class=\"wp-block-paragraph\">C\u00e2teva luni mai t\u00e2rziu, \u00een decembrie 1989, regimul comunist avea s\u0103 se pr\u0103bu\u0219easc\u0103.<\/p>\n<p class=\"wp-block-paragraph\">Odat\u0103 cu el a disp\u0103rut \u0219i 23 august ca Zi Na\u021bional\u0103.<\/p>\n<h2 class=\"wp-block-heading\">Ce a r\u0103mas din 23 august dup\u0103 1989<\/h2>\n<p class=\"wp-block-paragraph\">Dup\u0103 Revolu\u021bie, Rom\u00e2nia a renun\u021bat la 23 august ca Zi Na\u021bional\u0103 \u0219i a stabilit 1 Decembrie drept s\u0103rb\u0103toare na\u021bional\u0103.<\/p>\n<p class=\"wp-block-paragraph\">Data de 23 august a r\u0103mas \u00eens\u0103 una dintre cele mai importante date ale istoriei Rom\u00e2niei din secolul XX.<\/p>\n<p class=\"wp-block-paragraph\">Ast\u0103zi, ea este privit\u0103 at\u00e2t prin prisma evenimentelor din 1944, c\u00e2t \u0219i prin prisma modului \u00een care regimul comunist a folosit acea zi timp de peste patru decenii.<\/p>\n<p class=\"wp-block-paragraph\">Este important\u0103 diferen\u021ba dintre cele dou\u0103 planuri.<\/p>\n<p class=\"wp-block-paragraph\">23 august 1944 a fost un moment istoric real, \u00een care Rom\u00e2nia \u0219i-a schimbat alian\u021ba militar\u0103 \u0219i a \u00eenceput lupta \u00eempotriva Germaniei naziste.<\/p>\n<p class=\"wp-block-paragraph\">23 august \u00een comunism a fost \u00eens\u0103 o construc\u021bie politic\u0103 \u0219i propagandistic\u0103 prin care regimul \u0219i-a atribuit un rol fondator \u0219i \u0219i-a prezentat propria venire la putere drept rezultatul unei revolu\u021bii conduse de comuni\u0219ti.<\/p>\n<p class=\"wp-block-paragraph\">De aceea, pentru genera\u021biile care au tr\u0103it \u00eenainte de 1989, 23 august nu este doar o dat\u0103 din manualele de istorie.<\/p>\n<p class=\"wp-block-paragraph\">Este \u0219i amintirea unei epoci \u00een care milioane de oameni erau chema\u021bi, an de an, s\u0103 participe la acela\u0219i spectacol public, s\u0103 poarte acelea\u0219i steaguri \u0219i pancarte \u0219i s\u0103 celebreze aceea\u0219i versiune oficial\u0103 a trecutului.<\/p>\n<p class=\"wp-block-paragraph\">Ast\u0103zi, privind \u00een urm\u0103, 23 august r\u0103m\u00e2ne una dintre cele mai puternic reinterpretate date din istoria Rom\u00e2niei contemporane: o zi care a \u00eenceput ca un moment decisiv al celui de-Al Doilea R\u0103zboi Mondial \u0219i care a fost transformat\u0103, timp de decenii, \u00eentr-unul dintre cele mai puternice simboluri ale regimului comunist.<\/p>\n<\/div>\n<p>[analyse_source url=&#8221;https:\/\/orasul-timisoara.ro\/local-40449\/&#8221;]<\/p>\n","protected":false},"excerpt":{"rendered":"<p>[analyse_image type=&#8221;featured&#8221; src=&#8221;https:\/\/orasul-timisoara.ro\/wp-content\/uploads\/2026\/08\/23-august-ref.jpg&#8221;] \u0218tiri na\u021bionale \u0219i interna\u021bionaleCum se s\u0103rb\u0103torea 23 august \u00een comunism: parade, propagand\u0103 \u0219i cultul lui&#8230; \u0218tiri na\u021bionale \u0219i interna\u021bionale Cum se s\u0103rb\u0103torea 23 august \u00een comunism: parade, propagand\u0103 \u0219i cultul lui Ceau\u0219escu De c\u0103tre redactia &#8211; 23\/08\/2026 Facebook Twitter WhatsApp Linkedin ReddIt Email Imprimare Timp de peste patru decenii, 23 august a [&hellip;]<\/p>\n","protected":false},"author":1,"featured_media":0,"comment_status":"open","ping_status":"","sticky":false,"template":"","format":"standard","meta":{"footnotes":""},"categories":[89],"tags":[226,189],"class_list":["post-2108145","post","type-post","status-publish","format-standard","hentry","category-romania","tag-crawlmanager","tag-orasul-timisoara-ro"],"_links":{"self":[{"href":"https:\/\/analyse.optim.biz\/index.php?rest_route=\/wp\/v2\/posts\/2108145","targetHints":{"allow":["GET"]}}],"collection":[{"href":"https:\/\/analyse.optim.biz\/index.php?rest_route=\/wp\/v2\/posts"}],"about":[{"href":"https:\/\/analyse.optim.biz\/index.php?rest_route=\/wp\/v2\/types\/post"}],"author":[{"embeddable":true,"href":"https:\/\/analyse.optim.biz\/index.php?rest_route=\/wp\/v2\/users\/1"}],"replies":[{"embeddable":true,"href":"https:\/\/analyse.optim.biz\/index.php?rest_route=%2Fwp%2Fv2%2Fcomments&post=2108145"}],"version-history":[{"count":0,"href":"https:\/\/analyse.optim.biz\/index.php?rest_route=\/wp\/v2\/posts\/2108145\/revisions"}],"wp:attachment":[{"href":"https:\/\/analyse.optim.biz\/index.php?rest_route=%2Fwp%2Fv2%2Fmedia&parent=2108145"}],"wp:term":[{"taxonomy":"category","embeddable":true,"href":"https:\/\/analyse.optim.biz\/index.php?rest_route=%2Fwp%2Fv2%2Fcategories&post=2108145"},{"taxonomy":"post_tag","embeddable":true,"href":"https:\/\/analyse.optim.biz\/index.php?rest_route=%2Fwp%2Fv2%2Ftags&post=2108145"}],"curies":[{"name":"wp","href":"https:\/\/api.w.org\/{rel}","templated":true}]}}