{"id":2108134,"date":"2026-08-21T11:42:58","date_gmt":"2026-08-21T08:42:58","guid":{"rendered":"https:\/\/analyse.optim.biz\/?p=2108134"},"modified":"2026-08-21T11:42:58","modified_gmt":"2026-08-21T08:42:58","slug":"cati-copii-a-avut-toma-caragiu-astazi-se-implinesc-101-ani-de-la-nasterea-regretatului-actor","status":"publish","type":"post","link":"https:\/\/analyse.optim.biz\/?p=2108134","title":{"rendered":"C\u00e2\u021bi copii a avut Toma Caragiu. Ast\u0103zi se \u00eemplinesc 101 ani de la na\u0219terea regretatului actor"},"content":{"rendered":"<p>[analyse_image type=&#8221;featured&#8221; src=&#8221;https:\/\/img.svnews.ro\/foto\/2026\/08\/21\/554842\/c394217c9818b2b3d00af47a3.jpg&#8221;]<\/p>\n<div class=\"entry\"><img loading=\"lazy\" decoding=\"async\" width=\"650\" height=\"325\" src=\"https:\/\/img.svnews.ro\/foto\/2026\/08\/21\/554842\/c394217c9818b2b3d00af47a306500325.jpg\" alt><\/p>\n<div class=\"entry_content\">\n<p>Pe 21 august 2026 se \u00eemplinesc 101 ani de la na\u0219terea lui Toma Caragiu, unul dintre cei mai aprecia\u021bi actori rom\u00e2ni de teatru, film \u0219i televiziune, noteaz\u0103 click.ro.. Numele s\u0103u a r\u0103mas legat de numeroase personaje memorabile, \u00eens\u0103 via\u021ba marelui actor a fost una discret\u0103 atunci c\u00e2nd venea vorba despre familie.<\/p>\n<p>Toma Caragiu a fost c\u0103s\u0103torit de dou\u0103 ori \u0219i a avut o singur\u0103 fiic\u0103. Copilul nu a fost \u00eens\u0103 unul biologic, ci o feti\u021b\u0103 pe care actorul a adoptat-o \u00eempreun\u0103 cu prima sa so\u021bie, actri\u021ba Maria Bondar.<\/p>\n<p>Toma Caragiu \u0219i Maria Bondar s-au c\u0103s\u0103torit \u00een 1952, pe c\u00e2nd actorul avea 26 de ani. Cei doi au decis s\u0103 adopte o feti\u021b\u0103, care avea aproximativ trei ani la momentul adop\u021biei \u0219i care a primit numele Maria Doina Caragiu.<\/p>\n<p>C\u0103snicia celor doi s-a \u00eencheiat \u00een 1962, iar dup\u0103 divor\u021b, feti\u021ba a r\u0103mas \u00een grija mamei sale adoptive. Rela\u021bia dintre Toma Caragiu \u0219i fiica sa a fost una complicat\u0103, mai ales dup\u0103 desp\u0103r\u021birea actorului de Maria Bondar.<\/p>\n<p>\u00centr-un interviu acordat cu mai mul\u021bi ani \u00een urm\u0103, Doina Caragiu a vorbit despre rela\u021bia cu tat\u0103l s\u0103u \u0219i despre faptul c\u0103, dup\u0103 divor\u021bul p\u0103rin\u021bilor, acesta nu a mai fost prezent \u00een via\u021ba ei \u00een acela\u0219i mod.<\/p>\n<p>\u201eEl ca tat\u0103 a fost tat\u0103 p\u00e2n\u0103 pe la 4 ani, apoi a fost pensie alimentar\u0103 \u0219i, de c\u00e2teva ori pe an, vizite, ori eu, ori el. Dar nu a fost a\u0219a cum e un t\u0103tic. \u00cen momentul \u00een care p\u0103rin\u021bii sunt desp\u0103r\u021bi\u021bi, rela\u021biile nu mai sunt ca \u00eentr-o familie\u201d, a povestit aceasta, potrivit sursei citate.<\/p>\n<p>Dup\u0103 divor\u021bul de Maria Bondar, actorul s-a c\u0103s\u0103torit \u00een 1963 cu Elena Caragiu. Toma Caragiu nu a mai avut al\u021bi copii. A murit la 51 de ani, pe 4 martie 1977, \u00een timpul cutremurului devastator care a lovit Rom\u00e2nia.<\/p>\n<p>Actorul se afla \u00een locuin\u021ba sa din Bucure\u0219ti, iar \u00een aceea\u0219i tragedie \u0219i-a pierdut via\u021ba \u0219i regizorul Alexandru Boc\u0103ne\u021b.<\/p>\n<p>Sursa foto: click.ro<\/p>\n<p>Cite\u0219te articolul complet pe: https:\/\/click.ro\/vedete\/vedete-romanesti\/cati-copii-a-avut-toma-caragiu-astazi-se-2551109.html<\/p>\n<\/div>\n<div>\n<div>VN:F [1.9.22_1171]<\/div>\n<div class=\"ratingblock \">\n<div class=\"ratingstars \">\n<div id=\"article_loader_554842\" class=\"ratingloaderarticle\">\n<div class=\"loader arrows \">\n<div class=\"loaderinner\">se actualizeaz\u0103&#8230;<\/div>\n<\/div>\n<\/div>\n<\/div>\n<div class=\"ratingtext \">\n<div id=\"gdr_text_a554842\">Rating: 0.0\/<strong>10<\/strong> (0 votes cast)<\/div>\n<\/div>\n<\/div>\n<\/div>\n<\/div>\n<div class=\"entry_content\">\n<p>Pe 21 august 2026 se \u00eemplinesc 101 ani de la na\u0219terea lui Toma Caragiu, unul dintre cei mai aprecia\u021bi actori rom\u00e2ni de teatru, film \u0219i televiziune, noteaz\u0103 click.ro.. Numele s\u0103u a r\u0103mas legat de numeroase personaje memorabile, \u00eens\u0103 via\u021ba marelui actor a fost una discret\u0103 atunci c\u00e2nd venea vorba despre familie.<\/p>\n<p>Toma Caragiu a fost c\u0103s\u0103torit de dou\u0103 ori \u0219i a avut o singur\u0103 fiic\u0103. Copilul nu a fost \u00eens\u0103 unul biologic, ci o feti\u021b\u0103 pe care actorul a adoptat-o \u00eempreun\u0103 cu prima sa so\u021bie, actri\u021ba Maria Bondar.<\/p>\n<p>Toma Caragiu \u0219i Maria Bondar s-au c\u0103s\u0103torit \u00een 1952, pe c\u00e2nd actorul avea 26 de ani. Cei doi au decis s\u0103 adopte o feti\u021b\u0103, care avea aproximativ trei ani la momentul adop\u021biei \u0219i care a primit numele Maria Doina Caragiu.<\/p>\n<p>C\u0103snicia celor doi s-a \u00eencheiat \u00een 1962, iar dup\u0103 divor\u021b, feti\u021ba a r\u0103mas \u00een grija mamei sale adoptive. Rela\u021bia dintre Toma Caragiu \u0219i fiica sa a fost una complicat\u0103, mai ales dup\u0103 desp\u0103r\u021birea actorului de Maria Bondar.<\/p>\n<p>\u00centr-un interviu acordat cu mai mul\u021bi ani \u00een urm\u0103, Doina Caragiu a vorbit despre rela\u021bia cu tat\u0103l s\u0103u \u0219i despre faptul c\u0103, dup\u0103 divor\u021bul p\u0103rin\u021bilor, acesta nu a mai fost prezent \u00een via\u021ba ei \u00een acela\u0219i mod.<\/p>\n<p>\u201eEl ca tat\u0103 a fost tat\u0103 p\u00e2n\u0103 pe la 4 ani, apoi a fost pensie alimentar\u0103 \u0219i, de c\u00e2teva ori pe an, vizite, ori eu, ori el. Dar nu a fost a\u0219a cum e un t\u0103tic. \u00cen momentul \u00een care p\u0103rin\u021bii sunt desp\u0103r\u021bi\u021bi, rela\u021biile nu mai sunt ca \u00eentr-o familie\u201d, a povestit aceasta, potrivit sursei citate.<\/p>\n<p>Dup\u0103 divor\u021bul de Maria Bondar, actorul s-a c\u0103s\u0103torit \u00een 1963 cu Elena Caragiu. Toma Caragiu nu a mai avut al\u021bi copii. A murit la 51 de ani, pe 4 martie 1977, \u00een timpul cutremurului devastator care a lovit Rom\u00e2nia.<\/p>\n<p>Actorul se afla \u00een locuin\u021ba sa din Bucure\u0219ti, iar \u00een aceea\u0219i tragedie \u0219i-a pierdut via\u021ba \u0219i regizorul Alexandru Boc\u0103ne\u021b.<\/p>\n<p>Sursa foto: click.ro<\/p>\n<p>Cite\u0219te articolul complet pe: https:\/\/click.ro\/vedete\/vedete-romanesti\/cati-copii-a-avut-toma-caragiu-astazi-se-2551109.html<\/p>\n<\/div>\n<p>[analyse_source url=&#8221;https:\/\/www.svnews.ro\/cati-copii-a-avut-toma-caragiu-astazi-se-implinesc-101-ani-de-la-nasterea-regretatului-actor\/554842\/&#8221;]<\/p>\n","protected":false},"excerpt":{"rendered":"<p>[analyse_image type=&#8221;featured&#8221; src=&#8221;https:\/\/img.svnews.ro\/foto\/2026\/08\/21\/554842\/c394217c9818b2b3d00af47a3.jpg&#8221;] Pe 21 august 2026 se \u00eemplinesc 101 ani de la na\u0219terea lui Toma Caragiu, unul dintre cei mai aprecia\u021bi actori rom\u00e2ni de teatru, film \u0219i televiziune, noteaz\u0103 click.ro.. Numele s\u0103u a r\u0103mas legat de numeroase personaje memorabile, \u00eens\u0103 via\u021ba marelui actor a fost una discret\u0103 atunci c\u00e2nd venea vorba despre familie. Toma [&hellip;]<\/p>\n","protected":false},"author":1,"featured_media":0,"comment_status":"open","ping_status":"","sticky":false,"template":"","format":"standard","meta":{"footnotes":""},"categories":[89],"tags":[226,175],"class_list":["post-2108134","post","type-post","status-publish","format-standard","hentry","category-romania","tag-crawlmanager","tag-svnews-ro"],"_links":{"self":[{"href":"https:\/\/analyse.optim.biz\/index.php?rest_route=\/wp\/v2\/posts\/2108134","targetHints":{"allow":["GET"]}}],"collection":[{"href":"https:\/\/analyse.optim.biz\/index.php?rest_route=\/wp\/v2\/posts"}],"about":[{"href":"https:\/\/analyse.optim.biz\/index.php?rest_route=\/wp\/v2\/types\/post"}],"author":[{"embeddable":true,"href":"https:\/\/analyse.optim.biz\/index.php?rest_route=\/wp\/v2\/users\/1"}],"replies":[{"embeddable":true,"href":"https:\/\/analyse.optim.biz\/index.php?rest_route=%2Fwp%2Fv2%2Fcomments&post=2108134"}],"version-history":[{"count":0,"href":"https:\/\/analyse.optim.biz\/index.php?rest_route=\/wp\/v2\/posts\/2108134\/revisions"}],"wp:attachment":[{"href":"https:\/\/analyse.optim.biz\/index.php?rest_route=%2Fwp%2Fv2%2Fmedia&parent=2108134"}],"wp:term":[{"taxonomy":"category","embeddable":true,"href":"https:\/\/analyse.optim.biz\/index.php?rest_route=%2Fwp%2Fv2%2Fcategories&post=2108134"},{"taxonomy":"post_tag","embeddable":true,"href":"https:\/\/analyse.optim.biz\/index.php?rest_route=%2Fwp%2Fv2%2Ftags&post=2108134"}],"curies":[{"name":"wp","href":"https:\/\/api.w.org\/{rel}","templated":true}]}}