{"id":2108132,"date":"2026-08-21T11:40:44","date_gmt":"2026-08-21T08:40:44","guid":{"rendered":"https:\/\/analyse.optim.biz\/?p=2108132"},"modified":"2026-08-21T11:40:44","modified_gmt":"2026-08-21T08:40:44","slug":"infiata-si-ea-din-orfelinat-nicoleta-voicu-sare-in-apararea-lui-david-puscas-un-copil-adoptat-nu-e-ca-restul-lumii","status":"publish","type":"post","link":"https:\/\/analyse.optim.biz\/?p=2108132","title":{"rendered":"\u00cenfiat\u0103 \u0219i ea din orfelinat, Nicoleta Voicu sare \u00een ap\u0103rarea lui David Pu\u0219ca\u0219: \u201eUn copil adoptat nu e ca restul lumii\u201d"},"content":{"rendered":"<p>[analyse_image type=&#8221;featured&#8221; src=&#8221;https:\/\/img.svnews.ro\/foto\/2026\/08\/21\/554840\/ce021c09cd8d3af41d57e5b37.jpg&#8221;]<\/p>\n<div class=\"entry\"><img loading=\"lazy\" decoding=\"async\" width=\"650\" height=\"325\" src=\"https:\/\/img.svnews.ro\/foto\/2026\/08\/21\/554840\/ce021c09cd8d3af41d57e5b3706500325.jpg\" alt><\/p>\n<div class=\"entry_content\">\n<p>\u00cen plin scandal cu rudele, pe averea p\u0103rin\u021bilor adoptivi, artista de muzic\u0103 popular\u0103 Nicoleta Voicu a readus \u00een centrul aten\u021biei \u0219i situa\u021bia dureroas\u0103 din familia Lumini\u021bei Anghel, solista care \u0219i-a renegat fiul, pe David Pu\u0219ca\u0219, \u00eenfiat tot din orfelinat. Exclusiv pentru Click!, Nicoleta Voicu e de p\u0103rere c\u0103 nu oricine e preg\u0103tit s\u0103 fac\u0103 fa\u021b\u0103 cre\u0219terii unor copii, care nu sunt ai lor, ajung\u00e2ndu-se, \u00een timp, la adev\u0103rate drame.<\/p>\n<p>Nicoleta Voicu are o rela\u021bie tot mai dificil\u0103 cu familia care a \u00eenfiat-o, pe c\u00e2nd avea doi ani, dintr-un orfelinat din Gala\u021bi. Conflictul a pornit din cauza rudelor, care le v\u00e2neaz\u0103 averea, casa de la \u021bar\u0103 \u0219i p\u0103m\u00e2nturile, \u00eencerc\u00e2nd s-o dezmo\u0219teneasc\u0103. Mai trist e c\u0103 p\u0103rin\u021bii adoptivi au \u00eenceput s\u0103 \u00eei fac\u0103 via\u021ba un chin. De c\u00e2nd s-au \u00eemboln\u0103vit, traiul cu ei, sub acela\u0219i acoperi\u0219, a devenit imposibil.<\/p>\n<p>Dat\u0103 fiind situa\u021bia ei dureroas\u0103, solista de muzic\u0103 popular\u0103 Nicoleta Voicu sare \u0219i \u00een ap\u0103rarea lui David Pu\u0219ca\u0219, renegat de p\u0103rin\u021bii s\u0103i adoptivi, solista Lumini\u021ba Anghel \u0219i fostul mare fotbalist Marcel Pu\u0219ca\u0219:<\/p>\n<p>\u201eNu mai cred \u00een adop\u021bie, or mai fi \u0219i excep\u021bii, dar eu vorbesc despre trauma mea ca \u0219i copil \u00eenfiat. Prefer o \u00eembun\u0103t\u0103\u021bire a condi\u021biilor din orfelinat, dec\u00e2t s\u0103 fii \u00eenfiat! Ar trebui s\u0103 se fac\u0103 teste permanente, at\u00e2t copiilor, c\u00e2t \u0219i p\u0103rin\u021bilor adoptivi. Am v\u0103zut \u0219i cazul Lumini\u021bei Anghel cu fiul ei, David Pu\u0219ca\u0219, un scandal uria\u0219, \u0219i mai sunt at\u00e2tea alte cazuri \u00een \u021bar\u0103\u201d, a spus, EXCLUSIV pentru Click!, Nicoleta Voicu.<\/p>\n<p>Sursa foto: click.ro<\/p>\n<p>Cite\u0219te articolul complet EXCLUSIV pe: https:\/\/click.ro\/vedete\/vedete-romanesti\/infiata-si-ea-din-orfelinat-nicoleta-voicu-sare-2551149.html<\/p>\n<\/div>\n<div>\n<div>VN:F [1.9.22_1171]<\/div>\n<div class=\"ratingblock \">\n<div class=\"ratingstars \">\n<div id=\"article_loader_554840\" class=\"ratingloaderarticle\">\n<div class=\"loader arrows \">\n<div class=\"loaderinner\">se actualizeaz\u0103&#8230;<\/div>\n<\/div>\n<\/div>\n<\/div>\n<div class=\"ratingtext \">\n<div id=\"gdr_text_a554840\">Rating: 0.0\/<strong>10<\/strong> (0 votes cast)<\/div>\n<\/div>\n<\/div>\n<\/div>\n<\/div>\n<div class=\"entry_content\">\n<p>\u00cen plin scandal cu rudele, pe averea p\u0103rin\u021bilor adoptivi, artista de muzic\u0103 popular\u0103 Nicoleta Voicu a readus \u00een centrul aten\u021biei \u0219i situa\u021bia dureroas\u0103 din familia Lumini\u021bei Anghel, solista care \u0219i-a renegat fiul, pe David Pu\u0219ca\u0219, \u00eenfiat tot din orfelinat. Exclusiv pentru Click!, Nicoleta Voicu e de p\u0103rere c\u0103 nu oricine e preg\u0103tit s\u0103 fac\u0103 fa\u021b\u0103 cre\u0219terii unor copii, care nu sunt ai lor, ajung\u00e2ndu-se, \u00een timp, la adev\u0103rate drame.<\/p>\n<p>Nicoleta Voicu are o rela\u021bie tot mai dificil\u0103 cu familia care a \u00eenfiat-o, pe c\u00e2nd avea doi ani, dintr-un orfelinat din Gala\u021bi. Conflictul a pornit din cauza rudelor, care le v\u00e2neaz\u0103 averea, casa de la \u021bar\u0103 \u0219i p\u0103m\u00e2nturile, \u00eencerc\u00e2nd s-o dezmo\u0219teneasc\u0103. Mai trist e c\u0103 p\u0103rin\u021bii adoptivi au \u00eenceput s\u0103 \u00eei fac\u0103 via\u021ba un chin. De c\u00e2nd s-au \u00eemboln\u0103vit, traiul cu ei, sub acela\u0219i acoperi\u0219, a devenit imposibil.<\/p>\n<p>Dat\u0103 fiind situa\u021bia ei dureroas\u0103, solista de muzic\u0103 popular\u0103 Nicoleta Voicu sare \u0219i \u00een ap\u0103rarea lui David Pu\u0219ca\u0219, renegat de p\u0103rin\u021bii s\u0103i adoptivi, solista Lumini\u021ba Anghel \u0219i fostul mare fotbalist Marcel Pu\u0219ca\u0219:<\/p>\n<p>\u201eNu mai cred \u00een adop\u021bie, or mai fi \u0219i excep\u021bii, dar eu vorbesc despre trauma mea ca \u0219i copil \u00eenfiat. Prefer o \u00eembun\u0103t\u0103\u021bire a condi\u021biilor din orfelinat, dec\u00e2t s\u0103 fii \u00eenfiat! Ar trebui s\u0103 se fac\u0103 teste permanente, at\u00e2t copiilor, c\u00e2t \u0219i p\u0103rin\u021bilor adoptivi. Am v\u0103zut \u0219i cazul Lumini\u021bei Anghel cu fiul ei, David Pu\u0219ca\u0219, un scandal uria\u0219, \u0219i mai sunt at\u00e2tea alte cazuri \u00een \u021bar\u0103\u201d, a spus, EXCLUSIV pentru Click!, Nicoleta Voicu.<\/p>\n<p>Sursa foto: click.ro<\/p>\n<p>Cite\u0219te articolul complet EXCLUSIV pe: https:\/\/click.ro\/vedete\/vedete-romanesti\/infiata-si-ea-din-orfelinat-nicoleta-voicu-sare-2551149.html<\/p>\n<\/div>\n<p>[analyse_source url=&#8221;https:\/\/www.svnews.ro\/infiata-si-ea-din-orfelinat-nicoleta-voicu-sare-in-apararea-lui-david-puscas-un-copil-adoptat-nu-e-ca-restul-lumii\/554840\/&#8221;]<\/p>\n","protected":false},"excerpt":{"rendered":"<p>[analyse_image type=&#8221;featured&#8221; src=&#8221;https:\/\/img.svnews.ro\/foto\/2026\/08\/21\/554840\/ce021c09cd8d3af41d57e5b37.jpg&#8221;] \u00cen plin scandal cu rudele, pe averea p\u0103rin\u021bilor adoptivi, artista de muzic\u0103 popular\u0103 Nicoleta Voicu a readus \u00een centrul aten\u021biei \u0219i situa\u021bia dureroas\u0103 din familia Lumini\u021bei Anghel, solista care \u0219i-a renegat fiul, pe David Pu\u0219ca\u0219, \u00eenfiat tot din orfelinat. Exclusiv pentru Click!, Nicoleta Voicu e de p\u0103rere c\u0103 nu oricine e preg\u0103tit [&hellip;]<\/p>\n","protected":false},"author":1,"featured_media":0,"comment_status":"open","ping_status":"","sticky":false,"template":"","format":"standard","meta":{"footnotes":""},"categories":[89],"tags":[226,175],"class_list":["post-2108132","post","type-post","status-publish","format-standard","hentry","category-romania","tag-crawlmanager","tag-svnews-ro"],"_links":{"self":[{"href":"https:\/\/analyse.optim.biz\/index.php?rest_route=\/wp\/v2\/posts\/2108132","targetHints":{"allow":["GET"]}}],"collection":[{"href":"https:\/\/analyse.optim.biz\/index.php?rest_route=\/wp\/v2\/posts"}],"about":[{"href":"https:\/\/analyse.optim.biz\/index.php?rest_route=\/wp\/v2\/types\/post"}],"author":[{"embeddable":true,"href":"https:\/\/analyse.optim.biz\/index.php?rest_route=\/wp\/v2\/users\/1"}],"replies":[{"embeddable":true,"href":"https:\/\/analyse.optim.biz\/index.php?rest_route=%2Fwp%2Fv2%2Fcomments&post=2108132"}],"version-history":[{"count":0,"href":"https:\/\/analyse.optim.biz\/index.php?rest_route=\/wp\/v2\/posts\/2108132\/revisions"}],"wp:attachment":[{"href":"https:\/\/analyse.optim.biz\/index.php?rest_route=%2Fwp%2Fv2%2Fmedia&parent=2108132"}],"wp:term":[{"taxonomy":"category","embeddable":true,"href":"https:\/\/analyse.optim.biz\/index.php?rest_route=%2Fwp%2Fv2%2Fcategories&post=2108132"},{"taxonomy":"post_tag","embeddable":true,"href":"https:\/\/analyse.optim.biz\/index.php?rest_route=%2Fwp%2Fv2%2Ftags&post=2108132"}],"curies":[{"name":"wp","href":"https:\/\/api.w.org\/{rel}","templated":true}]}}