{"id":2108129,"date":"2026-08-21T11:36:01","date_gmt":"2026-08-21T08:36:01","guid":{"rendered":"https:\/\/analyse.optim.biz\/?p=2108129"},"modified":"2026-08-21T11:36:01","modified_gmt":"2026-08-21T08:36:01","slug":"daniela-gyorfi-umilita-la-inceputul-carierei-esti-prea-urata-nu-te-putem-filma","status":"publish","type":"post","link":"https:\/\/analyse.optim.biz\/?p=2108129","title":{"rendered":"Daniela Gyorfi, umilit\u0103 la \u00eenceputul carierei: \u201eE\u0219ti prea ur\u00e2t\u0103, nu te putem filma\u201d"},"content":{"rendered":"<p>[analyse_image type=&#8221;featured&#8221; src=&#8221;https:\/\/img.svnews.ro\/foto\/2026\/08\/21\/554838\/db5c1cf2600e8133d7047ffb7.jpg&#8221;]<\/p>\n<div class=\"entry\"><img loading=\"lazy\" decoding=\"async\" width=\"650\" height=\"325\" src=\"https:\/\/img.svnews.ro\/foto\/2026\/08\/21\/554838\/db5c1cf2600e8133d7047ffb706500325.jpg\" alt><\/p>\n<div class=\"entry_content\">\n<p>Daniela Gyorfi este una dintre cele mai cunoscute c\u00e2nt\u0103re\u021be de muzic\u0103 de petrecere \u0219i manele din Rom\u00e2nia, cu o carier\u0103 de succes \u0219i o prezen\u021b\u0103 constant\u0103 la evenimente, concerte \u0219i petreceri importante din via\u021ba rom\u00e2nilor care o aleg s\u0103 le fie al\u0103turi \u00een momente speciale. La 57 de ani, artista se men\u021bine \u00eentr-o form\u0103 fizic\u0103 de invidiat \u0219i continu\u0103 s\u0103 fie apreciat\u0103 de publicul s\u0103u. Recent, Daniela Gyorfi a f\u0103cut dezv\u0103luiri despre \u00eenceputurile carierei sale \u0219i despre momentele \u00een care s-a confruntat cu prejudec\u0103\u021bi legate de aspectul fizic, noteaz\u0103 click.ro.<\/p>\n<p>\u00cen cadrul podcastului Ioanei Ginghin\u0103, Daniela Gyorfi a rememorat perioada de \u00eenceput a carierei sale, c\u00e2nd, de\u0219i ob\u021binuse un premiu la Festivalul de la Mamaia, nu a fost tratat\u0103 ca o artist\u0103 care \u00ee\u0219i c\u00e2\u0219tigase deja locul \u00een lumea muzical\u0103.<\/p>\n<p>C\u00e2nt\u0103rea\u021ba a povestit c\u0103 a a\u0219teptat ore \u00eentregi la televiziune pentru a filma pentru programul de Revelion, \u00eens\u0103, la finalul zilei, a fost trimis\u0103 acas\u0103, \u00een timp ce alte artiste cunoscute erau filmate. Daniela a m\u0103rturisit c\u0103 acele cuvinte au afectat-o profund, mai ales la v\u00e2rsta la care \u00eenc\u0103 \u00ee\u0219i construia \u00eencrederea \u00een propriile calit\u0103\u021bi.<\/p>\n<p>\u201eM\u0103 duceam la televiziune, \u00ee\u021bi dau un exemplu, da? Pentru Revelion, \u021bin minte, am luat \u0219i eu \u00een \u201991 premiul 2 la Mamaia \u0219i a trebuit\u2026 \u00cen mod normal, eram lansat\u0103 \u0219i eu, nu? Da, \u0219i s\u0103 filmez \u0219i eu pentru Revelion. \u0218i am venit de diminea\u021b\u0103, de la \u0219ase, \u0219i la 12 noaptea m-au trimis acas\u0103, c\u0103 am stat dup\u0103 M\u0103d\u0103lina Manole, dup\u0103 Loredana Groza, dup\u0103 toat\u0103 lumea, \u0219i la mine mi-au zis: \u00abB\u0103i, e\u0219ti prea ur\u00e2t\u0103, nu te putem filma\u00bb. \u0218i m-au dat acas\u0103, \u00een\u021belegi? \u0218i veneam pl\u00e2ng\u00e2nd la mama\u2026 M\u0103 uitam a\u0219a, \u0219tii, \u0219i plecam dezam\u0103git\u0103. La un moment dat, c\u00e2nd e\u0219ti t\u00e2n\u0103r \u0219i \u00ee\u021bi spun mai mul\u021bi, tu chiar crezi\u201d, a povestit Daniela Gyorfi \u00een podcastul Ioanei Ginghin\u0103, potrivit sursei citate.<\/p>\n<p>Sursa foto: click.ro<\/p>\n<p>Cite\u0219te articolul complet \u0219i vezi VIDEO pe: https:\/\/click.ro\/primetime\/daniela-gyorfi-umilita-la-inceputul-carierei-2551209.html<\/p>\n<p>\u00a0<\/p>\n<\/div>\n<div>\n<div>VN:F [1.9.22_1171]<\/div>\n<div class=\"ratingblock \">\n<div class=\"ratingstars \">\n<div id=\"article_loader_554838\" class=\"ratingloaderarticle\">\n<div class=\"loader arrows \">\n<div class=\"loaderinner\">se actualizeaz\u0103&#8230;<\/div>\n<\/div>\n<\/div>\n<\/div>\n<div class=\"ratingtext \">\n<div id=\"gdr_text_a554838\">Rating: 0.0\/<strong>10<\/strong> (0 votes cast)<\/div>\n<\/div>\n<\/div>\n<\/div>\n<\/div>\n<div class=\"entry_content\">\n<p>Daniela Gyorfi este una dintre cele mai cunoscute c\u00e2nt\u0103re\u021be de muzic\u0103 de petrecere \u0219i manele din Rom\u00e2nia, cu o carier\u0103 de succes \u0219i o prezen\u021b\u0103 constant\u0103 la evenimente, concerte \u0219i petreceri importante din via\u021ba rom\u00e2nilor care o aleg s\u0103 le fie al\u0103turi \u00een momente speciale. La 57 de ani, artista se men\u021bine \u00eentr-o form\u0103 fizic\u0103 de invidiat \u0219i continu\u0103 s\u0103 fie apreciat\u0103 de publicul s\u0103u. Recent, Daniela Gyorfi a f\u0103cut dezv\u0103luiri despre \u00eenceputurile carierei sale \u0219i despre momentele \u00een care s-a confruntat cu prejudec\u0103\u021bi legate de aspectul fizic, noteaz\u0103 click.ro.<\/p>\n<p>\u00cen cadrul podcastului Ioanei Ginghin\u0103, Daniela Gyorfi a rememorat perioada de \u00eenceput a carierei sale, c\u00e2nd, de\u0219i ob\u021binuse un premiu la Festivalul de la Mamaia, nu a fost tratat\u0103 ca o artist\u0103 care \u00ee\u0219i c\u00e2\u0219tigase deja locul \u00een lumea muzical\u0103.<\/p>\n<p>C\u00e2nt\u0103rea\u021ba a povestit c\u0103 a a\u0219teptat ore \u00eentregi la televiziune pentru a filma pentru programul de Revelion, \u00eens\u0103, la finalul zilei, a fost trimis\u0103 acas\u0103, \u00een timp ce alte artiste cunoscute erau filmate. Daniela a m\u0103rturisit c\u0103 acele cuvinte au afectat-o profund, mai ales la v\u00e2rsta la care \u00eenc\u0103 \u00ee\u0219i construia \u00eencrederea \u00een propriile calit\u0103\u021bi.<\/p>\n<p>\u201eM\u0103 duceam la televiziune, \u00ee\u021bi dau un exemplu, da? Pentru Revelion, \u021bin minte, am luat \u0219i eu \u00een \u201991 premiul 2 la Mamaia \u0219i a trebuit\u2026 \u00cen mod normal, eram lansat\u0103 \u0219i eu, nu? Da, \u0219i s\u0103 filmez \u0219i eu pentru Revelion. \u0218i am venit de diminea\u021b\u0103, de la \u0219ase, \u0219i la 12 noaptea m-au trimis acas\u0103, c\u0103 am stat dup\u0103 M\u0103d\u0103lina Manole, dup\u0103 Loredana Groza, dup\u0103 toat\u0103 lumea, \u0219i la mine mi-au zis: \u00abB\u0103i, e\u0219ti prea ur\u00e2t\u0103, nu te putem filma\u00bb. \u0218i m-au dat acas\u0103, \u00een\u021belegi? \u0218i veneam pl\u00e2ng\u00e2nd la mama\u2026 M\u0103 uitam a\u0219a, \u0219tii, \u0219i plecam dezam\u0103git\u0103. La un moment dat, c\u00e2nd e\u0219ti t\u00e2n\u0103r \u0219i \u00ee\u021bi spun mai mul\u021bi, tu chiar crezi\u201d, a povestit Daniela Gyorfi \u00een podcastul Ioanei Ginghin\u0103, potrivit sursei citate.<\/p>\n<p>Sursa foto: click.ro<\/p>\n<p>Cite\u0219te articolul complet \u0219i vezi VIDEO pe: https:\/\/click.ro\/primetime\/daniela-gyorfi-umilita-la-inceputul-carierei-2551209.html<\/p>\n<p>\u00a0<\/p>\n<\/div>\n<p>[analyse_source url=&#8221;https:\/\/www.svnews.ro\/daniela-gyorfi-umilita-la-inceputul-carierei-esti-prea-urata-nu-te-putem-filma\/554838\/&#8221;]<\/p>\n","protected":false},"excerpt":{"rendered":"<p>[analyse_image type=&#8221;featured&#8221; src=&#8221;https:\/\/img.svnews.ro\/foto\/2026\/08\/21\/554838\/db5c1cf2600e8133d7047ffb7.jpg&#8221;] Daniela Gyorfi este una dintre cele mai cunoscute c\u00e2nt\u0103re\u021be de muzic\u0103 de petrecere \u0219i manele din Rom\u00e2nia, cu o carier\u0103 de succes \u0219i o prezen\u021b\u0103 constant\u0103 la evenimente, concerte \u0219i petreceri importante din via\u021ba rom\u00e2nilor care o aleg s\u0103 le fie al\u0103turi \u00een momente speciale. La 57 de ani, artista se men\u021bine [&hellip;]<\/p>\n","protected":false},"author":1,"featured_media":0,"comment_status":"open","ping_status":"","sticky":false,"template":"","format":"standard","meta":{"footnotes":""},"categories":[89],"tags":[226,175],"class_list":["post-2108129","post","type-post","status-publish","format-standard","hentry","category-romania","tag-crawlmanager","tag-svnews-ro"],"_links":{"self":[{"href":"https:\/\/analyse.optim.biz\/index.php?rest_route=\/wp\/v2\/posts\/2108129","targetHints":{"allow":["GET"]}}],"collection":[{"href":"https:\/\/analyse.optim.biz\/index.php?rest_route=\/wp\/v2\/posts"}],"about":[{"href":"https:\/\/analyse.optim.biz\/index.php?rest_route=\/wp\/v2\/types\/post"}],"author":[{"embeddable":true,"href":"https:\/\/analyse.optim.biz\/index.php?rest_route=\/wp\/v2\/users\/1"}],"replies":[{"embeddable":true,"href":"https:\/\/analyse.optim.biz\/index.php?rest_route=%2Fwp%2Fv2%2Fcomments&post=2108129"}],"version-history":[{"count":0,"href":"https:\/\/analyse.optim.biz\/index.php?rest_route=\/wp\/v2\/posts\/2108129\/revisions"}],"wp:attachment":[{"href":"https:\/\/analyse.optim.biz\/index.php?rest_route=%2Fwp%2Fv2%2Fmedia&parent=2108129"}],"wp:term":[{"taxonomy":"category","embeddable":true,"href":"https:\/\/analyse.optim.biz\/index.php?rest_route=%2Fwp%2Fv2%2Fcategories&post=2108129"},{"taxonomy":"post_tag","embeddable":true,"href":"https:\/\/analyse.optim.biz\/index.php?rest_route=%2Fwp%2Fv2%2Ftags&post=2108129"}],"curies":[{"name":"wp","href":"https:\/\/api.w.org\/{rel}","templated":true}]}}