{"id":2108125,"date":"2026-08-20T13:04:45","date_gmt":"2026-08-20T10:04:45","guid":{"rendered":"https:\/\/analyse.optim.biz\/?p=2108125"},"modified":"2026-08-20T13:04:45","modified_gmt":"2026-08-20T10:04:45","slug":"marian-godina-si-a-dat-demisia-din-politia-romana-dupa-20-de-ani-ce-planuri-are-vreau-asta-acum-nu-peste-zece-ani","status":"publish","type":"post","link":"https:\/\/analyse.optim.biz\/?p=2108125","title":{"rendered":"Marian Godin\u0103 \u0219i-a dat demisia din Poli\u021bia Rom\u00e2n\u0103 dup\u0103 20 de ani. Ce planuri are: \u201eVreau asta acum, nu peste zece ani\u201d"},"content":{"rendered":"<p>[analyse_image type=&#8221;featured&#8221; src=&#8221;https:\/\/img.svnews.ro\/foto\/2026\/08\/20\/554659\/fa5ca29a75c9b17ea95a79d4c.jpg&#8221;]<\/p>\n<div class=\"entry\"><img loading=\"lazy\" decoding=\"async\" width=\"650\" height=\"325\" src=\"https:\/\/img.svnews.ro\/foto\/2026\/08\/20\/554659\/fa5ca29a75c9b17ea95a79d4c06500325.jpg\" alt><\/p>\n<div class=\"entry_content\">\n<p>Marian Godin\u0103 a luat o decizie important\u0103 dup\u0103 aproape dou\u0103 decenii petrecute \u00een Poli\u021bia Rom\u00e2n\u0103. Cunoscut pentru pove\u0219tile sale din perioada \u00een care a lucrat ca poli\u021bist, dar \u0219i pentru c\u0103r\u021bile pe care le-a publicat, acesta a anun\u021bat c\u0103 \u0219i-a depus demisia, noteaz\u0103 click.ro.<\/p>\n<p>Godin\u0103 a m\u0103rturisit c\u0103 meseria de poli\u021bist i-a oferit experien\u021be care l-au format \u0219i care au ajuns, ulterior, s\u0103 \u00eei inspire pove\u0219tile \u0219i c\u0103r\u021bile. Dup\u0103 20 de ani \u00een uniform\u0103, \u00eens\u0103, priorit\u0103\u021bile sale s-au schimbat.<\/p>\n<p>\u00cen acest an se \u00eemplinesc dou\u0103 decenii de c\u00e2nd Marian Godin\u0103 a absolvit \u0218coala de Agen\u021bi de Poli\u021bie \u201eVasile Lasc\u0103r\u201d din C\u00e2mpina. De\u0219i mai avea aproximativ 14 ani p\u00e2n\u0103 la pensie, poli\u021bistul a decis s\u0103 \u00eencheie acest capitol al vie\u021bii sale.<\/p>\n<p>\u201eSe \u00eemplinesc anul \u0103sta dou\u0103zeci de ani de c\u00e2nd am absolvit \u0218coala de Agen\u021bi de Poli\u021bie \u00abVasile Lasc\u0103r\u00bb din C\u00e2mpina. P\u00e2n\u0103 la pensie mai am vreo 14 ani\u201d, \u0219i-a \u00eenceput fostul concurent \u201eSurvivor\u201d mesajul publicat pe Facebook, potrivit click.ro.<\/p>\n<p>\u00cen to\u021bi ace\u0219ti ani, Godin\u0103 spune c\u0103 a trecut prin numeroase situa\u021bii \u0219i c\u0103 profesia i-a oferit experien\u021be pe care cu greu le-ar fi putut tr\u0103i \u00een alt domeniu. Poli\u021bistul sus\u021bine c\u0103 meseria sa a contribuit inclusiv la omul \u0219i autorul care a devenit.<\/p>\n<p>Marian Godin\u0103 a explicat c\u0103, odat\u0103 cu trecerea anilor \u0219i apari\u021bia copiilor, nu a mai privit misiunile periculoase cu aceea\u0219i disponibilitate ca \u00een tinere\u021be. Timpul petrecut al\u0103turi de familie a \u00eenceput s\u0103 devin\u0103 tot mai important pentru el. Dac\u0103 \u00een primii ani de carier\u0103 se oferea voluntar s\u0103 lucreze chiar \u0219i de s\u0103rb\u0103tori, lucrurile s-au schimbat ulterior.<\/p>\n<p>Marian Godin\u0103 spune c\u0103 \u00ee\u0219i dore\u0219te s\u0103 se concentreze mai mult asupra scrisului \u0219i s\u0103 se implice \u00een proiecte noi. Un alt motiv important pentru decizia sa este dorin\u021ba de a fi mai prezent \u00een via\u021ba copiilor s\u0103i.<\/p>\n<p>\u201eEu \u0219tiu c\u0103 vreau s\u0103 scriu, \u0219tiu c\u0103 vreau s\u0103 construiesc lucruri, s\u0103 m\u0103 implic \u00een proiecte pe care le pot duce \u0219i care pot face mult bine \u00een jurul meu. \u0218i mai vreau s\u0103 fiu mult mai prezent acas\u0103, al\u0103turi de copiii mei. \u0218i vreau asta acum, nu peste zece ani\u201d, a mai scris acesta.<\/p>\n<p>Sursa foto: click.ro<\/p>\n<p>Cite\u0219te articolul complet pe: <a href=\"https:\/\/click.ro\/vedete\/vedete-romanesti\/marian-godina-si-a-dat-demisia-din-politia-romana-2551048.html\">https:\/\/click.ro\/vedete\/vedete-romanesti\/marian-godina-si-a-dat-demisia-din-politia-romana-2551048.html<\/a><\/p>\n<\/div>\n<div>\n<div>VN:F [1.9.22_1171]<\/div>\n<div class=\"ratingblock \">\n<div class=\"ratingstars \">\n<div id=\"article_loader_554659\" class=\"ratingloaderarticle\">\n<div class=\"loader arrows \">\n<div class=\"loaderinner\">se actualizeaz\u0103&#8230;<\/div>\n<\/div>\n<\/div>\n<\/div>\n<div class=\"ratingtext \">\n<div id=\"gdr_text_a554659\">Rating: 0.0\/<strong>10<\/strong> (0 votes cast)<\/div>\n<\/div>\n<\/div>\n<\/div>\n<\/div>\n<div class=\"entry_content\">\n<p>Marian Godin\u0103 a luat o decizie important\u0103 dup\u0103 aproape dou\u0103 decenii petrecute \u00een Poli\u021bia Rom\u00e2n\u0103. Cunoscut pentru pove\u0219tile sale din perioada \u00een care a lucrat ca poli\u021bist, dar \u0219i pentru c\u0103r\u021bile pe care le-a publicat, acesta a anun\u021bat c\u0103 \u0219i-a depus demisia, noteaz\u0103 click.ro.<\/p>\n<p>Godin\u0103 a m\u0103rturisit c\u0103 meseria de poli\u021bist i-a oferit experien\u021be care l-au format \u0219i care au ajuns, ulterior, s\u0103 \u00eei inspire pove\u0219tile \u0219i c\u0103r\u021bile. Dup\u0103 20 de ani \u00een uniform\u0103, \u00eens\u0103, priorit\u0103\u021bile sale s-au schimbat.<\/p>\n<p>\u00cen acest an se \u00eemplinesc dou\u0103 decenii de c\u00e2nd Marian Godin\u0103 a absolvit \u0218coala de Agen\u021bi de Poli\u021bie \u201eVasile Lasc\u0103r\u201d din C\u00e2mpina. De\u0219i mai avea aproximativ 14 ani p\u00e2n\u0103 la pensie, poli\u021bistul a decis s\u0103 \u00eencheie acest capitol al vie\u021bii sale.<\/p>\n<p>\u201eSe \u00eemplinesc anul \u0103sta dou\u0103zeci de ani de c\u00e2nd am absolvit \u0218coala de Agen\u021bi de Poli\u021bie \u00abVasile Lasc\u0103r\u00bb din C\u00e2mpina. P\u00e2n\u0103 la pensie mai am vreo 14 ani\u201d, \u0219i-a \u00eenceput fostul concurent \u201eSurvivor\u201d mesajul publicat pe Facebook, potrivit click.ro.<\/p>\n<p>\u00cen to\u021bi ace\u0219ti ani, Godin\u0103 spune c\u0103 a trecut prin numeroase situa\u021bii \u0219i c\u0103 profesia i-a oferit experien\u021be pe care cu greu le-ar fi putut tr\u0103i \u00een alt domeniu. Poli\u021bistul sus\u021bine c\u0103 meseria sa a contribuit inclusiv la omul \u0219i autorul care a devenit.<\/p>\n<p>Marian Godin\u0103 a explicat c\u0103, odat\u0103 cu trecerea anilor \u0219i apari\u021bia copiilor, nu a mai privit misiunile periculoase cu aceea\u0219i disponibilitate ca \u00een tinere\u021be. Timpul petrecut al\u0103turi de familie a \u00eenceput s\u0103 devin\u0103 tot mai important pentru el. Dac\u0103 \u00een primii ani de carier\u0103 se oferea voluntar s\u0103 lucreze chiar \u0219i de s\u0103rb\u0103tori, lucrurile s-au schimbat ulterior.<\/p>\n<p>Marian Godin\u0103 spune c\u0103 \u00ee\u0219i dore\u0219te s\u0103 se concentreze mai mult asupra scrisului \u0219i s\u0103 se implice \u00een proiecte noi. Un alt motiv important pentru decizia sa este dorin\u021ba de a fi mai prezent \u00een via\u021ba copiilor s\u0103i.<\/p>\n<p>\u201eEu \u0219tiu c\u0103 vreau s\u0103 scriu, \u0219tiu c\u0103 vreau s\u0103 construiesc lucruri, s\u0103 m\u0103 implic \u00een proiecte pe care le pot duce \u0219i care pot face mult bine \u00een jurul meu. \u0218i mai vreau s\u0103 fiu mult mai prezent acas\u0103, al\u0103turi de copiii mei. \u0218i vreau asta acum, nu peste zece ani\u201d, a mai scris acesta.<\/p>\n<p>Sursa foto: click.ro<\/p>\n<p>Cite\u0219te articolul complet pe: <a href=\"https:\/\/click.ro\/vedete\/vedete-romanesti\/marian-godina-si-a-dat-demisia-din-politia-romana-2551048.html\">https:\/\/click.ro\/vedete\/vedete-romanesti\/marian-godina-si-a-dat-demisia-din-politia-romana-2551048.html<\/a><\/p>\n<\/div>\n<p>[analyse_source url=&#8221;https:\/\/www.svnews.ro\/marian-godina-si-a-dat-demisia-din-politia-romana-dupa-20-de-ani-ce-planuri-are-vreau-asta-acum-nu-peste-zece-ani\/554659\/&#8221;]<\/p>\n","protected":false},"excerpt":{"rendered":"<p>[analyse_image type=&#8221;featured&#8221; src=&#8221;https:\/\/img.svnews.ro\/foto\/2026\/08\/20\/554659\/fa5ca29a75c9b17ea95a79d4c.jpg&#8221;] Marian Godin\u0103 a luat o decizie important\u0103 dup\u0103 aproape dou\u0103 decenii petrecute \u00een Poli\u021bia Rom\u00e2n\u0103. Cunoscut pentru pove\u0219tile sale din perioada \u00een care a lucrat ca poli\u021bist, dar \u0219i pentru c\u0103r\u021bile pe care le-a publicat, acesta a anun\u021bat c\u0103 \u0219i-a depus demisia, noteaz\u0103 click.ro. Godin\u0103 a m\u0103rturisit c\u0103 meseria de poli\u021bist i-a [&hellip;]<\/p>\n","protected":false},"author":1,"featured_media":0,"comment_status":"open","ping_status":"","sticky":false,"template":"","format":"standard","meta":{"footnotes":""},"categories":[89],"tags":[226,175],"class_list":["post-2108125","post","type-post","status-publish","format-standard","hentry","category-romania","tag-crawlmanager","tag-svnews-ro"],"_links":{"self":[{"href":"https:\/\/analyse.optim.biz\/index.php?rest_route=\/wp\/v2\/posts\/2108125","targetHints":{"allow":["GET"]}}],"collection":[{"href":"https:\/\/analyse.optim.biz\/index.php?rest_route=\/wp\/v2\/posts"}],"about":[{"href":"https:\/\/analyse.optim.biz\/index.php?rest_route=\/wp\/v2\/types\/post"}],"author":[{"embeddable":true,"href":"https:\/\/analyse.optim.biz\/index.php?rest_route=\/wp\/v2\/users\/1"}],"replies":[{"embeddable":true,"href":"https:\/\/analyse.optim.biz\/index.php?rest_route=%2Fwp%2Fv2%2Fcomments&post=2108125"}],"version-history":[{"count":0,"href":"https:\/\/analyse.optim.biz\/index.php?rest_route=\/wp\/v2\/posts\/2108125\/revisions"}],"wp:attachment":[{"href":"https:\/\/analyse.optim.biz\/index.php?rest_route=%2Fwp%2Fv2%2Fmedia&parent=2108125"}],"wp:term":[{"taxonomy":"category","embeddable":true,"href":"https:\/\/analyse.optim.biz\/index.php?rest_route=%2Fwp%2Fv2%2Fcategories&post=2108125"},{"taxonomy":"post_tag","embeddable":true,"href":"https:\/\/analyse.optim.biz\/index.php?rest_route=%2Fwp%2Fv2%2Ftags&post=2108125"}],"curies":[{"name":"wp","href":"https:\/\/api.w.org\/{rel}","templated":true}]}}