{"id":2108123,"date":"2026-08-20T12:57:45","date_gmt":"2026-08-20T09:57:45","guid":{"rendered":"https:\/\/analyse.optim.biz\/?p=2108123"},"modified":"2026-08-20T12:57:45","modified_gmt":"2026-08-20T09:57:45","slug":"cum-a-trait-diana-lupescu-in-comunism-actrita-marturisiri-despre-acea-perioada-lipsurile-ne-apropiau","status":"publish","type":"post","link":"https:\/\/analyse.optim.biz\/?p=2108123","title":{"rendered":"Cum a tr\u0103it Diana Lupescu \u00een comunism. Actri\u021ba, m\u0103rturisiri despre acea perioad\u0103: \u201eLipsurile ne apropiau\u201d"},"content":{"rendered":"<p>[analyse_image type=&#8221;featured&#8221; src=&#8221;https:\/\/img.svnews.ro\/foto\/2026\/08\/20\/554653\/c832fd05fed1a1ad255cdf437.jpg&#8221;]<\/p>\n<div class=\"entry\"><img loading=\"lazy\" decoding=\"async\" width=\"650\" height=\"325\" src=\"https:\/\/img.svnews.ro\/foto\/2026\/08\/20\/554653\/c832fd05fed1a1ad255cdf43706500325.jpg\" alt><\/p>\n<div class=\"entry_content\">\n<p>Diana Lupescu a rememorat una dintre cele mai importante perioade din cariera sa \u0219i a vorbit deschis despre anii \u00een care \u0219i-a construit drumul \u00een teatru \u0219i televiziune. Actri\u021ba a povestit cum era via\u021ba profesional\u0103 \u00een perioada comunist\u0103, ce \u00eensemna s\u0103 joci \u00een s\u0103li ne\u00eenc\u0103lzite \u0219i cum publicul reu\u0219ea s\u0103 g\u0103seasc\u0103 \u00een spectacole o form\u0103 de libertate.<\/p>\n<p>De\u0219i frumuse\u021bea sa a f\u0103cut-o s\u0103 fie distribuit\u0103 \u00een numeroase roluri de\u00a0prin\u021bes\u0103\u00a0sau de z\u00e2n\u0103, Diana Lupescu spune c\u0103 adev\u0103ratele sale probleme au fost legate mai degrab\u0103 de propriile nesiguran\u021be \u0219i de vulnerabilit\u0103\u021bile pe care le avea la \u00eenceputul carierei, noteaz\u0103 click.ro.<\/p>\n<p>Actri\u021ba nu consider\u0103 c\u0103 a fost o victim\u0103 a regimului comunist, de\u0219i recunoa\u0219te c\u0103 perioada respectiv\u0103 a venit cu numeroase limit\u0103ri. \u00cen ceea ce o prive\u0219te, spune c\u0103 cele mai mari obstacole au fost propriile sale \u00eendoieli.<\/p>\n<p>Diana Lupescu a vorbit \u0219i despre condi\u021biile dificile \u00een care arti\u0219tii \u00ee\u0219i desf\u0103\u0219urau activitatea \u00een perioada comunist\u0103. Temperaturile sc\u0103zute din s\u0103lile de teatru erau doar una dintre problemele cu care se confruntau oamenii \u00een acei ani. Actri\u021ba spune \u00eens\u0103 c\u0103 lipsurile aveau \u0219i un efect nea\u0219teptat: \u00eei f\u0103ceau pe oameni s\u0103 fie mai uni\u021bi.<\/p>\n<p>\u201eNu numai \u00een teatru era frig, era peste tot, \u0219i acas\u0103. Culmea e c\u0103 lipsurile ne apropiau, ne solidarizau. Exista SUBTEXTUL, adic\u0103 ceva ce nu puteam spune, dar \u00een\u021belegeam to\u021bi acela\u0219i lucru dintr-un gest, din cuvinte spuse \u00eentr-un anumit fel\u201d, a\u00a0 dezv\u0103luit actri\u021ba, potrivit sursei citate.<\/p>\n<p>\u00cen ciuda condi\u021biilor, teatrul continua s\u0103 atrag\u0103 un public numeros. Oamenii st\u0103teau ore \u00eentregi la cozi pentru a prinde bilete la spectacolele unor regizori importan\u021bi ai acelei perioade.<\/p>\n<p>Sursa foto: click.ro<\/p>\n<p>Cite\u0219te articolul complet pe: <a href=\"https:\/\/click.ro\/vedete\/vedete-romanesti\/cum-a-trait-diana-lupescu-in-comunism-actrita-2551006.html\">https:\/\/click.ro\/vedete\/vedete-romanesti\/cum-a-trait-diana-lupescu-in-comunism-actrita-2551006.html<\/a><\/p>\n<\/div>\n<div>\n<div>VN:F [1.9.22_1171]<\/div>\n<div class=\"ratingblock \">\n<div class=\"ratingstars \">\n<div id=\"article_loader_554653\" class=\"ratingloaderarticle\">\n<div class=\"loader arrows \">\n<div class=\"loaderinner\">se actualizeaz\u0103&#8230;<\/div>\n<\/div>\n<\/div>\n<\/div>\n<div class=\"ratingtext \">\n<div id=\"gdr_text_a554653\">Rating: 0.0\/<strong>10<\/strong> (0 votes cast)<\/div>\n<\/div>\n<\/div>\n<\/div>\n<\/div>\n<div class=\"entry_content\">\n<p>Diana Lupescu a rememorat una dintre cele mai importante perioade din cariera sa \u0219i a vorbit deschis despre anii \u00een care \u0219i-a construit drumul \u00een teatru \u0219i televiziune. Actri\u021ba a povestit cum era via\u021ba profesional\u0103 \u00een perioada comunist\u0103, ce \u00eensemna s\u0103 joci \u00een s\u0103li ne\u00eenc\u0103lzite \u0219i cum publicul reu\u0219ea s\u0103 g\u0103seasc\u0103 \u00een spectacole o form\u0103 de libertate.<\/p>\n<p>De\u0219i frumuse\u021bea sa a f\u0103cut-o s\u0103 fie distribuit\u0103 \u00een numeroase roluri de\u00a0prin\u021bes\u0103\u00a0sau de z\u00e2n\u0103, Diana Lupescu spune c\u0103 adev\u0103ratele sale probleme au fost legate mai degrab\u0103 de propriile nesiguran\u021be \u0219i de vulnerabilit\u0103\u021bile pe care le avea la \u00eenceputul carierei, noteaz\u0103 click.ro.<\/p>\n<p>Actri\u021ba nu consider\u0103 c\u0103 a fost o victim\u0103 a regimului comunist, de\u0219i recunoa\u0219te c\u0103 perioada respectiv\u0103 a venit cu numeroase limit\u0103ri. \u00cen ceea ce o prive\u0219te, spune c\u0103 cele mai mari obstacole au fost propriile sale \u00eendoieli.<\/p>\n<p>Diana Lupescu a vorbit \u0219i despre condi\u021biile dificile \u00een care arti\u0219tii \u00ee\u0219i desf\u0103\u0219urau activitatea \u00een perioada comunist\u0103. Temperaturile sc\u0103zute din s\u0103lile de teatru erau doar una dintre problemele cu care se confruntau oamenii \u00een acei ani. Actri\u021ba spune \u00eens\u0103 c\u0103 lipsurile aveau \u0219i un efect nea\u0219teptat: \u00eei f\u0103ceau pe oameni s\u0103 fie mai uni\u021bi.<\/p>\n<p>\u201eNu numai \u00een teatru era frig, era peste tot, \u0219i acas\u0103. Culmea e c\u0103 lipsurile ne apropiau, ne solidarizau. Exista SUBTEXTUL, adic\u0103 ceva ce nu puteam spune, dar \u00een\u021belegeam to\u021bi acela\u0219i lucru dintr-un gest, din cuvinte spuse \u00eentr-un anumit fel\u201d, a\u00a0 dezv\u0103luit actri\u021ba, potrivit sursei citate.<\/p>\n<p>\u00cen ciuda condi\u021biilor, teatrul continua s\u0103 atrag\u0103 un public numeros. Oamenii st\u0103teau ore \u00eentregi la cozi pentru a prinde bilete la spectacolele unor regizori importan\u021bi ai acelei perioade.<\/p>\n<p>Sursa foto: click.ro<\/p>\n<p>Cite\u0219te articolul complet pe: <a href=\"https:\/\/click.ro\/vedete\/vedete-romanesti\/cum-a-trait-diana-lupescu-in-comunism-actrita-2551006.html\">https:\/\/click.ro\/vedete\/vedete-romanesti\/cum-a-trait-diana-lupescu-in-comunism-actrita-2551006.html<\/a><\/p>\n<\/div>\n<p>[analyse_source url=&#8221;https:\/\/www.svnews.ro\/cum-a-trait-diana-lupescu-in-comunism-actrita-marturisiri-despre-acea-perioada-lipsurile-ne-apropiau\/554653\/&#8221;]<\/p>\n","protected":false},"excerpt":{"rendered":"<p>[analyse_image type=&#8221;featured&#8221; src=&#8221;https:\/\/img.svnews.ro\/foto\/2026\/08\/20\/554653\/c832fd05fed1a1ad255cdf437.jpg&#8221;] Diana Lupescu a rememorat una dintre cele mai importante perioade din cariera sa \u0219i a vorbit deschis despre anii \u00een care \u0219i-a construit drumul \u00een teatru \u0219i televiziune. Actri\u021ba a povestit cum era via\u021ba profesional\u0103 \u00een perioada comunist\u0103, ce \u00eensemna s\u0103 joci \u00een s\u0103li ne\u00eenc\u0103lzite \u0219i cum publicul reu\u0219ea s\u0103 g\u0103seasc\u0103 \u00een [&hellip;]<\/p>\n","protected":false},"author":1,"featured_media":0,"comment_status":"open","ping_status":"","sticky":false,"template":"","format":"standard","meta":{"footnotes":""},"categories":[89],"tags":[226,175],"class_list":["post-2108123","post","type-post","status-publish","format-standard","hentry","category-romania","tag-crawlmanager","tag-svnews-ro"],"_links":{"self":[{"href":"https:\/\/analyse.optim.biz\/index.php?rest_route=\/wp\/v2\/posts\/2108123","targetHints":{"allow":["GET"]}}],"collection":[{"href":"https:\/\/analyse.optim.biz\/index.php?rest_route=\/wp\/v2\/posts"}],"about":[{"href":"https:\/\/analyse.optim.biz\/index.php?rest_route=\/wp\/v2\/types\/post"}],"author":[{"embeddable":true,"href":"https:\/\/analyse.optim.biz\/index.php?rest_route=\/wp\/v2\/users\/1"}],"replies":[{"embeddable":true,"href":"https:\/\/analyse.optim.biz\/index.php?rest_route=%2Fwp%2Fv2%2Fcomments&post=2108123"}],"version-history":[{"count":0,"href":"https:\/\/analyse.optim.biz\/index.php?rest_route=\/wp\/v2\/posts\/2108123\/revisions"}],"wp:attachment":[{"href":"https:\/\/analyse.optim.biz\/index.php?rest_route=%2Fwp%2Fv2%2Fmedia&parent=2108123"}],"wp:term":[{"taxonomy":"category","embeddable":true,"href":"https:\/\/analyse.optim.biz\/index.php?rest_route=%2Fwp%2Fv2%2Fcategories&post=2108123"},{"taxonomy":"post_tag","embeddable":true,"href":"https:\/\/analyse.optim.biz\/index.php?rest_route=%2Fwp%2Fv2%2Ftags&post=2108123"}],"curies":[{"name":"wp","href":"https:\/\/api.w.org\/{rel}","templated":true}]}}