{"id":2108120,"date":"2026-08-20T12:56:50","date_gmt":"2026-08-20T09:56:50","guid":{"rendered":"https:\/\/analyse.optim.biz\/?p=2108120"},"modified":"2026-08-20T12:56:50","modified_gmt":"2026-08-20T09:56:50","slug":"de-ce-vrea-fratele-din-germania-al-lui-mihai-traistariu-sa-se-intoarca-in-tara-castiga-cam-15-000-de-euro-pe-luna","status":"publish","type":"post","link":"https:\/\/analyse.optim.biz\/?p=2108120","title":{"rendered":"De ce vrea fratele din Germania al lui Mihai Tr\u0103istariu s\u0103 se \u00eentoarc\u0103 \u00een \u021bar\u0103? \u201eC\u00e2\u0219tig\u0103 cam 15.000 de euro pe lun\u0103\u201d"},"content":{"rendered":"<p>[analyse_image type=&#8221;featured&#8221; src=&#8221;https:\/\/img.svnews.ro\/foto\/2026\/08\/20\/554651\/e758d9b3c365ed07018816545.jpg&#8221;]<\/p>\n<div class=\"entry\"><img loading=\"lazy\" decoding=\"async\" width=\"650\" height=\"325\" src=\"https:\/\/img.svnews.ro\/foto\/2026\/08\/20\/554651\/e758d9b3c365ed0701881654506500325.jpg\" alt><\/p>\n<div class=\"entry_content\">\n<p>Din ce \u00een ce mai mul\u021bi rom\u00e2ni p\u0103r\u0103sesc Germania, dup\u0103 ce mai nou se confrunt\u0103 cu taxe foarte mari impuse de autorit\u0103\u021bi. Unul dintre ace\u0219tia este Constantin, fratele lui Mihai Tr\u0103istariu, care vrea s\u0103 se \u00eentoarc\u0103 cu toat\u0103 familia \u00een \u021bar\u0103. Solistul \u00eens\u0103 este circumspect \u0219i \u0219i-a avertizat fratele c\u0103 nici \u00een \u021bar\u0103 nu umbl\u0103 c\u00e2ini cu covrigi \u00een coad\u0103.<\/p>\n<p>\u201eFrate-miu \u00eenainte spunea c\u0103 ar veni \u00een 5 ani \u00eenapoi, acum zice c\u0103 ar veni \u00eentr-un an. Nu mai are r\u0103bdare, vrea s\u0103 plece din Germania, nu mai merg treburile acolo.<\/p>\n<p>A zis c\u0103 sunt taxele prea mari! El c\u00e2\u0219tig\u0103 \u00een prezent cam 15.000 de euro pe lun\u0103, dar a zis c\u0103 la ce cheltuieli mari are acolo, c\u0103 el are o firm\u0103 de construc\u021bie cu gresie \u0219i f\u0103ian\u021b\u0103. \u00cen Germania, taxele sunt imense, vreo 60% sunt numai taxe, \u0219i apoi chiria mai este 2000 de euro, c\u0103 st\u0103 la o cas\u0103, c\u0103 ei au patru copii \u0219i e complicat. Nu le mai r\u0103m\u00e2ne niciun ban, nu poate s\u0103 fac\u0103 nimic, e mult mai greu dec\u00e2t acu 10 ani. \u0218i ar veni \u00een Rom\u00e2nia s\u0103 fac\u0103 acela\u0219i lucru, s\u0103-\u0219i deschid\u0103 \u0219i aici o firm\u0103 de construc\u021bie\u201d, a dezv\u0103luit Mihai Tr\u0103istariu, \u00een exclusivitate pentru Click!<\/p>\n<p>Sursa foto: click.ro<\/p>\n<p>Cite\u0219te articolul complet EXCLUSIV pe: <a href=\"https:\/\/click.ro\/vedete\/vedete-romanesti\/de-ce-vrea-fratele-din-germania-al-lui-mihai-2551046.html\">https:\/\/click.ro\/vedete\/vedete-romanesti\/de-ce-vrea-fratele-din-germania-al-lui-mihai-2551046.html<\/a><\/p>\n<\/div>\n<div>\n<div>VN:F [1.9.22_1171]<\/div>\n<div class=\"ratingblock \">\n<div class=\"ratingstars \">\n<div id=\"article_loader_554651\" class=\"ratingloaderarticle\">\n<div class=\"loader arrows \">\n<div class=\"loaderinner\">se actualizeaz\u0103&#8230;<\/div>\n<\/div>\n<\/div>\n<\/div>\n<div class=\"ratingtext \">\n<div id=\"gdr_text_a554651\">Rating: 0.0\/<strong>10<\/strong> (0 votes cast)<\/div>\n<\/div>\n<\/div>\n<\/div>\n<\/div>\n<div class=\"entry_content\">\n<p>Din ce \u00een ce mai mul\u021bi rom\u00e2ni p\u0103r\u0103sesc Germania, dup\u0103 ce mai nou se confrunt\u0103 cu taxe foarte mari impuse de autorit\u0103\u021bi. Unul dintre ace\u0219tia este Constantin, fratele lui Mihai Tr\u0103istariu, care vrea s\u0103 se \u00eentoarc\u0103 cu toat\u0103 familia \u00een \u021bar\u0103. Solistul \u00eens\u0103 este circumspect \u0219i \u0219i-a avertizat fratele c\u0103 nici \u00een \u021bar\u0103 nu umbl\u0103 c\u00e2ini cu covrigi \u00een coad\u0103.<\/p>\n<p>\u201eFrate-miu \u00eenainte spunea c\u0103 ar veni \u00een 5 ani \u00eenapoi, acum zice c\u0103 ar veni \u00eentr-un an. Nu mai are r\u0103bdare, vrea s\u0103 plece din Germania, nu mai merg treburile acolo.<\/p>\n<p>A zis c\u0103 sunt taxele prea mari! El c\u00e2\u0219tig\u0103 \u00een prezent cam 15.000 de euro pe lun\u0103, dar a zis c\u0103 la ce cheltuieli mari are acolo, c\u0103 el are o firm\u0103 de construc\u021bie cu gresie \u0219i f\u0103ian\u021b\u0103. \u00cen Germania, taxele sunt imense, vreo 60% sunt numai taxe, \u0219i apoi chiria mai este 2000 de euro, c\u0103 st\u0103 la o cas\u0103, c\u0103 ei au patru copii \u0219i e complicat. Nu le mai r\u0103m\u00e2ne niciun ban, nu poate s\u0103 fac\u0103 nimic, e mult mai greu dec\u00e2t acu 10 ani. \u0218i ar veni \u00een Rom\u00e2nia s\u0103 fac\u0103 acela\u0219i lucru, s\u0103-\u0219i deschid\u0103 \u0219i aici o firm\u0103 de construc\u021bie\u201d, a dezv\u0103luit Mihai Tr\u0103istariu, \u00een exclusivitate pentru Click!<\/p>\n<p>Sursa foto: click.ro<\/p>\n<p>Cite\u0219te articolul complet EXCLUSIV pe: <a href=\"https:\/\/click.ro\/vedete\/vedete-romanesti\/de-ce-vrea-fratele-din-germania-al-lui-mihai-2551046.html\">https:\/\/click.ro\/vedete\/vedete-romanesti\/de-ce-vrea-fratele-din-germania-al-lui-mihai-2551046.html<\/a><\/p>\n<\/div>\n<p>[analyse_source url=&#8221;https:\/\/www.svnews.ro\/de-ce-vrea-fratele-din-germania-al-lui-mihai-traistariu-sa-se-intoarca-in-tara-castiga-cam-15-000-de-euro-pe-luna\/554651\/&#8221;]<\/p>\n","protected":false},"excerpt":{"rendered":"<p>[analyse_image type=&#8221;featured&#8221; src=&#8221;https:\/\/img.svnews.ro\/foto\/2026\/08\/20\/554651\/e758d9b3c365ed07018816545.jpg&#8221;] Din ce \u00een ce mai mul\u021bi rom\u00e2ni p\u0103r\u0103sesc Germania, dup\u0103 ce mai nou se confrunt\u0103 cu taxe foarte mari impuse de autorit\u0103\u021bi. Unul dintre ace\u0219tia este Constantin, fratele lui Mihai Tr\u0103istariu, care vrea s\u0103 se \u00eentoarc\u0103 cu toat\u0103 familia \u00een \u021bar\u0103. Solistul \u00eens\u0103 este circumspect \u0219i \u0219i-a avertizat fratele c\u0103 nici \u00een [&hellip;]<\/p>\n","protected":false},"author":1,"featured_media":0,"comment_status":"open","ping_status":"","sticky":false,"template":"","format":"standard","meta":{"footnotes":""},"categories":[89],"tags":[226,175],"class_list":["post-2108120","post","type-post","status-publish","format-standard","hentry","category-romania","tag-crawlmanager","tag-svnews-ro"],"_links":{"self":[{"href":"https:\/\/analyse.optim.biz\/index.php?rest_route=\/wp\/v2\/posts\/2108120","targetHints":{"allow":["GET"]}}],"collection":[{"href":"https:\/\/analyse.optim.biz\/index.php?rest_route=\/wp\/v2\/posts"}],"about":[{"href":"https:\/\/analyse.optim.biz\/index.php?rest_route=\/wp\/v2\/types\/post"}],"author":[{"embeddable":true,"href":"https:\/\/analyse.optim.biz\/index.php?rest_route=\/wp\/v2\/users\/1"}],"replies":[{"embeddable":true,"href":"https:\/\/analyse.optim.biz\/index.php?rest_route=%2Fwp%2Fv2%2Fcomments&post=2108120"}],"version-history":[{"count":0,"href":"https:\/\/analyse.optim.biz\/index.php?rest_route=\/wp\/v2\/posts\/2108120\/revisions"}],"wp:attachment":[{"href":"https:\/\/analyse.optim.biz\/index.php?rest_route=%2Fwp%2Fv2%2Fmedia&parent=2108120"}],"wp:term":[{"taxonomy":"category","embeddable":true,"href":"https:\/\/analyse.optim.biz\/index.php?rest_route=%2Fwp%2Fv2%2Fcategories&post=2108120"},{"taxonomy":"post_tag","embeddable":true,"href":"https:\/\/analyse.optim.biz\/index.php?rest_route=%2Fwp%2Fv2%2Ftags&post=2108120"}],"curies":[{"name":"wp","href":"https:\/\/api.w.org\/{rel}","templated":true}]}}