{"id":2108105,"date":"2026-08-21T11:45:36","date_gmt":"2026-08-21T08:45:36","guid":{"rendered":"https:\/\/analyse.optim.biz\/?p=2108105"},"modified":"2026-08-21T11:45:36","modified_gmt":"2026-08-21T08:45:36","slug":"ben-affleck-este-de-nerecunoscut-dupa-divortul-de-jennifer-lopez-cum-a-fost-surprins-actorul","status":"publish","type":"post","link":"https:\/\/analyse.optim.biz\/?p=2108105","title":{"rendered":"Ben Affleck este de nerecunoscut dup\u0103 divor\u021bul de Jennifer Lopez. Cum a fost surprins actorul"},"content":{"rendered":"<p>[analyse_image type=&#8221;featured&#8221; src=&#8221;https:\/\/img.svnews.ro\/foto\/2026\/08\/21\/554844\/4db3ffc39caac6046725fe46f.jpg&#8221;]<\/p>\n<div class=\"entry\"><img loading=\"lazy\" decoding=\"async\" width=\"650\" height=\"325\" src=\"https:\/\/img.svnews.ro\/foto\/2026\/08\/21\/554844\/4db3ffc39caac6046725fe46f06500325.jpg\" alt><\/p>\n<div class=\"entry_content\">\n<p>Fotografiat recent pe str\u0103zile din Los Angeles al\u0103turi de fiica sa, Violet, Ben Affleck a atras privirile din cauza unei transform\u0103ri fizice accentuate. Cu haine largi \u0219i o siluet\u0103 mult mai sub\u021biat\u0103 dec\u00e2t \u00een perioada \u00een care \u00eel juca pe Batman, actorul de 53 de ani a declan\u0219at o serie de dezbateri, noteaz\u0103 click.ro.<\/p>\n<p>Prezen\u021ba fiicei sale, Violet \u2014 una dintre cele trei fete pe care Affleck le are din c\u0103snicia cu Jennifer Garner \u2014, a confirmat c\u0103 starul \u00eencearc\u0103 s\u0103 se dedice vie\u021bii de familie, chiar dac\u0103 aten\u021bia public\u0103 r\u0103m\u00e2ne fixat\u0103 pe transformarea sa fizic\u0103.<\/p>\n<p>Finalul pove\u0219tii de dragoste cu Jennifer Lopez, care a depus actele de divor\u021b \u00een vara anului 2024 dup\u0103 un mariaj de numai doi ani, a readus via\u021ba privat\u0103 a lui Affleck \u00een centrul aten\u021biei.<\/p>\n<p>\u00cen mediul online, mul\u021bi utilizatori au pus sc\u0103derea \u00een greutate pe seama tensiunilor \u0219i a presiunii mediatice care au \u00eenso\u021bit destr\u0103marea celebrului cuplu \u201eBennifer\u201d, potrivit click.ro.<\/p>\n<p>Sursa foto: click.ro<\/p>\n<p>Cite\u0219te articolul complet pe: https:\/\/click.ro\/vedete\/vedete-internationale\/ben-affleck-este-de-nerecunoscut-dupa-divortul-de-2551200.html<\/p>\n<\/div>\n<div>\n<div>VN:F [1.9.22_1171]<\/div>\n<div class=\"ratingblock \">\n<div class=\"ratingstars \">\n<div id=\"article_loader_554844\" class=\"ratingloaderarticle\">\n<div class=\"loader arrows \">\n<div class=\"loaderinner\">se actualizeaz\u0103&#8230;<\/div>\n<\/div>\n<\/div>\n<\/div>\n<div class=\"ratingtext \">\n<div id=\"gdr_text_a554844\">Rating: 0.0\/<strong>10<\/strong> (0 votes cast)<\/div>\n<\/div>\n<\/div>\n<\/div>\n<\/div>\n<div class=\"entry_content\">\n<p>Fotografiat recent pe str\u0103zile din Los Angeles al\u0103turi de fiica sa, Violet, Ben Affleck a atras privirile din cauza unei transform\u0103ri fizice accentuate. Cu haine largi \u0219i o siluet\u0103 mult mai sub\u021biat\u0103 dec\u00e2t \u00een perioada \u00een care \u00eel juca pe Batman, actorul de 53 de ani a declan\u0219at o serie de dezbateri, noteaz\u0103 click.ro.<\/p>\n<p>Prezen\u021ba fiicei sale, Violet \u2014 una dintre cele trei fete pe care Affleck le are din c\u0103snicia cu Jennifer Garner \u2014, a confirmat c\u0103 starul \u00eencearc\u0103 s\u0103 se dedice vie\u021bii de familie, chiar dac\u0103 aten\u021bia public\u0103 r\u0103m\u00e2ne fixat\u0103 pe transformarea sa fizic\u0103.<\/p>\n<p>Finalul pove\u0219tii de dragoste cu Jennifer Lopez, care a depus actele de divor\u021b \u00een vara anului 2024 dup\u0103 un mariaj de numai doi ani, a readus via\u021ba privat\u0103 a lui Affleck \u00een centrul aten\u021biei.<\/p>\n<p>\u00cen mediul online, mul\u021bi utilizatori au pus sc\u0103derea \u00een greutate pe seama tensiunilor \u0219i a presiunii mediatice care au \u00eenso\u021bit destr\u0103marea celebrului cuplu \u201eBennifer\u201d, potrivit click.ro.<\/p>\n<p>Sursa foto: click.ro<\/p>\n<p>Cite\u0219te articolul complet pe: https:\/\/click.ro\/vedete\/vedete-internationale\/ben-affleck-este-de-nerecunoscut-dupa-divortul-de-2551200.html<\/p>\n<\/div>\n<p>[analyse_source url=&#8221;https:\/\/www.svnews.ro\/ben-affleck-este-de-nerecunoscut-dupa-divortul-de-jennifer-lopez-cum-a-fost-surprins-actorul\/554844\/&#8221;]<\/p>\n","protected":false},"excerpt":{"rendered":"<p>[analyse_image type=&#8221;featured&#8221; src=&#8221;https:\/\/img.svnews.ro\/foto\/2026\/08\/21\/554844\/4db3ffc39caac6046725fe46f.jpg&#8221;] Fotografiat recent pe str\u0103zile din Los Angeles al\u0103turi de fiica sa, Violet, Ben Affleck a atras privirile din cauza unei transform\u0103ri fizice accentuate. Cu haine largi \u0219i o siluet\u0103 mult mai sub\u021biat\u0103 dec\u00e2t \u00een perioada \u00een care \u00eel juca pe Batman, actorul de 53 de ani a declan\u0219at o serie de dezbateri, [&hellip;]<\/p>\n","protected":false},"author":1,"featured_media":0,"comment_status":"open","ping_status":"","sticky":false,"template":"","format":"standard","meta":{"footnotes":""},"categories":[89],"tags":[226,175],"class_list":["post-2108105","post","type-post","status-publish","format-standard","hentry","category-romania","tag-crawlmanager","tag-svnews-ro"],"_links":{"self":[{"href":"https:\/\/analyse.optim.biz\/index.php?rest_route=\/wp\/v2\/posts\/2108105","targetHints":{"allow":["GET"]}}],"collection":[{"href":"https:\/\/analyse.optim.biz\/index.php?rest_route=\/wp\/v2\/posts"}],"about":[{"href":"https:\/\/analyse.optim.biz\/index.php?rest_route=\/wp\/v2\/types\/post"}],"author":[{"embeddable":true,"href":"https:\/\/analyse.optim.biz\/index.php?rest_route=\/wp\/v2\/users\/1"}],"replies":[{"embeddable":true,"href":"https:\/\/analyse.optim.biz\/index.php?rest_route=%2Fwp%2Fv2%2Fcomments&post=2108105"}],"version-history":[{"count":0,"href":"https:\/\/analyse.optim.biz\/index.php?rest_route=\/wp\/v2\/posts\/2108105\/revisions"}],"wp:attachment":[{"href":"https:\/\/analyse.optim.biz\/index.php?rest_route=%2Fwp%2Fv2%2Fmedia&parent=2108105"}],"wp:term":[{"taxonomy":"category","embeddable":true,"href":"https:\/\/analyse.optim.biz\/index.php?rest_route=%2Fwp%2Fv2%2Fcategories&post=2108105"},{"taxonomy":"post_tag","embeddable":true,"href":"https:\/\/analyse.optim.biz\/index.php?rest_route=%2Fwp%2Fv2%2Ftags&post=2108105"}],"curies":[{"name":"wp","href":"https:\/\/api.w.org\/{rel}","templated":true}]}}