{"id":2108071,"date":"2026-08-23T21:08:25","date_gmt":"2026-08-23T18:08:25","guid":{"rendered":"https:\/\/analyse.optim.biz\/?p=2108071"},"modified":"2026-08-23T21:08:25","modified_gmt":"2026-08-23T18:08:25","slug":"au-dat-la-pace-metalul-va-juca-pe-arena-vecina","status":"publish","type":"post","link":"https:\/\/analyse.optim.biz\/?p=2108071","title":{"rendered":"Au dat la pace. Metalul va juca pe arena vecin\u0103"},"content":{"rendered":"<p>[analyse_image type=&#8221;featured&#8221; src=&#8221;https:\/\/opiniabuzau.ro\/wp-content\/uploads\/2026\/08\/metalul-pe-gloria-scaled.webp&#8221;]<\/p>\n<div class=\"entry-content entry clearfix\">\n<blockquote>\n<p><strong>Dup\u0103 s\u0103pt\u0103m\u00e2ni bune \u00een care Stadionul Gloria a fost mai degrab\u0103 subiect de discu\u021bie dec\u00e2t o solu\u021bie cert\u0103 pentru Metalul Buz\u0103u, lucrurile par s\u0103 se fi l\u0103murit. Alb-alba\u0219trii au anun\u021bat c\u0103 arena din Cr\u00e2ng va deveni noua sa cas\u0103 pentru meciurile oficiale disputate pe teren propriu.<\/strong><\/p>\n<\/blockquote>\n<p>Anun\u021bul vine dup\u0103 o perioad\u0103 \u00een care reprezentan\u021bii Metalului, ai Prim\u0103riei Buz\u0103u \u0219i ai SCM Gloria Buz\u0103u au purtat discu\u021bii pentru g\u0103sirea unei formule care s\u0103 permit\u0103 clubului din Liga a II-a s\u0103 joace constant pe stadionul principal al ora\u0219ului.<\/p>\n<p>Subiectul nu este unul nou. Metalul a mai evoluat pe Gloria \u00een ultimul an, \u00een condi\u021biile \u00een care vechea echip\u0103 Gloria Buz\u0103u nu mai exist\u0103, iar arena a r\u0103mas f\u0103r\u0103 o forma\u021bie care s\u0103 o foloseasc\u0103 \u00een mod constant. Problema a fost \u00eens\u0103 una c\u00e2t se poate de concret\u0103: costurile.<\/p>\n<p>\u00cen urm\u0103 cu dou\u0103 luni, OPINIA relata c\u0103 Metalul se afla \u00een c\u0103utarea unei solu\u021bii pentru sezonul urm\u0103tor, iar una dintre principalele piedici era reprezentat\u0103 de tarifele percepute pentru utilizarea Stadionului Gloria, considerate prea ridicate \u00een raport cu posibilit\u0103\u021bile financiare ale clubului.<\/p>\n<p>Discu\u021bia era cu at\u00e2t mai important\u0103 cu c\u00e2t Metalul a evoluat \u00een ultima perioad\u0103 pe terenul sintetic, iar suprafa\u021ba de joc reprezint\u0103, potrivit antrenorului Valentin Stan, inclusiv un dezavantaj \u00een \u00eencercarea clubului de a atrage anumi\u021bi juc\u0103tori. \u00cen acela\u0219i timp, revenirea pe Gloria ar fi \u00eensemnat \u0219i un plus pentru spectatori \u0219i pentru imaginea fotbalului buzoian.<\/p>\n<div class=\"stream-item stream-item-in-post stream-item-inline-post aligncenter\"><a href=\"https:\/\/vreaulanova.ro\/?utm_source=opiniabuzau&amp;utm_medium=image\" title target=\"_blank\"><img loading=\"lazy\" decoding=\"async\" data-od-unknown-tag data-od-xpath=\"\/HTML\/BODY\/DIV[@class=&apos;background-overlay&apos;]\/*[1][self::DIV]\/*[1][self::DIV]\/*[4][self::DIV]\/*[1][self::DIV]\/*[1][self::DIV]\/*[2][self::ARTICLE]\/*[3][self::DIV]\/*[7][self::DIV]\/*[1][self::A]\/*[1][self::IMG]\" src=\"https:\/\/opiniabuzau.ro\/wp-content\/smush-webp\/2022\/02\/MicrosoftTeams-image-4-1.jpg.webp\" alt width=\"728\" height=\"91\" class=\"perfmatters-lazy\"><img loading=\"lazy\" decoding=\"async\" data-od-unknown-tag data-od-xpath=\"\/HTML\/BODY\/DIV[@class=&apos;background-overlay&apos;]\/*[1][self::DIV]\/*[1][self::DIV]\/*[4][self::DIV]\/*[1][self::DIV]\/*[1][self::DIV]\/*[2][self::ARTICLE]\/*[3][self::DIV]\/*[7][self::DIV]\/*[1][self::A]\/*[1][self::IMG]\" src=\"https:\/\/opiniabuzau.ro\/wp-content\/smush-webp\/2022\/02\/MicrosoftTeams-image-4-1.jpg.webp\" alt width=\"728\" height=\"91\"><\/a><\/div>\n<p>La momentul respectiv, solu\u021bia p\u0103rea s\u0103 fie undeva \u00eentre un contract pe termen lung, o reducere a costurilor sau o form\u0103 de colaborare institu\u021bional\u0103. Important era ca formula g\u0103sit\u0103 s\u0103 fie una suportabil\u0103 pentru Metalul, dar \u0219i acceptabil\u0103 pentru administratorii stadionului, care au, la r\u00e2ndul lor, cheltuieli de \u00eentre\u021binere \u0219i obliga\u021bii financiare. \u00centre timp, dup\u0103 negocierile purtate \u00een ultimele luni, s-a ajuns la un numitor comun.<\/p>\n<p>Nu \u0219tim, deocamdat\u0103, ce s-a schimbat concret la masa negocierilor \u0219i care este formula financiar\u0103 convenit\u0103 \u00eentre p\u0103r\u021bi. Ar fi, de altfel, interesant de aflat, mai ales \u00een condi\u021biile \u00een care problema costurilor p\u0103rea, p\u00e2n\u0103 nu demult, suficient de serioas\u0103 \u00eenc\u00e2t s\u0103 pun\u0103 sub semnul \u00eentreb\u0103rii prezen\u021ba Metalului pe Gloria.<\/p>\n<blockquote>\n<p><strong>Cert este c\u0103, \u00eencep\u00e2nd cu noul sezon, clubul anun\u021b\u0103 oficial c\u0103 \u00ee\u0219i mut\u0103 \u201ecentrul opera\u021bional\u201d pe arena emblem\u0103 a ora\u0219ului: <em><span>\u201eUn ora\u0219 puternic construie\u0219te prin colaborare, iar sportul buzoian are doar de c\u00e2\u0219tigat atunci c\u00e2nd comunitatea este pus\u0103 pe primul loc! Datorit\u0103 sprijinului oferit de Prim\u0103ria Municipiului Buz\u0103u \u0219i deschiderii ar\u0103tate de SCM Gloria Buz\u0103u, avem o veste extraordinar\u0103: Stadionul Gloria devine noua &lt;cas\u0103&gt; pentru Echipa Buzoienilor! Le mul\u021bumim pentru c\u0103 sunt al\u0103turi de noi \u00een acest proiect \u0219i ne bucur\u0103m c\u0103 au f\u0103cut posibil\u0103 o colaborare din care c\u00e2\u0219tig\u0103, \u00een primul r\u00e2nd, buzoienii. Prin aceast\u0103 \u00een\u021belegere, Metalul Buz\u0103u \u00ee\u0219i va muta centrul opera\u021bional pe arena emblem\u0103 a ora\u0219ului, locul unde ne vom desf\u0103\u0219ura meciurile oficiale de pe teren propriu. Stadionul Gloria este un simbol. \u00censeamn\u0103 amintiri, emo\u021bie \u0219i genera\u021bii \u00eentregi care au tr\u0103it fotbalul la intensitate maxim\u0103. S\u0103 juc\u0103m pe acest gazon ne d\u0103 o energie uria\u0219\u0103 \u0219i ne motiveaz\u0103 s\u0103 d\u0103m absolut totul pentru jude\u021b, ora\u0219 \u0219i pentru voi. Metalul este Echipa Buzoienilor, iar de acum ne vedem acas\u0103, pe Gloria! V\u0103 a\u0219tept\u0103m \u00een tribune s\u0103 facem atmosfer\u0103, s\u0103 strig\u0103m \u00eempreun\u0103 \u0219i s\u0103 ne bucur\u0103m de fotbal!\u201d<\/span>, <\/em>a transmis clubul buzoian<em>.<\/em><\/strong><\/p>\n<\/blockquote>\n<p>Dincolo de mesajul festiv al Metalului, r\u0103m\u00e2ne un fapt important pentru fotbalul local: principala echip\u0103 a ora\u0219ului din Liga a II-a va avea, \u00een sf\u00e2r\u0219it, posibilitatea de a-\u0219i disputa meciurile de acas\u0103 pe un teren cu gazon natural. Despre atmosfera din tribune, identitate \u0219i alte chestii care au darul de-a aduce microbistul la meciuri mai e de discutat.<\/p>\n<p>Iar faptul c\u0103 s-a ajuns la o \u00een\u021belegere dup\u0103 ce, \u00een urm\u0103 cu doar c\u00e2teva luni, costurile reprezentau un obstacol serios arat\u0103 c\u0103, atunci c\u00e2nd exist\u0103 voin\u021b\u0103 din partea tuturor celor implica\u021bi, se poate g\u0103si \u0219i o solu\u021bie.<\/p>\n<\/div>\n<p>[analyse_source url=&#8221;https:\/\/opiniabuzau.ro\/au-dat-la-pace-metalul-va-juca-pe-arena-vecina\/&#8221;]<\/p>\n","protected":false},"excerpt":{"rendered":"<p>[analyse_image type=&#8221;featured&#8221; src=&#8221;https:\/\/opiniabuzau.ro\/wp-content\/uploads\/2026\/08\/metalul-pe-gloria-scaled.webp&#8221;] Dup\u0103 s\u0103pt\u0103m\u00e2ni bune \u00een care Stadionul Gloria a fost mai degrab\u0103 subiect de discu\u021bie dec\u00e2t o solu\u021bie cert\u0103 pentru Metalul Buz\u0103u, lucrurile par s\u0103 se fi l\u0103murit. Alb-alba\u0219trii au anun\u021bat c\u0103 arena din Cr\u00e2ng va deveni noua sa cas\u0103 pentru meciurile oficiale disputate pe teren propriu. Anun\u021bul vine dup\u0103 o perioad\u0103 \u00een [&hellip;]<\/p>\n","protected":false},"author":1,"featured_media":0,"comment_status":"open","ping_status":"","sticky":false,"template":"","format":"standard","meta":{"footnotes":""},"categories":[2],"tags":[226,44],"class_list":["post-2108071","post","type-post","status-publish","format-standard","hentry","category-politics","tag-crawlmanager","tag-opiniabuzau-ro"],"_links":{"self":[{"href":"https:\/\/analyse.optim.biz\/index.php?rest_route=\/wp\/v2\/posts\/2108071","targetHints":{"allow":["GET"]}}],"collection":[{"href":"https:\/\/analyse.optim.biz\/index.php?rest_route=\/wp\/v2\/posts"}],"about":[{"href":"https:\/\/analyse.optim.biz\/index.php?rest_route=\/wp\/v2\/types\/post"}],"author":[{"embeddable":true,"href":"https:\/\/analyse.optim.biz\/index.php?rest_route=\/wp\/v2\/users\/1"}],"replies":[{"embeddable":true,"href":"https:\/\/analyse.optim.biz\/index.php?rest_route=%2Fwp%2Fv2%2Fcomments&post=2108071"}],"version-history":[{"count":0,"href":"https:\/\/analyse.optim.biz\/index.php?rest_route=\/wp\/v2\/posts\/2108071\/revisions"}],"wp:attachment":[{"href":"https:\/\/analyse.optim.biz\/index.php?rest_route=%2Fwp%2Fv2%2Fmedia&parent=2108071"}],"wp:term":[{"taxonomy":"category","embeddable":true,"href":"https:\/\/analyse.optim.biz\/index.php?rest_route=%2Fwp%2Fv2%2Fcategories&post=2108071"},{"taxonomy":"post_tag","embeddable":true,"href":"https:\/\/analyse.optim.biz\/index.php?rest_route=%2Fwp%2Fv2%2Ftags&post=2108071"}],"curies":[{"name":"wp","href":"https:\/\/api.w.org\/{rel}","templated":true}]}}