{"id":2108069,"date":"2026-08-23T21:07:57","date_gmt":"2026-08-23T18:07:57","guid":{"rendered":"https:\/\/analyse.optim.biz\/?p=2108069"},"modified":"2026-08-23T21:07:57","modified_gmt":"2026-08-23T18:07:57","slug":"cu-calm-despre-admiterea-la-liceu","status":"publish","type":"post","link":"https:\/\/analyse.optim.biz\/?p=2108069","title":{"rendered":"Cu calm despre admiterea la liceu"},"content":{"rendered":"<p>[analyse_image type=&#8221;featured&#8221; src=&#8221;https:\/\/opiniabuzau.ro\/wp-content\/uploads\/2026\/06\/oana-matache-foarte-nou.webp&#8221;]<\/p>\n<div class=\"entry-content entry clearfix\">\n<p><strong>Oana MATACHE<\/strong><\/p>\n<blockquote>\n<p><strong>S\u0103 vorbim cu calm despre ce se \u00eent\u00e2mpl\u0103, de fapt, cu admiterea la liceu din 2027, pentru c\u0103 am v\u0103zut multe informa\u021bii amestecate. Dar, mai ales, am discutat cu p\u0103rin\u021bi \u00eengrijora\u021bi.<\/strong><\/p>\n<\/blockquote>\n<p>Vor da copiii no\u0219tri admitere la liceu, la dou\u0103-trei s\u0103pt\u0103m\u00e2ni dup\u0103 evaluarea na\u021bional\u0103?<\/p>\n<p>V\u0103 explic punctual. Mie \u00eemi place adev\u0103rul, aceast\u0103 prevedere nu este nou\u0103. Oric\u00e2t de mult dezaprob m\u0103surile guvernului Bolojan, m\u0103sura aceasta exist\u0103 \u00een Legea \u00eenv\u0103\u021b\u0103m\u00e2ntului preuniversitar \u00eenc\u0103 din 2023 \u0219i vizeaz\u0103 genera\u021bia care era \u00een clasa a V-a \u00een 2023-2024 (Legea Deca-Iohanis)<\/p>\n<p>Argumentul de \u201eo a doua \u0219ans\u0103 pentru elevul bun la real care are o zi proast\u0103 la Evaluare\u201d este cam singurul pro. \u00cen rest, criticile sunt consistente: stres suplimentar pentru elevi de 14-15 ani, \u00eencurajarea medita\u021biilor \u0219i avantajarea familiilor care \u00ee\u0219i permit preg\u0103tire privat\u0103, plus risc de corup\u021bie, mai ales c\u0103 probele organizate de licee nu sunt supravegheate audio-video. Eu le repro\u0219ez \u0219i lipsa unei evalu\u0103ri de impact \u0219i faptul c\u0103 ministerul nu a analizat datele pe care deja le are din probele de aptitudini \u0219i de limb\u0103 de la admiterile din 2025 \u0219i 2026.<\/p>\n<div class=\"stream-item stream-item-in-post stream-item-inline-post aligncenter\"><a href=\"https:\/\/vreaulanova.ro\/?utm_source=opiniabuzau&amp;utm_medium=image\" title target=\"_blank\"><img loading=\"lazy\" decoding=\"async\" data-od-unknown-tag data-od-xpath=\"\/HTML\/BODY\/DIV[@class=&apos;background-overlay&apos;]\/*[1][self::DIV]\/*[1][self::DIV]\/*[4][self::DIV]\/*[1][self::DIV]\/*[1][self::DIV]\/*[2][self::ARTICLE]\/*[3][self::DIV]\/*[7][self::DIV]\/*[1][self::A]\/*[1][self::IMG]\" src=\"https:\/\/opiniabuzau.ro\/wp-content\/smush-webp\/2022\/02\/MicrosoftTeams-image-4-1.jpg.webp\" alt width=\"728\" height=\"91\" class=\"perfmatters-lazy\"><img loading=\"lazy\" decoding=\"async\" data-od-unknown-tag data-od-xpath=\"\/HTML\/BODY\/DIV[@class=&apos;background-overlay&apos;]\/*[1][self::DIV]\/*[1][self::DIV]\/*[4][self::DIV]\/*[1][self::DIV]\/*[1][self::DIV]\/*[2][self::ARTICLE]\/*[3][self::DIV]\/*[7][self::DIV]\/*[1][self::A]\/*[1][self::IMG]\" src=\"https:\/\/opiniabuzau.ro\/wp-content\/smush-webp\/2022\/02\/MicrosoftTeams-image-4-1.jpg.webp\" alt width=\"728\" height=\"91\"><\/a><\/div>\n<p>\u00cen Uniunea European\u0103, examenul de admitere la liceu mai exist\u0103 doar \u00een patru state, toate din Est: Ungaria, Cehia, Slovacia \u0219i Letonia.<\/p>\n<p>\u00centre timp, \u00een Parlament a ap\u0103rut deja ini\u021biativa de am\u00e2nare a acestei decizii a grupului PSD depus\u0103 de colegul meu Mihai Alexandru Ghigiu, pre\u0219edintele Comisiei pentru \u00cenv\u0103\u021b\u0103m\u00e2nt.<\/p>\n<p>Nu sus\u021binem alte m\u0103suri luate \u201edup\u0103 ureche\u201d \u00een educa\u021bie, \u00een detrimentul \u0219anselor egale la educa\u021bie ale copiilor rom\u00e2ni!<\/p>\n<\/div>\n<p>[analyse_source url=&#8221;https:\/\/opiniabuzau.ro\/cu-calm-despre-admiterea-la-liceu\/&#8221;]<\/p>\n","protected":false},"excerpt":{"rendered":"<p>[analyse_image type=&#8221;featured&#8221; src=&#8221;https:\/\/opiniabuzau.ro\/wp-content\/uploads\/2026\/06\/oana-matache-foarte-nou.webp&#8221;] Oana MATACHE S\u0103 vorbim cu calm despre ce se \u00eent\u00e2mpl\u0103, de fapt, cu admiterea la liceu din 2027, pentru c\u0103 am v\u0103zut multe informa\u021bii amestecate. Dar, mai ales, am discutat cu p\u0103rin\u021bi \u00eengrijora\u021bi. Vor da copiii no\u0219tri admitere la liceu, la dou\u0103-trei s\u0103pt\u0103m\u00e2ni dup\u0103 evaluarea na\u021bional\u0103? V\u0103 explic punctual. Mie \u00eemi place [&hellip;]<\/p>\n","protected":false},"author":1,"featured_media":0,"comment_status":"open","ping_status":"","sticky":false,"template":"","format":"standard","meta":{"footnotes":""},"categories":[2],"tags":[226,44],"class_list":["post-2108069","post","type-post","status-publish","format-standard","hentry","category-politics","tag-crawlmanager","tag-opiniabuzau-ro"],"_links":{"self":[{"href":"https:\/\/analyse.optim.biz\/index.php?rest_route=\/wp\/v2\/posts\/2108069","targetHints":{"allow":["GET"]}}],"collection":[{"href":"https:\/\/analyse.optim.biz\/index.php?rest_route=\/wp\/v2\/posts"}],"about":[{"href":"https:\/\/analyse.optim.biz\/index.php?rest_route=\/wp\/v2\/types\/post"}],"author":[{"embeddable":true,"href":"https:\/\/analyse.optim.biz\/index.php?rest_route=\/wp\/v2\/users\/1"}],"replies":[{"embeddable":true,"href":"https:\/\/analyse.optim.biz\/index.php?rest_route=%2Fwp%2Fv2%2Fcomments&post=2108069"}],"version-history":[{"count":0,"href":"https:\/\/analyse.optim.biz\/index.php?rest_route=\/wp\/v2\/posts\/2108069\/revisions"}],"wp:attachment":[{"href":"https:\/\/analyse.optim.biz\/index.php?rest_route=%2Fwp%2Fv2%2Fmedia&parent=2108069"}],"wp:term":[{"taxonomy":"category","embeddable":true,"href":"https:\/\/analyse.optim.biz\/index.php?rest_route=%2Fwp%2Fv2%2Fcategories&post=2108069"},{"taxonomy":"post_tag","embeddable":true,"href":"https:\/\/analyse.optim.biz\/index.php?rest_route=%2Fwp%2Fv2%2Ftags&post=2108069"}],"curies":[{"name":"wp","href":"https:\/\/api.w.org\/{rel}","templated":true}]}}