{"id":2108065,"date":"2026-08-23T21:05:55","date_gmt":"2026-08-23T18:05:55","guid":{"rendered":"https:\/\/analyse.optim.biz\/?p=2108065"},"modified":"2026-08-23T21:05:55","modified_gmt":"2026-08-23T18:05:55","slug":"casa-pe-roti-pentru-hc-lupul-va-calatori-cu-echipa-pe-toate-drumurile-sezonului","status":"publish","type":"post","link":"https:\/\/analyse.optim.biz\/?p=2108065","title":{"rendered":"Casa pe ro\u021bi pentru HC. \u201eLupul\u201d va c\u0103l\u0103tori cu echipa pe toate drumurile sezonului"},"content":{"rendered":"<p>[analyse_image type=&#8221;featured&#8221; src=&#8221;https:\/\/opiniabuzau.ro\/wp-content\/uploads\/2026\/08\/hc.1-scaled.webp&#8221;]<\/p>\n<div class=\"entry-content entry clearfix\">\n<blockquote>\n<p><strong>HC Buz\u0103u are, de acum, \u0219i o cas\u0103 pe ro\u021bi. Nu este vorba despre un autocar nou cump\u0103rat de club, ci despre vehiculul cu care handbali\u0219tii buzoieni mergeau deja \u00een deplas\u0103ri, \u00eenchiriat de la o firm\u0103 de transport. <\/strong><\/p>\n<\/blockquote>\n<p><img loading=\"lazy\" decoding=\"async\" data-od-unknown-tag data-od-xpath=\"\/HTML\/BODY\/DIV[@class=&apos;background-overlay&apos;]\/*[1][self::DIV]\/*[1][self::DIV]\/*[4][self::DIV]\/*[1][self::DIV]\/*[1][self::DIV]\/*[2][self::ARTICLE]\/*[3][self::DIV]\/*[3][self::P]\/*[1][self::IMG]\" class=\"alignleft wp-image-478068 size-medium perfmatters-lazy\" src=\"https:\/\/opiniabuzau.ro\/wp-content\/uploads\/2026\/08\/hc.2-390x220.webp\" alt width=\"390\" height=\"220\"><\/p>\n<p><img loading=\"lazy\" decoding=\"async\" data-od-unknown-tag data-od-xpath=\"\/HTML\/BODY\/DIV[@class=&apos;background-overlay&apos;]\/*[1][self::DIV]\/*[1][self::DIV]\/*[4][self::DIV]\/*[1][self::DIV]\/*[1][self::DIV]\/*[2][self::ARTICLE]\/*[3][self::DIV]\/*[3][self::P]\/*[1][self::IMG]\" class=\"alignleft wp-image-478068 size-medium\" src=\"https:\/\/opiniabuzau.ro\/wp-content\/uploads\/2026\/08\/hc.2-390x220.webp\" alt width=\"390\" height=\"220\">Noutatea este alta: autocarul a primit, cu acordul conducerii societ\u0103\u021bii, o nou\u0103 identitate vizual\u0103, fiind colantat \u00een jurul imaginii HC Buz\u0103u \u0219i a simbolului echipei, lupul. Conducerea firmei de transport care de\u021bine autocarul \u0219i-a dat acordul pentru personalizarea acestuia, astfel \u00eenc\u00e2t vehiculul s\u0103 poat\u0103 deveni, practic, o carte de vizit\u0103 mobil\u0103 a forma\u021biei buzoiene. Iar prima deplasare \u00een noua hain\u0103 nu a fost una oarecare.<\/p>\n<p><img loading=\"lazy\" decoding=\"async\" data-od-unknown-tag data-od-xpath=\"\/HTML\/BODY\/DIV[@class=&apos;background-overlay&apos;]\/*[1][self::DIV]\/*[1][self::DIV]\/*[4][self::DIV]\/*[1][self::DIV]\/*[1][self::DIV]\/*[2][self::ARTICLE]\/*[3][self::DIV]\/*[4][self::P]\/*[1][self::IMG]\" class=\"alignright wp-image-478069 size-medium perfmatters-lazy\" src=\"https:\/\/opiniabuzau.ro\/wp-content\/uploads\/2026\/08\/hc.3-330x220.webp\" alt width=\"330\" height=\"220\"><\/p>\n<p><img loading=\"lazy\" decoding=\"async\" data-od-unknown-tag data-od-xpath=\"\/HTML\/BODY\/DIV[@class=&apos;background-overlay&apos;]\/*[1][self::DIV]\/*[1][self::DIV]\/*[4][self::DIV]\/*[1][self::DIV]\/*[1][self::DIV]\/*[2][self::ARTICLE]\/*[3][self::DIV]\/*[4][self::P]\/*[1][self::IMG]\" class=\"alignright wp-image-478069 size-medium\" src=\"https:\/\/opiniabuzau.ro\/wp-content\/uploads\/2026\/08\/hc.3-330x220.webp\" alt width=\"330\" height=\"220\">Autocarul colantat cu \u00eensemnele HC Buz\u0103u a plecat chiar joi spre Bistri\u021ba, acolo unde forma\u021bia buzoian\u0103 a fost prezent\u0103 pentru meciul din Supercupa Rom\u00e2niei. Astfel, noua imagine a echipei a debutat pe \u0219osea odat\u0103 cu primul drum important al sezonului.<\/p>\n<p>Pentru un club care \u0219i-a consolidat \u00een ultimii ani prezen\u021ba \u00een handbalul rom\u00e2nesc \u0219i a ajuns s\u0103 joace inclusiv \u00een cupele europene, apari\u021bia unui astfel de autocar este mai mult dec\u00e2t un detaliu estetic. La fiecare deplasare, HC Buz\u0103u va avea practic un element vizual care va atrage aten\u021bia asupra echipei, indiferent de ora\u0219ul \u00een care ajunge.<\/p>\n<div class=\"stream-item stream-item-in-post stream-item-inline-post aligncenter\"><a href=\"https:\/\/vreaulanova.ro\/?utm_source=opiniabuzau&amp;utm_medium=image\" title target=\"_blank\"><img loading=\"lazy\" decoding=\"async\" data-od-unknown-tag data-od-xpath=\"\/HTML\/BODY\/DIV[@class=&apos;background-overlay&apos;]\/*[1][self::DIV]\/*[1][self::DIV]\/*[4][self::DIV]\/*[1][self::DIV]\/*[1][self::DIV]\/*[2][self::ARTICLE]\/*[3][self::DIV]\/*[6][self::DIV]\/*[1][self::A]\/*[1][self::IMG]\" src=\"https:\/\/opiniabuzau.ro\/wp-content\/smush-webp\/2022\/02\/MicrosoftTeams-image-4-1.jpg.webp\" alt width=\"728\" height=\"91\" class=\"perfmatters-lazy\"><img loading=\"lazy\" decoding=\"async\" data-od-unknown-tag data-od-xpath=\"\/HTML\/BODY\/DIV[@class=&apos;background-overlay&apos;]\/*[1][self::DIV]\/*[1][self::DIV]\/*[4][self::DIV]\/*[1][self::DIV]\/*[1][self::DIV]\/*[2][self::ARTICLE]\/*[3][self::DIV]\/*[6][self::DIV]\/*[1][self::A]\/*[1][self::IMG]\" src=\"https:\/\/opiniabuzau.ro\/wp-content\/smush-webp\/2022\/02\/MicrosoftTeams-image-4-1.jpg.webp\" alt width=\"728\" height=\"91\"><\/a><\/div>\n<\/div>\n<p>[analyse_source url=&#8221;https:\/\/opiniabuzau.ro\/casa-pe-roti-pentru-hc-lupul-va-calatori-cu-echipa-pe-toate-drumurile-sezonului\/&#8221;]<\/p>\n","protected":false},"excerpt":{"rendered":"<p>[analyse_image type=&#8221;featured&#8221; src=&#8221;https:\/\/opiniabuzau.ro\/wp-content\/uploads\/2026\/08\/hc.1-scaled.webp&#8221;] HC Buz\u0103u are, de acum, \u0219i o cas\u0103 pe ro\u021bi. Nu este vorba despre un autocar nou cump\u0103rat de club, ci despre vehiculul cu care handbali\u0219tii buzoieni mergeau deja \u00een deplas\u0103ri, \u00eenchiriat de la o firm\u0103 de transport. Noutatea este alta: autocarul a primit, cu acordul conducerii societ\u0103\u021bii, o nou\u0103 identitate vizual\u0103, [&hellip;]<\/p>\n","protected":false},"author":1,"featured_media":0,"comment_status":"open","ping_status":"","sticky":false,"template":"","format":"standard","meta":{"footnotes":""},"categories":[2],"tags":[226,44],"class_list":["post-2108065","post","type-post","status-publish","format-standard","hentry","category-politics","tag-crawlmanager","tag-opiniabuzau-ro"],"_links":{"self":[{"href":"https:\/\/analyse.optim.biz\/index.php?rest_route=\/wp\/v2\/posts\/2108065","targetHints":{"allow":["GET"]}}],"collection":[{"href":"https:\/\/analyse.optim.biz\/index.php?rest_route=\/wp\/v2\/posts"}],"about":[{"href":"https:\/\/analyse.optim.biz\/index.php?rest_route=\/wp\/v2\/types\/post"}],"author":[{"embeddable":true,"href":"https:\/\/analyse.optim.biz\/index.php?rest_route=\/wp\/v2\/users\/1"}],"replies":[{"embeddable":true,"href":"https:\/\/analyse.optim.biz\/index.php?rest_route=%2Fwp%2Fv2%2Fcomments&post=2108065"}],"version-history":[{"count":0,"href":"https:\/\/analyse.optim.biz\/index.php?rest_route=\/wp\/v2\/posts\/2108065\/revisions"}],"wp:attachment":[{"href":"https:\/\/analyse.optim.biz\/index.php?rest_route=%2Fwp%2Fv2%2Fmedia&parent=2108065"}],"wp:term":[{"taxonomy":"category","embeddable":true,"href":"https:\/\/analyse.optim.biz\/index.php?rest_route=%2Fwp%2Fv2%2Fcategories&post=2108065"},{"taxonomy":"post_tag","embeddable":true,"href":"https:\/\/analyse.optim.biz\/index.php?rest_route=%2Fwp%2Fv2%2Ftags&post=2108065"}],"curies":[{"name":"wp","href":"https:\/\/api.w.org\/{rel}","templated":true}]}}