{"id":2108061,"date":"2026-08-23T21:02:47","date_gmt":"2026-08-23T18:02:47","guid":{"rendered":"https:\/\/analyse.optim.biz\/?p=2108061"},"modified":"2026-08-23T21:02:47","modified_gmt":"2026-08-23T18:02:47","slug":"foto-povestea-bucatarului-paul-colbianu-buzoianul-din-spatele-proiectului-vaya","status":"publish","type":"post","link":"https:\/\/analyse.optim.biz\/?p=2108061","title":{"rendered":"FOTO \/ Povestea buc\u0103tarului Paul Colbianu, buzoianul din spatele proiectului Vaya"},"content":{"rendered":"<p>[analyse_image type=&#8221;featured&#8221; src=&#8221;https:\/\/opiniabuzau.ro\/wp-content\/uploads\/2026\/08\/paul-colbianu-1-scaled.webp&#8221;]<\/p>\n<div class=\"entry-content entry clearfix\">\n<blockquote>\n<p><strong>O pasiune \u00eenceput\u0103 la 17 ani, ani de munc\u0103 \u00een buc\u0103t\u0103rii din str\u0103in\u0103tate, experien\u021b\u0103 acumulat\u0103 \u00een restaurante din Corsica \u0219i, mai nou, un proiect construit \u00een jurul unei idei simple: copiii merit\u0103 mese gustoase, dar \u0219i s\u0103n\u0103toase. Este povestea buc\u0103tarului Paul Colbianu, cel care se afl\u0103 \u00een spatele proiectului culinar de la Vaya \u0219i al brandului Anin Catering.<\/strong><\/p>\n<\/blockquote>\n<p>Drumul s\u0103u a \u00eenceput \u00een urm\u0103 cu aproximativ 17 ani, c\u00e2nd buc\u0103t\u0103ria nu era \u00eenc\u0103 o afacere, ci doar un prim loc de munc\u0103 \u0219i o provocare. La 17 ani, primul contact al lui Paul cu domeniul gastronomic a fost \u00eentr-un fast-food din Anglia. Un an mai t\u00e2rziu, drumul profesional a continuat \u00een Fran\u021ba, unde a \u00eenceput de jos, de la sp\u0103lat vase.<\/p>\n<p>Au urmat ani \u00een care fiecare etap\u0103 a fost, de fapt, o lec\u021bie. A \u00eenv\u0103\u021bat treptat meserie, disciplin\u0103, organizare \u0219i, mai ales, ce \u00eenseamn\u0103 s\u0103 lucrezi \u00eentr-o buc\u0103t\u0103rie profesionist\u0103. P\u00e2n\u0103 la 23 de ani ajunsese head-chef \u00een dou\u0103 restaurante importante din Corsica, o experien\u021b\u0103 care avea s\u0103 \u00eei defineasc\u0103 parcursul profesional.<\/p>\n<p>\u00cen 2019 s-a \u00eentors \u00een Rom\u00e2nia \u0219i a lucrat ca buc\u0103tar-\u0219ef \u00eentr-un restaurant specializat \u00een evenimente din Buz\u0103u. Dup\u0103 pandemie, \u00eens\u0103, a ap\u0103rut ideea care avea s\u0103 schimbe direc\u021bia profesional\u0103: pasiunea pentru gastronomie putea deveni propria afacere. Au urmat doi-trei ani de teste, \u00eencerc\u0103ri \u0219i planuri, p\u00e2n\u0103 c\u00e2nd, \u00een 2023, a prins contur Anin Catering, o afacere construit\u0103 pe experien\u021ba acumulat\u0103 \u00een cei 17 ani de buc\u0103t\u0103rie. Compania, \u00eenfiin\u021bat\u0103 oficial la 28 februarie 2023, are \u0219i o poveste de familie \u00een spate, fiind construit\u0103 pe o firm\u0103 preluat\u0103 din familie, \u00eenfiin\u021bat\u0103 \u00eenc\u0103 din 1993.<\/p>\n<h3><strong>Dincolo de buc\u0103t\u0103rie, o pasiune care continu\u0103 \u0219i acas\u0103<\/strong><\/h3>\n<p>Pentru un buc\u0103tar care g\u0103te\u0219te \u00een fiecare zi de aproape dou\u0103 decenii, buc\u0103t\u0103ria nu se termin\u0103 atunci c\u00e2nd se \u00eencheie programul. Din contr\u0103. \u00cen timpul liber, Paul ne-a spus c\u0103 g\u0103te\u0219te pentru familie \u0219i pentru prieteni, \u00eencerc\u00e2nd s\u0103 preg\u0103teasc\u0103 fiec\u0103ruia exact ceea ce \u00ee\u0219i dore\u0219te. Iar cei mai ner\u0103bd\u0103tori sunt, bine\u00een\u021beles, copiii, care a\u0219teapt\u0103 momentele \u00een care au timp s\u0103 se bucure de preparatele lor preferate.<\/p>\n<div class=\"stream-item stream-item-in-post stream-item-inline-post aligncenter\"><a href=\"https:\/\/vreaulanova.ro\/?utm_source=opiniabuzau&amp;utm_medium=image\" title target=\"_blank\"><img loading=\"lazy\" decoding=\"async\" data-od-unknown-tag data-od-xpath=\"\/HTML\/BODY\/DIV[@class=&apos;background-overlay&apos;]\/*[1][self::DIV]\/*[1][self::DIV]\/*[4][self::DIV]\/*[1][self::DIV]\/*[1][self::DIV]\/*[2][self::ARTICLE]\/*[3][self::DIV]\/*[8][self::DIV]\/*[1][self::A]\/*[1][self::IMG]\" src=\"https:\/\/opiniabuzau.ro\/wp-content\/smush-webp\/2022\/02\/MicrosoftTeams-image-4-1.jpg.webp\" alt width=\"728\" height=\"91\" class=\"perfmatters-lazy\"><img loading=\"lazy\" decoding=\"async\" data-od-unknown-tag data-od-xpath=\"\/HTML\/BODY\/DIV[@class=&apos;background-overlay&apos;]\/*[1][self::DIV]\/*[1][self::DIV]\/*[4][self::DIV]\/*[1][self::DIV]\/*[1][self::DIV]\/*[2][self::ARTICLE]\/*[3][self::DIV]\/*[8][self::DIV]\/*[1][self::A]\/*[1][self::IMG]\" src=\"https:\/\/opiniabuzau.ro\/wp-content\/smush-webp\/2022\/02\/MicrosoftTeams-image-4-1.jpg.webp\" alt width=\"728\" height=\"91\"><\/a><\/div>\n<p>Dac\u0103 ar fi s\u0103 aleag\u0103 un singur preparat preferat, alegerea este una sofisticat\u0103 \u0219i simpl\u0103 \u00een acela\u0219i timp: tartarul de vit\u0103.<\/p>\n<h3><strong>Un parteneriat care a venit firesc<\/strong><\/h3>\n<p>Experien\u021ba acumulat\u0103 \u00een buc\u0103t\u0103rie \u0219i viziunea asupra gastronomiei au f\u0103cut ca apropierea de proiectul Vaya s\u0103 vin\u0103 firesc. Valorile \u0219i ideile comune au transformat colaborarea \u00eentr-un parteneriat de succes, \u00een care experien\u021ba culinar\u0103 este completat\u0103 de dorin\u021ba de a crea preparate care s\u0103 ofere oamenilor mai mult dec\u00e2t o simpl\u0103 mas\u0103.<\/p>\n<p>Dar, \u00een paralel cu evenimentele \u0219i proiectele gastronomice, Anin Catering \u00ee\u0219i concentreaz\u0103 tot mai mult aten\u021bia asupra unui domeniu considerat esen\u021bial: alimenta\u021bia copiilor.<\/p>\n<h3><strong>Mese s\u0103n\u0103toase pentru copii s\u0103n\u0103to\u0219i<\/strong><\/h3>\n<p>\u00cen prezent, unul dintre principalele obiective ale Anin Catering este dezvoltarea colabor\u0103rilor cu \u0219coli \u0219i gr\u0103dini\u021be \u0219i preg\u0103tirea unor meniuri s\u0103n\u0103toase pentru copii. Este, de altfel, direc\u021bia \u00een care se dore\u0219te investirea celui mai mult\u0103 energie \u0219i experien\u021b\u0103. Pentru c\u0103, atunci c\u00e2nd vine vorba despre alimenta\u021bia celor mici, gustul trebuie s\u0103 mearg\u0103 m\u00e2n\u0103 \u00een m\u00e2n\u0103 cu echilibrul \u0219i calitatea ingredientelor.<\/p>\n<p>Experien\u021ba de p\u00e2n\u0103 acum \u00een colaborarea cu institu\u021bii de \u00eenv\u0103\u021b\u0103m\u00e2nt, precum \u0219i feedback-ul primit de la cei care au \u00eencercat aceste meniuri, reprezint\u0103 un argument important pentru dezvoltarea acestei direc\u021bii. Ideea este una simpl\u0103: o mas\u0103 pentru copii trebuie s\u0103 fie gustoas\u0103, atractiv\u0103 \u0219i, \u00een acela\u0219i timp, atent g\u00e2ndit\u0103 din punct de vedere nutri\u021bional. Iar pentru p\u0103rin\u021bii care au copiii \u00eenscri\u0219i la programe de tip Step by Step sau la gr\u0103dini\u021be cu program prelungit, existen\u021ba unor servicii de catering specializate poate reprezenta o solu\u021bie important\u0103.<\/p>\n<div id=\"gallery-1\" class=\"gallery galleryid-478054 gallery-columns-3 gallery-size-thumbnail\">\n<figure class=\"gallery-item\">\n<div class=\"gallery-icon portrait\"><a href=\"https:\/\/opiniabuzau.ro\/wp-content\/uploads\/2026\/08\/paul-colbianu-4-scaled.webp\"><img loading=\"lazy\" decoding=\"async\" data-od-unknown-tag data-od-xpath=\"\/HTML\/BODY\/DIV[@class=&apos;background-overlay&apos;]\/*[1][self::DIV]\/*[1][self::DIV]\/*[4][self::DIV]\/*[1][self::DIV]\/*[1][self::DIV]\/*[2][self::ARTICLE]\/*[3][self::DIV]\/*[18][self::DIV]\/*[1][self::FIGURE]\/*[1][self::DIV]\/*[1][self::A]\/*[1][self::IMG]\" width=\"220\" height=\"150\" src=\"https:\/\/opiniabuzau.ro\/wp-content\/uploads\/2026\/08\/paul-colbianu-4-220x150.webp\" class=\"attachment-thumbnail size-thumbnail perfmatters-lazy\" alt><img loading=\"lazy\" decoding=\"async\" data-od-unknown-tag data-od-xpath=\"\/HTML\/BODY\/DIV[@class=&apos;background-overlay&apos;]\/*[1][self::DIV]\/*[1][self::DIV]\/*[4][self::DIV]\/*[1][self::DIV]\/*[1][self::DIV]\/*[2][self::ARTICLE]\/*[3][self::DIV]\/*[18][self::DIV]\/*[1][self::FIGURE]\/*[1][self::DIV]\/*[1][self::A]\/*[1][self::IMG]\" width=\"220\" height=\"150\" src=\"https:\/\/opiniabuzau.ro\/wp-content\/uploads\/2026\/08\/paul-colbianu-4-220x150.webp\" class=\"attachment-thumbnail size-thumbnail\" alt><\/a><\/div>\n<\/figure>\n<figure class=\"gallery-item\">\n<div class=\"gallery-icon portrait\"><a href=\"https:\/\/opiniabuzau.ro\/wp-content\/uploads\/2026\/08\/paul-colbianu-3-scaled.webp\"><img loading=\"lazy\" decoding=\"async\" data-od-unknown-tag data-od-xpath=\"\/HTML\/BODY\/DIV[@class=&apos;background-overlay&apos;]\/*[1][self::DIV]\/*[1][self::DIV]\/*[4][self::DIV]\/*[1][self::DIV]\/*[1][self::DIV]\/*[2][self::ARTICLE]\/*[3][self::DIV]\/*[18][self::DIV]\/*[2][self::FIGURE]\/*[1][self::DIV]\/*[1][self::A]\/*[1][self::IMG]\" width=\"220\" height=\"150\" src=\"https:\/\/opiniabuzau.ro\/wp-content\/uploads\/2026\/08\/paul-colbianu-3-220x150.webp\" class=\"attachment-thumbnail size-thumbnail perfmatters-lazy\" alt><img loading=\"lazy\" decoding=\"async\" data-od-unknown-tag data-od-xpath=\"\/HTML\/BODY\/DIV[@class=&apos;background-overlay&apos;]\/*[1][self::DIV]\/*[1][self::DIV]\/*[4][self::DIV]\/*[1][self::DIV]\/*[1][self::DIV]\/*[2][self::ARTICLE]\/*[3][self::DIV]\/*[18][self::DIV]\/*[2][self::FIGURE]\/*[1][self::DIV]\/*[1][self::A]\/*[1][self::IMG]\" width=\"220\" height=\"150\" src=\"https:\/\/opiniabuzau.ro\/wp-content\/uploads\/2026\/08\/paul-colbianu-3-220x150.webp\" class=\"attachment-thumbnail size-thumbnail\" alt><\/a><\/div>\n<\/figure>\n<figure class=\"gallery-item\">\n<div class=\"gallery-icon portrait\"><a href=\"https:\/\/opiniabuzau.ro\/wp-content\/uploads\/2026\/08\/paul-colbianu-2.webp\"><img loading=\"lazy\" decoding=\"async\" data-od-unknown-tag data-od-xpath=\"\/HTML\/BODY\/DIV[@class=&apos;background-overlay&apos;]\/*[1][self::DIV]\/*[1][self::DIV]\/*[4][self::DIV]\/*[1][self::DIV]\/*[1][self::DIV]\/*[2][self::ARTICLE]\/*[3][self::DIV]\/*[18][self::DIV]\/*[3][self::FIGURE]\/*[1][self::DIV]\/*[1][self::A]\/*[1][self::IMG]\" width=\"220\" height=\"150\" src=\"https:\/\/opiniabuzau.ro\/wp-content\/uploads\/2026\/08\/paul-colbianu-2-220x150.webp\" class=\"attachment-thumbnail size-thumbnail perfmatters-lazy\" alt><img loading=\"lazy\" decoding=\"async\" data-od-unknown-tag data-od-xpath=\"\/HTML\/BODY\/DIV[@class=&apos;background-overlay&apos;]\/*[1][self::DIV]\/*[1][self::DIV]\/*[4][self::DIV]\/*[1][self::DIV]\/*[1][self::DIV]\/*[2][self::ARTICLE]\/*[3][self::DIV]\/*[18][self::DIV]\/*[3][self::FIGURE]\/*[1][self::DIV]\/*[1][self::A]\/*[1][self::IMG]\" width=\"220\" height=\"150\" src=\"https:\/\/opiniabuzau.ro\/wp-content\/uploads\/2026\/08\/paul-colbianu-2-220x150.webp\" class=\"attachment-thumbnail size-thumbnail\" alt><\/a><\/div>\n<\/figure>\n<\/div>\n<h3><strong>De la meniul zilei la evenimente private<\/strong><\/h3>\n<p>Anin Catering nu \u00eenseamn\u0103 \u00eens\u0103 doar meniuri pentru copii. Buzoienii pot apela la serviciile companiei pentru meniul zilei, platouri calde sau reci, evenimente private, evenimente corporate \u0219i alte tipuri de servicii gastronomice. Cei care vor s\u0103 descopere preparatele pot g\u0103si \u0219i meniul zilei la Anin Catering, de luni p\u00e2n\u0103 vineri, \u00eentre orele 7.00 \u0219i 15.00, iar comenzile pot fi f\u0103cute \u0219i telefonic, la 0755.256.129, sau online, pe www.anin-catering.ro.<\/p>\n<blockquote>\n<p><strong>\u00cen concluzie, dup\u0103 17 ani \u00een care buc\u0103t\u0103ria a fost prezent\u0103 \u00een fiecare zi din via\u021ba sa profesional\u0103, Paul declar\u0103 c\u0103 povestea merge mai departe \u00eentr-o direc\u021bie \u00een care pasiunea, experien\u021ba \u0219i grija pentru oameni se \u00eent\u00e2lnesc. <span>\u201eIar poate cea mai important\u0103 parte a acestei pove\u0219ti abia acum \u00eencepe, cred eu: aceea de a contribui la formarea unor obiceiuri alimentare s\u0103n\u0103toase pentru cei mici, prin mese preg\u0103tite cu responsabilitate, experien\u021b\u0103 \u0219i, mai ales, cu pasiune\u201d<\/span>, spune Paul Colbianu.<\/strong><\/p>\n<\/blockquote>\n<\/div>\n<p>[analyse_source url=&#8221;https:\/\/opiniabuzau.ro\/foto-povestea-bucatarului-paul-colbianu-buzoianul-din-spatele-proiectului-vaya\/&#8221;]<\/p>\n","protected":false},"excerpt":{"rendered":"<p>[analyse_image type=&#8221;featured&#8221; src=&#8221;https:\/\/opiniabuzau.ro\/wp-content\/uploads\/2026\/08\/paul-colbianu-1-scaled.webp&#8221;] O pasiune \u00eenceput\u0103 la 17 ani, ani de munc\u0103 \u00een buc\u0103t\u0103rii din str\u0103in\u0103tate, experien\u021b\u0103 acumulat\u0103 \u00een restaurante din Corsica \u0219i, mai nou, un proiect construit \u00een jurul unei idei simple: copiii merit\u0103 mese gustoase, dar \u0219i s\u0103n\u0103toase. Este povestea buc\u0103tarului Paul Colbianu, cel care se afl\u0103 \u00een spatele proiectului culinar de la [&hellip;]<\/p>\n","protected":false},"author":1,"featured_media":0,"comment_status":"open","ping_status":"","sticky":false,"template":"","format":"standard","meta":{"footnotes":""},"categories":[2],"tags":[226,44],"class_list":["post-2108061","post","type-post","status-publish","format-standard","hentry","category-politics","tag-crawlmanager","tag-opiniabuzau-ro"],"_links":{"self":[{"href":"https:\/\/analyse.optim.biz\/index.php?rest_route=\/wp\/v2\/posts\/2108061","targetHints":{"allow":["GET"]}}],"collection":[{"href":"https:\/\/analyse.optim.biz\/index.php?rest_route=\/wp\/v2\/posts"}],"about":[{"href":"https:\/\/analyse.optim.biz\/index.php?rest_route=\/wp\/v2\/types\/post"}],"author":[{"embeddable":true,"href":"https:\/\/analyse.optim.biz\/index.php?rest_route=\/wp\/v2\/users\/1"}],"replies":[{"embeddable":true,"href":"https:\/\/analyse.optim.biz\/index.php?rest_route=%2Fwp%2Fv2%2Fcomments&post=2108061"}],"version-history":[{"count":0,"href":"https:\/\/analyse.optim.biz\/index.php?rest_route=\/wp\/v2\/posts\/2108061\/revisions"}],"wp:attachment":[{"href":"https:\/\/analyse.optim.biz\/index.php?rest_route=%2Fwp%2Fv2%2Fmedia&parent=2108061"}],"wp:term":[{"taxonomy":"category","embeddable":true,"href":"https:\/\/analyse.optim.biz\/index.php?rest_route=%2Fwp%2Fv2%2Fcategories&post=2108061"},{"taxonomy":"post_tag","embeddable":true,"href":"https:\/\/analyse.optim.biz\/index.php?rest_route=%2Fwp%2Fv2%2Ftags&post=2108061"}],"curies":[{"name":"wp","href":"https:\/\/api.w.org\/{rel}","templated":true}]}}