{"id":2108060,"date":"2026-08-23T21:01:11","date_gmt":"2026-08-23T18:01:11","guid":{"rendered":"https:\/\/analyse.optim.biz\/?p=2108060"},"modified":"2026-08-23T21:01:11","modified_gmt":"2026-08-23T18:01:11","slug":"24-august-2026","status":"publish","type":"post","link":"https:\/\/analyse.optim.biz\/?p=2108060","title":{"rendered":"24 august 2026"},"content":{"rendered":"<p>[analyse_image type=&#8221;featured&#8221; src=&#8221;https:\/\/opiniabuzau.ro\/wp-content\/uploads\/2025\/12\/Calendarul-Zilei-scaled.webp&#8221;]<\/p>\n<div class=\"entry-content entry clearfix\">\n<blockquote>\n<p><strong>Cre\u0219tinii ortodoc\u0219i \u00eel pomenesc pe <span>Sf\u00e2ntul Mucenic Eutihie<\/span>, iar credincio\u0219ii romano-catolici \u00eel comemoreaz\u0103 pe <span>Sf\u00e2ntul Bartolomeu, apostol<\/span>.<\/strong><\/p>\n<\/blockquote>\n<ul>\n<li>1820 \u2013 A murit Ion Budai-Deleanu, scriitor, istoric \u015fi om de cultur\u0103 luminist, autor al poemului eroic-comic \u201e\u0162iganiada\u201d. (n. 6 ian. 1760)<\/li>\n<li>1828 \u2013 S-a n\u0103scut publicistul \u015fi omul politic Gheorghe Chi\u0163u, membru titular al Academiei Rom\u00e2ne (27 iun. 1879). (m. 28 oct. 1897)<\/li>\n<li>1868 \u2013 A murit scriitorul Costache Negruzzi, membru fondator al Societ\u0103\u0163ii Academice Rom\u00e2ne. (n. 1808)<\/li>\n<li>1884 \u2013 A murit medicul rom\u00e2n de origine francez\u0103 Carol Davila. (n. 8\/20 apr. 1828)<\/li>\n<li>1885 \u2013 S-a n\u0103scut inginerul Ion S. Gheorghiu, membru titular al Academiei Rom\u00e2ne (23 mart. 1952). (m. 6 nov. 1968)<\/li>\n<li>1902 \u2013 S-a n\u0103scut inginerul Martin Bercovici, membru titular (21 mart. 1963) al Academiei Rom\u00e2ne. (m. 19 ian. 1971)<\/li>\n<li>1932 \u2013 A murit compozitorul Gheorghe Cucu, cunoscut pentru muzica coral\u0103 \u015fi prelucr\u0103rile de folclor. (n. 11 febr. 1882)<\/li>\n<li>1937 \u2013 S-a n\u0103scut Eugen Mih\u0103escu, pictor \u015fi grafician, membru de onoare al Academiei Rom\u00e2ne (din 1993).<\/li>\n<li>1942 \u2013 S-a n\u0103scut matematicianul Constantin B\u0103nic\u0103, membru corespondent al Academiei Rom\u00e2ne (mart. 1991). (m. 25 dec. 1991)<\/li>\n<li>1942 \u2013 S-a n\u0103scut actri\u0163a Anna Sz\u00e9les, stabilit\u0103 din 1989 \u00een Ungaria.<\/li>\n<li>1944 \u2013 A fost difuzat\u0103 la radio declara\u0163ia Guvernului rom\u00e2n privind existen\u0163a st\u0103rii de r\u0103zboi \u00eentre Rom\u00e2nia \u015fi Germania.<\/li>\n<li>1944 \u2013 Bombardamente ale avia\u0163iei naziste asupra Bucure\u015ftilor, care s-au soldat cu distrugerea Teatrului Na\u0163ional, a Palatului Regal \u015fi cu zeci de victime.<\/li>\n<li>1954 \u2013 S-a n\u0103scut graficianul Adrian Timar.<\/li>\n<li>1960 \u2013 A murit juristul \u015fi diplomatul Vespasian V. Pella, membru corespondent al Academiei Rom\u00e2ne. (n. 4\/17 ian. 1897)<\/li>\n<li>987 \u2013 A murit Boris Cazacu, lingvist \u015fi filolog, membru corespondent al Academiei Rom\u00e2ne. (n. 15 ian. 1919)<\/li>\n<li>1990 \u2013 A murit Nicu Stan, operator \u015fi regizor. (n. 25 nov. 1931)<\/li>\n<li>1999 \u2013 A avut loc, la Bucure\u015fti, cel de-al VIII-lea Congres Interna\u0163ional de Studii Sud-Est Europene. (24-28)<\/li>\n<li>2006 \u2013 A murit, \u00eentr-un accident de ma\u015fin\u0103, regizorul Daniel Cristian Nemescu. (n. 31 mart. 1979) (24\/25 aug.) (20 de ani)<\/li>\n<li>2010 \u2013 A murit actri\u0163a Elena Sereda. (n. 11 febr. 1926)<\/li>\n<li>2017 \u2013 Pre\u015fedintele Klaus Iohannis l-a primit, la Palatul Cotroceni, pe pre\u015fedintele Republicii Franceze, Emmanuel Macron, aflat \u00een vizit\u0103 oficial\u0103 \u00een Rom\u00e2nia.<\/li>\n<li>2018 \u2013 A murit actorul Rudi Rosenfeld. (n. 5 aug. 1941)<\/li>\n<li>2019 \u2013 Congresul extraordinar al Partidului Social Democrat (PSD), \u00een cadrul c\u0103ruia Viorica D\u0103ncil\u0103, prim-ministru \u015fi pre\u015fedinte al PSD, a fost desemnat\u0103 candidat al partidului la alegerile preziden\u0163iale.<\/li>\n<\/ul>\n<h3>Germania<\/h3>\n<ul>\n<li>1561 \u2013 S-a n\u0103scut matematicianul Bartholomaeus Pitiscus, primul care a utilizat cuv\u00e2ntul \u201etrigonometrie\u201d \u00eentr-o lucrare tip\u0103rit\u0103. (m. 2 iul. 1613) (465 de ani)<\/li>\n<li>2016 \u2013 A murit Walter Scheel, om politic, pre\u015fedinte al RFG (1974-1979). (n. 8 iul. 1919) (10 ani)<\/li>\n<\/ul>\n<h3>Japonia<\/h3>\n<ul>\n<li>1956 \u2013 A murit regizorul Kenji Mizoguchi. (n. 16 mai 1898) (70 de ani)<\/li>\n<\/ul>\n<h3>Marea Britanie<\/h3>\n<ul>\n<li>1936 \u2013 S-a n\u0103scut renumita scriitoare Dame AS Byatt (Antonia Susan Byatt), laureat\u0103 a Booker Prize pentru romanul \u201ePossession\u201d, din 1990. (m. 17 nov. 2023) (90 de ani)<\/li>\n<\/ul>\n<h3>Mexic<\/h3>\n<ul>\n<li>1821 \u2013 A fost semnat la Cordoba, ast\u0103zi \u00een Veracruz, Mexic, Tratatul de la Cordoba care a pus cap\u0103t R\u0103zboiului mexican de independen\u0163\u0103 fa\u0163\u0103 de Spania. (205 ani)<\/li>\n<\/ul>\n<h3>Ucraina<\/h3>\n<ul>\n<li>2021 \u2013 Ucraina a marcat 30 de ani de la ob\u0163inerea independen\u0163ei sale, ca urmare a destr\u0103m\u0103rii URSS, printr-o parad\u0103 militar\u0103, prima organizat\u0103 dup\u0103 mul\u0163i ani, declar\u00e2nd c\u0103 \u00ee\u015fi va recupera teritoriile anexate ilegal de Rusia. Unit\u0103\u0163i ale armatei ucrainene, tancuri, vehicule blindate pentru transportul trupelor, rachete \u015fi sisteme de ap\u0103rare antiaerian\u0103 au defilat de-a lungul pie\u0163ei centrale din Kiev, \u00een timp ce \u00een portul Odesa de la Marea Neagr\u0103 a avut loc o parad\u0103 a unit\u0103\u0163ilor marinei ucrainene.<\/li>\n<li>2026 \u2013 Ziua na\u0163ional\u0103. Aniversarea proclam\u0103rii independen\u0163ei (1991)<\/li>\n<\/ul>\n<h3>SUA<\/h3>\n<ul>\n<li>1891 \u2013 Inventatorul Thomas Edison a patentat camera de filmat, cunoscut\u0103 sub numele de kinetograf, un pas semnificativ \u00een dezvoltarea cinematografiei, permi\u021b\u00e2nd pentru prima dat\u0103 capturarea \u0219i afi\u0219area imaginilor \u00een mi\u0219care. Kinetograful se baza pe principii fotografice anterioare \u0219i a fost conceput pentru a crea iluzia mi\u0219c\u0103rii prin afi\u0219area unei serii de fotografii realizate la vitez\u0103 mare. Munca lui Edison a pus bazele progreselor viitoare \u00een tehnologia cinematografic\u0103 \u0219i a contribuit la na\u0219terea industriei cinematografice. (135 de ani)<\/li>\n<li>1951 \u2013 S-a n\u0103scut Orson Scott Card, scriitor cunoscut mai ales pentru romanul \u201eJocul lui Ender\u201d (1985) \u015fi continuarea acestuia, \u201eSpeaker for the Dead\u201d (1986), cu care a c\u00e2\u015ftigat premiile \u201eHugo\u201d \u015fi \u201eNebula\u201d; pentru seria de povestiri \u201eThe Tales of Alvin Maker\u201d (1987-2003), a ob\u0163inut Locus Fantasy Award. (75 de ani)<\/li>\n<li>1981 \u2013 S-a n\u0103scut actorul Chad Murray, cunoscut mai ales pentru rolurile Lucas Scott, din serialul dramatic \u201eOne Tree Hill\u201d (2003-2009, 2012), \u015fi Tristan Dugray, \u00een serialul \u201eGilmore Girls\u201d (2000-2001). (45 de ani)<\/li>\n<li>2001 \u2013 A murit actri\u0163a \u015fi c\u00e2nt\u0103rea\u0163a Jane Greer. (n. 9 sept. 1924) (25 de ani)<\/li>\n<li>2011 \u2013 Concernul american de IT&amp;C Apple a anun\u0163at demisia directorului executiv Steve Jobs (n. 24 febr. 1955 \u2013 m. 5 oct. 2011), cofondatorul \u015fi directorul general al Apple Computer, precum \u015fi CEO al firmei Pixar, p\u00e2n\u0103 la achizi\u0163ionarea acestui studio de anima\u0163ie de compania Disney; Jobs va fi \u00eenlocuit de Tim Cook. (15 ani)<\/li>\n<li>2016 \u2013 A murit chimistul Roger Y. Tsien, laureat al Premiului Nobel pentru Chimie \u00een 2008, \u00eempreun\u0103 cu Osamu Shimomura \u015fi cu Martin Chalfie. (n. 1 febr. 1952) (10 ani)<\/li>\n<li>2021 \u2013 A murit bateristul forma\u0163iei rock britanice The Rolling Stones, Charlie Watts. (n. 2 iun. 1941) (5 ani)<\/li>\n<\/ul>\n<h3>Interna\u0163ionale<\/h3>\n<ul>\n<li>2006 \u2013 Uniunea Astronomic\u0103 Interna\u0163ional\u0103 (IAU) a redefinit termenul \u201eplanet\u0103\u201d, astfel \u00eenc\u00e2t Pluto este, \u00een prezent, considerat o planet\u0103 pitic\u0103. (20 de ani)<\/li>\n<li>2021 \u2013 Talibanii afla\u0163i la putere \u00een Afganistan <em>\u201evor trebui s\u0103 r\u0103spund\u0103 pentru ac\u0163iunile lor \u00een vederea combaterii terorismului \u015fi asigur\u0103rii drepturilor omului, \u00een special ale femeilor\u201d<\/em>, au afirmat liderii G7 (Grupul celor mai mari \u015fapte economii avansate din lume, format din Canada, Fran\u0163a, Germania, Italia, Japonia, Regatul Unit, SUA) \u00eentr-un comunicat comun dat publicit\u0103\u0163ii la finalul summitului lor virtual. (5 ani).<\/li>\n<\/ul>\n<\/div>\n<p>[analyse_source url=&#8221;https:\/\/opiniabuzau.ro\/24-august-2026\/&#8221;]<\/p>\n","protected":false},"excerpt":{"rendered":"<p>[analyse_image type=&#8221;featured&#8221; src=&#8221;https:\/\/opiniabuzau.ro\/wp-content\/uploads\/2025\/12\/Calendarul-Zilei-scaled.webp&#8221;] Cre\u0219tinii ortodoc\u0219i \u00eel pomenesc pe Sf\u00e2ntul Mucenic Eutihie, iar credincio\u0219ii romano-catolici \u00eel comemoreaz\u0103 pe Sf\u00e2ntul Bartolomeu, apostol. 1820 \u2013 A murit Ion Budai-Deleanu, scriitor, istoric \u015fi om de cultur\u0103 luminist, autor al poemului eroic-comic \u201e\u0162iganiada\u201d. (n. 6 ian. 1760) 1828 \u2013 S-a n\u0103scut publicistul \u015fi omul politic Gheorghe Chi\u0163u, membru titular al [&hellip;]<\/p>\n","protected":false},"author":1,"featured_media":0,"comment_status":"open","ping_status":"","sticky":false,"template":"","format":"standard","meta":{"footnotes":""},"categories":[2],"tags":[226,44],"class_list":["post-2108060","post","type-post","status-publish","format-standard","hentry","category-politics","tag-crawlmanager","tag-opiniabuzau-ro"],"_links":{"self":[{"href":"https:\/\/analyse.optim.biz\/index.php?rest_route=\/wp\/v2\/posts\/2108060","targetHints":{"allow":["GET"]}}],"collection":[{"href":"https:\/\/analyse.optim.biz\/index.php?rest_route=\/wp\/v2\/posts"}],"about":[{"href":"https:\/\/analyse.optim.biz\/index.php?rest_route=\/wp\/v2\/types\/post"}],"author":[{"embeddable":true,"href":"https:\/\/analyse.optim.biz\/index.php?rest_route=\/wp\/v2\/users\/1"}],"replies":[{"embeddable":true,"href":"https:\/\/analyse.optim.biz\/index.php?rest_route=%2Fwp%2Fv2%2Fcomments&post=2108060"}],"version-history":[{"count":0,"href":"https:\/\/analyse.optim.biz\/index.php?rest_route=\/wp\/v2\/posts\/2108060\/revisions"}],"wp:attachment":[{"href":"https:\/\/analyse.optim.biz\/index.php?rest_route=%2Fwp%2Fv2%2Fmedia&parent=2108060"}],"wp:term":[{"taxonomy":"category","embeddable":true,"href":"https:\/\/analyse.optim.biz\/index.php?rest_route=%2Fwp%2Fv2%2Fcategories&post=2108060"},{"taxonomy":"post_tag","embeddable":true,"href":"https:\/\/analyse.optim.biz\/index.php?rest_route=%2Fwp%2Fv2%2Ftags&post=2108060"}],"curies":[{"name":"wp","href":"https:\/\/api.w.org\/{rel}","templated":true}]}}