{"id":2108058,"date":"2026-08-23T10:00:02","date_gmt":"2026-08-23T07:00:02","guid":{"rendered":"https:\/\/analyse.optim.biz\/?p=2108058"},"modified":"2026-08-23T10:00:02","modified_gmt":"2026-08-23T07:00:02","slug":"foto-participare-record-a-medicilor-la-caravana-medicala-din-simileasca","status":"publish","type":"post","link":"https:\/\/analyse.optim.biz\/?p=2108058","title":{"rendered":"FOTO \/ Participare record a medicilor la caravana medical\u0103 din Simileasca"},"content":{"rendered":"<p>[analyse_image type=&#8221;featured&#8221; src=&#8221;https:\/\/opiniabuzau.ro\/wp-content\/uploads\/2026\/08\/caravana-medicala-Simileasca1-scaled.webp&#8221;]<\/p>\n<div class=\"entry-content entry clearfix\">\n<blockquote>\n<p><strong>Cea de-a 13-a edi\u021bie a caravanei medicale \u201eS\u0103n\u0103tate pentru Buz\u0103u\u201d, organizat\u0103 s\u00e2mb\u0103t\u0103 \u00een cartierul Simileasca, a \u00eenregistrat cea mai ampl\u0103 participare a medicilor de la debutul proiectului, potrivit directorului Spitalului Jude\u021bean de Urgen\u021b\u0103 Buz\u0103u. Acesta a eviden\u021biat at\u00e2t implicarea personalului medical, c\u00e2t \u0219i contribu\u021bia logistic\u0103 a unit\u0103\u021bii sanitare la desf\u0103\u0219urarea ac\u021biunii.<\/strong><\/p>\n<\/blockquote>\n<p>\u00cen cadrul caravanei, locuitorii din Simileasca au beneficiat de consulta\u021bii \u0219i evalu\u0103ri medicale oferite de speciali\u0219ti din mai multe domenii, printre care pediatrie, pneumologie, chirurgie, obstetric\u0103-ginecologie \u0219i dermato-venerologie. Conducerea spitalului consider\u0103 c\u0103 prezen\u021ba unui num\u0103r at\u00e2t de mare de medici reprezint\u0103 un indicator al interesului crescut pentru proiectele de s\u0103n\u0103tate comunitar\u0103 \u0219i pentru extinderea accesului la servicii medicale \u00een afara spa\u021biului spitalicesc.<\/p>\n<p>Directorul SJU Buz\u0103u, Claudiu Damian,\u00a0a remarcat c\u0103 participarea cadrelor medicale a avut loc \u00eentr-un context profesional marcat de presiune \u0219i volum ridicat de activitate. Potrivit acestuia, medicii implica\u021bi \u00een caravan\u0103 activeaz\u0103 \u00eentr-o unitate care gestioneaz\u0103 permanent un num\u0103r mare de pacien\u021bi \u0219i desf\u0103\u0219oar\u0103 activitate \u00een regim de gard\u0103, ceea ce face cu at\u00e2t mai relevant\u0103 disponibilitatea acestora de a participa la ac\u021biuni comunitare \u00een timpul liber.<\/p>\n<p><em>\u201eEste cea mai numeroas\u0103 participare a medicilor la cele 13 edi\u021bii ale caravanei\u201d,<\/em> a transmis directorul institu\u021biei, apreciind disponibilitatea speciali\u0219tilor de a se implica \u00eentr-un program orientat c\u0103tre preven\u021bie \u0219i depistare precoce.<\/p>\n<p>Printre participan\u021bi s-au num\u0103rat prof. univ. dr. Carmen Orban, medic primar ATI, senator de Buz\u0103u \u0219i cadru universitar al UMF \u201eCarol Davila\u201d, \u0219i dr. farmacist Oana Gheorghiu, viceprimar al municipiului Buz\u0103u.<\/p>\n<div class=\"stream-item stream-item-in-post stream-item-inline-post aligncenter\"><a href=\"https:\/\/vreaulanova.ro\/?utm_source=opiniabuzau&amp;utm_medium=image\" title target=\"_blank\"><img loading=\"lazy\" decoding=\"async\" data-od-unknown-tag data-od-xpath=\"\/HTML\/BODY\/DIV[@class=&apos;background-overlay&apos;]\/*[1][self::DIV]\/*[1][self::DIV]\/*[4][self::DIV]\/*[1][self::DIV]\/*[1][self::DIV]\/*[2][self::ARTICLE]\/*[3][self::DIV]\/*[7][self::DIV]\/*[1][self::A]\/*[1][self::IMG]\" src=\"https:\/\/opiniabuzau.ro\/wp-content\/smush-webp\/2022\/02\/MicrosoftTeams-image-4-1.jpg.webp\" alt width=\"728\" height=\"91\" class=\"perfmatters-lazy\"><img loading=\"lazy\" decoding=\"async\" data-od-unknown-tag data-od-xpath=\"\/HTML\/BODY\/DIV[@class=&apos;background-overlay&apos;]\/*[1][self::DIV]\/*[1][self::DIV]\/*[4][self::DIV]\/*[1][self::DIV]\/*[1][self::DIV]\/*[2][self::ARTICLE]\/*[3][self::DIV]\/*[7][self::DIV]\/*[1][self::A]\/*[1][self::IMG]\" src=\"https:\/\/opiniabuzau.ro\/wp-content\/smush-webp\/2022\/02\/MicrosoftTeams-image-4-1.jpg.webp\" alt width=\"728\" height=\"91\"><\/a><\/div>\n<p>Pe l\u00e2ng\u0103 contribu\u021bia profesional\u0103 a medicilor, Spitalul Jude\u021bean de Urgen\u021b\u0103 Buz\u0103u a asigurat \u0219i suport logistic pentru desf\u0103\u0219urarea consulta\u021biilor. Institu\u021bia a pus la dispozi\u021bia organizatorilor paturi medicale pentru examin\u0103ri, un electrocardiograf \u0219i un ecograf portabil, echipamente care au permis efectuarea unor investiga\u021bii direct la locul evenimentului.<\/p>\n<p>Reprezentan\u021bii spitalului consider\u0103 c\u0103 astfel de dot\u0103ri sunt esen\u021biale pentru transformarea caravanelor medicale din simple ac\u021biuni de informare \u00een interven\u021bii cu component\u0103 clinic\u0103 real\u0103, capabile s\u0103 ofere evalu\u0103ri medicale relevante \u0219i s\u0103 identifice cazuri care necesit\u0103 investiga\u021bii suplimentare sau monitorizare de specialitate.<\/p>\n<p>Un aspect eviden\u021biat de directorul SJU Buz\u0103u a fost alegerea \u0218colii din Simileasca ca spa\u021biu de desf\u0103\u0219urare a evenimentului. \u00cen opinia sa, asocierea dintre mediul educa\u021bional \u0219i serviciile de s\u0103n\u0103tate transmite un mesaj privind rolul preven\u021biei \u0219i al form\u0103rii unor comportamente s\u0103n\u0103toase \u00eenc\u0103 din copil\u0103rie.<\/p>\n<p>Acesta a subliniat importan\u021ba educa\u021biei pentru s\u0103n\u0103tate \u00een procesul de reducere a riscurilor medicale \u0219i a \u00eencuraj\u0103rii prezent\u0103rii la medic \u00eenainte de apari\u021bia unor complica\u021bii. \u00cen acest context, caravana a fost prezentat\u0103 \u0219i\u00a0ca un instrument de informare \u0219i con\u0219tientizare a popula\u021biei.<\/p>\n<div id=\"gallery-1\" class=\"gallery galleryid-478210 gallery-columns-5 gallery-size-thumbnail\">\n<figure class=\"gallery-item\">\n<div class=\"gallery-icon landscape\"><a href=\"https:\/\/opiniabuzau.ro\/wp-content\/uploads\/2026\/08\/caravana-medicala-Simileasca-scaled.webp\"><img loading=\"lazy\" decoding=\"async\" data-od-unknown-tag data-od-xpath=\"\/HTML\/BODY\/DIV[@class=&apos;background-overlay&apos;]\/*[1][self::DIV]\/*[1][self::DIV]\/*[4][self::DIV]\/*[1][self::DIV]\/*[1][self::DIV]\/*[2][self::ARTICLE]\/*[3][self::DIV]\/*[14][self::DIV]\/*[1][self::FIGURE]\/*[1][self::DIV]\/*[1][self::A]\/*[1][self::IMG]\" width=\"220\" height=\"150\" src=\"https:\/\/opiniabuzau.ro\/wp-content\/uploads\/2026\/08\/caravana-medicala-Simileasca-220x150.webp\" class=\"attachment-thumbnail size-thumbnail perfmatters-lazy\" alt><img loading=\"lazy\" decoding=\"async\" data-od-unknown-tag data-od-xpath=\"\/HTML\/BODY\/DIV[@class=&apos;background-overlay&apos;]\/*[1][self::DIV]\/*[1][self::DIV]\/*[4][self::DIV]\/*[1][self::DIV]\/*[1][self::DIV]\/*[2][self::ARTICLE]\/*[3][self::DIV]\/*[14][self::DIV]\/*[1][self::FIGURE]\/*[1][self::DIV]\/*[1][self::A]\/*[1][self::IMG]\" width=\"220\" height=\"150\" src=\"https:\/\/opiniabuzau.ro\/wp-content\/uploads\/2026\/08\/caravana-medicala-Simileasca-220x150.webp\" class=\"attachment-thumbnail size-thumbnail\" alt><\/a><\/div>\n<\/figure>\n<figure class=\"gallery-item\">\n<div class=\"gallery-icon portrait\"><a href=\"https:\/\/opiniabuzau.ro\/wp-content\/uploads\/2026\/08\/caravana-medicala-Simileasca2-scaled.webp\"><img loading=\"lazy\" decoding=\"async\" data-od-unknown-tag data-od-xpath=\"\/HTML\/BODY\/DIV[@class=&apos;background-overlay&apos;]\/*[1][self::DIV]\/*[1][self::DIV]\/*[4][self::DIV]\/*[1][self::DIV]\/*[1][self::DIV]\/*[2][self::ARTICLE]\/*[3][self::DIV]\/*[14][self::DIV]\/*[2][self::FIGURE]\/*[1][self::DIV]\/*[1][self::A]\/*[1][self::IMG]\" width=\"220\" height=\"150\" src=\"https:\/\/opiniabuzau.ro\/wp-content\/uploads\/2026\/08\/caravana-medicala-Simileasca2-220x150.webp\" class=\"attachment-thumbnail size-thumbnail perfmatters-lazy\" alt><img loading=\"lazy\" decoding=\"async\" data-od-unknown-tag data-od-xpath=\"\/HTML\/BODY\/DIV[@class=&apos;background-overlay&apos;]\/*[1][self::DIV]\/*[1][self::DIV]\/*[4][self::DIV]\/*[1][self::DIV]\/*[1][self::DIV]\/*[2][self::ARTICLE]\/*[3][self::DIV]\/*[14][self::DIV]\/*[2][self::FIGURE]\/*[1][self::DIV]\/*[1][self::A]\/*[1][self::IMG]\" width=\"220\" height=\"150\" src=\"https:\/\/opiniabuzau.ro\/wp-content\/uploads\/2026\/08\/caravana-medicala-Simileasca2-220x150.webp\" class=\"attachment-thumbnail size-thumbnail\" alt><\/a><\/div>\n<\/figure>\n<figure class=\"gallery-item\">\n<div class=\"gallery-icon portrait\"><a href=\"https:\/\/opiniabuzau.ro\/wp-content\/uploads\/2026\/08\/caravana-medicala-Simileasca3-scaled.webp\"><img loading=\"lazy\" decoding=\"async\" data-od-unknown-tag data-od-xpath=\"\/HTML\/BODY\/DIV[@class=&apos;background-overlay&apos;]\/*[1][self::DIV]\/*[1][self::DIV]\/*[4][self::DIV]\/*[1][self::DIV]\/*[1][self::DIV]\/*[2][self::ARTICLE]\/*[3][self::DIV]\/*[14][self::DIV]\/*[3][self::FIGURE]\/*[1][self::DIV]\/*[1][self::A]\/*[1][self::IMG]\" width=\"220\" height=\"150\" src=\"https:\/\/opiniabuzau.ro\/wp-content\/uploads\/2026\/08\/caravana-medicala-Simileasca3-220x150.webp\" class=\"attachment-thumbnail size-thumbnail perfmatters-lazy\" alt><img loading=\"lazy\" decoding=\"async\" data-od-unknown-tag data-od-xpath=\"\/HTML\/BODY\/DIV[@class=&apos;background-overlay&apos;]\/*[1][self::DIV]\/*[1][self::DIV]\/*[4][self::DIV]\/*[1][self::DIV]\/*[1][self::DIV]\/*[2][self::ARTICLE]\/*[3][self::DIV]\/*[14][self::DIV]\/*[3][self::FIGURE]\/*[1][self::DIV]\/*[1][self::A]\/*[1][self::IMG]\" width=\"220\" height=\"150\" src=\"https:\/\/opiniabuzau.ro\/wp-content\/uploads\/2026\/08\/caravana-medicala-Simileasca3-220x150.webp\" class=\"attachment-thumbnail size-thumbnail\" alt><\/a><\/div>\n<\/figure>\n<figure class=\"gallery-item\">\n<div class=\"gallery-icon landscape\"><a href=\"https:\/\/opiniabuzau.ro\/wp-content\/uploads\/2026\/08\/caravana-medicala-Simileasca4-scaled.webp\"><img loading=\"lazy\" decoding=\"async\" data-od-unknown-tag data-od-xpath=\"\/HTML\/BODY\/DIV[@class=&apos;background-overlay&apos;]\/*[1][self::DIV]\/*[1][self::DIV]\/*[4][self::DIV]\/*[1][self::DIV]\/*[1][self::DIV]\/*[2][self::ARTICLE]\/*[3][self::DIV]\/*[14][self::DIV]\/*[4][self::FIGURE]\/*[1][self::DIV]\/*[1][self::A]\/*[1][self::IMG]\" width=\"220\" height=\"150\" src=\"https:\/\/opiniabuzau.ro\/wp-content\/uploads\/2026\/08\/caravana-medicala-Simileasca4-220x150.webp\" class=\"attachment-thumbnail size-thumbnail perfmatters-lazy\" alt><img loading=\"lazy\" decoding=\"async\" data-od-unknown-tag data-od-xpath=\"\/HTML\/BODY\/DIV[@class=&apos;background-overlay&apos;]\/*[1][self::DIV]\/*[1][self::DIV]\/*[4][self::DIV]\/*[1][self::DIV]\/*[1][self::DIV]\/*[2][self::ARTICLE]\/*[3][self::DIV]\/*[14][self::DIV]\/*[4][self::FIGURE]\/*[1][self::DIV]\/*[1][self::A]\/*[1][self::IMG]\" width=\"220\" height=\"150\" src=\"https:\/\/opiniabuzau.ro\/wp-content\/uploads\/2026\/08\/caravana-medicala-Simileasca4-220x150.webp\" class=\"attachment-thumbnail size-thumbnail\" alt><\/a><\/div>\n<\/figure>\n<figure class=\"gallery-item\">\n<div class=\"gallery-icon landscape\"><a href=\"https:\/\/opiniabuzau.ro\/wp-content\/uploads\/2026\/08\/caravana-medicala-Simileasca5-scaled.webp\"><img loading=\"lazy\" decoding=\"async\" data-od-unknown-tag data-od-xpath=\"\/HTML\/BODY\/DIV[@class=&apos;background-overlay&apos;]\/*[1][self::DIV]\/*[1][self::DIV]\/*[4][self::DIV]\/*[1][self::DIV]\/*[1][self::DIV]\/*[2][self::ARTICLE]\/*[3][self::DIV]\/*[14][self::DIV]\/*[5][self::FIGURE]\/*[1][self::DIV]\/*[1][self::A]\/*[1][self::IMG]\" width=\"220\" height=\"150\" src=\"https:\/\/opiniabuzau.ro\/wp-content\/uploads\/2026\/08\/caravana-medicala-Simileasca5-220x150.webp\" class=\"attachment-thumbnail size-thumbnail perfmatters-lazy\" alt><img loading=\"lazy\" decoding=\"async\" data-od-unknown-tag data-od-xpath=\"\/HTML\/BODY\/DIV[@class=&apos;background-overlay&apos;]\/*[1][self::DIV]\/*[1][self::DIV]\/*[4][self::DIV]\/*[1][self::DIV]\/*[1][self::DIV]\/*[2][self::ARTICLE]\/*[3][self::DIV]\/*[14][self::DIV]\/*[5][self::FIGURE]\/*[1][self::DIV]\/*[1][self::A]\/*[1][self::IMG]\" width=\"220\" height=\"150\" src=\"https:\/\/opiniabuzau.ro\/wp-content\/uploads\/2026\/08\/caravana-medicala-Simileasca5-220x150.webp\" class=\"attachment-thumbnail size-thumbnail\" alt><\/a><\/div>\n<\/figure>\n<\/div>\n<p>Directorul spitalului a atras aten\u021bia c\u0103 ini\u021biativele de acest tip nu pot substitui reformele necesare \u00een sistemul sanitar \u0219i nici nu pot rezolva \u00eentr-un interval scurt toate problemele legate de accesul la servicii medicale. Cu toate acestea, ele pot avea un impact direct asupra comunit\u0103\u021bilor prin apropierea medicului de pacient \u0219i prin identificarea timpurie a unor afec\u021biuni care, \u00een lipsa unui consult, ar putea r\u0103m\u00e2ne nediagnosticate.<\/p>\n<p>\u00cen evaluarea sa, valoarea principal\u0103 a caravanelor medicale const\u0103 \u00een capacitatea de a reduce distan\u021ba dintre sistemul medical \u0219i cet\u0103\u021bean, \u00een special \u00een zonele unde accesul la servicii specializate este limitat sau dificil. Consulta\u021biile, investiga\u021biile \u0219i recomand\u0103rile oferite \u00een cadrul unor astfel de programe pot contribui la orientarea pacien\u021bilor c\u0103tre servicii de specialitate \u0219i la cre\u0219terea gradului de adresabilitate c\u0103tre sistemul medical.<\/p>\n<p>Edi\u021bia din Simileasca a caravanei \u201eS\u0103n\u0103tate pentru Buz\u0103u\u201d a fost organizat\u0103 cu sprijinul Consiliului Jude\u021bean Buz\u0103u \u0219i al partenerilor implica\u021bi \u00een proiect. Evenimentul a reunit personal medical, voluntari \u0219i reprezentan\u021bi ai autorit\u0103\u021bilor locale, av\u00e2nd ca obiectiv facilitarea accesului popula\u021biei la consulta\u021bii \u0219i investiga\u021bii medicale \u00een proximitatea domiciliului.<\/p>\n<p>Prin amploarea particip\u0103rii personalului medical \u0219i prin resursele mobilizate, edi\u021bia a 13-a a caravanei marcheaz\u0103 unul dintre cele mai consistente demersuri de medicin\u0103 comunitar\u0103 desf\u0103\u0219urate \u00een jude\u021b \u00een ultimii ani, potrivit aprecierilor formulate de conducerea Spitalului Jude\u021bean de Urgen\u021b\u0103 Buz\u0103u.<\/p>\n<\/div>\n<p>[analyse_source url=&#8221;https:\/\/opiniabuzau.ro\/foto-participare-record-a-medicilor-la-caravana-medicala-din-simileasca\/&#8221;]<\/p>\n","protected":false},"excerpt":{"rendered":"<p>[analyse_image type=&#8221;featured&#8221; src=&#8221;https:\/\/opiniabuzau.ro\/wp-content\/uploads\/2026\/08\/caravana-medicala-Simileasca1-scaled.webp&#8221;] Cea de-a 13-a edi\u021bie a caravanei medicale \u201eS\u0103n\u0103tate pentru Buz\u0103u\u201d, organizat\u0103 s\u00e2mb\u0103t\u0103 \u00een cartierul Simileasca, a \u00eenregistrat cea mai ampl\u0103 participare a medicilor de la debutul proiectului, potrivit directorului Spitalului Jude\u021bean de Urgen\u021b\u0103 Buz\u0103u. Acesta a eviden\u021biat at\u00e2t implicarea personalului medical, c\u00e2t \u0219i contribu\u021bia logistic\u0103 a unit\u0103\u021bii sanitare la desf\u0103\u0219urarea ac\u021biunii. \u00cen [&hellip;]<\/p>\n","protected":false},"author":1,"featured_media":0,"comment_status":"open","ping_status":"","sticky":false,"template":"","format":"standard","meta":{"footnotes":""},"categories":[2],"tags":[226,44],"class_list":["post-2108058","post","type-post","status-publish","format-standard","hentry","category-politics","tag-crawlmanager","tag-opiniabuzau-ro"],"_links":{"self":[{"href":"https:\/\/analyse.optim.biz\/index.php?rest_route=\/wp\/v2\/posts\/2108058","targetHints":{"allow":["GET"]}}],"collection":[{"href":"https:\/\/analyse.optim.biz\/index.php?rest_route=\/wp\/v2\/posts"}],"about":[{"href":"https:\/\/analyse.optim.biz\/index.php?rest_route=\/wp\/v2\/types\/post"}],"author":[{"embeddable":true,"href":"https:\/\/analyse.optim.biz\/index.php?rest_route=\/wp\/v2\/users\/1"}],"replies":[{"embeddable":true,"href":"https:\/\/analyse.optim.biz\/index.php?rest_route=%2Fwp%2Fv2%2Fcomments&post=2108058"}],"version-history":[{"count":0,"href":"https:\/\/analyse.optim.biz\/index.php?rest_route=\/wp\/v2\/posts\/2108058\/revisions"}],"wp:attachment":[{"href":"https:\/\/analyse.optim.biz\/index.php?rest_route=%2Fwp%2Fv2%2Fmedia&parent=2108058"}],"wp:term":[{"taxonomy":"category","embeddable":true,"href":"https:\/\/analyse.optim.biz\/index.php?rest_route=%2Fwp%2Fv2%2Fcategories&post=2108058"},{"taxonomy":"post_tag","embeddable":true,"href":"https:\/\/analyse.optim.biz\/index.php?rest_route=%2Fwp%2Fv2%2Ftags&post=2108058"}],"curies":[{"name":"wp","href":"https:\/\/api.w.org\/{rel}","templated":true}]}}