{"id":2108057,"date":"2026-08-23T09:48:53","date_gmt":"2026-08-23T06:48:53","guid":{"rendered":"https:\/\/analyse.optim.biz\/?p=2108057"},"modified":"2026-08-23T09:48:53","modified_gmt":"2026-08-23T06:48:53","slug":"cod-galben-de-ploi-in-zona-de-munte-a-judetului","status":"publish","type":"post","link":"https:\/\/analyse.optim.biz\/?p=2108057","title":{"rendered":"Cod galben de ploi \u00een zona de munte a jude\u021bului"},"content":{"rendered":"<p>[analyse_image type=&#8221;featured&#8221; src=&#8221;https:\/\/opiniabuzau.ro\/wp-content\/uploads\/2025\/05\/ploi-scaled.jpg&#8221;]<\/p>\n<div class=\"entry-content entry clearfix\">\n<blockquote>\n<p><strong>Administra\u021bia Na\u021bional\u0103 de Meteorologie (ANM) a emis o aten\u021bionare Cod galben de instabilitate atmosferic\u0103 pentru zona de munte a jude\u021bului Buz\u0103u. <\/strong><\/p>\n<\/blockquote>\n<p>\u00cen intervalul 23 august, ora 13.00 \u2013 23 august, ora 23.00 \u00a0\u00een zona de munte a jude\u021belor Arge\u0219, D\u00e2mbovi\u021ba, Prahova \u0219i Buz\u0103u vor fi perioade cu instabilitate atmosferic\u0103, ce se va manifesta prin averse toren\u021biale, desc\u0103rc\u0103ri electrice, intensific\u0103ri ale v\u00e2ntului, vijelii (viteze la rafal\u0103 de 50\u202670 km\/h) \u0219i grindin\u0103 de mici dimensiuni (1\u20262 cm). \u00cen intervale scurte de timp (1\u20263 ore) cantit\u0103\u021bile de ap\u0103 vor fi moderate cantitativ \u0219i se vor acumula 15\u202625 l\/mp \u0219i izolat de peste 30 l\/mp, transmit meteorologii.<\/p>\n<\/div>\n<p>[analyse_source url=&#8221;https:\/\/opiniabuzau.ro\/cod-galben-de-ploi-in-zona-de-munte-a-judetului\/&#8221;]<\/p>\n","protected":false},"excerpt":{"rendered":"<p>[analyse_image type=&#8221;featured&#8221; src=&#8221;https:\/\/opiniabuzau.ro\/wp-content\/uploads\/2025\/05\/ploi-scaled.jpg&#8221;] Administra\u021bia Na\u021bional\u0103 de Meteorologie (ANM) a emis o aten\u021bionare Cod galben de instabilitate atmosferic\u0103 pentru zona de munte a jude\u021bului Buz\u0103u. \u00cen intervalul 23 august, ora 13.00 \u2013 23 august, ora 23.00 \u00a0\u00een zona de munte a jude\u021belor Arge\u0219, D\u00e2mbovi\u021ba, Prahova \u0219i Buz\u0103u vor fi perioade cu instabilitate atmosferic\u0103, ce se va [&hellip;]<\/p>\n","protected":false},"author":1,"featured_media":0,"comment_status":"open","ping_status":"","sticky":false,"template":"","format":"standard","meta":{"footnotes":""},"categories":[2],"tags":[226,44],"class_list":["post-2108057","post","type-post","status-publish","format-standard","hentry","category-politics","tag-crawlmanager","tag-opiniabuzau-ro"],"_links":{"self":[{"href":"https:\/\/analyse.optim.biz\/index.php?rest_route=\/wp\/v2\/posts\/2108057","targetHints":{"allow":["GET"]}}],"collection":[{"href":"https:\/\/analyse.optim.biz\/index.php?rest_route=\/wp\/v2\/posts"}],"about":[{"href":"https:\/\/analyse.optim.biz\/index.php?rest_route=\/wp\/v2\/types\/post"}],"author":[{"embeddable":true,"href":"https:\/\/analyse.optim.biz\/index.php?rest_route=\/wp\/v2\/users\/1"}],"replies":[{"embeddable":true,"href":"https:\/\/analyse.optim.biz\/index.php?rest_route=%2Fwp%2Fv2%2Fcomments&post=2108057"}],"version-history":[{"count":0,"href":"https:\/\/analyse.optim.biz\/index.php?rest_route=\/wp\/v2\/posts\/2108057\/revisions"}],"wp:attachment":[{"href":"https:\/\/analyse.optim.biz\/index.php?rest_route=%2Fwp%2Fv2%2Fmedia&parent=2108057"}],"wp:term":[{"taxonomy":"category","embeddable":true,"href":"https:\/\/analyse.optim.biz\/index.php?rest_route=%2Fwp%2Fv2%2Fcategories&post=2108057"},{"taxonomy":"post_tag","embeddable":true,"href":"https:\/\/analyse.optim.biz\/index.php?rest_route=%2Fwp%2Fv2%2Ftags&post=2108057"}],"curies":[{"name":"wp","href":"https:\/\/api.w.org\/{rel}","templated":true}]}}