{"id":2108056,"date":"2026-08-23T09:00:46","date_gmt":"2026-08-23T06:00:46","guid":{"rendered":"https:\/\/analyse.optim.biz\/?p=2108056"},"modified":"2026-08-23T09:00:46","modified_gmt":"2026-08-23T06:00:46","slug":"judetul-buzau-pe-lista-alegerilor-anticipate-de-primar","status":"publish","type":"post","link":"https:\/\/analyse.optim.biz\/?p=2108056","title":{"rendered":"Jude\u021bul Buz\u0103u, pe lista alegerilor anticipate de primar"},"content":{"rendered":"<p>[analyse_image type=&#8221;featured&#8221; src=&#8221;https:\/\/opiniabuzau.ro\/wp-content\/uploads\/2020\/11\/ALEGERI-PARLSMRNTARE.jpg&#8221;]<\/p>\n<div class=\"entry-content entry clearfix\">\n<blockquote>\n<p><strong>Pre\u015fedintele Autorit\u0103\u0163ii Electorale Permanente, Adrian \u0162u\u0163uianu, a anun\u0163at c\u0103 \u00een acest moment sunt \u00een Rom\u00e2nia 24 de unit\u0103\u021bi administrativ-teritoriale unde ar trebui s\u0103 fie organizate alegeri pentru func\u0163ia de primar. <\/strong><\/p>\n<\/blockquote>\n<p><em>\u201eSunt 24 de unit\u0103\u0163i administrativ-teritoriale unde ar trebui s\u0103 avem alegeri. \u00cen Alba, \u00een comuna Bucerdea Gr\u00e2noas\u0103, \u00een Bistri\u0163a-N\u0103s\u0103ud, comuna Chiuza, \u00een Boto\u015fani, ora\u015ful Fl\u0103m\u00e2nzi, \u00een Bra\u015fov, comuna Augustin, comuna Beclean \u015fi comuna Ungra, \u00een Buz\u0103u, comuna Z\u0103rne\u015fti, la C\u0103l\u0103ra\u015fi, ora\u015ful Lehliu-Gar\u0103, la Cluj, ora\u015ful Huedin, la Constan\u0163a, municipiul Mangalia, s-a pronun\u0163at definitiv instan\u0163a \u015fi am ad\u0103ugat-o pe list\u0103\u201d<\/em>, a afirmat Adrian \u0162u\u0163uianu, vineri, \u00eentr-o conferin\u0163\u0103 de pres\u0103.<\/p>\n<p>El a ad\u0103ugat c\u0103 alte localit\u0103\u0163i unde vor avea loc alegeri sunt comuna B\u0103\u0163ani din Covasna, comuna Dr\u0103gu\u015feni din Gala\u0163i, comuna Stolniceni-Pr\u0103jescu din Ia\u015fi, comuna Gogo\u015fu din Mehedin\u0163i, comunele Apold \u015fi S\u00e2nger din Mure\u015f, comuna Z\u0103ne\u015fti din Neam\u0163, comuna Nicolae Titulescu din Olt, comuna Ciorani din Prahova, comuna Vatra Moldovi\u0163ei din Suceava, comuna Pesac din Timi\u015f, comuna Iv\u0103ne\u015fti din Vaslui, comuna Ureche\u015fti din Vrancea.<\/p>\n<p>De asemenea, vor avea loc alegeri la Prim\u0103ria Sectorului 6 din Bucure\u015fti.<\/p>\n<p><em>\u201eProbabil c\u0103 la aceast\u0103 list\u0103, dup\u0103 cum cunoa\u015fte\u0163i, din spa\u0163iul public, ca \u015fi mine, se vor ad\u0103uga alte unit\u0103\u0163i administrativ-teritoriale unde primarii fac obiectul recentei reglement\u0103ri privind incompatibilit\u0103\u0163ile \u015fi conflictele de interese \u015fi deciziei Cur\u0163ii Constitu\u0163ionale, care au fost \u00eendelung comentate \u00een aceste zile\u201d<\/em>, a declarat pre\u015fedintele AEP.<\/p>\n<div class=\"stream-item stream-item-in-post stream-item-inline-post aligncenter\"><a href=\"https:\/\/vreaulanova.ro\/?utm_source=opiniabuzau&amp;utm_medium=image\" title target=\"_blank\"><img loading=\"lazy\" decoding=\"async\" data-od-unknown-tag data-od-xpath=\"\/HTML\/BODY\/DIV[@class=&apos;background-overlay&apos;]\/*[1][self::DIV]\/*[1][self::DIV]\/*[4][self::DIV]\/*[1][self::DIV]\/*[1][self::DIV]\/*[2][self::ARTICLE]\/*[3][self::DIV]\/*[7][self::DIV]\/*[1][self::A]\/*[1][self::IMG]\" src=\"https:\/\/opiniabuzau.ro\/wp-content\/smush-webp\/2022\/02\/MicrosoftTeams-image-4-1.jpg.webp\" alt width=\"728\" height=\"91\" class=\"perfmatters-lazy\"><img loading=\"lazy\" decoding=\"async\" data-od-unknown-tag data-od-xpath=\"\/HTML\/BODY\/DIV[@class=&apos;background-overlay&apos;]\/*[1][self::DIV]\/*[1][self::DIV]\/*[4][self::DIV]\/*[1][self::DIV]\/*[1][self::DIV]\/*[2][self::ARTICLE]\/*[3][self::DIV]\/*[7][self::DIV]\/*[1][self::A]\/*[1][self::IMG]\" src=\"https:\/\/opiniabuzau.ro\/wp-content\/smush-webp\/2022\/02\/MicrosoftTeams-image-4-1.jpg.webp\" alt width=\"728\" height=\"91\"><\/a><\/div>\n<blockquote>\n<p><span><strong>Reamintim c\u0103 liberalul Sorin Matei, aflat la al doilea mandat de primar al comunei Z\u0103rne\u0219ti, \u0219i-a prezentat demisia pe 5 iunie 2026, iar din 10 iunie atribu\u021biile sale au fost preluate de viceprimarul social-democrat Victor Marian Dinu. Fostul primar \u0219i-a motivat retragerea prin probleme de s\u0103n\u0103tate.<\/strong><\/span><\/p>\n<\/blockquote>\n<\/div>\n<p>[analyse_source url=&#8221;https:\/\/opiniabuzau.ro\/judetul-buzaul-pe-lista-alegerilor-anticipate-de-primar\/&#8221;]<\/p>\n","protected":false},"excerpt":{"rendered":"<p>[analyse_image type=&#8221;featured&#8221; src=&#8221;https:\/\/opiniabuzau.ro\/wp-content\/uploads\/2020\/11\/ALEGERI-PARLSMRNTARE.jpg&#8221;] Pre\u015fedintele Autorit\u0103\u0163ii Electorale Permanente, Adrian \u0162u\u0163uianu, a anun\u0163at c\u0103 \u00een acest moment sunt \u00een Rom\u00e2nia 24 de unit\u0103\u021bi administrativ-teritoriale unde ar trebui s\u0103 fie organizate alegeri pentru func\u0163ia de primar. \u201eSunt 24 de unit\u0103\u0163i administrativ-teritoriale unde ar trebui s\u0103 avem alegeri. \u00cen Alba, \u00een comuna Bucerdea Gr\u00e2noas\u0103, \u00een Bistri\u0163a-N\u0103s\u0103ud, comuna Chiuza, \u00een [&hellip;]<\/p>\n","protected":false},"author":1,"featured_media":0,"comment_status":"open","ping_status":"","sticky":false,"template":"","format":"standard","meta":{"footnotes":""},"categories":[2],"tags":[226,44],"class_list":["post-2108056","post","type-post","status-publish","format-standard","hentry","category-politics","tag-crawlmanager","tag-opiniabuzau-ro"],"_links":{"self":[{"href":"https:\/\/analyse.optim.biz\/index.php?rest_route=\/wp\/v2\/posts\/2108056","targetHints":{"allow":["GET"]}}],"collection":[{"href":"https:\/\/analyse.optim.biz\/index.php?rest_route=\/wp\/v2\/posts"}],"about":[{"href":"https:\/\/analyse.optim.biz\/index.php?rest_route=\/wp\/v2\/types\/post"}],"author":[{"embeddable":true,"href":"https:\/\/analyse.optim.biz\/index.php?rest_route=\/wp\/v2\/users\/1"}],"replies":[{"embeddable":true,"href":"https:\/\/analyse.optim.biz\/index.php?rest_route=%2Fwp%2Fv2%2Fcomments&post=2108056"}],"version-history":[{"count":0,"href":"https:\/\/analyse.optim.biz\/index.php?rest_route=\/wp\/v2\/posts\/2108056\/revisions"}],"wp:attachment":[{"href":"https:\/\/analyse.optim.biz\/index.php?rest_route=%2Fwp%2Fv2%2Fmedia&parent=2108056"}],"wp:term":[{"taxonomy":"category","embeddable":true,"href":"https:\/\/analyse.optim.biz\/index.php?rest_route=%2Fwp%2Fv2%2Fcategories&post=2108056"},{"taxonomy":"post_tag","embeddable":true,"href":"https:\/\/analyse.optim.biz\/index.php?rest_route=%2Fwp%2Fv2%2Ftags&post=2108056"}],"curies":[{"name":"wp","href":"https:\/\/api.w.org\/{rel}","templated":true}]}}