{"id":2107891,"date":"2026-08-19T09:17:57","date_gmt":"2026-08-19T06:17:57","guid":{"rendered":"https:\/\/analyse.optim.biz\/?p=2107891"},"modified":"2026-08-19T09:17:57","modified_gmt":"2026-08-19T06:17:57","slug":"apia-mai-sunt-doar-9-zile-lucratoare-pentru-vizarea-carnetelor-de-rentier-agricol","status":"publish","type":"post","link":"https:\/\/analyse.optim.biz\/?p=2107891","title":{"rendered":"APIA: Mai sunt doar 9 zile lucr\u0103toare pentru vizarea carnetelor de rentier agricol"},"content":{"rendered":"<p>[analyse_image type=&#8221;featured&#8221; src=&#8221;https:\/\/infotulcea.ro\/wp-content\/uploads\/2026\/08\/apia-1.pnghttps:\/\/infotulcea.ro\/wp-content\/uploads\/2026\/08\/apia-1.png&#8221;]<\/p>\n<div id=\"content\" class=\"site-content container\">\n<div id=\"main-content-row\" class=\"tie-row main-content-row\">\n<div class=\"main-content tie-col-md-8 tie-col-xs-12\" role=\"main\">\n<article id=\"the-post\" class=\"container-wrapper post-content tie-standard\">\n<header class=\"entry-header-outer\">\n<nav id=\"breadcrumb\"><a href=\"https:\/\/infotulcea.ro\/\"> Home<\/a><em class=\"delimiter\">\/<\/em><a href=\"https:\/\/infotulcea.ro\/categorie\/agricultura\/\">Agricultur\u0103<\/a><em class=\"delimiter\">\/<\/em><span class=\"current\">APIA: Mai sunt doar 9 zile lucr\u0103toare pentru vizarea carnetelor de rentier agricol<\/span><\/nav>\n<div class=\"entry-header\"><span class=\"post-cat-wrap\"><a class=\"post-cat tie-cat-43\" href=\"https:\/\/infotulcea.ro\/categorie\/agricultura\/\">Agricultur\u0103<\/a><\/span><\/p>\n<h1 class=\"post-title entry-title\">\n\t\t\tAPIA: Mai sunt doar 9 zile lucr\u0103toare pentru vizarea carnetelor de rentier agricol\t\t<\/h1>\n<div class=\"single-post-meta post-meta clearfix\"><span class=\"author-meta single-author no-avatars\"><span class=\"meta-item meta-author-wrapper meta-author-9\"><span class=\"meta-author\"><a href=\"https:\/\/infotulcea.ro\/author\/redactia-2\/\" class=\"author-name tie-icon\" title=\"Redactia\">Redactia<\/a><\/span><\/span><\/span><span class=\"date meta-item tie-icon\">19 august 2026<\/span><\/p>\n<div class=\"tie-alignright\"><span class=\"meta-comment tie-icon meta-item fa-before\">0<\/span><span class=\"meta-views meta-item \"> 411 <\/span><span class=\"meta-reading-time meta-item\"> 2 minutes read<\/span><\/div>\n<\/div>\n<\/div>\n<\/header>\n<div class=\"entry-content entry clearfix\">\n<p><strong>\u00a0Agen\u021bia de Pl\u0103\u021bi \u0219i Interven\u021bie pentru Agricultur\u0103 (APIA) reaminte\u0219te c\u0103 termenul-limit\u0103 p\u00e2n\u0103 la<\/strong><br \/><strong>care rentierii agricoli sau \u00eemputernici\u021bii\/mandatarii\/curatorii acestora pot transmite documentele<\/strong><br \/><strong>necesare pentru acordarea rentei viagere agricole aferent\u0103 anului 2025 este 31 august 2026,<\/strong><br \/><strong>inclusiv<\/strong>.<br \/>\nPentru acordarea rentei viagere agricole, rentierii pot solicita aplicarea vizei anuale prin:<br \/>\n\u2022\u00a0prezentarea la sediile Centrelor Jude\u021bene APIA;<br \/>\n\u2022\u00a0transmiterea documentelor prin mijloace electronice de comunicare;<br \/>\n\u2022\u00a0transmiterea documentelor prin po\u0219t\u0103 sau servicii de curierat.<br \/>\nPentru vizarea electronic\u0103, rentierii vor transmite documentele necesare pe adresa de e-mail a<br \/>\nCentrului Jude\u021bean APIA la care se afl\u0103 dosarul rentierului \u0219i vor contacta telefonic func\u021bionarii<br \/>\nAPIA pentru confirmarea acord\u0103rii vizei.<br \/>\nLista nominal\u0103 a rentierilor agricoli care nu \u0219i-au vizat \u00eenc\u0103 carnetele este publicat\u0103 pe site-ul<br \/>\nAPIA \u0219i poate fi consultat\u0103 la adresa: https:\/\/apia.org.ro\/ajutoare-specifice\/masuri-de-sprijin-<br \/>\nfinantate-de-la-bugetul-national\/renta-viagera-agricola\/ .<br \/>\nLa depunerea documentelor pentru aplicarea vizei anuale, personal sau prin<br \/>\n\u00eemputernicit\/mandatar\/curator, rentierul trebuie s\u0103 prezinte:<br \/>\n\u2022\u00a0carnetul de rentier agricol \u00een original;<br \/>\n\u2022\u00a0actul de identitate al solicitantului;<br \/>\n\u2022\u00a0decizia emis\u0103 de comisia de expertiz\u0103 medical\u0103, pentru solicitan\u021bii pensiona\u021bi pe caz de<br \/>\nboal\u0103, gradele I sau II;<br \/>\n\u2022\u00a0\u00een cazul persoanelor pensionate pe caz de boal\u0103 gradele I sau II a c\u0103ror pensie de<br \/>\ninvaliditate devine pensie pentru limit\u0103 de v\u00e2rst\u0103, decizia emis\u0103 de comisia de expertiz\u0103<br \/>\nmedical\u0103 \u0219i decizia de pensionare pentru limit\u0103 de v\u00e2rst\u0103;<br \/>\n\u2022\u00a0procur\u0103 notarial\u0103 autentificat\u0103\/curatel\u0103\/hot\u0103r\u00e2re judec\u0103toreasc\u0103 definitiv\u0103 din care s\u0103<br \/>\nrezulte c\u0103 solicitantul este tutore legal al rentierului agricol, \u00een original, \u00een cazul \u00een care<br \/>\nvizarea carnetului este solicitat\u0103 prin reprezentant legal;<br \/>\n\u2022\u00a0contractul\/contractele de arendare \u00eencheiat\/\u00eencheiate p\u00e2n\u0103 la data de 30 septembrie<br \/>\n2011, cu respectarea prevederilor Legii arend\u0103rii nr. 16\/1994, cu modific\u0103rile \u0219i<br \/>\ncomplet\u0103rile ulterioare, sau \u00eencheiat\/\u00eencheiate dup\u0103 data de 1 octombrie 2011, cu<br \/>\nrespectarea prevederilor Codului civil;<br \/>\n\u2022\u00a0extras de cont \u00een lei pe numele rentierului agricol, deschis la oricare banc\u0103 cu care APIA<br \/>\nare conven\u021bie de lucru pe teritoriul Rom\u00e2niei \u2013 op\u021bional;<\/p>\n<p>\u2022\u00a0declara\u021bia pentru ob\u021binerea vizei anuale, conform modelului prev\u0103zut \u00een anexa la Normele<br \/>\nmetodologice de aplicare a prevederilor titlului XI \u201eRenta viager\u0103 agricol\u0103\u201d din Legea nr.<br \/>\n247\/2005, aprobate prin Ordinul nr. 1.272\/2005.<br \/>\nInforma\u021bii pentru mo\u0219tenitorii rentierilor<br \/>\n\u00cen cazul decesului rentierului, renta viager\u0103 agricol\u0103 aferent\u0103 anului 2025, calculat\u0103 de la<img loading=\"lazy\" decoding=\"async\" class=\"wp-image-40434 alignright lazyload\" src=\"https:\/\/infotulcea.ro\/wp-content\/uploads\/2026\/08\/apia-1-500x333.png\" alt width=\"479\" height=\"319\" data-max-width=\"479\"><\/p>\n<p><img loading=\"lazy\" decoding=\"async\" class=\" wp-image-40434 alignright\" src=\"https:\/\/infotulcea.ro\/wp-content\/uploads\/2026\/08\/apia-1-500x333.png\" alt width=\"479\" height=\"319\"><br \/>\n01.01.2025 p\u00e2n\u0103 la data decesului, poate fi \u00eencasat\u0103 de c\u0103tre mo\u0219tenitorul acestuia, cu<br \/>\nrespectarea prevederilor art. 8 din titlul XI \u201eRenta viager\u0103 agricol\u0103\u201d din Legea nr. 247\/2005.<br \/>\nPentru acordarea rentei viagere aferent\u0103 anului 2025, mo\u0219tenitorul trebuie s\u0103 depun\u0103 la oricare<br \/>\nCentru Jude\u021bean APIA, cererea de mo\u0219tenitor, \u00eenso\u021bit\u0103 de documentele justificative prev\u0103zute de<br \/>\nlegisla\u021bia \u00een vigoare, p\u00e2n\u0103 la data de 15 octombrie 2026, inclusiv.<br \/>\nDocumentele necesare sunt:<br \/>\n\u2022\u00a0carnetul de rentier al defunctului, \u00een original;<br \/>\n\u2022\u00a0copie a certificatului de deces;<br \/>\n\u2022\u00a0copie a actului doveditor privind calitatea de mo\u0219tenitor (certificat de mo\u015ftenitor sau<br \/>\ncertificat de calitate de mo\u015ftenitor sau\u00a0\u201dSesizare pentru deschiderea procedurii<br \/>\nsuccesorale\u201d denumit\u0103 Anexa nr. 24 la Ordinul Ministrului Finan\u0163elor Publice \u015fi Ministrului<br \/>\nAdministra\u0163iei \u015fi Internelor nr. 2052\/bis\/1528\/2006 privind aprobarea unor formulare<br \/>\ntipizate pentru stabilirea, constatarea, controlul, \u00eencasarea \u015fi urm\u0103rirea impozitelor \u015fi<br \/>\ntaxelor locale, precum \u015fi a altor venituri ale bugetelor locale (Anexa nr. 24 Model 2006 ITL<br \/>\n024);<br \/>\n\u2022\u00a0copie dup\u0103 BI\/CI\/pa\u015faport al mo\u015ftenitorului;<br \/>\n\u2022\u00a0\u00eemputernicire\/declara\u021bie notarial\u0103 din care s\u0103 rezulte acordul celorlal\u021bi mo\u0219tenitori<br \/>\nprivind solicitarea \u0219i \u00eencasarea rentei viagere agricole datorat\u0103 rentierului, \u00een original;<br \/>\n\u2022\u00a0extras de cont \u00een lei pe numele mo\u0219tenitorului (op\u021bional).<br \/>\nDeoarece carnetul de rentier agricol trebuie depus \u00een original, cererea de mo\u0219tenitor poate fi<br \/>\ndepus\u0103 la sediile Centrelor Jude\u021bene APIA, la Centrul Municipiului Bucure\u0219ti sau poate fi<br \/>\ntransmis\u0103 prin po\u0219t\u0103\/curier.<br \/>\nPlata rentei viagere agricole se efectueaz\u0103 \u00eentr-o singur\u0103 tran\u0219\u0103 anual\u0103, p\u00e2n\u0103 la data de 30<br \/>\nnoiembrie 2026, prin mandat po\u0219tal sau virament bancar, \u00een conformitate cu prevederile legale.<br \/>\nDatele de contact ale Centrelor APIA pot fi consultate pe site-ul institu\u021biei, acces\u00e2nd link-ul:<br \/>\nhttps:\/\/apia.org.ro\/centre-judetene\/.\n<\/div>\n<div id=\"post-extra-info\">\n<div class=\"theiaStickySidebar\">\n<div class=\"single-post-meta post-meta clearfix\"><span class=\"author-meta single-author no-avatars\"><span class=\"meta-item meta-author-wrapper meta-author-9\"><span class=\"meta-author\"><a href=\"https:\/\/infotulcea.ro\/author\/redactia-2\/\" class=\"author-name tie-icon\" title=\"Redactia\">Redactia<\/a><\/span><\/span><\/span><span class=\"date meta-item tie-icon\">19 august 2026<\/span><\/p>\n<div class=\"tie-alignright\"><span class=\"meta-comment tie-icon meta-item fa-before\">0<\/span><span class=\"meta-views meta-item \"> 411 <\/span><span class=\"meta-reading-time meta-item\"> 2 minutes read<\/span><\/div>\n<\/div>\n<\/div>\n<\/div>\n<div id=\"share-buttons-bottom\" class=\"share-buttons share-buttons-bottom\">\n<div class=\"share-links  icons-only\">\n<div class=\"share-title\"><span> Share<\/span><\/div>\n<p><a href=\"https:\/\/www.facebook.com\/sharer.php?u=https:\/\/infotulcea.ro\/apia-mai-sunt-doar-9-zile-lucratoare-pentru-vizarea-carnetelor-de-rentier-agricol\/\" rel=\"external noopener nofollow\" title=\"Facebook\" target=\"_blank\" class=\"facebook-share-btn \" data-raw=\"https:\/\/www.facebook.com\/sharer.php?u={post_link}\"><span class=\"screen-reader-text\">Facebook<\/span><\/a><a href=\"https:\/\/twitter.com\/intent\/tweet?text=APIA%3A%20Mai%20sunt%20doar%209%20zile%20lucr%C4%83toare%20pentru%20vizarea%20carnetelor%20de%20rentier%20agricol&amp;url=https:\/\/infotulcea.ro\/apia-mai-sunt-doar-9-zile-lucratoare-pentru-vizarea-carnetelor-de-rentier-agricol\/\" rel=\"external noopener nofollow\" title=\"X\" target=\"_blank\" class=\"twitter-share-btn \" data-raw=\"https:\/\/twitter.com\/intent\/tweet?text={post_title}&amp;url={post_link}\"><span class=\"screen-reader-text\">X<\/span><\/a><a href=\"https:\/\/api.whatsapp.com\/send?text=APIA%3A%20Mai%20sunt%20doar%209%20zile%20lucr%C4%83toare%20pentru%20vizarea%20carnetelor%20de%20rentier%20agricol%20https:\/\/infotulcea.ro\/apia-mai-sunt-doar-9-zile-lucratoare-pentru-vizarea-carnetelor-de-rentier-agricol\/\" rel=\"external noopener nofollow\" title=\"WhatsApp\" target=\"_blank\" class=\"whatsapp-share-btn \" data-raw=\"https:\/\/api.whatsapp.com\/send?text={post_title}%20{post_link}\"><span class=\"screen-reader-text\">WhatsApp<\/span><\/a><a href=\"https:\/\/telegram.me\/share\/url?url=https:\/\/infotulcea.ro\/apia-mai-sunt-doar-9-zile-lucratoare-pentru-vizarea-carnetelor-de-rentier-agricol\/&amp;text=APIA%3A%20Mai%20sunt%20doar%209%20zile%20lucr%C4%83toare%20pentru%20vizarea%20carnetelor%20de%20rentier%20agricol\" rel=\"external noopener nofollow\" title=\"Telegram\" target=\"_blank\" class=\"telegram-share-btn \" data-raw=\"https:\/\/telegram.me\/share\/url?url={post_link}&amp;text={post_title}\"><span class=\"screen-reader-text\">Telegram<\/span><\/a><a href=\"mailto:?subject=APIA%3A%20Mai%20sunt%20doar%209%20zile%20lucr%C4%83toare%20pentru%20vizarea%20carnetelor%20de%20rentier%20agricol&amp;body=https:\/\/infotulcea.ro\/apia-mai-sunt-doar-9-zile-lucratoare-pentru-vizarea-carnetelor-de-rentier-agricol\/\" rel=\"external noopener nofollow\" title=\"Share via Email\" target=\"_blank\" class=\"email-share-btn \" data-raw=\"mailto:?subject={post_title}&amp;body={post_link}\"><span class=\"screen-reader-text\">Share via Email<\/span><\/a><a href=\"https:\/\/infotulcea.ro\/apia-mai-sunt-doar-9-zile-lucratoare-pentru-vizarea-carnetelor-de-rentier-agricol\/\" rel=\"external noopener nofollow\" title=\"Print\" target=\"_blank\" class=\"print-share-btn \" data-raw=\"#\"><span class=\"screen-reader-text\">Print<\/span><\/a><\/div>\n<\/div>\n<\/article>\n<div class=\"post-components\">\n<div id=\"related-posts\" class=\"container-wrapper has-extra-post\">\n<div class=\"mag-box-title the-global-title\">\n<h3>Related Articles<\/h3>\n<\/div>\n<div class=\"related-posts-list\">\n<div class=\"related-item tie-standard\"><a aria-label=\"Apel APIA: Depune online cererea, nu rata subven\u021bia!\" href=\"https:\/\/infotulcea.ro\/apel-apia-depune-online-cererea-nu-rata-subventia\/\" class=\"post-thumb\"><source sizes=\"(max-width: 390px) 100vw, 390px\" type=\"image\/webp\" data-srcset=\"https:\/\/infotulcea.ro\/wp-content\/uploads\/2020\/06\/Bani-fermier-apia-subventii-390x220.jpg.webp 390w, https:\/\/infotulcea.ro\/wp-content\/uploads\/2020\/06\/Bani-fermier-apia-subventii-300x169.jpg.webp 300w, https:\/\/infotulcea.ro\/wp-content\/uploads\/2020\/06\/Bani-fermier-apia-subventii.jpg.webp 678w\" \/><img loading=\"lazy\" decoding=\"async\" width=\"390\" height=\"220\" src=\"https:\/\/infotulcea.ro\/wp-content\/uploads\/2020\/06\/Bani-fermier-apia-subventii-390x220.jpg\" class=\"attachment-jannah-image-large size-jannah-image-large wp-post-image\" alt><\/a><\/p>\n<h3 class=\"post-title\"><a href=\"https:\/\/infotulcea.ro\/apel-apia-depune-online-cererea-nu-rata-subventia\/\">Apel APIA: Depune online cererea, nu rata subven\u021bia!<\/a><\/h3>\n<div class=\"post-meta clearfix\"><span class=\"date meta-item tie-icon\">2 iunie 2020<\/span><\/div>\n<\/div>\n<div class=\"related-item tie-standard\"><a aria-label=\"Tulcea \u015fi Jurilovca au un subsecretar de stat la Ministerul Agriculturii\" href=\"https:\/\/infotulcea.ro\/tulcea-si-jurilovca-au-un-subsecretar-de-stat-la-ministerul-agriculturii\/\" class=\"post-thumb\"><img loading=\"lazy\" decoding=\"async\" width=\"390\" height=\"220\" src=\"https:\/\/infotulcea.ro\/wp-content\/uploads\/2022\/01\/leonov-390x220.jpg\" class=\"attachment-jannah-image-large size-jannah-image-large wp-post-image lazyload\" alt><img loading=\"lazy\" decoding=\"async\" width=\"390\" height=\"220\" src=\"https:\/\/infotulcea.ro\/wp-content\/uploads\/2022\/01\/leonov-390x220.jpg\" class=\"attachment-jannah-image-large size-jannah-image-large wp-post-image\" alt><\/a><\/p>\n<h3 class=\"post-title\"><a href=\"https:\/\/infotulcea.ro\/tulcea-si-jurilovca-au-un-subsecretar-de-stat-la-ministerul-agriculturii\/\">Tulcea \u015fi Jurilovca au un subsecretar de stat la Ministerul Agriculturii<\/a><\/h3>\n<div class=\"post-meta clearfix\"><span class=\"date meta-item tie-icon\">31 ianuarie 2022<\/span><\/div>\n<\/div>\n<div class=\"related-item tie-standard\">\n<h3 class=\"post-title\"><a href=\"https:\/\/infotulcea.ro\/apia-plateste-peste-155-milioane-lei-pentru-motorina-aferenta-trimestrului-i-al-anului-2026\/\">APIA pl\u0103te\u0219te peste 155 milioane lei pentru motorina aferent\u0103  trimestrului I al anului 2026<\/a><\/h3>\n<div class=\"post-meta clearfix\"><span class=\"date meta-item tie-icon\">3 august 2026<\/span><\/div>\n<\/div>\n<div class=\"related-item tie-standard\"><a aria-label=\"Se dau banii pentru Programul \u201dTomata\u201d! 32 de beneficiari la Tulcea\" href=\"https:\/\/infotulcea.ro\/se-dau-banii-pentru-programul-tomata-32-de-beneficiari-la-tulcea\/\" class=\"post-thumb\"><source type=\"image\/webp\" data-srcset=\"https:\/\/infotulcea.ro\/wp-content\/uploads\/2024\/07\/rosii-tomata-390x220.jpg.webp\" \/><img loading=\"lazy\" decoding=\"async\" width=\"390\" height=\"220\" src=\"https:\/\/infotulcea.ro\/wp-content\/uploads\/2024\/07\/rosii-tomata-390x220.jpg\" class=\"attachment-jannah-image-large size-jannah-image-large wp-post-image\" alt><\/a><\/p>\n<h3 class=\"post-title\"><a href=\"https:\/\/infotulcea.ro\/se-dau-banii-pentru-programul-tomata-32-de-beneficiari-la-tulcea\/\">Se dau banii pentru Programul \u201dTomata\u201d! 32 de beneficiari la Tulcea<\/a><\/h3>\n<div class=\"post-meta clearfix\"><span class=\"date meta-item tie-icon\">17 iulie 2024<\/span><\/div>\n<\/div>\n<\/div>\n<\/div>\n<div id=\"comments\" class=\"comments-area\">\n<div id=\"add-comment-block\" class=\"container-wrapper\">\n<div id=\"respond\" class=\"comment-respond\">\n<h3 id=\"reply-title\" class=\"comment-reply-title the-global-title\">Las\u0103 un r\u0103spuns <small><a rel=\"nofollow\" id=\"cancel-comment-reply-link\" href=\"https:\/\/infotulcea.ro\/apia-mai-sunt-doar-9-zile-lucratoare-pentru-vizarea-carnetelor-de-rentier-agricol\/#respond\">Anuleaz\u0103 r\u0103spunsul<\/a><\/small><\/h3>\n<p class=\"comment-notes\"><span id=\"email-notes\">Adresa ta de email nu va fi publicat\u0103.<\/span><span class=\"required-field-message\">C\u00e2mpurile obligatorii sunt marcate cu <span class=\"required\">*<\/span><\/span><\/p>\n<\/div>\n<\/div>\n<\/div>\n<\/div>\n<\/div>\n<div id=\"check-also-box\" class=\"container-wrapper check-also-right\">\n<div class=\"widget-title the-global-title\">\n<div class=\"the-subtitle\">Check Also<\/div>\n<p><a href=\"https:\/\/infotulcea.ro\/apia-mai-sunt-doar-9-zile-lucratoare-pentru-vizarea-carnetelor-de-rentier-agricol\/\" id=\"check-also-close\" class=\"remove\"><span class=\"screen-reader-text\">Close<\/span><\/a><\/div>\n<div class=\"widget posts-list-big-first has-first-big-post\">\n<ul class=\"posts-list-items\">\n<li class=\"widget-single-post-item widget-post-list tie-standard\">\n<div class=\"post-widget-thumbnail\"><a aria-label=\"Aviz fermierilor! Adeverin\u0163e de la APIA pentru creditare \u00een Campania 2022\" href=\"https:\/\/infotulcea.ro\/aviz-fermierilor-adeverinte-de-la-apia-pentru-creditare-in-campania-2022\/\" class=\"post-thumb\"><span class=\"post-cat-wrap\"><span class=\"post-cat tie-cat-43\">Agricultur\u0103<\/span><\/span><img loading=\"lazy\" decoding=\"async\" width=\"390\" height=\"220\" src=\"https:\/\/infotulcea.ro\/wp-content\/uploads\/2022\/03\/APIA-390x220.jpg\" class=\"attachment-jannah-image-large size-jannah-image-large wp-post-image lazyload\" alt><img loading=\"lazy\" decoding=\"async\" width=\"390\" height=\"220\" src=\"https:\/\/infotulcea.ro\/wp-content\/uploads\/2022\/03\/APIA-390x220.jpg\" class=\"attachment-jannah-image-large size-jannah-image-large wp-post-image\" alt><\/a><\/div>\n<div class=\"post-widget-body \"><a class=\"post-title the-subtitle\" href=\"https:\/\/infotulcea.ro\/aviz-fermierilor-adeverinte-de-la-apia-pentru-creditare-in-campania-2022\/\">Aviz fermierilor! Adeverin\u0163e de la APIA pentru creditare \u00een Campania 2022<\/a><\/p>\n<div class=\"post-meta\"><span class=\"date meta-item tie-icon\">16 martie 2022<\/span><\/div>\n<\/div>\n<\/li>\n<\/ul>\n<\/div>\n<\/div>\n<aside class=\"sidebar tie-col-md-4 tie-col-xs-12 normal-side is-sticky\" aria-label=\"Primary Sidebar\">\n<div class=\"theiaStickySidebar\">\n<div id=\"media_image-19\" class=\"container-wrapper widget widget_media_image\"><a href=\"https:\/\/infotulcea.ro\/delta-dunarii-mai-accesibila-navrom-delta-creste-numarul-curselor-regulate-de-la-1-mai-2025\/\"><source sizes=\"(max-width: 500px) 100vw, 500px\" type=\"image\/webp\" data-srcset=\"https:\/\/infotulcea.ro\/wp-content\/uploads\/2025\/04\/navrom-delta-500x271.jpg.webp 500w, https:\/\/infotulcea.ro\/wp-content\/uploads\/2025\/04\/navrom-delta-1024x555.jpg.webp 1024w, https:\/\/infotulcea.ro\/wp-content\/uploads\/2025\/04\/navrom-delta-768x416.jpg.webp 768w, https:\/\/infotulcea.ro\/wp-content\/uploads\/2025\/04\/navrom-delta.jpg.webp 1080w\" \/><img loading=\"lazy\" decoding=\"async\" width=\"500\" height=\"271\" src=\"https:\/\/infotulcea.ro\/wp-content\/uploads\/2025\/04\/navrom-delta-500x271.jpg\" class=\"image wp-image-34487  attachment-medium size-medium\" alt><\/a><\/div>\n<div id=\"media_image-17\" class=\"container-wrapper widget widget_media_image\"><a href=\"https:\/\/www.facebook.com\/share\/p\/1DGAD1tLWN\/?mibextid=wwXIfr\" target=\"_blank\"><source sizes=\"(max-width: 500px) 100vw, 500px\" type=\"image\/webp\" data-srcset=\"https:\/\/infotulcea.ro\/wp-content\/uploads\/2026\/01\/IMG_1563-500x500.jpeg.webp 500w, https:\/\/infotulcea.ro\/wp-content\/uploads\/2026\/01\/IMG_1563-1024x1024.jpeg.webp 1024w, https:\/\/infotulcea.ro\/wp-content\/uploads\/2026\/01\/IMG_1563-250x250.jpeg.webp 250w, https:\/\/infotulcea.ro\/wp-content\/uploads\/2026\/01\/IMG_1563-768x768.jpeg.webp 768w, https:\/\/infotulcea.ro\/wp-content\/uploads\/2026\/01\/IMG_1563.jpeg.webp 1080w\" \/><img loading=\"lazy\" decoding=\"async\" width=\"500\" height=\"500\" src=\"https:\/\/infotulcea.ro\/wp-content\/uploads\/2026\/01\/IMG_1563-500x500.jpeg\" class=\"image wp-image-37932  attachment-medium size-medium\" alt title=\"Centrale pe lemne\"><\/a><\/div>\n<div id=\"media_image-18\" class=\"container-wrapper widget widget_media_image\"><a href=\"https:\/\/www.licitatia.ro\/site\/index-guest\"><img loading=\"lazy\" decoding=\"async\" width=\"500\" height=\"262\" src=\"https:\/\/infotulcea.ro\/wp-content\/uploads\/2025\/09\/licitatia-500x262.png\" class=\"image wp-image-36670  attachment-medium size-medium lazyload\" alt data-max-width=\"500\"><img loading=\"lazy\" decoding=\"async\" width=\"500\" height=\"262\" src=\"https:\/\/infotulcea.ro\/wp-content\/uploads\/2025\/09\/licitatia-500x262.png\" class=\"image wp-image-36670  attachment-medium size-medium\" alt><\/a><\/div>\n<div id=\"media_image-27\" class=\"container-wrapper widget widget_media_image\"><a href=\"https:\/\/www.centrale-lemne-liepsnele.ro\/\"><img loading=\"lazy\" decoding=\"async\" width=\"500\" height=\"500\" src=\"https:\/\/infotulcea.ro\/wp-content\/uploads\/2025\/09\/Centrale-pe-Lemne-Liepsnele-500x500.png\" class=\"image wp-image-36541  attachment-medium size-medium lazyload\" alt=\"Centrala pe lemne\" data-max-width=\"500\"><img loading=\"lazy\" decoding=\"async\" width=\"500\" height=\"500\" src=\"https:\/\/infotulcea.ro\/wp-content\/uploads\/2025\/09\/Centrale-pe-Lemne-Liepsnele-500x500.png\" class=\"image wp-image-36541  attachment-medium size-medium\" alt=\"Centrala pe lemne\"><\/a><\/div>\n<div id=\"media_image-28\" class=\"container-wrapper widget widget_media_image\"><a href=\"https:\/\/infotulcea.ro\/angajeaza-te-ro-platforma-ta-online-de-angajari-si-forta-de-munca\/\"><source sizes=\"(max-width: 500px) 100vw, 500px\" type=\"image\/webp\" data-srcset=\"https:\/\/infotulcea.ro\/wp-content\/uploads\/2025\/04\/banner-angajazate-1-500x305.jpg.webp 500w, https:\/\/infotulcea.ro\/wp-content\/uploads\/2025\/04\/banner-angajazate-1-1024x625.jpg.webp 1024w, https:\/\/infotulcea.ro\/wp-content\/uploads\/2025\/04\/banner-angajazate-1-768x469.jpg.webp 768w, https:\/\/infotulcea.ro\/wp-content\/uploads\/2025\/04\/banner-angajazate-1.jpg.webp 1080w\" \/><img loading=\"lazy\" decoding=\"async\" width=\"500\" height=\"305\" src=\"https:\/\/infotulcea.ro\/wp-content\/uploads\/2025\/04\/banner-angajazate-1-500x305.jpg\" class=\"image wp-image-34317  attachment-medium size-medium\" alt><\/a><\/div>\n<\/div>\n<\/aside>\n<\/div>\n<\/div>\n<div class=\"entry-content entry clearfix\">\n<p><strong>\u00a0Agen\u021bia de Pl\u0103\u021bi \u0219i Interven\u021bie pentru Agricultur\u0103 (APIA) reaminte\u0219te c\u0103 termenul-limit\u0103 p\u00e2n\u0103 la<\/strong><br \/><strong>care rentierii agricoli sau \u00eemputernici\u021bii\/mandatarii\/curatorii acestora pot transmite documentele<\/strong><br \/><strong>necesare pentru acordarea rentei viagere agricole aferent\u0103 anului 2025 este 31 august 2026,<\/strong><br \/><strong>inclusiv<\/strong>.<br \/>\nPentru acordarea rentei viagere agricole, rentierii pot solicita aplicarea vizei anuale prin:<br \/>\n\u2022\u00a0prezentarea la sediile Centrelor Jude\u021bene APIA;<br \/>\n\u2022\u00a0transmiterea documentelor prin mijloace electronice de comunicare;<br \/>\n\u2022\u00a0transmiterea documentelor prin po\u0219t\u0103 sau servicii de curierat.<br \/>\nPentru vizarea electronic\u0103, rentierii vor transmite documentele necesare pe adresa de e-mail a<br \/>\nCentrului Jude\u021bean APIA la care se afl\u0103 dosarul rentierului \u0219i vor contacta telefonic func\u021bionarii<br \/>\nAPIA pentru confirmarea acord\u0103rii vizei.<br \/>\nLista nominal\u0103 a rentierilor agricoli care nu \u0219i-au vizat \u00eenc\u0103 carnetele este publicat\u0103 pe site-ul<br \/>\nAPIA \u0219i poate fi consultat\u0103 la adresa: https:\/\/apia.org.ro\/ajutoare-specifice\/masuri-de-sprijin-<br \/>\nfinantate-de-la-bugetul-national\/renta-viagera-agricola\/ .<br \/>\nLa depunerea documentelor pentru aplicarea vizei anuale, personal sau prin<br \/>\n\u00eemputernicit\/mandatar\/curator, rentierul trebuie s\u0103 prezinte:<br \/>\n\u2022\u00a0carnetul de rentier agricol \u00een original;<br \/>\n\u2022\u00a0actul de identitate al solicitantului;<br \/>\n\u2022\u00a0decizia emis\u0103 de comisia de expertiz\u0103 medical\u0103, pentru solicitan\u021bii pensiona\u021bi pe caz de<br \/>\nboal\u0103, gradele I sau II;<br \/>\n\u2022\u00a0\u00een cazul persoanelor pensionate pe caz de boal\u0103 gradele I sau II a c\u0103ror pensie de<br \/>\ninvaliditate devine pensie pentru limit\u0103 de v\u00e2rst\u0103, decizia emis\u0103 de comisia de expertiz\u0103<br \/>\nmedical\u0103 \u0219i decizia de pensionare pentru limit\u0103 de v\u00e2rst\u0103;<br \/>\n\u2022\u00a0procur\u0103 notarial\u0103 autentificat\u0103\/curatel\u0103\/hot\u0103r\u00e2re judec\u0103toreasc\u0103 definitiv\u0103 din care s\u0103<br \/>\nrezulte c\u0103 solicitantul este tutore legal al rentierului agricol, \u00een original, \u00een cazul \u00een care<br \/>\nvizarea carnetului este solicitat\u0103 prin reprezentant legal;<br \/>\n\u2022\u00a0contractul\/contractele de arendare \u00eencheiat\/\u00eencheiate p\u00e2n\u0103 la data de 30 septembrie<br \/>\n2011, cu respectarea prevederilor Legii arend\u0103rii nr. 16\/1994, cu modific\u0103rile \u0219i<br \/>\ncomplet\u0103rile ulterioare, sau \u00eencheiat\/\u00eencheiate dup\u0103 data de 1 octombrie 2011, cu<br \/>\nrespectarea prevederilor Codului civil;<br \/>\n\u2022\u00a0extras de cont \u00een lei pe numele rentierului agricol, deschis la oricare banc\u0103 cu care APIA<br \/>\nare conven\u021bie de lucru pe teritoriul Rom\u00e2niei \u2013 op\u021bional;<\/p>\n<p>\u2022\u00a0declara\u021bia pentru ob\u021binerea vizei anuale, conform modelului prev\u0103zut \u00een anexa la Normele<br \/>\nmetodologice de aplicare a prevederilor titlului XI \u201eRenta viager\u0103 agricol\u0103\u201d din Legea nr.<br \/>\n247\/2005, aprobate prin Ordinul nr. 1.272\/2005.<br \/>\nInforma\u021bii pentru mo\u0219tenitorii rentierilor<br \/>\n\u00cen cazul decesului rentierului, renta viager\u0103 agricol\u0103 aferent\u0103 anului 2025, calculat\u0103 de la<img loading=\"lazy\" decoding=\"async\" class=\"wp-image-40434 alignright lazyload\" src=\"https:\/\/infotulcea.ro\/wp-content\/uploads\/2026\/08\/apia-1-500x333.png\" alt width=\"479\" height=\"319\" data-max-width=\"479\"><\/p>\n<p><img loading=\"lazy\" decoding=\"async\" class=\" wp-image-40434 alignright\" src=\"https:\/\/infotulcea.ro\/wp-content\/uploads\/2026\/08\/apia-1-500x333.png\" alt width=\"479\" height=\"319\"><br \/>\n01.01.2025 p\u00e2n\u0103 la data decesului, poate fi \u00eencasat\u0103 de c\u0103tre mo\u0219tenitorul acestuia, cu<br \/>\nrespectarea prevederilor art. 8 din titlul XI \u201eRenta viager\u0103 agricol\u0103\u201d din Legea nr. 247\/2005.<br \/>\nPentru acordarea rentei viagere aferent\u0103 anului 2025, mo\u0219tenitorul trebuie s\u0103 depun\u0103 la oricare<br \/>\nCentru Jude\u021bean APIA, cererea de mo\u0219tenitor, \u00eenso\u021bit\u0103 de documentele justificative prev\u0103zute de<br \/>\nlegisla\u021bia \u00een vigoare, p\u00e2n\u0103 la data de 15 octombrie 2026, inclusiv.<br \/>\nDocumentele necesare sunt:<br \/>\n\u2022\u00a0carnetul de rentier al defunctului, \u00een original;<br \/>\n\u2022\u00a0copie a certificatului de deces;<br \/>\n\u2022\u00a0copie a actului doveditor privind calitatea de mo\u0219tenitor (certificat de mo\u015ftenitor sau<br \/>\ncertificat de calitate de mo\u015ftenitor sau\u00a0\u201dSesizare pentru deschiderea procedurii<br \/>\nsuccesorale\u201d denumit\u0103 Anexa nr. 24 la Ordinul Ministrului Finan\u0163elor Publice \u015fi Ministrului<br \/>\nAdministra\u0163iei \u015fi Internelor nr. 2052\/bis\/1528\/2006 privind aprobarea unor formulare<br \/>\ntipizate pentru stabilirea, constatarea, controlul, \u00eencasarea \u015fi urm\u0103rirea impozitelor \u015fi<br \/>\ntaxelor locale, precum \u015fi a altor venituri ale bugetelor locale (Anexa nr. 24 Model 2006 ITL<br \/>\n024);<br \/>\n\u2022\u00a0copie dup\u0103 BI\/CI\/pa\u015faport al mo\u015ftenitorului;<br \/>\n\u2022\u00a0\u00eemputernicire\/declara\u021bie notarial\u0103 din care s\u0103 rezulte acordul celorlal\u021bi mo\u0219tenitori<br \/>\nprivind solicitarea \u0219i \u00eencasarea rentei viagere agricole datorat\u0103 rentierului, \u00een original;<br \/>\n\u2022\u00a0extras de cont \u00een lei pe numele mo\u0219tenitorului (op\u021bional).<br \/>\nDeoarece carnetul de rentier agricol trebuie depus \u00een original, cererea de mo\u0219tenitor poate fi<br \/>\ndepus\u0103 la sediile Centrelor Jude\u021bene APIA, la Centrul Municipiului Bucure\u0219ti sau poate fi<br \/>\ntransmis\u0103 prin po\u0219t\u0103\/curier.<br \/>\nPlata rentei viagere agricole se efectueaz\u0103 \u00eentr-o singur\u0103 tran\u0219\u0103 anual\u0103, p\u00e2n\u0103 la data de 30<br \/>\nnoiembrie 2026, prin mandat po\u0219tal sau virament bancar, \u00een conformitate cu prevederile legale.<br \/>\nDatele de contact ale Centrelor APIA pot fi consultate pe site-ul institu\u021biei, acces\u00e2nd link-ul:<br \/>\nhttps:\/\/apia.org.ro\/centre-judetene\/.\n<\/div>\n<div class=\"articleBody\" data-key=\"articleBody\">\u00a0Agen\u021bia de Pl\u0103\u021bi \u0219i Interven\u021bie pentru Agricultur\u0103 (APIA) reaminte\u0219te c\u0103 termenul-limit\u0103 p\u00e2n\u0103 la<br \/>\ncare rentierii agricoli sau \u00eemputernici\u021bii\/mandatarii\/curatorii acestora pot transmite documentele<br \/>\nnecesare pentru acordarea rentei viagere agricole aferent\u0103 anului 2025 este 31 august 2026,<br \/>\ninclusiv.<br \/>\nPentru acordarea rentei viagere agricole, rentierii pot solicita aplicarea vizei anuale prin:<br \/>\n\u2022\u00a0prezentarea la sediile Centrelor Jude\u021bene APIA;<br \/>\n\u2022\u00a0transmiterea documentelor prin mijloace electronice de comunicare;<br \/>\n\u2022\u00a0transmiterea documentelor prin po\u0219t\u0103 sau servicii de curierat.<br \/>\nPentru vizarea electronic\u0103, rentierii vor transmite documentele necesare pe adresa de e-mail a<br \/>\nCentrului Jude\u021bean APIA la care se afl\u0103 dosarul rentierului \u0219i vor contacta telefonic func\u021bionarii<br \/>\nAPIA pentru confirmarea acord\u0103rii vizei.<br \/>\nLista nominal\u0103 a rentierilor agricoli care nu \u0219i-au vizat \u00eenc\u0103 carnetele este publicat\u0103 pe site-ul<br \/>\nAPIA \u0219i poate fi consultat\u0103 la adresa: https:\/\/apia.org.ro\/ajutoare-specifice\/masuri-de-sprijin-<br \/>\nfinantate-de-la-bugetul-national\/renta-viagera-agricola\/ .<br \/>\nLa depunerea documentelor pentru aplicarea vizei anuale, personal sau prin<br \/>\n\u00eemputernicit\/mandatar\/curator, rentierul trebuie s\u0103 prezinte:<br \/>\n\u2022\u00a0carnetul de rentier agricol \u00een original;<br \/>\n\u2022\u00a0actul de identitate al solicitantului;<br \/>\n\u2022\u00a0decizia emis\u0103 de comisia de expertiz\u0103 medical\u0103, pentru solicitan\u021bii pensiona\u021bi pe caz de<br \/>\nboal\u0103, gradele I sau II;<br \/>\n\u2022\u00a0\u00een cazul persoanelor pensionate pe caz de boal\u0103 gradele I sau II a c\u0103ror pensie de<br \/>\ninvaliditate devine pensie pentru limit\u0103 de v\u00e2rst\u0103, decizia emis\u0103 de comisia de expertiz\u0103<br \/>\nmedical\u0103 \u0219i decizia de pensionare pentru limit\u0103 de v\u00e2rst\u0103;<br \/>\n\u2022\u00a0procur\u0103 notarial\u0103 autentificat\u0103\/curatel\u0103\/hot\u0103r\u00e2re judec\u0103toreasc\u0103 definitiv\u0103 din care s\u0103<br \/>\nrezulte c\u0103 solicitantul este tutore legal al rentierului agricol, \u00een original, \u00een cazul \u00een care<br \/>\nvizarea carnetului este solicitat\u0103 prin reprezentant legal;<br \/>\n\u2022\u00a0contractul\/contractele de arendare \u00eencheiat\/\u00eencheiate p\u00e2n\u0103 la data de 30 septembrie<br \/>\n2011, cu respectarea prevederilor Legii arend\u0103rii nr. 16\/1994, cu modific\u0103rile \u0219i<br \/>\ncomplet\u0103rile ulterioare, sau \u00eencheiat\/\u00eencheiate dup\u0103 data de 1 octombrie 2011, cu<br \/>\nrespectarea prevederilor Codului civil;<br \/>\n\u2022\u00a0extras de cont \u00een lei pe numele rentierului agricol, deschis la oricare banc\u0103 cu care APIA<br \/>\nare conven\u021bie de lucru pe teritoriul Rom\u00e2niei \u2013 op\u021bional;<\/p>\n<p>\u2022\u00a0declara\u021bia pentru ob\u021binerea vizei anuale, conform modelului prev\u0103zut \u00een anexa la Normele<br \/>\nmetodologice de aplicare a prevederilor titlului XI \u201eRenta viager\u0103 agricol\u0103\u201d din Legea nr.<br \/>\n247\/2005, aprobate prin Ordinul nr. 1.272\/2005.<br \/>\nInforma\u021bii pentru mo\u0219tenitorii rentierilor<br \/>\n\u00cen cazul decesului rentierului, renta viager\u0103 agricol\u0103 aferent\u0103 anului 2025, calculat\u0103 de la<br \/>\n01.01.2025 p\u00e2n\u0103 la data decesului, poate fi \u00eencasat\u0103 de c\u0103tre mo\u0219tenitorul acestuia, cu<br \/>\nrespectarea prevederilor art. 8 din titlul XI \u201eRenta viager\u0103 agricol\u0103\u201d din Legea nr. 247\/2005.<br \/>\nPentru acordarea rentei viagere aferent\u0103 anului 2025, mo\u0219tenitorul trebuie s\u0103 depun\u0103 la oricare<br \/>\nCentru Jude\u021bean APIA, cererea de mo\u0219tenitor, \u00eenso\u021bit\u0103 de documentele justificative prev\u0103zute de<br \/>\nlegisla\u021bia \u00een vigoare, p\u00e2n\u0103 la data de 15 octombrie 2026, inclusiv.<br \/>\nDocumentele necesare sunt:<br \/>\n\u2022\u00a0carnetul de rentier al defunctului, \u00een original;<br \/>\n\u2022\u00a0copie a certificatului de deces;<br \/>\n\u2022\u00a0copie a actului doveditor privind calitatea de mo\u0219tenitor (certificat de mo\u015ftenitor sau<br \/>\ncertificat de calitate de mo\u015ftenitor sau\u00a0\u201dSesizare pentru deschiderea procedurii<br \/>\nsuccesorale\u201d denumit\u0103 Anexa nr. 24 la Ordinul Ministrului Finan\u0163elor Publice \u015fi Ministrului<br \/>\nAdministra\u0163iei \u015fi Internelor nr. 2052\/bis\/1528\/2006 privind aprobarea unor formulare<br \/>\ntipizate pentru stabilirea, constatarea, controlul, \u00eencasarea \u015fi urm\u0103rirea impozitelor \u015fi<br \/>\ntaxelor locale, precum \u015fi a altor venituri ale bugetelor locale (Anexa nr. 24 Model 2006 ITL<br \/>\n024);<br \/>\n\u2022\u00a0copie dup\u0103 BI\/CI\/pa\u015faport al mo\u015ftenitorului;<br \/>\n\u2022\u00a0\u00eemputernicire\/declara\u021bie notarial\u0103 din care s\u0103 rezulte acordul celorlal\u021bi mo\u0219tenitori<br \/>\nprivind solicitarea \u0219i \u00eencasarea rentei viagere agricole datorat\u0103 rentierului, \u00een original;<br \/>\n\u2022\u00a0extras de cont \u00een lei pe numele mo\u0219tenitorului (op\u021bional).<br \/>\nDeoarece carnetul de rentier agricol trebuie depus \u00een original, cererea de mo\u0219tenitor poate fi<br \/>\ndepus\u0103 la sediile Centrelor Jude\u021bene APIA, la Centrul Municipiului Bucure\u0219ti sau poate fi<br \/>\ntransmis\u0103 prin po\u0219t\u0103\/curier.<br \/>\nPlata rentei viagere agricole se efectueaz\u0103 \u00eentr-o singur\u0103 tran\u0219\u0103 anual\u0103, p\u00e2n\u0103 la data de 30<br \/>\nnoiembrie 2026, prin mandat po\u0219tal sau virament bancar, \u00een conformitate cu prevederile legale.<br \/>\nDatele de contact ale Centrelor APIA pot fi consultate pe site-ul institu\u021biei, acces\u00e2nd link-ul:<br \/>\nhttps:\/\/apia.org.ro\/centre-judetene\/.<\/p><\/div>\n<p>[analyse_source url=&#8221;https:\/\/infotulcea.ro\/apia-mai-sunt-doar-9-zile-lucratoare-pentru-vizarea-carnetelor-de-rentier-agricol\/&#8221;]<\/p>\n","protected":false},"excerpt":{"rendered":"<p>[analyse_image type=&#8221;featured&#8221; src=&#8221;https:\/\/infotulcea.ro\/wp-content\/uploads\/2026\/08\/apia-1.pnghttps:\/\/infotulcea.ro\/wp-content\/uploads\/2026\/08\/apia-1.png&#8221;] Home\/Agricultur\u0103\/APIA: Mai sunt doar 9 zile lucr\u0103toare pentru vizarea carnetelor de rentier agricol Agricultur\u0103 APIA: Mai sunt doar 9 zile lucr\u0103toare pentru vizarea carnetelor de rentier agricol Redactia19 august 2026 0 411 2 minutes read \u00a0Agen\u021bia de Pl\u0103\u021bi \u0219i Interven\u021bie pentru Agricultur\u0103 (APIA) reaminte\u0219te c\u0103 termenul-limit\u0103 p\u00e2n\u0103 lacare rentierii agricoli sau \u00eemputernici\u021bii\/mandatarii\/curatorii [&hellip;]<\/p>\n","protected":false},"author":1,"featured_media":0,"comment_status":"open","ping_status":"","sticky":false,"template":"","format":"standard","meta":{"footnotes":""},"categories":[89],"tags":[226,221],"class_list":["post-2107891","post","type-post","status-publish","format-standard","hentry","category-romania","tag-crawlmanager","tag-infotulcea-ro"],"_links":{"self":[{"href":"https:\/\/analyse.optim.biz\/index.php?rest_route=\/wp\/v2\/posts\/2107891","targetHints":{"allow":["GET"]}}],"collection":[{"href":"https:\/\/analyse.optim.biz\/index.php?rest_route=\/wp\/v2\/posts"}],"about":[{"href":"https:\/\/analyse.optim.biz\/index.php?rest_route=\/wp\/v2\/types\/post"}],"author":[{"embeddable":true,"href":"https:\/\/analyse.optim.biz\/index.php?rest_route=\/wp\/v2\/users\/1"}],"replies":[{"embeddable":true,"href":"https:\/\/analyse.optim.biz\/index.php?rest_route=%2Fwp%2Fv2%2Fcomments&post=2107891"}],"version-history":[{"count":0,"href":"https:\/\/analyse.optim.biz\/index.php?rest_route=\/wp\/v2\/posts\/2107891\/revisions"}],"wp:attachment":[{"href":"https:\/\/analyse.optim.biz\/index.php?rest_route=%2Fwp%2Fv2%2Fmedia&parent=2107891"}],"wp:term":[{"taxonomy":"category","embeddable":true,"href":"https:\/\/analyse.optim.biz\/index.php?rest_route=%2Fwp%2Fv2%2Fcategories&post=2107891"},{"taxonomy":"post_tag","embeddable":true,"href":"https:\/\/analyse.optim.biz\/index.php?rest_route=%2Fwp%2Fv2%2Ftags&post=2107891"}],"curies":[{"name":"wp","href":"https:\/\/api.w.org\/{rel}","templated":true}]}}