{"id":2107884,"date":"2026-08-22T05:16:26","date_gmt":"2026-08-22T02:16:26","guid":{"rendered":"https:\/\/analyse.optim.biz\/?p=2107884"},"modified":"2026-08-22T05:16:26","modified_gmt":"2026-08-22T02:16:26","slug":"incendiu-la-institutul-clinic-fundeni-37-de-pacienti-evacuati-de-la-etajul-3","status":"publish","type":"post","link":"https:\/\/analyse.optim.biz\/?p=2107884","title":{"rendered":"Incendiu la Institutul Clinic Fundeni: 37 de pacien\u0163i, evacua\u0163i de la etajul 3"},"content":{"rendered":"<p>[analyse_image type=&#8221;featured&#8221; src=&#8221;https:\/\/renasterea.ro\/ro\/wp-content\/uploads\/2026\/08\/incendiu-fundeni.jpghttps:\/\/renasterea.ro\/ro\/wp-content\/uploads\/2026\/08\/incendiu-fundeni.jpg&#8221;]<\/p>\n<div class=\"entry-content\"><img loading=\"lazy\" decoding=\"async\" width=\"650\" height=\"365\" src=\"https:\/\/renasterea.ro\/ro\/wp-content\/uploads\/2026\/08\/incendiu-fundeni.jpg\" class=\"attachment-medium size-medium wp-post-image\" alt=\"Incendiu la Institutul Clinic Fundeni: 37 de pacien\u0163i, evacua\u0163i de la etajul 3\" title=\"Incendiu la Institutul Clinic Fundeni: 37 de pacien\u0163i, evacua\u0163i de la etajul 3 1\"><\/p>\n<h4>Un incendiu s-a produs, s\u00e2mb\u0103t\u0103 diminea\u021ba, la Institutul Clinic Fundeni din Capital\u0103. 37 de pacien\u021bi au fost evacua\u021bi de la etajul 3 al cl\u0103dirii. Pompierii au intervenit pentru stingerea acestuia, care se manifesta cu degaj\u0103ri de fum.<\/h4>\n<p>Pompierii au intervenit, s\u00e2mb\u0103t\u0103 diminea\u021b\u0103, pentru stingerea unui incendiu produs la Institutul Clinic Fundeni din Bucure\u0219ti.<\/p>\n<p>Potrivit ISU Bucure\u0219ti-Ilfov, incendiul se manifesta \u00een interiorul unui salon cu degaj\u0103ri de fum la nivelul etajului 3.<\/p>\n<p>\u00cen acest sens, 37 de pacien\u021bi au fost evacua\u021bi de pe etajul respectiv.<\/p>\n<p>Pentru interven\u0163ie au fost alertate 15 autospeciale de stingere cu ap\u0103 \u015fi spum\u0103, o autospecial\u0103 de interven\u0163ie \u015fi salvare de la \u00een\u0103l\u0163ime, o autospecial\u0103 de descarcerare, Deta\u015famentul Special de Salvatori \u015fi \u015fase echipaje SMURD.<\/p>\n<h2>CITE\u0218TE \u0218I: <span><a href=\"https:\/\/renasterea.ro\/tragedie-la-sacalaz-incendiu-la-un-complex-de-locuinte-sociale-persoana-scoasa-din-flacari-tavan-prabusit-peste-o-alta-care-a-decedat\/\">Tragedie la S\u0103c\u0103laz. Incendiu la un complex de locuin\u021be sociale, persoan\u0103 scoas\u0103 din fl\u0103c\u0103ri, tavan pr\u0103bu\u0219it peste o alta, care a decedat<\/a><\/span><\/h2>\n<p>ISU Bucure\u0219ti Ilfov anun\u021b\u0103 c\u0103 nu au fost identificate victime.<\/p>\n<p>La momentul redact\u0103rii \u0219tirii, incendiul a fost lichidat \u0219i nu mai sunt probleme deosebite.<\/p>\n<p><em>(sursa:\u00a0<a href=\"https:\/\/mediafax.ro\/\" target=\"_blank\" rel=\"noopener\">Mediafax<\/a>)<\/em><\/p>\n<p><em>Sursa foto: captur\u0103 stirileprotv.ro<\/em><\/p>\n<\/div>\n<p>[analyse_source url=&#8221;https:\/\/renasterea.ro\/incendiu-la-institutul-clinic-fundeni-37-de-pacienti-evacuati-de-la-etajul-3\/&#8221;]<\/p>\n","protected":false},"excerpt":{"rendered":"<p>[analyse_image type=&#8221;featured&#8221; src=&#8221;https:\/\/renasterea.ro\/ro\/wp-content\/uploads\/2026\/08\/incendiu-fundeni.jpghttps:\/\/renasterea.ro\/ro\/wp-content\/uploads\/2026\/08\/incendiu-fundeni.jpg&#8221;] Un incendiu s-a produs, s\u00e2mb\u0103t\u0103 diminea\u021ba, la Institutul Clinic Fundeni din Capital\u0103. 37 de pacien\u021bi au fost evacua\u021bi de la etajul 3 al cl\u0103dirii. Pompierii au intervenit pentru stingerea acestuia, care se manifesta cu degaj\u0103ri de fum. Pompierii au intervenit, s\u00e2mb\u0103t\u0103 diminea\u021b\u0103, pentru stingerea unui incendiu produs la Institutul Clinic Fundeni din [&hellip;]<\/p>\n","protected":false},"author":1,"featured_media":0,"comment_status":"open","ping_status":"","sticky":false,"template":"","format":"standard","meta":{"footnotes":""},"categories":[89],"tags":[226,188],"class_list":["post-2107884","post","type-post","status-publish","format-standard","hentry","category-romania","tag-crawlmanager","tag-renasterea-ro"],"_links":{"self":[{"href":"https:\/\/analyse.optim.biz\/index.php?rest_route=\/wp\/v2\/posts\/2107884","targetHints":{"allow":["GET"]}}],"collection":[{"href":"https:\/\/analyse.optim.biz\/index.php?rest_route=\/wp\/v2\/posts"}],"about":[{"href":"https:\/\/analyse.optim.biz\/index.php?rest_route=\/wp\/v2\/types\/post"}],"author":[{"embeddable":true,"href":"https:\/\/analyse.optim.biz\/index.php?rest_route=\/wp\/v2\/users\/1"}],"replies":[{"embeddable":true,"href":"https:\/\/analyse.optim.biz\/index.php?rest_route=%2Fwp%2Fv2%2Fcomments&post=2107884"}],"version-history":[{"count":0,"href":"https:\/\/analyse.optim.biz\/index.php?rest_route=\/wp\/v2\/posts\/2107884\/revisions"}],"wp:attachment":[{"href":"https:\/\/analyse.optim.biz\/index.php?rest_route=%2Fwp%2Fv2%2Fmedia&parent=2107884"}],"wp:term":[{"taxonomy":"category","embeddable":true,"href":"https:\/\/analyse.optim.biz\/index.php?rest_route=%2Fwp%2Fv2%2Fcategories&post=2107884"},{"taxonomy":"post_tag","embeddable":true,"href":"https:\/\/analyse.optim.biz\/index.php?rest_route=%2Fwp%2Fv2%2Ftags&post=2107884"}],"curies":[{"name":"wp","href":"https:\/\/api.w.org\/{rel}","templated":true}]}}