{"id":2107882,"date":"2026-08-22T04:11:26","date_gmt":"2026-08-22T01:11:26","guid":{"rendered":"https:\/\/analyse.optim.biz\/?p=2107882"},"modified":"2026-08-22T04:11:26","modified_gmt":"2026-08-22T01:11:26","slug":"tragedie-la-sacalaz-incendiu-la-un-complex-de-locuinte-sociale-persoana-scoasa-din-flacari-tavan-prabusit","status":"publish","type":"post","link":"https:\/\/analyse.optim.biz\/?p=2107882","title":{"rendered":"Tragedie la S\u0103c\u0103laz. Incendiu la un complex de locuin\u021be sociale, persoan\u0103 scoas\u0103 din fl\u0103c\u0103ri, tavan pr\u0103bu\u0219it"},"content":{"rendered":"<p>[analyse_image type=&#8221;featured&#8221; src=&#8221;https:\/\/renasterea.ro\/ro\/wp-content\/uploads\/pompieri-noaptea.jpghttps:\/\/renasterea.ro\/ro\/wp-content\/uploads\/pompieri-noaptea.jpg&#8221;]<\/p>\n<div class=\"entry-content\"><img loading=\"lazy\" decoding=\"async\" width=\"650\" height=\"409\" src=\"https:\/\/renasterea.ro\/ro\/wp-content\/uploads\/pompieri-noaptea.jpg\" class=\"attachment-medium size-medium wp-post-image\" alt=\"Tragedie la S\u0103c\u0103laz. Incendiu la un complex de locuin\u021be sociale, persoan\u0103 scoas\u0103 din fl\u0103c\u0103ri, tavan pr\u0103bu\u0219it peste o alta, care a decedat\" title=\"Tragedie la S\u0103c\u0103laz. Incendiu la un complex de locuin\u021be sociale, persoan\u0103 scoas\u0103 din fl\u0103c\u0103ri, tavan pr\u0103bu\u0219it peste o alta, care a decedat 1\"><\/p>\n<h4>\u00cen noaptea de vineri spre s\u00e2mb\u0103t\u0103, \u00een jurul orei 00:25, pompierii timi\u0219eni au fost solicita\u021bi s\u0103 intervin\u0103 pentru stingerea unui incendiu izbucnit la un complex de locuin\u021be sociale (8 apartamente situate \u00eentr-o cl\u0103dire cu un singur nivel) \u00een localitatea S\u0103c\u0103laz.<\/h4>\n<p>La fa\u021ba locului s-au deplasat de urgen\u021b\u0103 4 autospeciale de stingere, o autospecial\u0103 de descarcerare grea, o autoscar\u0103, o autocistern\u0103 de 30000 l de ap\u0103, 2 ambulan\u021be SMURD \u0219i un efectiv de 22 de pompieri.<\/p>\n<p>De asemenea, a intervenit \u0219i o ambulan\u021b\u0103 SAJ cu medic, precum \u0219i un echipaj de poli\u021bie.<\/p>\n<p>La sosirea echipajelor de urgen\u021b\u0103 la locul interven\u021biei, s-a constatat c\u0103 incendiul se manifesta la acoperi\u0219ul imobilului, pe o suprafa\u021b\u0103 de aproximativ 400 mp.<\/p>\n<p>O persoan\u0103 surprins\u0103 de incendiu a fost preluat\u0103 de un echipaj medical \u0219i transportat\u0103 la spital. Victima de sex masculin prezenta arsuri la nivelul membrelor superioare \u0219i inferioare.<\/p>\n<p>Din informa\u021biile primite de la martori, o a doua persoan\u0103 ar fi intrat \u00een interiorul unui apartament \u0219i ar fi fost surprins\u0103 de un tavan pr\u0103bu\u0219it.<\/p>\n<p>\u00cen urma cercet\u0103rilor, victima a fost identificat\u0103, din nefericire aceasta prezint\u0103 leziuni incompatibile cu via\u021ba. Se lucreaz\u0103 pentru extragerea victimei.<\/p>\n<p>Incendiul a fost localizat. Se lucreaz\u0103 pentru lichidare \u0219i \u00eenl\u0103turarea efectelor negative.<\/p>\n<p>Din imobil s-au autoevacuat 17 persoane.<\/p>\n<\/div>\n<p>[analyse_source url=&#8221;https:\/\/renasterea.ro\/tragedie-la-sacalaz-incendiu-la-un-complex-de-locuinte-sociale-persoana-scoasa-din-flacari-tavan-prabusit-peste-o-alta-care-a-decedat\/&#8221;]<\/p>\n","protected":false},"excerpt":{"rendered":"<p>[analyse_image type=&#8221;featured&#8221; src=&#8221;https:\/\/renasterea.ro\/ro\/wp-content\/uploads\/pompieri-noaptea.jpghttps:\/\/renasterea.ro\/ro\/wp-content\/uploads\/pompieri-noaptea.jpg&#8221;] \u00cen noaptea de vineri spre s\u00e2mb\u0103t\u0103, \u00een jurul orei 00:25, pompierii timi\u0219eni au fost solicita\u021bi s\u0103 intervin\u0103 pentru stingerea unui incendiu izbucnit la un complex de locuin\u021be sociale (8 apartamente situate \u00eentr-o cl\u0103dire cu un singur nivel) \u00een localitatea S\u0103c\u0103laz. La fa\u021ba locului s-au deplasat de urgen\u021b\u0103 4 autospeciale de stingere, o [&hellip;]<\/p>\n","protected":false},"author":1,"featured_media":0,"comment_status":"open","ping_status":"","sticky":false,"template":"","format":"standard","meta":{"footnotes":""},"categories":[89],"tags":[226,188],"class_list":["post-2107882","post","type-post","status-publish","format-standard","hentry","category-romania","tag-crawlmanager","tag-renasterea-ro"],"_links":{"self":[{"href":"https:\/\/analyse.optim.biz\/index.php?rest_route=\/wp\/v2\/posts\/2107882","targetHints":{"allow":["GET"]}}],"collection":[{"href":"https:\/\/analyse.optim.biz\/index.php?rest_route=\/wp\/v2\/posts"}],"about":[{"href":"https:\/\/analyse.optim.biz\/index.php?rest_route=\/wp\/v2\/types\/post"}],"author":[{"embeddable":true,"href":"https:\/\/analyse.optim.biz\/index.php?rest_route=\/wp\/v2\/users\/1"}],"replies":[{"embeddable":true,"href":"https:\/\/analyse.optim.biz\/index.php?rest_route=%2Fwp%2Fv2%2Fcomments&post=2107882"}],"version-history":[{"count":0,"href":"https:\/\/analyse.optim.biz\/index.php?rest_route=\/wp\/v2\/posts\/2107882\/revisions"}],"wp:attachment":[{"href":"https:\/\/analyse.optim.biz\/index.php?rest_route=%2Fwp%2Fv2%2Fmedia&parent=2107882"}],"wp:term":[{"taxonomy":"category","embeddable":true,"href":"https:\/\/analyse.optim.biz\/index.php?rest_route=%2Fwp%2Fv2%2Fcategories&post=2107882"},{"taxonomy":"post_tag","embeddable":true,"href":"https:\/\/analyse.optim.biz\/index.php?rest_route=%2Fwp%2Fv2%2Ftags&post=2107882"}],"curies":[{"name":"wp","href":"https:\/\/api.w.org\/{rel}","templated":true}]}}